{"id":190108,"date":"2024-05-19T13:15:05","date_gmt":"2024-05-19T20:15:05","guid":{"rendered":"https:\/\/www.sonoraenequipo.com.mx\/?p=190108"},"modified":"2024-05-19T17:07:35","modified_gmt":"2024-05-20T00:07:35","slug":"los-partidos-del-pri-pan-y-prd-cierran-campana-de-xochitl-galvez-en-el-zocalo","status":"publish","type":"post","link":"https:\/\/www.sonoraenequipo.com.mx\/los-partidos-del-pri-pan-y-prd-cierran-campana-de-xochitl-galvez-en-el-zocalo\/","title":{"rendered":"Los partidos del PRI, PAN y PRD cierran campa\u00f1a de Xochitl G\u00e1lvez en el Z\u00f3calo"},"content":{"rendered":"<p><strong>CIUDAD DE M\u00c9XICO. MX. \u2014<\/strong> La concentraci\u00f3n de la \u00abMarea rosa\u00bb lleg\u00f3 al Z\u00f3calo capitalino este domingo 19 de mayo, solo unas horas antes del tercer y \u00faltimo debate presidencial. Se trata de la cuarta movilizaci\u00f3n convocada en Ciudad de M\u00e9xico por los partidos del PAN, PRD y el PRI.<\/p>\n<p>&nbsp;<\/p>\n<p> <\/p>\n<p>Con un llamado a \u201cdefender la vida, la verdad y la libertad\u201d, desde el Z\u00f3calo, la candidata de la coalici\u00f3n \u00abFuerza y Coraz\u00f3n por M\u00e9xico\u00bb, X\u00f3chitl G\u00e1lvez, convoc\u00f3 a ciudadanos militantes del PRI, PAN y PRD a defender la democracia y la Rep\u00fablica el pr\u00f3ximo 2 de junio.<\/p>\n<p>&nbsp;<\/p>\n<p>&nbsp;<\/p>\n<p>\u201cNos jugamos si los siguientes a\u00f1os ser\u00e1n de opresi\u00f3n o de libertad\u201d, se\u00f1al\u00f3.\u00a0G\u00e1lvez Ruiz estuvo acompa\u00f1ada en el templete por el candidato de la coalici\u00f3n a jefe de Gobierno de la capital, Santiago Taboada, quien afirm\u00f3 que ve una ciudad <em><strong>\u201csometida por la extorsi\u00f3n y que pide un cambio\u201d.<\/strong><\/em><\/p>\n<p>&nbsp;<\/p>\n<p>&nbsp;<\/p>\n<p>Abajo, en la zona reservada para las c\u00fapulas de los tres partidos convivieron<strong> Alito Moreno, Marko Cort\u00e9s y Jes\u00fas Zambrano<\/strong>, <strong>as\u00ed como<\/strong> los diputados y senadores, entre otros <strong>Josefina V\u00e1zquez Mota, Margarita Zavala y Julen Rementer\u00eda.<\/strong><\/p>\n<p>&nbsp;<\/p>\n<p>De acuerdo con la Secretar\u00eda de Seguridad Ciudadana (SSC) de Ciudad de M\u00e9xico, se registraron m\u00e1s de 95 mil asistentes en el Z\u00f3calo. No ha habido heridos ni altercados relevantes, de acuerdo con el organismo, que ha se\u00f1alado que la protesta ha tenido \u201csaldo blanco\u201d.<\/p>\n<p>&nbsp;<\/p>\n<p>&nbsp;<\/p>\n<p>PUBLICADO EL 19 DE MAYO DE 2024 Con informaci\u00f3n de EE)<\/p>\n","protected":false},"excerpt":{"rendered":"<p>CIUDAD DE M\u00c9XICO. MX. \u2014 La concentraci\u00f3n de la \u00abMarea rosa\u00bb lleg\u00f3 al Z\u00f3calo capitalino&#8230;<\/p>\n","protected":false},"author":1,"featured_media":190063,"comment_status":"open","ping_status":"open","sticky":false,"template":"","format":"standard","meta":{"_monsterinsights_skip_tracking":false,"_monsterinsights_sitenote_active":false,"_monsterinsights_sitenote_note":"","_monsterinsights_sitenote_category":0,"footnotes":""},"categories":[5],"tags":[],"class_list":["post"],"yoast_head":" \n<title>Sonora en Equipo. Los partidos del PRI, PAN y PRD cierran campa\u00f1a de Xochitl G\u00e1lvez en el Z\u00f3calo Rep\u00fablica<\/title>\n<meta name=\"description\" content=\"CIUDAD DE M\u00c9XICO. MX. \u2014 La concentraci\u00f3n de la &quot;Marea rosa&quot; lleg\u00f3 al Z\u00f3calo capitalino este domingo 19 de mayo, solo unas horas antes del tercer y \u00faltimo En Sonora en Equipo publicamos toda la informaci\u00f3n de Sonora, M\u00e9xico y el Mundo de manera oportuna y busca que la libertad de expresi\u00f3n sea real. Visita nuestro medio informativo publicado desde Hermosillo, Sonora. %\" \/>\n<meta name=\"robots\" content=\"index, follow, max-snippet:-1, max-image-preview:large, max-video-preview:-1\" \/>\n<link rel=\"canonical\" href=\"https:\/\/www.sonoraenequipo.com.mx\/los-partidos-del-pri-pan-y-prd-cierran-campana-de-xochitl-galvez-en-el-zocalo\/\" \/>\n<meta property=\"og:locale\" content=\"es_ES\" \/>\n<meta property=\"og:type\" content=\"article\" \/>\n<meta property=\"og:title\" content=\"Sonora en Equipo. Los partidos del PRI, PAN y PRD cierran campa\u00f1a de Xochitl G\u00e1lvez en el Z\u00f3calo Rep\u00fablica\" \/>\n<meta property=\"og:description\" content=\"CIUDAD DE M\u00c9XICO. MX. \u2014 La concentraci\u00f3n de la &quot;Marea rosa&quot; lleg\u00f3 al Z\u00f3calo capitalino este domingo 19 de mayo, solo unas horas antes del tercer y \u00faltimo En Sonora en Equipo publicamos toda la informaci\u00f3n de Sonora, M\u00e9xico y el Mundo de manera oportuna y busca que la libertad de expresi\u00f3n sea real. Visita nuestro medio informativo publicado desde Hermosillo, Sonora. %\" \/>\n<meta property=\"og:url\" content=\"https:\/\/www.sonoraenequipo.com.mx\/los-partidos-del-pri-pan-y-prd-cierran-campana-de-xochitl-galvez-en-el-zocalo\/\" \/>\n<meta property=\"og:site_name\" content=\"Sonora en Equipo.\" \/>\n<meta property=\"article:publisher\" content=\"https:\/\/www.facebook.com\/SonoraEE\/\" \/>\n<meta property=\"article:author\" content=\"https:\/\/www.facebook.com\/SonoraEE\" \/>\n<meta property=\"article:published_time\" content=\"2024-05-19T20:15:05+00:00\" \/>\n<meta property=\"article:modified_time\" content=\"2024-05-20T00:07:35+00:00\" \/>\n<meta property=\"og:image\" content=\"https:\/\/www.sonoraenequipo.com.mx\/storage\/2024\/05\/marea-rosa.jpg\" \/>\n\t<meta property=\"og:image:width\" content=\"800\" \/>\n\t<meta property=\"og:image:height\" content=\"413\" \/>\n\t<meta property=\"og:image:type\" content=\"image\/jpeg\" \/>\n<meta name=\"author\" content=\"enequipo\" \/>\n<meta name=\"twitter:card\" content=\"summary_large_image\" \/>\n<meta name=\"twitter:creator\" content=\"@sonoraenequipo\" \/>\n<meta name=\"twitter:site\" content=\"@sonoraenequipo\" \/>\n<meta name=\"twitter:label1\" content=\"Escrito por\" \/>\n\t<meta name=\"twitter:data1\" content=\"enequipo\" \/>\n\t<meta name=\"twitter:label2\" content=\"Tiempo de lectura\" \/>\n\t<meta name=\"twitter:data2\" content=\"1 minuto\" \/>\n<script type=\"application\/ld+json\" class=\"yoast-schema-graph\">{\"@context\":\"https:\/\/schema.org\",\"@graph\":[{\"@type\":\"Article\",\"@id\":\"https:\/\/www.sonoraenequipo.com.mx\/los-partidos-del-pri-pan-y-prd-cierran-campana-de-xochitl-galvez-en-el-zocalo\/#article\",\"isPartOf\":{\"@id\":\"https:\/\/www.sonoraenequipo.com.mx\/los-partidos-del-pri-pan-y-prd-cierran-campana-de-xochitl-galvez-en-el-zocalo\/\"},\"author\":{\"name\":\"enequipo\",\"@id\":\"https:\/\/www.sonoraenequipo.com.mx\/#\/schema\/person\/50102df0fb23a8fa9e8effad8fa81386\"},\"headline\":\"Los partidos del PRI, PAN y PRD cierran campa\u00f1a de Xochitl G\u00e1lvez en el Z\u00f3calo\",\"datePublished\":\"2024-05-19T20:15:05+00:00\",\"dateModified\":\"2024-05-20T00:07:35+00:00\",\"mainEntityOfPage\":{\"@id\":\"https:\/\/www.sonoraenequipo.com.mx\/los-partidos-del-pri-pan-y-prd-cierran-campana-de-xochitl-galvez-en-el-zocalo\/\"},\"wordCount\":292,\"commentCount\":0,\"publisher\":{\"@id\":\"https:\/\/www.sonoraenequipo.com.mx\/#organization\"},\"image\":{\"@id\":\"https:\/\/www.sonoraenequipo.com.mx\/los-partidos-del-pri-pan-y-prd-cierran-campana-de-xochitl-galvez-en-el-zocalo\/#primaryimage\"},\"thumbnailUrl\":\"https:\/\/www.sonoraenequipo.com.mx\/storage\/2024\/05\/marea-rosa.jpg\",\"articleSection\":[\"Rep\u00fablica\"],\"inLanguage\":\"es\",\"potentialAction\":[{\"@type\":\"CommentAction\",\"name\":\"Comment\",\"target\":[\"https:\/\/www.sonoraenequipo.com.mx\/los-partidos-del-pri-pan-y-prd-cierran-campana-de-xochitl-galvez-en-el-zocalo\/#respond\"]}]},{\"@type\":\"WebPage\",\"@id\":\"https:\/\/www.sonoraenequipo.com.mx\/los-partidos-del-pri-pan-y-prd-cierran-campana-de-xochitl-galvez-en-el-zocalo\/\",\"url\":\"https:\/\/www.sonoraenequipo.com.mx\/los-partidos-del-pri-pan-y-prd-cierran-campana-de-xochitl-galvez-en-el-zocalo\/\",\"name\":\"Sonora en Equipo. Los partidos del PRI, PAN y PRD cierran campa\u00f1a de Xochitl G\u00e1lvez en el Z\u00f3calo Rep\u00fablica\",\"isPartOf\":{\"@id\":\"https:\/\/www.sonoraenequipo.com.mx\/#website\"},\"primaryImageOfPage\":{\"@id\":\"https:\/\/www.sonoraenequipo.com.mx\/los-partidos-del-pri-pan-y-prd-cierran-campana-de-xochitl-galvez-en-el-zocalo\/#primaryimage\"},\"image\":{\"@id\":\"https:\/\/www.sonoraenequipo.com.mx\/los-partidos-del-pri-pan-y-prd-cierran-campana-de-xochitl-galvez-en-el-zocalo\/#primaryimage\"},\"thumbnailUrl\":\"https:\/\/www.sonoraenequipo.com.mx\/storage\/2024\/05\/marea-rosa.jpg\",\"datePublished\":\"2024-05-19T20:15:05+00:00\",\"dateModified\":\"2024-05-20T00:07:35+00:00\",\"description\":\"CIUDAD DE M\u00c9XICO. MX. \u2014 La concentraci\u00f3n de la \\\"Marea rosa\\\" lleg\u00f3 al Z\u00f3calo capitalino este domingo 19 de mayo, solo unas horas antes del tercer y \u00faltimo En Sonora en Equipo publicamos toda la informaci\u00f3n de Sonora, M\u00e9xico y el Mundo de manera oportuna y busca que la libertad de expresi\u00f3n sea real. Visita nuestro medio informativo publicado desde Hermosillo, Sonora. %\",\"breadcrumb\":{\"@id\":\"https:\/\/www.sonoraenequipo.com.mx\/los-partidos-del-pri-pan-y-prd-cierran-campana-de-xochitl-galvez-en-el-zocalo\/#breadcrumb\"},\"inLanguage\":\"es\",\"potentialAction\":[{\"@type\":\"ReadAction\",\"target\":[\"https:\/\/www.sonoraenequipo.com.mx\/los-partidos-del-pri-pan-y-prd-cierran-campana-de-xochitl-galvez-en-el-zocalo\/\"]}]},{\"@type\":\"ImageObject\",\"inLanguage\":\"es\",\"@id\":\"https:\/\/www.sonoraenequipo.com.mx\/los-partidos-del-pri-pan-y-prd-cierran-campana-de-xochitl-galvez-en-el-zocalo\/#primaryimage\",\"url\":\"https:\/\/www.sonoraenequipo.com.mx\/storage\/2024\/05\/marea-rosa.jpg\",\"contentUrl\":\"https:\/\/www.sonoraenequipo.com.mx\/storage\/2024\/05\/marea-rosa.jpg\",\"width\":800,\"height\":413,\"caption\":\"Imagen captura de video\"},{\"@type\":\"BreadcrumbList\",\"@id\":\"https:\/\/www.sonoraenequipo.com.mx\/los-partidos-del-pri-pan-y-prd-cierran-campana-de-xochitl-galvez-en-el-zocalo\/#breadcrumb\",\"itemListElement\":[{\"@type\":\"ListItem\",\"position\":1,\"name\":\"Portada\",\"item\":\"https:\/\/www.sonoraenequipo.com.mx\/\"},{\"@type\":\"ListItem\",\"position\":2,\"name\":\"Los partidos del PRI, PAN y PRD cierran campa\u00f1a de Xochitl G\u00e1lvez en el Z\u00f3calo\"}]},{\"@type\":\"WebSite\",\"@id\":\"https:\/\/www.sonoraenequipo.com.mx\/#website\",\"url\":\"https:\/\/www.sonoraenequipo.com.mx\/\",\"name\":\"Sonora en Equipo.\",\"description\":\"Diario en l\u00ednea con Noticias desde Hermosillo, Sonora\",\"publisher\":{\"@id\":\"https:\/\/www.sonoraenequipo.com.mx\/#organization\"},\"potentialAction\":[{\"@type\":\"SearchAction\",\"target\":{\"@type\":\"EntryPoint\",\"urlTemplate\":\"https:\/\/www.sonoraenequipo.com.mx\/?s={search_term_string}\"},\"query-input\":{\"@type\":\"PropertyValueSpecification\",\"valueRequired\":true,\"valueName\":\"search_term_string\"}}],\"inLanguage\":\"es\"},{\"@type\":\"Organization\",\"@id\":\"https:\/\/www.sonoraenequipo.com.mx\/#organization\",\"name\":\"Sonoraenequipo.com.mx\",\"url\":\"https:\/\/www.sonoraenequipo.com.mx\/\",\"logo\":{\"@type\":\"ImageObject\",\"inLanguage\":\"es\",\"@id\":\"https:\/\/www.sonoraenequipo.com.mx\/#\/schema\/logo\/image\/\",\"url\":\"https:\/\/www.sonoraenequipo.com.mx\/storage\/2019\/01\/sonoraenequipo_opt.png\",\"contentUrl\":\"https:\/\/www.sonoraenequipo.com.mx\/storage\/2019\/01\/sonoraenequipo_opt.png\",\"width\":375,\"height\":125,\"caption\":\"Sonoraenequipo.com.mx\"},\"image\":{\"@id\":\"https:\/\/www.sonoraenequipo.com.mx\/#\/schema\/logo\/image\/\"},\"sameAs\":[\"https:\/\/www.facebook.com\/SonoraEE\/\",\"https:\/\/x.com\/sonoraenequipo\",\"https:\/\/www.youtube.com\/channel\/UC338nW-lPEYmJQs4ZABQ1SQ\"]},{\"@type\":\"Person\",\"@id\":\"https:\/\/www.sonoraenequipo.com.mx\/#\/schema\/person\/50102df0fb23a8fa9e8effad8fa81386\",\"name\":\"enequipo\",\"image\":{\"@type\":\"ImageObject\",\"inLanguage\":\"es\",\"@id\":\"https:\/\/www.sonoraenequipo.com.mx\/#\/schema\/person\/image\/\",\"url\":\"https:\/\/secure.gravatar.com\/avatar\/049821681b589dabc0bc20695993ccebb09f5b5d4d790cd9251b97faac7c652b?s=96&d=blank&r=g\",\"contentUrl\":\"https:\/\/secure.gravatar.com\/avatar\/049821681b589dabc0bc20695993ccebb09f5b5d4d790cd9251b97faac7c652b?s=96&d=blank&r=g\",\"caption\":\"enequipo\"},\"sameAs\":[\"https:\/\/www.facebook.com\/SonoraEE\"]}]}<\/script>\n ","yoast_head_json":{"title":"Sonora en Equipo. Los partidos del PRI, PAN y PRD cierran campa\u00f1a de Xochitl G\u00e1lvez en el Z\u00f3calo Rep\u00fablica","description":"CIUDAD DE M\u00c9XICO. MX. \u2014 La concentraci\u00f3n de la \"Marea rosa\" lleg\u00f3 al Z\u00f3calo capitalino este domingo 19 de mayo, solo unas horas antes del tercer y \u00faltimo En Sonora en Equipo publicamos toda la informaci\u00f3n de Sonora, M\u00e9xico y el Mundo de manera oportuna y busca que la libertad de expresi\u00f3n sea real. Visita nuestro medio informativo publicado desde Hermosillo, Sonora. %","robots":{"index":"index","follow":"follow","max-snippet":"max-snippet:-1","max-image-preview":"max-image-preview:large","max-video-preview":"max-video-preview:-1"},"canonical":"https:\/\/www.sonoraenequipo.com.mx\/los-partidos-del-pri-pan-y-prd-cierran-campana-de-xochitl-galvez-en-el-zocalo\/","og_locale":"es_ES","og_type":"article","og_title":"Sonora en Equipo. Los partidos del PRI, PAN y PRD cierran campa\u00f1a de Xochitl G\u00e1lvez en el Z\u00f3calo Rep\u00fablica","og_description":"CIUDAD DE M\u00c9XICO. MX. \u2014 La concentraci\u00f3n de la \"Marea rosa\" lleg\u00f3 al Z\u00f3calo capitalino este domingo 19 de mayo, solo unas horas antes del tercer y \u00faltimo En Sonora en Equipo publicamos toda la informaci\u00f3n de Sonora, M\u00e9xico y el Mundo de manera oportuna y busca que la libertad de expresi\u00f3n sea real. Visita nuestro medio informativo publicado desde Hermosillo, Sonora. %","og_url":"https:\/\/www.sonoraenequipo.com.mx\/los-partidos-del-pri-pan-y-prd-cierran-campana-de-xochitl-galvez-en-el-zocalo\/","og_site_name":"Sonora en Equipo.","article_publisher":"https:\/\/www.facebook.com\/SonoraEE\/","article_author":"https:\/\/www.facebook.com\/SonoraEE","article_published_time":"2024-05-19T20:15:05+00:00","article_modified_time":"2024-05-20T00:07:35+00:00","og_image":[{"width":800,"height":413,"url":"https:\/\/www.sonoraenequipo.com.mx\/storage\/2024\/05\/marea-rosa.jpg","type":"image\/jpeg"}],"author":"enequipo","twitter_card":"summary_large_image","twitter_creator":"@sonoraenequipo","twitter_site":"@sonoraenequipo","twitter_misc":{"Escrito por":"enequipo","Tiempo de lectura":"1 minuto"},"schema":{"@context":"https:\/\/schema.org","@graph":[{"@type":"Article","@id":"https:\/\/www.sonoraenequipo.com.mx\/los-partidos-del-pri-pan-y-prd-cierran-campana-de-xochitl-galvez-en-el-zocalo\/#article","isPartOf":{"@id":"https:\/\/www.sonoraenequipo.com.mx\/los-partidos-del-pri-pan-y-prd-cierran-campana-de-xochitl-galvez-en-el-zocalo\/"},"author":{"name":"enequipo","@id":"https:\/\/www.sonoraenequipo.com.mx\/#\/schema\/person\/50102df0fb23a8fa9e8effad8fa81386"},"headline":"Los partidos del PRI, PAN y PRD cierran campa\u00f1a de Xochitl G\u00e1lvez en el Z\u00f3calo","datePublished":"2024-05-19T20:15:05+00:00","dateModified":"2024-05-20T00:07:35+00:00","mainEntityOfPage":{"@id":"https:\/\/www.sonoraenequipo.com.mx\/los-partidos-del-pri-pan-y-prd-cierran-campana-de-xochitl-galvez-en-el-zocalo\/"},"wordCount":292,"commentCount":0,"publisher":{"@id":"https:\/\/www.sonoraenequipo.com.mx\/#organization"},"image":{"@id":"https:\/\/www.sonoraenequipo.com.mx\/los-partidos-del-pri-pan-y-prd-cierran-campana-de-xochitl-galvez-en-el-zocalo\/#primaryimage"},"thumbnailUrl":"https:\/\/www.sonoraenequipo.com.mx\/storage\/2024\/05\/marea-rosa.jpg","articleSection":["Rep\u00fablica"],"inLanguage":"es","potentialAction":[{"@type":"CommentAction","name":"Comment","target":["https:\/\/www.sonoraenequipo.com.mx\/los-partidos-del-pri-pan-y-prd-cierran-campana-de-xochitl-galvez-en-el-zocalo\/#respond"]}]},{"@type":"WebPage","@id":"https:\/\/www.sonoraenequipo.com.mx\/los-partidos-del-pri-pan-y-prd-cierran-campana-de-xochitl-galvez-en-el-zocalo\/","url":"https:\/\/www.sonoraenequipo.com.mx\/los-partidos-del-pri-pan-y-prd-cierran-campana-de-xochitl-galvez-en-el-zocalo\/","name":"Sonora en Equipo. Los partidos del PRI, PAN y PRD cierran campa\u00f1a de Xochitl G\u00e1lvez en el Z\u00f3calo Rep\u00fablica","isPartOf":{"@id":"https:\/\/www.sonoraenequipo.com.mx\/#website"},"primaryImageOfPage":{"@id":"https:\/\/www.sonoraenequipo.com.mx\/los-partidos-del-pri-pan-y-prd-cierran-campana-de-xochitl-galvez-en-el-zocalo\/#primaryimage"},"image":{"@id":"https:\/\/www.sonoraenequipo.com.mx\/los-partidos-del-pri-pan-y-prd-cierran-campana-de-xochitl-galvez-en-el-zocalo\/#primaryimage"},"thumbnailUrl":"https:\/\/www.sonoraenequipo.com.mx\/storage\/2024\/05\/marea-rosa.jpg","datePublished":"2024-05-19T20:15:05+00:00","dateModified":"2024-05-20T00:07:35+00:00","description":"CIUDAD DE M\u00c9XICO. MX. \u2014 La concentraci\u00f3n de la \"Marea rosa\" lleg\u00f3 al Z\u00f3calo capitalino este domingo 19 de mayo, solo unas horas antes del tercer y \u00faltimo En Sonora en Equipo publicamos toda la informaci\u00f3n de Sonora, M\u00e9xico y el Mundo de manera oportuna y busca que la libertad de expresi\u00f3n sea real. Visita nuestro medio informativo publicado desde Hermosillo, Sonora. %","breadcrumb":{"@id":"https:\/\/www.sonoraenequipo.com.mx\/los-partidos-del-pri-pan-y-prd-cierran-campana-de-xochitl-galvez-en-el-zocalo\/#breadcrumb"},"inLanguage":"es","potentialAction":[{"@type":"ReadAction","target":["https:\/\/www.sonoraenequipo.com.mx\/los-partidos-del-pri-pan-y-prd-cierran-campana-de-xochitl-galvez-en-el-zocalo\/"]}]},{"@type":"ImageObject","inLanguage":"es","@id":"https:\/\/www.sonoraenequipo.com.mx\/los-partidos-del-pri-pan-y-prd-cierran-campana-de-xochitl-galvez-en-el-zocalo\/#primaryimage","url":"https:\/\/www.sonoraenequipo.com.mx\/storage\/2024\/05\/marea-rosa.jpg","contentUrl":"https:\/\/www.sonoraenequipo.com.mx\/storage\/2024\/05\/marea-rosa.jpg","width":800,"height":413,"caption":"Imagen captura de video"},{"@type":"BreadcrumbList","@id":"https:\/\/www.sonoraenequipo.com.mx\/los-partidos-del-pri-pan-y-prd-cierran-campana-de-xochitl-galvez-en-el-zocalo\/#breadcrumb","itemListElement":[{"@type":"ListItem","position":1,"name":"Portada","item":"https:\/\/www.sonoraenequipo.com.mx\/"},{"@type":"ListItem","position":2,"name":"Los partidos del PRI, PAN y PRD cierran campa\u00f1a de Xochitl G\u00e1lvez en el Z\u00f3calo"}]},{"@type":"WebSite","@id":"https:\/\/www.sonoraenequipo.com.mx\/#website","url":"https:\/\/www.sonoraenequipo.com.mx\/","name":"Sonora en Equipo.","description":"Diario en l\u00ednea con Noticias desde Hermosillo, Sonora","publisher":{"@id":"https:\/\/www.sonoraenequipo.com.mx\/#organization"},"potentialAction":[{"@type":"SearchAction","target":{"@type":"EntryPoint","urlTemplate":"https:\/\/www.sonoraenequipo.com.mx\/?s={search_term_string}"},"query-input":{"@type":"PropertyValueSpecification","valueRequired":true,"valueName":"search_term_string"}}],"inLanguage":"es"},{"@type":"Organization","@id":"https:\/\/www.sonoraenequipo.com.mx\/#organization","name":"Sonoraenequipo.com.mx","url":"https:\/\/www.sonoraenequipo.com.mx\/","logo":{"@type":"ImageObject","inLanguage":"es","@id":"https:\/\/www.sonoraenequipo.com.mx\/#\/schema\/logo\/image\/","url":"https:\/\/www.sonoraenequipo.com.mx\/storage\/2019\/01\/sonoraenequipo_opt.png","contentUrl":"https:\/\/www.sonoraenequipo.com.mx\/storage\/2019\/01\/sonoraenequipo_opt.png","width":375,"height":125,"caption":"Sonoraenequipo.com.mx"},"image":{"@id":"https:\/\/www.sonoraenequipo.com.mx\/#\/schema\/logo\/image\/"},"sameAs":["https:\/\/www.facebook.com\/SonoraEE\/","https:\/\/x.com\/sonoraenequipo","https:\/\/www.youtube.com\/channel\/UC338nW-lPEYmJQs4ZABQ1SQ"]},{"@type":"Person","@id":"https:\/\/www.sonoraenequipo.com.mx\/#\/schema\/person\/50102df0fb23a8fa9e8effad8fa81386","name":"enequipo","image":{"@type":"ImageObject","inLanguage":"es","@id":"https:\/\/www.sonoraenequipo.com.mx\/#\/schema\/person\/image\/","url":"https:\/\/secure.gravatar.com\/avatar\/049821681b589dabc0bc20695993ccebb09f5b5d4d790cd9251b97faac7c652b?s=96&d=blank&r=g","contentUrl":"https:\/\/secure.gravatar.com\/avatar\/049821681b589dabc0bc20695993ccebb09f5b5d4d790cd9251b97faac7c652b?s=96&d=blank&r=g","caption":"enequipo"},"sameAs":["https:\/\/www.facebook.com\/SonoraEE"]}]}},"jetpack_featured_media_url":"https:\/\/www.sonoraenequipo.com.mx\/storage\/2024\/05\/marea-rosa.jpg","_links":{"self":[{"href":"https:\/\/www.sonoraenequipo.com.mx\/api\/wp\/v2\/posts\/190108","targetHints":{"allow":["GET"]}}],"collection":[{"href":"https:\/\/www.sonoraenequipo.com.mx\/api\/wp\/v2\/posts"}],"about":[{"href":"https:\/\/www.sonoraenequipo.com.mx\/api\/wp\/v2\/types\/post"}],"author":[{"embeddable":true,"href":"https:\/\/www.sonoraenequipo.com.mx\/api\/wp\/v2\/users\/1"}],"replies":[{"embeddable":true,"href":"https:\/\/www.sonoraenequipo.com.mx\/api\/wp\/v2\/comments?post=190108"}],"version-history":[{"count":1,"href":"https:\/\/www.sonoraenequipo.com.mx\/api\/wp\/v2\/posts\/190108\/revisions"}],"predecessor-version":[{"id":190109,"href":"https:\/\/www.sonoraenequipo.com.mx\/api\/wp\/v2\/posts\/190108\/revisions\/190109"}],"wp:featuredmedia":[{"embeddable":true,"href":"https:\/\/www.sonoraenequipo.com.mx\/api\/wp\/v2\/media\/190063"}],"wp:attachment":[{"href":"https:\/\/www.sonoraenequipo.com.mx\/api\/wp\/v2\/media?parent=190108"}],"wp:term":[{"taxonomy":"category","embeddable":true,"href":"https:\/\/www.sonoraenequipo.com.mx\/api\/wp\/v2\/categories?post=190108"},{"taxonomy":"post_tag","embeddable":true,"href":"https:\/\/www.sonoraenequipo.com.mx\/api\/wp\/v2\/tags?post=190108"}],"curies":[{"name":"wp","href":"https:\/\/api.w.org\/{rel}","templated":true}]}}