{"id":190234,"date":"2024-05-21T11:38:54","date_gmt":"2024-05-21T18:38:54","guid":{"rendered":"https:\/\/www.sonoraenequipo.com.mx\/?p=190234"},"modified":"2024-05-21T11:38:54","modified_gmt":"2024-05-21T18:38:54","slug":"llaman-a-jovenes-cajemenses-a-tramitar-precartilla-militar","status":"publish","type":"post","link":"https:\/\/www.sonoraenequipo.com.mx\/llaman-a-jovenes-cajemenses-a-tramitar-precartilla-militar\/","title":{"rendered":"Llaman a j\u00f3venes cajemenses a tramitar precartilla militar"},"content":{"rendered":"<p><strong>CAJEME, SONORA, MX.\u02d7\u02d7\u02d7 <\/strong>La Junta Municipal de Reclutamiento informa a las y los j\u00f3venes interesados en la realizaci\u00f3n del tr\u00e1mite para la Cartilla del Servicio Militar, clase 2006, remisos y mujeres voluntarias, mismo que se llevar\u00e1 a cabo como fecha l\u00edmite hasta el mes de septiembre del presente a\u00f1o.<\/p>\n<p>&nbsp;<\/p>\n<p>El tr\u00e1mite se realiza en las oficinas de la JMR situadas en el exterior del edificio de la Secretar\u00eda de Seguridad P\u00fablica Municipal, en calle 300 entre Paseo Miravalle y Jalisco, en un horario de 08:00 de la ma\u00f1ana hasta las 15:00 horas.<\/p>\n<p>&nbsp;<\/p>\n<p>Las y los interesados deber\u00e1n acudir con la documentaci\u00f3n de acta de nacimiento, constancia de estudio o certificado original, comprobante de domicilio reciente y CURP en formato nuevo.<\/p>\n<p>&nbsp;<\/p>\n<p>Asimismo, deber\u00e1n de presentar 4 fotograf\u00edas no instant\u00e1neas de estudio en tama\u00f1o credencial y en papel mate a color con camisa blanca de vestir, utilizando cabello corto y sin copete, as\u00ed como con la frente totalmente descubierta, sin aretes, piercing, collares, barba o bigote.<\/p>\n<p>&nbsp;<\/p>\n<p>Las mujeres que deseen realizar su tr\u00e1mite podr\u00e1n acudir de forma directa a las oficinas del 60 Batall\u00f3n para la modalidad de forma voluntaria, acudiendo con su INE, fotograf\u00edas de tama\u00f1o infantil a color de estudio, con blusa blanca, cabello recogido, sin aretes, cadenas y sin maquillaje.<\/p>\n<p>&nbsp;<\/p>\n<p>Para mayor informaci\u00f3n sobre el tr\u00e1mite de la cartilla militar podr\u00e1n comunicarse al 6442430370 extensi\u00f3n 3480, en horario de oficina de lunes a viernes, este programa es p\u00fablico, ajeno a cualquier partido pol\u00edtico, queda prohibido el uso para fines distintos a los establecidos en el programa.<\/p>\n<p><strong>Fecha de publicaci\u00f3n lunes 21 de mayo de 2024<\/strong><\/p>\n<p>&nbsp;<\/p>\n","protected":false},"excerpt":{"rendered":"<p>CAJEME, SONORA, MX.\u02d7\u02d7\u02d7 La Junta Municipal de Reclutamiento informa a las y los j\u00f3venes interesados&#8230;<\/p>\n","protected":false},"author":1,"featured_media":0,"comment_status":"open","ping_status":"open","sticky":false,"template":"","format":"standard","meta":{"_monsterinsights_skip_tracking":false,"_monsterinsights_sitenote_active":false,"_monsterinsights_sitenote_note":"","_monsterinsights_sitenote_category":0,"footnotes":""},"categories":[4],"tags":[6733],"class_list":["post"],"yoast_head":" \n<title>Sonora en Equipo. Llaman a j\u00f3venes cajemenses a tramitar precartilla militar Municipios<\/title>\n<meta name=\"description\" content=\"CAJEME, SONORA, MX.\u02d7\u02d7\u02d7 La Junta Municipal de Reclutamiento informa a las y los j\u00f3venes interesados en la realizaci\u00f3n del tr\u00e1mite para la Cartilla del En Sonora en Equipo publicamos toda la informaci\u00f3n de Sonora, M\u00e9xico y el Mundo de manera oportuna y busca que la libertad de expresi\u00f3n sea real. Visita nuestro medio informativo publicado desde Hermosillo, Sonora. %\" \/>\n<meta name=\"robots\" content=\"index, follow, max-snippet:-1, max-image-preview:large, max-video-preview:-1\" \/>\n<link rel=\"canonical\" href=\"https:\/\/www.sonoraenequipo.com.mx\/llaman-a-jovenes-cajemenses-a-tramitar-precartilla-militar\/\" \/>\n<meta property=\"og:locale\" content=\"es_ES\" \/>\n<meta property=\"og:type\" content=\"article\" \/>\n<meta property=\"og:title\" content=\"Sonora en Equipo. Llaman a j\u00f3venes cajemenses a tramitar precartilla militar Municipios\" \/>\n<meta property=\"og:description\" content=\"CAJEME, SONORA, MX.\u02d7\u02d7\u02d7 La Junta Municipal de Reclutamiento informa a las y los j\u00f3venes interesados en la realizaci\u00f3n del tr\u00e1mite para la Cartilla del En Sonora en Equipo publicamos toda la informaci\u00f3n de Sonora, M\u00e9xico y el Mundo de manera oportuna y busca que la libertad de expresi\u00f3n sea real. Visita nuestro medio informativo publicado desde Hermosillo, Sonora. %\" \/>\n<meta property=\"og:url\" content=\"https:\/\/www.sonoraenequipo.com.mx\/llaman-a-jovenes-cajemenses-a-tramitar-precartilla-militar\/\" \/>\n<meta property=\"og:site_name\" content=\"Sonora en Equipo.\" \/>\n<meta property=\"article:publisher\" content=\"https:\/\/www.facebook.com\/SonoraEE\/\" \/>\n<meta property=\"article:author\" content=\"https:\/\/www.facebook.com\/SonoraEE\" \/>\n<meta property=\"article:published_time\" content=\"2024-05-21T18:38:54+00:00\" \/>\n<meta name=\"author\" content=\"enequipo\" \/>\n<meta name=\"twitter:card\" content=\"summary_large_image\" \/>\n<meta name=\"twitter:creator\" content=\"@sonoraenequipo\" \/>\n<meta name=\"twitter:site\" content=\"@sonoraenequipo\" \/>\n<meta name=\"twitter:label1\" content=\"Escrito por\" \/>\n\t<meta name=\"twitter:data1\" content=\"enequipo\" \/>\n\t<meta name=\"twitter:label2\" content=\"Tiempo de lectura\" \/>\n\t<meta name=\"twitter:data2\" content=\"1 minuto\" \/>\n<script type=\"application\/ld+json\" class=\"yoast-schema-graph\">{\"@context\":\"https:\/\/schema.org\",\"@graph\":[{\"@type\":\"Article\",\"@id\":\"https:\/\/www.sonoraenequipo.com.mx\/llaman-a-jovenes-cajemenses-a-tramitar-precartilla-militar\/#article\",\"isPartOf\":{\"@id\":\"https:\/\/www.sonoraenequipo.com.mx\/llaman-a-jovenes-cajemenses-a-tramitar-precartilla-militar\/\"},\"author\":{\"name\":\"enequipo\",\"@id\":\"https:\/\/www.sonoraenequipo.com.mx\/#\/schema\/person\/50102df0fb23a8fa9e8effad8fa81386\"},\"headline\":\"Llaman a j\u00f3venes cajemenses a tramitar precartilla militar\",\"datePublished\":\"2024-05-21T18:38:54+00:00\",\"mainEntityOfPage\":{\"@id\":\"https:\/\/www.sonoraenequipo.com.mx\/llaman-a-jovenes-cajemenses-a-tramitar-precartilla-militar\/\"},\"wordCount\":298,\"commentCount\":0,\"publisher\":{\"@id\":\"https:\/\/www.sonoraenequipo.com.mx\/#organization\"},\"keywords\":[\"servicio militar\"],\"articleSection\":[\"Municipios\"],\"inLanguage\":\"es\",\"potentialAction\":[{\"@type\":\"CommentAction\",\"name\":\"Comment\",\"target\":[\"https:\/\/www.sonoraenequipo.com.mx\/llaman-a-jovenes-cajemenses-a-tramitar-precartilla-militar\/#respond\"]}]},{\"@type\":\"WebPage\",\"@id\":\"https:\/\/www.sonoraenequipo.com.mx\/llaman-a-jovenes-cajemenses-a-tramitar-precartilla-militar\/\",\"url\":\"https:\/\/www.sonoraenequipo.com.mx\/llaman-a-jovenes-cajemenses-a-tramitar-precartilla-militar\/\",\"name\":\"Sonora en Equipo. Llaman a j\u00f3venes cajemenses a tramitar precartilla militar Municipios\",\"isPartOf\":{\"@id\":\"https:\/\/www.sonoraenequipo.com.mx\/#website\"},\"datePublished\":\"2024-05-21T18:38:54+00:00\",\"description\":\"CAJEME, SONORA, MX.\u02d7\u02d7\u02d7 La Junta Municipal de Reclutamiento informa a las y los j\u00f3venes interesados en la realizaci\u00f3n del tr\u00e1mite para la Cartilla del En Sonora en Equipo publicamos toda la informaci\u00f3n de Sonora, M\u00e9xico y el Mundo de manera oportuna y busca que la libertad de expresi\u00f3n sea real. Visita nuestro medio informativo publicado desde Hermosillo, Sonora. %\",\"breadcrumb\":{\"@id\":\"https:\/\/www.sonoraenequipo.com.mx\/llaman-a-jovenes-cajemenses-a-tramitar-precartilla-militar\/#breadcrumb\"},\"inLanguage\":\"es\",\"potentialAction\":[{\"@type\":\"ReadAction\",\"target\":[\"https:\/\/www.sonoraenequipo.com.mx\/llaman-a-jovenes-cajemenses-a-tramitar-precartilla-militar\/\"]}]},{\"@type\":\"BreadcrumbList\",\"@id\":\"https:\/\/www.sonoraenequipo.com.mx\/llaman-a-jovenes-cajemenses-a-tramitar-precartilla-militar\/#breadcrumb\",\"itemListElement\":[{\"@type\":\"ListItem\",\"position\":1,\"name\":\"Portada\",\"item\":\"https:\/\/www.sonoraenequipo.com.mx\/\"},{\"@type\":\"ListItem\",\"position\":2,\"name\":\"Llaman a j\u00f3venes cajemenses a tramitar precartilla militar\"}]},{\"@type\":\"WebSite\",\"@id\":\"https:\/\/www.sonoraenequipo.com.mx\/#website\",\"url\":\"https:\/\/www.sonoraenequipo.com.mx\/\",\"name\":\"Sonora en Equipo.\",\"description\":\"Diario en l\u00ednea con Noticias desde Hermosillo, Sonora\",\"publisher\":{\"@id\":\"https:\/\/www.sonoraenequipo.com.mx\/#organization\"},\"potentialAction\":[{\"@type\":\"SearchAction\",\"target\":{\"@type\":\"EntryPoint\",\"urlTemplate\":\"https:\/\/www.sonoraenequipo.com.mx\/?s={search_term_string}\"},\"query-input\":{\"@type\":\"PropertyValueSpecification\",\"valueRequired\":true,\"valueName\":\"search_term_string\"}}],\"inLanguage\":\"es\"},{\"@type\":\"Organization\",\"@id\":\"https:\/\/www.sonoraenequipo.com.mx\/#organization\",\"name\":\"Sonoraenequipo.com.mx\",\"url\":\"https:\/\/www.sonoraenequipo.com.mx\/\",\"logo\":{\"@type\":\"ImageObject\",\"inLanguage\":\"es\",\"@id\":\"https:\/\/www.sonoraenequipo.com.mx\/#\/schema\/logo\/image\/\",\"url\":\"https:\/\/www.sonoraenequipo.com.mx\/storage\/2019\/01\/sonoraenequipo_opt.png\",\"contentUrl\":\"https:\/\/www.sonoraenequipo.com.mx\/storage\/2019\/01\/sonoraenequipo_opt.png\",\"width\":375,\"height\":125,\"caption\":\"Sonoraenequipo.com.mx\"},\"image\":{\"@id\":\"https:\/\/www.sonoraenequipo.com.mx\/#\/schema\/logo\/image\/\"},\"sameAs\":[\"https:\/\/www.facebook.com\/SonoraEE\/\",\"https:\/\/x.com\/sonoraenequipo\",\"https:\/\/www.youtube.com\/channel\/UC338nW-lPEYmJQs4ZABQ1SQ\"]},{\"@type\":\"Person\",\"@id\":\"https:\/\/www.sonoraenequipo.com.mx\/#\/schema\/person\/50102df0fb23a8fa9e8effad8fa81386\",\"name\":\"enequipo\",\"image\":{\"@type\":\"ImageObject\",\"inLanguage\":\"es\",\"@id\":\"https:\/\/www.sonoraenequipo.com.mx\/#\/schema\/person\/image\/\",\"url\":\"https:\/\/secure.gravatar.com\/avatar\/049821681b589dabc0bc20695993ccebb09f5b5d4d790cd9251b97faac7c652b?s=96&d=blank&r=g\",\"contentUrl\":\"https:\/\/secure.gravatar.com\/avatar\/049821681b589dabc0bc20695993ccebb09f5b5d4d790cd9251b97faac7c652b?s=96&d=blank&r=g\",\"caption\":\"enequipo\"},\"sameAs\":[\"https:\/\/www.facebook.com\/SonoraEE\"]}]}<\/script>\n ","yoast_head_json":{"title":"Sonora en Equipo. Llaman a j\u00f3venes cajemenses a tramitar precartilla militar Municipios","description":"CAJEME, SONORA, MX.\u02d7\u02d7\u02d7 La Junta Municipal de Reclutamiento informa a las y los j\u00f3venes interesados en la realizaci\u00f3n del tr\u00e1mite para la Cartilla del En Sonora en Equipo publicamos toda la informaci\u00f3n de Sonora, M\u00e9xico y el Mundo de manera oportuna y busca que la libertad de expresi\u00f3n sea real. Visita nuestro medio informativo publicado desde Hermosillo, Sonora. %","robots":{"index":"index","follow":"follow","max-snippet":"max-snippet:-1","max-image-preview":"max-image-preview:large","max-video-preview":"max-video-preview:-1"},"canonical":"https:\/\/www.sonoraenequipo.com.mx\/llaman-a-jovenes-cajemenses-a-tramitar-precartilla-militar\/","og_locale":"es_ES","og_type":"article","og_title":"Sonora en Equipo. Llaman a j\u00f3venes cajemenses a tramitar precartilla militar Municipios","og_description":"CAJEME, SONORA, MX.\u02d7\u02d7\u02d7 La Junta Municipal de Reclutamiento informa a las y los j\u00f3venes interesados en la realizaci\u00f3n del tr\u00e1mite para la Cartilla del En Sonora en Equipo publicamos toda la informaci\u00f3n de Sonora, M\u00e9xico y el Mundo de manera oportuna y busca que la libertad de expresi\u00f3n sea real. Visita nuestro medio informativo publicado desde Hermosillo, Sonora. %","og_url":"https:\/\/www.sonoraenequipo.com.mx\/llaman-a-jovenes-cajemenses-a-tramitar-precartilla-militar\/","og_site_name":"Sonora en Equipo.","article_publisher":"https:\/\/www.facebook.com\/SonoraEE\/","article_author":"https:\/\/www.facebook.com\/SonoraEE","article_published_time":"2024-05-21T18:38:54+00:00","author":"enequipo","twitter_card":"summary_large_image","twitter_creator":"@sonoraenequipo","twitter_site":"@sonoraenequipo","twitter_misc":{"Escrito por":"enequipo","Tiempo de lectura":"1 minuto"},"schema":{"@context":"https:\/\/schema.org","@graph":[{"@type":"Article","@id":"https:\/\/www.sonoraenequipo.com.mx\/llaman-a-jovenes-cajemenses-a-tramitar-precartilla-militar\/#article","isPartOf":{"@id":"https:\/\/www.sonoraenequipo.com.mx\/llaman-a-jovenes-cajemenses-a-tramitar-precartilla-militar\/"},"author":{"name":"enequipo","@id":"https:\/\/www.sonoraenequipo.com.mx\/#\/schema\/person\/50102df0fb23a8fa9e8effad8fa81386"},"headline":"Llaman a j\u00f3venes cajemenses a tramitar precartilla militar","datePublished":"2024-05-21T18:38:54+00:00","mainEntityOfPage":{"@id":"https:\/\/www.sonoraenequipo.com.mx\/llaman-a-jovenes-cajemenses-a-tramitar-precartilla-militar\/"},"wordCount":298,"commentCount":0,"publisher":{"@id":"https:\/\/www.sonoraenequipo.com.mx\/#organization"},"keywords":["servicio militar"],"articleSection":["Municipios"],"inLanguage":"es","potentialAction":[{"@type":"CommentAction","name":"Comment","target":["https:\/\/www.sonoraenequipo.com.mx\/llaman-a-jovenes-cajemenses-a-tramitar-precartilla-militar\/#respond"]}]},{"@type":"WebPage","@id":"https:\/\/www.sonoraenequipo.com.mx\/llaman-a-jovenes-cajemenses-a-tramitar-precartilla-militar\/","url":"https:\/\/www.sonoraenequipo.com.mx\/llaman-a-jovenes-cajemenses-a-tramitar-precartilla-militar\/","name":"Sonora en Equipo. Llaman a j\u00f3venes cajemenses a tramitar precartilla militar Municipios","isPartOf":{"@id":"https:\/\/www.sonoraenequipo.com.mx\/#website"},"datePublished":"2024-05-21T18:38:54+00:00","description":"CAJEME, SONORA, MX.\u02d7\u02d7\u02d7 La Junta Municipal de Reclutamiento informa a las y los j\u00f3venes interesados en la realizaci\u00f3n del tr\u00e1mite para la Cartilla del En Sonora en Equipo publicamos toda la informaci\u00f3n de Sonora, M\u00e9xico y el Mundo de manera oportuna y busca que la libertad de expresi\u00f3n sea real. Visita nuestro medio informativo publicado desde Hermosillo, Sonora. %","breadcrumb":{"@id":"https:\/\/www.sonoraenequipo.com.mx\/llaman-a-jovenes-cajemenses-a-tramitar-precartilla-militar\/#breadcrumb"},"inLanguage":"es","potentialAction":[{"@type":"ReadAction","target":["https:\/\/www.sonoraenequipo.com.mx\/llaman-a-jovenes-cajemenses-a-tramitar-precartilla-militar\/"]}]},{"@type":"BreadcrumbList","@id":"https:\/\/www.sonoraenequipo.com.mx\/llaman-a-jovenes-cajemenses-a-tramitar-precartilla-militar\/#breadcrumb","itemListElement":[{"@type":"ListItem","position":1,"name":"Portada","item":"https:\/\/www.sonoraenequipo.com.mx\/"},{"@type":"ListItem","position":2,"name":"Llaman a j\u00f3venes cajemenses a tramitar precartilla militar"}]},{"@type":"WebSite","@id":"https:\/\/www.sonoraenequipo.com.mx\/#website","url":"https:\/\/www.sonoraenequipo.com.mx\/","name":"Sonora en Equipo.","description":"Diario en l\u00ednea con Noticias desde Hermosillo, Sonora","publisher":{"@id":"https:\/\/www.sonoraenequipo.com.mx\/#organization"},"potentialAction":[{"@type":"SearchAction","target":{"@type":"EntryPoint","urlTemplate":"https:\/\/www.sonoraenequipo.com.mx\/?s={search_term_string}"},"query-input":{"@type":"PropertyValueSpecification","valueRequired":true,"valueName":"search_term_string"}}],"inLanguage":"es"},{"@type":"Organization","@id":"https:\/\/www.sonoraenequipo.com.mx\/#organization","name":"Sonoraenequipo.com.mx","url":"https:\/\/www.sonoraenequipo.com.mx\/","logo":{"@type":"ImageObject","inLanguage":"es","@id":"https:\/\/www.sonoraenequipo.com.mx\/#\/schema\/logo\/image\/","url":"https:\/\/www.sonoraenequipo.com.mx\/storage\/2019\/01\/sonoraenequipo_opt.png","contentUrl":"https:\/\/www.sonoraenequipo.com.mx\/storage\/2019\/01\/sonoraenequipo_opt.png","width":375,"height":125,"caption":"Sonoraenequipo.com.mx"},"image":{"@id":"https:\/\/www.sonoraenequipo.com.mx\/#\/schema\/logo\/image\/"},"sameAs":["https:\/\/www.facebook.com\/SonoraEE\/","https:\/\/x.com\/sonoraenequipo","https:\/\/www.youtube.com\/channel\/UC338nW-lPEYmJQs4ZABQ1SQ"]},{"@type":"Person","@id":"https:\/\/www.sonoraenequipo.com.mx\/#\/schema\/person\/50102df0fb23a8fa9e8effad8fa81386","name":"enequipo","image":{"@type":"ImageObject","inLanguage":"es","@id":"https:\/\/www.sonoraenequipo.com.mx\/#\/schema\/person\/image\/","url":"https:\/\/secure.gravatar.com\/avatar\/049821681b589dabc0bc20695993ccebb09f5b5d4d790cd9251b97faac7c652b?s=96&d=blank&r=g","contentUrl":"https:\/\/secure.gravatar.com\/avatar\/049821681b589dabc0bc20695993ccebb09f5b5d4d790cd9251b97faac7c652b?s=96&d=blank&r=g","caption":"enequipo"},"sameAs":["https:\/\/www.facebook.com\/SonoraEE"]}]}},"jetpack_featured_media_url":"","_links":{"self":[{"href":"https:\/\/www.sonoraenequipo.com.mx\/api\/wp\/v2\/posts\/190234","targetHints":{"allow":["GET"]}}],"collection":[{"href":"https:\/\/www.sonoraenequipo.com.mx\/api\/wp\/v2\/posts"}],"about":[{"href":"https:\/\/www.sonoraenequipo.com.mx\/api\/wp\/v2\/types\/post"}],"author":[{"embeddable":true,"href":"https:\/\/www.sonoraenequipo.com.mx\/api\/wp\/v2\/users\/1"}],"replies":[{"embeddable":true,"href":"https:\/\/www.sonoraenequipo.com.mx\/api\/wp\/v2\/comments?post=190234"}],"version-history":[{"count":1,"href":"https:\/\/www.sonoraenequipo.com.mx\/api\/wp\/v2\/posts\/190234\/revisions"}],"predecessor-version":[{"id":190235,"href":"https:\/\/www.sonoraenequipo.com.mx\/api\/wp\/v2\/posts\/190234\/revisions\/190235"}],"wp:attachment":[{"href":"https:\/\/www.sonoraenequipo.com.mx\/api\/wp\/v2\/media?parent=190234"}],"wp:term":[{"taxonomy":"category","embeddable":true,"href":"https:\/\/www.sonoraenequipo.com.mx\/api\/wp\/v2\/categories?post=190234"},{"taxonomy":"post_tag","embeddable":true,"href":"https:\/\/www.sonoraenequipo.com.mx\/api\/wp\/v2\/tags?post=190234"}],"curies":[{"name":"wp","href":"https:\/\/api.w.org\/{rel}","templated":true}]}}