{"id":190236,"date":"2024-05-21T11:46:20","date_gmt":"2024-05-21T18:46:20","guid":{"rendered":"https:\/\/www.sonoraenequipo.com.mx\/?p=190236"},"modified":"2024-05-21T11:46:20","modified_gmt":"2024-05-21T18:46:20","slug":"juez-vincula-a-proceso-a-dos-policias-municipales-de-hermosillo-por-homicidio-culposo","status":"publish","type":"post","link":"https:\/\/www.sonoraenequipo.com.mx\/juez-vincula-a-proceso-a-dos-policias-municipales-de-hermosillo-por-homicidio-culposo\/","title":{"rendered":"Juez vincula a proceso a dos polic\u00edas municipales de Hermosillo por homicidio culposo"},"content":{"rendered":"<p><strong>HERMOSILLO, SONORA, MX.\u02d7\u02d7\u02d7 <\/strong>La Fiscal\u00eda General de Justicia del Estado de Sonora (FGJES) logr\u00f3 que un Juez de Control vinculara a proceso a Gerardo \u201cN\u201d y Diego \u201cN\u201d, ambos elementos de la Polic\u00eda Municipal de Hermosillo por su probable responsabilidad en el delito de homicidio culposo.<\/p>\n<p>&nbsp;<\/p>\n<p>Dicha acci\u00f3n judicial se deriv\u00f3 de la omisi\u00f3n en el cumplimiento de los protocolos de atenci\u00f3n m\u00e9dica a un detenido que capturaron, cuya falta de atenci\u00f3n result\u00f3 en su muerte.<\/p>\n<p>&nbsp;<\/p>\n<p>De acuerdo con los medios de prueba integrados en la correspondiente carpeta de investigaci\u00f3n, los agentes municipales detuvieron al hoy fallecido, identificado como Jes\u00fas Manuel \u201cN\u201d, el pasado 14 de mayo, en la colonia Oasis Solana.<\/p>\n<p>&nbsp;<\/p>\n<p>En este sentido, debe se\u00f1alarse que despu\u00e9s de su arresto, Jes\u00fas Manuel \u201cN\u201d se golpe\u00f3 contra las paredes del veh\u00edculo donde fue detenido y de la camioneta en la que fue trasladado a las instalaciones de la Agencia Ministerial de Investigaci\u00f3n Criminal (AMIC) para ser puesto a disposici\u00f3n del agente del Ministerio P\u00fablico, pero momentos despu\u00e9s falleci\u00f3.<\/p>\n<p>&nbsp;<\/p>\n<p>Al conocer los datos de prueba integrados en la carpeta de investigaci\u00f3n, el juez determin\u00f3 la vinculaci\u00f3n a proceso de los polic\u00edas, tras constatar que hab\u00edan incumplido el Protocolo Nacional de Actuaci\u00f3n para el Primer Respondiente, que exige procurar la atenci\u00f3n m\u00e9dica inmediata de cualquier detenido que presente lesiones.<\/p>\n<p>&nbsp;<\/p>\n<p>La Fiscal\u00eda General de Justicia del Estado de Sonora (FGJES) reitera su compromiso con la justicia y el estricto cumplimiento de los protocolos dise\u00f1ados para proteger los derechos de todos los ciudadanos, asegurando que se tomar\u00e1n las medidas necesarias para que los responsables enfrenten su responsabilidad de acuerdo a lo que estipula la ley.<\/p>\n<p><strong>Fecha de publicaci\u00f3n lunes 21 de mayo de 2024<\/strong><\/p>\n","protected":false},"excerpt":{"rendered":"<p>HERMOSILLO, SONORA, MX.\u02d7\u02d7\u02d7 La Fiscal\u00eda General de Justicia del Estado de Sonora (FGJES) logr\u00f3 que&#8230;<\/p>\n","protected":false},"author":1,"featured_media":178327,"comment_status":"open","ping_status":"open","sticky":false,"template":"","format":"standard","meta":{"_monsterinsights_skip_tracking":false,"_monsterinsights_sitenote_active":false,"_monsterinsights_sitenote_note":"","_monsterinsights_sitenote_category":0,"footnotes":""},"categories":[3144],"tags":[],"class_list":["post"],"yoast_head":" \n<title>Sonora en Equipo. Juez vincula a proceso a dos polic\u00edas municipales de Hermosillo por homicidio culposo Polic\u00edaca<\/title>\n<meta name=\"description\" content=\"HERMOSILLO, SONORA, MX.\u02d7\u02d7\u02d7 La Fiscal\u00eda General de Justicia del Estado de Sonora (FGJES) logr\u00f3 que un Juez de Control vinculara a proceso a Gerardo \u201cN\u201d y En Sonora en Equipo publicamos toda la informaci\u00f3n de Sonora, M\u00e9xico y el Mundo de manera oportuna y busca que la libertad de expresi\u00f3n sea real. Visita nuestro medio informativo publicado desde Hermosillo, Sonora. %\" \/>\n<meta name=\"robots\" content=\"index, follow, max-snippet:-1, max-image-preview:large, max-video-preview:-1\" \/>\n<link rel=\"canonical\" href=\"https:\/\/www.sonoraenequipo.com.mx\/juez-vincula-a-proceso-a-dos-policias-municipales-de-hermosillo-por-homicidio-culposo\/\" \/>\n<meta property=\"og:locale\" content=\"es_ES\" \/>\n<meta property=\"og:type\" content=\"article\" \/>\n<meta property=\"og:title\" content=\"Sonora en Equipo. Juez vincula a proceso a dos polic\u00edas municipales de Hermosillo por homicidio culposo Polic\u00edaca\" \/>\n<meta property=\"og:description\" content=\"HERMOSILLO, SONORA, MX.\u02d7\u02d7\u02d7 La Fiscal\u00eda General de Justicia del Estado de Sonora (FGJES) logr\u00f3 que un Juez de Control vinculara a proceso a Gerardo \u201cN\u201d y En Sonora en Equipo publicamos toda la informaci\u00f3n de Sonora, M\u00e9xico y el Mundo de manera oportuna y busca que la libertad de expresi\u00f3n sea real. Visita nuestro medio informativo publicado desde Hermosillo, Sonora. %\" \/>\n<meta property=\"og:url\" content=\"https:\/\/www.sonoraenequipo.com.mx\/juez-vincula-a-proceso-a-dos-policias-municipales-de-hermosillo-por-homicidio-culposo\/\" \/>\n<meta property=\"og:site_name\" content=\"Sonora en Equipo.\" \/>\n<meta property=\"article:publisher\" content=\"https:\/\/www.facebook.com\/SonoraEE\/\" \/>\n<meta property=\"article:author\" content=\"https:\/\/www.facebook.com\/SonoraEE\" \/>\n<meta property=\"article:published_time\" content=\"2024-05-21T18:46:20+00:00\" \/>\n<meta property=\"og:image\" content=\"https:\/\/www.sonoraenequipo.com.mx\/storage\/2023\/11\/logo-fgjes.jpg\" \/>\n\t<meta property=\"og:image:width\" content=\"900\" \/>\n\t<meta property=\"og:image:height\" content=\"600\" \/>\n\t<meta property=\"og:image:type\" content=\"image\/jpeg\" \/>\n<meta name=\"author\" content=\"enequipo\" \/>\n<meta name=\"twitter:card\" content=\"summary_large_image\" \/>\n<meta name=\"twitter:creator\" content=\"@sonoraenequipo\" \/>\n<meta name=\"twitter:site\" content=\"@sonoraenequipo\" \/>\n<meta name=\"twitter:label1\" content=\"Escrito por\" \/>\n\t<meta name=\"twitter:data1\" content=\"enequipo\" \/>\n\t<meta name=\"twitter:label2\" content=\"Tiempo de lectura\" \/>\n\t<meta name=\"twitter:data2\" content=\"2 minutos\" \/>\n<script type=\"application\/ld+json\" class=\"yoast-schema-graph\">{\"@context\":\"https:\/\/schema.org\",\"@graph\":[{\"@type\":\"Article\",\"@id\":\"https:\/\/www.sonoraenequipo.com.mx\/juez-vincula-a-proceso-a-dos-policias-municipales-de-hermosillo-por-homicidio-culposo\/#article\",\"isPartOf\":{\"@id\":\"https:\/\/www.sonoraenequipo.com.mx\/juez-vincula-a-proceso-a-dos-policias-municipales-de-hermosillo-por-homicidio-culposo\/\"},\"author\":{\"name\":\"enequipo\",\"@id\":\"https:\/\/www.sonoraenequipo.com.mx\/#\/schema\/person\/50102df0fb23a8fa9e8effad8fa81386\"},\"headline\":\"Juez vincula a proceso a dos polic\u00edas municipales de Hermosillo por homicidio culposo\",\"datePublished\":\"2024-05-21T18:46:20+00:00\",\"mainEntityOfPage\":{\"@id\":\"https:\/\/www.sonoraenequipo.com.mx\/juez-vincula-a-proceso-a-dos-policias-municipales-de-hermosillo-por-homicidio-culposo\/\"},\"wordCount\":325,\"commentCount\":0,\"publisher\":{\"@id\":\"https:\/\/www.sonoraenequipo.com.mx\/#organization\"},\"image\":{\"@id\":\"https:\/\/www.sonoraenequipo.com.mx\/juez-vincula-a-proceso-a-dos-policias-municipales-de-hermosillo-por-homicidio-culposo\/#primaryimage\"},\"thumbnailUrl\":\"https:\/\/www.sonoraenequipo.com.mx\/storage\/2023\/11\/logo-fgjes.jpg\",\"articleSection\":[\"Polic\u00edaca\"],\"inLanguage\":\"es\",\"potentialAction\":[{\"@type\":\"CommentAction\",\"name\":\"Comment\",\"target\":[\"https:\/\/www.sonoraenequipo.com.mx\/juez-vincula-a-proceso-a-dos-policias-municipales-de-hermosillo-por-homicidio-culposo\/#respond\"]}]},{\"@type\":\"WebPage\",\"@id\":\"https:\/\/www.sonoraenequipo.com.mx\/juez-vincula-a-proceso-a-dos-policias-municipales-de-hermosillo-por-homicidio-culposo\/\",\"url\":\"https:\/\/www.sonoraenequipo.com.mx\/juez-vincula-a-proceso-a-dos-policias-municipales-de-hermosillo-por-homicidio-culposo\/\",\"name\":\"Sonora en Equipo. Juez vincula a proceso a dos polic\u00edas municipales de Hermosillo por homicidio culposo Polic\u00edaca\",\"isPartOf\":{\"@id\":\"https:\/\/www.sonoraenequipo.com.mx\/#website\"},\"primaryImageOfPage\":{\"@id\":\"https:\/\/www.sonoraenequipo.com.mx\/juez-vincula-a-proceso-a-dos-policias-municipales-de-hermosillo-por-homicidio-culposo\/#primaryimage\"},\"image\":{\"@id\":\"https:\/\/www.sonoraenequipo.com.mx\/juez-vincula-a-proceso-a-dos-policias-municipales-de-hermosillo-por-homicidio-culposo\/#primaryimage\"},\"thumbnailUrl\":\"https:\/\/www.sonoraenequipo.com.mx\/storage\/2023\/11\/logo-fgjes.jpg\",\"datePublished\":\"2024-05-21T18:46:20+00:00\",\"description\":\"HERMOSILLO, SONORA, MX.\u02d7\u02d7\u02d7 La Fiscal\u00eda General de Justicia del Estado de Sonora (FGJES) logr\u00f3 que un Juez de Control vinculara a proceso a Gerardo \u201cN\u201d y En Sonora en Equipo publicamos toda la informaci\u00f3n de Sonora, M\u00e9xico y el Mundo de manera oportuna y busca que la libertad de expresi\u00f3n sea real. Visita nuestro medio informativo publicado desde Hermosillo, Sonora. %\",\"breadcrumb\":{\"@id\":\"https:\/\/www.sonoraenequipo.com.mx\/juez-vincula-a-proceso-a-dos-policias-municipales-de-hermosillo-por-homicidio-culposo\/#breadcrumb\"},\"inLanguage\":\"es\",\"potentialAction\":[{\"@type\":\"ReadAction\",\"target\":[\"https:\/\/www.sonoraenequipo.com.mx\/juez-vincula-a-proceso-a-dos-policias-municipales-de-hermosillo-por-homicidio-culposo\/\"]}]},{\"@type\":\"ImageObject\",\"inLanguage\":\"es\",\"@id\":\"https:\/\/www.sonoraenequipo.com.mx\/juez-vincula-a-proceso-a-dos-policias-municipales-de-hermosillo-por-homicidio-culposo\/#primaryimage\",\"url\":\"https:\/\/www.sonoraenequipo.com.mx\/storage\/2023\/11\/logo-fgjes.jpg\",\"contentUrl\":\"https:\/\/www.sonoraenequipo.com.mx\/storage\/2023\/11\/logo-fgjes.jpg\",\"width\":900,\"height\":600},{\"@type\":\"BreadcrumbList\",\"@id\":\"https:\/\/www.sonoraenequipo.com.mx\/juez-vincula-a-proceso-a-dos-policias-municipales-de-hermosillo-por-homicidio-culposo\/#breadcrumb\",\"itemListElement\":[{\"@type\":\"ListItem\",\"position\":1,\"name\":\"Portada\",\"item\":\"https:\/\/www.sonoraenequipo.com.mx\/\"},{\"@type\":\"ListItem\",\"position\":2,\"name\":\"Juez vincula a proceso a dos polic\u00edas municipales de Hermosillo por homicidio culposo\"}]},{\"@type\":\"WebSite\",\"@id\":\"https:\/\/www.sonoraenequipo.com.mx\/#website\",\"url\":\"https:\/\/www.sonoraenequipo.com.mx\/\",\"name\":\"Sonora en Equipo.\",\"description\":\"Diario en l\u00ednea con Noticias desde Hermosillo, Sonora\",\"publisher\":{\"@id\":\"https:\/\/www.sonoraenequipo.com.mx\/#organization\"},\"potentialAction\":[{\"@type\":\"SearchAction\",\"target\":{\"@type\":\"EntryPoint\",\"urlTemplate\":\"https:\/\/www.sonoraenequipo.com.mx\/?s={search_term_string}\"},\"query-input\":{\"@type\":\"PropertyValueSpecification\",\"valueRequired\":true,\"valueName\":\"search_term_string\"}}],\"inLanguage\":\"es\"},{\"@type\":\"Organization\",\"@id\":\"https:\/\/www.sonoraenequipo.com.mx\/#organization\",\"name\":\"Sonoraenequipo.com.mx\",\"url\":\"https:\/\/www.sonoraenequipo.com.mx\/\",\"logo\":{\"@type\":\"ImageObject\",\"inLanguage\":\"es\",\"@id\":\"https:\/\/www.sonoraenequipo.com.mx\/#\/schema\/logo\/image\/\",\"url\":\"https:\/\/www.sonoraenequipo.com.mx\/storage\/2019\/01\/sonoraenequipo_opt.png\",\"contentUrl\":\"https:\/\/www.sonoraenequipo.com.mx\/storage\/2019\/01\/sonoraenequipo_opt.png\",\"width\":375,\"height\":125,\"caption\":\"Sonoraenequipo.com.mx\"},\"image\":{\"@id\":\"https:\/\/www.sonoraenequipo.com.mx\/#\/schema\/logo\/image\/\"},\"sameAs\":[\"https:\/\/www.facebook.com\/SonoraEE\/\",\"https:\/\/x.com\/sonoraenequipo\",\"https:\/\/www.youtube.com\/channel\/UC338nW-lPEYmJQs4ZABQ1SQ\"]},{\"@type\":\"Person\",\"@id\":\"https:\/\/www.sonoraenequipo.com.mx\/#\/schema\/person\/50102df0fb23a8fa9e8effad8fa81386\",\"name\":\"enequipo\",\"image\":{\"@type\":\"ImageObject\",\"inLanguage\":\"es\",\"@id\":\"https:\/\/www.sonoraenequipo.com.mx\/#\/schema\/person\/image\/\",\"url\":\"https:\/\/secure.gravatar.com\/avatar\/049821681b589dabc0bc20695993ccebb09f5b5d4d790cd9251b97faac7c652b?s=96&d=blank&r=g\",\"contentUrl\":\"https:\/\/secure.gravatar.com\/avatar\/049821681b589dabc0bc20695993ccebb09f5b5d4d790cd9251b97faac7c652b?s=96&d=blank&r=g\",\"caption\":\"enequipo\"},\"sameAs\":[\"https:\/\/www.facebook.com\/SonoraEE\"]}]}<\/script>\n ","yoast_head_json":{"title":"Sonora en Equipo. Juez vincula a proceso a dos polic\u00edas municipales de Hermosillo por homicidio culposo Polic\u00edaca","description":"HERMOSILLO, SONORA, MX.\u02d7\u02d7\u02d7 La Fiscal\u00eda General de Justicia del Estado de Sonora (FGJES) logr\u00f3 que un Juez de Control vinculara a proceso a Gerardo \u201cN\u201d y En Sonora en Equipo publicamos toda la informaci\u00f3n de Sonora, M\u00e9xico y el Mundo de manera oportuna y busca que la libertad de expresi\u00f3n sea real. Visita nuestro medio informativo publicado desde Hermosillo, Sonora. %","robots":{"index":"index","follow":"follow","max-snippet":"max-snippet:-1","max-image-preview":"max-image-preview:large","max-video-preview":"max-video-preview:-1"},"canonical":"https:\/\/www.sonoraenequipo.com.mx\/juez-vincula-a-proceso-a-dos-policias-municipales-de-hermosillo-por-homicidio-culposo\/","og_locale":"es_ES","og_type":"article","og_title":"Sonora en Equipo. Juez vincula a proceso a dos polic\u00edas municipales de Hermosillo por homicidio culposo Polic\u00edaca","og_description":"HERMOSILLO, SONORA, MX.\u02d7\u02d7\u02d7 La Fiscal\u00eda General de Justicia del Estado de Sonora (FGJES) logr\u00f3 que un Juez de Control vinculara a proceso a Gerardo \u201cN\u201d y En Sonora en Equipo publicamos toda la informaci\u00f3n de Sonora, M\u00e9xico y el Mundo de manera oportuna y busca que la libertad de expresi\u00f3n sea real. Visita nuestro medio informativo publicado desde Hermosillo, Sonora. %","og_url":"https:\/\/www.sonoraenequipo.com.mx\/juez-vincula-a-proceso-a-dos-policias-municipales-de-hermosillo-por-homicidio-culposo\/","og_site_name":"Sonora en Equipo.","article_publisher":"https:\/\/www.facebook.com\/SonoraEE\/","article_author":"https:\/\/www.facebook.com\/SonoraEE","article_published_time":"2024-05-21T18:46:20+00:00","og_image":[{"width":900,"height":600,"url":"https:\/\/www.sonoraenequipo.com.mx\/storage\/2023\/11\/logo-fgjes.jpg","type":"image\/jpeg"}],"author":"enequipo","twitter_card":"summary_large_image","twitter_creator":"@sonoraenequipo","twitter_site":"@sonoraenequipo","twitter_misc":{"Escrito por":"enequipo","Tiempo de lectura":"2 minutos"},"schema":{"@context":"https:\/\/schema.org","@graph":[{"@type":"Article","@id":"https:\/\/www.sonoraenequipo.com.mx\/juez-vincula-a-proceso-a-dos-policias-municipales-de-hermosillo-por-homicidio-culposo\/#article","isPartOf":{"@id":"https:\/\/www.sonoraenequipo.com.mx\/juez-vincula-a-proceso-a-dos-policias-municipales-de-hermosillo-por-homicidio-culposo\/"},"author":{"name":"enequipo","@id":"https:\/\/www.sonoraenequipo.com.mx\/#\/schema\/person\/50102df0fb23a8fa9e8effad8fa81386"},"headline":"Juez vincula a proceso a dos polic\u00edas municipales de Hermosillo por homicidio culposo","datePublished":"2024-05-21T18:46:20+00:00","mainEntityOfPage":{"@id":"https:\/\/www.sonoraenequipo.com.mx\/juez-vincula-a-proceso-a-dos-policias-municipales-de-hermosillo-por-homicidio-culposo\/"},"wordCount":325,"commentCount":0,"publisher":{"@id":"https:\/\/www.sonoraenequipo.com.mx\/#organization"},"image":{"@id":"https:\/\/www.sonoraenequipo.com.mx\/juez-vincula-a-proceso-a-dos-policias-municipales-de-hermosillo-por-homicidio-culposo\/#primaryimage"},"thumbnailUrl":"https:\/\/www.sonoraenequipo.com.mx\/storage\/2023\/11\/logo-fgjes.jpg","articleSection":["Polic\u00edaca"],"inLanguage":"es","potentialAction":[{"@type":"CommentAction","name":"Comment","target":["https:\/\/www.sonoraenequipo.com.mx\/juez-vincula-a-proceso-a-dos-policias-municipales-de-hermosillo-por-homicidio-culposo\/#respond"]}]},{"@type":"WebPage","@id":"https:\/\/www.sonoraenequipo.com.mx\/juez-vincula-a-proceso-a-dos-policias-municipales-de-hermosillo-por-homicidio-culposo\/","url":"https:\/\/www.sonoraenequipo.com.mx\/juez-vincula-a-proceso-a-dos-policias-municipales-de-hermosillo-por-homicidio-culposo\/","name":"Sonora en Equipo. Juez vincula a proceso a dos polic\u00edas municipales de Hermosillo por homicidio culposo Polic\u00edaca","isPartOf":{"@id":"https:\/\/www.sonoraenequipo.com.mx\/#website"},"primaryImageOfPage":{"@id":"https:\/\/www.sonoraenequipo.com.mx\/juez-vincula-a-proceso-a-dos-policias-municipales-de-hermosillo-por-homicidio-culposo\/#primaryimage"},"image":{"@id":"https:\/\/www.sonoraenequipo.com.mx\/juez-vincula-a-proceso-a-dos-policias-municipales-de-hermosillo-por-homicidio-culposo\/#primaryimage"},"thumbnailUrl":"https:\/\/www.sonoraenequipo.com.mx\/storage\/2023\/11\/logo-fgjes.jpg","datePublished":"2024-05-21T18:46:20+00:00","description":"HERMOSILLO, SONORA, MX.\u02d7\u02d7\u02d7 La Fiscal\u00eda General de Justicia del Estado de Sonora (FGJES) logr\u00f3 que un Juez de Control vinculara a proceso a Gerardo \u201cN\u201d y En Sonora en Equipo publicamos toda la informaci\u00f3n de Sonora, M\u00e9xico y el Mundo de manera oportuna y busca que la libertad de expresi\u00f3n sea real. Visita nuestro medio informativo publicado desde Hermosillo, Sonora. %","breadcrumb":{"@id":"https:\/\/www.sonoraenequipo.com.mx\/juez-vincula-a-proceso-a-dos-policias-municipales-de-hermosillo-por-homicidio-culposo\/#breadcrumb"},"inLanguage":"es","potentialAction":[{"@type":"ReadAction","target":["https:\/\/www.sonoraenequipo.com.mx\/juez-vincula-a-proceso-a-dos-policias-municipales-de-hermosillo-por-homicidio-culposo\/"]}]},{"@type":"ImageObject","inLanguage":"es","@id":"https:\/\/www.sonoraenequipo.com.mx\/juez-vincula-a-proceso-a-dos-policias-municipales-de-hermosillo-por-homicidio-culposo\/#primaryimage","url":"https:\/\/www.sonoraenequipo.com.mx\/storage\/2023\/11\/logo-fgjes.jpg","contentUrl":"https:\/\/www.sonoraenequipo.com.mx\/storage\/2023\/11\/logo-fgjes.jpg","width":900,"height":600},{"@type":"BreadcrumbList","@id":"https:\/\/www.sonoraenequipo.com.mx\/juez-vincula-a-proceso-a-dos-policias-municipales-de-hermosillo-por-homicidio-culposo\/#breadcrumb","itemListElement":[{"@type":"ListItem","position":1,"name":"Portada","item":"https:\/\/www.sonoraenequipo.com.mx\/"},{"@type":"ListItem","position":2,"name":"Juez vincula a proceso a dos polic\u00edas municipales de Hermosillo por homicidio culposo"}]},{"@type":"WebSite","@id":"https:\/\/www.sonoraenequipo.com.mx\/#website","url":"https:\/\/www.sonoraenequipo.com.mx\/","name":"Sonora en Equipo.","description":"Diario en l\u00ednea con Noticias desde Hermosillo, Sonora","publisher":{"@id":"https:\/\/www.sonoraenequipo.com.mx\/#organization"},"potentialAction":[{"@type":"SearchAction","target":{"@type":"EntryPoint","urlTemplate":"https:\/\/www.sonoraenequipo.com.mx\/?s={search_term_string}"},"query-input":{"@type":"PropertyValueSpecification","valueRequired":true,"valueName":"search_term_string"}}],"inLanguage":"es"},{"@type":"Organization","@id":"https:\/\/www.sonoraenequipo.com.mx\/#organization","name":"Sonoraenequipo.com.mx","url":"https:\/\/www.sonoraenequipo.com.mx\/","logo":{"@type":"ImageObject","inLanguage":"es","@id":"https:\/\/www.sonoraenequipo.com.mx\/#\/schema\/logo\/image\/","url":"https:\/\/www.sonoraenequipo.com.mx\/storage\/2019\/01\/sonoraenequipo_opt.png","contentUrl":"https:\/\/www.sonoraenequipo.com.mx\/storage\/2019\/01\/sonoraenequipo_opt.png","width":375,"height":125,"caption":"Sonoraenequipo.com.mx"},"image":{"@id":"https:\/\/www.sonoraenequipo.com.mx\/#\/schema\/logo\/image\/"},"sameAs":["https:\/\/www.facebook.com\/SonoraEE\/","https:\/\/x.com\/sonoraenequipo","https:\/\/www.youtube.com\/channel\/UC338nW-lPEYmJQs4ZABQ1SQ"]},{"@type":"Person","@id":"https:\/\/www.sonoraenequipo.com.mx\/#\/schema\/person\/50102df0fb23a8fa9e8effad8fa81386","name":"enequipo","image":{"@type":"ImageObject","inLanguage":"es","@id":"https:\/\/www.sonoraenequipo.com.mx\/#\/schema\/person\/image\/","url":"https:\/\/secure.gravatar.com\/avatar\/049821681b589dabc0bc20695993ccebb09f5b5d4d790cd9251b97faac7c652b?s=96&d=blank&r=g","contentUrl":"https:\/\/secure.gravatar.com\/avatar\/049821681b589dabc0bc20695993ccebb09f5b5d4d790cd9251b97faac7c652b?s=96&d=blank&r=g","caption":"enequipo"},"sameAs":["https:\/\/www.facebook.com\/SonoraEE"]}]}},"jetpack_featured_media_url":"https:\/\/www.sonoraenequipo.com.mx\/storage\/2023\/11\/logo-fgjes.jpg","_links":{"self":[{"href":"https:\/\/www.sonoraenequipo.com.mx\/api\/wp\/v2\/posts\/190236","targetHints":{"allow":["GET"]}}],"collection":[{"href":"https:\/\/www.sonoraenequipo.com.mx\/api\/wp\/v2\/posts"}],"about":[{"href":"https:\/\/www.sonoraenequipo.com.mx\/api\/wp\/v2\/types\/post"}],"author":[{"embeddable":true,"href":"https:\/\/www.sonoraenequipo.com.mx\/api\/wp\/v2\/users\/1"}],"replies":[{"embeddable":true,"href":"https:\/\/www.sonoraenequipo.com.mx\/api\/wp\/v2\/comments?post=190236"}],"version-history":[{"count":1,"href":"https:\/\/www.sonoraenequipo.com.mx\/api\/wp\/v2\/posts\/190236\/revisions"}],"predecessor-version":[{"id":190237,"href":"https:\/\/www.sonoraenequipo.com.mx\/api\/wp\/v2\/posts\/190236\/revisions\/190237"}],"wp:featuredmedia":[{"embeddable":true,"href":"https:\/\/www.sonoraenequipo.com.mx\/api\/wp\/v2\/media\/178327"}],"wp:attachment":[{"href":"https:\/\/www.sonoraenequipo.com.mx\/api\/wp\/v2\/media?parent=190236"}],"wp:term":[{"taxonomy":"category","embeddable":true,"href":"https:\/\/www.sonoraenequipo.com.mx\/api\/wp\/v2\/categories?post=190236"},{"taxonomy":"post_tag","embeddable":true,"href":"https:\/\/www.sonoraenequipo.com.mx\/api\/wp\/v2\/tags?post=190236"}],"curies":[{"name":"wp","href":"https:\/\/api.w.org\/{rel}","templated":true}]}}