{"id":190241,"date":"2024-05-21T13:04:00","date_gmt":"2024-05-21T20:04:00","guid":{"rendered":"https:\/\/www.sonoraenequipo.com.mx\/?p=190241"},"modified":"2024-05-21T13:04:00","modified_gmt":"2024-05-21T20:04:00","slug":"recibe-congreso-de-sonora-propuestas-sobre-reforma-a-la-ley-del-imss-en-parlamento-abierto","status":"publish","type":"post","link":"https:\/\/www.sonoraenequipo.com.mx\/recibe-congreso-de-sonora-propuestas-sobre-reforma-a-la-ley-del-imss-en-parlamento-abierto\/","title":{"rendered":"Recibe Congreso de Sonora propuestas sobre reforma a la Ley del IMSS en Parlamento Abierto"},"content":{"rendered":"<p>&nbsp;<\/p>\n<p>&nbsp;<\/p>\n<p><strong>NOGALES, SONORA, MX.\u02d7\u02d7\u02d7\u00a0 <\/strong>Trabajadores del Instituto Mexicano del Seguro Social (IMSS), representantes del Sindicato Nacional de Trabajadores del Seguro Social (SNTSS), derechohabientes, jubilados, estudiantes, entre otros, participaron con sus aportaciones para nutrir la iniciativa de reforma a la Ley del IMSS que propondr\u00e1 el Congreso de Sonora ante el Congreso de la Uni\u00f3n.<\/p>\n<p>&nbsp;<\/p>\n<p>&nbsp;<\/p>\n<p>&nbsp;<\/p>\n<p>Mediante el mecanismo de Parlamento Abierto, en el auditorio de la Universidad Tecnol\u00f3gica de Nogales, se presentaron los antecedentes de las diversas modificaciones que se han realizado a la legislaci\u00f3n en la materia y la iniciativa para restablecer los derechos de jubilaci\u00f3n y pensi\u00f3n de los trabajadores.<\/p>\n<p>&nbsp;<\/p>\n<p>&nbsp;<\/p>\n<p>&nbsp;<\/p>\n<p>Durante la participaci\u00f3n de los asistentes, quienes a trav\u00e9s de experiencias personales expresaron su coincidencia con la iniciativa, se propuso que se d\u00e9 a conocer mayor informaci\u00f3n respecto a las administradoras de fondos para el retiro (Afores), as\u00ed como el establecimiento de un nuevo sistema de jubilaciones para las nuevas generaciones.<\/p>\n<p>&nbsp;<\/p>\n<p>&nbsp;<\/p>\n<p>&nbsp;<\/p>\n<p>La iniciativa en an\u00e1lisis establece que el instituto cuente con herramientas para cumplir con sus fines y atender las necesidades y derechos de su personal; se reconoce la facultad exclusiva para la contrataci\u00f3n y sustituci\u00f3n de plazas que actualmente est\u00e1 en manos del Consejo T\u00e9cnico y le permite fortalecer los recursos del Fondo para el Cumplimiento de Obligaciones Laborales de Car\u00e1cter Legal o Contractual, entre otras caracter\u00edsticas.<\/p>\n<p>&nbsp;<\/p>\n<p>&nbsp;<\/p>\n<p>&nbsp;<\/p>\n<p>El siguiente parlamento abierto se realizar\u00e1 el pr\u00f3ximo mi\u00e9rcoles en la ciudad de Hermosillo y concluir\u00e1 el viernes en Ciudad Obreg\u00f3n.<\/p>\n<p><strong>Fecha de publicaci\u00f3n martes 21 de mayo de 2024<\/strong><\/p>\n<p>&nbsp;<\/p>\n","protected":false},"excerpt":{"rendered":"<p>&nbsp; &nbsp; NOGALES, SONORA, MX.\u02d7\u02d7\u02d7\u00a0 Trabajadores del Instituto Mexicano del Seguro Social (IMSS), representantes del&#8230;<\/p>\n","protected":false},"author":1,"featured_media":190246,"comment_status":"open","ping_status":"open","sticky":false,"template":"","format":"standard","meta":{"_monsterinsights_skip_tracking":false,"_monsterinsights_sitenote_active":false,"_monsterinsights_sitenote_note":"","_monsterinsights_sitenote_category":0,"footnotes":""},"categories":[3281],"tags":[4794,9708],"class_list":["post"],"yoast_head":" \n<title>Sonora en Equipo. Recibe Congreso de Sonora propuestas sobre reforma a la Ley del IMSS en Parlamento Abierto Congreso<\/title>\n<meta name=\"description\" content=\"&nbsp; &nbsp; NOGALES, SONORA, MX.\u02d7\u02d7\u02d7\u00a0 Trabajadores del Instituto Mexicano del Seguro Social (IMSS), representantes del Sindicato Nacional de Trabajadores En Sonora en Equipo publicamos toda la informaci\u00f3n de Sonora, M\u00e9xico y el Mundo de manera oportuna y busca que la libertad de expresi\u00f3n sea real. Visita nuestro medio informativo publicado desde Hermosillo, Sonora. %\" \/>\n<meta name=\"robots\" content=\"index, follow, max-snippet:-1, max-image-preview:large, max-video-preview:-1\" \/>\n<link rel=\"canonical\" href=\"https:\/\/www.sonoraenequipo.com.mx\/recibe-congreso-de-sonora-propuestas-sobre-reforma-a-la-ley-del-imss-en-parlamento-abierto\/\" \/>\n<meta property=\"og:locale\" content=\"es_ES\" \/>\n<meta property=\"og:type\" content=\"article\" \/>\n<meta property=\"og:title\" content=\"Sonora en Equipo. Recibe Congreso de Sonora propuestas sobre reforma a la Ley del IMSS en Parlamento Abierto Congreso\" \/>\n<meta property=\"og:description\" content=\"&nbsp; &nbsp; NOGALES, SONORA, MX.\u02d7\u02d7\u02d7\u00a0 Trabajadores del Instituto Mexicano del Seguro Social (IMSS), representantes del Sindicato Nacional de Trabajadores En Sonora en Equipo publicamos toda la informaci\u00f3n de Sonora, M\u00e9xico y el Mundo de manera oportuna y busca que la libertad de expresi\u00f3n sea real. Visita nuestro medio informativo publicado desde Hermosillo, Sonora. %\" \/>\n<meta property=\"og:url\" content=\"https:\/\/www.sonoraenequipo.com.mx\/recibe-congreso-de-sonora-propuestas-sobre-reforma-a-la-ley-del-imss-en-parlamento-abierto\/\" \/>\n<meta property=\"og:site_name\" content=\"Sonora en Equipo.\" \/>\n<meta property=\"article:publisher\" content=\"https:\/\/www.facebook.com\/SonoraEE\/\" \/>\n<meta property=\"article:author\" content=\"https:\/\/www.facebook.com\/SonoraEE\" \/>\n<meta property=\"article:published_time\" content=\"2024-05-21T20:04:00+00:00\" \/>\n<meta property=\"og:image\" content=\"https:\/\/www.sonoraenequipo.com.mx\/storage\/2024\/05\/congreso-ley-imss.jpg\" \/>\n\t<meta property=\"og:image:width\" content=\"800\" \/>\n\t<meta property=\"og:image:height\" content=\"533\" \/>\n\t<meta property=\"og:image:type\" content=\"image\/jpeg\" \/>\n<meta name=\"author\" content=\"enequipo\" \/>\n<meta name=\"twitter:card\" content=\"summary_large_image\" \/>\n<meta name=\"twitter:creator\" content=\"@sonoraenequipo\" \/>\n<meta name=\"twitter:site\" content=\"@sonoraenequipo\" \/>\n<meta name=\"twitter:label1\" content=\"Escrito por\" \/>\n\t<meta name=\"twitter:data1\" content=\"enequipo\" \/>\n\t<meta name=\"twitter:label2\" content=\"Tiempo de lectura\" \/>\n\t<meta name=\"twitter:data2\" content=\"1 minuto\" \/>\n<script type=\"application\/ld+json\" class=\"yoast-schema-graph\">{\"@context\":\"https:\/\/schema.org\",\"@graph\":[{\"@type\":\"Article\",\"@id\":\"https:\/\/www.sonoraenequipo.com.mx\/recibe-congreso-de-sonora-propuestas-sobre-reforma-a-la-ley-del-imss-en-parlamento-abierto\/#article\",\"isPartOf\":{\"@id\":\"https:\/\/www.sonoraenequipo.com.mx\/recibe-congreso-de-sonora-propuestas-sobre-reforma-a-la-ley-del-imss-en-parlamento-abierto\/\"},\"author\":{\"name\":\"enequipo\",\"@id\":\"https:\/\/www.sonoraenequipo.com.mx\/#\/schema\/person\/50102df0fb23a8fa9e8effad8fa81386\"},\"headline\":\"Recibe Congreso de Sonora propuestas sobre reforma a la Ley del IMSS en Parlamento Abierto\",\"datePublished\":\"2024-05-21T20:04:00+00:00\",\"mainEntityOfPage\":{\"@id\":\"https:\/\/www.sonoraenequipo.com.mx\/recibe-congreso-de-sonora-propuestas-sobre-reforma-a-la-ley-del-imss-en-parlamento-abierto\/\"},\"wordCount\":294,\"commentCount\":0,\"publisher\":{\"@id\":\"https:\/\/www.sonoraenequipo.com.mx\/#organization\"},\"image\":{\"@id\":\"https:\/\/www.sonoraenequipo.com.mx\/recibe-congreso-de-sonora-propuestas-sobre-reforma-a-la-ley-del-imss-en-parlamento-abierto\/#primaryimage\"},\"thumbnailUrl\":\"https:\/\/www.sonoraenequipo.com.mx\/storage\/2024\/05\/congreso-ley-imss.jpg\",\"keywords\":[\"congreso sonora\",\"ley imss\"],\"articleSection\":[\"Congreso\"],\"inLanguage\":\"es\",\"potentialAction\":[{\"@type\":\"CommentAction\",\"name\":\"Comment\",\"target\":[\"https:\/\/www.sonoraenequipo.com.mx\/recibe-congreso-de-sonora-propuestas-sobre-reforma-a-la-ley-del-imss-en-parlamento-abierto\/#respond\"]}]},{\"@type\":\"WebPage\",\"@id\":\"https:\/\/www.sonoraenequipo.com.mx\/recibe-congreso-de-sonora-propuestas-sobre-reforma-a-la-ley-del-imss-en-parlamento-abierto\/\",\"url\":\"https:\/\/www.sonoraenequipo.com.mx\/recibe-congreso-de-sonora-propuestas-sobre-reforma-a-la-ley-del-imss-en-parlamento-abierto\/\",\"name\":\"Sonora en Equipo. Recibe Congreso de Sonora propuestas sobre reforma a la Ley del IMSS en Parlamento Abierto Congreso\",\"isPartOf\":{\"@id\":\"https:\/\/www.sonoraenequipo.com.mx\/#website\"},\"primaryImageOfPage\":{\"@id\":\"https:\/\/www.sonoraenequipo.com.mx\/recibe-congreso-de-sonora-propuestas-sobre-reforma-a-la-ley-del-imss-en-parlamento-abierto\/#primaryimage\"},\"image\":{\"@id\":\"https:\/\/www.sonoraenequipo.com.mx\/recibe-congreso-de-sonora-propuestas-sobre-reforma-a-la-ley-del-imss-en-parlamento-abierto\/#primaryimage\"},\"thumbnailUrl\":\"https:\/\/www.sonoraenequipo.com.mx\/storage\/2024\/05\/congreso-ley-imss.jpg\",\"datePublished\":\"2024-05-21T20:04:00+00:00\",\"description\":\"&nbsp; &nbsp; NOGALES, SONORA, MX.\u02d7\u02d7\u02d7\u00a0 Trabajadores del Instituto Mexicano del Seguro Social (IMSS), representantes del Sindicato Nacional de Trabajadores En Sonora en Equipo publicamos toda la informaci\u00f3n de Sonora, M\u00e9xico y el Mundo de manera oportuna y busca que la libertad de expresi\u00f3n sea real. Visita nuestro medio informativo publicado desde Hermosillo, Sonora. %\",\"breadcrumb\":{\"@id\":\"https:\/\/www.sonoraenequipo.com.mx\/recibe-congreso-de-sonora-propuestas-sobre-reforma-a-la-ley-del-imss-en-parlamento-abierto\/#breadcrumb\"},\"inLanguage\":\"es\",\"potentialAction\":[{\"@type\":\"ReadAction\",\"target\":[\"https:\/\/www.sonoraenequipo.com.mx\/recibe-congreso-de-sonora-propuestas-sobre-reforma-a-la-ley-del-imss-en-parlamento-abierto\/\"]}]},{\"@type\":\"ImageObject\",\"inLanguage\":\"es\",\"@id\":\"https:\/\/www.sonoraenequipo.com.mx\/recibe-congreso-de-sonora-propuestas-sobre-reforma-a-la-ley-del-imss-en-parlamento-abierto\/#primaryimage\",\"url\":\"https:\/\/www.sonoraenequipo.com.mx\/storage\/2024\/05\/congreso-ley-imss.jpg\",\"contentUrl\":\"https:\/\/www.sonoraenequipo.com.mx\/storage\/2024\/05\/congreso-ley-imss.jpg\",\"width\":800,\"height\":533},{\"@type\":\"BreadcrumbList\",\"@id\":\"https:\/\/www.sonoraenequipo.com.mx\/recibe-congreso-de-sonora-propuestas-sobre-reforma-a-la-ley-del-imss-en-parlamento-abierto\/#breadcrumb\",\"itemListElement\":[{\"@type\":\"ListItem\",\"position\":1,\"name\":\"Portada\",\"item\":\"https:\/\/www.sonoraenequipo.com.mx\/\"},{\"@type\":\"ListItem\",\"position\":2,\"name\":\"Recibe Congreso de Sonora propuestas sobre reforma a la Ley del IMSS en Parlamento Abierto\"}]},{\"@type\":\"WebSite\",\"@id\":\"https:\/\/www.sonoraenequipo.com.mx\/#website\",\"url\":\"https:\/\/www.sonoraenequipo.com.mx\/\",\"name\":\"Sonora en Equipo.\",\"description\":\"Diario en l\u00ednea con Noticias desde Hermosillo, Sonora\",\"publisher\":{\"@id\":\"https:\/\/www.sonoraenequipo.com.mx\/#organization\"},\"potentialAction\":[{\"@type\":\"SearchAction\",\"target\":{\"@type\":\"EntryPoint\",\"urlTemplate\":\"https:\/\/www.sonoraenequipo.com.mx\/?s={search_term_string}\"},\"query-input\":{\"@type\":\"PropertyValueSpecification\",\"valueRequired\":true,\"valueName\":\"search_term_string\"}}],\"inLanguage\":\"es\"},{\"@type\":\"Organization\",\"@id\":\"https:\/\/www.sonoraenequipo.com.mx\/#organization\",\"name\":\"Sonoraenequipo.com.mx\",\"url\":\"https:\/\/www.sonoraenequipo.com.mx\/\",\"logo\":{\"@type\":\"ImageObject\",\"inLanguage\":\"es\",\"@id\":\"https:\/\/www.sonoraenequipo.com.mx\/#\/schema\/logo\/image\/\",\"url\":\"https:\/\/www.sonoraenequipo.com.mx\/storage\/2019\/01\/sonoraenequipo_opt.png\",\"contentUrl\":\"https:\/\/www.sonoraenequipo.com.mx\/storage\/2019\/01\/sonoraenequipo_opt.png\",\"width\":375,\"height\":125,\"caption\":\"Sonoraenequipo.com.mx\"},\"image\":{\"@id\":\"https:\/\/www.sonoraenequipo.com.mx\/#\/schema\/logo\/image\/\"},\"sameAs\":[\"https:\/\/www.facebook.com\/SonoraEE\/\",\"https:\/\/x.com\/sonoraenequipo\",\"https:\/\/www.youtube.com\/channel\/UC338nW-lPEYmJQs4ZABQ1SQ\"]},{\"@type\":\"Person\",\"@id\":\"https:\/\/www.sonoraenequipo.com.mx\/#\/schema\/person\/50102df0fb23a8fa9e8effad8fa81386\",\"name\":\"enequipo\",\"image\":{\"@type\":\"ImageObject\",\"inLanguage\":\"es\",\"@id\":\"https:\/\/www.sonoraenequipo.com.mx\/#\/schema\/person\/image\/\",\"url\":\"https:\/\/secure.gravatar.com\/avatar\/049821681b589dabc0bc20695993ccebb09f5b5d4d790cd9251b97faac7c652b?s=96&d=blank&r=g\",\"contentUrl\":\"https:\/\/secure.gravatar.com\/avatar\/049821681b589dabc0bc20695993ccebb09f5b5d4d790cd9251b97faac7c652b?s=96&d=blank&r=g\",\"caption\":\"enequipo\"},\"sameAs\":[\"https:\/\/www.facebook.com\/SonoraEE\"]}]}<\/script>\n ","yoast_head_json":{"title":"Sonora en Equipo. Recibe Congreso de Sonora propuestas sobre reforma a la Ley del IMSS en Parlamento Abierto Congreso","description":"&nbsp; &nbsp; NOGALES, SONORA, MX.\u02d7\u02d7\u02d7\u00a0 Trabajadores del Instituto Mexicano del Seguro Social (IMSS), representantes del Sindicato Nacional de Trabajadores En Sonora en Equipo publicamos toda la informaci\u00f3n de Sonora, M\u00e9xico y el Mundo de manera oportuna y busca que la libertad de expresi\u00f3n sea real. Visita nuestro medio informativo publicado desde Hermosillo, Sonora. %","robots":{"index":"index","follow":"follow","max-snippet":"max-snippet:-1","max-image-preview":"max-image-preview:large","max-video-preview":"max-video-preview:-1"},"canonical":"https:\/\/www.sonoraenequipo.com.mx\/recibe-congreso-de-sonora-propuestas-sobre-reforma-a-la-ley-del-imss-en-parlamento-abierto\/","og_locale":"es_ES","og_type":"article","og_title":"Sonora en Equipo. Recibe Congreso de Sonora propuestas sobre reforma a la Ley del IMSS en Parlamento Abierto Congreso","og_description":"&nbsp; &nbsp; NOGALES, SONORA, MX.\u02d7\u02d7\u02d7\u00a0 Trabajadores del Instituto Mexicano del Seguro Social (IMSS), representantes del Sindicato Nacional de Trabajadores En Sonora en Equipo publicamos toda la informaci\u00f3n de Sonora, M\u00e9xico y el Mundo de manera oportuna y busca que la libertad de expresi\u00f3n sea real. Visita nuestro medio informativo publicado desde Hermosillo, Sonora. %","og_url":"https:\/\/www.sonoraenequipo.com.mx\/recibe-congreso-de-sonora-propuestas-sobre-reforma-a-la-ley-del-imss-en-parlamento-abierto\/","og_site_name":"Sonora en Equipo.","article_publisher":"https:\/\/www.facebook.com\/SonoraEE\/","article_author":"https:\/\/www.facebook.com\/SonoraEE","article_published_time":"2024-05-21T20:04:00+00:00","og_image":[{"width":800,"height":533,"url":"https:\/\/www.sonoraenequipo.com.mx\/storage\/2024\/05\/congreso-ley-imss.jpg","type":"image\/jpeg"}],"author":"enequipo","twitter_card":"summary_large_image","twitter_creator":"@sonoraenequipo","twitter_site":"@sonoraenequipo","twitter_misc":{"Escrito por":"enequipo","Tiempo de lectura":"1 minuto"},"schema":{"@context":"https:\/\/schema.org","@graph":[{"@type":"Article","@id":"https:\/\/www.sonoraenequipo.com.mx\/recibe-congreso-de-sonora-propuestas-sobre-reforma-a-la-ley-del-imss-en-parlamento-abierto\/#article","isPartOf":{"@id":"https:\/\/www.sonoraenequipo.com.mx\/recibe-congreso-de-sonora-propuestas-sobre-reforma-a-la-ley-del-imss-en-parlamento-abierto\/"},"author":{"name":"enequipo","@id":"https:\/\/www.sonoraenequipo.com.mx\/#\/schema\/person\/50102df0fb23a8fa9e8effad8fa81386"},"headline":"Recibe Congreso de Sonora propuestas sobre reforma a la Ley del IMSS en Parlamento Abierto","datePublished":"2024-05-21T20:04:00+00:00","mainEntityOfPage":{"@id":"https:\/\/www.sonoraenequipo.com.mx\/recibe-congreso-de-sonora-propuestas-sobre-reforma-a-la-ley-del-imss-en-parlamento-abierto\/"},"wordCount":294,"commentCount":0,"publisher":{"@id":"https:\/\/www.sonoraenequipo.com.mx\/#organization"},"image":{"@id":"https:\/\/www.sonoraenequipo.com.mx\/recibe-congreso-de-sonora-propuestas-sobre-reforma-a-la-ley-del-imss-en-parlamento-abierto\/#primaryimage"},"thumbnailUrl":"https:\/\/www.sonoraenequipo.com.mx\/storage\/2024\/05\/congreso-ley-imss.jpg","keywords":["congreso sonora","ley imss"],"articleSection":["Congreso"],"inLanguage":"es","potentialAction":[{"@type":"CommentAction","name":"Comment","target":["https:\/\/www.sonoraenequipo.com.mx\/recibe-congreso-de-sonora-propuestas-sobre-reforma-a-la-ley-del-imss-en-parlamento-abierto\/#respond"]}]},{"@type":"WebPage","@id":"https:\/\/www.sonoraenequipo.com.mx\/recibe-congreso-de-sonora-propuestas-sobre-reforma-a-la-ley-del-imss-en-parlamento-abierto\/","url":"https:\/\/www.sonoraenequipo.com.mx\/recibe-congreso-de-sonora-propuestas-sobre-reforma-a-la-ley-del-imss-en-parlamento-abierto\/","name":"Sonora en Equipo. Recibe Congreso de Sonora propuestas sobre reforma a la Ley del IMSS en Parlamento Abierto Congreso","isPartOf":{"@id":"https:\/\/www.sonoraenequipo.com.mx\/#website"},"primaryImageOfPage":{"@id":"https:\/\/www.sonoraenequipo.com.mx\/recibe-congreso-de-sonora-propuestas-sobre-reforma-a-la-ley-del-imss-en-parlamento-abierto\/#primaryimage"},"image":{"@id":"https:\/\/www.sonoraenequipo.com.mx\/recibe-congreso-de-sonora-propuestas-sobre-reforma-a-la-ley-del-imss-en-parlamento-abierto\/#primaryimage"},"thumbnailUrl":"https:\/\/www.sonoraenequipo.com.mx\/storage\/2024\/05\/congreso-ley-imss.jpg","datePublished":"2024-05-21T20:04:00+00:00","description":"&nbsp; &nbsp; NOGALES, SONORA, MX.\u02d7\u02d7\u02d7\u00a0 Trabajadores del Instituto Mexicano del Seguro Social (IMSS), representantes del Sindicato Nacional de Trabajadores En Sonora en Equipo publicamos toda la informaci\u00f3n de Sonora, M\u00e9xico y el Mundo de manera oportuna y busca que la libertad de expresi\u00f3n sea real. Visita nuestro medio informativo publicado desde Hermosillo, Sonora. %","breadcrumb":{"@id":"https:\/\/www.sonoraenequipo.com.mx\/recibe-congreso-de-sonora-propuestas-sobre-reforma-a-la-ley-del-imss-en-parlamento-abierto\/#breadcrumb"},"inLanguage":"es","potentialAction":[{"@type":"ReadAction","target":["https:\/\/www.sonoraenequipo.com.mx\/recibe-congreso-de-sonora-propuestas-sobre-reforma-a-la-ley-del-imss-en-parlamento-abierto\/"]}]},{"@type":"ImageObject","inLanguage":"es","@id":"https:\/\/www.sonoraenequipo.com.mx\/recibe-congreso-de-sonora-propuestas-sobre-reforma-a-la-ley-del-imss-en-parlamento-abierto\/#primaryimage","url":"https:\/\/www.sonoraenequipo.com.mx\/storage\/2024\/05\/congreso-ley-imss.jpg","contentUrl":"https:\/\/www.sonoraenequipo.com.mx\/storage\/2024\/05\/congreso-ley-imss.jpg","width":800,"height":533},{"@type":"BreadcrumbList","@id":"https:\/\/www.sonoraenequipo.com.mx\/recibe-congreso-de-sonora-propuestas-sobre-reforma-a-la-ley-del-imss-en-parlamento-abierto\/#breadcrumb","itemListElement":[{"@type":"ListItem","position":1,"name":"Portada","item":"https:\/\/www.sonoraenequipo.com.mx\/"},{"@type":"ListItem","position":2,"name":"Recibe Congreso de Sonora propuestas sobre reforma a la Ley del IMSS en Parlamento Abierto"}]},{"@type":"WebSite","@id":"https:\/\/www.sonoraenequipo.com.mx\/#website","url":"https:\/\/www.sonoraenequipo.com.mx\/","name":"Sonora en Equipo.","description":"Diario en l\u00ednea con Noticias desde Hermosillo, Sonora","publisher":{"@id":"https:\/\/www.sonoraenequipo.com.mx\/#organization"},"potentialAction":[{"@type":"SearchAction","target":{"@type":"EntryPoint","urlTemplate":"https:\/\/www.sonoraenequipo.com.mx\/?s={search_term_string}"},"query-input":{"@type":"PropertyValueSpecification","valueRequired":true,"valueName":"search_term_string"}}],"inLanguage":"es"},{"@type":"Organization","@id":"https:\/\/www.sonoraenequipo.com.mx\/#organization","name":"Sonoraenequipo.com.mx","url":"https:\/\/www.sonoraenequipo.com.mx\/","logo":{"@type":"ImageObject","inLanguage":"es","@id":"https:\/\/www.sonoraenequipo.com.mx\/#\/schema\/logo\/image\/","url":"https:\/\/www.sonoraenequipo.com.mx\/storage\/2019\/01\/sonoraenequipo_opt.png","contentUrl":"https:\/\/www.sonoraenequipo.com.mx\/storage\/2019\/01\/sonoraenequipo_opt.png","width":375,"height":125,"caption":"Sonoraenequipo.com.mx"},"image":{"@id":"https:\/\/www.sonoraenequipo.com.mx\/#\/schema\/logo\/image\/"},"sameAs":["https:\/\/www.facebook.com\/SonoraEE\/","https:\/\/x.com\/sonoraenequipo","https:\/\/www.youtube.com\/channel\/UC338nW-lPEYmJQs4ZABQ1SQ"]},{"@type":"Person","@id":"https:\/\/www.sonoraenequipo.com.mx\/#\/schema\/person\/50102df0fb23a8fa9e8effad8fa81386","name":"enequipo","image":{"@type":"ImageObject","inLanguage":"es","@id":"https:\/\/www.sonoraenequipo.com.mx\/#\/schema\/person\/image\/","url":"https:\/\/secure.gravatar.com\/avatar\/049821681b589dabc0bc20695993ccebb09f5b5d4d790cd9251b97faac7c652b?s=96&d=blank&r=g","contentUrl":"https:\/\/secure.gravatar.com\/avatar\/049821681b589dabc0bc20695993ccebb09f5b5d4d790cd9251b97faac7c652b?s=96&d=blank&r=g","caption":"enequipo"},"sameAs":["https:\/\/www.facebook.com\/SonoraEE"]}]}},"jetpack_featured_media_url":"https:\/\/www.sonoraenequipo.com.mx\/storage\/2024\/05\/congreso-ley-imss.jpg","_links":{"self":[{"href":"https:\/\/www.sonoraenequipo.com.mx\/api\/wp\/v2\/posts\/190241","targetHints":{"allow":["GET"]}}],"collection":[{"href":"https:\/\/www.sonoraenequipo.com.mx\/api\/wp\/v2\/posts"}],"about":[{"href":"https:\/\/www.sonoraenequipo.com.mx\/api\/wp\/v2\/types\/post"}],"author":[{"embeddable":true,"href":"https:\/\/www.sonoraenequipo.com.mx\/api\/wp\/v2\/users\/1"}],"replies":[{"embeddable":true,"href":"https:\/\/www.sonoraenequipo.com.mx\/api\/wp\/v2\/comments?post=190241"}],"version-history":[{"count":1,"href":"https:\/\/www.sonoraenequipo.com.mx\/api\/wp\/v2\/posts\/190241\/revisions"}],"predecessor-version":[{"id":190248,"href":"https:\/\/www.sonoraenequipo.com.mx\/api\/wp\/v2\/posts\/190241\/revisions\/190248"}],"wp:featuredmedia":[{"embeddable":true,"href":"https:\/\/www.sonoraenequipo.com.mx\/api\/wp\/v2\/media\/190246"}],"wp:attachment":[{"href":"https:\/\/www.sonoraenequipo.com.mx\/api\/wp\/v2\/media?parent=190241"}],"wp:term":[{"taxonomy":"category","embeddable":true,"href":"https:\/\/www.sonoraenequipo.com.mx\/api\/wp\/v2\/categories?post=190241"},{"taxonomy":"post_tag","embeddable":true,"href":"https:\/\/www.sonoraenequipo.com.mx\/api\/wp\/v2\/tags?post=190241"}],"curies":[{"name":"wp","href":"https:\/\/api.w.org\/{rel}","templated":true}]}}