{"id":190263,"date":"2024-05-21T14:40:32","date_gmt":"2024-05-21T21:40:32","guid":{"rendered":"https:\/\/www.sonoraenequipo.com.mx\/?p=190263"},"modified":"2024-05-21T14:40:32","modified_gmt":"2024-05-21T21:40:32","slug":"tercer-debate-presidencial-fue-visto-por-13-9-millones-de-personas-ine","status":"publish","type":"post","link":"https:\/\/www.sonoraenequipo.com.mx\/tercer-debate-presidencial-fue-visto-por-13-9-millones-de-personas-ine\/","title":{"rendered":"Tercer Debate Presidencial fue visto por 13.9 millones de personas: INE"},"content":{"rendered":"<p>Tercer Debate Presidencial fue visto por 13.9 millones de personas: INE<\/p>\n<p>&nbsp;<\/p>\n<p>&nbsp;<\/p>\n<p>&nbsp;<\/p>\n<p>El Tercer Debate Presidencial titulado Democracia y gobierno: di\u00e1logos constructivos que se realiz\u00f3 en el Centro Cultural Universitario Tlatelolco (CCUT) de la Universidad Nacional Aut\u00f3noma de M\u00e9xico (UNAM) fue visto por 11.6 millones de personas mayores de 18 a\u00f1os en televisi\u00f3n, y 13.9 millones de personas seg\u00fan la medici\u00f3n de la empresa HR Media.<\/p>\n<p>&nbsp;<\/p>\n<p>De acuerdo con el reporte, 55 % de la audiencia que vio el ejercicio deliberativo fueron mujeres. Asimismo, cada persona vio en promedio 34 minutos del debate.<\/p>\n<p>&nbsp;<\/p>\n<p>Por otra parte, de los cuatro segmentos que conformaron el Formato \u201cC\u201d de este \u00faltimo debate, el tercero titulado: migraci\u00f3n y pol\u00edtica exterior fue el m\u00e1s visto tras alcanzar 12.1 puntos de rating. El segmento democracia, pluralismo y divisi\u00f3n de poderes fue el segundo con 12.0 puntos de rating, seguido por el de inseguridad y crimen organizado con 11.6 puntos y finalmente el de pol\u00edtica social con 9.7.<\/p>\n<p>&nbsp;<\/p>\n<p>Respecto a las y los televidentes, se da a conocer que el 43 % fueron amas de casa. En cuanto al rango de edad el 41 % tienen de 30 a 54 a\u00f1os.<\/p>\n<p>&nbsp;<\/p>\n<p>Igualmente, el 43 % de la audiencia tiene un nivel socioecon\u00f3mico ABC+C; el 49 % educaci\u00f3n media o superior; el 61 % tiene empleo; el 82 % cuenta con servicio de internet, y el 43 % pertenece a un hogar de cuatro a cinco habitantes.<\/p>\n<p>&nbsp;<\/p>\n<p>El INE reconoce el inter\u00e9s de la ciudadan\u00eda en los debates presidenciales, cuya finalidad es garantizar que las y los mexicanos cuenten con informaci\u00f3n suficiente sobre las candidaturas para emitir un voto informado en la Jornada Electoral del pr\u00f3ximo 2 de junio.<\/p>\n<p><strong>Fecha de publicaci\u00f3n martes 21 de mayo de 2024<\/strong><\/p>\n","protected":false},"excerpt":{"rendered":"<p>Tercer Debate Presidencial fue visto por 13.9 millones de personas: INE &nbsp; &nbsp; &nbsp; El&#8230;<\/p>\n","protected":false},"author":1,"featured_media":190130,"comment_status":"open","ping_status":"open","sticky":false,"template":"","format":"standard","meta":{"_monsterinsights_skip_tracking":false,"_monsterinsights_sitenote_active":false,"_monsterinsights_sitenote_note":"","_monsterinsights_sitenote_category":0,"footnotes":""},"categories":[9400],"tags":[2837],"class_list":["post"],"yoast_head":" \n<title>Sonora en Equipo. Tercer Debate Presidencial fue visto por 13.9 millones de personas: INE ELECCI\u00d3NES<\/title>\n<meta name=\"description\" content=\"Tercer Debate Presidencial fue visto por 13.9 millones de personas: INE &nbsp; &nbsp; &nbsp; El Tercer Debate Presidencial titulado Democracia y gobierno: En Sonora en Equipo publicamos toda la informaci\u00f3n de Sonora, M\u00e9xico y el Mundo de manera oportuna y busca que la libertad de expresi\u00f3n sea real. Visita nuestro medio informativo publicado desde Hermosillo, Sonora. %\" \/>\n<meta name=\"robots\" content=\"index, follow, max-snippet:-1, max-image-preview:large, max-video-preview:-1\" \/>\n<link rel=\"canonical\" href=\"https:\/\/www.sonoraenequipo.com.mx\/tercer-debate-presidencial-fue-visto-por-13-9-millones-de-personas-ine\/\" \/>\n<meta property=\"og:locale\" content=\"es_ES\" \/>\n<meta property=\"og:type\" content=\"article\" \/>\n<meta property=\"og:title\" content=\"Sonora en Equipo. Tercer Debate Presidencial fue visto por 13.9 millones de personas: INE ELECCI\u00d3NES\" \/>\n<meta property=\"og:description\" content=\"Tercer Debate Presidencial fue visto por 13.9 millones de personas: INE &nbsp; &nbsp; &nbsp; El Tercer Debate Presidencial titulado Democracia y gobierno: En Sonora en Equipo publicamos toda la informaci\u00f3n de Sonora, M\u00e9xico y el Mundo de manera oportuna y busca que la libertad de expresi\u00f3n sea real. Visita nuestro medio informativo publicado desde Hermosillo, Sonora. %\" \/>\n<meta property=\"og:url\" content=\"https:\/\/www.sonoraenequipo.com.mx\/tercer-debate-presidencial-fue-visto-por-13-9-millones-de-personas-ine\/\" \/>\n<meta property=\"og:site_name\" content=\"Sonora en Equipo.\" \/>\n<meta property=\"article:publisher\" content=\"https:\/\/www.facebook.com\/SonoraEE\/\" \/>\n<meta property=\"article:author\" content=\"https:\/\/www.facebook.com\/SonoraEE\" \/>\n<meta property=\"article:published_time\" content=\"2024-05-21T21:40:32+00:00\" \/>\n<meta property=\"og:image\" content=\"https:\/\/www.sonoraenequipo.com.mx\/storage\/2024\/05\/debate-2024-min.jpg\" \/>\n\t<meta property=\"og:image:width\" content=\"900\" \/>\n\t<meta property=\"og:image:height\" content=\"524\" \/>\n\t<meta property=\"og:image:type\" content=\"image\/jpeg\" \/>\n<meta name=\"author\" content=\"enequipo\" \/>\n<meta name=\"twitter:card\" content=\"summary_large_image\" \/>\n<meta name=\"twitter:creator\" content=\"@sonoraenequipo\" \/>\n<meta name=\"twitter:site\" content=\"@sonoraenequipo\" \/>\n<meta name=\"twitter:label1\" content=\"Escrito por\" \/>\n\t<meta name=\"twitter:data1\" content=\"enequipo\" \/>\n\t<meta name=\"twitter:label2\" content=\"Tiempo de lectura\" \/>\n\t<meta name=\"twitter:data2\" content=\"1 minuto\" \/>\n<script type=\"application\/ld+json\" class=\"yoast-schema-graph\">{\"@context\":\"https:\/\/schema.org\",\"@graph\":[{\"@type\":\"Article\",\"@id\":\"https:\/\/www.sonoraenequipo.com.mx\/tercer-debate-presidencial-fue-visto-por-13-9-millones-de-personas-ine\/#article\",\"isPartOf\":{\"@id\":\"https:\/\/www.sonoraenequipo.com.mx\/tercer-debate-presidencial-fue-visto-por-13-9-millones-de-personas-ine\/\"},\"author\":{\"name\":\"enequipo\",\"@id\":\"https:\/\/www.sonoraenequipo.com.mx\/#\/schema\/person\/50102df0fb23a8fa9e8effad8fa81386\"},\"headline\":\"Tercer Debate Presidencial fue visto por 13.9 millones de personas: INE\",\"datePublished\":\"2024-05-21T21:40:32+00:00\",\"mainEntityOfPage\":{\"@id\":\"https:\/\/www.sonoraenequipo.com.mx\/tercer-debate-presidencial-fue-visto-por-13-9-millones-de-personas-ine\/\"},\"wordCount\":298,\"commentCount\":0,\"publisher\":{\"@id\":\"https:\/\/www.sonoraenequipo.com.mx\/#organization\"},\"image\":{\"@id\":\"https:\/\/www.sonoraenequipo.com.mx\/tercer-debate-presidencial-fue-visto-por-13-9-millones-de-personas-ine\/#primaryimage\"},\"thumbnailUrl\":\"https:\/\/www.sonoraenequipo.com.mx\/storage\/2024\/05\/debate-2024-min.jpg\",\"keywords\":[\"TERCER DEBATE PRESIDENCIAL\"],\"articleSection\":[\"ELECCI\u00d3NES\"],\"inLanguage\":\"es\",\"potentialAction\":[{\"@type\":\"CommentAction\",\"name\":\"Comment\",\"target\":[\"https:\/\/www.sonoraenequipo.com.mx\/tercer-debate-presidencial-fue-visto-por-13-9-millones-de-personas-ine\/#respond\"]}]},{\"@type\":\"WebPage\",\"@id\":\"https:\/\/www.sonoraenequipo.com.mx\/tercer-debate-presidencial-fue-visto-por-13-9-millones-de-personas-ine\/\",\"url\":\"https:\/\/www.sonoraenequipo.com.mx\/tercer-debate-presidencial-fue-visto-por-13-9-millones-de-personas-ine\/\",\"name\":\"Sonora en Equipo. Tercer Debate Presidencial fue visto por 13.9 millones de personas: INE ELECCI\u00d3NES\",\"isPartOf\":{\"@id\":\"https:\/\/www.sonoraenequipo.com.mx\/#website\"},\"primaryImageOfPage\":{\"@id\":\"https:\/\/www.sonoraenequipo.com.mx\/tercer-debate-presidencial-fue-visto-por-13-9-millones-de-personas-ine\/#primaryimage\"},\"image\":{\"@id\":\"https:\/\/www.sonoraenequipo.com.mx\/tercer-debate-presidencial-fue-visto-por-13-9-millones-de-personas-ine\/#primaryimage\"},\"thumbnailUrl\":\"https:\/\/www.sonoraenequipo.com.mx\/storage\/2024\/05\/debate-2024-min.jpg\",\"datePublished\":\"2024-05-21T21:40:32+00:00\",\"description\":\"Tercer Debate Presidencial fue visto por 13.9 millones de personas: INE &nbsp; &nbsp; &nbsp; El Tercer Debate Presidencial titulado Democracia y gobierno: En Sonora en Equipo publicamos toda la informaci\u00f3n de Sonora, M\u00e9xico y el Mundo de manera oportuna y busca que la libertad de expresi\u00f3n sea real. Visita nuestro medio informativo publicado desde Hermosillo, Sonora. %\",\"breadcrumb\":{\"@id\":\"https:\/\/www.sonoraenequipo.com.mx\/tercer-debate-presidencial-fue-visto-por-13-9-millones-de-personas-ine\/#breadcrumb\"},\"inLanguage\":\"es\",\"potentialAction\":[{\"@type\":\"ReadAction\",\"target\":[\"https:\/\/www.sonoraenequipo.com.mx\/tercer-debate-presidencial-fue-visto-por-13-9-millones-de-personas-ine\/\"]}]},{\"@type\":\"ImageObject\",\"inLanguage\":\"es\",\"@id\":\"https:\/\/www.sonoraenequipo.com.mx\/tercer-debate-presidencial-fue-visto-por-13-9-millones-de-personas-ine\/#primaryimage\",\"url\":\"https:\/\/www.sonoraenequipo.com.mx\/storage\/2024\/05\/debate-2024-min.jpg\",\"contentUrl\":\"https:\/\/www.sonoraenequipo.com.mx\/storage\/2024\/05\/debate-2024-min.jpg\",\"width\":900,\"height\":524},{\"@type\":\"BreadcrumbList\",\"@id\":\"https:\/\/www.sonoraenequipo.com.mx\/tercer-debate-presidencial-fue-visto-por-13-9-millones-de-personas-ine\/#breadcrumb\",\"itemListElement\":[{\"@type\":\"ListItem\",\"position\":1,\"name\":\"Portada\",\"item\":\"https:\/\/www.sonoraenequipo.com.mx\/\"},{\"@type\":\"ListItem\",\"position\":2,\"name\":\"Tercer Debate Presidencial fue visto por 13.9 millones de personas: INE\"}]},{\"@type\":\"WebSite\",\"@id\":\"https:\/\/www.sonoraenequipo.com.mx\/#website\",\"url\":\"https:\/\/www.sonoraenequipo.com.mx\/\",\"name\":\"Sonora en Equipo.\",\"description\":\"Diario en l\u00ednea con Noticias desde Hermosillo, Sonora\",\"publisher\":{\"@id\":\"https:\/\/www.sonoraenequipo.com.mx\/#organization\"},\"potentialAction\":[{\"@type\":\"SearchAction\",\"target\":{\"@type\":\"EntryPoint\",\"urlTemplate\":\"https:\/\/www.sonoraenequipo.com.mx\/?s={search_term_string}\"},\"query-input\":{\"@type\":\"PropertyValueSpecification\",\"valueRequired\":true,\"valueName\":\"search_term_string\"}}],\"inLanguage\":\"es\"},{\"@type\":\"Organization\",\"@id\":\"https:\/\/www.sonoraenequipo.com.mx\/#organization\",\"name\":\"Sonoraenequipo.com.mx\",\"url\":\"https:\/\/www.sonoraenequipo.com.mx\/\",\"logo\":{\"@type\":\"ImageObject\",\"inLanguage\":\"es\",\"@id\":\"https:\/\/www.sonoraenequipo.com.mx\/#\/schema\/logo\/image\/\",\"url\":\"https:\/\/www.sonoraenequipo.com.mx\/storage\/2019\/01\/sonoraenequipo_opt.png\",\"contentUrl\":\"https:\/\/www.sonoraenequipo.com.mx\/storage\/2019\/01\/sonoraenequipo_opt.png\",\"width\":375,\"height\":125,\"caption\":\"Sonoraenequipo.com.mx\"},\"image\":{\"@id\":\"https:\/\/www.sonoraenequipo.com.mx\/#\/schema\/logo\/image\/\"},\"sameAs\":[\"https:\/\/www.facebook.com\/SonoraEE\/\",\"https:\/\/x.com\/sonoraenequipo\",\"https:\/\/www.youtube.com\/channel\/UC338nW-lPEYmJQs4ZABQ1SQ\"]},{\"@type\":\"Person\",\"@id\":\"https:\/\/www.sonoraenequipo.com.mx\/#\/schema\/person\/50102df0fb23a8fa9e8effad8fa81386\",\"name\":\"enequipo\",\"image\":{\"@type\":\"ImageObject\",\"inLanguage\":\"es\",\"@id\":\"https:\/\/www.sonoraenequipo.com.mx\/#\/schema\/person\/image\/\",\"url\":\"https:\/\/secure.gravatar.com\/avatar\/049821681b589dabc0bc20695993ccebb09f5b5d4d790cd9251b97faac7c652b?s=96&d=blank&r=g\",\"contentUrl\":\"https:\/\/secure.gravatar.com\/avatar\/049821681b589dabc0bc20695993ccebb09f5b5d4d790cd9251b97faac7c652b?s=96&d=blank&r=g\",\"caption\":\"enequipo\"},\"sameAs\":[\"https:\/\/www.facebook.com\/SonoraEE\"]}]}<\/script>\n ","yoast_head_json":{"title":"Sonora en Equipo. Tercer Debate Presidencial fue visto por 13.9 millones de personas: INE ELECCI\u00d3NES","description":"Tercer Debate Presidencial fue visto por 13.9 millones de personas: INE &nbsp; &nbsp; &nbsp; El Tercer Debate Presidencial titulado Democracia y gobierno: En Sonora en Equipo publicamos toda la informaci\u00f3n de Sonora, M\u00e9xico y el Mundo de manera oportuna y busca que la libertad de expresi\u00f3n sea real. Visita nuestro medio informativo publicado desde Hermosillo, Sonora. %","robots":{"index":"index","follow":"follow","max-snippet":"max-snippet:-1","max-image-preview":"max-image-preview:large","max-video-preview":"max-video-preview:-1"},"canonical":"https:\/\/www.sonoraenequipo.com.mx\/tercer-debate-presidencial-fue-visto-por-13-9-millones-de-personas-ine\/","og_locale":"es_ES","og_type":"article","og_title":"Sonora en Equipo. Tercer Debate Presidencial fue visto por 13.9 millones de personas: INE ELECCI\u00d3NES","og_description":"Tercer Debate Presidencial fue visto por 13.9 millones de personas: INE &nbsp; &nbsp; &nbsp; El Tercer Debate Presidencial titulado Democracia y gobierno: En Sonora en Equipo publicamos toda la informaci\u00f3n de Sonora, M\u00e9xico y el Mundo de manera oportuna y busca que la libertad de expresi\u00f3n sea real. Visita nuestro medio informativo publicado desde Hermosillo, Sonora. %","og_url":"https:\/\/www.sonoraenequipo.com.mx\/tercer-debate-presidencial-fue-visto-por-13-9-millones-de-personas-ine\/","og_site_name":"Sonora en Equipo.","article_publisher":"https:\/\/www.facebook.com\/SonoraEE\/","article_author":"https:\/\/www.facebook.com\/SonoraEE","article_published_time":"2024-05-21T21:40:32+00:00","og_image":[{"width":900,"height":524,"url":"https:\/\/www.sonoraenequipo.com.mx\/storage\/2024\/05\/debate-2024-min.jpg","type":"image\/jpeg"}],"author":"enequipo","twitter_card":"summary_large_image","twitter_creator":"@sonoraenequipo","twitter_site":"@sonoraenequipo","twitter_misc":{"Escrito por":"enequipo","Tiempo de lectura":"1 minuto"},"schema":{"@context":"https:\/\/schema.org","@graph":[{"@type":"Article","@id":"https:\/\/www.sonoraenequipo.com.mx\/tercer-debate-presidencial-fue-visto-por-13-9-millones-de-personas-ine\/#article","isPartOf":{"@id":"https:\/\/www.sonoraenequipo.com.mx\/tercer-debate-presidencial-fue-visto-por-13-9-millones-de-personas-ine\/"},"author":{"name":"enequipo","@id":"https:\/\/www.sonoraenequipo.com.mx\/#\/schema\/person\/50102df0fb23a8fa9e8effad8fa81386"},"headline":"Tercer Debate Presidencial fue visto por 13.9 millones de personas: INE","datePublished":"2024-05-21T21:40:32+00:00","mainEntityOfPage":{"@id":"https:\/\/www.sonoraenequipo.com.mx\/tercer-debate-presidencial-fue-visto-por-13-9-millones-de-personas-ine\/"},"wordCount":298,"commentCount":0,"publisher":{"@id":"https:\/\/www.sonoraenequipo.com.mx\/#organization"},"image":{"@id":"https:\/\/www.sonoraenequipo.com.mx\/tercer-debate-presidencial-fue-visto-por-13-9-millones-de-personas-ine\/#primaryimage"},"thumbnailUrl":"https:\/\/www.sonoraenequipo.com.mx\/storage\/2024\/05\/debate-2024-min.jpg","keywords":["TERCER DEBATE PRESIDENCIAL"],"articleSection":["ELECCI\u00d3NES"],"inLanguage":"es","potentialAction":[{"@type":"CommentAction","name":"Comment","target":["https:\/\/www.sonoraenequipo.com.mx\/tercer-debate-presidencial-fue-visto-por-13-9-millones-de-personas-ine\/#respond"]}]},{"@type":"WebPage","@id":"https:\/\/www.sonoraenequipo.com.mx\/tercer-debate-presidencial-fue-visto-por-13-9-millones-de-personas-ine\/","url":"https:\/\/www.sonoraenequipo.com.mx\/tercer-debate-presidencial-fue-visto-por-13-9-millones-de-personas-ine\/","name":"Sonora en Equipo. Tercer Debate Presidencial fue visto por 13.9 millones de personas: INE ELECCI\u00d3NES","isPartOf":{"@id":"https:\/\/www.sonoraenequipo.com.mx\/#website"},"primaryImageOfPage":{"@id":"https:\/\/www.sonoraenequipo.com.mx\/tercer-debate-presidencial-fue-visto-por-13-9-millones-de-personas-ine\/#primaryimage"},"image":{"@id":"https:\/\/www.sonoraenequipo.com.mx\/tercer-debate-presidencial-fue-visto-por-13-9-millones-de-personas-ine\/#primaryimage"},"thumbnailUrl":"https:\/\/www.sonoraenequipo.com.mx\/storage\/2024\/05\/debate-2024-min.jpg","datePublished":"2024-05-21T21:40:32+00:00","description":"Tercer Debate Presidencial fue visto por 13.9 millones de personas: INE &nbsp; &nbsp; &nbsp; El Tercer Debate Presidencial titulado Democracia y gobierno: En Sonora en Equipo publicamos toda la informaci\u00f3n de Sonora, M\u00e9xico y el Mundo de manera oportuna y busca que la libertad de expresi\u00f3n sea real. Visita nuestro medio informativo publicado desde Hermosillo, Sonora. %","breadcrumb":{"@id":"https:\/\/www.sonoraenequipo.com.mx\/tercer-debate-presidencial-fue-visto-por-13-9-millones-de-personas-ine\/#breadcrumb"},"inLanguage":"es","potentialAction":[{"@type":"ReadAction","target":["https:\/\/www.sonoraenequipo.com.mx\/tercer-debate-presidencial-fue-visto-por-13-9-millones-de-personas-ine\/"]}]},{"@type":"ImageObject","inLanguage":"es","@id":"https:\/\/www.sonoraenequipo.com.mx\/tercer-debate-presidencial-fue-visto-por-13-9-millones-de-personas-ine\/#primaryimage","url":"https:\/\/www.sonoraenequipo.com.mx\/storage\/2024\/05\/debate-2024-min.jpg","contentUrl":"https:\/\/www.sonoraenequipo.com.mx\/storage\/2024\/05\/debate-2024-min.jpg","width":900,"height":524},{"@type":"BreadcrumbList","@id":"https:\/\/www.sonoraenequipo.com.mx\/tercer-debate-presidencial-fue-visto-por-13-9-millones-de-personas-ine\/#breadcrumb","itemListElement":[{"@type":"ListItem","position":1,"name":"Portada","item":"https:\/\/www.sonoraenequipo.com.mx\/"},{"@type":"ListItem","position":2,"name":"Tercer Debate Presidencial fue visto por 13.9 millones de personas: INE"}]},{"@type":"WebSite","@id":"https:\/\/www.sonoraenequipo.com.mx\/#website","url":"https:\/\/www.sonoraenequipo.com.mx\/","name":"Sonora en Equipo.","description":"Diario en l\u00ednea con Noticias desde Hermosillo, Sonora","publisher":{"@id":"https:\/\/www.sonoraenequipo.com.mx\/#organization"},"potentialAction":[{"@type":"SearchAction","target":{"@type":"EntryPoint","urlTemplate":"https:\/\/www.sonoraenequipo.com.mx\/?s={search_term_string}"},"query-input":{"@type":"PropertyValueSpecification","valueRequired":true,"valueName":"search_term_string"}}],"inLanguage":"es"},{"@type":"Organization","@id":"https:\/\/www.sonoraenequipo.com.mx\/#organization","name":"Sonoraenequipo.com.mx","url":"https:\/\/www.sonoraenequipo.com.mx\/","logo":{"@type":"ImageObject","inLanguage":"es","@id":"https:\/\/www.sonoraenequipo.com.mx\/#\/schema\/logo\/image\/","url":"https:\/\/www.sonoraenequipo.com.mx\/storage\/2019\/01\/sonoraenequipo_opt.png","contentUrl":"https:\/\/www.sonoraenequipo.com.mx\/storage\/2019\/01\/sonoraenequipo_opt.png","width":375,"height":125,"caption":"Sonoraenequipo.com.mx"},"image":{"@id":"https:\/\/www.sonoraenequipo.com.mx\/#\/schema\/logo\/image\/"},"sameAs":["https:\/\/www.facebook.com\/SonoraEE\/","https:\/\/x.com\/sonoraenequipo","https:\/\/www.youtube.com\/channel\/UC338nW-lPEYmJQs4ZABQ1SQ"]},{"@type":"Person","@id":"https:\/\/www.sonoraenequipo.com.mx\/#\/schema\/person\/50102df0fb23a8fa9e8effad8fa81386","name":"enequipo","image":{"@type":"ImageObject","inLanguage":"es","@id":"https:\/\/www.sonoraenequipo.com.mx\/#\/schema\/person\/image\/","url":"https:\/\/secure.gravatar.com\/avatar\/049821681b589dabc0bc20695993ccebb09f5b5d4d790cd9251b97faac7c652b?s=96&d=blank&r=g","contentUrl":"https:\/\/secure.gravatar.com\/avatar\/049821681b589dabc0bc20695993ccebb09f5b5d4d790cd9251b97faac7c652b?s=96&d=blank&r=g","caption":"enequipo"},"sameAs":["https:\/\/www.facebook.com\/SonoraEE"]}]}},"jetpack_featured_media_url":"https:\/\/www.sonoraenequipo.com.mx\/storage\/2024\/05\/debate-2024-min.jpg","_links":{"self":[{"href":"https:\/\/www.sonoraenequipo.com.mx\/api\/wp\/v2\/posts\/190263","targetHints":{"allow":["GET"]}}],"collection":[{"href":"https:\/\/www.sonoraenequipo.com.mx\/api\/wp\/v2\/posts"}],"about":[{"href":"https:\/\/www.sonoraenequipo.com.mx\/api\/wp\/v2\/types\/post"}],"author":[{"embeddable":true,"href":"https:\/\/www.sonoraenequipo.com.mx\/api\/wp\/v2\/users\/1"}],"replies":[{"embeddable":true,"href":"https:\/\/www.sonoraenequipo.com.mx\/api\/wp\/v2\/comments?post=190263"}],"version-history":[{"count":1,"href":"https:\/\/www.sonoraenequipo.com.mx\/api\/wp\/v2\/posts\/190263\/revisions"}],"predecessor-version":[{"id":190264,"href":"https:\/\/www.sonoraenequipo.com.mx\/api\/wp\/v2\/posts\/190263\/revisions\/190264"}],"wp:featuredmedia":[{"embeddable":true,"href":"https:\/\/www.sonoraenequipo.com.mx\/api\/wp\/v2\/media\/190130"}],"wp:attachment":[{"href":"https:\/\/www.sonoraenequipo.com.mx\/api\/wp\/v2\/media?parent=190263"}],"wp:term":[{"taxonomy":"category","embeddable":true,"href":"https:\/\/www.sonoraenequipo.com.mx\/api\/wp\/v2\/categories?post=190263"},{"taxonomy":"post_tag","embeddable":true,"href":"https:\/\/www.sonoraenequipo.com.mx\/api\/wp\/v2\/tags?post=190263"}],"curies":[{"name":"wp","href":"https:\/\/api.w.org\/{rel}","templated":true}]}}