{"id":190265,"date":"2024-05-21T15:05:36","date_gmt":"2024-05-21T22:05:36","guid":{"rendered":"https:\/\/www.sonoraenequipo.com.mx\/?p=190265"},"modified":"2024-05-21T15:06:22","modified_gmt":"2024-05-21T22:06:22","slug":"modernizacion-del-parque-la-sauceda-contemplae-preservacion-y-conservacion-de-flora-y-fauna-sidur","status":"publish","type":"post","link":"https:\/\/www.sonoraenequipo.com.mx\/modernizacion-del-parque-la-sauceda-contemplae-preservacion-y-conservacion-de-flora-y-fauna-sidur\/","title":{"rendered":"Modernizaci\u00f3n del parque La Sauceda contemplae preservaci\u00f3n y conservaci\u00f3n de flora y fauna: SIDUR"},"content":{"rendered":"<p><strong>HERMOSILLO, SONORA, MX.\u02d7\u02d7\u02d7<\/strong>El proyecto de rescate y modernizaci\u00f3n de La Sauceda que est\u00e1 llevando a cabo el Gobierno de Sonora, fue formulado estrat\u00e9gicamente y apegado a la conservaci\u00f3n de la flora y fauna del lugar, inform\u00f3 la Secretar\u00eda de Infraestructura y Desarrollo Urbano (SIDUR).<\/p>\n<p>La dependencia estatal detall\u00f3 que toda acci\u00f3n que se realice estar\u00e1 supervisada por especialistas en el tema del medio ambiente y ecolog\u00eda, as\u00ed como de personal de la SIDUR, la Comisi\u00f3n de Ecolog\u00eda y Desarrollo Sustentable del Estado de Sonora (CEDES) y la Procuradur\u00eda Ambiental del Estado de Sonora (PROAES), as\u00ed como la Comisi\u00f3n Nacional Forestal (CONAFOR), instancia del Gobierno de M\u00e9xico dedicada a la conservaci\u00f3n y restauraci\u00f3n en materia forestal.<\/p>\n<p>Al ser un \u00c1rea Natural Protegida (ANP) la empresa responsable de la obra, dentro de su plantilla laboral, cuenta con un ec\u00f3logo que est\u00e1 al pendiente de la protecci\u00f3n de todas las especies y del proyecto mismo, por lo que estar\u00e1 permanentemente en las zonas de trabajo para evitar alg\u00fan da\u00f1o ecol\u00f3gico durante el proceso de la obra y la modernizaci\u00f3n de La Sauceda.<\/p>\n<p>La conservaci\u00f3n del \u00e1rea verde es una prioridad, y cualquier medida tomada se realiza con el objetivo de preservar y proteger el ecosistema del bosque.<\/p>\n<p>Sin embargo, para evitar la muerte de plantas, CEDES se encargar\u00e1 de realizar el riego manual de las especies ya existentes. El Gobierno de Sonora se compromete con la conservaci\u00f3n y el cuidado de las \u00e1reas verdes y tomaremos las medidas necesarias para garantizar su bienestar.<\/p>\n<p><strong>Fecha de publicaci\u00f3n martes 21 de mayo de 2024<\/strong><\/p>\n","protected":false},"excerpt":{"rendered":"<p>HERMOSILLO, SONORA, MX.\u02d7\u02d7\u02d7El proyecto de rescate y modernizaci\u00f3n de La Sauceda que est\u00e1 llevando a&#8230;<\/p>\n","protected":false},"author":1,"featured_media":190266,"comment_status":"open","ping_status":"open","sticky":false,"template":"","format":"standard","meta":{"_monsterinsights_skip_tracking":false,"_monsterinsights_sitenote_active":false,"_monsterinsights_sitenote_note":"","_monsterinsights_sitenote_category":0,"footnotes":""},"categories":[22],"tags":[7023,594],"class_list":["post"],"yoast_head":" \n<title>Sonora en Equipo. Modernizaci\u00f3n del parque La Sauceda contemplae preservaci\u00f3n y conservaci\u00f3n de flora y fauna: SIDUR Sonora<\/title>\n<meta name=\"description\" content=\"HERMOSILLO, SONORA, MX.\u02d7\u02d7\u02d7El proyecto de rescate y modernizaci\u00f3n de La Sauceda que est\u00e1 llevando a cabo el Gobierno de Sonora, fue formulado En Sonora en Equipo publicamos toda la informaci\u00f3n de Sonora, M\u00e9xico y el Mundo de manera oportuna y busca que la libertad de expresi\u00f3n sea real. Visita nuestro medio informativo publicado desde Hermosillo, Sonora. %\" \/>\n<meta name=\"robots\" content=\"index, follow, max-snippet:-1, max-image-preview:large, max-video-preview:-1\" \/>\n<link rel=\"canonical\" href=\"https:\/\/www.sonoraenequipo.com.mx\/modernizacion-del-parque-la-sauceda-contemplae-preservacion-y-conservacion-de-flora-y-fauna-sidur\/\" \/>\n<meta property=\"og:locale\" content=\"es_ES\" \/>\n<meta property=\"og:type\" content=\"article\" \/>\n<meta property=\"og:title\" content=\"Sonora en Equipo. Modernizaci\u00f3n del parque La Sauceda contemplae preservaci\u00f3n y conservaci\u00f3n de flora y fauna: SIDUR Sonora\" \/>\n<meta property=\"og:description\" content=\"HERMOSILLO, SONORA, MX.\u02d7\u02d7\u02d7El proyecto de rescate y modernizaci\u00f3n de La Sauceda que est\u00e1 llevando a cabo el Gobierno de Sonora, fue formulado En Sonora en Equipo publicamos toda la informaci\u00f3n de Sonora, M\u00e9xico y el Mundo de manera oportuna y busca que la libertad de expresi\u00f3n sea real. Visita nuestro medio informativo publicado desde Hermosillo, Sonora. %\" \/>\n<meta property=\"og:url\" content=\"https:\/\/www.sonoraenequipo.com.mx\/modernizacion-del-parque-la-sauceda-contemplae-preservacion-y-conservacion-de-flora-y-fauna-sidur\/\" \/>\n<meta property=\"og:site_name\" content=\"Sonora en Equipo.\" \/>\n<meta property=\"article:publisher\" content=\"https:\/\/www.facebook.com\/SonoraEE\/\" \/>\n<meta property=\"article:author\" content=\"https:\/\/www.facebook.com\/SonoraEE\" \/>\n<meta property=\"article:published_time\" content=\"2024-05-21T22:05:36+00:00\" \/>\n<meta property=\"article:modified_time\" content=\"2024-05-21T22:06:22+00:00\" \/>\n<meta property=\"og:image\" content=\"https:\/\/www.sonoraenequipo.com.mx\/storage\/2024\/05\/la-sauceda.jpg\" \/>\n\t<meta property=\"og:image:width\" content=\"800\" \/>\n\t<meta property=\"og:image:height\" content=\"533\" \/>\n\t<meta property=\"og:image:type\" content=\"image\/jpeg\" \/>\n<meta name=\"author\" content=\"enequipo\" \/>\n<meta name=\"twitter:card\" content=\"summary_large_image\" \/>\n<meta name=\"twitter:creator\" content=\"@sonoraenequipo\" \/>\n<meta name=\"twitter:site\" content=\"@sonoraenequipo\" \/>\n<meta name=\"twitter:label1\" content=\"Escrito por\" \/>\n\t<meta name=\"twitter:data1\" content=\"enequipo\" \/>\n\t<meta name=\"twitter:label2\" content=\"Tiempo de lectura\" \/>\n\t<meta name=\"twitter:data2\" content=\"1 minuto\" \/>\n<script type=\"application\/ld+json\" class=\"yoast-schema-graph\">{\"@context\":\"https:\/\/schema.org\",\"@graph\":[{\"@type\":\"Article\",\"@id\":\"https:\/\/www.sonoraenequipo.com.mx\/modernizacion-del-parque-la-sauceda-contemplae-preservacion-y-conservacion-de-flora-y-fauna-sidur\/#article\",\"isPartOf\":{\"@id\":\"https:\/\/www.sonoraenequipo.com.mx\/modernizacion-del-parque-la-sauceda-contemplae-preservacion-y-conservacion-de-flora-y-fauna-sidur\/\"},\"author\":{\"name\":\"enequipo\",\"@id\":\"https:\/\/www.sonoraenequipo.com.mx\/#\/schema\/person\/50102df0fb23a8fa9e8effad8fa81386\"},\"headline\":\"Modernizaci\u00f3n del parque La Sauceda contemplae preservaci\u00f3n y conservaci\u00f3n de flora y fauna: SIDUR\",\"datePublished\":\"2024-05-21T22:05:36+00:00\",\"dateModified\":\"2024-05-21T22:06:22+00:00\",\"mainEntityOfPage\":{\"@id\":\"https:\/\/www.sonoraenequipo.com.mx\/modernizacion-del-parque-la-sauceda-contemplae-preservacion-y-conservacion-de-flora-y-fauna-sidur\/\"},\"wordCount\":297,\"commentCount\":0,\"publisher\":{\"@id\":\"https:\/\/www.sonoraenequipo.com.mx\/#organization\"},\"image\":{\"@id\":\"https:\/\/www.sonoraenequipo.com.mx\/modernizacion-del-parque-la-sauceda-contemplae-preservacion-y-conservacion-de-flora-y-fauna-sidur\/#primaryimage\"},\"thumbnailUrl\":\"https:\/\/www.sonoraenequipo.com.mx\/storage\/2024\/05\/la-sauceda.jpg\",\"keywords\":[\"la sauceda\",\"SIDUR\"],\"articleSection\":[\"Sonora\"],\"inLanguage\":\"es\",\"potentialAction\":[{\"@type\":\"CommentAction\",\"name\":\"Comment\",\"target\":[\"https:\/\/www.sonoraenequipo.com.mx\/modernizacion-del-parque-la-sauceda-contemplae-preservacion-y-conservacion-de-flora-y-fauna-sidur\/#respond\"]}]},{\"@type\":\"WebPage\",\"@id\":\"https:\/\/www.sonoraenequipo.com.mx\/modernizacion-del-parque-la-sauceda-contemplae-preservacion-y-conservacion-de-flora-y-fauna-sidur\/\",\"url\":\"https:\/\/www.sonoraenequipo.com.mx\/modernizacion-del-parque-la-sauceda-contemplae-preservacion-y-conservacion-de-flora-y-fauna-sidur\/\",\"name\":\"Sonora en Equipo. Modernizaci\u00f3n del parque La Sauceda contemplae preservaci\u00f3n y conservaci\u00f3n de flora y fauna: SIDUR Sonora\",\"isPartOf\":{\"@id\":\"https:\/\/www.sonoraenequipo.com.mx\/#website\"},\"primaryImageOfPage\":{\"@id\":\"https:\/\/www.sonoraenequipo.com.mx\/modernizacion-del-parque-la-sauceda-contemplae-preservacion-y-conservacion-de-flora-y-fauna-sidur\/#primaryimage\"},\"image\":{\"@id\":\"https:\/\/www.sonoraenequipo.com.mx\/modernizacion-del-parque-la-sauceda-contemplae-preservacion-y-conservacion-de-flora-y-fauna-sidur\/#primaryimage\"},\"thumbnailUrl\":\"https:\/\/www.sonoraenequipo.com.mx\/storage\/2024\/05\/la-sauceda.jpg\",\"datePublished\":\"2024-05-21T22:05:36+00:00\",\"dateModified\":\"2024-05-21T22:06:22+00:00\",\"description\":\"HERMOSILLO, SONORA, MX.\u02d7\u02d7\u02d7El proyecto de rescate y modernizaci\u00f3n de La Sauceda que est\u00e1 llevando a cabo el Gobierno de Sonora, fue formulado En Sonora en Equipo publicamos toda la informaci\u00f3n de Sonora, M\u00e9xico y el Mundo de manera oportuna y busca que la libertad de expresi\u00f3n sea real. Visita nuestro medio informativo publicado desde Hermosillo, Sonora. %\",\"breadcrumb\":{\"@id\":\"https:\/\/www.sonoraenequipo.com.mx\/modernizacion-del-parque-la-sauceda-contemplae-preservacion-y-conservacion-de-flora-y-fauna-sidur\/#breadcrumb\"},\"inLanguage\":\"es\",\"potentialAction\":[{\"@type\":\"ReadAction\",\"target\":[\"https:\/\/www.sonoraenequipo.com.mx\/modernizacion-del-parque-la-sauceda-contemplae-preservacion-y-conservacion-de-flora-y-fauna-sidur\/\"]}]},{\"@type\":\"ImageObject\",\"inLanguage\":\"es\",\"@id\":\"https:\/\/www.sonoraenequipo.com.mx\/modernizacion-del-parque-la-sauceda-contemplae-preservacion-y-conservacion-de-flora-y-fauna-sidur\/#primaryimage\",\"url\":\"https:\/\/www.sonoraenequipo.com.mx\/storage\/2024\/05\/la-sauceda.jpg\",\"contentUrl\":\"https:\/\/www.sonoraenequipo.com.mx\/storage\/2024\/05\/la-sauceda.jpg\",\"width\":800,\"height\":533},{\"@type\":\"BreadcrumbList\",\"@id\":\"https:\/\/www.sonoraenequipo.com.mx\/modernizacion-del-parque-la-sauceda-contemplae-preservacion-y-conservacion-de-flora-y-fauna-sidur\/#breadcrumb\",\"itemListElement\":[{\"@type\":\"ListItem\",\"position\":1,\"name\":\"Portada\",\"item\":\"https:\/\/www.sonoraenequipo.com.mx\/\"},{\"@type\":\"ListItem\",\"position\":2,\"name\":\"Modernizaci\u00f3n del parque La Sauceda contemplae preservaci\u00f3n y conservaci\u00f3n de flora y fauna: SIDUR\"}]},{\"@type\":\"WebSite\",\"@id\":\"https:\/\/www.sonoraenequipo.com.mx\/#website\",\"url\":\"https:\/\/www.sonoraenequipo.com.mx\/\",\"name\":\"Sonora en Equipo.\",\"description\":\"Diario en l\u00ednea con Noticias desde Hermosillo, Sonora\",\"publisher\":{\"@id\":\"https:\/\/www.sonoraenequipo.com.mx\/#organization\"},\"potentialAction\":[{\"@type\":\"SearchAction\",\"target\":{\"@type\":\"EntryPoint\",\"urlTemplate\":\"https:\/\/www.sonoraenequipo.com.mx\/?s={search_term_string}\"},\"query-input\":{\"@type\":\"PropertyValueSpecification\",\"valueRequired\":true,\"valueName\":\"search_term_string\"}}],\"inLanguage\":\"es\"},{\"@type\":\"Organization\",\"@id\":\"https:\/\/www.sonoraenequipo.com.mx\/#organization\",\"name\":\"Sonoraenequipo.com.mx\",\"url\":\"https:\/\/www.sonoraenequipo.com.mx\/\",\"logo\":{\"@type\":\"ImageObject\",\"inLanguage\":\"es\",\"@id\":\"https:\/\/www.sonoraenequipo.com.mx\/#\/schema\/logo\/image\/\",\"url\":\"https:\/\/www.sonoraenequipo.com.mx\/storage\/2019\/01\/sonoraenequipo_opt.png\",\"contentUrl\":\"https:\/\/www.sonoraenequipo.com.mx\/storage\/2019\/01\/sonoraenequipo_opt.png\",\"width\":375,\"height\":125,\"caption\":\"Sonoraenequipo.com.mx\"},\"image\":{\"@id\":\"https:\/\/www.sonoraenequipo.com.mx\/#\/schema\/logo\/image\/\"},\"sameAs\":[\"https:\/\/www.facebook.com\/SonoraEE\/\",\"https:\/\/x.com\/sonoraenequipo\",\"https:\/\/www.youtube.com\/channel\/UC338nW-lPEYmJQs4ZABQ1SQ\"]},{\"@type\":\"Person\",\"@id\":\"https:\/\/www.sonoraenequipo.com.mx\/#\/schema\/person\/50102df0fb23a8fa9e8effad8fa81386\",\"name\":\"enequipo\",\"image\":{\"@type\":\"ImageObject\",\"inLanguage\":\"es\",\"@id\":\"https:\/\/www.sonoraenequipo.com.mx\/#\/schema\/person\/image\/\",\"url\":\"https:\/\/secure.gravatar.com\/avatar\/049821681b589dabc0bc20695993ccebb09f5b5d4d790cd9251b97faac7c652b?s=96&d=blank&r=g\",\"contentUrl\":\"https:\/\/secure.gravatar.com\/avatar\/049821681b589dabc0bc20695993ccebb09f5b5d4d790cd9251b97faac7c652b?s=96&d=blank&r=g\",\"caption\":\"enequipo\"},\"sameAs\":[\"https:\/\/www.facebook.com\/SonoraEE\"]}]}<\/script>\n ","yoast_head_json":{"title":"Sonora en Equipo. Modernizaci\u00f3n del parque La Sauceda contemplae preservaci\u00f3n y conservaci\u00f3n de flora y fauna: SIDUR Sonora","description":"HERMOSILLO, SONORA, MX.\u02d7\u02d7\u02d7El proyecto de rescate y modernizaci\u00f3n de La Sauceda que est\u00e1 llevando a cabo el Gobierno de Sonora, fue formulado En Sonora en Equipo publicamos toda la informaci\u00f3n de Sonora, M\u00e9xico y el Mundo de manera oportuna y busca que la libertad de expresi\u00f3n sea real. Visita nuestro medio informativo publicado desde Hermosillo, Sonora. %","robots":{"index":"index","follow":"follow","max-snippet":"max-snippet:-1","max-image-preview":"max-image-preview:large","max-video-preview":"max-video-preview:-1"},"canonical":"https:\/\/www.sonoraenequipo.com.mx\/modernizacion-del-parque-la-sauceda-contemplae-preservacion-y-conservacion-de-flora-y-fauna-sidur\/","og_locale":"es_ES","og_type":"article","og_title":"Sonora en Equipo. Modernizaci\u00f3n del parque La Sauceda contemplae preservaci\u00f3n y conservaci\u00f3n de flora y fauna: SIDUR Sonora","og_description":"HERMOSILLO, SONORA, MX.\u02d7\u02d7\u02d7El proyecto de rescate y modernizaci\u00f3n de La Sauceda que est\u00e1 llevando a cabo el Gobierno de Sonora, fue formulado En Sonora en Equipo publicamos toda la informaci\u00f3n de Sonora, M\u00e9xico y el Mundo de manera oportuna y busca que la libertad de expresi\u00f3n sea real. Visita nuestro medio informativo publicado desde Hermosillo, Sonora. %","og_url":"https:\/\/www.sonoraenequipo.com.mx\/modernizacion-del-parque-la-sauceda-contemplae-preservacion-y-conservacion-de-flora-y-fauna-sidur\/","og_site_name":"Sonora en Equipo.","article_publisher":"https:\/\/www.facebook.com\/SonoraEE\/","article_author":"https:\/\/www.facebook.com\/SonoraEE","article_published_time":"2024-05-21T22:05:36+00:00","article_modified_time":"2024-05-21T22:06:22+00:00","og_image":[{"width":800,"height":533,"url":"https:\/\/www.sonoraenequipo.com.mx\/storage\/2024\/05\/la-sauceda.jpg","type":"image\/jpeg"}],"author":"enequipo","twitter_card":"summary_large_image","twitter_creator":"@sonoraenequipo","twitter_site":"@sonoraenequipo","twitter_misc":{"Escrito por":"enequipo","Tiempo de lectura":"1 minuto"},"schema":{"@context":"https:\/\/schema.org","@graph":[{"@type":"Article","@id":"https:\/\/www.sonoraenequipo.com.mx\/modernizacion-del-parque-la-sauceda-contemplae-preservacion-y-conservacion-de-flora-y-fauna-sidur\/#article","isPartOf":{"@id":"https:\/\/www.sonoraenequipo.com.mx\/modernizacion-del-parque-la-sauceda-contemplae-preservacion-y-conservacion-de-flora-y-fauna-sidur\/"},"author":{"name":"enequipo","@id":"https:\/\/www.sonoraenequipo.com.mx\/#\/schema\/person\/50102df0fb23a8fa9e8effad8fa81386"},"headline":"Modernizaci\u00f3n del parque La Sauceda contemplae preservaci\u00f3n y conservaci\u00f3n de flora y fauna: SIDUR","datePublished":"2024-05-21T22:05:36+00:00","dateModified":"2024-05-21T22:06:22+00:00","mainEntityOfPage":{"@id":"https:\/\/www.sonoraenequipo.com.mx\/modernizacion-del-parque-la-sauceda-contemplae-preservacion-y-conservacion-de-flora-y-fauna-sidur\/"},"wordCount":297,"commentCount":0,"publisher":{"@id":"https:\/\/www.sonoraenequipo.com.mx\/#organization"},"image":{"@id":"https:\/\/www.sonoraenequipo.com.mx\/modernizacion-del-parque-la-sauceda-contemplae-preservacion-y-conservacion-de-flora-y-fauna-sidur\/#primaryimage"},"thumbnailUrl":"https:\/\/www.sonoraenequipo.com.mx\/storage\/2024\/05\/la-sauceda.jpg","keywords":["la sauceda","SIDUR"],"articleSection":["Sonora"],"inLanguage":"es","potentialAction":[{"@type":"CommentAction","name":"Comment","target":["https:\/\/www.sonoraenequipo.com.mx\/modernizacion-del-parque-la-sauceda-contemplae-preservacion-y-conservacion-de-flora-y-fauna-sidur\/#respond"]}]},{"@type":"WebPage","@id":"https:\/\/www.sonoraenequipo.com.mx\/modernizacion-del-parque-la-sauceda-contemplae-preservacion-y-conservacion-de-flora-y-fauna-sidur\/","url":"https:\/\/www.sonoraenequipo.com.mx\/modernizacion-del-parque-la-sauceda-contemplae-preservacion-y-conservacion-de-flora-y-fauna-sidur\/","name":"Sonora en Equipo. Modernizaci\u00f3n del parque La Sauceda contemplae preservaci\u00f3n y conservaci\u00f3n de flora y fauna: SIDUR Sonora","isPartOf":{"@id":"https:\/\/www.sonoraenequipo.com.mx\/#website"},"primaryImageOfPage":{"@id":"https:\/\/www.sonoraenequipo.com.mx\/modernizacion-del-parque-la-sauceda-contemplae-preservacion-y-conservacion-de-flora-y-fauna-sidur\/#primaryimage"},"image":{"@id":"https:\/\/www.sonoraenequipo.com.mx\/modernizacion-del-parque-la-sauceda-contemplae-preservacion-y-conservacion-de-flora-y-fauna-sidur\/#primaryimage"},"thumbnailUrl":"https:\/\/www.sonoraenequipo.com.mx\/storage\/2024\/05\/la-sauceda.jpg","datePublished":"2024-05-21T22:05:36+00:00","dateModified":"2024-05-21T22:06:22+00:00","description":"HERMOSILLO, SONORA, MX.\u02d7\u02d7\u02d7El proyecto de rescate y modernizaci\u00f3n de La Sauceda que est\u00e1 llevando a cabo el Gobierno de Sonora, fue formulado En Sonora en Equipo publicamos toda la informaci\u00f3n de Sonora, M\u00e9xico y el Mundo de manera oportuna y busca que la libertad de expresi\u00f3n sea real. Visita nuestro medio informativo publicado desde Hermosillo, Sonora. %","breadcrumb":{"@id":"https:\/\/www.sonoraenequipo.com.mx\/modernizacion-del-parque-la-sauceda-contemplae-preservacion-y-conservacion-de-flora-y-fauna-sidur\/#breadcrumb"},"inLanguage":"es","potentialAction":[{"@type":"ReadAction","target":["https:\/\/www.sonoraenequipo.com.mx\/modernizacion-del-parque-la-sauceda-contemplae-preservacion-y-conservacion-de-flora-y-fauna-sidur\/"]}]},{"@type":"ImageObject","inLanguage":"es","@id":"https:\/\/www.sonoraenequipo.com.mx\/modernizacion-del-parque-la-sauceda-contemplae-preservacion-y-conservacion-de-flora-y-fauna-sidur\/#primaryimage","url":"https:\/\/www.sonoraenequipo.com.mx\/storage\/2024\/05\/la-sauceda.jpg","contentUrl":"https:\/\/www.sonoraenequipo.com.mx\/storage\/2024\/05\/la-sauceda.jpg","width":800,"height":533},{"@type":"BreadcrumbList","@id":"https:\/\/www.sonoraenequipo.com.mx\/modernizacion-del-parque-la-sauceda-contemplae-preservacion-y-conservacion-de-flora-y-fauna-sidur\/#breadcrumb","itemListElement":[{"@type":"ListItem","position":1,"name":"Portada","item":"https:\/\/www.sonoraenequipo.com.mx\/"},{"@type":"ListItem","position":2,"name":"Modernizaci\u00f3n del parque La Sauceda contemplae preservaci\u00f3n y conservaci\u00f3n de flora y fauna: SIDUR"}]},{"@type":"WebSite","@id":"https:\/\/www.sonoraenequipo.com.mx\/#website","url":"https:\/\/www.sonoraenequipo.com.mx\/","name":"Sonora en Equipo.","description":"Diario en l\u00ednea con Noticias desde Hermosillo, Sonora","publisher":{"@id":"https:\/\/www.sonoraenequipo.com.mx\/#organization"},"potentialAction":[{"@type":"SearchAction","target":{"@type":"EntryPoint","urlTemplate":"https:\/\/www.sonoraenequipo.com.mx\/?s={search_term_string}"},"query-input":{"@type":"PropertyValueSpecification","valueRequired":true,"valueName":"search_term_string"}}],"inLanguage":"es"},{"@type":"Organization","@id":"https:\/\/www.sonoraenequipo.com.mx\/#organization","name":"Sonoraenequipo.com.mx","url":"https:\/\/www.sonoraenequipo.com.mx\/","logo":{"@type":"ImageObject","inLanguage":"es","@id":"https:\/\/www.sonoraenequipo.com.mx\/#\/schema\/logo\/image\/","url":"https:\/\/www.sonoraenequipo.com.mx\/storage\/2019\/01\/sonoraenequipo_opt.png","contentUrl":"https:\/\/www.sonoraenequipo.com.mx\/storage\/2019\/01\/sonoraenequipo_opt.png","width":375,"height":125,"caption":"Sonoraenequipo.com.mx"},"image":{"@id":"https:\/\/www.sonoraenequipo.com.mx\/#\/schema\/logo\/image\/"},"sameAs":["https:\/\/www.facebook.com\/SonoraEE\/","https:\/\/x.com\/sonoraenequipo","https:\/\/www.youtube.com\/channel\/UC338nW-lPEYmJQs4ZABQ1SQ"]},{"@type":"Person","@id":"https:\/\/www.sonoraenequipo.com.mx\/#\/schema\/person\/50102df0fb23a8fa9e8effad8fa81386","name":"enequipo","image":{"@type":"ImageObject","inLanguage":"es","@id":"https:\/\/www.sonoraenequipo.com.mx\/#\/schema\/person\/image\/","url":"https:\/\/secure.gravatar.com\/avatar\/049821681b589dabc0bc20695993ccebb09f5b5d4d790cd9251b97faac7c652b?s=96&d=blank&r=g","contentUrl":"https:\/\/secure.gravatar.com\/avatar\/049821681b589dabc0bc20695993ccebb09f5b5d4d790cd9251b97faac7c652b?s=96&d=blank&r=g","caption":"enequipo"},"sameAs":["https:\/\/www.facebook.com\/SonoraEE"]}]}},"jetpack_featured_media_url":"https:\/\/www.sonoraenequipo.com.mx\/storage\/2024\/05\/la-sauceda.jpg","_links":{"self":[{"href":"https:\/\/www.sonoraenequipo.com.mx\/api\/wp\/v2\/posts\/190265","targetHints":{"allow":["GET"]}}],"collection":[{"href":"https:\/\/www.sonoraenequipo.com.mx\/api\/wp\/v2\/posts"}],"about":[{"href":"https:\/\/www.sonoraenequipo.com.mx\/api\/wp\/v2\/types\/post"}],"author":[{"embeddable":true,"href":"https:\/\/www.sonoraenequipo.com.mx\/api\/wp\/v2\/users\/1"}],"replies":[{"embeddable":true,"href":"https:\/\/www.sonoraenequipo.com.mx\/api\/wp\/v2\/comments?post=190265"}],"version-history":[{"count":2,"href":"https:\/\/www.sonoraenequipo.com.mx\/api\/wp\/v2\/posts\/190265\/revisions"}],"predecessor-version":[{"id":190268,"href":"https:\/\/www.sonoraenequipo.com.mx\/api\/wp\/v2\/posts\/190265\/revisions\/190268"}],"wp:featuredmedia":[{"embeddable":true,"href":"https:\/\/www.sonoraenequipo.com.mx\/api\/wp\/v2\/media\/190266"}],"wp:attachment":[{"href":"https:\/\/www.sonoraenequipo.com.mx\/api\/wp\/v2\/media?parent=190265"}],"wp:term":[{"taxonomy":"category","embeddable":true,"href":"https:\/\/www.sonoraenequipo.com.mx\/api\/wp\/v2\/categories?post=190265"},{"taxonomy":"post_tag","embeddable":true,"href":"https:\/\/www.sonoraenequipo.com.mx\/api\/wp\/v2\/tags?post=190265"}],"curies":[{"name":"wp","href":"https:\/\/api.w.org\/{rel}","templated":true}]}}