{"id":190269,"date":"2024-05-21T15:22:08","date_gmt":"2024-05-21T22:22:08","guid":{"rendered":"https:\/\/www.sonoraenequipo.com.mx\/?p=190269"},"modified":"2024-05-21T15:22:08","modified_gmt":"2024-05-21T22:22:08","slug":"buscan-en-sonora-modificar-geneticamente-a-abeja-para-adaptarla-al-calor-y-al-frio-extremos","status":"publish","type":"post","link":"https:\/\/www.sonoraenequipo.com.mx\/buscan-en-sonora-modificar-geneticamente-a-abeja-para-adaptarla-al-calor-y-al-frio-extremos\/","title":{"rendered":"Buscan en Sonora modificar gen\u00e9ticamente a abeja para adaptarla al calor y al fr\u00edo extremos"},"content":{"rendered":"<p><strong>HERMOSILLO, SONORA, MX.\u02d7\u02d7\u02d7 <\/strong>Contar con una especie de abejas de calidad en Sonora, que est\u00e9 adecuada a las condiciones de clima extremo y pueda tener una buena producci\u00f3n de reinas, miel y sus derivados, es el objetivo del Centro de Reproducci\u00f3n Ap\u00edcola de la Secretar\u00eda de Agricultura, Ganader\u00eda, Recursos Hidr\u00e1ulicos, Pesca y Acuacultura (Sagarhpa).<\/p>\n<p>&nbsp;<\/p>\n<p>&nbsp;<\/p>\n<p>&nbsp;<\/p>\n<p>Miguel \u00c1ngel Cornejo Porchas, responsable del Programa de Apicultura de la Sagarhpa, destac\u00f3 que actualmente trabajan en investigaciones en los Centros de Reproducci\u00f3n que se encuentan en la Universidad del Bienestar en Quiriego, adem\u00e1s de la Escuela de Agricultura de la Universidad de Sonora (Unison) y en el Patronato de Centro de Investigaciones Pecuarias del Estado de Sonora (Patrocipes) de la Uni\u00f3n Ganadera Regional de Sonora (UGRS).<\/p>\n<p>&nbsp;<\/p>\n<p>&nbsp;<\/p>\n<p>&nbsp;<\/p>\n<p>En estos puntos se realizan las investigaciones para contar con abejas gen\u00e9ticamente modificadas que puedan tener buena producci\u00f3n de miel y sus derivados, pero principalmente que est\u00e9n adaptadas a las condiciones del clima extremo de mucho calor o fr\u00edo intenso, pero tambi\u00e9n de menos tiempo de floraci\u00f3n de la flora local.<\/p>\n<p>&nbsp;<\/p>\n<p>&nbsp;<\/p>\n<p>&nbsp;<\/p>\n<p>\u201cYa se empieza a tener producci\u00f3n de abejas reinas y abejas, pues en Quiriego y la Escuela de Agricultura ya se han entregado n\u00facleos con abeja reina, en Patrocipes ya est\u00e1n en condiciones de entregar lotes con abeja reina los cuales estar\u00e1n en punto para junio y julio\u201d, precis\u00f3.<\/p>\n<p>&nbsp;<\/p>\n<p>&nbsp;<\/p>\n<p>&nbsp;<\/p>\n<p>Agreg\u00f3 que buscan contar con reproducci\u00f3n y mejoramiento gen\u00e9tico para hacer n\u00facleos de colmenas con paquetes de abeja, de acuerdo con las necesidades de la entidad.<\/p>\n<p><strong>Fecha de publicaci\u00f3n martes 21 de mayo de 2024<\/strong><\/p>\n","protected":false},"excerpt":{"rendered":"<p>HERMOSILLO, SONORA, MX.\u02d7\u02d7\u02d7 Contar con una especie de abejas de calidad en Sonora, que est\u00e9&#8230;<\/p>\n","protected":false},"author":1,"featured_media":190271,"comment_status":"open","ping_status":"open","sticky":false,"template":"","format":"standard","meta":{"_monsterinsights_skip_tracking":false,"_monsterinsights_sitenote_active":false,"_monsterinsights_sitenote_note":"","_monsterinsights_sitenote_category":0,"footnotes":""},"categories":[2216],"tags":[9710],"class_list":["post"],"yoast_head":" \n<title>Sonora en Equipo. Buscan en Sonora modificar gen\u00e9ticamente a abeja para adaptarla al calor y al fr\u00edo extremos Ciencia y Tecnolog\u00eda<\/title>\n<meta name=\"description\" content=\"HERMOSILLO, SONORA, MX.\u02d7\u02d7\u02d7 Contar con una especie de abejas de calidad en Sonora, que est\u00e9 adecuada a las condiciones de clima extremo y pueda tener una En Sonora en Equipo publicamos toda la informaci\u00f3n de Sonora, M\u00e9xico y el Mundo de manera oportuna y busca que la libertad de expresi\u00f3n sea real. Visita nuestro medio informativo publicado desde Hermosillo, Sonora. %\" \/>\n<meta name=\"robots\" content=\"index, follow, max-snippet:-1, max-image-preview:large, max-video-preview:-1\" \/>\n<link rel=\"canonical\" href=\"https:\/\/www.sonoraenequipo.com.mx\/buscan-en-sonora-modificar-geneticamente-a-abeja-para-adaptarla-al-calor-y-al-frio-extremos\/\" \/>\n<meta property=\"og:locale\" content=\"es_ES\" \/>\n<meta property=\"og:type\" content=\"article\" \/>\n<meta property=\"og:title\" content=\"Sonora en Equipo. Buscan en Sonora modificar gen\u00e9ticamente a abeja para adaptarla al calor y al fr\u00edo extremos Ciencia y Tecnolog\u00eda\" \/>\n<meta property=\"og:description\" content=\"HERMOSILLO, SONORA, MX.\u02d7\u02d7\u02d7 Contar con una especie de abejas de calidad en Sonora, que est\u00e9 adecuada a las condiciones de clima extremo y pueda tener una En Sonora en Equipo publicamos toda la informaci\u00f3n de Sonora, M\u00e9xico y el Mundo de manera oportuna y busca que la libertad de expresi\u00f3n sea real. Visita nuestro medio informativo publicado desde Hermosillo, Sonora. %\" \/>\n<meta property=\"og:url\" content=\"https:\/\/www.sonoraenequipo.com.mx\/buscan-en-sonora-modificar-geneticamente-a-abeja-para-adaptarla-al-calor-y-al-frio-extremos\/\" \/>\n<meta property=\"og:site_name\" content=\"Sonora en Equipo.\" \/>\n<meta property=\"article:publisher\" content=\"https:\/\/www.facebook.com\/SonoraEE\/\" \/>\n<meta property=\"article:author\" content=\"https:\/\/www.facebook.com\/SonoraEE\" \/>\n<meta property=\"article:published_time\" content=\"2024-05-21T22:22:08+00:00\" \/>\n<meta property=\"og:image\" content=\"https:\/\/www.sonoraenequipo.com.mx\/storage\/2024\/05\/apiculturasonora.jpg\" \/>\n\t<meta property=\"og:image:width\" content=\"800\" \/>\n\t<meta property=\"og:image:height\" content=\"529\" \/>\n\t<meta property=\"og:image:type\" content=\"image\/jpeg\" \/>\n<meta name=\"author\" content=\"enequipo\" \/>\n<meta name=\"twitter:card\" content=\"summary_large_image\" \/>\n<meta name=\"twitter:creator\" content=\"@sonoraenequipo\" \/>\n<meta name=\"twitter:site\" content=\"@sonoraenequipo\" \/>\n<meta name=\"twitter:label1\" content=\"Escrito por\" \/>\n\t<meta name=\"twitter:data1\" content=\"enequipo\" \/>\n\t<meta name=\"twitter:label2\" content=\"Tiempo de lectura\" \/>\n\t<meta name=\"twitter:data2\" content=\"1 minuto\" \/>\n<script type=\"application\/ld+json\" class=\"yoast-schema-graph\">{\"@context\":\"https:\/\/schema.org\",\"@graph\":[{\"@type\":\"Article\",\"@id\":\"https:\/\/www.sonoraenequipo.com.mx\/buscan-en-sonora-modificar-geneticamente-a-abeja-para-adaptarla-al-calor-y-al-frio-extremos\/#article\",\"isPartOf\":{\"@id\":\"https:\/\/www.sonoraenequipo.com.mx\/buscan-en-sonora-modificar-geneticamente-a-abeja-para-adaptarla-al-calor-y-al-frio-extremos\/\"},\"author\":{\"name\":\"enequipo\",\"@id\":\"https:\/\/www.sonoraenequipo.com.mx\/#\/schema\/person\/50102df0fb23a8fa9e8effad8fa81386\"},\"headline\":\"Buscan en Sonora modificar gen\u00e9ticamente a abeja para adaptarla al calor y al fr\u00edo extremos\",\"datePublished\":\"2024-05-21T22:22:08+00:00\",\"mainEntityOfPage\":{\"@id\":\"https:\/\/www.sonoraenequipo.com.mx\/buscan-en-sonora-modificar-geneticamente-a-abeja-para-adaptarla-al-calor-y-al-frio-extremos\/\"},\"wordCount\":306,\"commentCount\":0,\"publisher\":{\"@id\":\"https:\/\/www.sonoraenequipo.com.mx\/#organization\"},\"image\":{\"@id\":\"https:\/\/www.sonoraenequipo.com.mx\/buscan-en-sonora-modificar-geneticamente-a-abeja-para-adaptarla-al-calor-y-al-frio-extremos\/#primaryimage\"},\"thumbnailUrl\":\"https:\/\/www.sonoraenequipo.com.mx\/storage\/2024\/05\/apiculturasonora.jpg\",\"keywords\":[\"abejas\"],\"articleSection\":[\"Ciencia y Tecnolog\u00eda\"],\"inLanguage\":\"es\",\"potentialAction\":[{\"@type\":\"CommentAction\",\"name\":\"Comment\",\"target\":[\"https:\/\/www.sonoraenequipo.com.mx\/buscan-en-sonora-modificar-geneticamente-a-abeja-para-adaptarla-al-calor-y-al-frio-extremos\/#respond\"]}]},{\"@type\":\"WebPage\",\"@id\":\"https:\/\/www.sonoraenequipo.com.mx\/buscan-en-sonora-modificar-geneticamente-a-abeja-para-adaptarla-al-calor-y-al-frio-extremos\/\",\"url\":\"https:\/\/www.sonoraenequipo.com.mx\/buscan-en-sonora-modificar-geneticamente-a-abeja-para-adaptarla-al-calor-y-al-frio-extremos\/\",\"name\":\"Sonora en Equipo. Buscan en Sonora modificar gen\u00e9ticamente a abeja para adaptarla al calor y al fr\u00edo extremos Ciencia y Tecnolog\u00eda\",\"isPartOf\":{\"@id\":\"https:\/\/www.sonoraenequipo.com.mx\/#website\"},\"primaryImageOfPage\":{\"@id\":\"https:\/\/www.sonoraenequipo.com.mx\/buscan-en-sonora-modificar-geneticamente-a-abeja-para-adaptarla-al-calor-y-al-frio-extremos\/#primaryimage\"},\"image\":{\"@id\":\"https:\/\/www.sonoraenequipo.com.mx\/buscan-en-sonora-modificar-geneticamente-a-abeja-para-adaptarla-al-calor-y-al-frio-extremos\/#primaryimage\"},\"thumbnailUrl\":\"https:\/\/www.sonoraenequipo.com.mx\/storage\/2024\/05\/apiculturasonora.jpg\",\"datePublished\":\"2024-05-21T22:22:08+00:00\",\"description\":\"HERMOSILLO, SONORA, MX.\u02d7\u02d7\u02d7 Contar con una especie de abejas de calidad en Sonora, que est\u00e9 adecuada a las condiciones de clima extremo y pueda tener una En Sonora en Equipo publicamos toda la informaci\u00f3n de Sonora, M\u00e9xico y el Mundo de manera oportuna y busca que la libertad de expresi\u00f3n sea real. Visita nuestro medio informativo publicado desde Hermosillo, Sonora. %\",\"breadcrumb\":{\"@id\":\"https:\/\/www.sonoraenequipo.com.mx\/buscan-en-sonora-modificar-geneticamente-a-abeja-para-adaptarla-al-calor-y-al-frio-extremos\/#breadcrumb\"},\"inLanguage\":\"es\",\"potentialAction\":[{\"@type\":\"ReadAction\",\"target\":[\"https:\/\/www.sonoraenequipo.com.mx\/buscan-en-sonora-modificar-geneticamente-a-abeja-para-adaptarla-al-calor-y-al-frio-extremos\/\"]}]},{\"@type\":\"ImageObject\",\"inLanguage\":\"es\",\"@id\":\"https:\/\/www.sonoraenequipo.com.mx\/buscan-en-sonora-modificar-geneticamente-a-abeja-para-adaptarla-al-calor-y-al-frio-extremos\/#primaryimage\",\"url\":\"https:\/\/www.sonoraenequipo.com.mx\/storage\/2024\/05\/apiculturasonora.jpg\",\"contentUrl\":\"https:\/\/www.sonoraenequipo.com.mx\/storage\/2024\/05\/apiculturasonora.jpg\",\"width\":800,\"height\":529},{\"@type\":\"BreadcrumbList\",\"@id\":\"https:\/\/www.sonoraenequipo.com.mx\/buscan-en-sonora-modificar-geneticamente-a-abeja-para-adaptarla-al-calor-y-al-frio-extremos\/#breadcrumb\",\"itemListElement\":[{\"@type\":\"ListItem\",\"position\":1,\"name\":\"Portada\",\"item\":\"https:\/\/www.sonoraenequipo.com.mx\/\"},{\"@type\":\"ListItem\",\"position\":2,\"name\":\"Buscan en Sonora modificar gen\u00e9ticamente a abeja para adaptarla al calor y al fr\u00edo extremos\"}]},{\"@type\":\"WebSite\",\"@id\":\"https:\/\/www.sonoraenequipo.com.mx\/#website\",\"url\":\"https:\/\/www.sonoraenequipo.com.mx\/\",\"name\":\"Sonora en Equipo.\",\"description\":\"Diario en l\u00ednea con Noticias desde Hermosillo, Sonora\",\"publisher\":{\"@id\":\"https:\/\/www.sonoraenequipo.com.mx\/#organization\"},\"potentialAction\":[{\"@type\":\"SearchAction\",\"target\":{\"@type\":\"EntryPoint\",\"urlTemplate\":\"https:\/\/www.sonoraenequipo.com.mx\/?s={search_term_string}\"},\"query-input\":{\"@type\":\"PropertyValueSpecification\",\"valueRequired\":true,\"valueName\":\"search_term_string\"}}],\"inLanguage\":\"es\"},{\"@type\":\"Organization\",\"@id\":\"https:\/\/www.sonoraenequipo.com.mx\/#organization\",\"name\":\"Sonoraenequipo.com.mx\",\"url\":\"https:\/\/www.sonoraenequipo.com.mx\/\",\"logo\":{\"@type\":\"ImageObject\",\"inLanguage\":\"es\",\"@id\":\"https:\/\/www.sonoraenequipo.com.mx\/#\/schema\/logo\/image\/\",\"url\":\"https:\/\/www.sonoraenequipo.com.mx\/storage\/2019\/01\/sonoraenequipo_opt.png\",\"contentUrl\":\"https:\/\/www.sonoraenequipo.com.mx\/storage\/2019\/01\/sonoraenequipo_opt.png\",\"width\":375,\"height\":125,\"caption\":\"Sonoraenequipo.com.mx\"},\"image\":{\"@id\":\"https:\/\/www.sonoraenequipo.com.mx\/#\/schema\/logo\/image\/\"},\"sameAs\":[\"https:\/\/www.facebook.com\/SonoraEE\/\",\"https:\/\/x.com\/sonoraenequipo\",\"https:\/\/www.youtube.com\/channel\/UC338nW-lPEYmJQs4ZABQ1SQ\"]},{\"@type\":\"Person\",\"@id\":\"https:\/\/www.sonoraenequipo.com.mx\/#\/schema\/person\/50102df0fb23a8fa9e8effad8fa81386\",\"name\":\"enequipo\",\"image\":{\"@type\":\"ImageObject\",\"inLanguage\":\"es\",\"@id\":\"https:\/\/www.sonoraenequipo.com.mx\/#\/schema\/person\/image\/\",\"url\":\"https:\/\/secure.gravatar.com\/avatar\/049821681b589dabc0bc20695993ccebb09f5b5d4d790cd9251b97faac7c652b?s=96&d=blank&r=g\",\"contentUrl\":\"https:\/\/secure.gravatar.com\/avatar\/049821681b589dabc0bc20695993ccebb09f5b5d4d790cd9251b97faac7c652b?s=96&d=blank&r=g\",\"caption\":\"enequipo\"},\"sameAs\":[\"https:\/\/www.facebook.com\/SonoraEE\"]}]}<\/script>\n ","yoast_head_json":{"title":"Sonora en Equipo. Buscan en Sonora modificar gen\u00e9ticamente a abeja para adaptarla al calor y al fr\u00edo extremos Ciencia y Tecnolog\u00eda","description":"HERMOSILLO, SONORA, MX.\u02d7\u02d7\u02d7 Contar con una especie de abejas de calidad en Sonora, que est\u00e9 adecuada a las condiciones de clima extremo y pueda tener una En Sonora en Equipo publicamos toda la informaci\u00f3n de Sonora, M\u00e9xico y el Mundo de manera oportuna y busca que la libertad de expresi\u00f3n sea real. Visita nuestro medio informativo publicado desde Hermosillo, Sonora. %","robots":{"index":"index","follow":"follow","max-snippet":"max-snippet:-1","max-image-preview":"max-image-preview:large","max-video-preview":"max-video-preview:-1"},"canonical":"https:\/\/www.sonoraenequipo.com.mx\/buscan-en-sonora-modificar-geneticamente-a-abeja-para-adaptarla-al-calor-y-al-frio-extremos\/","og_locale":"es_ES","og_type":"article","og_title":"Sonora en Equipo. Buscan en Sonora modificar gen\u00e9ticamente a abeja para adaptarla al calor y al fr\u00edo extremos Ciencia y Tecnolog\u00eda","og_description":"HERMOSILLO, SONORA, MX.\u02d7\u02d7\u02d7 Contar con una especie de abejas de calidad en Sonora, que est\u00e9 adecuada a las condiciones de clima extremo y pueda tener una En Sonora en Equipo publicamos toda la informaci\u00f3n de Sonora, M\u00e9xico y el Mundo de manera oportuna y busca que la libertad de expresi\u00f3n sea real. Visita nuestro medio informativo publicado desde Hermosillo, Sonora. %","og_url":"https:\/\/www.sonoraenequipo.com.mx\/buscan-en-sonora-modificar-geneticamente-a-abeja-para-adaptarla-al-calor-y-al-frio-extremos\/","og_site_name":"Sonora en Equipo.","article_publisher":"https:\/\/www.facebook.com\/SonoraEE\/","article_author":"https:\/\/www.facebook.com\/SonoraEE","article_published_time":"2024-05-21T22:22:08+00:00","og_image":[{"width":800,"height":529,"url":"https:\/\/www.sonoraenequipo.com.mx\/storage\/2024\/05\/apiculturasonora.jpg","type":"image\/jpeg"}],"author":"enequipo","twitter_card":"summary_large_image","twitter_creator":"@sonoraenequipo","twitter_site":"@sonoraenequipo","twitter_misc":{"Escrito por":"enequipo","Tiempo de lectura":"1 minuto"},"schema":{"@context":"https:\/\/schema.org","@graph":[{"@type":"Article","@id":"https:\/\/www.sonoraenequipo.com.mx\/buscan-en-sonora-modificar-geneticamente-a-abeja-para-adaptarla-al-calor-y-al-frio-extremos\/#article","isPartOf":{"@id":"https:\/\/www.sonoraenequipo.com.mx\/buscan-en-sonora-modificar-geneticamente-a-abeja-para-adaptarla-al-calor-y-al-frio-extremos\/"},"author":{"name":"enequipo","@id":"https:\/\/www.sonoraenequipo.com.mx\/#\/schema\/person\/50102df0fb23a8fa9e8effad8fa81386"},"headline":"Buscan en Sonora modificar gen\u00e9ticamente a abeja para adaptarla al calor y al fr\u00edo extremos","datePublished":"2024-05-21T22:22:08+00:00","mainEntityOfPage":{"@id":"https:\/\/www.sonoraenequipo.com.mx\/buscan-en-sonora-modificar-geneticamente-a-abeja-para-adaptarla-al-calor-y-al-frio-extremos\/"},"wordCount":306,"commentCount":0,"publisher":{"@id":"https:\/\/www.sonoraenequipo.com.mx\/#organization"},"image":{"@id":"https:\/\/www.sonoraenequipo.com.mx\/buscan-en-sonora-modificar-geneticamente-a-abeja-para-adaptarla-al-calor-y-al-frio-extremos\/#primaryimage"},"thumbnailUrl":"https:\/\/www.sonoraenequipo.com.mx\/storage\/2024\/05\/apiculturasonora.jpg","keywords":["abejas"],"articleSection":["Ciencia y Tecnolog\u00eda"],"inLanguage":"es","potentialAction":[{"@type":"CommentAction","name":"Comment","target":["https:\/\/www.sonoraenequipo.com.mx\/buscan-en-sonora-modificar-geneticamente-a-abeja-para-adaptarla-al-calor-y-al-frio-extremos\/#respond"]}]},{"@type":"WebPage","@id":"https:\/\/www.sonoraenequipo.com.mx\/buscan-en-sonora-modificar-geneticamente-a-abeja-para-adaptarla-al-calor-y-al-frio-extremos\/","url":"https:\/\/www.sonoraenequipo.com.mx\/buscan-en-sonora-modificar-geneticamente-a-abeja-para-adaptarla-al-calor-y-al-frio-extremos\/","name":"Sonora en Equipo. Buscan en Sonora modificar gen\u00e9ticamente a abeja para adaptarla al calor y al fr\u00edo extremos Ciencia y Tecnolog\u00eda","isPartOf":{"@id":"https:\/\/www.sonoraenequipo.com.mx\/#website"},"primaryImageOfPage":{"@id":"https:\/\/www.sonoraenequipo.com.mx\/buscan-en-sonora-modificar-geneticamente-a-abeja-para-adaptarla-al-calor-y-al-frio-extremos\/#primaryimage"},"image":{"@id":"https:\/\/www.sonoraenequipo.com.mx\/buscan-en-sonora-modificar-geneticamente-a-abeja-para-adaptarla-al-calor-y-al-frio-extremos\/#primaryimage"},"thumbnailUrl":"https:\/\/www.sonoraenequipo.com.mx\/storage\/2024\/05\/apiculturasonora.jpg","datePublished":"2024-05-21T22:22:08+00:00","description":"HERMOSILLO, SONORA, MX.\u02d7\u02d7\u02d7 Contar con una especie de abejas de calidad en Sonora, que est\u00e9 adecuada a las condiciones de clima extremo y pueda tener una En Sonora en Equipo publicamos toda la informaci\u00f3n de Sonora, M\u00e9xico y el Mundo de manera oportuna y busca que la libertad de expresi\u00f3n sea real. Visita nuestro medio informativo publicado desde Hermosillo, Sonora. %","breadcrumb":{"@id":"https:\/\/www.sonoraenequipo.com.mx\/buscan-en-sonora-modificar-geneticamente-a-abeja-para-adaptarla-al-calor-y-al-frio-extremos\/#breadcrumb"},"inLanguage":"es","potentialAction":[{"@type":"ReadAction","target":["https:\/\/www.sonoraenequipo.com.mx\/buscan-en-sonora-modificar-geneticamente-a-abeja-para-adaptarla-al-calor-y-al-frio-extremos\/"]}]},{"@type":"ImageObject","inLanguage":"es","@id":"https:\/\/www.sonoraenequipo.com.mx\/buscan-en-sonora-modificar-geneticamente-a-abeja-para-adaptarla-al-calor-y-al-frio-extremos\/#primaryimage","url":"https:\/\/www.sonoraenequipo.com.mx\/storage\/2024\/05\/apiculturasonora.jpg","contentUrl":"https:\/\/www.sonoraenequipo.com.mx\/storage\/2024\/05\/apiculturasonora.jpg","width":800,"height":529},{"@type":"BreadcrumbList","@id":"https:\/\/www.sonoraenequipo.com.mx\/buscan-en-sonora-modificar-geneticamente-a-abeja-para-adaptarla-al-calor-y-al-frio-extremos\/#breadcrumb","itemListElement":[{"@type":"ListItem","position":1,"name":"Portada","item":"https:\/\/www.sonoraenequipo.com.mx\/"},{"@type":"ListItem","position":2,"name":"Buscan en Sonora modificar gen\u00e9ticamente a abeja para adaptarla al calor y al fr\u00edo extremos"}]},{"@type":"WebSite","@id":"https:\/\/www.sonoraenequipo.com.mx\/#website","url":"https:\/\/www.sonoraenequipo.com.mx\/","name":"Sonora en Equipo.","description":"Diario en l\u00ednea con Noticias desde Hermosillo, Sonora","publisher":{"@id":"https:\/\/www.sonoraenequipo.com.mx\/#organization"},"potentialAction":[{"@type":"SearchAction","target":{"@type":"EntryPoint","urlTemplate":"https:\/\/www.sonoraenequipo.com.mx\/?s={search_term_string}"},"query-input":{"@type":"PropertyValueSpecification","valueRequired":true,"valueName":"search_term_string"}}],"inLanguage":"es"},{"@type":"Organization","@id":"https:\/\/www.sonoraenequipo.com.mx\/#organization","name":"Sonoraenequipo.com.mx","url":"https:\/\/www.sonoraenequipo.com.mx\/","logo":{"@type":"ImageObject","inLanguage":"es","@id":"https:\/\/www.sonoraenequipo.com.mx\/#\/schema\/logo\/image\/","url":"https:\/\/www.sonoraenequipo.com.mx\/storage\/2019\/01\/sonoraenequipo_opt.png","contentUrl":"https:\/\/www.sonoraenequipo.com.mx\/storage\/2019\/01\/sonoraenequipo_opt.png","width":375,"height":125,"caption":"Sonoraenequipo.com.mx"},"image":{"@id":"https:\/\/www.sonoraenequipo.com.mx\/#\/schema\/logo\/image\/"},"sameAs":["https:\/\/www.facebook.com\/SonoraEE\/","https:\/\/x.com\/sonoraenequipo","https:\/\/www.youtube.com\/channel\/UC338nW-lPEYmJQs4ZABQ1SQ"]},{"@type":"Person","@id":"https:\/\/www.sonoraenequipo.com.mx\/#\/schema\/person\/50102df0fb23a8fa9e8effad8fa81386","name":"enequipo","image":{"@type":"ImageObject","inLanguage":"es","@id":"https:\/\/www.sonoraenequipo.com.mx\/#\/schema\/person\/image\/","url":"https:\/\/secure.gravatar.com\/avatar\/049821681b589dabc0bc20695993ccebb09f5b5d4d790cd9251b97faac7c652b?s=96&d=blank&r=g","contentUrl":"https:\/\/secure.gravatar.com\/avatar\/049821681b589dabc0bc20695993ccebb09f5b5d4d790cd9251b97faac7c652b?s=96&d=blank&r=g","caption":"enequipo"},"sameAs":["https:\/\/www.facebook.com\/SonoraEE"]}]}},"jetpack_featured_media_url":"https:\/\/www.sonoraenequipo.com.mx\/storage\/2024\/05\/apiculturasonora.jpg","_links":{"self":[{"href":"https:\/\/www.sonoraenequipo.com.mx\/api\/wp\/v2\/posts\/190269","targetHints":{"allow":["GET"]}}],"collection":[{"href":"https:\/\/www.sonoraenequipo.com.mx\/api\/wp\/v2\/posts"}],"about":[{"href":"https:\/\/www.sonoraenequipo.com.mx\/api\/wp\/v2\/types\/post"}],"author":[{"embeddable":true,"href":"https:\/\/www.sonoraenequipo.com.mx\/api\/wp\/v2\/users\/1"}],"replies":[{"embeddable":true,"href":"https:\/\/www.sonoraenequipo.com.mx\/api\/wp\/v2\/comments?post=190269"}],"version-history":[{"count":1,"href":"https:\/\/www.sonoraenequipo.com.mx\/api\/wp\/v2\/posts\/190269\/revisions"}],"predecessor-version":[{"id":190272,"href":"https:\/\/www.sonoraenequipo.com.mx\/api\/wp\/v2\/posts\/190269\/revisions\/190272"}],"wp:featuredmedia":[{"embeddable":true,"href":"https:\/\/www.sonoraenequipo.com.mx\/api\/wp\/v2\/media\/190271"}],"wp:attachment":[{"href":"https:\/\/www.sonoraenequipo.com.mx\/api\/wp\/v2\/media?parent=190269"}],"wp:term":[{"taxonomy":"category","embeddable":true,"href":"https:\/\/www.sonoraenequipo.com.mx\/api\/wp\/v2\/categories?post=190269"},{"taxonomy":"post_tag","embeddable":true,"href":"https:\/\/www.sonoraenequipo.com.mx\/api\/wp\/v2\/tags?post=190269"}],"curies":[{"name":"wp","href":"https:\/\/api.w.org\/{rel}","templated":true}]}}