{"id":190276,"date":"2024-05-21T16:16:45","date_gmt":"2024-05-21T23:16:45","guid":{"rendered":"https:\/\/www.sonoraenequipo.com.mx\/?p=190276"},"modified":"2024-05-21T16:16:45","modified_gmt":"2024-05-21T23:16:45","slug":"onu-operacion-israeli-desplaza-a-mas-de-800-000-palestinos-en-rafah","status":"publish","type":"post","link":"https:\/\/www.sonoraenequipo.com.mx\/onu-operacion-israeli-desplaza-a-mas-de-800-000-palestinos-en-rafah\/","title":{"rendered":"ONU: Operaci\u00f3n israel\u00ed desplaza a m\u00e1s de 800.000 palestinos en Rafah"},"content":{"rendered":"<p>Un alto funcionario humanitario de las Naciones Unidas dijo el lunes que m\u00e1s de 800.000 palestinos han sido desplazados de la ciudad de Rafah, en el sur de Gaza, desde que Israel comenz\u00f3 su ofensiva terrestre all\u00ed hace dos semanas.<\/p>\n<p>&nbsp;<\/p>\n<p>\u00abHoy en d\u00eda, los campamentos y refugios de emergencia en Rafah, que alguna vez estuvieron superpoblados, se han vaciado en gran medida, y la mayor\u00eda de los desplazados buscan refugio en Khan Younis y Deir al-Balah\u00bb, dijo Edem Wosornu, director de operaciones y defensa de la oficina de asuntos humanitarios de la ONU, en una reuni\u00f3n del Consejo de Seguridad sobre la situaci\u00f3n.<\/p>\n<p>&nbsp;<\/p>\n<p>Dijo que las condiciones en los sitios de desplazamiento a los que est\u00e1n llegando son \u00abhorrendas\u00bb, ya que carecen de ba\u00f1os adecuados, agua potable, aguas residuales y refugio.<\/p>\n<p>&nbsp;<\/p>\n<p>\u00abEstas terribles condiciones dejan serias dudas sobre el cumplimiento de estas obligaciones b\u00e1sicas\u00bb.<\/p>\n<p>&nbsp;<\/p>\n<p>Blinken dice que Israel necesita un plan claro y concreto para Gaza<\/p>\n<p>Wosornu dijo que las Naciones Unidas y sus socios est\u00e1n luchando para ofrecer asistencia a los desplazados, porque no pueden llevar suministros a Gaza a la escala requerida.<\/p>\n<p>&nbsp;<\/p>\n<p>El enviado de Israel dijo que es \u00abverdaderamente terrible\u00bb que los civiles en Rafah tengan que ser evacuados, pero que la medida debe ser apoyada, no condenada.<\/p>\n<p>&nbsp;<\/p>\n<p>\u00abSe han trasladado a una zona humanitaria designada que est\u00e1 siendo llenada de ayuda\u00bb, dijo el embajador Gilad Erdan al consejo sobre los sitios designados por Israel. \u00abY nuestra esperanza es que muchos m\u00e1s civiles abandonen Rafah y se alejen del peligro\u00bb.<\/p>\n<p>&nbsp;<\/p>\n<p>Dijo que Israel est\u00e1 avanzando en su operaci\u00f3n militar en Gaza \u00ablenta y cuidadosamente\u00bb para evitar v\u00edctimas civiles, pero que la operaci\u00f3n debe realizarse. De lo contrario, dijo, Israel estar\u00eda otorgando inmunidad a los terroristas restantes de Ham\u00e1s en Rafah.<\/p>\n<p>&nbsp;<\/p>\n<p>Mujeres palestinas lloran la p\u00e9rdida de sus familiares que murieron en un ataque a\u00e9reo israel\u00ed en Nuseirat, en el hospital Al Aqsa en Deir al-Balah, Franja de Gaza, el 19 de mayo de 2024.<\/p>\n<p>El enviado palestino acus\u00f3 a Israel de hacer caso omiso de los llamamientos internacionales para salvar a Rafah y de desplazar por la fuerza a su poblaci\u00f3n.<\/p>\n<p>&nbsp;<\/p>\n<p>\u00abLa gente fue desplazada por la fuerza una y otra vez en condiciones horribles\u00bb, dijo Riyad Mansour. \u00abEst\u00e1n siendo desplazados una vez m\u00e1s por cientos de miles, sin ning\u00fan lugar a donde ir, sin ning\u00fan lugar donde quedarse, sin ning\u00fan lugar donde estar seguros, arrastrando lo que les queda de vida, enfrentados a la muerte a su alrededor, abandonados a este destino aterrador\u00bb.<\/p>\n<p>&nbsp;<\/p>\n<p>El Consejo de Seguridad, los Estados Unidos y muchos otros pa\u00edses han instado a Israel a que no entre en Rafah debido a la probabilidad de que haya un gran n\u00famero de v\u00edctimas civiles.<\/p>\n<p>&nbsp;<\/p>\n<p>El embajador Robert Wood reiter\u00f3 el \u00abcompromiso f\u00e9rreo\u00bb de Washington con la seguridad de Israel, pero dijo que a pesar de las \u00abadvertencias claras y consistentes\u00bb de Estados Unidos y otros, los preparativos de Israel para satisfacer las necesidades de los desplazados son insuficientes.<\/p>\n<p>&nbsp;<\/p>\n<p>\u00abIsrael debe tomar medidas inmediatas y decisivas para remediar esta situaci\u00f3n y garantizar la protecci\u00f3n de los civiles\u00bb, dijo Wood. \u00abNo debe haber demoras. Hay vidas que dependen de ello\u00bb.<\/p>\n<p>&nbsp;<\/p>\n<p>&nbsp;<\/p>\n<p>Hasta el lunes, el principal cruce humanitario en Rafah permanec\u00eda cerrado. Las Fuerzas de Defensa de Israel tomaron el control el 7 de mayo, un d\u00eda despu\u00e9s de lanzar su operaci\u00f3n terrestre en el este de Rafah, y ning\u00fan cami\u00f3n de ayuda lo ha cruzado desde entonces.<\/p>\n<p><strong>Fecha de publicaci\u00f3n martes 21 de mayo de 2024 \/ VOA<\/strong><\/p>\n<p>&nbsp;<\/p>\n","protected":false},"excerpt":{"rendered":"<p>Un alto funcionario humanitario de las Naciones Unidas dijo el lunes que m\u00e1s de 800.000&#8230;<\/p>\n","protected":false},"author":1,"featured_media":190277,"comment_status":"open","ping_status":"open","sticky":false,"template":"","format":"standard","meta":{"_monsterinsights_skip_tracking":false,"_monsterinsights_sitenote_active":false,"_monsterinsights_sitenote_note":"","_monsterinsights_sitenote_category":0,"footnotes":""},"categories":[3],"tags":[144,9036,911],"class_list":["post"],"yoast_head":" \n<title>Sonora en Equipo. ONU: Operaci\u00f3n israel\u00ed desplaza a m\u00e1s de 800.000 palestinos en Rafah MUNDO<\/title>\n<meta name=\"description\" content=\"Un alto funcionario humanitario de las Naciones Unidas dijo el lunes que m\u00e1s de 800.000 palestinos han sido desplazados de la ciudad de Rafah, en el sur En Sonora en Equipo publicamos toda la informaci\u00f3n de Sonora, M\u00e9xico y el Mundo de manera oportuna y busca que la libertad de expresi\u00f3n sea real. Visita nuestro medio informativo publicado desde Hermosillo, Sonora. %\" \/>\n<meta name=\"robots\" content=\"index, follow, max-snippet:-1, max-image-preview:large, max-video-preview:-1\" \/>\n<link rel=\"canonical\" href=\"https:\/\/www.sonoraenequipo.com.mx\/onu-operacion-israeli-desplaza-a-mas-de-800-000-palestinos-en-rafah\/\" \/>\n<meta property=\"og:locale\" content=\"es_ES\" \/>\n<meta property=\"og:type\" content=\"article\" \/>\n<meta property=\"og:title\" content=\"Sonora en Equipo. ONU: Operaci\u00f3n israel\u00ed desplaza a m\u00e1s de 800.000 palestinos en Rafah MUNDO\" \/>\n<meta property=\"og:description\" content=\"Un alto funcionario humanitario de las Naciones Unidas dijo el lunes que m\u00e1s de 800.000 palestinos han sido desplazados de la ciudad de Rafah, en el sur En Sonora en Equipo publicamos toda la informaci\u00f3n de Sonora, M\u00e9xico y el Mundo de manera oportuna y busca que la libertad de expresi\u00f3n sea real. Visita nuestro medio informativo publicado desde Hermosillo, Sonora. %\" \/>\n<meta property=\"og:url\" content=\"https:\/\/www.sonoraenequipo.com.mx\/onu-operacion-israeli-desplaza-a-mas-de-800-000-palestinos-en-rafah\/\" \/>\n<meta property=\"og:site_name\" content=\"Sonora en Equipo.\" \/>\n<meta property=\"article:publisher\" content=\"https:\/\/www.facebook.com\/SonoraEE\/\" \/>\n<meta property=\"article:author\" content=\"https:\/\/www.facebook.com\/SonoraEE\" \/>\n<meta property=\"article:published_time\" content=\"2024-05-21T23:16:45+00:00\" \/>\n<meta property=\"og:image\" content=\"https:\/\/www.sonoraenequipo.com.mx\/storage\/2024\/05\/palestinos.jpg\" \/>\n\t<meta property=\"og:image:width\" content=\"800\" \/>\n\t<meta property=\"og:image:height\" content=\"450\" \/>\n\t<meta property=\"og:image:type\" content=\"image\/jpeg\" \/>\n<meta name=\"author\" content=\"enequipo\" \/>\n<meta name=\"twitter:card\" content=\"summary_large_image\" \/>\n<meta name=\"twitter:creator\" content=\"@sonoraenequipo\" \/>\n<meta name=\"twitter:site\" content=\"@sonoraenequipo\" \/>\n<meta name=\"twitter:label1\" content=\"Escrito por\" \/>\n\t<meta name=\"twitter:data1\" content=\"enequipo\" \/>\n\t<meta name=\"twitter:label2\" content=\"Tiempo de lectura\" \/>\n\t<meta name=\"twitter:data2\" content=\"3 minutos\" \/>\n<script type=\"application\/ld+json\" class=\"yoast-schema-graph\">{\"@context\":\"https:\/\/schema.org\",\"@graph\":[{\"@type\":\"Article\",\"@id\":\"https:\/\/www.sonoraenequipo.com.mx\/onu-operacion-israeli-desplaza-a-mas-de-800-000-palestinos-en-rafah\/#article\",\"isPartOf\":{\"@id\":\"https:\/\/www.sonoraenequipo.com.mx\/onu-operacion-israeli-desplaza-a-mas-de-800-000-palestinos-en-rafah\/\"},\"author\":{\"name\":\"enequipo\",\"@id\":\"https:\/\/www.sonoraenequipo.com.mx\/#\/schema\/person\/50102df0fb23a8fa9e8effad8fa81386\"},\"headline\":\"ONU: Operaci\u00f3n israel\u00ed desplaza a m\u00e1s de 800.000 palestinos en Rafah\",\"datePublished\":\"2024-05-21T23:16:45+00:00\",\"mainEntityOfPage\":{\"@id\":\"https:\/\/www.sonoraenequipo.com.mx\/onu-operacion-israeli-desplaza-a-mas-de-800-000-palestinos-en-rafah\/\"},\"wordCount\":639,\"commentCount\":0,\"publisher\":{\"@id\":\"https:\/\/www.sonoraenequipo.com.mx\/#organization\"},\"image\":{\"@id\":\"https:\/\/www.sonoraenequipo.com.mx\/onu-operacion-israeli-desplaza-a-mas-de-800-000-palestinos-en-rafah\/#primaryimage\"},\"thumbnailUrl\":\"https:\/\/www.sonoraenequipo.com.mx\/storage\/2024\/05\/palestinos.jpg\",\"keywords\":[\"guerra\",\"ham\u00e0s\",\"ISRAEL\"],\"articleSection\":[\"MUNDO\"],\"inLanguage\":\"es\",\"potentialAction\":[{\"@type\":\"CommentAction\",\"name\":\"Comment\",\"target\":[\"https:\/\/www.sonoraenequipo.com.mx\/onu-operacion-israeli-desplaza-a-mas-de-800-000-palestinos-en-rafah\/#respond\"]}]},{\"@type\":\"WebPage\",\"@id\":\"https:\/\/www.sonoraenequipo.com.mx\/onu-operacion-israeli-desplaza-a-mas-de-800-000-palestinos-en-rafah\/\",\"url\":\"https:\/\/www.sonoraenequipo.com.mx\/onu-operacion-israeli-desplaza-a-mas-de-800-000-palestinos-en-rafah\/\",\"name\":\"Sonora en Equipo. ONU: Operaci\u00f3n israel\u00ed desplaza a m\u00e1s de 800.000 palestinos en Rafah MUNDO\",\"isPartOf\":{\"@id\":\"https:\/\/www.sonoraenequipo.com.mx\/#website\"},\"primaryImageOfPage\":{\"@id\":\"https:\/\/www.sonoraenequipo.com.mx\/onu-operacion-israeli-desplaza-a-mas-de-800-000-palestinos-en-rafah\/#primaryimage\"},\"image\":{\"@id\":\"https:\/\/www.sonoraenequipo.com.mx\/onu-operacion-israeli-desplaza-a-mas-de-800-000-palestinos-en-rafah\/#primaryimage\"},\"thumbnailUrl\":\"https:\/\/www.sonoraenequipo.com.mx\/storage\/2024\/05\/palestinos.jpg\",\"datePublished\":\"2024-05-21T23:16:45+00:00\",\"description\":\"Un alto funcionario humanitario de las Naciones Unidas dijo el lunes que m\u00e1s de 800.000 palestinos han sido desplazados de la ciudad de Rafah, en el sur En Sonora en Equipo publicamos toda la informaci\u00f3n de Sonora, M\u00e9xico y el Mundo de manera oportuna y busca que la libertad de expresi\u00f3n sea real. Visita nuestro medio informativo publicado desde Hermosillo, Sonora. %\",\"breadcrumb\":{\"@id\":\"https:\/\/www.sonoraenequipo.com.mx\/onu-operacion-israeli-desplaza-a-mas-de-800-000-palestinos-en-rafah\/#breadcrumb\"},\"inLanguage\":\"es\",\"potentialAction\":[{\"@type\":\"ReadAction\",\"target\":[\"https:\/\/www.sonoraenequipo.com.mx\/onu-operacion-israeli-desplaza-a-mas-de-800-000-palestinos-en-rafah\/\"]}]},{\"@type\":\"ImageObject\",\"inLanguage\":\"es\",\"@id\":\"https:\/\/www.sonoraenequipo.com.mx\/onu-operacion-israeli-desplaza-a-mas-de-800-000-palestinos-en-rafah\/#primaryimage\",\"url\":\"https:\/\/www.sonoraenequipo.com.mx\/storage\/2024\/05\/palestinos.jpg\",\"contentUrl\":\"https:\/\/www.sonoraenequipo.com.mx\/storage\/2024\/05\/palestinos.jpg\",\"width\":800,\"height\":450,\"caption\":\"Familias palestinas desplazada por la guerra en curso con Israel buscan alivio del calor a lo largo del mar Mediterr\u00e1neo en la playa de Khan Younis, Franja de Gaza, el 20 de mayo de 2024. AP\"},{\"@type\":\"BreadcrumbList\",\"@id\":\"https:\/\/www.sonoraenequipo.com.mx\/onu-operacion-israeli-desplaza-a-mas-de-800-000-palestinos-en-rafah\/#breadcrumb\",\"itemListElement\":[{\"@type\":\"ListItem\",\"position\":1,\"name\":\"Portada\",\"item\":\"https:\/\/www.sonoraenequipo.com.mx\/\"},{\"@type\":\"ListItem\",\"position\":2,\"name\":\"ONU: Operaci\u00f3n israel\u00ed desplaza a m\u00e1s de 800.000 palestinos en Rafah\"}]},{\"@type\":\"WebSite\",\"@id\":\"https:\/\/www.sonoraenequipo.com.mx\/#website\",\"url\":\"https:\/\/www.sonoraenequipo.com.mx\/\",\"name\":\"Sonora en Equipo.\",\"description\":\"Diario en l\u00ednea con Noticias desde Hermosillo, Sonora\",\"publisher\":{\"@id\":\"https:\/\/www.sonoraenequipo.com.mx\/#organization\"},\"potentialAction\":[{\"@type\":\"SearchAction\",\"target\":{\"@type\":\"EntryPoint\",\"urlTemplate\":\"https:\/\/www.sonoraenequipo.com.mx\/?s={search_term_string}\"},\"query-input\":{\"@type\":\"PropertyValueSpecification\",\"valueRequired\":true,\"valueName\":\"search_term_string\"}}],\"inLanguage\":\"es\"},{\"@type\":\"Organization\",\"@id\":\"https:\/\/www.sonoraenequipo.com.mx\/#organization\",\"name\":\"Sonoraenequipo.com.mx\",\"url\":\"https:\/\/www.sonoraenequipo.com.mx\/\",\"logo\":{\"@type\":\"ImageObject\",\"inLanguage\":\"es\",\"@id\":\"https:\/\/www.sonoraenequipo.com.mx\/#\/schema\/logo\/image\/\",\"url\":\"https:\/\/www.sonoraenequipo.com.mx\/storage\/2019\/01\/sonoraenequipo_opt.png\",\"contentUrl\":\"https:\/\/www.sonoraenequipo.com.mx\/storage\/2019\/01\/sonoraenequipo_opt.png\",\"width\":375,\"height\":125,\"caption\":\"Sonoraenequipo.com.mx\"},\"image\":{\"@id\":\"https:\/\/www.sonoraenequipo.com.mx\/#\/schema\/logo\/image\/\"},\"sameAs\":[\"https:\/\/www.facebook.com\/SonoraEE\/\",\"https:\/\/x.com\/sonoraenequipo\",\"https:\/\/www.youtube.com\/channel\/UC338nW-lPEYmJQs4ZABQ1SQ\"]},{\"@type\":\"Person\",\"@id\":\"https:\/\/www.sonoraenequipo.com.mx\/#\/schema\/person\/50102df0fb23a8fa9e8effad8fa81386\",\"name\":\"enequipo\",\"image\":{\"@type\":\"ImageObject\",\"inLanguage\":\"es\",\"@id\":\"https:\/\/www.sonoraenequipo.com.mx\/#\/schema\/person\/image\/\",\"url\":\"https:\/\/secure.gravatar.com\/avatar\/049821681b589dabc0bc20695993ccebb09f5b5d4d790cd9251b97faac7c652b?s=96&d=blank&r=g\",\"contentUrl\":\"https:\/\/secure.gravatar.com\/avatar\/049821681b589dabc0bc20695993ccebb09f5b5d4d790cd9251b97faac7c652b?s=96&d=blank&r=g\",\"caption\":\"enequipo\"},\"sameAs\":[\"https:\/\/www.facebook.com\/SonoraEE\"]}]}<\/script>\n ","yoast_head_json":{"title":"Sonora en Equipo. ONU: Operaci\u00f3n israel\u00ed desplaza a m\u00e1s de 800.000 palestinos en Rafah MUNDO","description":"Un alto funcionario humanitario de las Naciones Unidas dijo el lunes que m\u00e1s de 800.000 palestinos han sido desplazados de la ciudad de Rafah, en el sur En Sonora en Equipo publicamos toda la informaci\u00f3n de Sonora, M\u00e9xico y el Mundo de manera oportuna y busca que la libertad de expresi\u00f3n sea real. Visita nuestro medio informativo publicado desde Hermosillo, Sonora. %","robots":{"index":"index","follow":"follow","max-snippet":"max-snippet:-1","max-image-preview":"max-image-preview:large","max-video-preview":"max-video-preview:-1"},"canonical":"https:\/\/www.sonoraenequipo.com.mx\/onu-operacion-israeli-desplaza-a-mas-de-800-000-palestinos-en-rafah\/","og_locale":"es_ES","og_type":"article","og_title":"Sonora en Equipo. ONU: Operaci\u00f3n israel\u00ed desplaza a m\u00e1s de 800.000 palestinos en Rafah MUNDO","og_description":"Un alto funcionario humanitario de las Naciones Unidas dijo el lunes que m\u00e1s de 800.000 palestinos han sido desplazados de la ciudad de Rafah, en el sur En Sonora en Equipo publicamos toda la informaci\u00f3n de Sonora, M\u00e9xico y el Mundo de manera oportuna y busca que la libertad de expresi\u00f3n sea real. Visita nuestro medio informativo publicado desde Hermosillo, Sonora. %","og_url":"https:\/\/www.sonoraenequipo.com.mx\/onu-operacion-israeli-desplaza-a-mas-de-800-000-palestinos-en-rafah\/","og_site_name":"Sonora en Equipo.","article_publisher":"https:\/\/www.facebook.com\/SonoraEE\/","article_author":"https:\/\/www.facebook.com\/SonoraEE","article_published_time":"2024-05-21T23:16:45+00:00","og_image":[{"width":800,"height":450,"url":"https:\/\/www.sonoraenequipo.com.mx\/storage\/2024\/05\/palestinos.jpg","type":"image\/jpeg"}],"author":"enequipo","twitter_card":"summary_large_image","twitter_creator":"@sonoraenequipo","twitter_site":"@sonoraenequipo","twitter_misc":{"Escrito por":"enequipo","Tiempo de lectura":"3 minutos"},"schema":{"@context":"https:\/\/schema.org","@graph":[{"@type":"Article","@id":"https:\/\/www.sonoraenequipo.com.mx\/onu-operacion-israeli-desplaza-a-mas-de-800-000-palestinos-en-rafah\/#article","isPartOf":{"@id":"https:\/\/www.sonoraenequipo.com.mx\/onu-operacion-israeli-desplaza-a-mas-de-800-000-palestinos-en-rafah\/"},"author":{"name":"enequipo","@id":"https:\/\/www.sonoraenequipo.com.mx\/#\/schema\/person\/50102df0fb23a8fa9e8effad8fa81386"},"headline":"ONU: Operaci\u00f3n israel\u00ed desplaza a m\u00e1s de 800.000 palestinos en Rafah","datePublished":"2024-05-21T23:16:45+00:00","mainEntityOfPage":{"@id":"https:\/\/www.sonoraenequipo.com.mx\/onu-operacion-israeli-desplaza-a-mas-de-800-000-palestinos-en-rafah\/"},"wordCount":639,"commentCount":0,"publisher":{"@id":"https:\/\/www.sonoraenequipo.com.mx\/#organization"},"image":{"@id":"https:\/\/www.sonoraenequipo.com.mx\/onu-operacion-israeli-desplaza-a-mas-de-800-000-palestinos-en-rafah\/#primaryimage"},"thumbnailUrl":"https:\/\/www.sonoraenequipo.com.mx\/storage\/2024\/05\/palestinos.jpg","keywords":["guerra","ham\u00e0s","ISRAEL"],"articleSection":["MUNDO"],"inLanguage":"es","potentialAction":[{"@type":"CommentAction","name":"Comment","target":["https:\/\/www.sonoraenequipo.com.mx\/onu-operacion-israeli-desplaza-a-mas-de-800-000-palestinos-en-rafah\/#respond"]}]},{"@type":"WebPage","@id":"https:\/\/www.sonoraenequipo.com.mx\/onu-operacion-israeli-desplaza-a-mas-de-800-000-palestinos-en-rafah\/","url":"https:\/\/www.sonoraenequipo.com.mx\/onu-operacion-israeli-desplaza-a-mas-de-800-000-palestinos-en-rafah\/","name":"Sonora en Equipo. ONU: Operaci\u00f3n israel\u00ed desplaza a m\u00e1s de 800.000 palestinos en Rafah MUNDO","isPartOf":{"@id":"https:\/\/www.sonoraenequipo.com.mx\/#website"},"primaryImageOfPage":{"@id":"https:\/\/www.sonoraenequipo.com.mx\/onu-operacion-israeli-desplaza-a-mas-de-800-000-palestinos-en-rafah\/#primaryimage"},"image":{"@id":"https:\/\/www.sonoraenequipo.com.mx\/onu-operacion-israeli-desplaza-a-mas-de-800-000-palestinos-en-rafah\/#primaryimage"},"thumbnailUrl":"https:\/\/www.sonoraenequipo.com.mx\/storage\/2024\/05\/palestinos.jpg","datePublished":"2024-05-21T23:16:45+00:00","description":"Un alto funcionario humanitario de las Naciones Unidas dijo el lunes que m\u00e1s de 800.000 palestinos han sido desplazados de la ciudad de Rafah, en el sur En Sonora en Equipo publicamos toda la informaci\u00f3n de Sonora, M\u00e9xico y el Mundo de manera oportuna y busca que la libertad de expresi\u00f3n sea real. Visita nuestro medio informativo publicado desde Hermosillo, Sonora. %","breadcrumb":{"@id":"https:\/\/www.sonoraenequipo.com.mx\/onu-operacion-israeli-desplaza-a-mas-de-800-000-palestinos-en-rafah\/#breadcrumb"},"inLanguage":"es","potentialAction":[{"@type":"ReadAction","target":["https:\/\/www.sonoraenequipo.com.mx\/onu-operacion-israeli-desplaza-a-mas-de-800-000-palestinos-en-rafah\/"]}]},{"@type":"ImageObject","inLanguage":"es","@id":"https:\/\/www.sonoraenequipo.com.mx\/onu-operacion-israeli-desplaza-a-mas-de-800-000-palestinos-en-rafah\/#primaryimage","url":"https:\/\/www.sonoraenequipo.com.mx\/storage\/2024\/05\/palestinos.jpg","contentUrl":"https:\/\/www.sonoraenequipo.com.mx\/storage\/2024\/05\/palestinos.jpg","width":800,"height":450,"caption":"Familias palestinas desplazada por la guerra en curso con Israel buscan alivio del calor a lo largo del mar Mediterr\u00e1neo en la playa de Khan Younis, Franja de Gaza, el 20 de mayo de 2024. AP"},{"@type":"BreadcrumbList","@id":"https:\/\/www.sonoraenequipo.com.mx\/onu-operacion-israeli-desplaza-a-mas-de-800-000-palestinos-en-rafah\/#breadcrumb","itemListElement":[{"@type":"ListItem","position":1,"name":"Portada","item":"https:\/\/www.sonoraenequipo.com.mx\/"},{"@type":"ListItem","position":2,"name":"ONU: Operaci\u00f3n israel\u00ed desplaza a m\u00e1s de 800.000 palestinos en Rafah"}]},{"@type":"WebSite","@id":"https:\/\/www.sonoraenequipo.com.mx\/#website","url":"https:\/\/www.sonoraenequipo.com.mx\/","name":"Sonora en Equipo.","description":"Diario en l\u00ednea con Noticias desde Hermosillo, Sonora","publisher":{"@id":"https:\/\/www.sonoraenequipo.com.mx\/#organization"},"potentialAction":[{"@type":"SearchAction","target":{"@type":"EntryPoint","urlTemplate":"https:\/\/www.sonoraenequipo.com.mx\/?s={search_term_string}"},"query-input":{"@type":"PropertyValueSpecification","valueRequired":true,"valueName":"search_term_string"}}],"inLanguage":"es"},{"@type":"Organization","@id":"https:\/\/www.sonoraenequipo.com.mx\/#organization","name":"Sonoraenequipo.com.mx","url":"https:\/\/www.sonoraenequipo.com.mx\/","logo":{"@type":"ImageObject","inLanguage":"es","@id":"https:\/\/www.sonoraenequipo.com.mx\/#\/schema\/logo\/image\/","url":"https:\/\/www.sonoraenequipo.com.mx\/storage\/2019\/01\/sonoraenequipo_opt.png","contentUrl":"https:\/\/www.sonoraenequipo.com.mx\/storage\/2019\/01\/sonoraenequipo_opt.png","width":375,"height":125,"caption":"Sonoraenequipo.com.mx"},"image":{"@id":"https:\/\/www.sonoraenequipo.com.mx\/#\/schema\/logo\/image\/"},"sameAs":["https:\/\/www.facebook.com\/SonoraEE\/","https:\/\/x.com\/sonoraenequipo","https:\/\/www.youtube.com\/channel\/UC338nW-lPEYmJQs4ZABQ1SQ"]},{"@type":"Person","@id":"https:\/\/www.sonoraenequipo.com.mx\/#\/schema\/person\/50102df0fb23a8fa9e8effad8fa81386","name":"enequipo","image":{"@type":"ImageObject","inLanguage":"es","@id":"https:\/\/www.sonoraenequipo.com.mx\/#\/schema\/person\/image\/","url":"https:\/\/secure.gravatar.com\/avatar\/049821681b589dabc0bc20695993ccebb09f5b5d4d790cd9251b97faac7c652b?s=96&d=blank&r=g","contentUrl":"https:\/\/secure.gravatar.com\/avatar\/049821681b589dabc0bc20695993ccebb09f5b5d4d790cd9251b97faac7c652b?s=96&d=blank&r=g","caption":"enequipo"},"sameAs":["https:\/\/www.facebook.com\/SonoraEE"]}]}},"jetpack_featured_media_url":"https:\/\/www.sonoraenequipo.com.mx\/storage\/2024\/05\/palestinos.jpg","_links":{"self":[{"href":"https:\/\/www.sonoraenequipo.com.mx\/api\/wp\/v2\/posts\/190276","targetHints":{"allow":["GET"]}}],"collection":[{"href":"https:\/\/www.sonoraenequipo.com.mx\/api\/wp\/v2\/posts"}],"about":[{"href":"https:\/\/www.sonoraenequipo.com.mx\/api\/wp\/v2\/types\/post"}],"author":[{"embeddable":true,"href":"https:\/\/www.sonoraenequipo.com.mx\/api\/wp\/v2\/users\/1"}],"replies":[{"embeddable":true,"href":"https:\/\/www.sonoraenequipo.com.mx\/api\/wp\/v2\/comments?post=190276"}],"version-history":[{"count":1,"href":"https:\/\/www.sonoraenequipo.com.mx\/api\/wp\/v2\/posts\/190276\/revisions"}],"predecessor-version":[{"id":190278,"href":"https:\/\/www.sonoraenequipo.com.mx\/api\/wp\/v2\/posts\/190276\/revisions\/190278"}],"wp:featuredmedia":[{"embeddable":true,"href":"https:\/\/www.sonoraenequipo.com.mx\/api\/wp\/v2\/media\/190277"}],"wp:attachment":[{"href":"https:\/\/www.sonoraenequipo.com.mx\/api\/wp\/v2\/media?parent=190276"}],"wp:term":[{"taxonomy":"category","embeddable":true,"href":"https:\/\/www.sonoraenequipo.com.mx\/api\/wp\/v2\/categories?post=190276"},{"taxonomy":"post_tag","embeddable":true,"href":"https:\/\/www.sonoraenequipo.com.mx\/api\/wp\/v2\/tags?post=190276"}],"curies":[{"name":"wp","href":"https:\/\/api.w.org\/{rel}","templated":true}]}}