{"id":190286,"date":"2024-05-21T16:48:44","date_gmt":"2024-05-21T23:48:44","guid":{"rendered":"https:\/\/www.sonoraenequipo.com.mx\/?p=190286"},"modified":"2024-05-21T16:48:44","modified_gmt":"2024-05-21T23:48:44","slug":"ordena-ine-a-dos-candidatos-en-sonora-suspender-su-participacion-en-programa-de-radio","status":"publish","type":"post","link":"https:\/\/www.sonoraenequipo.com.mx\/ordena-ine-a-dos-candidatos-en-sonora-suspender-su-participacion-en-programa-de-radio\/","title":{"rendered":"Ordena INE a dos candidatos en Sonora suspender su participaci\u00f3n en programa de radio"},"content":{"rendered":"<p><strong>HERMOSILLO, SONORA, MX.\u02d7\u02d7\u02d7 <\/strong>La Comisi\u00f3n de Quejas y Denuncias del Instituto Nacional Electoral (INE) resolvi\u00f3 tres medidas cautelares. Una por posible adquisici\u00f3n de tiempo en radio y dos por presunta Violencia Pol\u00edtica contra las Mujeres en Raz\u00f3n de G\u00e9nero (VPMRG). Asimismo, conoci\u00f3 de una medida cautelar propuesta por la Unidad T\u00e9cnica de lo Contencioso Electoral (UTCE) relacionada con los principios de imparcialidad e independencia en la integraci\u00f3n de los \u00f3rganos electorales en el marco del Proceso Electoral 2023-2024.<\/p>\n<p>&nbsp;<\/p>\n<p>Participaci\u00f3n de candidatos en programa de radio, bajo la apariencia del buen derecho, sobreexpone su imagen<\/p>\n<p>&nbsp;<\/p>\n<p>MORENA denunci\u00f3 a Jorge Luis Garc\u00eda de Le\u00f3n Morales y Ad\u00e1n Froylan Pacheco Mend\u00edvil, candidatos a presidente municipal y regidor suplente de Navojoa, Sonora, respectivamente, a los partidos integrantes de la coalici\u00f3n \u201cFuerza y Coraz\u00f3n por Sonora\u201d y a la concesionaria \u201cRadio Grupo Garc\u00eda de Le\u00f3n, la Mejor FM 103.3\u201d, por la probable adquisici\u00f3n de tiempo en radio, derivado de la participaci\u00f3n de ambos denunciados en el programa de noticias \u201cD\u00edgalo Sin Miedo\u201d, su difusi\u00f3n en Facebook y la colocaci\u00f3n de espectaculares en lugares prohibidos.<\/p>\n<p>&nbsp;<\/p>\n<p>La Comisi\u00f3n de Quejas resolvi\u00f3, por unanimidad de votos, que es procedente la adopci\u00f3n de la medida cautelar, para que los denunciados suspendan sus intervenciones en el programa de radio mientras se desarrolla la etapa de campa\u00f1a hasta la Jornada Electoral del Proceso Electoral Local de Sonora, pues de un an\u00e1lisis preliminar, podr\u00eda advertirse una posible sobreexposici\u00f3n por su intervenci\u00f3n en el programa, lo cual, podr\u00eda contravenir el principio de equidad en la contienda electoral por una posible adquisici\u00f3n de tiempo en radio.<\/p>\n<p>&nbsp;<\/p>\n<p>Respecto al retiro de los programas en las plataformas digitales de la emisora y de las redes de los candidatos, por mayor\u00eda de votos, se consider\u00f3 improcedente la adopci\u00f3n de la medida cautelar porque en principio, se trata de un ejercicio period\u00edstico y, para su consulta, se requiere de un acto de voluntad por parte de la ciudadan\u00eda. En el mismo sentido, por mayor\u00eda de votos, se resolvi\u00f3 improcedente la medida cautelar para el retiro de la propaganda en espectaculares, pues del contenido no es posible visualizar el nombre de alguno de ellos, o referencia a sus candidaturas que genere una sobreexposici\u00f3n derivada de su participaci\u00f3n en el programa.<\/p>\n<p>&nbsp;<\/p>\n<p>Sobre el supuesto fraude a la ley y la culpa in vigilando en este caso, la Comisi\u00f3n precis\u00f3 que ser\u00e1 tema que analizar\u00e1 la Sala Regional Especializada del Tribunal Electoral del Poder Judicial de la Federaci\u00f3n (TEPJF) al resolver el fondo del asunto.<\/p>\n<p>&nbsp;<\/p>\n<p>Respecto a la solicitud de espacio radiof\u00f3nico para refutar lo manifestado en el programa, se dej\u00f3 a salvo sus derechos para que lo haga valer en la v\u00eda que lo estimen pertinente.<\/p>\n<p>&nbsp;<\/p>\n<p>Publicaciones en medio de comunicaci\u00f3n y en la red social X podr\u00edan constituir VPMRG<\/p>\n<p>&nbsp;<\/p>\n<p>Cecilia Guadalupe Guadiana Mandujano, candidata a Senadora de la Rep\u00fablica por el estado de Coahuila postulada por la coalici\u00f3n \u201cSigamos Haciendo Historia\u201d, denunci\u00f3 a Luis Carlos Plata, por publicaciones realizadas en su red social X, as\u00ed como por diversas columnas realizadas en el peri\u00f3dico \u201cZ\u00f3calo\u201d, en las que, a su consideraci\u00f3n, se afecta su imagen con base en estereotipos de g\u00e9nero y podr\u00edan constituir VPMRG en su contra.<\/p>\n<p>&nbsp;<\/p>\n<p>La Comisi\u00f3n determin\u00f3 que es improcedente la adopci\u00f3n de medidas cautelares, respecto de nueve publicaciones ya que, de un an\u00e1lisis al contenido, no se advierte que las mismas se encuentren dirigidas a la denunciante por su calidad de mujer, ni tampoco que est\u00e9n sustentadas en elementos de g\u00e9nero dirigidos a menoscabar sus derechos pol\u00edtico-electorales como mujer.<\/p>\n<p>&nbsp;<\/p>\n<p>Por lo que respecta al resto de las publicaciones denunciadas, la Comisi\u00f3n concluy\u00f3 que es procedente la adopci\u00f3n de medidas cautelares porque las columnas difundidas en su red social X podr\u00edan actualizar violencia psicol\u00f3gica y simb\u00f3lica, pues se dirigen a poner en duda sus capacidades como mujer para acceder, por sus propios logros, a un cargo de representaci\u00f3n popular, al utilizar estereotipos de g\u00e9nero, por lo que el denunciado y el medio de comunicaci\u00f3n digital deber\u00e1n eliminar el material motivo de la queja.<\/p>\n<p>&nbsp;<\/p>\n<p>Se impide a 49 personas continuar en el cargo de SE y CAE<\/p>\n<p>&nbsp;<\/p>\n<p>El colegiado aprob\u00f3 una medida cautelar presentada por la Unidad T\u00e9cnica de lo Contencioso Electoral (UTCE) contra 49 personas que ocupan el cargo de Supervisor\/a Electoral y\/o Capacitador\/a Asistente Electoral, ya que los partidos pol\u00edticos involucrados exhibieron c\u00e9dulas de afiliaci\u00f3n o expedientes electr\u00f3nicos que los acreditan como militantes, con firmas que preliminarmente autorizan su consentimiento para pertenecer a sus filas.<\/p>\n<p>&nbsp;<\/p>\n<p>Por lo tanto, se orden\u00f3 impedir que contin\u00faen en el cargo hasta que se resuelva definitivamente el fondo de los asuntos, para garantizar los principios de imparcialidad e independencia en la integraci\u00f3n de los \u00f3rganos electorales.<\/p>\n<p>&nbsp;<\/p>\n<p>Manifestaciones de candidato de MC a Senador por Nuevo Le\u00f3n, preliminarmente, no constituyen VPMRG<\/p>\n<p>&nbsp;<\/p>\n<p>Una persona que solicit\u00f3 la protecci\u00f3n de sus datos, tambi\u00e9n aspirante a una senadur\u00eda, denunci\u00f3 a Luis Donaldo Colosio Riojas, candidato al Senado de la Rep\u00fablica por el estado de Nuevo Le\u00f3n, ambos postulados por el partido pol\u00edtico Movimiento Ciudadano (MC) y a quien o quienes resulten responsables, por la difusi\u00f3n, en la red social Instagram, de una entrevista realizada por Jos\u00e9 Luis Guerra en la p\u00e1gina denominada \u201cPorno Pol\u00edtica\u201d, pues, a decir de la parte denunciante, el contenido configura VPMRG.<\/p>\n<p>&nbsp;<\/p>\n<p>La Comisi\u00f3n resolvi\u00f3 que es improcedente la adopci\u00f3n de la medida cautelar, toda vez que, desde una \u00f3ptica preliminar, no se cuenta con elementos para estimar que la publicaci\u00f3n y las expresiones contenidas en la entrevista, actualicen VPMRG, sino que se trata de una declaraci\u00f3n sobre temas de inter\u00e9s p\u00fablico.<\/p>\n<p><strong>Fecha de publicaci\u00f3n martes 21 de mayo de 2024<\/strong><\/p>\n","protected":false},"excerpt":{"rendered":"<p>HERMOSILLO, SONORA, MX.\u02d7\u02d7\u02d7 La Comisi\u00f3n de Quejas y Denuncias del Instituto Nacional Electoral (INE) resolvi\u00f3&#8230;<\/p>\n","protected":false},"author":1,"featured_media":189145,"comment_status":"open","ping_status":"open","sticky":false,"template":"","format":"standard","meta":{"_monsterinsights_skip_tracking":false,"_monsterinsights_sitenote_active":false,"_monsterinsights_sitenote_note":"","_monsterinsights_sitenote_category":0,"footnotes":""},"categories":[9400],"tags":[7497,111,15],"class_list":["post"],"yoast_head":" \n<title>Sonora en Equipo. Ordena INE a dos candidatos en Sonora suspender su participaci\u00f3n en programa de radio ELECCI\u00d3NES<\/title>\n<meta name=\"description\" content=\"HERMOSILLO, SONORA, MX.\u02d7\u02d7\u02d7 La Comisi\u00f3n de Quejas y Denuncias del Instituto Nacional Electoral (INE) resolvi\u00f3 tres medidas cautelares. Una por posible En Sonora en Equipo publicamos toda la informaci\u00f3n de Sonora, M\u00e9xico y el Mundo de manera oportuna y busca que la libertad de expresi\u00f3n sea real. Visita nuestro medio informativo publicado desde Hermosillo, Sonora. %\" \/>\n<meta name=\"robots\" content=\"index, follow, max-snippet:-1, max-image-preview:large, max-video-preview:-1\" \/>\n<link rel=\"canonical\" href=\"https:\/\/www.sonoraenequipo.com.mx\/ordena-ine-a-dos-candidatos-en-sonora-suspender-su-participacion-en-programa-de-radio\/\" \/>\n<meta property=\"og:locale\" content=\"es_ES\" \/>\n<meta property=\"og:type\" content=\"article\" \/>\n<meta property=\"og:title\" content=\"Sonora en Equipo. Ordena INE a dos candidatos en Sonora suspender su participaci\u00f3n en programa de radio ELECCI\u00d3NES\" \/>\n<meta property=\"og:description\" content=\"HERMOSILLO, SONORA, MX.\u02d7\u02d7\u02d7 La Comisi\u00f3n de Quejas y Denuncias del Instituto Nacional Electoral (INE) resolvi\u00f3 tres medidas cautelares. Una por posible En Sonora en Equipo publicamos toda la informaci\u00f3n de Sonora, M\u00e9xico y el Mundo de manera oportuna y busca que la libertad de expresi\u00f3n sea real. Visita nuestro medio informativo publicado desde Hermosillo, Sonora. %\" \/>\n<meta property=\"og:url\" content=\"https:\/\/www.sonoraenequipo.com.mx\/ordena-ine-a-dos-candidatos-en-sonora-suspender-su-participacion-en-programa-de-radio\/\" \/>\n<meta property=\"og:site_name\" content=\"Sonora en Equipo.\" \/>\n<meta property=\"article:publisher\" content=\"https:\/\/www.facebook.com\/SonoraEE\/\" \/>\n<meta property=\"article:author\" content=\"https:\/\/www.facebook.com\/SonoraEE\" \/>\n<meta property=\"article:published_time\" content=\"2024-05-21T23:48:44+00:00\" \/>\n<meta property=\"og:image\" content=\"https:\/\/www.sonoraenequipo.com.mx\/storage\/2024\/05\/fachada-ine.jpg\" \/>\n\t<meta property=\"og:image:width\" content=\"600\" \/>\n\t<meta property=\"og:image:height\" content=\"369\" \/>\n\t<meta property=\"og:image:type\" content=\"image\/jpeg\" \/>\n<meta name=\"author\" content=\"enequipo\" \/>\n<meta name=\"twitter:card\" content=\"summary_large_image\" \/>\n<meta name=\"twitter:creator\" content=\"@sonoraenequipo\" \/>\n<meta name=\"twitter:site\" content=\"@sonoraenequipo\" \/>\n<meta name=\"twitter:label1\" content=\"Escrito por\" \/>\n\t<meta name=\"twitter:data1\" content=\"enequipo\" \/>\n\t<meta name=\"twitter:label2\" content=\"Tiempo de lectura\" \/>\n\t<meta name=\"twitter:data2\" content=\"5 minutos\" \/>\n<script type=\"application\/ld+json\" class=\"yoast-schema-graph\">{\"@context\":\"https:\/\/schema.org\",\"@graph\":[{\"@type\":\"Article\",\"@id\":\"https:\/\/www.sonoraenequipo.com.mx\/ordena-ine-a-dos-candidatos-en-sonora-suspender-su-participacion-en-programa-de-radio\/#article\",\"isPartOf\":{\"@id\":\"https:\/\/www.sonoraenequipo.com.mx\/ordena-ine-a-dos-candidatos-en-sonora-suspender-su-participacion-en-programa-de-radio\/\"},\"author\":{\"name\":\"enequipo\",\"@id\":\"https:\/\/www.sonoraenequipo.com.mx\/#\/schema\/person\/50102df0fb23a8fa9e8effad8fa81386\"},\"headline\":\"Ordena INE a dos candidatos en Sonora suspender su participaci\u00f3n en programa de radio\",\"datePublished\":\"2024-05-21T23:48:44+00:00\",\"mainEntityOfPage\":{\"@id\":\"https:\/\/www.sonoraenequipo.com.mx\/ordena-ine-a-dos-candidatos-en-sonora-suspender-su-participacion-en-programa-de-radio\/\"},\"wordCount\":1048,\"commentCount\":0,\"publisher\":{\"@id\":\"https:\/\/www.sonoraenequipo.com.mx\/#organization\"},\"image\":{\"@id\":\"https:\/\/www.sonoraenequipo.com.mx\/ordena-ine-a-dos-candidatos-en-sonora-suspender-su-participacion-en-programa-de-radio\/#primaryimage\"},\"thumbnailUrl\":\"https:\/\/www.sonoraenequipo.com.mx\/storage\/2024\/05\/fachada-ine.jpg\",\"keywords\":[\"2024\",\"elecciones\",\"Sonora\"],\"articleSection\":[\"ELECCI\u00d3NES\"],\"inLanguage\":\"es\",\"potentialAction\":[{\"@type\":\"CommentAction\",\"name\":\"Comment\",\"target\":[\"https:\/\/www.sonoraenequipo.com.mx\/ordena-ine-a-dos-candidatos-en-sonora-suspender-su-participacion-en-programa-de-radio\/#respond\"]}]},{\"@type\":\"WebPage\",\"@id\":\"https:\/\/www.sonoraenequipo.com.mx\/ordena-ine-a-dos-candidatos-en-sonora-suspender-su-participacion-en-programa-de-radio\/\",\"url\":\"https:\/\/www.sonoraenequipo.com.mx\/ordena-ine-a-dos-candidatos-en-sonora-suspender-su-participacion-en-programa-de-radio\/\",\"name\":\"Sonora en Equipo. Ordena INE a dos candidatos en Sonora suspender su participaci\u00f3n en programa de radio ELECCI\u00d3NES\",\"isPartOf\":{\"@id\":\"https:\/\/www.sonoraenequipo.com.mx\/#website\"},\"primaryImageOfPage\":{\"@id\":\"https:\/\/www.sonoraenequipo.com.mx\/ordena-ine-a-dos-candidatos-en-sonora-suspender-su-participacion-en-programa-de-radio\/#primaryimage\"},\"image\":{\"@id\":\"https:\/\/www.sonoraenequipo.com.mx\/ordena-ine-a-dos-candidatos-en-sonora-suspender-su-participacion-en-programa-de-radio\/#primaryimage\"},\"thumbnailUrl\":\"https:\/\/www.sonoraenequipo.com.mx\/storage\/2024\/05\/fachada-ine.jpg\",\"datePublished\":\"2024-05-21T23:48:44+00:00\",\"description\":\"HERMOSILLO, SONORA, MX.\u02d7\u02d7\u02d7 La Comisi\u00f3n de Quejas y Denuncias del Instituto Nacional Electoral (INE) resolvi\u00f3 tres medidas cautelares. Una por posible En Sonora en Equipo publicamos toda la informaci\u00f3n de Sonora, M\u00e9xico y el Mundo de manera oportuna y busca que la libertad de expresi\u00f3n sea real. Visita nuestro medio informativo publicado desde Hermosillo, Sonora. %\",\"breadcrumb\":{\"@id\":\"https:\/\/www.sonoraenequipo.com.mx\/ordena-ine-a-dos-candidatos-en-sonora-suspender-su-participacion-en-programa-de-radio\/#breadcrumb\"},\"inLanguage\":\"es\",\"potentialAction\":[{\"@type\":\"ReadAction\",\"target\":[\"https:\/\/www.sonoraenequipo.com.mx\/ordena-ine-a-dos-candidatos-en-sonora-suspender-su-participacion-en-programa-de-radio\/\"]}]},{\"@type\":\"ImageObject\",\"inLanguage\":\"es\",\"@id\":\"https:\/\/www.sonoraenequipo.com.mx\/ordena-ine-a-dos-candidatos-en-sonora-suspender-su-participacion-en-programa-de-radio\/#primaryimage\",\"url\":\"https:\/\/www.sonoraenequipo.com.mx\/storage\/2024\/05\/fachada-ine.jpg\",\"contentUrl\":\"https:\/\/www.sonoraenequipo.com.mx\/storage\/2024\/05\/fachada-ine.jpg\",\"width\":600,\"height\":369},{\"@type\":\"BreadcrumbList\",\"@id\":\"https:\/\/www.sonoraenequipo.com.mx\/ordena-ine-a-dos-candidatos-en-sonora-suspender-su-participacion-en-programa-de-radio\/#breadcrumb\",\"itemListElement\":[{\"@type\":\"ListItem\",\"position\":1,\"name\":\"Portada\",\"item\":\"https:\/\/www.sonoraenequipo.com.mx\/\"},{\"@type\":\"ListItem\",\"position\":2,\"name\":\"Ordena INE a dos candidatos en Sonora suspender su participaci\u00f3n en programa de radio\"}]},{\"@type\":\"WebSite\",\"@id\":\"https:\/\/www.sonoraenequipo.com.mx\/#website\",\"url\":\"https:\/\/www.sonoraenequipo.com.mx\/\",\"name\":\"Sonora en Equipo.\",\"description\":\"Diario en l\u00ednea con Noticias desde Hermosillo, Sonora\",\"publisher\":{\"@id\":\"https:\/\/www.sonoraenequipo.com.mx\/#organization\"},\"potentialAction\":[{\"@type\":\"SearchAction\",\"target\":{\"@type\":\"EntryPoint\",\"urlTemplate\":\"https:\/\/www.sonoraenequipo.com.mx\/?s={search_term_string}\"},\"query-input\":{\"@type\":\"PropertyValueSpecification\",\"valueRequired\":true,\"valueName\":\"search_term_string\"}}],\"inLanguage\":\"es\"},{\"@type\":\"Organization\",\"@id\":\"https:\/\/www.sonoraenequipo.com.mx\/#organization\",\"name\":\"Sonoraenequipo.com.mx\",\"url\":\"https:\/\/www.sonoraenequipo.com.mx\/\",\"logo\":{\"@type\":\"ImageObject\",\"inLanguage\":\"es\",\"@id\":\"https:\/\/www.sonoraenequipo.com.mx\/#\/schema\/logo\/image\/\",\"url\":\"https:\/\/www.sonoraenequipo.com.mx\/storage\/2019\/01\/sonoraenequipo_opt.png\",\"contentUrl\":\"https:\/\/www.sonoraenequipo.com.mx\/storage\/2019\/01\/sonoraenequipo_opt.png\",\"width\":375,\"height\":125,\"caption\":\"Sonoraenequipo.com.mx\"},\"image\":{\"@id\":\"https:\/\/www.sonoraenequipo.com.mx\/#\/schema\/logo\/image\/\"},\"sameAs\":[\"https:\/\/www.facebook.com\/SonoraEE\/\",\"https:\/\/x.com\/sonoraenequipo\",\"https:\/\/www.youtube.com\/channel\/UC338nW-lPEYmJQs4ZABQ1SQ\"]},{\"@type\":\"Person\",\"@id\":\"https:\/\/www.sonoraenequipo.com.mx\/#\/schema\/person\/50102df0fb23a8fa9e8effad8fa81386\",\"name\":\"enequipo\",\"image\":{\"@type\":\"ImageObject\",\"inLanguage\":\"es\",\"@id\":\"https:\/\/www.sonoraenequipo.com.mx\/#\/schema\/person\/image\/\",\"url\":\"https:\/\/secure.gravatar.com\/avatar\/049821681b589dabc0bc20695993ccebb09f5b5d4d790cd9251b97faac7c652b?s=96&d=blank&r=g\",\"contentUrl\":\"https:\/\/secure.gravatar.com\/avatar\/049821681b589dabc0bc20695993ccebb09f5b5d4d790cd9251b97faac7c652b?s=96&d=blank&r=g\",\"caption\":\"enequipo\"},\"sameAs\":[\"https:\/\/www.facebook.com\/SonoraEE\"]}]}<\/script>\n ","yoast_head_json":{"title":"Sonora en Equipo. Ordena INE a dos candidatos en Sonora suspender su participaci\u00f3n en programa de radio ELECCI\u00d3NES","description":"HERMOSILLO, SONORA, MX.\u02d7\u02d7\u02d7 La Comisi\u00f3n de Quejas y Denuncias del Instituto Nacional Electoral (INE) resolvi\u00f3 tres medidas cautelares. Una por posible En Sonora en Equipo publicamos toda la informaci\u00f3n de Sonora, M\u00e9xico y el Mundo de manera oportuna y busca que la libertad de expresi\u00f3n sea real. Visita nuestro medio informativo publicado desde Hermosillo, Sonora. %","robots":{"index":"index","follow":"follow","max-snippet":"max-snippet:-1","max-image-preview":"max-image-preview:large","max-video-preview":"max-video-preview:-1"},"canonical":"https:\/\/www.sonoraenequipo.com.mx\/ordena-ine-a-dos-candidatos-en-sonora-suspender-su-participacion-en-programa-de-radio\/","og_locale":"es_ES","og_type":"article","og_title":"Sonora en Equipo. Ordena INE a dos candidatos en Sonora suspender su participaci\u00f3n en programa de radio ELECCI\u00d3NES","og_description":"HERMOSILLO, SONORA, MX.\u02d7\u02d7\u02d7 La Comisi\u00f3n de Quejas y Denuncias del Instituto Nacional Electoral (INE) resolvi\u00f3 tres medidas cautelares. Una por posible En Sonora en Equipo publicamos toda la informaci\u00f3n de Sonora, M\u00e9xico y el Mundo de manera oportuna y busca que la libertad de expresi\u00f3n sea real. Visita nuestro medio informativo publicado desde Hermosillo, Sonora. %","og_url":"https:\/\/www.sonoraenequipo.com.mx\/ordena-ine-a-dos-candidatos-en-sonora-suspender-su-participacion-en-programa-de-radio\/","og_site_name":"Sonora en Equipo.","article_publisher":"https:\/\/www.facebook.com\/SonoraEE\/","article_author":"https:\/\/www.facebook.com\/SonoraEE","article_published_time":"2024-05-21T23:48:44+00:00","og_image":[{"width":600,"height":369,"url":"https:\/\/www.sonoraenequipo.com.mx\/storage\/2024\/05\/fachada-ine.jpg","type":"image\/jpeg"}],"author":"enequipo","twitter_card":"summary_large_image","twitter_creator":"@sonoraenequipo","twitter_site":"@sonoraenequipo","twitter_misc":{"Escrito por":"enequipo","Tiempo de lectura":"5 minutos"},"schema":{"@context":"https:\/\/schema.org","@graph":[{"@type":"Article","@id":"https:\/\/www.sonoraenequipo.com.mx\/ordena-ine-a-dos-candidatos-en-sonora-suspender-su-participacion-en-programa-de-radio\/#article","isPartOf":{"@id":"https:\/\/www.sonoraenequipo.com.mx\/ordena-ine-a-dos-candidatos-en-sonora-suspender-su-participacion-en-programa-de-radio\/"},"author":{"name":"enequipo","@id":"https:\/\/www.sonoraenequipo.com.mx\/#\/schema\/person\/50102df0fb23a8fa9e8effad8fa81386"},"headline":"Ordena INE a dos candidatos en Sonora suspender su participaci\u00f3n en programa de radio","datePublished":"2024-05-21T23:48:44+00:00","mainEntityOfPage":{"@id":"https:\/\/www.sonoraenequipo.com.mx\/ordena-ine-a-dos-candidatos-en-sonora-suspender-su-participacion-en-programa-de-radio\/"},"wordCount":1048,"commentCount":0,"publisher":{"@id":"https:\/\/www.sonoraenequipo.com.mx\/#organization"},"image":{"@id":"https:\/\/www.sonoraenequipo.com.mx\/ordena-ine-a-dos-candidatos-en-sonora-suspender-su-participacion-en-programa-de-radio\/#primaryimage"},"thumbnailUrl":"https:\/\/www.sonoraenequipo.com.mx\/storage\/2024\/05\/fachada-ine.jpg","keywords":["2024","elecciones","Sonora"],"articleSection":["ELECCI\u00d3NES"],"inLanguage":"es","potentialAction":[{"@type":"CommentAction","name":"Comment","target":["https:\/\/www.sonoraenequipo.com.mx\/ordena-ine-a-dos-candidatos-en-sonora-suspender-su-participacion-en-programa-de-radio\/#respond"]}]},{"@type":"WebPage","@id":"https:\/\/www.sonoraenequipo.com.mx\/ordena-ine-a-dos-candidatos-en-sonora-suspender-su-participacion-en-programa-de-radio\/","url":"https:\/\/www.sonoraenequipo.com.mx\/ordena-ine-a-dos-candidatos-en-sonora-suspender-su-participacion-en-programa-de-radio\/","name":"Sonora en Equipo. Ordena INE a dos candidatos en Sonora suspender su participaci\u00f3n en programa de radio ELECCI\u00d3NES","isPartOf":{"@id":"https:\/\/www.sonoraenequipo.com.mx\/#website"},"primaryImageOfPage":{"@id":"https:\/\/www.sonoraenequipo.com.mx\/ordena-ine-a-dos-candidatos-en-sonora-suspender-su-participacion-en-programa-de-radio\/#primaryimage"},"image":{"@id":"https:\/\/www.sonoraenequipo.com.mx\/ordena-ine-a-dos-candidatos-en-sonora-suspender-su-participacion-en-programa-de-radio\/#primaryimage"},"thumbnailUrl":"https:\/\/www.sonoraenequipo.com.mx\/storage\/2024\/05\/fachada-ine.jpg","datePublished":"2024-05-21T23:48:44+00:00","description":"HERMOSILLO, SONORA, MX.\u02d7\u02d7\u02d7 La Comisi\u00f3n de Quejas y Denuncias del Instituto Nacional Electoral (INE) resolvi\u00f3 tres medidas cautelares. Una por posible En Sonora en Equipo publicamos toda la informaci\u00f3n de Sonora, M\u00e9xico y el Mundo de manera oportuna y busca que la libertad de expresi\u00f3n sea real. Visita nuestro medio informativo publicado desde Hermosillo, Sonora. %","breadcrumb":{"@id":"https:\/\/www.sonoraenequipo.com.mx\/ordena-ine-a-dos-candidatos-en-sonora-suspender-su-participacion-en-programa-de-radio\/#breadcrumb"},"inLanguage":"es","potentialAction":[{"@type":"ReadAction","target":["https:\/\/www.sonoraenequipo.com.mx\/ordena-ine-a-dos-candidatos-en-sonora-suspender-su-participacion-en-programa-de-radio\/"]}]},{"@type":"ImageObject","inLanguage":"es","@id":"https:\/\/www.sonoraenequipo.com.mx\/ordena-ine-a-dos-candidatos-en-sonora-suspender-su-participacion-en-programa-de-radio\/#primaryimage","url":"https:\/\/www.sonoraenequipo.com.mx\/storage\/2024\/05\/fachada-ine.jpg","contentUrl":"https:\/\/www.sonoraenequipo.com.mx\/storage\/2024\/05\/fachada-ine.jpg","width":600,"height":369},{"@type":"BreadcrumbList","@id":"https:\/\/www.sonoraenequipo.com.mx\/ordena-ine-a-dos-candidatos-en-sonora-suspender-su-participacion-en-programa-de-radio\/#breadcrumb","itemListElement":[{"@type":"ListItem","position":1,"name":"Portada","item":"https:\/\/www.sonoraenequipo.com.mx\/"},{"@type":"ListItem","position":2,"name":"Ordena INE a dos candidatos en Sonora suspender su participaci\u00f3n en programa de radio"}]},{"@type":"WebSite","@id":"https:\/\/www.sonoraenequipo.com.mx\/#website","url":"https:\/\/www.sonoraenequipo.com.mx\/","name":"Sonora en Equipo.","description":"Diario en l\u00ednea con Noticias desde Hermosillo, Sonora","publisher":{"@id":"https:\/\/www.sonoraenequipo.com.mx\/#organization"},"potentialAction":[{"@type":"SearchAction","target":{"@type":"EntryPoint","urlTemplate":"https:\/\/www.sonoraenequipo.com.mx\/?s={search_term_string}"},"query-input":{"@type":"PropertyValueSpecification","valueRequired":true,"valueName":"search_term_string"}}],"inLanguage":"es"},{"@type":"Organization","@id":"https:\/\/www.sonoraenequipo.com.mx\/#organization","name":"Sonoraenequipo.com.mx","url":"https:\/\/www.sonoraenequipo.com.mx\/","logo":{"@type":"ImageObject","inLanguage":"es","@id":"https:\/\/www.sonoraenequipo.com.mx\/#\/schema\/logo\/image\/","url":"https:\/\/www.sonoraenequipo.com.mx\/storage\/2019\/01\/sonoraenequipo_opt.png","contentUrl":"https:\/\/www.sonoraenequipo.com.mx\/storage\/2019\/01\/sonoraenequipo_opt.png","width":375,"height":125,"caption":"Sonoraenequipo.com.mx"},"image":{"@id":"https:\/\/www.sonoraenequipo.com.mx\/#\/schema\/logo\/image\/"},"sameAs":["https:\/\/www.facebook.com\/SonoraEE\/","https:\/\/x.com\/sonoraenequipo","https:\/\/www.youtube.com\/channel\/UC338nW-lPEYmJQs4ZABQ1SQ"]},{"@type":"Person","@id":"https:\/\/www.sonoraenequipo.com.mx\/#\/schema\/person\/50102df0fb23a8fa9e8effad8fa81386","name":"enequipo","image":{"@type":"ImageObject","inLanguage":"es","@id":"https:\/\/www.sonoraenequipo.com.mx\/#\/schema\/person\/image\/","url":"https:\/\/secure.gravatar.com\/avatar\/049821681b589dabc0bc20695993ccebb09f5b5d4d790cd9251b97faac7c652b?s=96&d=blank&r=g","contentUrl":"https:\/\/secure.gravatar.com\/avatar\/049821681b589dabc0bc20695993ccebb09f5b5d4d790cd9251b97faac7c652b?s=96&d=blank&r=g","caption":"enequipo"},"sameAs":["https:\/\/www.facebook.com\/SonoraEE"]}]}},"jetpack_featured_media_url":"https:\/\/www.sonoraenequipo.com.mx\/storage\/2024\/05\/fachada-ine.jpg","_links":{"self":[{"href":"https:\/\/www.sonoraenequipo.com.mx\/api\/wp\/v2\/posts\/190286","targetHints":{"allow":["GET"]}}],"collection":[{"href":"https:\/\/www.sonoraenequipo.com.mx\/api\/wp\/v2\/posts"}],"about":[{"href":"https:\/\/www.sonoraenequipo.com.mx\/api\/wp\/v2\/types\/post"}],"author":[{"embeddable":true,"href":"https:\/\/www.sonoraenequipo.com.mx\/api\/wp\/v2\/users\/1"}],"replies":[{"embeddable":true,"href":"https:\/\/www.sonoraenequipo.com.mx\/api\/wp\/v2\/comments?post=190286"}],"version-history":[{"count":1,"href":"https:\/\/www.sonoraenequipo.com.mx\/api\/wp\/v2\/posts\/190286\/revisions"}],"predecessor-version":[{"id":190287,"href":"https:\/\/www.sonoraenequipo.com.mx\/api\/wp\/v2\/posts\/190286\/revisions\/190287"}],"wp:featuredmedia":[{"embeddable":true,"href":"https:\/\/www.sonoraenequipo.com.mx\/api\/wp\/v2\/media\/189145"}],"wp:attachment":[{"href":"https:\/\/www.sonoraenequipo.com.mx\/api\/wp\/v2\/media?parent=190286"}],"wp:term":[{"taxonomy":"category","embeddable":true,"href":"https:\/\/www.sonoraenequipo.com.mx\/api\/wp\/v2\/categories?post=190286"},{"taxonomy":"post_tag","embeddable":true,"href":"https:\/\/www.sonoraenequipo.com.mx\/api\/wp\/v2\/tags?post=190286"}],"curies":[{"name":"wp","href":"https:\/\/api.w.org\/{rel}","templated":true}]}}