{"id":190326,"date":"2024-05-21T17:32:27","date_gmt":"2024-05-22T00:32:27","guid":{"rendered":"https:\/\/www.sonoraenequipo.com.mx\/?p=190326"},"modified":"2024-05-21T23:55:51","modified_gmt":"2024-05-22T06:55:51","slug":"gratuidad-en-servicios-de-salud-llego-para-quedarse-presidente","status":"publish","type":"post","link":"https:\/\/www.sonoraenequipo.com.mx\/gratuidad-en-servicios-de-salud-llego-para-quedarse-presidente\/","title":{"rendered":"Gratuidad en servicios de salud \u201clleg\u00f3 para quedarse\u201d: presidente"},"content":{"rendered":"<p><strong>CIUDAD DE M\u00c9XICO. MX. \u2014<\/strong> Al encabezar la conferencia de prensa matutina el presidente Andr\u00e9s Manuel L\u00f3pez Obrador asegur\u00f3 que la gratuidad en todos los servicios de salud p\u00fablica <strong><em>\u201clleg\u00f3 para quedarse\u201d.<\/em><\/strong><\/p>\n<p> <br \/>\n<em><strong>\u201cLa salud no es un privilegio, es un derecho del pueblo; ya est\u00e1 establecido en la Constituci\u00f3n. (\u2026) Tenemos el compromiso de dejar funcionando el sistema de salud p\u00fablica y queremos que sea el mejor sistema de salud p\u00fablica del mundo\u201d,<\/strong><\/em> subray\u00f3.<\/p>\n<p>Resalt\u00f3 que se retiraron las cajas registradoras en unidades m\u00e9dicas y hospitales de 23 estados adheridos al Plan de Salud IMSS Bienestar, iniciativa orientada a brindar atenci\u00f3n m\u00e9dica gratuita, universal y de calidad.<\/p>\n<p>El mandatario reafirm\u00f3 que el Gobierno de M\u00e9xico aumentar\u00e1 recursos a los Institutos Nacionales de Salud, para que la poblaci\u00f3n acceda sin costo a atenci\u00f3n especializada, como nutrici\u00f3n o pediatr\u00eda, por lo que hizo un llamado a retirar las cuotas de recuperaci\u00f3n.<\/p>\n<p><em><strong>\u201cS\u00ed les alcanzar\u00eda con el presupuesto que tienen para que la gratuidad fuese al 100, sin embargo, hay ciertas resistencias en los mismos institutos o gente que quiere aportar y que ese recurso lo utilizan para otras necesidades, por eso es que todav\u00eda hay un porcentaje con cuota de recuperaci\u00f3n. Yo les dir\u00eda a los directivos que no utilicen ese recurso para otras necesidades, que nosotros vamos a buscar la manera de que no les falte nada y que sea 100 por ciento servicio gratuito y ya estamos tratando este tema\u201d<\/strong><\/em>, asever\u00f3.<\/p>\n<p>Record\u00f3 que la federaci\u00f3n fortalecer\u00e1 en total m\u00e1s de 11 mil centros de salud y unidades m\u00e9dicas, los cuales atender\u00e1n a la poblaci\u00f3n sin seguridad social. Para esta medida, dijo, se requerir\u00e1 el apoyo del pueblo a trav\u00e9s de la creaci\u00f3n de comit\u00e9s que administrar\u00e1n recursos de mantenimiento o equipamiento.<\/p>\n<p><em><strong>\u201cHemos probado que con el apoyo de la gente se avanza m\u00e1s y que el pueblo de M\u00e9xico es honesto; la mayor riqueza de M\u00e9xico es la honestidad de su pueblo\u201d<\/strong><\/em>, expres\u00f3.<\/p>\n<p>El jefe del Ejecutivo reiter\u00f3 que las instituciones de salud firmar\u00e1n convenios de integraci\u00f3n de servicios de primer nivel y atenci\u00f3n a infartos, c\u00e1ncer y emergencias, entre otros. De este modo, derechohabientes del ISSSTE en comunidades apartadas podr\u00e1n acudir a cl\u00ednicas del IMSS Bienestar o IMSS ordinario a fin de aprovechar la infraestructura m\u00e9dica.<\/p>\n<p>\u201cTodo esto buscando hacia delante que se integren todos los servicios, que mejoren todos los servicios y se est\u00e1 haciendo un gran esfuerzo\u201d, apunt\u00f3.<\/p>\n<p>PUBLICADO EL 21 DE MAYO DE 2024 Con informaci\u00f3n de Conferencia presidencial)<\/p>\n","protected":false},"excerpt":{"rendered":"<p>CIUDAD DE M\u00c9XICO. MX. \u2014 Al encabezar la conferencia de prensa matutina el presidente Andr\u00e9s&#8230;<\/p>\n","protected":false},"author":1,"featured_media":190327,"comment_status":"open","ping_status":"open","sticky":false,"template":"","format":"standard","meta":{"_monsterinsights_skip_tracking":false,"_monsterinsights_sitenote_active":false,"_monsterinsights_sitenote_note":"","_monsterinsights_sitenote_category":0,"footnotes":""},"categories":[5],"tags":[],"class_list":["post"],"yoast_head":" \n<title>Sonora en Equipo. Gratuidad en servicios de salud \u201clleg\u00f3 para quedarse\u201d: presidente<\/title>\n<meta name=\"description\" content=\"CIUDAD DE M\u00c9XICO. MX. \u2014 Al encabezar la conferencia de prensa matutina el presidente Andr\u00e9s Manuel L\u00f3pez Obrador asegur\u00f3 que la gratuidad en todos los En Sonora en Equipo publicamos toda la informaci\u00f3n de Sonora, M\u00e9xico y el Mundo de manera oportuna y busca que la libertad de expresi\u00f3n sea real. Visita nuestro medio informativo publicado desde Hermosillo, Sonora. %\" \/>\n<meta name=\"robots\" content=\"index, follow, max-snippet:-1, max-image-preview:large, max-video-preview:-1\" \/>\n<link rel=\"canonical\" href=\"https:\/\/www.sonoraenequipo.com.mx\/gratuidad-en-servicios-de-salud-llego-para-quedarse-presidente\/\" \/>\n<meta property=\"og:locale\" content=\"es_ES\" \/>\n<meta property=\"og:type\" content=\"article\" \/>\n<meta property=\"og:title\" content=\"Sonora en Equipo. Gratuidad en servicios de salud \u201clleg\u00f3 para quedarse\u201d: presidente\" \/>\n<meta property=\"og:description\" content=\"CIUDAD DE M\u00c9XICO. MX. \u2014 Al encabezar la conferencia de prensa matutina el presidente Andr\u00e9s Manuel L\u00f3pez Obrador asegur\u00f3 que la gratuidad en todos los En Sonora en Equipo publicamos toda la informaci\u00f3n de Sonora, M\u00e9xico y el Mundo de manera oportuna y busca que la libertad de expresi\u00f3n sea real. Visita nuestro medio informativo publicado desde Hermosillo, Sonora. %\" \/>\n<meta property=\"og:url\" content=\"https:\/\/www.sonoraenequipo.com.mx\/gratuidad-en-servicios-de-salud-llego-para-quedarse-presidente\/\" \/>\n<meta property=\"og:site_name\" content=\"Sonora en Equipo.\" \/>\n<meta property=\"article:publisher\" content=\"https:\/\/www.facebook.com\/SonoraEE\/\" \/>\n<meta property=\"article:author\" content=\"https:\/\/www.facebook.com\/SonoraEE\" \/>\n<meta property=\"article:published_time\" content=\"2024-05-22T00:32:27+00:00\" \/>\n<meta property=\"article:modified_time\" content=\"2024-05-22T06:55:51+00:00\" \/>\n<meta property=\"og:image\" content=\"https:\/\/www.sonoraenequipo.com.mx\/storage\/2024\/05\/AMLO.-2105.2024-Conferencia-min.jpg\" \/>\n\t<meta property=\"og:image:width\" content=\"1502\" \/>\n\t<meta property=\"og:image:height\" content=\"1000\" \/>\n\t<meta property=\"og:image:type\" content=\"image\/jpeg\" \/>\n<meta name=\"author\" content=\"enequipo\" \/>\n<meta name=\"twitter:card\" content=\"summary_large_image\" \/>\n<meta name=\"twitter:creator\" content=\"@sonoraenequipo\" \/>\n<meta name=\"twitter:site\" content=\"@sonoraenequipo\" \/>\n<meta name=\"twitter:label1\" content=\"Escrito por\" \/>\n\t<meta name=\"twitter:data1\" content=\"enequipo\" \/>\n\t<meta name=\"twitter:label2\" content=\"Tiempo de lectura\" \/>\n\t<meta name=\"twitter:data2\" content=\"2 minutos\" \/>\n<script type=\"application\/ld+json\" class=\"yoast-schema-graph\">{\"@context\":\"https:\/\/schema.org\",\"@graph\":[{\"@type\":\"Article\",\"@id\":\"https:\/\/www.sonoraenequipo.com.mx\/gratuidad-en-servicios-de-salud-llego-para-quedarse-presidente\/#article\",\"isPartOf\":{\"@id\":\"https:\/\/www.sonoraenequipo.com.mx\/gratuidad-en-servicios-de-salud-llego-para-quedarse-presidente\/\"},\"author\":{\"name\":\"enequipo\",\"@id\":\"https:\/\/www.sonoraenequipo.com.mx\/#\/schema\/person\/50102df0fb23a8fa9e8effad8fa81386\"},\"headline\":\"Gratuidad en servicios de salud \u201clleg\u00f3 para quedarse\u201d: presidente\",\"datePublished\":\"2024-05-22T00:32:27+00:00\",\"dateModified\":\"2024-05-22T06:55:51+00:00\",\"mainEntityOfPage\":{\"@id\":\"https:\/\/www.sonoraenequipo.com.mx\/gratuidad-en-servicios-de-salud-llego-para-quedarse-presidente\/\"},\"wordCount\":454,\"commentCount\":0,\"publisher\":{\"@id\":\"https:\/\/www.sonoraenequipo.com.mx\/#organization\"},\"image\":{\"@id\":\"https:\/\/www.sonoraenequipo.com.mx\/gratuidad-en-servicios-de-salud-llego-para-quedarse-presidente\/#primaryimage\"},\"thumbnailUrl\":\"https:\/\/www.sonoraenequipo.com.mx\/storage\/2024\/05\/AMLO.-2105.2024-Conferencia-min.jpg\",\"articleSection\":[\"Rep\u00fablica\"],\"inLanguage\":\"es\",\"potentialAction\":[{\"@type\":\"CommentAction\",\"name\":\"Comment\",\"target\":[\"https:\/\/www.sonoraenequipo.com.mx\/gratuidad-en-servicios-de-salud-llego-para-quedarse-presidente\/#respond\"]}]},{\"@type\":\"WebPage\",\"@id\":\"https:\/\/www.sonoraenequipo.com.mx\/gratuidad-en-servicios-de-salud-llego-para-quedarse-presidente\/\",\"url\":\"https:\/\/www.sonoraenequipo.com.mx\/gratuidad-en-servicios-de-salud-llego-para-quedarse-presidente\/\",\"name\":\"Sonora en Equipo. Gratuidad en servicios de salud \u201clleg\u00f3 para quedarse\u201d: presidente\",\"isPartOf\":{\"@id\":\"https:\/\/www.sonoraenequipo.com.mx\/#website\"},\"primaryImageOfPage\":{\"@id\":\"https:\/\/www.sonoraenequipo.com.mx\/gratuidad-en-servicios-de-salud-llego-para-quedarse-presidente\/#primaryimage\"},\"image\":{\"@id\":\"https:\/\/www.sonoraenequipo.com.mx\/gratuidad-en-servicios-de-salud-llego-para-quedarse-presidente\/#primaryimage\"},\"thumbnailUrl\":\"https:\/\/www.sonoraenequipo.com.mx\/storage\/2024\/05\/AMLO.-2105.2024-Conferencia-min.jpg\",\"datePublished\":\"2024-05-22T00:32:27+00:00\",\"dateModified\":\"2024-05-22T06:55:51+00:00\",\"description\":\"CIUDAD DE M\u00c9XICO. MX. \u2014 Al encabezar la conferencia de prensa matutina el presidente Andr\u00e9s Manuel L\u00f3pez Obrador asegur\u00f3 que la gratuidad en todos los En Sonora en Equipo publicamos toda la informaci\u00f3n de Sonora, M\u00e9xico y el Mundo de manera oportuna y busca que la libertad de expresi\u00f3n sea real. Visita nuestro medio informativo publicado desde Hermosillo, Sonora. %\",\"breadcrumb\":{\"@id\":\"https:\/\/www.sonoraenequipo.com.mx\/gratuidad-en-servicios-de-salud-llego-para-quedarse-presidente\/#breadcrumb\"},\"inLanguage\":\"es\",\"potentialAction\":[{\"@type\":\"ReadAction\",\"target\":[\"https:\/\/www.sonoraenequipo.com.mx\/gratuidad-en-servicios-de-salud-llego-para-quedarse-presidente\/\"]}]},{\"@type\":\"ImageObject\",\"inLanguage\":\"es\",\"@id\":\"https:\/\/www.sonoraenequipo.com.mx\/gratuidad-en-servicios-de-salud-llego-para-quedarse-presidente\/#primaryimage\",\"url\":\"https:\/\/www.sonoraenequipo.com.mx\/storage\/2024\/05\/AMLO.-2105.2024-Conferencia-min.jpg\",\"contentUrl\":\"https:\/\/www.sonoraenequipo.com.mx\/storage\/2024\/05\/AMLO.-2105.2024-Conferencia-min.jpg\",\"width\":1502,\"height\":1000},{\"@type\":\"BreadcrumbList\",\"@id\":\"https:\/\/www.sonoraenequipo.com.mx\/gratuidad-en-servicios-de-salud-llego-para-quedarse-presidente\/#breadcrumb\",\"itemListElement\":[{\"@type\":\"ListItem\",\"position\":1,\"name\":\"Portada\",\"item\":\"https:\/\/www.sonoraenequipo.com.mx\/\"},{\"@type\":\"ListItem\",\"position\":2,\"name\":\"Gratuidad en servicios de salud \u201clleg\u00f3 para quedarse\u201d: presidente\"}]},{\"@type\":\"WebSite\",\"@id\":\"https:\/\/www.sonoraenequipo.com.mx\/#website\",\"url\":\"https:\/\/www.sonoraenequipo.com.mx\/\",\"name\":\"Sonora en Equipo.\",\"description\":\"Diario en l\u00ednea con Noticias desde Hermosillo, Sonora\",\"publisher\":{\"@id\":\"https:\/\/www.sonoraenequipo.com.mx\/#organization\"},\"potentialAction\":[{\"@type\":\"SearchAction\",\"target\":{\"@type\":\"EntryPoint\",\"urlTemplate\":\"https:\/\/www.sonoraenequipo.com.mx\/?s={search_term_string}\"},\"query-input\":{\"@type\":\"PropertyValueSpecification\",\"valueRequired\":true,\"valueName\":\"search_term_string\"}}],\"inLanguage\":\"es\"},{\"@type\":\"Organization\",\"@id\":\"https:\/\/www.sonoraenequipo.com.mx\/#organization\",\"name\":\"Sonoraenequipo.com.mx\",\"url\":\"https:\/\/www.sonoraenequipo.com.mx\/\",\"logo\":{\"@type\":\"ImageObject\",\"inLanguage\":\"es\",\"@id\":\"https:\/\/www.sonoraenequipo.com.mx\/#\/schema\/logo\/image\/\",\"url\":\"https:\/\/www.sonoraenequipo.com.mx\/storage\/2019\/01\/sonoraenequipo_opt.png\",\"contentUrl\":\"https:\/\/www.sonoraenequipo.com.mx\/storage\/2019\/01\/sonoraenequipo_opt.png\",\"width\":375,\"height\":125,\"caption\":\"Sonoraenequipo.com.mx\"},\"image\":{\"@id\":\"https:\/\/www.sonoraenequipo.com.mx\/#\/schema\/logo\/image\/\"},\"sameAs\":[\"https:\/\/www.facebook.com\/SonoraEE\/\",\"https:\/\/x.com\/sonoraenequipo\",\"https:\/\/www.youtube.com\/channel\/UC338nW-lPEYmJQs4ZABQ1SQ\"]},{\"@type\":\"Person\",\"@id\":\"https:\/\/www.sonoraenequipo.com.mx\/#\/schema\/person\/50102df0fb23a8fa9e8effad8fa81386\",\"name\":\"enequipo\",\"image\":{\"@type\":\"ImageObject\",\"inLanguage\":\"es\",\"@id\":\"https:\/\/www.sonoraenequipo.com.mx\/#\/schema\/person\/image\/\",\"url\":\"https:\/\/secure.gravatar.com\/avatar\/049821681b589dabc0bc20695993ccebb09f5b5d4d790cd9251b97faac7c652b?s=96&d=blank&r=g\",\"contentUrl\":\"https:\/\/secure.gravatar.com\/avatar\/049821681b589dabc0bc20695993ccebb09f5b5d4d790cd9251b97faac7c652b?s=96&d=blank&r=g\",\"caption\":\"enequipo\"},\"sameAs\":[\"https:\/\/www.facebook.com\/SonoraEE\"]}]}<\/script>\n ","yoast_head_json":{"title":"Sonora en Equipo. Gratuidad en servicios de salud \u201clleg\u00f3 para quedarse\u201d: presidente","description":"CIUDAD DE M\u00c9XICO. MX. \u2014 Al encabezar la conferencia de prensa matutina el presidente Andr\u00e9s Manuel L\u00f3pez Obrador asegur\u00f3 que la gratuidad en todos los En Sonora en Equipo publicamos toda la informaci\u00f3n de Sonora, M\u00e9xico y el Mundo de manera oportuna y busca que la libertad de expresi\u00f3n sea real. Visita nuestro medio informativo publicado desde Hermosillo, Sonora. %","robots":{"index":"index","follow":"follow","max-snippet":"max-snippet:-1","max-image-preview":"max-image-preview:large","max-video-preview":"max-video-preview:-1"},"canonical":"https:\/\/www.sonoraenequipo.com.mx\/gratuidad-en-servicios-de-salud-llego-para-quedarse-presidente\/","og_locale":"es_ES","og_type":"article","og_title":"Sonora en Equipo. Gratuidad en servicios de salud \u201clleg\u00f3 para quedarse\u201d: presidente","og_description":"CIUDAD DE M\u00c9XICO. MX. \u2014 Al encabezar la conferencia de prensa matutina el presidente Andr\u00e9s Manuel L\u00f3pez Obrador asegur\u00f3 que la gratuidad en todos los En Sonora en Equipo publicamos toda la informaci\u00f3n de Sonora, M\u00e9xico y el Mundo de manera oportuna y busca que la libertad de expresi\u00f3n sea real. Visita nuestro medio informativo publicado desde Hermosillo, Sonora. %","og_url":"https:\/\/www.sonoraenequipo.com.mx\/gratuidad-en-servicios-de-salud-llego-para-quedarse-presidente\/","og_site_name":"Sonora en Equipo.","article_publisher":"https:\/\/www.facebook.com\/SonoraEE\/","article_author":"https:\/\/www.facebook.com\/SonoraEE","article_published_time":"2024-05-22T00:32:27+00:00","article_modified_time":"2024-05-22T06:55:51+00:00","og_image":[{"width":1502,"height":1000,"url":"https:\/\/www.sonoraenequipo.com.mx\/storage\/2024\/05\/AMLO.-2105.2024-Conferencia-min.jpg","type":"image\/jpeg"}],"author":"enequipo","twitter_card":"summary_large_image","twitter_creator":"@sonoraenequipo","twitter_site":"@sonoraenequipo","twitter_misc":{"Escrito por":"enequipo","Tiempo de lectura":"2 minutos"},"schema":{"@context":"https:\/\/schema.org","@graph":[{"@type":"Article","@id":"https:\/\/www.sonoraenequipo.com.mx\/gratuidad-en-servicios-de-salud-llego-para-quedarse-presidente\/#article","isPartOf":{"@id":"https:\/\/www.sonoraenequipo.com.mx\/gratuidad-en-servicios-de-salud-llego-para-quedarse-presidente\/"},"author":{"name":"enequipo","@id":"https:\/\/www.sonoraenequipo.com.mx\/#\/schema\/person\/50102df0fb23a8fa9e8effad8fa81386"},"headline":"Gratuidad en servicios de salud \u201clleg\u00f3 para quedarse\u201d: presidente","datePublished":"2024-05-22T00:32:27+00:00","dateModified":"2024-05-22T06:55:51+00:00","mainEntityOfPage":{"@id":"https:\/\/www.sonoraenequipo.com.mx\/gratuidad-en-servicios-de-salud-llego-para-quedarse-presidente\/"},"wordCount":454,"commentCount":0,"publisher":{"@id":"https:\/\/www.sonoraenequipo.com.mx\/#organization"},"image":{"@id":"https:\/\/www.sonoraenequipo.com.mx\/gratuidad-en-servicios-de-salud-llego-para-quedarse-presidente\/#primaryimage"},"thumbnailUrl":"https:\/\/www.sonoraenequipo.com.mx\/storage\/2024\/05\/AMLO.-2105.2024-Conferencia-min.jpg","articleSection":["Rep\u00fablica"],"inLanguage":"es","potentialAction":[{"@type":"CommentAction","name":"Comment","target":["https:\/\/www.sonoraenequipo.com.mx\/gratuidad-en-servicios-de-salud-llego-para-quedarse-presidente\/#respond"]}]},{"@type":"WebPage","@id":"https:\/\/www.sonoraenequipo.com.mx\/gratuidad-en-servicios-de-salud-llego-para-quedarse-presidente\/","url":"https:\/\/www.sonoraenequipo.com.mx\/gratuidad-en-servicios-de-salud-llego-para-quedarse-presidente\/","name":"Sonora en Equipo. Gratuidad en servicios de salud \u201clleg\u00f3 para quedarse\u201d: presidente","isPartOf":{"@id":"https:\/\/www.sonoraenequipo.com.mx\/#website"},"primaryImageOfPage":{"@id":"https:\/\/www.sonoraenequipo.com.mx\/gratuidad-en-servicios-de-salud-llego-para-quedarse-presidente\/#primaryimage"},"image":{"@id":"https:\/\/www.sonoraenequipo.com.mx\/gratuidad-en-servicios-de-salud-llego-para-quedarse-presidente\/#primaryimage"},"thumbnailUrl":"https:\/\/www.sonoraenequipo.com.mx\/storage\/2024\/05\/AMLO.-2105.2024-Conferencia-min.jpg","datePublished":"2024-05-22T00:32:27+00:00","dateModified":"2024-05-22T06:55:51+00:00","description":"CIUDAD DE M\u00c9XICO. MX. \u2014 Al encabezar la conferencia de prensa matutina el presidente Andr\u00e9s Manuel L\u00f3pez Obrador asegur\u00f3 que la gratuidad en todos los En Sonora en Equipo publicamos toda la informaci\u00f3n de Sonora, M\u00e9xico y el Mundo de manera oportuna y busca que la libertad de expresi\u00f3n sea real. Visita nuestro medio informativo publicado desde Hermosillo, Sonora. %","breadcrumb":{"@id":"https:\/\/www.sonoraenequipo.com.mx\/gratuidad-en-servicios-de-salud-llego-para-quedarse-presidente\/#breadcrumb"},"inLanguage":"es","potentialAction":[{"@type":"ReadAction","target":["https:\/\/www.sonoraenequipo.com.mx\/gratuidad-en-servicios-de-salud-llego-para-quedarse-presidente\/"]}]},{"@type":"ImageObject","inLanguage":"es","@id":"https:\/\/www.sonoraenequipo.com.mx\/gratuidad-en-servicios-de-salud-llego-para-quedarse-presidente\/#primaryimage","url":"https:\/\/www.sonoraenequipo.com.mx\/storage\/2024\/05\/AMLO.-2105.2024-Conferencia-min.jpg","contentUrl":"https:\/\/www.sonoraenequipo.com.mx\/storage\/2024\/05\/AMLO.-2105.2024-Conferencia-min.jpg","width":1502,"height":1000},{"@type":"BreadcrumbList","@id":"https:\/\/www.sonoraenequipo.com.mx\/gratuidad-en-servicios-de-salud-llego-para-quedarse-presidente\/#breadcrumb","itemListElement":[{"@type":"ListItem","position":1,"name":"Portada","item":"https:\/\/www.sonoraenequipo.com.mx\/"},{"@type":"ListItem","position":2,"name":"Gratuidad en servicios de salud \u201clleg\u00f3 para quedarse\u201d: presidente"}]},{"@type":"WebSite","@id":"https:\/\/www.sonoraenequipo.com.mx\/#website","url":"https:\/\/www.sonoraenequipo.com.mx\/","name":"Sonora en Equipo.","description":"Diario en l\u00ednea con Noticias desde Hermosillo, Sonora","publisher":{"@id":"https:\/\/www.sonoraenequipo.com.mx\/#organization"},"potentialAction":[{"@type":"SearchAction","target":{"@type":"EntryPoint","urlTemplate":"https:\/\/www.sonoraenequipo.com.mx\/?s={search_term_string}"},"query-input":{"@type":"PropertyValueSpecification","valueRequired":true,"valueName":"search_term_string"}}],"inLanguage":"es"},{"@type":"Organization","@id":"https:\/\/www.sonoraenequipo.com.mx\/#organization","name":"Sonoraenequipo.com.mx","url":"https:\/\/www.sonoraenequipo.com.mx\/","logo":{"@type":"ImageObject","inLanguage":"es","@id":"https:\/\/www.sonoraenequipo.com.mx\/#\/schema\/logo\/image\/","url":"https:\/\/www.sonoraenequipo.com.mx\/storage\/2019\/01\/sonoraenequipo_opt.png","contentUrl":"https:\/\/www.sonoraenequipo.com.mx\/storage\/2019\/01\/sonoraenequipo_opt.png","width":375,"height":125,"caption":"Sonoraenequipo.com.mx"},"image":{"@id":"https:\/\/www.sonoraenequipo.com.mx\/#\/schema\/logo\/image\/"},"sameAs":["https:\/\/www.facebook.com\/SonoraEE\/","https:\/\/x.com\/sonoraenequipo","https:\/\/www.youtube.com\/channel\/UC338nW-lPEYmJQs4ZABQ1SQ"]},{"@type":"Person","@id":"https:\/\/www.sonoraenequipo.com.mx\/#\/schema\/person\/50102df0fb23a8fa9e8effad8fa81386","name":"enequipo","image":{"@type":"ImageObject","inLanguage":"es","@id":"https:\/\/www.sonoraenequipo.com.mx\/#\/schema\/person\/image\/","url":"https:\/\/secure.gravatar.com\/avatar\/049821681b589dabc0bc20695993ccebb09f5b5d4d790cd9251b97faac7c652b?s=96&d=blank&r=g","contentUrl":"https:\/\/secure.gravatar.com\/avatar\/049821681b589dabc0bc20695993ccebb09f5b5d4d790cd9251b97faac7c652b?s=96&d=blank&r=g","caption":"enequipo"},"sameAs":["https:\/\/www.facebook.com\/SonoraEE"]}]}},"jetpack_featured_media_url":"https:\/\/www.sonoraenequipo.com.mx\/storage\/2024\/05\/AMLO.-2105.2024-Conferencia-min.jpg","_links":{"self":[{"href":"https:\/\/www.sonoraenequipo.com.mx\/api\/wp\/v2\/posts\/190326","targetHints":{"allow":["GET"]}}],"collection":[{"href":"https:\/\/www.sonoraenequipo.com.mx\/api\/wp\/v2\/posts"}],"about":[{"href":"https:\/\/www.sonoraenequipo.com.mx\/api\/wp\/v2\/types\/post"}],"author":[{"embeddable":true,"href":"https:\/\/www.sonoraenequipo.com.mx\/api\/wp\/v2\/users\/1"}],"replies":[{"embeddable":true,"href":"https:\/\/www.sonoraenequipo.com.mx\/api\/wp\/v2\/comments?post=190326"}],"version-history":[{"count":2,"href":"https:\/\/www.sonoraenequipo.com.mx\/api\/wp\/v2\/posts\/190326\/revisions"}],"predecessor-version":[{"id":190330,"href":"https:\/\/www.sonoraenequipo.com.mx\/api\/wp\/v2\/posts\/190326\/revisions\/190330"}],"wp:featuredmedia":[{"embeddable":true,"href":"https:\/\/www.sonoraenequipo.com.mx\/api\/wp\/v2\/media\/190327"}],"wp:attachment":[{"href":"https:\/\/www.sonoraenequipo.com.mx\/api\/wp\/v2\/media?parent=190326"}],"wp:term":[{"taxonomy":"category","embeddable":true,"href":"https:\/\/www.sonoraenequipo.com.mx\/api\/wp\/v2\/categories?post=190326"},{"taxonomy":"post_tag","embeddable":true,"href":"https:\/\/www.sonoraenequipo.com.mx\/api\/wp\/v2\/tags?post=190326"}],"curies":[{"name":"wp","href":"https:\/\/api.w.org\/{rel}","templated":true}]}}