{"id":190783,"date":"2024-05-28T16:26:27","date_gmt":"2024-05-28T23:26:27","guid":{"rendered":"https:\/\/www.sonoraenequipo.com.mx\/?p=190783"},"modified":"2024-05-28T16:39:57","modified_gmt":"2024-05-28T23:39:57","slug":"david-figueroa-transformara-proceso-legislativo-en-sonora","status":"publish","type":"post","link":"https:\/\/www.sonoraenequipo.com.mx\/david-figueroa-transformara-proceso-legislativo-en-sonora\/","title":{"rendered":"David Figueroa \u201ctransformar\u00e1\u201d\u00a0proceso legislativo en Sonora"},"content":{"rendered":"<p><strong>HERMOSILLO, SONORA, MX.<\/strong><strong>\u02d7\u02d7\u02d7 <\/strong>Porque lleg\u00f3 el tiempo de mejorar la calidad de vida de las familias sonorenses, David Figueroa Ortega transformar\u00e1 el proceso legislativo en Sonora.<\/p>\n<p>Con entusiasmo, positivo y sin parar, el candidato a Diputado Local por el Distrito 6 Hermosillo de la coalici\u00f3n \u00abSigamos Haciendo Historia\u00bb destac\u00f3 que legislar\u00e1 con honestidad, verdad y transparencia para alcanzar la justicia social y el desarrollo econ\u00f3mico.<\/p>\n<p>Apunt\u00f3 que \u00abla pol\u00edtica es una vocaci\u00f3n de servicio a la sociedad y debe ser sensible a las causas sociales; sobre todo, debe buscar el bienestar que brindan los programas de Gobierno pero estos deben estar acompa\u00f1ados de desarrollo tanto para las familias de los trabajadores como para las empresas\u00bb.<\/p>\n<p>Indic\u00f3 que desde el Congreso fomentar\u00e1 \u00abla preparaci\u00f3n acad\u00e9mica y la vinculaci\u00f3n de los profesionistas al aparato productivo, cuento con la experiencia en el manejo honesto, transparente y eficiente de los recursos p\u00fablicos a nivel municipal, estatal, federal e internacional por m\u00e1s de 20 a\u00f1os\u00bb.<\/p>\n<p>Figueroa Ortega se\u00f1al\u00f3 que en todas las funciones ha trascendido, sobresalido y cumplido a la sociedad, \u00abcomo Diputado Local impulsar\u00e9 el desarrollo, crecimiento, paz social, legalidad y justicia en Sonora, labor que trasciende fronteras\u00bb.<\/p>\n<p>Agreg\u00f3 que ser\u00e1 un v\u00ednculo entre la sociedad, el Gobierno, la Iniciativa Privada, las empresas nacionales y extranjeras, as\u00ed como entre los j\u00f3venes estudiantes de Sonora y universidades de Arizona.<\/p>\n<p>Conocedor de la realidad social, econ\u00f3mica y pol\u00edtica de Sonora, David Figueroa cuenta con arraigo e identidad por m\u00e1s de 20 a\u00f1os en su Distrito 6 Hermosillo, \u00abpropongo\u00a0fiscalizar eficientemente el Gasto P\u00fablico para dirigir el presupuesto a donde m\u00e1s se requiere, as\u00ed como crear y aprobar leyes para mejorar la vida de los sonorenses\u00bb.<\/p>\n<p>Impulsar\u00e1 desde el Congreso del Estado leyes que garanticen el abasto de agua en Hermosillo y Sonora, as\u00ed como los servicios de drenaje y alcantarillado, de transporte p\u00fablico y reconstrucci\u00f3n de las vialidades, adem\u00e1s la recuperaci\u00f3n de parques, campos y \u00e1reas verdes para mejorar la calidad de vida y contar con un medio ambiente saludable.<\/p>\n<p>DFO bas\u00f3 su propuesta en 4 Ejes Fundamentales:<\/p>\n<p>* Transporte gratuito para trasladar a los adultos mayores a sus citas m\u00e9dicas.<\/p>\n<p>* Oportunidad de estudio a ni\u00f1os y empleo a personas con discapacidad.<\/p>\n<p>* Ampliaci\u00f3n de becas para j\u00f3venes estudiantes en Arizona.<\/p>\n<p>* Reducci\u00f3n del costo de energ\u00eda el\u00e9ctrica y cuidado del agua, mediante una agenda verde.<\/p>\n<p>Por ello, con la confianza ciudadana ser\u00e1 \u00abLa Voz del Pueblo\u00bb como representante del Distrito 6 Hermosillo en el Congreso del Estado.<\/p>\n<p>Al d\u00eda 38 de iniciar sus pasos al Congreso del Estado, David Figueroa recorri\u00f3 nuevamente las colonias Sahuaro, Fonapo, Bur\u00f3crata Municipal, El Mirador y por la tarde acudi\u00f3 al evento de Compromiso por la Inclusi\u00f3n.<\/p>\n<p>Una vez m\u00e1s, reiter\u00f3 el llamado principalmente a los j\u00f3venes a salir a votar este pr\u00f3ximo 2 de junio para lograr juntos el segundo piso de la Cuarta Transformaci\u00f3n en Hermosillo, Sonora y M\u00e9xico.<\/p>\n<p><strong>Fecha de publicaci\u00f3n \u00a0martes 28 de mayo de 2024<\/strong><\/p>\n","protected":false},"excerpt":{"rendered":"<p>HERMOSILLO, SONORA, MX.\u02d7\u02d7\u02d7 Porque lleg\u00f3 el tiempo de mejorar la calidad de vida de las&#8230;<\/p>\n","protected":false},"author":1,"featured_media":190784,"comment_status":"open","ping_status":"open","sticky":false,"template":"","format":"standard","meta":{"_monsterinsights_skip_tracking":false,"_monsterinsights_sitenote_active":false,"_monsterinsights_sitenote_note":"","_monsterinsights_sitenote_category":0,"footnotes":""},"categories":[9400],"tags":[9574],"class_list":["post"],"yoast_head":" \n<title>Sonora en Equipo. David Figueroa \u201ctransformar\u00e1\u201d\u00a0proceso legislativo en Sonora ELECCI\u00d3NES<\/title>\n<meta name=\"description\" content=\"HERMOSILLO, SONORA, MX.\u02d7\u02d7\u02d7 Porque lleg\u00f3 el tiempo de mejorar la calidad de vida de las familias sonorenses, David Figueroa Ortega transformar\u00e1 el proceso En Sonora en Equipo publicamos toda la informaci\u00f3n de Sonora, M\u00e9xico y el Mundo de manera oportuna y busca que la libertad de expresi\u00f3n sea real. Visita nuestro medio informativo publicado desde Hermosillo, Sonora. %\" \/>\n<meta name=\"robots\" content=\"index, follow, max-snippet:-1, max-image-preview:large, max-video-preview:-1\" \/>\n<link rel=\"canonical\" href=\"https:\/\/www.sonoraenequipo.com.mx\/david-figueroa-transformara-proceso-legislativo-en-sonora\/\" \/>\n<meta property=\"og:locale\" content=\"es_ES\" \/>\n<meta property=\"og:type\" content=\"article\" \/>\n<meta property=\"og:title\" content=\"Sonora en Equipo. David Figueroa \u201ctransformar\u00e1\u201d\u00a0proceso legislativo en Sonora ELECCI\u00d3NES\" \/>\n<meta property=\"og:description\" content=\"HERMOSILLO, SONORA, MX.\u02d7\u02d7\u02d7 Porque lleg\u00f3 el tiempo de mejorar la calidad de vida de las familias sonorenses, David Figueroa Ortega transformar\u00e1 el proceso En Sonora en Equipo publicamos toda la informaci\u00f3n de Sonora, M\u00e9xico y el Mundo de manera oportuna y busca que la libertad de expresi\u00f3n sea real. Visita nuestro medio informativo publicado desde Hermosillo, Sonora. %\" \/>\n<meta property=\"og:url\" content=\"https:\/\/www.sonoraenequipo.com.mx\/david-figueroa-transformara-proceso-legislativo-en-sonora\/\" \/>\n<meta property=\"og:site_name\" content=\"Sonora en Equipo.\" \/>\n<meta property=\"article:publisher\" content=\"https:\/\/www.facebook.com\/SonoraEE\/\" \/>\n<meta property=\"article:author\" content=\"https:\/\/www.facebook.com\/SonoraEE\" \/>\n<meta property=\"article:published_time\" content=\"2024-05-28T23:26:27+00:00\" \/>\n<meta property=\"article:modified_time\" content=\"2024-05-28T23:39:57+00:00\" \/>\n<meta property=\"og:image\" content=\"https:\/\/www.sonoraenequipo.com.mx\/storage\/2024\/05\/dfo2805.jpg\" \/>\n\t<meta property=\"og:image:width\" content=\"800\" \/>\n\t<meta property=\"og:image:height\" content=\"533\" \/>\n\t<meta property=\"og:image:type\" content=\"image\/jpeg\" \/>\n<meta name=\"author\" content=\"enequipo\" \/>\n<meta name=\"twitter:card\" content=\"summary_large_image\" \/>\n<meta name=\"twitter:creator\" content=\"@sonoraenequipo\" \/>\n<meta name=\"twitter:site\" content=\"@sonoraenequipo\" \/>\n<meta name=\"twitter:label1\" content=\"Escrito por\" \/>\n\t<meta name=\"twitter:data1\" content=\"enequipo\" \/>\n\t<meta name=\"twitter:label2\" content=\"Tiempo de lectura\" \/>\n\t<meta name=\"twitter:data2\" content=\"3 minutos\" \/>\n<script type=\"application\/ld+json\" class=\"yoast-schema-graph\">{\"@context\":\"https:\/\/schema.org\",\"@graph\":[{\"@type\":\"Article\",\"@id\":\"https:\/\/www.sonoraenequipo.com.mx\/david-figueroa-transformara-proceso-legislativo-en-sonora\/#article\",\"isPartOf\":{\"@id\":\"https:\/\/www.sonoraenequipo.com.mx\/david-figueroa-transformara-proceso-legislativo-en-sonora\/\"},\"author\":{\"name\":\"enequipo\",\"@id\":\"https:\/\/www.sonoraenequipo.com.mx\/#\/schema\/person\/50102df0fb23a8fa9e8effad8fa81386\"},\"headline\":\"David Figueroa \u201ctransformar\u00e1\u201d\u00a0proceso legislativo en Sonora\",\"datePublished\":\"2024-05-28T23:26:27+00:00\",\"dateModified\":\"2024-05-28T23:39:57+00:00\",\"mainEntityOfPage\":{\"@id\":\"https:\/\/www.sonoraenequipo.com.mx\/david-figueroa-transformara-proceso-legislativo-en-sonora\/\"},\"wordCount\":524,\"commentCount\":0,\"publisher\":{\"@id\":\"https:\/\/www.sonoraenequipo.com.mx\/#organization\"},\"image\":{\"@id\":\"https:\/\/www.sonoraenequipo.com.mx\/david-figueroa-transformara-proceso-legislativo-en-sonora\/#primaryimage\"},\"thumbnailUrl\":\"https:\/\/www.sonoraenequipo.com.mx\/storage\/2024\/05\/dfo2805.jpg\",\"keywords\":[\"david figueroa\"],\"articleSection\":[\"ELECCI\u00d3NES\"],\"inLanguage\":\"es\",\"potentialAction\":[{\"@type\":\"CommentAction\",\"name\":\"Comment\",\"target\":[\"https:\/\/www.sonoraenequipo.com.mx\/david-figueroa-transformara-proceso-legislativo-en-sonora\/#respond\"]}]},{\"@type\":\"WebPage\",\"@id\":\"https:\/\/www.sonoraenequipo.com.mx\/david-figueroa-transformara-proceso-legislativo-en-sonora\/\",\"url\":\"https:\/\/www.sonoraenequipo.com.mx\/david-figueroa-transformara-proceso-legislativo-en-sonora\/\",\"name\":\"Sonora en Equipo. David Figueroa \u201ctransformar\u00e1\u201d\u00a0proceso legislativo en Sonora ELECCI\u00d3NES\",\"isPartOf\":{\"@id\":\"https:\/\/www.sonoraenequipo.com.mx\/#website\"},\"primaryImageOfPage\":{\"@id\":\"https:\/\/www.sonoraenequipo.com.mx\/david-figueroa-transformara-proceso-legislativo-en-sonora\/#primaryimage\"},\"image\":{\"@id\":\"https:\/\/www.sonoraenequipo.com.mx\/david-figueroa-transformara-proceso-legislativo-en-sonora\/#primaryimage\"},\"thumbnailUrl\":\"https:\/\/www.sonoraenequipo.com.mx\/storage\/2024\/05\/dfo2805.jpg\",\"datePublished\":\"2024-05-28T23:26:27+00:00\",\"dateModified\":\"2024-05-28T23:39:57+00:00\",\"description\":\"HERMOSILLO, SONORA, MX.\u02d7\u02d7\u02d7 Porque lleg\u00f3 el tiempo de mejorar la calidad de vida de las familias sonorenses, David Figueroa Ortega transformar\u00e1 el proceso En Sonora en Equipo publicamos toda la informaci\u00f3n de Sonora, M\u00e9xico y el Mundo de manera oportuna y busca que la libertad de expresi\u00f3n sea real. Visita nuestro medio informativo publicado desde Hermosillo, Sonora. %\",\"breadcrumb\":{\"@id\":\"https:\/\/www.sonoraenequipo.com.mx\/david-figueroa-transformara-proceso-legislativo-en-sonora\/#breadcrumb\"},\"inLanguage\":\"es\",\"potentialAction\":[{\"@type\":\"ReadAction\",\"target\":[\"https:\/\/www.sonoraenequipo.com.mx\/david-figueroa-transformara-proceso-legislativo-en-sonora\/\"]}]},{\"@type\":\"ImageObject\",\"inLanguage\":\"es\",\"@id\":\"https:\/\/www.sonoraenequipo.com.mx\/david-figueroa-transformara-proceso-legislativo-en-sonora\/#primaryimage\",\"url\":\"https:\/\/www.sonoraenequipo.com.mx\/storage\/2024\/05\/dfo2805.jpg\",\"contentUrl\":\"https:\/\/www.sonoraenequipo.com.mx\/storage\/2024\/05\/dfo2805.jpg\",\"width\":800,\"height\":533},{\"@type\":\"BreadcrumbList\",\"@id\":\"https:\/\/www.sonoraenequipo.com.mx\/david-figueroa-transformara-proceso-legislativo-en-sonora\/#breadcrumb\",\"itemListElement\":[{\"@type\":\"ListItem\",\"position\":1,\"name\":\"Portada\",\"item\":\"https:\/\/www.sonoraenequipo.com.mx\/\"},{\"@type\":\"ListItem\",\"position\":2,\"name\":\"David Figueroa \u201ctransformar\u00e1\u201d\u00a0proceso legislativo en Sonora\"}]},{\"@type\":\"WebSite\",\"@id\":\"https:\/\/www.sonoraenequipo.com.mx\/#website\",\"url\":\"https:\/\/www.sonoraenequipo.com.mx\/\",\"name\":\"Sonora en Equipo.\",\"description\":\"Diario en l\u00ednea con Noticias desde Hermosillo, Sonora\",\"publisher\":{\"@id\":\"https:\/\/www.sonoraenequipo.com.mx\/#organization\"},\"potentialAction\":[{\"@type\":\"SearchAction\",\"target\":{\"@type\":\"EntryPoint\",\"urlTemplate\":\"https:\/\/www.sonoraenequipo.com.mx\/?s={search_term_string}\"},\"query-input\":{\"@type\":\"PropertyValueSpecification\",\"valueRequired\":true,\"valueName\":\"search_term_string\"}}],\"inLanguage\":\"es\"},{\"@type\":\"Organization\",\"@id\":\"https:\/\/www.sonoraenequipo.com.mx\/#organization\",\"name\":\"Sonoraenequipo.com.mx\",\"url\":\"https:\/\/www.sonoraenequipo.com.mx\/\",\"logo\":{\"@type\":\"ImageObject\",\"inLanguage\":\"es\",\"@id\":\"https:\/\/www.sonoraenequipo.com.mx\/#\/schema\/logo\/image\/\",\"url\":\"https:\/\/www.sonoraenequipo.com.mx\/storage\/2019\/01\/sonoraenequipo_opt.png\",\"contentUrl\":\"https:\/\/www.sonoraenequipo.com.mx\/storage\/2019\/01\/sonoraenequipo_opt.png\",\"width\":375,\"height\":125,\"caption\":\"Sonoraenequipo.com.mx\"},\"image\":{\"@id\":\"https:\/\/www.sonoraenequipo.com.mx\/#\/schema\/logo\/image\/\"},\"sameAs\":[\"https:\/\/www.facebook.com\/SonoraEE\/\",\"https:\/\/x.com\/sonoraenequipo\",\"https:\/\/www.youtube.com\/channel\/UC338nW-lPEYmJQs4ZABQ1SQ\"]},{\"@type\":\"Person\",\"@id\":\"https:\/\/www.sonoraenequipo.com.mx\/#\/schema\/person\/50102df0fb23a8fa9e8effad8fa81386\",\"name\":\"enequipo\",\"image\":{\"@type\":\"ImageObject\",\"inLanguage\":\"es\",\"@id\":\"https:\/\/www.sonoraenequipo.com.mx\/#\/schema\/person\/image\/\",\"url\":\"https:\/\/secure.gravatar.com\/avatar\/049821681b589dabc0bc20695993ccebb09f5b5d4d790cd9251b97faac7c652b?s=96&d=blank&r=g\",\"contentUrl\":\"https:\/\/secure.gravatar.com\/avatar\/049821681b589dabc0bc20695993ccebb09f5b5d4d790cd9251b97faac7c652b?s=96&d=blank&r=g\",\"caption\":\"enequipo\"},\"sameAs\":[\"https:\/\/www.facebook.com\/SonoraEE\"]}]}<\/script>\n ","yoast_head_json":{"title":"Sonora en Equipo. David Figueroa \u201ctransformar\u00e1\u201d\u00a0proceso legislativo en Sonora ELECCI\u00d3NES","description":"HERMOSILLO, SONORA, MX.\u02d7\u02d7\u02d7 Porque lleg\u00f3 el tiempo de mejorar la calidad de vida de las familias sonorenses, David Figueroa Ortega transformar\u00e1 el proceso En Sonora en Equipo publicamos toda la informaci\u00f3n de Sonora, M\u00e9xico y el Mundo de manera oportuna y busca que la libertad de expresi\u00f3n sea real. Visita nuestro medio informativo publicado desde Hermosillo, Sonora. %","robots":{"index":"index","follow":"follow","max-snippet":"max-snippet:-1","max-image-preview":"max-image-preview:large","max-video-preview":"max-video-preview:-1"},"canonical":"https:\/\/www.sonoraenequipo.com.mx\/david-figueroa-transformara-proceso-legislativo-en-sonora\/","og_locale":"es_ES","og_type":"article","og_title":"Sonora en Equipo. David Figueroa \u201ctransformar\u00e1\u201d\u00a0proceso legislativo en Sonora ELECCI\u00d3NES","og_description":"HERMOSILLO, SONORA, MX.\u02d7\u02d7\u02d7 Porque lleg\u00f3 el tiempo de mejorar la calidad de vida de las familias sonorenses, David Figueroa Ortega transformar\u00e1 el proceso En Sonora en Equipo publicamos toda la informaci\u00f3n de Sonora, M\u00e9xico y el Mundo de manera oportuna y busca que la libertad de expresi\u00f3n sea real. Visita nuestro medio informativo publicado desde Hermosillo, Sonora. %","og_url":"https:\/\/www.sonoraenequipo.com.mx\/david-figueroa-transformara-proceso-legislativo-en-sonora\/","og_site_name":"Sonora en Equipo.","article_publisher":"https:\/\/www.facebook.com\/SonoraEE\/","article_author":"https:\/\/www.facebook.com\/SonoraEE","article_published_time":"2024-05-28T23:26:27+00:00","article_modified_time":"2024-05-28T23:39:57+00:00","og_image":[{"width":800,"height":533,"url":"https:\/\/www.sonoraenequipo.com.mx\/storage\/2024\/05\/dfo2805.jpg","type":"image\/jpeg"}],"author":"enequipo","twitter_card":"summary_large_image","twitter_creator":"@sonoraenequipo","twitter_site":"@sonoraenequipo","twitter_misc":{"Escrito por":"enequipo","Tiempo de lectura":"3 minutos"},"schema":{"@context":"https:\/\/schema.org","@graph":[{"@type":"Article","@id":"https:\/\/www.sonoraenequipo.com.mx\/david-figueroa-transformara-proceso-legislativo-en-sonora\/#article","isPartOf":{"@id":"https:\/\/www.sonoraenequipo.com.mx\/david-figueroa-transformara-proceso-legislativo-en-sonora\/"},"author":{"name":"enequipo","@id":"https:\/\/www.sonoraenequipo.com.mx\/#\/schema\/person\/50102df0fb23a8fa9e8effad8fa81386"},"headline":"David Figueroa \u201ctransformar\u00e1\u201d\u00a0proceso legislativo en Sonora","datePublished":"2024-05-28T23:26:27+00:00","dateModified":"2024-05-28T23:39:57+00:00","mainEntityOfPage":{"@id":"https:\/\/www.sonoraenequipo.com.mx\/david-figueroa-transformara-proceso-legislativo-en-sonora\/"},"wordCount":524,"commentCount":0,"publisher":{"@id":"https:\/\/www.sonoraenequipo.com.mx\/#organization"},"image":{"@id":"https:\/\/www.sonoraenequipo.com.mx\/david-figueroa-transformara-proceso-legislativo-en-sonora\/#primaryimage"},"thumbnailUrl":"https:\/\/www.sonoraenequipo.com.mx\/storage\/2024\/05\/dfo2805.jpg","keywords":["david figueroa"],"articleSection":["ELECCI\u00d3NES"],"inLanguage":"es","potentialAction":[{"@type":"CommentAction","name":"Comment","target":["https:\/\/www.sonoraenequipo.com.mx\/david-figueroa-transformara-proceso-legislativo-en-sonora\/#respond"]}]},{"@type":"WebPage","@id":"https:\/\/www.sonoraenequipo.com.mx\/david-figueroa-transformara-proceso-legislativo-en-sonora\/","url":"https:\/\/www.sonoraenequipo.com.mx\/david-figueroa-transformara-proceso-legislativo-en-sonora\/","name":"Sonora en Equipo. David Figueroa \u201ctransformar\u00e1\u201d\u00a0proceso legislativo en Sonora ELECCI\u00d3NES","isPartOf":{"@id":"https:\/\/www.sonoraenequipo.com.mx\/#website"},"primaryImageOfPage":{"@id":"https:\/\/www.sonoraenequipo.com.mx\/david-figueroa-transformara-proceso-legislativo-en-sonora\/#primaryimage"},"image":{"@id":"https:\/\/www.sonoraenequipo.com.mx\/david-figueroa-transformara-proceso-legislativo-en-sonora\/#primaryimage"},"thumbnailUrl":"https:\/\/www.sonoraenequipo.com.mx\/storage\/2024\/05\/dfo2805.jpg","datePublished":"2024-05-28T23:26:27+00:00","dateModified":"2024-05-28T23:39:57+00:00","description":"HERMOSILLO, SONORA, MX.\u02d7\u02d7\u02d7 Porque lleg\u00f3 el tiempo de mejorar la calidad de vida de las familias sonorenses, David Figueroa Ortega transformar\u00e1 el proceso En Sonora en Equipo publicamos toda la informaci\u00f3n de Sonora, M\u00e9xico y el Mundo de manera oportuna y busca que la libertad de expresi\u00f3n sea real. Visita nuestro medio informativo publicado desde Hermosillo, Sonora. %","breadcrumb":{"@id":"https:\/\/www.sonoraenequipo.com.mx\/david-figueroa-transformara-proceso-legislativo-en-sonora\/#breadcrumb"},"inLanguage":"es","potentialAction":[{"@type":"ReadAction","target":["https:\/\/www.sonoraenequipo.com.mx\/david-figueroa-transformara-proceso-legislativo-en-sonora\/"]}]},{"@type":"ImageObject","inLanguage":"es","@id":"https:\/\/www.sonoraenequipo.com.mx\/david-figueroa-transformara-proceso-legislativo-en-sonora\/#primaryimage","url":"https:\/\/www.sonoraenequipo.com.mx\/storage\/2024\/05\/dfo2805.jpg","contentUrl":"https:\/\/www.sonoraenequipo.com.mx\/storage\/2024\/05\/dfo2805.jpg","width":800,"height":533},{"@type":"BreadcrumbList","@id":"https:\/\/www.sonoraenequipo.com.mx\/david-figueroa-transformara-proceso-legislativo-en-sonora\/#breadcrumb","itemListElement":[{"@type":"ListItem","position":1,"name":"Portada","item":"https:\/\/www.sonoraenequipo.com.mx\/"},{"@type":"ListItem","position":2,"name":"David Figueroa \u201ctransformar\u00e1\u201d\u00a0proceso legislativo en Sonora"}]},{"@type":"WebSite","@id":"https:\/\/www.sonoraenequipo.com.mx\/#website","url":"https:\/\/www.sonoraenequipo.com.mx\/","name":"Sonora en Equipo.","description":"Diario en l\u00ednea con Noticias desde Hermosillo, Sonora","publisher":{"@id":"https:\/\/www.sonoraenequipo.com.mx\/#organization"},"potentialAction":[{"@type":"SearchAction","target":{"@type":"EntryPoint","urlTemplate":"https:\/\/www.sonoraenequipo.com.mx\/?s={search_term_string}"},"query-input":{"@type":"PropertyValueSpecification","valueRequired":true,"valueName":"search_term_string"}}],"inLanguage":"es"},{"@type":"Organization","@id":"https:\/\/www.sonoraenequipo.com.mx\/#organization","name":"Sonoraenequipo.com.mx","url":"https:\/\/www.sonoraenequipo.com.mx\/","logo":{"@type":"ImageObject","inLanguage":"es","@id":"https:\/\/www.sonoraenequipo.com.mx\/#\/schema\/logo\/image\/","url":"https:\/\/www.sonoraenequipo.com.mx\/storage\/2019\/01\/sonoraenequipo_opt.png","contentUrl":"https:\/\/www.sonoraenequipo.com.mx\/storage\/2019\/01\/sonoraenequipo_opt.png","width":375,"height":125,"caption":"Sonoraenequipo.com.mx"},"image":{"@id":"https:\/\/www.sonoraenequipo.com.mx\/#\/schema\/logo\/image\/"},"sameAs":["https:\/\/www.facebook.com\/SonoraEE\/","https:\/\/x.com\/sonoraenequipo","https:\/\/www.youtube.com\/channel\/UC338nW-lPEYmJQs4ZABQ1SQ"]},{"@type":"Person","@id":"https:\/\/www.sonoraenequipo.com.mx\/#\/schema\/person\/50102df0fb23a8fa9e8effad8fa81386","name":"enequipo","image":{"@type":"ImageObject","inLanguage":"es","@id":"https:\/\/www.sonoraenequipo.com.mx\/#\/schema\/person\/image\/","url":"https:\/\/secure.gravatar.com\/avatar\/049821681b589dabc0bc20695993ccebb09f5b5d4d790cd9251b97faac7c652b?s=96&d=blank&r=g","contentUrl":"https:\/\/secure.gravatar.com\/avatar\/049821681b589dabc0bc20695993ccebb09f5b5d4d790cd9251b97faac7c652b?s=96&d=blank&r=g","caption":"enequipo"},"sameAs":["https:\/\/www.facebook.com\/SonoraEE"]}]}},"jetpack_featured_media_url":"https:\/\/www.sonoraenequipo.com.mx\/storage\/2024\/05\/dfo2805.jpg","_links":{"self":[{"href":"https:\/\/www.sonoraenequipo.com.mx\/api\/wp\/v2\/posts\/190783","targetHints":{"allow":["GET"]}}],"collection":[{"href":"https:\/\/www.sonoraenequipo.com.mx\/api\/wp\/v2\/posts"}],"about":[{"href":"https:\/\/www.sonoraenequipo.com.mx\/api\/wp\/v2\/types\/post"}],"author":[{"embeddable":true,"href":"https:\/\/www.sonoraenequipo.com.mx\/api\/wp\/v2\/users\/1"}],"replies":[{"embeddable":true,"href":"https:\/\/www.sonoraenequipo.com.mx\/api\/wp\/v2\/comments?post=190783"}],"version-history":[{"count":2,"href":"https:\/\/www.sonoraenequipo.com.mx\/api\/wp\/v2\/posts\/190783\/revisions"}],"predecessor-version":[{"id":190787,"href":"https:\/\/www.sonoraenequipo.com.mx\/api\/wp\/v2\/posts\/190783\/revisions\/190787"}],"wp:featuredmedia":[{"embeddable":true,"href":"https:\/\/www.sonoraenequipo.com.mx\/api\/wp\/v2\/media\/190784"}],"wp:attachment":[{"href":"https:\/\/www.sonoraenequipo.com.mx\/api\/wp\/v2\/media?parent=190783"}],"wp:term":[{"taxonomy":"category","embeddable":true,"href":"https:\/\/www.sonoraenequipo.com.mx\/api\/wp\/v2\/categories?post=190783"},{"taxonomy":"post_tag","embeddable":true,"href":"https:\/\/www.sonoraenequipo.com.mx\/api\/wp\/v2\/tags?post=190783"}],"curies":[{"name":"wp","href":"https:\/\/api.w.org\/{rel}","templated":true}]}}