{"id":190788,"date":"2024-05-28T16:45:41","date_gmt":"2024-05-28T23:45:41","guid":{"rendered":"https:\/\/www.sonoraenequipo.com.mx\/?p=190788"},"modified":"2024-05-28T16:45:41","modified_gmt":"2024-05-28T23:45:41","slug":"ataque-armado-a-persona-en-nogales-apunta-a-actividad-de-halconeo-en-grupo-criminal","status":"publish","type":"post","link":"https:\/\/www.sonoraenequipo.com.mx\/ataque-armado-a-persona-en-nogales-apunta-a-actividad-de-halconeo-en-grupo-criminal\/","title":{"rendered":"Ataque armado a persona en Nogales apunta a actividad de \u2018halconeo\u2019 en grupo criminal"},"content":{"rendered":"<p>&nbsp;<\/p>\n<p><strong>NOGALES, SONORA, MX.\u0336\u02d7\u0336<\/strong><strong> \u00a0<\/strong>Las investigaciones realizadas por integrantes de la Mesa Estatal de Seguridad en torno a un ataque directo a una persona masculino, la noche de ayer 26 de mayo en en\u00a0 esta ciudad indican que pudiera tratarse de un sujeto que se dedicaba a labores de vigilancia o \u201chalconeo\u201d para un grupo criminal de la zona.<\/p>\n<p>&nbsp;<\/p>\n<p>La primera hip\u00f3tesis de trabajo indica que el ataque fue perpetrado por miembros de un grupo criminal rival, utilizando armas tipo fusil. Se presume que el hombre tambi\u00e9n dispar\u00f3 desde el interior del veh\u00edculo en el que viajaba, ya que se localizaron indicios bal\u00edsticos en el lugar.<\/p>\n<p>&nbsp;<\/p>\n<p>El hecho se registr\u00f3 alrededor de las 22:40 horas de ayer en la avenida Kennedy, en la colonia Kalitea, donde se localiz\u00f3 un autom\u00f3vil Volkswagen Virtus incendiado. En su interior se encontr\u00f3 el cuerpo de un hombre.<\/p>\n<p><strong>Fecha de publicaci\u00f3n \u00a0martes 28 de mayo de 2024<\/strong><\/p>\n","protected":false},"excerpt":{"rendered":"<p>&nbsp; NOGALES, SONORA, MX.\u0336\u02d7\u0336 \u00a0Las investigaciones realizadas por integrantes de la Mesa Estatal de Seguridad&#8230;<\/p>\n","protected":false},"author":1,"featured_media":190789,"comment_status":"open","ping_status":"open","sticky":false,"template":"","format":"standard","meta":{"_monsterinsights_skip_tracking":false,"_monsterinsights_sitenote_active":false,"_monsterinsights_sitenote_note":"","_monsterinsights_sitenote_category":0,"footnotes":""},"categories":[3144],"tags":[299,1242],"class_list":["post"],"yoast_head":" \n<title>Sonora en Equipo. Ataque armado a persona en Nogales apunta a actividad de \u2018halconeo\u2019 en grupo criminal Polic\u00edaca<\/title>\n<meta name=\"description\" content=\"&nbsp; NOGALES, SONORA, MX.\u0336\u02d7\u0336 \u00a0Las investigaciones realizadas por integrantes de la Mesa Estatal de Seguridad en torno a un ataque directo a una persona En Sonora en Equipo publicamos toda la informaci\u00f3n de Sonora, M\u00e9xico y el Mundo de manera oportuna y busca que la libertad de expresi\u00f3n sea real. Visita nuestro medio informativo publicado desde Hermosillo, Sonora. %\" \/>\n<meta name=\"robots\" content=\"index, follow, max-snippet:-1, max-image-preview:large, max-video-preview:-1\" \/>\n<link rel=\"canonical\" href=\"https:\/\/www.sonoraenequipo.com.mx\/ataque-armado-a-persona-en-nogales-apunta-a-actividad-de-halconeo-en-grupo-criminal\/\" \/>\n<meta property=\"og:locale\" content=\"es_ES\" \/>\n<meta property=\"og:type\" content=\"article\" \/>\n<meta property=\"og:title\" content=\"Sonora en Equipo. Ataque armado a persona en Nogales apunta a actividad de \u2018halconeo\u2019 en grupo criminal Polic\u00edaca\" \/>\n<meta property=\"og:description\" content=\"&nbsp; NOGALES, SONORA, MX.\u0336\u02d7\u0336 \u00a0Las investigaciones realizadas por integrantes de la Mesa Estatal de Seguridad en torno a un ataque directo a una persona En Sonora en Equipo publicamos toda la informaci\u00f3n de Sonora, M\u00e9xico y el Mundo de manera oportuna y busca que la libertad de expresi\u00f3n sea real. Visita nuestro medio informativo publicado desde Hermosillo, Sonora. %\" \/>\n<meta property=\"og:url\" content=\"https:\/\/www.sonoraenequipo.com.mx\/ataque-armado-a-persona-en-nogales-apunta-a-actividad-de-halconeo-en-grupo-criminal\/\" \/>\n<meta property=\"og:site_name\" content=\"Sonora en Equipo.\" \/>\n<meta property=\"article:publisher\" content=\"https:\/\/www.facebook.com\/SonoraEE\/\" \/>\n<meta property=\"article:author\" content=\"https:\/\/www.facebook.com\/SonoraEE\" \/>\n<meta property=\"article:published_time\" content=\"2024-05-28T23:45:41+00:00\" \/>\n<meta property=\"og:image\" content=\"https:\/\/www.sonoraenequipo.com.mx\/storage\/2024\/05\/auto-incendiado-nog.jpg\" \/>\n\t<meta property=\"og:image:width\" content=\"800\" \/>\n\t<meta property=\"og:image:height\" content=\"600\" \/>\n\t<meta property=\"og:image:type\" content=\"image\/jpeg\" \/>\n<meta name=\"author\" content=\"enequipo\" \/>\n<meta name=\"twitter:card\" content=\"summary_large_image\" \/>\n<meta name=\"twitter:creator\" content=\"@sonoraenequipo\" \/>\n<meta name=\"twitter:site\" content=\"@sonoraenequipo\" \/>\n<meta name=\"twitter:label1\" content=\"Escrito por\" \/>\n\t<meta name=\"twitter:data1\" content=\"enequipo\" \/>\n\t<meta name=\"twitter:label2\" content=\"Tiempo de lectura\" \/>\n\t<meta name=\"twitter:data2\" content=\"1 minuto\" \/>\n<script type=\"application\/ld+json\" class=\"yoast-schema-graph\">{\"@context\":\"https:\/\/schema.org\",\"@graph\":[{\"@type\":\"Article\",\"@id\":\"https:\/\/www.sonoraenequipo.com.mx\/ataque-armado-a-persona-en-nogales-apunta-a-actividad-de-halconeo-en-grupo-criminal\/#article\",\"isPartOf\":{\"@id\":\"https:\/\/www.sonoraenequipo.com.mx\/ataque-armado-a-persona-en-nogales-apunta-a-actividad-de-halconeo-en-grupo-criminal\/\"},\"author\":{\"name\":\"enequipo\",\"@id\":\"https:\/\/www.sonoraenequipo.com.mx\/#\/schema\/person\/50102df0fb23a8fa9e8effad8fa81386\"},\"headline\":\"Ataque armado a persona en Nogales apunta a actividad de \u2018halconeo\u2019 en grupo criminal\",\"datePublished\":\"2024-05-28T23:45:41+00:00\",\"mainEntityOfPage\":{\"@id\":\"https:\/\/www.sonoraenequipo.com.mx\/ataque-armado-a-persona-en-nogales-apunta-a-actividad-de-halconeo-en-grupo-criminal\/\"},\"wordCount\":170,\"commentCount\":0,\"publisher\":{\"@id\":\"https:\/\/www.sonoraenequipo.com.mx\/#organization\"},\"image\":{\"@id\":\"https:\/\/www.sonoraenequipo.com.mx\/ataque-armado-a-persona-en-nogales-apunta-a-actividad-de-halconeo-en-grupo-criminal\/#primaryimage\"},\"thumbnailUrl\":\"https:\/\/www.sonoraenequipo.com.mx\/storage\/2024\/05\/auto-incendiado-nog.jpg\",\"keywords\":[\"inseguridad\",\"Nogales\"],\"articleSection\":[\"Polic\u00edaca\"],\"inLanguage\":\"es\",\"potentialAction\":[{\"@type\":\"CommentAction\",\"name\":\"Comment\",\"target\":[\"https:\/\/www.sonoraenequipo.com.mx\/ataque-armado-a-persona-en-nogales-apunta-a-actividad-de-halconeo-en-grupo-criminal\/#respond\"]}]},{\"@type\":\"WebPage\",\"@id\":\"https:\/\/www.sonoraenequipo.com.mx\/ataque-armado-a-persona-en-nogales-apunta-a-actividad-de-halconeo-en-grupo-criminal\/\",\"url\":\"https:\/\/www.sonoraenequipo.com.mx\/ataque-armado-a-persona-en-nogales-apunta-a-actividad-de-halconeo-en-grupo-criminal\/\",\"name\":\"Sonora en Equipo. Ataque armado a persona en Nogales apunta a actividad de \u2018halconeo\u2019 en grupo criminal Polic\u00edaca\",\"isPartOf\":{\"@id\":\"https:\/\/www.sonoraenequipo.com.mx\/#website\"},\"primaryImageOfPage\":{\"@id\":\"https:\/\/www.sonoraenequipo.com.mx\/ataque-armado-a-persona-en-nogales-apunta-a-actividad-de-halconeo-en-grupo-criminal\/#primaryimage\"},\"image\":{\"@id\":\"https:\/\/www.sonoraenequipo.com.mx\/ataque-armado-a-persona-en-nogales-apunta-a-actividad-de-halconeo-en-grupo-criminal\/#primaryimage\"},\"thumbnailUrl\":\"https:\/\/www.sonoraenequipo.com.mx\/storage\/2024\/05\/auto-incendiado-nog.jpg\",\"datePublished\":\"2024-05-28T23:45:41+00:00\",\"description\":\"&nbsp; NOGALES, SONORA, MX.\u0336\u02d7\u0336 \u00a0Las investigaciones realizadas por integrantes de la Mesa Estatal de Seguridad en torno a un ataque directo a una persona En Sonora en Equipo publicamos toda la informaci\u00f3n de Sonora, M\u00e9xico y el Mundo de manera oportuna y busca que la libertad de expresi\u00f3n sea real. Visita nuestro medio informativo publicado desde Hermosillo, Sonora. %\",\"breadcrumb\":{\"@id\":\"https:\/\/www.sonoraenequipo.com.mx\/ataque-armado-a-persona-en-nogales-apunta-a-actividad-de-halconeo-en-grupo-criminal\/#breadcrumb\"},\"inLanguage\":\"es\",\"potentialAction\":[{\"@type\":\"ReadAction\",\"target\":[\"https:\/\/www.sonoraenequipo.com.mx\/ataque-armado-a-persona-en-nogales-apunta-a-actividad-de-halconeo-en-grupo-criminal\/\"]}]},{\"@type\":\"ImageObject\",\"inLanguage\":\"es\",\"@id\":\"https:\/\/www.sonoraenequipo.com.mx\/ataque-armado-a-persona-en-nogales-apunta-a-actividad-de-halconeo-en-grupo-criminal\/#primaryimage\",\"url\":\"https:\/\/www.sonoraenequipo.com.mx\/storage\/2024\/05\/auto-incendiado-nog.jpg\",\"contentUrl\":\"https:\/\/www.sonoraenequipo.com.mx\/storage\/2024\/05\/auto-incendiado-nog.jpg\",\"width\":800,\"height\":600},{\"@type\":\"BreadcrumbList\",\"@id\":\"https:\/\/www.sonoraenequipo.com.mx\/ataque-armado-a-persona-en-nogales-apunta-a-actividad-de-halconeo-en-grupo-criminal\/#breadcrumb\",\"itemListElement\":[{\"@type\":\"ListItem\",\"position\":1,\"name\":\"Portada\",\"item\":\"https:\/\/www.sonoraenequipo.com.mx\/\"},{\"@type\":\"ListItem\",\"position\":2,\"name\":\"Ataque armado a persona en Nogales apunta a actividad de \u2018halconeo\u2019 en grupo criminal\"}]},{\"@type\":\"WebSite\",\"@id\":\"https:\/\/www.sonoraenequipo.com.mx\/#website\",\"url\":\"https:\/\/www.sonoraenequipo.com.mx\/\",\"name\":\"Sonora en Equipo.\",\"description\":\"Diario en l\u00ednea con Noticias desde Hermosillo, Sonora\",\"publisher\":{\"@id\":\"https:\/\/www.sonoraenequipo.com.mx\/#organization\"},\"potentialAction\":[{\"@type\":\"SearchAction\",\"target\":{\"@type\":\"EntryPoint\",\"urlTemplate\":\"https:\/\/www.sonoraenequipo.com.mx\/?s={search_term_string}\"},\"query-input\":{\"@type\":\"PropertyValueSpecification\",\"valueRequired\":true,\"valueName\":\"search_term_string\"}}],\"inLanguage\":\"es\"},{\"@type\":\"Organization\",\"@id\":\"https:\/\/www.sonoraenequipo.com.mx\/#organization\",\"name\":\"Sonoraenequipo.com.mx\",\"url\":\"https:\/\/www.sonoraenequipo.com.mx\/\",\"logo\":{\"@type\":\"ImageObject\",\"inLanguage\":\"es\",\"@id\":\"https:\/\/www.sonoraenequipo.com.mx\/#\/schema\/logo\/image\/\",\"url\":\"https:\/\/www.sonoraenequipo.com.mx\/storage\/2019\/01\/sonoraenequipo_opt.png\",\"contentUrl\":\"https:\/\/www.sonoraenequipo.com.mx\/storage\/2019\/01\/sonoraenequipo_opt.png\",\"width\":375,\"height\":125,\"caption\":\"Sonoraenequipo.com.mx\"},\"image\":{\"@id\":\"https:\/\/www.sonoraenequipo.com.mx\/#\/schema\/logo\/image\/\"},\"sameAs\":[\"https:\/\/www.facebook.com\/SonoraEE\/\",\"https:\/\/x.com\/sonoraenequipo\",\"https:\/\/www.youtube.com\/channel\/UC338nW-lPEYmJQs4ZABQ1SQ\"]},{\"@type\":\"Person\",\"@id\":\"https:\/\/www.sonoraenequipo.com.mx\/#\/schema\/person\/50102df0fb23a8fa9e8effad8fa81386\",\"name\":\"enequipo\",\"image\":{\"@type\":\"ImageObject\",\"inLanguage\":\"es\",\"@id\":\"https:\/\/www.sonoraenequipo.com.mx\/#\/schema\/person\/image\/\",\"url\":\"https:\/\/secure.gravatar.com\/avatar\/049821681b589dabc0bc20695993ccebb09f5b5d4d790cd9251b97faac7c652b?s=96&d=blank&r=g\",\"contentUrl\":\"https:\/\/secure.gravatar.com\/avatar\/049821681b589dabc0bc20695993ccebb09f5b5d4d790cd9251b97faac7c652b?s=96&d=blank&r=g\",\"caption\":\"enequipo\"},\"sameAs\":[\"https:\/\/www.facebook.com\/SonoraEE\"]}]}<\/script>\n ","yoast_head_json":{"title":"Sonora en Equipo. Ataque armado a persona en Nogales apunta a actividad de \u2018halconeo\u2019 en grupo criminal Polic\u00edaca","description":"&nbsp; NOGALES, SONORA, MX.\u0336\u02d7\u0336 \u00a0Las investigaciones realizadas por integrantes de la Mesa Estatal de Seguridad en torno a un ataque directo a una persona En Sonora en Equipo publicamos toda la informaci\u00f3n de Sonora, M\u00e9xico y el Mundo de manera oportuna y busca que la libertad de expresi\u00f3n sea real. Visita nuestro medio informativo publicado desde Hermosillo, Sonora. %","robots":{"index":"index","follow":"follow","max-snippet":"max-snippet:-1","max-image-preview":"max-image-preview:large","max-video-preview":"max-video-preview:-1"},"canonical":"https:\/\/www.sonoraenequipo.com.mx\/ataque-armado-a-persona-en-nogales-apunta-a-actividad-de-halconeo-en-grupo-criminal\/","og_locale":"es_ES","og_type":"article","og_title":"Sonora en Equipo. Ataque armado a persona en Nogales apunta a actividad de \u2018halconeo\u2019 en grupo criminal Polic\u00edaca","og_description":"&nbsp; NOGALES, SONORA, MX.\u0336\u02d7\u0336 \u00a0Las investigaciones realizadas por integrantes de la Mesa Estatal de Seguridad en torno a un ataque directo a una persona En Sonora en Equipo publicamos toda la informaci\u00f3n de Sonora, M\u00e9xico y el Mundo de manera oportuna y busca que la libertad de expresi\u00f3n sea real. Visita nuestro medio informativo publicado desde Hermosillo, Sonora. %","og_url":"https:\/\/www.sonoraenequipo.com.mx\/ataque-armado-a-persona-en-nogales-apunta-a-actividad-de-halconeo-en-grupo-criminal\/","og_site_name":"Sonora en Equipo.","article_publisher":"https:\/\/www.facebook.com\/SonoraEE\/","article_author":"https:\/\/www.facebook.com\/SonoraEE","article_published_time":"2024-05-28T23:45:41+00:00","og_image":[{"width":800,"height":600,"url":"https:\/\/www.sonoraenequipo.com.mx\/storage\/2024\/05\/auto-incendiado-nog.jpg","type":"image\/jpeg"}],"author":"enequipo","twitter_card":"summary_large_image","twitter_creator":"@sonoraenequipo","twitter_site":"@sonoraenequipo","twitter_misc":{"Escrito por":"enequipo","Tiempo de lectura":"1 minuto"},"schema":{"@context":"https:\/\/schema.org","@graph":[{"@type":"Article","@id":"https:\/\/www.sonoraenequipo.com.mx\/ataque-armado-a-persona-en-nogales-apunta-a-actividad-de-halconeo-en-grupo-criminal\/#article","isPartOf":{"@id":"https:\/\/www.sonoraenequipo.com.mx\/ataque-armado-a-persona-en-nogales-apunta-a-actividad-de-halconeo-en-grupo-criminal\/"},"author":{"name":"enequipo","@id":"https:\/\/www.sonoraenequipo.com.mx\/#\/schema\/person\/50102df0fb23a8fa9e8effad8fa81386"},"headline":"Ataque armado a persona en Nogales apunta a actividad de \u2018halconeo\u2019 en grupo criminal","datePublished":"2024-05-28T23:45:41+00:00","mainEntityOfPage":{"@id":"https:\/\/www.sonoraenequipo.com.mx\/ataque-armado-a-persona-en-nogales-apunta-a-actividad-de-halconeo-en-grupo-criminal\/"},"wordCount":170,"commentCount":0,"publisher":{"@id":"https:\/\/www.sonoraenequipo.com.mx\/#organization"},"image":{"@id":"https:\/\/www.sonoraenequipo.com.mx\/ataque-armado-a-persona-en-nogales-apunta-a-actividad-de-halconeo-en-grupo-criminal\/#primaryimage"},"thumbnailUrl":"https:\/\/www.sonoraenequipo.com.mx\/storage\/2024\/05\/auto-incendiado-nog.jpg","keywords":["inseguridad","Nogales"],"articleSection":["Polic\u00edaca"],"inLanguage":"es","potentialAction":[{"@type":"CommentAction","name":"Comment","target":["https:\/\/www.sonoraenequipo.com.mx\/ataque-armado-a-persona-en-nogales-apunta-a-actividad-de-halconeo-en-grupo-criminal\/#respond"]}]},{"@type":"WebPage","@id":"https:\/\/www.sonoraenequipo.com.mx\/ataque-armado-a-persona-en-nogales-apunta-a-actividad-de-halconeo-en-grupo-criminal\/","url":"https:\/\/www.sonoraenequipo.com.mx\/ataque-armado-a-persona-en-nogales-apunta-a-actividad-de-halconeo-en-grupo-criminal\/","name":"Sonora en Equipo. Ataque armado a persona en Nogales apunta a actividad de \u2018halconeo\u2019 en grupo criminal Polic\u00edaca","isPartOf":{"@id":"https:\/\/www.sonoraenequipo.com.mx\/#website"},"primaryImageOfPage":{"@id":"https:\/\/www.sonoraenequipo.com.mx\/ataque-armado-a-persona-en-nogales-apunta-a-actividad-de-halconeo-en-grupo-criminal\/#primaryimage"},"image":{"@id":"https:\/\/www.sonoraenequipo.com.mx\/ataque-armado-a-persona-en-nogales-apunta-a-actividad-de-halconeo-en-grupo-criminal\/#primaryimage"},"thumbnailUrl":"https:\/\/www.sonoraenequipo.com.mx\/storage\/2024\/05\/auto-incendiado-nog.jpg","datePublished":"2024-05-28T23:45:41+00:00","description":"&nbsp; NOGALES, SONORA, MX.\u0336\u02d7\u0336 \u00a0Las investigaciones realizadas por integrantes de la Mesa Estatal de Seguridad en torno a un ataque directo a una persona En Sonora en Equipo publicamos toda la informaci\u00f3n de Sonora, M\u00e9xico y el Mundo de manera oportuna y busca que la libertad de expresi\u00f3n sea real. Visita nuestro medio informativo publicado desde Hermosillo, Sonora. %","breadcrumb":{"@id":"https:\/\/www.sonoraenequipo.com.mx\/ataque-armado-a-persona-en-nogales-apunta-a-actividad-de-halconeo-en-grupo-criminal\/#breadcrumb"},"inLanguage":"es","potentialAction":[{"@type":"ReadAction","target":["https:\/\/www.sonoraenequipo.com.mx\/ataque-armado-a-persona-en-nogales-apunta-a-actividad-de-halconeo-en-grupo-criminal\/"]}]},{"@type":"ImageObject","inLanguage":"es","@id":"https:\/\/www.sonoraenequipo.com.mx\/ataque-armado-a-persona-en-nogales-apunta-a-actividad-de-halconeo-en-grupo-criminal\/#primaryimage","url":"https:\/\/www.sonoraenequipo.com.mx\/storage\/2024\/05\/auto-incendiado-nog.jpg","contentUrl":"https:\/\/www.sonoraenequipo.com.mx\/storage\/2024\/05\/auto-incendiado-nog.jpg","width":800,"height":600},{"@type":"BreadcrumbList","@id":"https:\/\/www.sonoraenequipo.com.mx\/ataque-armado-a-persona-en-nogales-apunta-a-actividad-de-halconeo-en-grupo-criminal\/#breadcrumb","itemListElement":[{"@type":"ListItem","position":1,"name":"Portada","item":"https:\/\/www.sonoraenequipo.com.mx\/"},{"@type":"ListItem","position":2,"name":"Ataque armado a persona en Nogales apunta a actividad de \u2018halconeo\u2019 en grupo criminal"}]},{"@type":"WebSite","@id":"https:\/\/www.sonoraenequipo.com.mx\/#website","url":"https:\/\/www.sonoraenequipo.com.mx\/","name":"Sonora en Equipo.","description":"Diario en l\u00ednea con Noticias desde Hermosillo, Sonora","publisher":{"@id":"https:\/\/www.sonoraenequipo.com.mx\/#organization"},"potentialAction":[{"@type":"SearchAction","target":{"@type":"EntryPoint","urlTemplate":"https:\/\/www.sonoraenequipo.com.mx\/?s={search_term_string}"},"query-input":{"@type":"PropertyValueSpecification","valueRequired":true,"valueName":"search_term_string"}}],"inLanguage":"es"},{"@type":"Organization","@id":"https:\/\/www.sonoraenequipo.com.mx\/#organization","name":"Sonoraenequipo.com.mx","url":"https:\/\/www.sonoraenequipo.com.mx\/","logo":{"@type":"ImageObject","inLanguage":"es","@id":"https:\/\/www.sonoraenequipo.com.mx\/#\/schema\/logo\/image\/","url":"https:\/\/www.sonoraenequipo.com.mx\/storage\/2019\/01\/sonoraenequipo_opt.png","contentUrl":"https:\/\/www.sonoraenequipo.com.mx\/storage\/2019\/01\/sonoraenequipo_opt.png","width":375,"height":125,"caption":"Sonoraenequipo.com.mx"},"image":{"@id":"https:\/\/www.sonoraenequipo.com.mx\/#\/schema\/logo\/image\/"},"sameAs":["https:\/\/www.facebook.com\/SonoraEE\/","https:\/\/x.com\/sonoraenequipo","https:\/\/www.youtube.com\/channel\/UC338nW-lPEYmJQs4ZABQ1SQ"]},{"@type":"Person","@id":"https:\/\/www.sonoraenequipo.com.mx\/#\/schema\/person\/50102df0fb23a8fa9e8effad8fa81386","name":"enequipo","image":{"@type":"ImageObject","inLanguage":"es","@id":"https:\/\/www.sonoraenequipo.com.mx\/#\/schema\/person\/image\/","url":"https:\/\/secure.gravatar.com\/avatar\/049821681b589dabc0bc20695993ccebb09f5b5d4d790cd9251b97faac7c652b?s=96&d=blank&r=g","contentUrl":"https:\/\/secure.gravatar.com\/avatar\/049821681b589dabc0bc20695993ccebb09f5b5d4d790cd9251b97faac7c652b?s=96&d=blank&r=g","caption":"enequipo"},"sameAs":["https:\/\/www.facebook.com\/SonoraEE"]}]}},"jetpack_featured_media_url":"https:\/\/www.sonoraenequipo.com.mx\/storage\/2024\/05\/auto-incendiado-nog.jpg","_links":{"self":[{"href":"https:\/\/www.sonoraenequipo.com.mx\/api\/wp\/v2\/posts\/190788","targetHints":{"allow":["GET"]}}],"collection":[{"href":"https:\/\/www.sonoraenequipo.com.mx\/api\/wp\/v2\/posts"}],"about":[{"href":"https:\/\/www.sonoraenequipo.com.mx\/api\/wp\/v2\/types\/post"}],"author":[{"embeddable":true,"href":"https:\/\/www.sonoraenequipo.com.mx\/api\/wp\/v2\/users\/1"}],"replies":[{"embeddable":true,"href":"https:\/\/www.sonoraenequipo.com.mx\/api\/wp\/v2\/comments?post=190788"}],"version-history":[{"count":1,"href":"https:\/\/www.sonoraenequipo.com.mx\/api\/wp\/v2\/posts\/190788\/revisions"}],"predecessor-version":[{"id":190790,"href":"https:\/\/www.sonoraenequipo.com.mx\/api\/wp\/v2\/posts\/190788\/revisions\/190790"}],"wp:featuredmedia":[{"embeddable":true,"href":"https:\/\/www.sonoraenequipo.com.mx\/api\/wp\/v2\/media\/190789"}],"wp:attachment":[{"href":"https:\/\/www.sonoraenequipo.com.mx\/api\/wp\/v2\/media?parent=190788"}],"wp:term":[{"taxonomy":"category","embeddable":true,"href":"https:\/\/www.sonoraenequipo.com.mx\/api\/wp\/v2\/categories?post=190788"},{"taxonomy":"post_tag","embeddable":true,"href":"https:\/\/www.sonoraenequipo.com.mx\/api\/wp\/v2\/tags?post=190788"}],"curies":[{"name":"wp","href":"https:\/\/api.w.org\/{rel}","templated":true}]}}