{"id":190791,"date":"2024-05-28T18:07:35","date_gmt":"2024-05-29T01:07:35","guid":{"rendered":"https:\/\/www.sonoraenequipo.com.mx\/?p=190791"},"modified":"2024-05-28T18:07:35","modified_gmt":"2024-05-29T01:07:35","slug":"pide-eduardo-urbina-vocero-de-tono-astiazaran-certidumbre-en-ubicacion-de-casillas-para-votar-este-2-de-junio","status":"publish","type":"post","link":"https:\/\/www.sonoraenequipo.com.mx\/pide-eduardo-urbina-vocero-de-tono-astiazaran-certidumbre-en-ubicacion-de-casillas-para-votar-este-2-de-junio\/","title":{"rendered":"Pide Eduardo Urbina vocero\u00a0 de To\u00f1o Astiazar\u00e1n certidumbre en ubicaci\u00f3n de casillas para votar este 2 de junio"},"content":{"rendered":"<p><strong>HERMOSILLO, SONORA, MX.<\/strong><strong> \u0336 \u0336 \u00a0<\/strong>Un llamado a especificar geogr\u00e1ficamente las colonias o fraccionamientos asignados a cada centro de votaci\u00f3n, realiz\u00f3 Eduardo Urbina a los institutos Estatal Electoral y Nacional Electoral.<\/p>\n<p>&nbsp;<\/p>\n<p>&nbsp;<\/p>\n<p>&nbsp;<\/p>\n<p>El vocero de campa\u00f1a de Antonio \u201cTo\u00f1o\u201d Astiazar\u00e1n denunci\u00f3 cambios en secciones como la 532 que en 2021 favoreci\u00f3 al candidato a la presidencia municipal y que ahora fue dividida en cuatro centros de votaci\u00f3n cuando normalmente se realizaba en uno.<\/p>\n<p>&nbsp;<\/p>\n<p>&nbsp;<\/p>\n<p>&nbsp;<\/p>\n<p>Esto ha generado incertidumbre en votantes de Pe\u00f1asco Residencial, Asturias, M\u00f3naco, Marsella, Villa Bonita, Montecarlo y La Verbena por mencionar algunas colonias o fraccionamientos que se ver\u00e1n afectados ante la falta de claridad para saber d\u00f3nde votar este 2 de junio.<\/p>\n<p>&nbsp;<\/p>\n<p>&nbsp;<\/p>\n<p>&nbsp;<\/p>\n<p>\u201cEse d\u00eda algunas personas tendr\u00e1n que recorrer tres casillas, hacer tres filas, manejar o agarrar transporte tres veces para poder ejercer su derecho. Para evitar confusiones es necesario que la autoridad electoral especifique geogr\u00e1ficamente las colonias o fraccionamientos asignados a cada centro\u201d, agreg\u00f3.<\/p>\n<p>&nbsp;<\/p>\n<p>&nbsp;<\/p>\n<p>&nbsp;<\/p>\n<p>Los centros de votaci\u00f3n para la secci\u00f3n 532 habilitados se encontrar\u00e1n en la Primaria Leo Sandoval en Villa Bonita, K\u00ednder de Las Praderas, Secundaria Horacio Soria y otro en Cobach Hermosillo.<\/p>\n<p>&nbsp;<\/p>\n<p>&nbsp;<\/p>\n<p>&nbsp;<\/p>\n<p>\u201cHist\u00f3ricamente las y los electores de la 532 acud\u00edan a un centro de votaci\u00f3n donde de acuerdo con la primera letra de su primer apellido, se les asignaba una casilla d\u00f3nde votar. Hay que decirlo esta es una secci\u00f3n que favoreci\u00f3 fuertemente a To\u00f1o Astiazar\u00e1n hace poco menos de tres a\u00f1os\u201d, destac\u00f3.<\/p>\n<p>&nbsp;<\/p>\n<p>&nbsp;<\/p>\n<p>&nbsp;<\/p>\n<p>Eduardo Urbina destac\u00f3 que esta incertidumbre no solamente se ha presentado en la secci\u00f3n 532 sino tambi\u00e9n las 1602, 1604 y 1605 por lo que es una situaci\u00f3n at\u00edpica que debe ser aclarada por las autoridades.<\/p>\n<p><strong>Fecha de publicaci\u00f3n \u00a0martes 28 de mayo de 2024<\/strong><\/p>\n","protected":false},"excerpt":{"rendered":"<p>HERMOSILLO, SONORA, MX. \u0336 \u0336 \u00a0Un llamado a especificar geogr\u00e1ficamente las colonias o fraccionamientos asignados&#8230;<\/p>\n","protected":false},"author":1,"featured_media":190792,"comment_status":"open","ping_status":"open","sticky":false,"template":"","format":"standard","meta":{"_monsterinsights_skip_tracking":false,"_monsterinsights_sitenote_active":false,"_monsterinsights_sitenote_note":"","_monsterinsights_sitenote_category":0,"footnotes":""},"categories":[9400],"tags":[7497,5339],"class_list":["post"],"yoast_head":" \n<title>Sonora en Equipo. Pide Eduardo Urbina vocero\u00a0 de To\u00f1o Astiazar\u00e1n certidumbre en ubicaci\u00f3n de casillas para votar este 2 de junio ELECCI\u00d3NES<\/title>\n<meta name=\"description\" content=\"HERMOSILLO, SONORA, MX. \u0336 \u0336 \u00a0Un llamado a especificar geogr\u00e1ficamente las colonias o fraccionamientos asignados a cada centro de votaci\u00f3n, realiz\u00f3 Eduardo En Sonora en Equipo publicamos toda la informaci\u00f3n de Sonora, M\u00e9xico y el Mundo de manera oportuna y busca que la libertad de expresi\u00f3n sea real. Visita nuestro medio informativo publicado desde Hermosillo, Sonora. %\" \/>\n<meta name=\"robots\" content=\"index, follow, max-snippet:-1, max-image-preview:large, max-video-preview:-1\" \/>\n<link rel=\"canonical\" href=\"https:\/\/www.sonoraenequipo.com.mx\/pide-eduardo-urbina-vocero-de-tono-astiazaran-certidumbre-en-ubicacion-de-casillas-para-votar-este-2-de-junio\/\" \/>\n<meta property=\"og:locale\" content=\"es_ES\" \/>\n<meta property=\"og:type\" content=\"article\" \/>\n<meta property=\"og:title\" content=\"Sonora en Equipo. Pide Eduardo Urbina vocero\u00a0 de To\u00f1o Astiazar\u00e1n certidumbre en ubicaci\u00f3n de casillas para votar este 2 de junio ELECCI\u00d3NES\" \/>\n<meta property=\"og:description\" content=\"HERMOSILLO, SONORA, MX. \u0336 \u0336 \u00a0Un llamado a especificar geogr\u00e1ficamente las colonias o fraccionamientos asignados a cada centro de votaci\u00f3n, realiz\u00f3 Eduardo En Sonora en Equipo publicamos toda la informaci\u00f3n de Sonora, M\u00e9xico y el Mundo de manera oportuna y busca que la libertad de expresi\u00f3n sea real. Visita nuestro medio informativo publicado desde Hermosillo, Sonora. %\" \/>\n<meta property=\"og:url\" content=\"https:\/\/www.sonoraenequipo.com.mx\/pide-eduardo-urbina-vocero-de-tono-astiazaran-certidumbre-en-ubicacion-de-casillas-para-votar-este-2-de-junio\/\" \/>\n<meta property=\"og:site_name\" content=\"Sonora en Equipo.\" \/>\n<meta property=\"article:publisher\" content=\"https:\/\/www.facebook.com\/SonoraEE\/\" \/>\n<meta property=\"article:author\" content=\"https:\/\/www.facebook.com\/SonoraEE\" \/>\n<meta property=\"article:published_time\" content=\"2024-05-29T01:07:35+00:00\" \/>\n<meta property=\"og:image\" content=\"https:\/\/www.sonoraenequipo.com.mx\/storage\/2024\/05\/VOCERO-TONO.jpg\" \/>\n\t<meta property=\"og:image:width\" content=\"800\" \/>\n\t<meta property=\"og:image:height\" content=\"600\" \/>\n\t<meta property=\"og:image:type\" content=\"image\/jpeg\" \/>\n<meta name=\"author\" content=\"enequipo\" \/>\n<meta name=\"twitter:card\" content=\"summary_large_image\" \/>\n<meta name=\"twitter:creator\" content=\"@sonoraenequipo\" \/>\n<meta name=\"twitter:site\" content=\"@sonoraenequipo\" \/>\n<meta name=\"twitter:label1\" content=\"Escrito por\" \/>\n\t<meta name=\"twitter:data1\" content=\"enequipo\" \/>\n\t<meta name=\"twitter:label2\" content=\"Tiempo de lectura\" \/>\n\t<meta name=\"twitter:data2\" content=\"2 minutos\" \/>\n<script type=\"application\/ld+json\" class=\"yoast-schema-graph\">{\"@context\":\"https:\/\/schema.org\",\"@graph\":[{\"@type\":\"Article\",\"@id\":\"https:\/\/www.sonoraenequipo.com.mx\/pide-eduardo-urbina-vocero-de-tono-astiazaran-certidumbre-en-ubicacion-de-casillas-para-votar-este-2-de-junio\/#article\",\"isPartOf\":{\"@id\":\"https:\/\/www.sonoraenequipo.com.mx\/pide-eduardo-urbina-vocero-de-tono-astiazaran-certidumbre-en-ubicacion-de-casillas-para-votar-este-2-de-junio\/\"},\"author\":{\"name\":\"enequipo\",\"@id\":\"https:\/\/www.sonoraenequipo.com.mx\/#\/schema\/person\/50102df0fb23a8fa9e8effad8fa81386\"},\"headline\":\"Pide Eduardo Urbina vocero\u00a0 de To\u00f1o Astiazar\u00e1n certidumbre en ubicaci\u00f3n de casillas para votar este 2 de junio\",\"datePublished\":\"2024-05-29T01:07:35+00:00\",\"mainEntityOfPage\":{\"@id\":\"https:\/\/www.sonoraenequipo.com.mx\/pide-eduardo-urbina-vocero-de-tono-astiazaran-certidumbre-en-ubicacion-de-casillas-para-votar-este-2-de-junio\/\"},\"wordCount\":339,\"commentCount\":0,\"publisher\":{\"@id\":\"https:\/\/www.sonoraenequipo.com.mx\/#organization\"},\"image\":{\"@id\":\"https:\/\/www.sonoraenequipo.com.mx\/pide-eduardo-urbina-vocero-de-tono-astiazaran-certidumbre-en-ubicacion-de-casillas-para-votar-este-2-de-junio\/#primaryimage\"},\"thumbnailUrl\":\"https:\/\/www.sonoraenequipo.com.mx\/storage\/2024\/05\/VOCERO-TONO.jpg\",\"keywords\":[\"2024\",\"eleccion\"],\"articleSection\":[\"ELECCI\u00d3NES\"],\"inLanguage\":\"es\",\"potentialAction\":[{\"@type\":\"CommentAction\",\"name\":\"Comment\",\"target\":[\"https:\/\/www.sonoraenequipo.com.mx\/pide-eduardo-urbina-vocero-de-tono-astiazaran-certidumbre-en-ubicacion-de-casillas-para-votar-este-2-de-junio\/#respond\"]}]},{\"@type\":\"WebPage\",\"@id\":\"https:\/\/www.sonoraenequipo.com.mx\/pide-eduardo-urbina-vocero-de-tono-astiazaran-certidumbre-en-ubicacion-de-casillas-para-votar-este-2-de-junio\/\",\"url\":\"https:\/\/www.sonoraenequipo.com.mx\/pide-eduardo-urbina-vocero-de-tono-astiazaran-certidumbre-en-ubicacion-de-casillas-para-votar-este-2-de-junio\/\",\"name\":\"Sonora en Equipo. Pide Eduardo Urbina vocero\u00a0 de To\u00f1o Astiazar\u00e1n certidumbre en ubicaci\u00f3n de casillas para votar este 2 de junio ELECCI\u00d3NES\",\"isPartOf\":{\"@id\":\"https:\/\/www.sonoraenequipo.com.mx\/#website\"},\"primaryImageOfPage\":{\"@id\":\"https:\/\/www.sonoraenequipo.com.mx\/pide-eduardo-urbina-vocero-de-tono-astiazaran-certidumbre-en-ubicacion-de-casillas-para-votar-este-2-de-junio\/#primaryimage\"},\"image\":{\"@id\":\"https:\/\/www.sonoraenequipo.com.mx\/pide-eduardo-urbina-vocero-de-tono-astiazaran-certidumbre-en-ubicacion-de-casillas-para-votar-este-2-de-junio\/#primaryimage\"},\"thumbnailUrl\":\"https:\/\/www.sonoraenequipo.com.mx\/storage\/2024\/05\/VOCERO-TONO.jpg\",\"datePublished\":\"2024-05-29T01:07:35+00:00\",\"description\":\"HERMOSILLO, SONORA, MX. \u0336 \u0336 \u00a0Un llamado a especificar geogr\u00e1ficamente las colonias o fraccionamientos asignados a cada centro de votaci\u00f3n, realiz\u00f3 Eduardo En Sonora en Equipo publicamos toda la informaci\u00f3n de Sonora, M\u00e9xico y el Mundo de manera oportuna y busca que la libertad de expresi\u00f3n sea real. Visita nuestro medio informativo publicado desde Hermosillo, Sonora. %\",\"breadcrumb\":{\"@id\":\"https:\/\/www.sonoraenequipo.com.mx\/pide-eduardo-urbina-vocero-de-tono-astiazaran-certidumbre-en-ubicacion-de-casillas-para-votar-este-2-de-junio\/#breadcrumb\"},\"inLanguage\":\"es\",\"potentialAction\":[{\"@type\":\"ReadAction\",\"target\":[\"https:\/\/www.sonoraenequipo.com.mx\/pide-eduardo-urbina-vocero-de-tono-astiazaran-certidumbre-en-ubicacion-de-casillas-para-votar-este-2-de-junio\/\"]}]},{\"@type\":\"ImageObject\",\"inLanguage\":\"es\",\"@id\":\"https:\/\/www.sonoraenequipo.com.mx\/pide-eduardo-urbina-vocero-de-tono-astiazaran-certidumbre-en-ubicacion-de-casillas-para-votar-este-2-de-junio\/#primaryimage\",\"url\":\"https:\/\/www.sonoraenequipo.com.mx\/storage\/2024\/05\/VOCERO-TONO.jpg\",\"contentUrl\":\"https:\/\/www.sonoraenequipo.com.mx\/storage\/2024\/05\/VOCERO-TONO.jpg\",\"width\":800,\"height\":600},{\"@type\":\"BreadcrumbList\",\"@id\":\"https:\/\/www.sonoraenequipo.com.mx\/pide-eduardo-urbina-vocero-de-tono-astiazaran-certidumbre-en-ubicacion-de-casillas-para-votar-este-2-de-junio\/#breadcrumb\",\"itemListElement\":[{\"@type\":\"ListItem\",\"position\":1,\"name\":\"Portada\",\"item\":\"https:\/\/www.sonoraenequipo.com.mx\/\"},{\"@type\":\"ListItem\",\"position\":2,\"name\":\"Pide Eduardo Urbina vocero\u00a0 de To\u00f1o Astiazar\u00e1n certidumbre en ubicaci\u00f3n de casillas para votar este 2 de junio\"}]},{\"@type\":\"WebSite\",\"@id\":\"https:\/\/www.sonoraenequipo.com.mx\/#website\",\"url\":\"https:\/\/www.sonoraenequipo.com.mx\/\",\"name\":\"Sonora en Equipo.\",\"description\":\"Diario en l\u00ednea con Noticias desde Hermosillo, Sonora\",\"publisher\":{\"@id\":\"https:\/\/www.sonoraenequipo.com.mx\/#organization\"},\"potentialAction\":[{\"@type\":\"SearchAction\",\"target\":{\"@type\":\"EntryPoint\",\"urlTemplate\":\"https:\/\/www.sonoraenequipo.com.mx\/?s={search_term_string}\"},\"query-input\":{\"@type\":\"PropertyValueSpecification\",\"valueRequired\":true,\"valueName\":\"search_term_string\"}}],\"inLanguage\":\"es\"},{\"@type\":\"Organization\",\"@id\":\"https:\/\/www.sonoraenequipo.com.mx\/#organization\",\"name\":\"Sonoraenequipo.com.mx\",\"url\":\"https:\/\/www.sonoraenequipo.com.mx\/\",\"logo\":{\"@type\":\"ImageObject\",\"inLanguage\":\"es\",\"@id\":\"https:\/\/www.sonoraenequipo.com.mx\/#\/schema\/logo\/image\/\",\"url\":\"https:\/\/www.sonoraenequipo.com.mx\/storage\/2019\/01\/sonoraenequipo_opt.png\",\"contentUrl\":\"https:\/\/www.sonoraenequipo.com.mx\/storage\/2019\/01\/sonoraenequipo_opt.png\",\"width\":375,\"height\":125,\"caption\":\"Sonoraenequipo.com.mx\"},\"image\":{\"@id\":\"https:\/\/www.sonoraenequipo.com.mx\/#\/schema\/logo\/image\/\"},\"sameAs\":[\"https:\/\/www.facebook.com\/SonoraEE\/\",\"https:\/\/x.com\/sonoraenequipo\",\"https:\/\/www.youtube.com\/channel\/UC338nW-lPEYmJQs4ZABQ1SQ\"]},{\"@type\":\"Person\",\"@id\":\"https:\/\/www.sonoraenequipo.com.mx\/#\/schema\/person\/50102df0fb23a8fa9e8effad8fa81386\",\"name\":\"enequipo\",\"image\":{\"@type\":\"ImageObject\",\"inLanguage\":\"es\",\"@id\":\"https:\/\/www.sonoraenequipo.com.mx\/#\/schema\/person\/image\/\",\"url\":\"https:\/\/secure.gravatar.com\/avatar\/049821681b589dabc0bc20695993ccebb09f5b5d4d790cd9251b97faac7c652b?s=96&d=blank&r=g\",\"contentUrl\":\"https:\/\/secure.gravatar.com\/avatar\/049821681b589dabc0bc20695993ccebb09f5b5d4d790cd9251b97faac7c652b?s=96&d=blank&r=g\",\"caption\":\"enequipo\"},\"sameAs\":[\"https:\/\/www.facebook.com\/SonoraEE\"]}]}<\/script>\n ","yoast_head_json":{"title":"Sonora en Equipo. Pide Eduardo Urbina vocero\u00a0 de To\u00f1o Astiazar\u00e1n certidumbre en ubicaci\u00f3n de casillas para votar este 2 de junio ELECCI\u00d3NES","description":"HERMOSILLO, SONORA, MX. \u0336 \u0336 \u00a0Un llamado a especificar geogr\u00e1ficamente las colonias o fraccionamientos asignados a cada centro de votaci\u00f3n, realiz\u00f3 Eduardo En Sonora en Equipo publicamos toda la informaci\u00f3n de Sonora, M\u00e9xico y el Mundo de manera oportuna y busca que la libertad de expresi\u00f3n sea real. Visita nuestro medio informativo publicado desde Hermosillo, Sonora. %","robots":{"index":"index","follow":"follow","max-snippet":"max-snippet:-1","max-image-preview":"max-image-preview:large","max-video-preview":"max-video-preview:-1"},"canonical":"https:\/\/www.sonoraenequipo.com.mx\/pide-eduardo-urbina-vocero-de-tono-astiazaran-certidumbre-en-ubicacion-de-casillas-para-votar-este-2-de-junio\/","og_locale":"es_ES","og_type":"article","og_title":"Sonora en Equipo. Pide Eduardo Urbina vocero\u00a0 de To\u00f1o Astiazar\u00e1n certidumbre en ubicaci\u00f3n de casillas para votar este 2 de junio ELECCI\u00d3NES","og_description":"HERMOSILLO, SONORA, MX. \u0336 \u0336 \u00a0Un llamado a especificar geogr\u00e1ficamente las colonias o fraccionamientos asignados a cada centro de votaci\u00f3n, realiz\u00f3 Eduardo En Sonora en Equipo publicamos toda la informaci\u00f3n de Sonora, M\u00e9xico y el Mundo de manera oportuna y busca que la libertad de expresi\u00f3n sea real. Visita nuestro medio informativo publicado desde Hermosillo, Sonora. %","og_url":"https:\/\/www.sonoraenequipo.com.mx\/pide-eduardo-urbina-vocero-de-tono-astiazaran-certidumbre-en-ubicacion-de-casillas-para-votar-este-2-de-junio\/","og_site_name":"Sonora en Equipo.","article_publisher":"https:\/\/www.facebook.com\/SonoraEE\/","article_author":"https:\/\/www.facebook.com\/SonoraEE","article_published_time":"2024-05-29T01:07:35+00:00","og_image":[{"width":800,"height":600,"url":"https:\/\/www.sonoraenequipo.com.mx\/storage\/2024\/05\/VOCERO-TONO.jpg","type":"image\/jpeg"}],"author":"enequipo","twitter_card":"summary_large_image","twitter_creator":"@sonoraenequipo","twitter_site":"@sonoraenequipo","twitter_misc":{"Escrito por":"enequipo","Tiempo de lectura":"2 minutos"},"schema":{"@context":"https:\/\/schema.org","@graph":[{"@type":"Article","@id":"https:\/\/www.sonoraenequipo.com.mx\/pide-eduardo-urbina-vocero-de-tono-astiazaran-certidumbre-en-ubicacion-de-casillas-para-votar-este-2-de-junio\/#article","isPartOf":{"@id":"https:\/\/www.sonoraenequipo.com.mx\/pide-eduardo-urbina-vocero-de-tono-astiazaran-certidumbre-en-ubicacion-de-casillas-para-votar-este-2-de-junio\/"},"author":{"name":"enequipo","@id":"https:\/\/www.sonoraenequipo.com.mx\/#\/schema\/person\/50102df0fb23a8fa9e8effad8fa81386"},"headline":"Pide Eduardo Urbina vocero\u00a0 de To\u00f1o Astiazar\u00e1n certidumbre en ubicaci\u00f3n de casillas para votar este 2 de junio","datePublished":"2024-05-29T01:07:35+00:00","mainEntityOfPage":{"@id":"https:\/\/www.sonoraenequipo.com.mx\/pide-eduardo-urbina-vocero-de-tono-astiazaran-certidumbre-en-ubicacion-de-casillas-para-votar-este-2-de-junio\/"},"wordCount":339,"commentCount":0,"publisher":{"@id":"https:\/\/www.sonoraenequipo.com.mx\/#organization"},"image":{"@id":"https:\/\/www.sonoraenequipo.com.mx\/pide-eduardo-urbina-vocero-de-tono-astiazaran-certidumbre-en-ubicacion-de-casillas-para-votar-este-2-de-junio\/#primaryimage"},"thumbnailUrl":"https:\/\/www.sonoraenequipo.com.mx\/storage\/2024\/05\/VOCERO-TONO.jpg","keywords":["2024","eleccion"],"articleSection":["ELECCI\u00d3NES"],"inLanguage":"es","potentialAction":[{"@type":"CommentAction","name":"Comment","target":["https:\/\/www.sonoraenequipo.com.mx\/pide-eduardo-urbina-vocero-de-tono-astiazaran-certidumbre-en-ubicacion-de-casillas-para-votar-este-2-de-junio\/#respond"]}]},{"@type":"WebPage","@id":"https:\/\/www.sonoraenequipo.com.mx\/pide-eduardo-urbina-vocero-de-tono-astiazaran-certidumbre-en-ubicacion-de-casillas-para-votar-este-2-de-junio\/","url":"https:\/\/www.sonoraenequipo.com.mx\/pide-eduardo-urbina-vocero-de-tono-astiazaran-certidumbre-en-ubicacion-de-casillas-para-votar-este-2-de-junio\/","name":"Sonora en Equipo. Pide Eduardo Urbina vocero\u00a0 de To\u00f1o Astiazar\u00e1n certidumbre en ubicaci\u00f3n de casillas para votar este 2 de junio ELECCI\u00d3NES","isPartOf":{"@id":"https:\/\/www.sonoraenequipo.com.mx\/#website"},"primaryImageOfPage":{"@id":"https:\/\/www.sonoraenequipo.com.mx\/pide-eduardo-urbina-vocero-de-tono-astiazaran-certidumbre-en-ubicacion-de-casillas-para-votar-este-2-de-junio\/#primaryimage"},"image":{"@id":"https:\/\/www.sonoraenequipo.com.mx\/pide-eduardo-urbina-vocero-de-tono-astiazaran-certidumbre-en-ubicacion-de-casillas-para-votar-este-2-de-junio\/#primaryimage"},"thumbnailUrl":"https:\/\/www.sonoraenequipo.com.mx\/storage\/2024\/05\/VOCERO-TONO.jpg","datePublished":"2024-05-29T01:07:35+00:00","description":"HERMOSILLO, SONORA, MX. \u0336 \u0336 \u00a0Un llamado a especificar geogr\u00e1ficamente las colonias o fraccionamientos asignados a cada centro de votaci\u00f3n, realiz\u00f3 Eduardo En Sonora en Equipo publicamos toda la informaci\u00f3n de Sonora, M\u00e9xico y el Mundo de manera oportuna y busca que la libertad de expresi\u00f3n sea real. Visita nuestro medio informativo publicado desde Hermosillo, Sonora. %","breadcrumb":{"@id":"https:\/\/www.sonoraenequipo.com.mx\/pide-eduardo-urbina-vocero-de-tono-astiazaran-certidumbre-en-ubicacion-de-casillas-para-votar-este-2-de-junio\/#breadcrumb"},"inLanguage":"es","potentialAction":[{"@type":"ReadAction","target":["https:\/\/www.sonoraenequipo.com.mx\/pide-eduardo-urbina-vocero-de-tono-astiazaran-certidumbre-en-ubicacion-de-casillas-para-votar-este-2-de-junio\/"]}]},{"@type":"ImageObject","inLanguage":"es","@id":"https:\/\/www.sonoraenequipo.com.mx\/pide-eduardo-urbina-vocero-de-tono-astiazaran-certidumbre-en-ubicacion-de-casillas-para-votar-este-2-de-junio\/#primaryimage","url":"https:\/\/www.sonoraenequipo.com.mx\/storage\/2024\/05\/VOCERO-TONO.jpg","contentUrl":"https:\/\/www.sonoraenequipo.com.mx\/storage\/2024\/05\/VOCERO-TONO.jpg","width":800,"height":600},{"@type":"BreadcrumbList","@id":"https:\/\/www.sonoraenequipo.com.mx\/pide-eduardo-urbina-vocero-de-tono-astiazaran-certidumbre-en-ubicacion-de-casillas-para-votar-este-2-de-junio\/#breadcrumb","itemListElement":[{"@type":"ListItem","position":1,"name":"Portada","item":"https:\/\/www.sonoraenequipo.com.mx\/"},{"@type":"ListItem","position":2,"name":"Pide Eduardo Urbina vocero\u00a0 de To\u00f1o Astiazar\u00e1n certidumbre en ubicaci\u00f3n de casillas para votar este 2 de junio"}]},{"@type":"WebSite","@id":"https:\/\/www.sonoraenequipo.com.mx\/#website","url":"https:\/\/www.sonoraenequipo.com.mx\/","name":"Sonora en Equipo.","description":"Diario en l\u00ednea con Noticias desde Hermosillo, Sonora","publisher":{"@id":"https:\/\/www.sonoraenequipo.com.mx\/#organization"},"potentialAction":[{"@type":"SearchAction","target":{"@type":"EntryPoint","urlTemplate":"https:\/\/www.sonoraenequipo.com.mx\/?s={search_term_string}"},"query-input":{"@type":"PropertyValueSpecification","valueRequired":true,"valueName":"search_term_string"}}],"inLanguage":"es"},{"@type":"Organization","@id":"https:\/\/www.sonoraenequipo.com.mx\/#organization","name":"Sonoraenequipo.com.mx","url":"https:\/\/www.sonoraenequipo.com.mx\/","logo":{"@type":"ImageObject","inLanguage":"es","@id":"https:\/\/www.sonoraenequipo.com.mx\/#\/schema\/logo\/image\/","url":"https:\/\/www.sonoraenequipo.com.mx\/storage\/2019\/01\/sonoraenequipo_opt.png","contentUrl":"https:\/\/www.sonoraenequipo.com.mx\/storage\/2019\/01\/sonoraenequipo_opt.png","width":375,"height":125,"caption":"Sonoraenequipo.com.mx"},"image":{"@id":"https:\/\/www.sonoraenequipo.com.mx\/#\/schema\/logo\/image\/"},"sameAs":["https:\/\/www.facebook.com\/SonoraEE\/","https:\/\/x.com\/sonoraenequipo","https:\/\/www.youtube.com\/channel\/UC338nW-lPEYmJQs4ZABQ1SQ"]},{"@type":"Person","@id":"https:\/\/www.sonoraenequipo.com.mx\/#\/schema\/person\/50102df0fb23a8fa9e8effad8fa81386","name":"enequipo","image":{"@type":"ImageObject","inLanguage":"es","@id":"https:\/\/www.sonoraenequipo.com.mx\/#\/schema\/person\/image\/","url":"https:\/\/secure.gravatar.com\/avatar\/049821681b589dabc0bc20695993ccebb09f5b5d4d790cd9251b97faac7c652b?s=96&d=blank&r=g","contentUrl":"https:\/\/secure.gravatar.com\/avatar\/049821681b589dabc0bc20695993ccebb09f5b5d4d790cd9251b97faac7c652b?s=96&d=blank&r=g","caption":"enequipo"},"sameAs":["https:\/\/www.facebook.com\/SonoraEE"]}]}},"jetpack_featured_media_url":"https:\/\/www.sonoraenequipo.com.mx\/storage\/2024\/05\/VOCERO-TONO.jpg","_links":{"self":[{"href":"https:\/\/www.sonoraenequipo.com.mx\/api\/wp\/v2\/posts\/190791","targetHints":{"allow":["GET"]}}],"collection":[{"href":"https:\/\/www.sonoraenequipo.com.mx\/api\/wp\/v2\/posts"}],"about":[{"href":"https:\/\/www.sonoraenequipo.com.mx\/api\/wp\/v2\/types\/post"}],"author":[{"embeddable":true,"href":"https:\/\/www.sonoraenequipo.com.mx\/api\/wp\/v2\/users\/1"}],"replies":[{"embeddable":true,"href":"https:\/\/www.sonoraenequipo.com.mx\/api\/wp\/v2\/comments?post=190791"}],"version-history":[{"count":1,"href":"https:\/\/www.sonoraenequipo.com.mx\/api\/wp\/v2\/posts\/190791\/revisions"}],"predecessor-version":[{"id":190794,"href":"https:\/\/www.sonoraenequipo.com.mx\/api\/wp\/v2\/posts\/190791\/revisions\/190794"}],"wp:featuredmedia":[{"embeddable":true,"href":"https:\/\/www.sonoraenequipo.com.mx\/api\/wp\/v2\/media\/190792"}],"wp:attachment":[{"href":"https:\/\/www.sonoraenequipo.com.mx\/api\/wp\/v2\/media?parent=190791"}],"wp:term":[{"taxonomy":"category","embeddable":true,"href":"https:\/\/www.sonoraenequipo.com.mx\/api\/wp\/v2\/categories?post=190791"},{"taxonomy":"post_tag","embeddable":true,"href":"https:\/\/www.sonoraenequipo.com.mx\/api\/wp\/v2\/tags?post=190791"}],"curies":[{"name":"wp","href":"https:\/\/api.w.org\/{rel}","templated":true}]}}