{"id":190795,"date":"2024-05-28T18:14:05","date_gmt":"2024-05-29T01:14:05","guid":{"rendered":"https:\/\/www.sonoraenequipo.com.mx\/?p=190795"},"modified":"2024-05-28T18:14:05","modified_gmt":"2024-05-29T01:14:05","slug":"sophia-jirau-primera-modelo-down-de-victorias-secret","status":"publish","type":"post","link":"https:\/\/www.sonoraenequipo.com.mx\/sophia-jirau-primera-modelo-down-de-victorias-secret\/","title":{"rendered":"Sophia Jirau primera modelo Down de Victoria\u2019s Secret"},"content":{"rendered":"<p>&nbsp;<\/p>\n<p>&nbsp;<\/p>\n<p>Con esta frase, la modelo puertorrique\u00f1a Sof\u00eda Jirau describe el nuevo logro de su carrera: se convirti\u00f3 en la primera mujer con s\u00edndrome de Down en participar de una campa\u00f1a para la reconocida marca Victoria&#8217;s Secret.<\/p>\n<p>&nbsp;<\/p>\n<p>Junto a otras 17 mujeres, protagoniz\u00f3 el lanzamiento de una colecci\u00f3n llamada Cloud Love Collection, revelada por la empresa el pasado 14 de febrero.<\/p>\n<p>&nbsp;<\/p>\n<p>Su participaci\u00f3n se da mientras Victoria&#8217;s Secret lleva a cabo un cambio de imagen, tras enfrentar en el pasado cr\u00edticas por sus desfiles y anuncios de lencer\u00eda descritos como \u00abpatriarcales y sexistas\u00bb.<\/p>\n<p>Todos estos resultados, dice, demuestran que \u00absoy fuerte\u00bb.<\/p>\n<p>&nbsp;<\/p>\n<p>\u00abAlavett\u00bb dio paso a que Sof\u00eda se destacara en las pasarelas de su natal Puerto Rico. M\u00e1s adelante, en 2020, hizo su debut en la semana de la moda de Nueva York.<\/p>\n<p>&nbsp;<\/p>\n<p>En la gran manzana model\u00f3 para la dise\u00f1adora Marisa Santiago.<\/p>\n<p>&nbsp;<\/p>\n<p>Mientras, en la isla ha sido portavoz de campa\u00f1as a favor de la comunidad con s\u00edndrome de Down.<\/p>\n<p>&nbsp;<\/p>\n<p>En el futuro, agreg\u00f3, quiere mostrar su talento en los desfiles de moda de Europa.<\/p>\n<p>&nbsp;<\/p>\n<p>\u00abMi pr\u00f3ximo sue\u00f1o es ir a bailar en un escenario e irme a modelar a Francia e Italia\u00bb, asegur\u00f3.<\/p>\n<p>&nbsp;<\/p>\n<p>\u00abUna revoluci\u00f3n de la marca\u00bb<\/p>\n<p>Victoria&#8217;s Secret afirm\u00f3 en un comunicado que la nueva colecci\u00f3n fue inspirada por \u00ablas necesidades de nuestros clientes\u00bb. El esfuerzo publicitario, de acuerdo con el director creativo de la empresa, Ra\u00fal Mart\u00ednez, tambi\u00e9n sigue este prop\u00f3sito.<\/p>\n<p>&nbsp;<\/p>\n<p>\u00abEs un momento importante en la evoluci\u00f3n de la marca\u00bb, detall\u00f3.<\/p>\n<p>&nbsp;<\/p>\n<p>En los \u00faltimos a\u00f1os, la empresa ha intentado reconstruir su imagen.<\/p>\n<p>&nbsp;<\/p>\n<p>La irrupci\u00f3n del movimiento #MeToo por el que miles de mujeres denunciaron en todo el mundo situaciones de acoso y abuso sexual y los cambios en la percepci\u00f3n del cuerpo femenino hicieron tambalearse al gigante de la lencer\u00eda.<\/p>\n<p>Los desfiles de delgadas modelos y sus anuncios hipersexualizados han ido perdiendo adeptos y ganando detractores.<\/p>\n<p>&nbsp;<\/p>\n<p>Ante las cr\u00edticas, la ca\u00edda de la audiencia y una merma de ingresos, en el 2019 la empresa cancel\u00f3 su famoso desfile \u00ablos \u00e1ngeles de Victoria&#8217;s Secret\u00bb.<\/p>\n<p>&nbsp;<\/p>\n<p>En el 2020, adem\u00e1s, The New York Times public\u00f3 una investigaci\u00f3n en la que describi\u00f3 \u00abla cultura de misoginia\u00bb en la compa\u00f1\u00eda.<\/p>\n<p>&nbsp;<\/p>\n<p>La colecci\u00f3n presentada este febrero, de acuerdo con Mart\u00ednez, es el \u00abnuevo est\u00e1ndar\u00bb de Victoria&#8217;s Secret.<\/p>\n<p><strong>Fecha de publicaci\u00f3n \u00a0martes 28 de mayo de 2024 \/ BBC<\/strong><\/p>\n","protected":false},"excerpt":{"rendered":"<p>&nbsp; &nbsp; Con esta frase, la modelo puertorrique\u00f1a Sof\u00eda Jirau describe el nuevo logro de&#8230;<\/p>\n","protected":false},"author":1,"featured_media":190796,"comment_status":"open","ping_status":"open","sticky":false,"template":"","format":"standard","meta":{"_monsterinsights_skip_tracking":false,"_monsterinsights_sitenote_active":false,"_monsterinsights_sitenote_note":"","_monsterinsights_sitenote_category":0,"footnotes":""},"categories":[2987],"tags":[3814,9741,873],"class_list":["post"],"yoast_head":" \n<title>Sonora en Equipo. Sophia Jirau primera modelo Down de Victoria\u2019s Secret Showbiz<\/title>\n<meta name=\"description\" content=\"&nbsp; &nbsp; Con esta frase, la modelo puertorrique\u00f1a Sof\u00eda Jirau describe el nuevo logro de su carrera: se convirti\u00f3 en la primera mujer con s\u00edndrome de En Sonora en Equipo publicamos toda la informaci\u00f3n de Sonora, M\u00e9xico y el Mundo de manera oportuna y busca que la libertad de expresi\u00f3n sea real. Visita nuestro medio informativo publicado desde Hermosillo, Sonora. %\" \/>\n<meta name=\"robots\" content=\"index, follow, max-snippet:-1, max-image-preview:large, max-video-preview:-1\" \/>\n<link rel=\"canonical\" href=\"https:\/\/www.sonoraenequipo.com.mx\/sophia-jirau-primera-modelo-down-de-victorias-secret\/\" \/>\n<meta property=\"og:locale\" content=\"es_ES\" \/>\n<meta property=\"og:type\" content=\"article\" \/>\n<meta property=\"og:title\" content=\"Sonora en Equipo. Sophia Jirau primera modelo Down de Victoria\u2019s Secret Showbiz\" \/>\n<meta property=\"og:description\" content=\"&nbsp; &nbsp; Con esta frase, la modelo puertorrique\u00f1a Sof\u00eda Jirau describe el nuevo logro de su carrera: se convirti\u00f3 en la primera mujer con s\u00edndrome de En Sonora en Equipo publicamos toda la informaci\u00f3n de Sonora, M\u00e9xico y el Mundo de manera oportuna y busca que la libertad de expresi\u00f3n sea real. Visita nuestro medio informativo publicado desde Hermosillo, Sonora. %\" \/>\n<meta property=\"og:url\" content=\"https:\/\/www.sonoraenequipo.com.mx\/sophia-jirau-primera-modelo-down-de-victorias-secret\/\" \/>\n<meta property=\"og:site_name\" content=\"Sonora en Equipo.\" \/>\n<meta property=\"article:publisher\" content=\"https:\/\/www.facebook.com\/SonoraEE\/\" \/>\n<meta property=\"article:author\" content=\"https:\/\/www.facebook.com\/SonoraEE\" \/>\n<meta property=\"article:published_time\" content=\"2024-05-29T01:14:05+00:00\" \/>\n<meta property=\"og:image\" content=\"https:\/\/www.sonoraenequipo.com.mx\/storage\/2024\/05\/sophia-jirau.jpg\" \/>\n\t<meta property=\"og:image:width\" content=\"800\" \/>\n\t<meta property=\"og:image:height\" content=\"600\" \/>\n\t<meta property=\"og:image:type\" content=\"image\/jpeg\" \/>\n<meta name=\"author\" content=\"enequipo\" \/>\n<meta name=\"twitter:card\" content=\"summary_large_image\" \/>\n<meta name=\"twitter:creator\" content=\"@sonoraenequipo\" \/>\n<meta name=\"twitter:site\" content=\"@sonoraenequipo\" \/>\n<meta name=\"twitter:label1\" content=\"Escrito por\" \/>\n\t<meta name=\"twitter:data1\" content=\"enequipo\" \/>\n\t<meta name=\"twitter:label2\" content=\"Tiempo de lectura\" \/>\n\t<meta name=\"twitter:data2\" content=\"2 minutos\" \/>\n<script type=\"application\/ld+json\" class=\"yoast-schema-graph\">{\"@context\":\"https:\/\/schema.org\",\"@graph\":[{\"@type\":\"Article\",\"@id\":\"https:\/\/www.sonoraenequipo.com.mx\/sophia-jirau-primera-modelo-down-de-victorias-secret\/#article\",\"isPartOf\":{\"@id\":\"https:\/\/www.sonoraenequipo.com.mx\/sophia-jirau-primera-modelo-down-de-victorias-secret\/\"},\"author\":{\"name\":\"enequipo\",\"@id\":\"https:\/\/www.sonoraenequipo.com.mx\/#\/schema\/person\/50102df0fb23a8fa9e8effad8fa81386\"},\"headline\":\"Sophia Jirau primera modelo Down de Victoria\u2019s Secret\",\"datePublished\":\"2024-05-29T01:14:05+00:00\",\"mainEntityOfPage\":{\"@id\":\"https:\/\/www.sonoraenequipo.com.mx\/sophia-jirau-primera-modelo-down-de-victorias-secret\/\"},\"wordCount\":444,\"commentCount\":0,\"publisher\":{\"@id\":\"https:\/\/www.sonoraenequipo.com.mx\/#organization\"},\"image\":{\"@id\":\"https:\/\/www.sonoraenequipo.com.mx\/sophia-jirau-primera-modelo-down-de-victorias-secret\/#primaryimage\"},\"thumbnailUrl\":\"https:\/\/www.sonoraenequipo.com.mx\/storage\/2024\/05\/sophia-jirau.jpg\",\"keywords\":[\"MODELO\",\"sophia jirau\",\"Victoria\u00b4s Secret\"],\"articleSection\":[\"Showbiz\"],\"inLanguage\":\"es\",\"potentialAction\":[{\"@type\":\"CommentAction\",\"name\":\"Comment\",\"target\":[\"https:\/\/www.sonoraenequipo.com.mx\/sophia-jirau-primera-modelo-down-de-victorias-secret\/#respond\"]}]},{\"@type\":\"WebPage\",\"@id\":\"https:\/\/www.sonoraenequipo.com.mx\/sophia-jirau-primera-modelo-down-de-victorias-secret\/\",\"url\":\"https:\/\/www.sonoraenequipo.com.mx\/sophia-jirau-primera-modelo-down-de-victorias-secret\/\",\"name\":\"Sonora en Equipo. Sophia Jirau primera modelo Down de Victoria\u2019s Secret Showbiz\",\"isPartOf\":{\"@id\":\"https:\/\/www.sonoraenequipo.com.mx\/#website\"},\"primaryImageOfPage\":{\"@id\":\"https:\/\/www.sonoraenequipo.com.mx\/sophia-jirau-primera-modelo-down-de-victorias-secret\/#primaryimage\"},\"image\":{\"@id\":\"https:\/\/www.sonoraenequipo.com.mx\/sophia-jirau-primera-modelo-down-de-victorias-secret\/#primaryimage\"},\"thumbnailUrl\":\"https:\/\/www.sonoraenequipo.com.mx\/storage\/2024\/05\/sophia-jirau.jpg\",\"datePublished\":\"2024-05-29T01:14:05+00:00\",\"description\":\"&nbsp; &nbsp; Con esta frase, la modelo puertorrique\u00f1a Sof\u00eda Jirau describe el nuevo logro de su carrera: se convirti\u00f3 en la primera mujer con s\u00edndrome de En Sonora en Equipo publicamos toda la informaci\u00f3n de Sonora, M\u00e9xico y el Mundo de manera oportuna y busca que la libertad de expresi\u00f3n sea real. Visita nuestro medio informativo publicado desde Hermosillo, Sonora. %\",\"breadcrumb\":{\"@id\":\"https:\/\/www.sonoraenequipo.com.mx\/sophia-jirau-primera-modelo-down-de-victorias-secret\/#breadcrumb\"},\"inLanguage\":\"es\",\"potentialAction\":[{\"@type\":\"ReadAction\",\"target\":[\"https:\/\/www.sonoraenequipo.com.mx\/sophia-jirau-primera-modelo-down-de-victorias-secret\/\"]}]},{\"@type\":\"ImageObject\",\"inLanguage\":\"es\",\"@id\":\"https:\/\/www.sonoraenequipo.com.mx\/sophia-jirau-primera-modelo-down-de-victorias-secret\/#primaryimage\",\"url\":\"https:\/\/www.sonoraenequipo.com.mx\/storage\/2024\/05\/sophia-jirau.jpg\",\"contentUrl\":\"https:\/\/www.sonoraenequipo.com.mx\/storage\/2024\/05\/sophia-jirau.jpg\",\"width\":800,\"height\":600},{\"@type\":\"BreadcrumbList\",\"@id\":\"https:\/\/www.sonoraenequipo.com.mx\/sophia-jirau-primera-modelo-down-de-victorias-secret\/#breadcrumb\",\"itemListElement\":[{\"@type\":\"ListItem\",\"position\":1,\"name\":\"Portada\",\"item\":\"https:\/\/www.sonoraenequipo.com.mx\/\"},{\"@type\":\"ListItem\",\"position\":2,\"name\":\"Sophia Jirau primera modelo Down de Victoria\u2019s Secret\"}]},{\"@type\":\"WebSite\",\"@id\":\"https:\/\/www.sonoraenequipo.com.mx\/#website\",\"url\":\"https:\/\/www.sonoraenequipo.com.mx\/\",\"name\":\"Sonora en Equipo.\",\"description\":\"Diario en l\u00ednea con Noticias desde Hermosillo, Sonora\",\"publisher\":{\"@id\":\"https:\/\/www.sonoraenequipo.com.mx\/#organization\"},\"potentialAction\":[{\"@type\":\"SearchAction\",\"target\":{\"@type\":\"EntryPoint\",\"urlTemplate\":\"https:\/\/www.sonoraenequipo.com.mx\/?s={search_term_string}\"},\"query-input\":{\"@type\":\"PropertyValueSpecification\",\"valueRequired\":true,\"valueName\":\"search_term_string\"}}],\"inLanguage\":\"es\"},{\"@type\":\"Organization\",\"@id\":\"https:\/\/www.sonoraenequipo.com.mx\/#organization\",\"name\":\"Sonoraenequipo.com.mx\",\"url\":\"https:\/\/www.sonoraenequipo.com.mx\/\",\"logo\":{\"@type\":\"ImageObject\",\"inLanguage\":\"es\",\"@id\":\"https:\/\/www.sonoraenequipo.com.mx\/#\/schema\/logo\/image\/\",\"url\":\"https:\/\/www.sonoraenequipo.com.mx\/storage\/2019\/01\/sonoraenequipo_opt.png\",\"contentUrl\":\"https:\/\/www.sonoraenequipo.com.mx\/storage\/2019\/01\/sonoraenequipo_opt.png\",\"width\":375,\"height\":125,\"caption\":\"Sonoraenequipo.com.mx\"},\"image\":{\"@id\":\"https:\/\/www.sonoraenequipo.com.mx\/#\/schema\/logo\/image\/\"},\"sameAs\":[\"https:\/\/www.facebook.com\/SonoraEE\/\",\"https:\/\/x.com\/sonoraenequipo\",\"https:\/\/www.youtube.com\/channel\/UC338nW-lPEYmJQs4ZABQ1SQ\"]},{\"@type\":\"Person\",\"@id\":\"https:\/\/www.sonoraenequipo.com.mx\/#\/schema\/person\/50102df0fb23a8fa9e8effad8fa81386\",\"name\":\"enequipo\",\"image\":{\"@type\":\"ImageObject\",\"inLanguage\":\"es\",\"@id\":\"https:\/\/www.sonoraenequipo.com.mx\/#\/schema\/person\/image\/\",\"url\":\"https:\/\/secure.gravatar.com\/avatar\/049821681b589dabc0bc20695993ccebb09f5b5d4d790cd9251b97faac7c652b?s=96&d=blank&r=g\",\"contentUrl\":\"https:\/\/secure.gravatar.com\/avatar\/049821681b589dabc0bc20695993ccebb09f5b5d4d790cd9251b97faac7c652b?s=96&d=blank&r=g\",\"caption\":\"enequipo\"},\"sameAs\":[\"https:\/\/www.facebook.com\/SonoraEE\"]}]}<\/script>\n ","yoast_head_json":{"title":"Sonora en Equipo. Sophia Jirau primera modelo Down de Victoria\u2019s Secret Showbiz","description":"&nbsp; &nbsp; Con esta frase, la modelo puertorrique\u00f1a Sof\u00eda Jirau describe el nuevo logro de su carrera: se convirti\u00f3 en la primera mujer con s\u00edndrome de En Sonora en Equipo publicamos toda la informaci\u00f3n de Sonora, M\u00e9xico y el Mundo de manera oportuna y busca que la libertad de expresi\u00f3n sea real. Visita nuestro medio informativo publicado desde Hermosillo, Sonora. %","robots":{"index":"index","follow":"follow","max-snippet":"max-snippet:-1","max-image-preview":"max-image-preview:large","max-video-preview":"max-video-preview:-1"},"canonical":"https:\/\/www.sonoraenequipo.com.mx\/sophia-jirau-primera-modelo-down-de-victorias-secret\/","og_locale":"es_ES","og_type":"article","og_title":"Sonora en Equipo. Sophia Jirau primera modelo Down de Victoria\u2019s Secret Showbiz","og_description":"&nbsp; &nbsp; Con esta frase, la modelo puertorrique\u00f1a Sof\u00eda Jirau describe el nuevo logro de su carrera: se convirti\u00f3 en la primera mujer con s\u00edndrome de En Sonora en Equipo publicamos toda la informaci\u00f3n de Sonora, M\u00e9xico y el Mundo de manera oportuna y busca que la libertad de expresi\u00f3n sea real. Visita nuestro medio informativo publicado desde Hermosillo, Sonora. %","og_url":"https:\/\/www.sonoraenequipo.com.mx\/sophia-jirau-primera-modelo-down-de-victorias-secret\/","og_site_name":"Sonora en Equipo.","article_publisher":"https:\/\/www.facebook.com\/SonoraEE\/","article_author":"https:\/\/www.facebook.com\/SonoraEE","article_published_time":"2024-05-29T01:14:05+00:00","og_image":[{"width":800,"height":600,"url":"https:\/\/www.sonoraenequipo.com.mx\/storage\/2024\/05\/sophia-jirau.jpg","type":"image\/jpeg"}],"author":"enequipo","twitter_card":"summary_large_image","twitter_creator":"@sonoraenequipo","twitter_site":"@sonoraenequipo","twitter_misc":{"Escrito por":"enequipo","Tiempo de lectura":"2 minutos"},"schema":{"@context":"https:\/\/schema.org","@graph":[{"@type":"Article","@id":"https:\/\/www.sonoraenequipo.com.mx\/sophia-jirau-primera-modelo-down-de-victorias-secret\/#article","isPartOf":{"@id":"https:\/\/www.sonoraenequipo.com.mx\/sophia-jirau-primera-modelo-down-de-victorias-secret\/"},"author":{"name":"enequipo","@id":"https:\/\/www.sonoraenequipo.com.mx\/#\/schema\/person\/50102df0fb23a8fa9e8effad8fa81386"},"headline":"Sophia Jirau primera modelo Down de Victoria\u2019s Secret","datePublished":"2024-05-29T01:14:05+00:00","mainEntityOfPage":{"@id":"https:\/\/www.sonoraenequipo.com.mx\/sophia-jirau-primera-modelo-down-de-victorias-secret\/"},"wordCount":444,"commentCount":0,"publisher":{"@id":"https:\/\/www.sonoraenequipo.com.mx\/#organization"},"image":{"@id":"https:\/\/www.sonoraenequipo.com.mx\/sophia-jirau-primera-modelo-down-de-victorias-secret\/#primaryimage"},"thumbnailUrl":"https:\/\/www.sonoraenequipo.com.mx\/storage\/2024\/05\/sophia-jirau.jpg","keywords":["MODELO","sophia jirau","Victoria\u00b4s Secret"],"articleSection":["Showbiz"],"inLanguage":"es","potentialAction":[{"@type":"CommentAction","name":"Comment","target":["https:\/\/www.sonoraenequipo.com.mx\/sophia-jirau-primera-modelo-down-de-victorias-secret\/#respond"]}]},{"@type":"WebPage","@id":"https:\/\/www.sonoraenequipo.com.mx\/sophia-jirau-primera-modelo-down-de-victorias-secret\/","url":"https:\/\/www.sonoraenequipo.com.mx\/sophia-jirau-primera-modelo-down-de-victorias-secret\/","name":"Sonora en Equipo. Sophia Jirau primera modelo Down de Victoria\u2019s Secret Showbiz","isPartOf":{"@id":"https:\/\/www.sonoraenequipo.com.mx\/#website"},"primaryImageOfPage":{"@id":"https:\/\/www.sonoraenequipo.com.mx\/sophia-jirau-primera-modelo-down-de-victorias-secret\/#primaryimage"},"image":{"@id":"https:\/\/www.sonoraenequipo.com.mx\/sophia-jirau-primera-modelo-down-de-victorias-secret\/#primaryimage"},"thumbnailUrl":"https:\/\/www.sonoraenequipo.com.mx\/storage\/2024\/05\/sophia-jirau.jpg","datePublished":"2024-05-29T01:14:05+00:00","description":"&nbsp; &nbsp; Con esta frase, la modelo puertorrique\u00f1a Sof\u00eda Jirau describe el nuevo logro de su carrera: se convirti\u00f3 en la primera mujer con s\u00edndrome de En Sonora en Equipo publicamos toda la informaci\u00f3n de Sonora, M\u00e9xico y el Mundo de manera oportuna y busca que la libertad de expresi\u00f3n sea real. Visita nuestro medio informativo publicado desde Hermosillo, Sonora. %","breadcrumb":{"@id":"https:\/\/www.sonoraenequipo.com.mx\/sophia-jirau-primera-modelo-down-de-victorias-secret\/#breadcrumb"},"inLanguage":"es","potentialAction":[{"@type":"ReadAction","target":["https:\/\/www.sonoraenequipo.com.mx\/sophia-jirau-primera-modelo-down-de-victorias-secret\/"]}]},{"@type":"ImageObject","inLanguage":"es","@id":"https:\/\/www.sonoraenequipo.com.mx\/sophia-jirau-primera-modelo-down-de-victorias-secret\/#primaryimage","url":"https:\/\/www.sonoraenequipo.com.mx\/storage\/2024\/05\/sophia-jirau.jpg","contentUrl":"https:\/\/www.sonoraenequipo.com.mx\/storage\/2024\/05\/sophia-jirau.jpg","width":800,"height":600},{"@type":"BreadcrumbList","@id":"https:\/\/www.sonoraenequipo.com.mx\/sophia-jirau-primera-modelo-down-de-victorias-secret\/#breadcrumb","itemListElement":[{"@type":"ListItem","position":1,"name":"Portada","item":"https:\/\/www.sonoraenequipo.com.mx\/"},{"@type":"ListItem","position":2,"name":"Sophia Jirau primera modelo Down de Victoria\u2019s Secret"}]},{"@type":"WebSite","@id":"https:\/\/www.sonoraenequipo.com.mx\/#website","url":"https:\/\/www.sonoraenequipo.com.mx\/","name":"Sonora en Equipo.","description":"Diario en l\u00ednea con Noticias desde Hermosillo, Sonora","publisher":{"@id":"https:\/\/www.sonoraenequipo.com.mx\/#organization"},"potentialAction":[{"@type":"SearchAction","target":{"@type":"EntryPoint","urlTemplate":"https:\/\/www.sonoraenequipo.com.mx\/?s={search_term_string}"},"query-input":{"@type":"PropertyValueSpecification","valueRequired":true,"valueName":"search_term_string"}}],"inLanguage":"es"},{"@type":"Organization","@id":"https:\/\/www.sonoraenequipo.com.mx\/#organization","name":"Sonoraenequipo.com.mx","url":"https:\/\/www.sonoraenequipo.com.mx\/","logo":{"@type":"ImageObject","inLanguage":"es","@id":"https:\/\/www.sonoraenequipo.com.mx\/#\/schema\/logo\/image\/","url":"https:\/\/www.sonoraenequipo.com.mx\/storage\/2019\/01\/sonoraenequipo_opt.png","contentUrl":"https:\/\/www.sonoraenequipo.com.mx\/storage\/2019\/01\/sonoraenequipo_opt.png","width":375,"height":125,"caption":"Sonoraenequipo.com.mx"},"image":{"@id":"https:\/\/www.sonoraenequipo.com.mx\/#\/schema\/logo\/image\/"},"sameAs":["https:\/\/www.facebook.com\/SonoraEE\/","https:\/\/x.com\/sonoraenequipo","https:\/\/www.youtube.com\/channel\/UC338nW-lPEYmJQs4ZABQ1SQ"]},{"@type":"Person","@id":"https:\/\/www.sonoraenequipo.com.mx\/#\/schema\/person\/50102df0fb23a8fa9e8effad8fa81386","name":"enequipo","image":{"@type":"ImageObject","inLanguage":"es","@id":"https:\/\/www.sonoraenequipo.com.mx\/#\/schema\/person\/image\/","url":"https:\/\/secure.gravatar.com\/avatar\/049821681b589dabc0bc20695993ccebb09f5b5d4d790cd9251b97faac7c652b?s=96&d=blank&r=g","contentUrl":"https:\/\/secure.gravatar.com\/avatar\/049821681b589dabc0bc20695993ccebb09f5b5d4d790cd9251b97faac7c652b?s=96&d=blank&r=g","caption":"enequipo"},"sameAs":["https:\/\/www.facebook.com\/SonoraEE"]}]}},"jetpack_featured_media_url":"https:\/\/www.sonoraenequipo.com.mx\/storage\/2024\/05\/sophia-jirau.jpg","_links":{"self":[{"href":"https:\/\/www.sonoraenequipo.com.mx\/api\/wp\/v2\/posts\/190795","targetHints":{"allow":["GET"]}}],"collection":[{"href":"https:\/\/www.sonoraenequipo.com.mx\/api\/wp\/v2\/posts"}],"about":[{"href":"https:\/\/www.sonoraenequipo.com.mx\/api\/wp\/v2\/types\/post"}],"author":[{"embeddable":true,"href":"https:\/\/www.sonoraenequipo.com.mx\/api\/wp\/v2\/users\/1"}],"replies":[{"embeddable":true,"href":"https:\/\/www.sonoraenequipo.com.mx\/api\/wp\/v2\/comments?post=190795"}],"version-history":[{"count":1,"href":"https:\/\/www.sonoraenequipo.com.mx\/api\/wp\/v2\/posts\/190795\/revisions"}],"predecessor-version":[{"id":190797,"href":"https:\/\/www.sonoraenequipo.com.mx\/api\/wp\/v2\/posts\/190795\/revisions\/190797"}],"wp:featuredmedia":[{"embeddable":true,"href":"https:\/\/www.sonoraenequipo.com.mx\/api\/wp\/v2\/media\/190796"}],"wp:attachment":[{"href":"https:\/\/www.sonoraenequipo.com.mx\/api\/wp\/v2\/media?parent=190795"}],"wp:term":[{"taxonomy":"category","embeddable":true,"href":"https:\/\/www.sonoraenequipo.com.mx\/api\/wp\/v2\/categories?post=190795"},{"taxonomy":"post_tag","embeddable":true,"href":"https:\/\/www.sonoraenequipo.com.mx\/api\/wp\/v2\/tags?post=190795"}],"curies":[{"name":"wp","href":"https:\/\/api.w.org\/{rel}","templated":true}]}}