{"id":191308,"date":"2024-06-05T11:36:32","date_gmt":"2024-06-05T18:36:32","guid":{"rendered":"https:\/\/www.sonoraenequipo.com.mx\/?p=191308"},"modified":"2024-06-05T13:49:37","modified_gmt":"2024-06-05T20:49:37","slug":"presentan-resultados-de-elecciones-en-conferencia-del-presidente","status":"publish","type":"post","link":"https:\/\/www.sonoraenequipo.com.mx\/presentan-resultados-de-elecciones-en-conferencia-del-presidente\/","title":{"rendered":"Presentan resultados de elecciones en conferencia del presidente"},"content":{"rendered":"<p><strong>CIUDAD DE M\u00c9XICO. MX.\u2014<\/strong> Con el objetivo de garantizar el derecho del pueblo a la informaci\u00f3n, el presidente Andr\u00e9s Manuel L\u00f3pez Obrador encabez\u00f3 la presentaci\u00f3n del informe del Programa de Resultados Electorales Preliminares (PREP), del Instituto Nacional Electoral (INE), correspondiente al proceso electoral del pasado domingo 2 de junio.<\/p>\n<p>&nbsp;<\/p>\n<p>&nbsp;<\/p>\n<p> <br \/>\nEn conferencia de prensa matutina, el jefe del Ejecutivo sostuvo que durante cinco a\u00f1os y casi seis meses, en el espacio conocido como \u201cla ma\u00f1anera\u201d se han expuesto los temas que la poblaci\u00f3n necesita saber sin el filtro que representaban los medios de comunicaci\u00f3n corporativos.<\/p>\n<p>&nbsp;<\/p>\n<p><strong><em>\u201cVan a decir: \u2018\u00bfy por qu\u00e9 en la ma\u00f1anera se da a conocer el resultado del PREP? Bueno, porque necesitamos informar, garantizar el derecho a la informaci\u00f3n. Es una de las cosas que se tienen que revisar hacia adelante. Los medios de informaci\u00f3n, aunque parezca contradictorio, parad\u00f3jico, no informan. Hace falta informaci\u00f3n y mucha gente ve la ma\u00f1anera no porque simpatice con nosotros o porque sea muy militante de la transformaci\u00f3n, sino sencillamente porque aqu\u00ed se dan a conocer cosas que no se difunden en otros medios o porque se difunden de manera parcial\u201d,<\/em><\/strong> explic\u00f3.<\/p>\n<p>&nbsp;<\/p>\n<p>&nbsp;<\/p>\n<p>El mandatario reafirm\u00f3 que<em><strong> \u201cun pueblo informado es un pueblo consciente, un pueblo politizado, responsable. \u00bfEn qu\u00e9 se apoyan los manipuladores? En la desinformaci\u00f3n. \u00bfPor qu\u00e9 surgen los rumores? Por falta de informaci\u00f3n. Por eso es importante este ejercicio, este di\u00e1logo circular para estar informando, informando, informando. Antes se dec\u00eda: \u2018la informaci\u00f3n es poder\u2019 y es distinta la informaci\u00f3n a la orientaci\u00f3n, a la concientizaci\u00f3n, es distinto. Lo mejor, si se habla de informar, orientar, concientizar en una democracia es informar, no orientar, no concientizar, informar y ya con la informaci\u00f3n, el ciudadano libre decide, pero se requiere garantizar el derecho a la informaci\u00f3n\u201d.<\/strong><\/em><\/p>\n<p>&nbsp;<\/p>\n<p>&nbsp;<\/p>\n<h3>Segob transparenta resultados de elecciones 2024<\/h3>\n<p>&nbsp;<\/p>\n<p>La secretaria de Gobernaci\u00f3n, Luisa Mar\u00eda Alcalde Luj\u00e1n, dio a conocer los resultados de la votaci\u00f3n para la Presidencia de la Rep\u00fablica, a ocho gubernaturas y la jefatura de gobierno de la Ciudad de M\u00e9xico y a los curules dentro de las c\u00e1maras de Diputados y de Senadores.<\/p>\n<p>&nbsp;<\/p>\n<h3>Presidencia<\/h3>\n<p>&nbsp;<\/p>\n<p>Detall\u00f3 que la elecci\u00f3n presidencial logr\u00f3 una participaci\u00f3n hist\u00f3rica del 60.92 por ciento, es decir, votaron 59 millones 987 mil mujeres y hombres de un total de 98 millones 517 mil personas registradas en el Padr\u00f3n Electoral, seg\u00fan los datos del INE y de los institutos electorales estatales al cierre del PREP.<\/p>\n<p>&nbsp;<\/p>\n<p>&nbsp;<\/p>\n<p>La candidata a la presidencia de la coalici\u00f3n Sigamos Haciendo Historia (Morena-PT-PVEM), Claudia Sheinbaum Pardo, fue la ganadora de la elecci\u00f3n con un 59.35 por ciento, lo que equivale a 33 millones 226 mil 602 votos.<\/p>\n<p>&nbsp;<\/p>\n<p>&nbsp;<\/p>\n<p>La candidata de la coalici\u00f3n Fuerza y Coraz\u00f3n por M\u00e9xico (PAN-PRI-PRD), Bertha X\u00f3chitl G\u00e1lvez Ruiz, se ubic\u00f3 en segundo lugar con 27.90 por ciento, es decir, 15 millones 620 mil 726 sufragios. En tanto, el candidato Jorge \u00c1lvarez M\u00e1ynez, de Movimiento Ciudadano, alcanz\u00f3 el tercer lugar con 10.41 por ciento, lo que representa 5 millones 832 mil 105 votos.<\/p>\n<p>&nbsp;<\/p>\n<p>&nbsp;<\/p>\n<p>Si la elecci\u00f3n presidencial es dividida por partidos, Movimiento Regeneraci\u00f3n Nacional (Morena) obtuvo el 45.27 por ciento de los votos; el Partido del Trabajo (PT), 6.38 por ciento; el Partido Verde Ecologista de M\u00e9xico (PVEM), 7.69 por ciento; el Partido Acci\u00f3n Nacional (PAN), 16.31 por ciento; el Partido Revolucionario Institucional (PRI), 9.66 por ciento y el Partido de la Revoluci\u00f3n Democr\u00e1tica (PRD), 1.92 por ciento.<\/p>\n<p>&nbsp;<\/p>\n<h3>Gubernaturas<\/h3>\n<p>&nbsp;<\/p>\n<p>En la Ciudad de M\u00e9xico, Clara Brugada, de la coalici\u00f3n Sigamos Haciendo Historia, (Morena-PT-PVEM), gan\u00f3 con el 51.75 por ciento de los sufragios, mientras que Santiago Taboada, de la coalici\u00f3n Fuerza y Coraz\u00f3n por M\u00e9xico (PAN-PRI-PRD), contabiliz\u00f3 38.97 por ciento y Salom\u00f3n Chertorivski, de Movimiento Ciudadano, 7.37 por ciento.<\/p>\n<p>&nbsp;<\/p>\n<p>&nbsp;<\/p>\n<p>En Chiapas, Eduardo Ram\u00edrez, de la coalici\u00f3n Sigamos Haciendo Historia, triunf\u00f3 con el 78.57 por ciento de los votos, seguido de Olga Espinoza, de la coalici\u00f3n Fuerza y Coraz\u00f3n por M\u00e9xico, que logr\u00f3 12.59 por ciento y Karen Mu\u00f1oz, de Movimiento Ciudadano, quien registr\u00f3 3.71 por ciento.<\/p>\n<p>&nbsp;<\/p>\n<p>&nbsp;<\/p>\n<p>En Guanajuato, Libia Garc\u00eda, de la coalici\u00f3n Fuerza y Coraz\u00f3n por M\u00e9xico, obtuvo la gubernatura con el 51.26 por ciento. Le sigui\u00f3 Alma Alcaraz, de la coalici\u00f3n Sigamos Haciendo Historia, con 40.85 por ciento y Yulma Rocha, de Movimiento Ciudadano, con 5.70 por ciento.<\/p>\n<p>&nbsp;<\/p>\n<p>&nbsp;<\/p>\n<p>En Jalisco, Pablo Lemus, de Movimiento Ciudadano, consigui\u00f3 el gobierno estatal con el 41.89 por ciento. En segundo lugar, estuvo Claudia Delgadillo, de la coalici\u00f3n Sigamos Haciendo Historia, con 38.09 por ciento y Laura Haro, de la coalici\u00f3n Fuerza y Coraz\u00f3n por M\u00e9xico, con 17.04 por ciento.<\/p>\n<p>&nbsp;<\/p>\n<p>&nbsp;<\/p>\n<p>En Morelos, Margarita Gonz\u00e1lez, de la coalici\u00f3n Sigamos Haciendo Historia, se impuso en el estado con el 47.87 por ciento; Lucy Meza, de la coalici\u00f3n Fuerza y Coraz\u00f3n por M\u00e9xico, report\u00f3 30.7 por ciento y Jessica Ortega, de Movimiento Ciudadano, 18.31 por ciento.<\/p>\n<p>&nbsp;<\/p>\n<p>&nbsp;<\/p>\n<p>En Puebla, Alejandro Armenta, de la coalici\u00f3n Sigamos Haciendo Historia, triunf\u00f3 con 59.37 por ciento; Eduardo Rivera, de la coalici\u00f3n Fuerza y Coraz\u00f3n por M\u00e9xico, ocup\u00f3 el segundo lugar con 33.07 por ciento y en tercer lugar estuvo Fernando Morales, de Movimiento Ciudadano, con 4.35 por ciento.<\/p>\n<p>&nbsp;<\/p>\n<p>&nbsp;<\/p>\n<p>En Tabasco la victoria fue para Javier May, de la coalici\u00f3n Sigamos Haciendo Historia, al sumar el 80.47 por ciento. Le sigui\u00f3 Juan F\u00f3cil, del PRD, que logr\u00f3 6.85 por ciento; Mar\u00eda de la Fuente, de Movimiento Ciudadano, 5.37 por ciento y Lorena Beaurregard, de la coalici\u00f3n Fuerza y Coraz\u00f3n por M\u00e9xico, 4.27 por ciento.<\/p>\n<p>&nbsp;<\/p>\n<p>&nbsp;<\/p>\n<p>En Veracruz gan\u00f3 Roc\u00edo Nahle, de la coalici\u00f3n Sigamos Haciendo Historia, con el 58.32 por ciento. En el segundo puesto se ubic\u00f3 Jos\u00e9 Yunes, de la coalici\u00f3n Fuerza y Coraz\u00f3n por M\u00e9xico, con 31.98 por ciento y finalmente Hip\u00f3lito Deschamps, de Movimiento Ciudadano, estuvo en el tercer lugar con 6.99 por ciento.<\/p>\n<p>&nbsp;<\/p>\n<p>&nbsp;<\/p>\n<p>En Yucat\u00e1n, Joaqu\u00edn D\u00edaz, de la coalici\u00f3n Sigamos Haciendo Historia, logr\u00f3 la primera posici\u00f3n con el 50.91 por ciento. Le siguieron Ren\u00e1n Barrera, de la coalici\u00f3n Fuerza y Coraz\u00f3n por M\u00e9xico, con 42.56 por ciento; Vida G\u00f3mez, de Movimiento Ciudadano, con 3.84 por ciento y Yamil Jasmin L\u00f3pez, del PRD, con 0.48 por ciento.<\/p>\n<p>&nbsp;<\/p>\n<h3><\/h3>\n<h3>Morena y aliados obtienen mayor\u00eda calificada en C\u00e1mara de Diputados<\/h3>\n<p>&nbsp;<\/p>\n<p>En cuanto a la composici\u00f3n de la C\u00e1mara de Diputados por mayor\u00eda relativa en 300 distritos, el mapa de la Rep\u00fablica qued\u00f3 configurado de la siguiente manera: el PAN consigui\u00f3 tres diputaciones; el PRI, cero; el PRD, cero; el PVEM, cero; el PT, cero; Movimiento Ciudadano, cero; Morena, 37 diputaciones; la coalici\u00f3n Fuerza y Coraz\u00f3n por M\u00e9xico (PAN-PRI-PRD), 40; la coalici\u00f3n Sigamos Haciendo Historia (Morena-PT-PVEM), 219 legisladores y hay un candidato independiente, explic\u00f3 la secretaria Alcalde Luj\u00e1n.<\/p>\n<p>&nbsp;<\/p>\n<p>&nbsp;<\/p>\n<p>Al presentar un estimado de la nueva formaci\u00f3n en la C\u00e1mara de Diputados, se\u00f1al\u00f3 que la coalici\u00f3n Sigamos Haciendo Historia (Morena-PT-PVEM) tendr\u00e1 372 diputados, por lo que logr\u00f3 la mayor\u00eda calificada, es decir, las dos terceras partes de la votaci\u00f3n total en el recinto.<\/p>\n<p>&nbsp;<\/p>\n<p>&nbsp;<\/p>\n<p>Por su parte, el PRI tendr\u00eda 33 diputados; el PRD, 1; el PAN, 70 y Movimiento Ciudadano (MC), 23, adem\u00e1s de un independiente para dar un total de 500 diputados y diputadas, de acuerdo con los datos del PREP.<\/p>\n<p>&nbsp;<\/p>\n<p>&nbsp;<\/p>\n<p>En la C\u00e1mara de Senadores, la coalici\u00f3n Morena-PT-PVEM lograr\u00eda 83 senadur\u00edas, que equivale a una mayor\u00eda absoluta del 50 por ciento del total de votos m\u00e1s uno; el PRI, 17; el PRD, 2; el PAN, 22 y MC, 4, lo que hace un total de 128 curules.<\/p>\n<p>&nbsp;<\/p>\n<p>&nbsp;<\/p>\n<p>La titular de Segob record\u00f3 que este 5 de junio inici\u00f3 el conteo de las juntas distritales y concluir\u00e1 el s\u00e1bado 8 de junio. Posterior a esa fecha, habr\u00e1 un periodo de cuatro d\u00edas para que, en caso de ser necesario, candidatas y candidatos puedan impugnar los resultados; el Tribunal Electoral del Poder Judicial de la Federaci\u00f3n ser\u00e1 la instancia encargada de resolver los casos.<\/p>\n<p>&nbsp;<\/p>\n<p>&nbsp;<\/p>\n<p>PUBLICADO EL 05 DE JUNIO DE 2024 Con informaci\u00f3n de Conferencia matutina presidencial)<\/p>\n","protected":false},"excerpt":{"rendered":"<p>CIUDAD DE M\u00c9XICO. MX.\u2014 Con el objetivo de garantizar el derecho del pueblo a la&#8230;<\/p>\n","protected":false},"author":1,"featured_media":191313,"comment_status":"open","ping_status":"open","sticky":false,"template":"","format":"standard","meta":{"_monsterinsights_skip_tracking":false,"_monsterinsights_sitenote_active":false,"_monsterinsights_sitenote_note":"","_monsterinsights_sitenote_category":0,"footnotes":""},"categories":[5],"tags":[],"class_list":["post"],"yoast_head":" \n<title>Sonora en Equipo. Presentan resultados de elecciones en conferencia del presidente Rep\u00fablica<\/title>\n<meta name=\"description\" content=\"CIUDAD DE M\u00c9XICO. MX.\u2014 Con el objetivo de garantizar el derecho del pueblo a la informaci\u00f3n, el presidente Andr\u00e9s Manuel L\u00f3pez Obrador encabez\u00f3 la En Sonora en Equipo publicamos toda la informaci\u00f3n de Sonora, M\u00e9xico y el Mundo de manera oportuna y busca que la libertad de expresi\u00f3n sea real. Visita nuestro medio informativo publicado desde Hermosillo, Sonora. %\" \/>\n<meta name=\"robots\" content=\"index, follow, max-snippet:-1, max-image-preview:large, max-video-preview:-1\" \/>\n<link rel=\"canonical\" href=\"https:\/\/www.sonoraenequipo.com.mx\/presentan-resultados-de-elecciones-en-conferencia-del-presidente\/\" \/>\n<meta property=\"og:locale\" content=\"es_ES\" \/>\n<meta property=\"og:type\" content=\"article\" \/>\n<meta property=\"og:title\" content=\"Sonora en Equipo. Presentan resultados de elecciones en conferencia del presidente Rep\u00fablica\" \/>\n<meta property=\"og:description\" content=\"CIUDAD DE M\u00c9XICO. MX.\u2014 Con el objetivo de garantizar el derecho del pueblo a la informaci\u00f3n, el presidente Andr\u00e9s Manuel L\u00f3pez Obrador encabez\u00f3 la En Sonora en Equipo publicamos toda la informaci\u00f3n de Sonora, M\u00e9xico y el Mundo de manera oportuna y busca que la libertad de expresi\u00f3n sea real. Visita nuestro medio informativo publicado desde Hermosillo, Sonora. %\" \/>\n<meta property=\"og:url\" content=\"https:\/\/www.sonoraenequipo.com.mx\/presentan-resultados-de-elecciones-en-conferencia-del-presidente\/\" \/>\n<meta property=\"og:site_name\" content=\"Sonora en Equipo.\" \/>\n<meta property=\"article:publisher\" content=\"https:\/\/www.facebook.com\/SonoraEE\/\" \/>\n<meta property=\"article:author\" content=\"https:\/\/www.facebook.com\/SonoraEE\" \/>\n<meta property=\"article:published_time\" content=\"2024-06-05T18:36:32+00:00\" \/>\n<meta property=\"article:modified_time\" content=\"2024-06-05T20:49:37+00:00\" \/>\n<meta property=\"og:image\" content=\"https:\/\/www.sonoraenequipo.com.mx\/storage\/2024\/06\/2024-06-05-resultados-de-la-eleccion.jpg\" \/>\n\t<meta property=\"og:image:width\" content=\"1499\" \/>\n\t<meta property=\"og:image:height\" content=\"1000\" \/>\n\t<meta property=\"og:image:type\" content=\"image\/jpeg\" \/>\n<meta name=\"author\" content=\"enequipo\" \/>\n<meta name=\"twitter:card\" content=\"summary_large_image\" \/>\n<meta name=\"twitter:creator\" content=\"@sonoraenequipo\" \/>\n<meta name=\"twitter:site\" content=\"@sonoraenequipo\" \/>\n<meta name=\"twitter:label1\" content=\"Escrito por\" \/>\n\t<meta name=\"twitter:data1\" content=\"enequipo\" \/>\n\t<meta name=\"twitter:label2\" content=\"Tiempo de lectura\" \/>\n\t<meta name=\"twitter:data2\" content=\"7 minutos\" \/>\n<script type=\"application\/ld+json\" class=\"yoast-schema-graph\">{\"@context\":\"https:\/\/schema.org\",\"@graph\":[{\"@type\":\"Article\",\"@id\":\"https:\/\/www.sonoraenequipo.com.mx\/presentan-resultados-de-elecciones-en-conferencia-del-presidente\/#article\",\"isPartOf\":{\"@id\":\"https:\/\/www.sonoraenequipo.com.mx\/presentan-resultados-de-elecciones-en-conferencia-del-presidente\/\"},\"author\":{\"name\":\"enequipo\",\"@id\":\"https:\/\/www.sonoraenequipo.com.mx\/#\/schema\/person\/50102df0fb23a8fa9e8effad8fa81386\"},\"headline\":\"Presentan resultados de elecciones en conferencia del presidente\",\"datePublished\":\"2024-06-05T18:36:32+00:00\",\"dateModified\":\"2024-06-05T20:49:37+00:00\",\"mainEntityOfPage\":{\"@id\":\"https:\/\/www.sonoraenequipo.com.mx\/presentan-resultados-de-elecciones-en-conferencia-del-presidente\/\"},\"wordCount\":1407,\"commentCount\":0,\"publisher\":{\"@id\":\"https:\/\/www.sonoraenequipo.com.mx\/#organization\"},\"image\":{\"@id\":\"https:\/\/www.sonoraenequipo.com.mx\/presentan-resultados-de-elecciones-en-conferencia-del-presidente\/#primaryimage\"},\"thumbnailUrl\":\"https:\/\/www.sonoraenequipo.com.mx\/storage\/2024\/06\/2024-06-05-resultados-de-la-eleccion.jpg\",\"articleSection\":[\"Rep\u00fablica\"],\"inLanguage\":\"es\",\"potentialAction\":[{\"@type\":\"CommentAction\",\"name\":\"Comment\",\"target\":[\"https:\/\/www.sonoraenequipo.com.mx\/presentan-resultados-de-elecciones-en-conferencia-del-presidente\/#respond\"]}]},{\"@type\":\"WebPage\",\"@id\":\"https:\/\/www.sonoraenequipo.com.mx\/presentan-resultados-de-elecciones-en-conferencia-del-presidente\/\",\"url\":\"https:\/\/www.sonoraenequipo.com.mx\/presentan-resultados-de-elecciones-en-conferencia-del-presidente\/\",\"name\":\"Sonora en Equipo. Presentan resultados de elecciones en conferencia del presidente Rep\u00fablica\",\"isPartOf\":{\"@id\":\"https:\/\/www.sonoraenequipo.com.mx\/#website\"},\"primaryImageOfPage\":{\"@id\":\"https:\/\/www.sonoraenequipo.com.mx\/presentan-resultados-de-elecciones-en-conferencia-del-presidente\/#primaryimage\"},\"image\":{\"@id\":\"https:\/\/www.sonoraenequipo.com.mx\/presentan-resultados-de-elecciones-en-conferencia-del-presidente\/#primaryimage\"},\"thumbnailUrl\":\"https:\/\/www.sonoraenequipo.com.mx\/storage\/2024\/06\/2024-06-05-resultados-de-la-eleccion.jpg\",\"datePublished\":\"2024-06-05T18:36:32+00:00\",\"dateModified\":\"2024-06-05T20:49:37+00:00\",\"description\":\"CIUDAD DE M\u00c9XICO. MX.\u2014 Con el objetivo de garantizar el derecho del pueblo a la informaci\u00f3n, el presidente Andr\u00e9s Manuel L\u00f3pez Obrador encabez\u00f3 la En Sonora en Equipo publicamos toda la informaci\u00f3n de Sonora, M\u00e9xico y el Mundo de manera oportuna y busca que la libertad de expresi\u00f3n sea real. Visita nuestro medio informativo publicado desde Hermosillo, Sonora. %\",\"breadcrumb\":{\"@id\":\"https:\/\/www.sonoraenequipo.com.mx\/presentan-resultados-de-elecciones-en-conferencia-del-presidente\/#breadcrumb\"},\"inLanguage\":\"es\",\"potentialAction\":[{\"@type\":\"ReadAction\",\"target\":[\"https:\/\/www.sonoraenequipo.com.mx\/presentan-resultados-de-elecciones-en-conferencia-del-presidente\/\"]}]},{\"@type\":\"ImageObject\",\"inLanguage\":\"es\",\"@id\":\"https:\/\/www.sonoraenequipo.com.mx\/presentan-resultados-de-elecciones-en-conferencia-del-presidente\/#primaryimage\",\"url\":\"https:\/\/www.sonoraenequipo.com.mx\/storage\/2024\/06\/2024-06-05-resultados-de-la-eleccion.jpg\",\"contentUrl\":\"https:\/\/www.sonoraenequipo.com.mx\/storage\/2024\/06\/2024-06-05-resultados-de-la-eleccion.jpg\",\"width\":1499,\"height\":1000},{\"@type\":\"BreadcrumbList\",\"@id\":\"https:\/\/www.sonoraenequipo.com.mx\/presentan-resultados-de-elecciones-en-conferencia-del-presidente\/#breadcrumb\",\"itemListElement\":[{\"@type\":\"ListItem\",\"position\":1,\"name\":\"Portada\",\"item\":\"https:\/\/www.sonoraenequipo.com.mx\/\"},{\"@type\":\"ListItem\",\"position\":2,\"name\":\"Presentan resultados de elecciones en conferencia del presidente\"}]},{\"@type\":\"WebSite\",\"@id\":\"https:\/\/www.sonoraenequipo.com.mx\/#website\",\"url\":\"https:\/\/www.sonoraenequipo.com.mx\/\",\"name\":\"Sonora en Equipo.\",\"description\":\"Diario en l\u00ednea con Noticias desde Hermosillo, Sonora\",\"publisher\":{\"@id\":\"https:\/\/www.sonoraenequipo.com.mx\/#organization\"},\"potentialAction\":[{\"@type\":\"SearchAction\",\"target\":{\"@type\":\"EntryPoint\",\"urlTemplate\":\"https:\/\/www.sonoraenequipo.com.mx\/?s={search_term_string}\"},\"query-input\":{\"@type\":\"PropertyValueSpecification\",\"valueRequired\":true,\"valueName\":\"search_term_string\"}}],\"inLanguage\":\"es\"},{\"@type\":\"Organization\",\"@id\":\"https:\/\/www.sonoraenequipo.com.mx\/#organization\",\"name\":\"Sonoraenequipo.com.mx\",\"url\":\"https:\/\/www.sonoraenequipo.com.mx\/\",\"logo\":{\"@type\":\"ImageObject\",\"inLanguage\":\"es\",\"@id\":\"https:\/\/www.sonoraenequipo.com.mx\/#\/schema\/logo\/image\/\",\"url\":\"https:\/\/www.sonoraenequipo.com.mx\/storage\/2019\/01\/sonoraenequipo_opt.png\",\"contentUrl\":\"https:\/\/www.sonoraenequipo.com.mx\/storage\/2019\/01\/sonoraenequipo_opt.png\",\"width\":375,\"height\":125,\"caption\":\"Sonoraenequipo.com.mx\"},\"image\":{\"@id\":\"https:\/\/www.sonoraenequipo.com.mx\/#\/schema\/logo\/image\/\"},\"sameAs\":[\"https:\/\/www.facebook.com\/SonoraEE\/\",\"https:\/\/x.com\/sonoraenequipo\",\"https:\/\/www.youtube.com\/channel\/UC338nW-lPEYmJQs4ZABQ1SQ\"]},{\"@type\":\"Person\",\"@id\":\"https:\/\/www.sonoraenequipo.com.mx\/#\/schema\/person\/50102df0fb23a8fa9e8effad8fa81386\",\"name\":\"enequipo\",\"image\":{\"@type\":\"ImageObject\",\"inLanguage\":\"es\",\"@id\":\"https:\/\/www.sonoraenequipo.com.mx\/#\/schema\/person\/image\/\",\"url\":\"https:\/\/secure.gravatar.com\/avatar\/049821681b589dabc0bc20695993ccebb09f5b5d4d790cd9251b97faac7c652b?s=96&d=blank&r=g\",\"contentUrl\":\"https:\/\/secure.gravatar.com\/avatar\/049821681b589dabc0bc20695993ccebb09f5b5d4d790cd9251b97faac7c652b?s=96&d=blank&r=g\",\"caption\":\"enequipo\"},\"sameAs\":[\"https:\/\/www.facebook.com\/SonoraEE\"]}]}<\/script>\n ","yoast_head_json":{"title":"Sonora en Equipo. Presentan resultados de elecciones en conferencia del presidente Rep\u00fablica","description":"CIUDAD DE M\u00c9XICO. MX.\u2014 Con el objetivo de garantizar el derecho del pueblo a la informaci\u00f3n, el presidente Andr\u00e9s Manuel L\u00f3pez Obrador encabez\u00f3 la En Sonora en Equipo publicamos toda la informaci\u00f3n de Sonora, M\u00e9xico y el Mundo de manera oportuna y busca que la libertad de expresi\u00f3n sea real. Visita nuestro medio informativo publicado desde Hermosillo, Sonora. %","robots":{"index":"index","follow":"follow","max-snippet":"max-snippet:-1","max-image-preview":"max-image-preview:large","max-video-preview":"max-video-preview:-1"},"canonical":"https:\/\/www.sonoraenequipo.com.mx\/presentan-resultados-de-elecciones-en-conferencia-del-presidente\/","og_locale":"es_ES","og_type":"article","og_title":"Sonora en Equipo. Presentan resultados de elecciones en conferencia del presidente Rep\u00fablica","og_description":"CIUDAD DE M\u00c9XICO. MX.\u2014 Con el objetivo de garantizar el derecho del pueblo a la informaci\u00f3n, el presidente Andr\u00e9s Manuel L\u00f3pez Obrador encabez\u00f3 la En Sonora en Equipo publicamos toda la informaci\u00f3n de Sonora, M\u00e9xico y el Mundo de manera oportuna y busca que la libertad de expresi\u00f3n sea real. Visita nuestro medio informativo publicado desde Hermosillo, Sonora. %","og_url":"https:\/\/www.sonoraenequipo.com.mx\/presentan-resultados-de-elecciones-en-conferencia-del-presidente\/","og_site_name":"Sonora en Equipo.","article_publisher":"https:\/\/www.facebook.com\/SonoraEE\/","article_author":"https:\/\/www.facebook.com\/SonoraEE","article_published_time":"2024-06-05T18:36:32+00:00","article_modified_time":"2024-06-05T20:49:37+00:00","og_image":[{"width":1499,"height":1000,"url":"https:\/\/www.sonoraenequipo.com.mx\/storage\/2024\/06\/2024-06-05-resultados-de-la-eleccion.jpg","type":"image\/jpeg"}],"author":"enequipo","twitter_card":"summary_large_image","twitter_creator":"@sonoraenequipo","twitter_site":"@sonoraenequipo","twitter_misc":{"Escrito por":"enequipo","Tiempo de lectura":"7 minutos"},"schema":{"@context":"https:\/\/schema.org","@graph":[{"@type":"Article","@id":"https:\/\/www.sonoraenequipo.com.mx\/presentan-resultados-de-elecciones-en-conferencia-del-presidente\/#article","isPartOf":{"@id":"https:\/\/www.sonoraenequipo.com.mx\/presentan-resultados-de-elecciones-en-conferencia-del-presidente\/"},"author":{"name":"enequipo","@id":"https:\/\/www.sonoraenequipo.com.mx\/#\/schema\/person\/50102df0fb23a8fa9e8effad8fa81386"},"headline":"Presentan resultados de elecciones en conferencia del presidente","datePublished":"2024-06-05T18:36:32+00:00","dateModified":"2024-06-05T20:49:37+00:00","mainEntityOfPage":{"@id":"https:\/\/www.sonoraenequipo.com.mx\/presentan-resultados-de-elecciones-en-conferencia-del-presidente\/"},"wordCount":1407,"commentCount":0,"publisher":{"@id":"https:\/\/www.sonoraenequipo.com.mx\/#organization"},"image":{"@id":"https:\/\/www.sonoraenequipo.com.mx\/presentan-resultados-de-elecciones-en-conferencia-del-presidente\/#primaryimage"},"thumbnailUrl":"https:\/\/www.sonoraenequipo.com.mx\/storage\/2024\/06\/2024-06-05-resultados-de-la-eleccion.jpg","articleSection":["Rep\u00fablica"],"inLanguage":"es","potentialAction":[{"@type":"CommentAction","name":"Comment","target":["https:\/\/www.sonoraenequipo.com.mx\/presentan-resultados-de-elecciones-en-conferencia-del-presidente\/#respond"]}]},{"@type":"WebPage","@id":"https:\/\/www.sonoraenequipo.com.mx\/presentan-resultados-de-elecciones-en-conferencia-del-presidente\/","url":"https:\/\/www.sonoraenequipo.com.mx\/presentan-resultados-de-elecciones-en-conferencia-del-presidente\/","name":"Sonora en Equipo. Presentan resultados de elecciones en conferencia del presidente Rep\u00fablica","isPartOf":{"@id":"https:\/\/www.sonoraenequipo.com.mx\/#website"},"primaryImageOfPage":{"@id":"https:\/\/www.sonoraenequipo.com.mx\/presentan-resultados-de-elecciones-en-conferencia-del-presidente\/#primaryimage"},"image":{"@id":"https:\/\/www.sonoraenequipo.com.mx\/presentan-resultados-de-elecciones-en-conferencia-del-presidente\/#primaryimage"},"thumbnailUrl":"https:\/\/www.sonoraenequipo.com.mx\/storage\/2024\/06\/2024-06-05-resultados-de-la-eleccion.jpg","datePublished":"2024-06-05T18:36:32+00:00","dateModified":"2024-06-05T20:49:37+00:00","description":"CIUDAD DE M\u00c9XICO. MX.\u2014 Con el objetivo de garantizar el derecho del pueblo a la informaci\u00f3n, el presidente Andr\u00e9s Manuel L\u00f3pez Obrador encabez\u00f3 la En Sonora en Equipo publicamos toda la informaci\u00f3n de Sonora, M\u00e9xico y el Mundo de manera oportuna y busca que la libertad de expresi\u00f3n sea real. Visita nuestro medio informativo publicado desde Hermosillo, Sonora. %","breadcrumb":{"@id":"https:\/\/www.sonoraenequipo.com.mx\/presentan-resultados-de-elecciones-en-conferencia-del-presidente\/#breadcrumb"},"inLanguage":"es","potentialAction":[{"@type":"ReadAction","target":["https:\/\/www.sonoraenequipo.com.mx\/presentan-resultados-de-elecciones-en-conferencia-del-presidente\/"]}]},{"@type":"ImageObject","inLanguage":"es","@id":"https:\/\/www.sonoraenequipo.com.mx\/presentan-resultados-de-elecciones-en-conferencia-del-presidente\/#primaryimage","url":"https:\/\/www.sonoraenequipo.com.mx\/storage\/2024\/06\/2024-06-05-resultados-de-la-eleccion.jpg","contentUrl":"https:\/\/www.sonoraenequipo.com.mx\/storage\/2024\/06\/2024-06-05-resultados-de-la-eleccion.jpg","width":1499,"height":1000},{"@type":"BreadcrumbList","@id":"https:\/\/www.sonoraenequipo.com.mx\/presentan-resultados-de-elecciones-en-conferencia-del-presidente\/#breadcrumb","itemListElement":[{"@type":"ListItem","position":1,"name":"Portada","item":"https:\/\/www.sonoraenequipo.com.mx\/"},{"@type":"ListItem","position":2,"name":"Presentan resultados de elecciones en conferencia del presidente"}]},{"@type":"WebSite","@id":"https:\/\/www.sonoraenequipo.com.mx\/#website","url":"https:\/\/www.sonoraenequipo.com.mx\/","name":"Sonora en Equipo.","description":"Diario en l\u00ednea con Noticias desde Hermosillo, Sonora","publisher":{"@id":"https:\/\/www.sonoraenequipo.com.mx\/#organization"},"potentialAction":[{"@type":"SearchAction","target":{"@type":"EntryPoint","urlTemplate":"https:\/\/www.sonoraenequipo.com.mx\/?s={search_term_string}"},"query-input":{"@type":"PropertyValueSpecification","valueRequired":true,"valueName":"search_term_string"}}],"inLanguage":"es"},{"@type":"Organization","@id":"https:\/\/www.sonoraenequipo.com.mx\/#organization","name":"Sonoraenequipo.com.mx","url":"https:\/\/www.sonoraenequipo.com.mx\/","logo":{"@type":"ImageObject","inLanguage":"es","@id":"https:\/\/www.sonoraenequipo.com.mx\/#\/schema\/logo\/image\/","url":"https:\/\/www.sonoraenequipo.com.mx\/storage\/2019\/01\/sonoraenequipo_opt.png","contentUrl":"https:\/\/www.sonoraenequipo.com.mx\/storage\/2019\/01\/sonoraenequipo_opt.png","width":375,"height":125,"caption":"Sonoraenequipo.com.mx"},"image":{"@id":"https:\/\/www.sonoraenequipo.com.mx\/#\/schema\/logo\/image\/"},"sameAs":["https:\/\/www.facebook.com\/SonoraEE\/","https:\/\/x.com\/sonoraenequipo","https:\/\/www.youtube.com\/channel\/UC338nW-lPEYmJQs4ZABQ1SQ"]},{"@type":"Person","@id":"https:\/\/www.sonoraenequipo.com.mx\/#\/schema\/person\/50102df0fb23a8fa9e8effad8fa81386","name":"enequipo","image":{"@type":"ImageObject","inLanguage":"es","@id":"https:\/\/www.sonoraenequipo.com.mx\/#\/schema\/person\/image\/","url":"https:\/\/secure.gravatar.com\/avatar\/049821681b589dabc0bc20695993ccebb09f5b5d4d790cd9251b97faac7c652b?s=96&d=blank&r=g","contentUrl":"https:\/\/secure.gravatar.com\/avatar\/049821681b589dabc0bc20695993ccebb09f5b5d4d790cd9251b97faac7c652b?s=96&d=blank&r=g","caption":"enequipo"},"sameAs":["https:\/\/www.facebook.com\/SonoraEE"]}]}},"jetpack_featured_media_url":"https:\/\/www.sonoraenequipo.com.mx\/storage\/2024\/06\/2024-06-05-resultados-de-la-eleccion.jpg","_links":{"self":[{"href":"https:\/\/www.sonoraenequipo.com.mx\/api\/wp\/v2\/posts\/191308","targetHints":{"allow":["GET"]}}],"collection":[{"href":"https:\/\/www.sonoraenequipo.com.mx\/api\/wp\/v2\/posts"}],"about":[{"href":"https:\/\/www.sonoraenequipo.com.mx\/api\/wp\/v2\/types\/post"}],"author":[{"embeddable":true,"href":"https:\/\/www.sonoraenequipo.com.mx\/api\/wp\/v2\/users\/1"}],"replies":[{"embeddable":true,"href":"https:\/\/www.sonoraenequipo.com.mx\/api\/wp\/v2\/comments?post=191308"}],"version-history":[{"count":1,"href":"https:\/\/www.sonoraenequipo.com.mx\/api\/wp\/v2\/posts\/191308\/revisions"}],"predecessor-version":[{"id":191315,"href":"https:\/\/www.sonoraenequipo.com.mx\/api\/wp\/v2\/posts\/191308\/revisions\/191315"}],"wp:featuredmedia":[{"embeddable":true,"href":"https:\/\/www.sonoraenequipo.com.mx\/api\/wp\/v2\/media\/191313"}],"wp:attachment":[{"href":"https:\/\/www.sonoraenequipo.com.mx\/api\/wp\/v2\/media?parent=191308"}],"wp:term":[{"taxonomy":"category","embeddable":true,"href":"https:\/\/www.sonoraenequipo.com.mx\/api\/wp\/v2\/categories?post=191308"},{"taxonomy":"post_tag","embeddable":true,"href":"https:\/\/www.sonoraenequipo.com.mx\/api\/wp\/v2\/tags?post=191308"}],"curies":[{"name":"wp","href":"https:\/\/api.w.org\/{rel}","templated":true}]}}