{"id":191399,"date":"2024-06-05T12:00:28","date_gmt":"2024-06-05T19:00:28","guid":{"rendered":"https:\/\/www.sonoraenequipo.com.mx\/?p=191399"},"modified":"2024-06-06T11:48:49","modified_gmt":"2024-06-06T18:48:49","slug":"presidente-destaca-acuerdos-con-gobierno-de-estados-unidos","status":"publish","type":"post","link":"https:\/\/www.sonoraenequipo.com.mx\/presidente-destaca-acuerdos-con-gobierno-de-estados-unidos\/","title":{"rendered":"Presidente destaca acuerdos con gobierno de Estados Unidos"},"content":{"rendered":"<p>CIUDAD DE M\u00c9XICO.MX. \u2014 El presidente Andr\u00e9s Manuel L\u00f3pez Obrador destac\u00f3 los acuerdos alcanzados en la llamada telef\u00f3nica que sostuvo ayer, 4 de junio, con su hom\u00f3logo de Estados Unidos, el presidente Joseph Biden.<\/p>\n<p>&nbsp;<\/p>\n<p> <br \/>\nEn conferencia de prensa matutina celebr\u00f3 que el mandatario estadounidense le inform\u00f3 sobre la autorizaci\u00f3n que dio para crear tres nuevos puentes fronterizos en Texas, lo que, asegur\u00f3, \u201cayudar\u00e1 mucho al desarrollo econ\u00f3mico y comercial de toda la regi\u00f3n\u201d.<\/p>\n<p>&nbsp;<\/p>\n<p>&nbsp;<\/p>\n<p>La emisi\u00f3n de permisos presidenciales contempla la ampliaci\u00f3n del Puente Internacional Nuevo Laredo III &#8211; Laredo IV \u2018Comercio Mundial\u2019, entre Tamaulipas y Texas por donde pasa el 40 por ciento del comercio binacional; el nuevo cruce multimodal Puerto Verde, entre Piedras Negras, Coahuila y Eagle Pass, en Texas, y el nuevo cruce Flor de Mayo, entre Matamoros, Tamaulipas y Brownsville, Texas, puntualiz\u00f3 el jefe del Ejecutivo.<\/p>\n<p>&nbsp;<\/p>\n<p>&nbsp;<\/p>\n<p>Reiter\u00f3 que antes de concluir su administraci\u00f3n inaugurar\u00e1 la oficina nacional de aduanas en Nuevo Laredo, Tamaulipas. Los ingenieros militares de la Secretar\u00eda de la Defensa Nacional est\u00e1n por finalizar la garita Mesa de Otay II ubicada en Tijuana, Baja California, donde los cruces fronterizos se facilitar\u00e1n a partir de septiembre.<\/p>\n<p>&nbsp;<\/p>\n<p>&nbsp;<\/p>\n<p>El presidente L\u00f3pez Obrador reafirm\u00f3 la buena y respetuosa relaci\u00f3n entre M\u00e9xico y Estados Unidos. Confirm\u00f3 que el viernes 7 de junio se llevar\u00e1 a cabo una reuni\u00f3n en Washington D.C. a fin de revisar proyectos entre empresarios mexicanos y estadounidenses.<\/p>\n<p>&nbsp;<\/p>\n<p>&nbsp;<\/p>\n<p>Encabezar\u00e1n la delegaci\u00f3n del Gobierno de M\u00e9xico la secretaria de Relaciones Exteriores, Alicia B\u00e1rcena Ibarra, y el secretario de Marina, Jos\u00e9 Rafael Ojeda Dur\u00e1n, quienes tambi\u00e9n tratar\u00e1n los esfuerzos de apoyo y colaboraci\u00f3n con Guatemala.<\/p>\n<p>&nbsp;<\/p>\n<p>&nbsp;<\/p>\n<p>Durante la llamada con el presidente Biden, detall\u00f3, abordaron la atenci\u00f3n a las causas de la migraci\u00f3n en los pa\u00edses de Am\u00e9rica Latina y el Caribe.<\/p>\n<p>&nbsp;<\/p>\n<p>&nbsp;<\/p>\n<p>Ante representantes de medios de comunicaci\u00f3n resalt\u00f3 la felicitaci\u00f3n del presidente Biden por el proceso electoral del domingo 2 de junio, que dio como resultado el triunfo de la virtual presidenta electa, Claudia Sheinbaum Pardo, al tiempo que reafirm\u00f3 la s\u00f3lida y constructiva asociaci\u00f3n de cooperaci\u00f3n econ\u00f3mica, la gesti\u00f3n del fen\u00f3meno migratorio en la frontera y la promoci\u00f3n de la seguridad y prosperidad.<\/p>\n<p>&nbsp;<\/p>\n<p>&nbsp;<\/p>\n<p>En la llamada, los presidentes se comprometieron a mantener una fuerte cooperaci\u00f3n hasta el t\u00e9rmino del mandato del presidente L\u00f3pez Obrador y a garantizar una relaci\u00f3n bilateral estable durante la transici\u00f3n a la administraci\u00f3n de la presidenta electa, Claudia Sheinbaum.<\/p>\n<p>&nbsp;<\/p>\n<p>&nbsp;<\/p>\n<p>Sobre la emisi\u00f3n de una orden ejecutiva en Estados Unidos para restringir el acceso irregular de migrantes, el presidente L\u00f3pez Obrador aclar\u00f3 que a\u00fan falta el procedimiento legal en el gobierno de ese pa\u00eds para ejecutar esa medida.<\/p>\n<p>&nbsp;<\/p>\n<p>&nbsp;<\/p>\n<p>Dijo que la colaboraci\u00f3n de M\u00e9xico a fin de aminorar el flujo migratorio es continua. Llam\u00f3 a pol\u00edticos y funcionarios del gobierno de Estados Unidos a abrir el di\u00e1logo con Cuba a fin de levantar el bloqueo comercial que obstaculiza el desarrollo en ese pa\u00eds.<\/p>\n<p>&nbsp;<\/p>\n<p>&nbsp;<\/p>\n<p><strong><em>\u201cEso afecta, desde luego, la econom\u00eda, el bienestar, en Cuba, y eso lleva a que se incremente la migraci\u00f3n, entonces, en tanto no haya ese arreglo, nosotros ayudamos. Incluso hay una actitud muy conciliadora del gobierno de Cuba, sin embargo, respetuosamente lo digo, los pol\u00edticos de Estados Unidos est\u00e1n anclados en el pasado, pero desde hace mucho tiempo est\u00e1n aplicando una pol\u00edtica que no corresponde a la nueva realidad\u201d,<\/em> <\/strong>enfatiz\u00f3.<\/p>\n<p>&nbsp;<\/p>\n<p>&nbsp;<\/p>\n<p>PUBLICADO EL 06 DE JUNIO DE 2024 Con informaci\u00f3n de Conferencia de prensa)<\/p>\n","protected":false},"excerpt":{"rendered":"<p>CIUDAD DE M\u00c9XICO.MX. \u2014 El presidente Andr\u00e9s Manuel L\u00f3pez Obrador destac\u00f3 los acuerdos alcanzados en&#8230;<\/p>\n","protected":false},"author":1,"featured_media":191401,"comment_status":"open","ping_status":"open","sticky":false,"template":"","format":"standard","meta":{"_monsterinsights_skip_tracking":false,"_monsterinsights_sitenote_active":false,"_monsterinsights_sitenote_note":"","_monsterinsights_sitenote_category":0,"footnotes":""},"categories":[5],"tags":[],"class_list":["post"],"yoast_head":" \n<title>Sonora en Equipo. Presidente destaca acuerdos con gobierno de Estados Unidos Rep\u00fablica<\/title>\n<meta name=\"description\" content=\"CIUDAD DE M\u00c9XICO.MX. \u2014 El presidente Andr\u00e9s Manuel L\u00f3pez Obrador destac\u00f3 los acuerdos alcanzados en la llamada telef\u00f3nica que sostuvo ayer, 4 de junio, En Sonora en Equipo publicamos toda la informaci\u00f3n de Sonora, M\u00e9xico y el Mundo de manera oportuna y busca que la libertad de expresi\u00f3n sea real. Visita nuestro medio informativo publicado desde Hermosillo, Sonora. %\" \/>\n<meta name=\"robots\" content=\"index, follow, max-snippet:-1, max-image-preview:large, max-video-preview:-1\" \/>\n<link rel=\"canonical\" href=\"https:\/\/www.sonoraenequipo.com.mx\/presidente-destaca-acuerdos-con-gobierno-de-estados-unidos\/\" \/>\n<meta property=\"og:locale\" content=\"es_ES\" \/>\n<meta property=\"og:type\" content=\"article\" \/>\n<meta property=\"og:title\" content=\"Sonora en Equipo. Presidente destaca acuerdos con gobierno de Estados Unidos Rep\u00fablica\" \/>\n<meta property=\"og:description\" content=\"CIUDAD DE M\u00c9XICO.MX. \u2014 El presidente Andr\u00e9s Manuel L\u00f3pez Obrador destac\u00f3 los acuerdos alcanzados en la llamada telef\u00f3nica que sostuvo ayer, 4 de junio, En Sonora en Equipo publicamos toda la informaci\u00f3n de Sonora, M\u00e9xico y el Mundo de manera oportuna y busca que la libertad de expresi\u00f3n sea real. Visita nuestro medio informativo publicado desde Hermosillo, Sonora. %\" \/>\n<meta property=\"og:url\" content=\"https:\/\/www.sonoraenequipo.com.mx\/presidente-destaca-acuerdos-con-gobierno-de-estados-unidos\/\" \/>\n<meta property=\"og:site_name\" content=\"Sonora en Equipo.\" \/>\n<meta property=\"article:publisher\" content=\"https:\/\/www.facebook.com\/SonoraEE\/\" \/>\n<meta property=\"article:author\" content=\"https:\/\/www.facebook.com\/SonoraEE\" \/>\n<meta property=\"article:published_time\" content=\"2024-06-05T19:00:28+00:00\" \/>\n<meta property=\"article:modified_time\" content=\"2024-06-06T18:48:49+00:00\" \/>\n<meta property=\"og:image\" content=\"https:\/\/www.sonoraenequipo.com.mx\/storage\/2024\/06\/amlo.06-05-Conferencia-min.jpg\" \/>\n\t<meta property=\"og:image:width\" content=\"900\" \/>\n\t<meta property=\"og:image:height\" content=\"500\" \/>\n\t<meta property=\"og:image:type\" content=\"image\/jpeg\" \/>\n<meta name=\"author\" content=\"enequipo\" \/>\n<meta name=\"twitter:card\" content=\"summary_large_image\" \/>\n<meta name=\"twitter:creator\" content=\"@sonoraenequipo\" \/>\n<meta name=\"twitter:site\" content=\"@sonoraenequipo\" \/>\n<meta name=\"twitter:label1\" content=\"Escrito por\" \/>\n\t<meta name=\"twitter:data1\" content=\"enequipo\" \/>\n\t<meta name=\"twitter:label2\" content=\"Tiempo de lectura\" \/>\n\t<meta name=\"twitter:data2\" content=\"3 minutos\" \/>\n<script type=\"application\/ld+json\" class=\"yoast-schema-graph\">{\"@context\":\"https:\/\/schema.org\",\"@graph\":[{\"@type\":\"Article\",\"@id\":\"https:\/\/www.sonoraenequipo.com.mx\/presidente-destaca-acuerdos-con-gobierno-de-estados-unidos\/#article\",\"isPartOf\":{\"@id\":\"https:\/\/www.sonoraenequipo.com.mx\/presidente-destaca-acuerdos-con-gobierno-de-estados-unidos\/\"},\"author\":{\"name\":\"enequipo\",\"@id\":\"https:\/\/www.sonoraenequipo.com.mx\/#\/schema\/person\/50102df0fb23a8fa9e8effad8fa81386\"},\"headline\":\"Presidente destaca acuerdos con gobierno de Estados Unidos\",\"datePublished\":\"2024-06-05T19:00:28+00:00\",\"dateModified\":\"2024-06-06T18:48:49+00:00\",\"mainEntityOfPage\":{\"@id\":\"https:\/\/www.sonoraenequipo.com.mx\/presidente-destaca-acuerdos-con-gobierno-de-estados-unidos\/\"},\"wordCount\":648,\"commentCount\":0,\"publisher\":{\"@id\":\"https:\/\/www.sonoraenequipo.com.mx\/#organization\"},\"image\":{\"@id\":\"https:\/\/www.sonoraenequipo.com.mx\/presidente-destaca-acuerdos-con-gobierno-de-estados-unidos\/#primaryimage\"},\"thumbnailUrl\":\"https:\/\/www.sonoraenequipo.com.mx\/storage\/2024\/06\/amlo.06-05-Conferencia-min.jpg\",\"articleSection\":[\"Rep\u00fablica\"],\"inLanguage\":\"es\",\"potentialAction\":[{\"@type\":\"CommentAction\",\"name\":\"Comment\",\"target\":[\"https:\/\/www.sonoraenequipo.com.mx\/presidente-destaca-acuerdos-con-gobierno-de-estados-unidos\/#respond\"]}]},{\"@type\":\"WebPage\",\"@id\":\"https:\/\/www.sonoraenequipo.com.mx\/presidente-destaca-acuerdos-con-gobierno-de-estados-unidos\/\",\"url\":\"https:\/\/www.sonoraenequipo.com.mx\/presidente-destaca-acuerdos-con-gobierno-de-estados-unidos\/\",\"name\":\"Sonora en Equipo. Presidente destaca acuerdos con gobierno de Estados Unidos Rep\u00fablica\",\"isPartOf\":{\"@id\":\"https:\/\/www.sonoraenequipo.com.mx\/#website\"},\"primaryImageOfPage\":{\"@id\":\"https:\/\/www.sonoraenequipo.com.mx\/presidente-destaca-acuerdos-con-gobierno-de-estados-unidos\/#primaryimage\"},\"image\":{\"@id\":\"https:\/\/www.sonoraenequipo.com.mx\/presidente-destaca-acuerdos-con-gobierno-de-estados-unidos\/#primaryimage\"},\"thumbnailUrl\":\"https:\/\/www.sonoraenequipo.com.mx\/storage\/2024\/06\/amlo.06-05-Conferencia-min.jpg\",\"datePublished\":\"2024-06-05T19:00:28+00:00\",\"dateModified\":\"2024-06-06T18:48:49+00:00\",\"description\":\"CIUDAD DE M\u00c9XICO.MX. \u2014 El presidente Andr\u00e9s Manuel L\u00f3pez Obrador destac\u00f3 los acuerdos alcanzados en la llamada telef\u00f3nica que sostuvo ayer, 4 de junio, En Sonora en Equipo publicamos toda la informaci\u00f3n de Sonora, M\u00e9xico y el Mundo de manera oportuna y busca que la libertad de expresi\u00f3n sea real. Visita nuestro medio informativo publicado desde Hermosillo, Sonora. %\",\"breadcrumb\":{\"@id\":\"https:\/\/www.sonoraenequipo.com.mx\/presidente-destaca-acuerdos-con-gobierno-de-estados-unidos\/#breadcrumb\"},\"inLanguage\":\"es\",\"potentialAction\":[{\"@type\":\"ReadAction\",\"target\":[\"https:\/\/www.sonoraenequipo.com.mx\/presidente-destaca-acuerdos-con-gobierno-de-estados-unidos\/\"]}]},{\"@type\":\"ImageObject\",\"inLanguage\":\"es\",\"@id\":\"https:\/\/www.sonoraenequipo.com.mx\/presidente-destaca-acuerdos-con-gobierno-de-estados-unidos\/#primaryimage\",\"url\":\"https:\/\/www.sonoraenequipo.com.mx\/storage\/2024\/06\/amlo.06-05-Conferencia-min.jpg\",\"contentUrl\":\"https:\/\/www.sonoraenequipo.com.mx\/storage\/2024\/06\/amlo.06-05-Conferencia-min.jpg\",\"width\":900,\"height\":500},{\"@type\":\"BreadcrumbList\",\"@id\":\"https:\/\/www.sonoraenequipo.com.mx\/presidente-destaca-acuerdos-con-gobierno-de-estados-unidos\/#breadcrumb\",\"itemListElement\":[{\"@type\":\"ListItem\",\"position\":1,\"name\":\"Portada\",\"item\":\"https:\/\/www.sonoraenequipo.com.mx\/\"},{\"@type\":\"ListItem\",\"position\":2,\"name\":\"Presidente destaca acuerdos con gobierno de Estados Unidos\"}]},{\"@type\":\"WebSite\",\"@id\":\"https:\/\/www.sonoraenequipo.com.mx\/#website\",\"url\":\"https:\/\/www.sonoraenequipo.com.mx\/\",\"name\":\"Sonora en Equipo.\",\"description\":\"Diario en l\u00ednea con Noticias desde Hermosillo, Sonora\",\"publisher\":{\"@id\":\"https:\/\/www.sonoraenequipo.com.mx\/#organization\"},\"potentialAction\":[{\"@type\":\"SearchAction\",\"target\":{\"@type\":\"EntryPoint\",\"urlTemplate\":\"https:\/\/www.sonoraenequipo.com.mx\/?s={search_term_string}\"},\"query-input\":{\"@type\":\"PropertyValueSpecification\",\"valueRequired\":true,\"valueName\":\"search_term_string\"}}],\"inLanguage\":\"es\"},{\"@type\":\"Organization\",\"@id\":\"https:\/\/www.sonoraenequipo.com.mx\/#organization\",\"name\":\"Sonoraenequipo.com.mx\",\"url\":\"https:\/\/www.sonoraenequipo.com.mx\/\",\"logo\":{\"@type\":\"ImageObject\",\"inLanguage\":\"es\",\"@id\":\"https:\/\/www.sonoraenequipo.com.mx\/#\/schema\/logo\/image\/\",\"url\":\"https:\/\/www.sonoraenequipo.com.mx\/storage\/2019\/01\/sonoraenequipo_opt.png\",\"contentUrl\":\"https:\/\/www.sonoraenequipo.com.mx\/storage\/2019\/01\/sonoraenequipo_opt.png\",\"width\":375,\"height\":125,\"caption\":\"Sonoraenequipo.com.mx\"},\"image\":{\"@id\":\"https:\/\/www.sonoraenequipo.com.mx\/#\/schema\/logo\/image\/\"},\"sameAs\":[\"https:\/\/www.facebook.com\/SonoraEE\/\",\"https:\/\/x.com\/sonoraenequipo\",\"https:\/\/www.youtube.com\/channel\/UC338nW-lPEYmJQs4ZABQ1SQ\"]},{\"@type\":\"Person\",\"@id\":\"https:\/\/www.sonoraenequipo.com.mx\/#\/schema\/person\/50102df0fb23a8fa9e8effad8fa81386\",\"name\":\"enequipo\",\"image\":{\"@type\":\"ImageObject\",\"inLanguage\":\"es\",\"@id\":\"https:\/\/www.sonoraenequipo.com.mx\/#\/schema\/person\/image\/\",\"url\":\"https:\/\/secure.gravatar.com\/avatar\/049821681b589dabc0bc20695993ccebb09f5b5d4d790cd9251b97faac7c652b?s=96&d=blank&r=g\",\"contentUrl\":\"https:\/\/secure.gravatar.com\/avatar\/049821681b589dabc0bc20695993ccebb09f5b5d4d790cd9251b97faac7c652b?s=96&d=blank&r=g\",\"caption\":\"enequipo\"},\"sameAs\":[\"https:\/\/www.facebook.com\/SonoraEE\"]}]}<\/script>\n ","yoast_head_json":{"title":"Sonora en Equipo. Presidente destaca acuerdos con gobierno de Estados Unidos Rep\u00fablica","description":"CIUDAD DE M\u00c9XICO.MX. \u2014 El presidente Andr\u00e9s Manuel L\u00f3pez Obrador destac\u00f3 los acuerdos alcanzados en la llamada telef\u00f3nica que sostuvo ayer, 4 de junio, En Sonora en Equipo publicamos toda la informaci\u00f3n de Sonora, M\u00e9xico y el Mundo de manera oportuna y busca que la libertad de expresi\u00f3n sea real. Visita nuestro medio informativo publicado desde Hermosillo, Sonora. %","robots":{"index":"index","follow":"follow","max-snippet":"max-snippet:-1","max-image-preview":"max-image-preview:large","max-video-preview":"max-video-preview:-1"},"canonical":"https:\/\/www.sonoraenequipo.com.mx\/presidente-destaca-acuerdos-con-gobierno-de-estados-unidos\/","og_locale":"es_ES","og_type":"article","og_title":"Sonora en Equipo. Presidente destaca acuerdos con gobierno de Estados Unidos Rep\u00fablica","og_description":"CIUDAD DE M\u00c9XICO.MX. \u2014 El presidente Andr\u00e9s Manuel L\u00f3pez Obrador destac\u00f3 los acuerdos alcanzados en la llamada telef\u00f3nica que sostuvo ayer, 4 de junio, En Sonora en Equipo publicamos toda la informaci\u00f3n de Sonora, M\u00e9xico y el Mundo de manera oportuna y busca que la libertad de expresi\u00f3n sea real. Visita nuestro medio informativo publicado desde Hermosillo, Sonora. %","og_url":"https:\/\/www.sonoraenequipo.com.mx\/presidente-destaca-acuerdos-con-gobierno-de-estados-unidos\/","og_site_name":"Sonora en Equipo.","article_publisher":"https:\/\/www.facebook.com\/SonoraEE\/","article_author":"https:\/\/www.facebook.com\/SonoraEE","article_published_time":"2024-06-05T19:00:28+00:00","article_modified_time":"2024-06-06T18:48:49+00:00","og_image":[{"width":900,"height":500,"url":"https:\/\/www.sonoraenequipo.com.mx\/storage\/2024\/06\/amlo.06-05-Conferencia-min.jpg","type":"image\/jpeg"}],"author":"enequipo","twitter_card":"summary_large_image","twitter_creator":"@sonoraenequipo","twitter_site":"@sonoraenequipo","twitter_misc":{"Escrito por":"enequipo","Tiempo de lectura":"3 minutos"},"schema":{"@context":"https:\/\/schema.org","@graph":[{"@type":"Article","@id":"https:\/\/www.sonoraenequipo.com.mx\/presidente-destaca-acuerdos-con-gobierno-de-estados-unidos\/#article","isPartOf":{"@id":"https:\/\/www.sonoraenequipo.com.mx\/presidente-destaca-acuerdos-con-gobierno-de-estados-unidos\/"},"author":{"name":"enequipo","@id":"https:\/\/www.sonoraenequipo.com.mx\/#\/schema\/person\/50102df0fb23a8fa9e8effad8fa81386"},"headline":"Presidente destaca acuerdos con gobierno de Estados Unidos","datePublished":"2024-06-05T19:00:28+00:00","dateModified":"2024-06-06T18:48:49+00:00","mainEntityOfPage":{"@id":"https:\/\/www.sonoraenequipo.com.mx\/presidente-destaca-acuerdos-con-gobierno-de-estados-unidos\/"},"wordCount":648,"commentCount":0,"publisher":{"@id":"https:\/\/www.sonoraenequipo.com.mx\/#organization"},"image":{"@id":"https:\/\/www.sonoraenequipo.com.mx\/presidente-destaca-acuerdos-con-gobierno-de-estados-unidos\/#primaryimage"},"thumbnailUrl":"https:\/\/www.sonoraenequipo.com.mx\/storage\/2024\/06\/amlo.06-05-Conferencia-min.jpg","articleSection":["Rep\u00fablica"],"inLanguage":"es","potentialAction":[{"@type":"CommentAction","name":"Comment","target":["https:\/\/www.sonoraenequipo.com.mx\/presidente-destaca-acuerdos-con-gobierno-de-estados-unidos\/#respond"]}]},{"@type":"WebPage","@id":"https:\/\/www.sonoraenequipo.com.mx\/presidente-destaca-acuerdos-con-gobierno-de-estados-unidos\/","url":"https:\/\/www.sonoraenequipo.com.mx\/presidente-destaca-acuerdos-con-gobierno-de-estados-unidos\/","name":"Sonora en Equipo. Presidente destaca acuerdos con gobierno de Estados Unidos Rep\u00fablica","isPartOf":{"@id":"https:\/\/www.sonoraenequipo.com.mx\/#website"},"primaryImageOfPage":{"@id":"https:\/\/www.sonoraenequipo.com.mx\/presidente-destaca-acuerdos-con-gobierno-de-estados-unidos\/#primaryimage"},"image":{"@id":"https:\/\/www.sonoraenequipo.com.mx\/presidente-destaca-acuerdos-con-gobierno-de-estados-unidos\/#primaryimage"},"thumbnailUrl":"https:\/\/www.sonoraenequipo.com.mx\/storage\/2024\/06\/amlo.06-05-Conferencia-min.jpg","datePublished":"2024-06-05T19:00:28+00:00","dateModified":"2024-06-06T18:48:49+00:00","description":"CIUDAD DE M\u00c9XICO.MX. \u2014 El presidente Andr\u00e9s Manuel L\u00f3pez Obrador destac\u00f3 los acuerdos alcanzados en la llamada telef\u00f3nica que sostuvo ayer, 4 de junio, En Sonora en Equipo publicamos toda la informaci\u00f3n de Sonora, M\u00e9xico y el Mundo de manera oportuna y busca que la libertad de expresi\u00f3n sea real. Visita nuestro medio informativo publicado desde Hermosillo, Sonora. %","breadcrumb":{"@id":"https:\/\/www.sonoraenequipo.com.mx\/presidente-destaca-acuerdos-con-gobierno-de-estados-unidos\/#breadcrumb"},"inLanguage":"es","potentialAction":[{"@type":"ReadAction","target":["https:\/\/www.sonoraenequipo.com.mx\/presidente-destaca-acuerdos-con-gobierno-de-estados-unidos\/"]}]},{"@type":"ImageObject","inLanguage":"es","@id":"https:\/\/www.sonoraenequipo.com.mx\/presidente-destaca-acuerdos-con-gobierno-de-estados-unidos\/#primaryimage","url":"https:\/\/www.sonoraenequipo.com.mx\/storage\/2024\/06\/amlo.06-05-Conferencia-min.jpg","contentUrl":"https:\/\/www.sonoraenequipo.com.mx\/storage\/2024\/06\/amlo.06-05-Conferencia-min.jpg","width":900,"height":500},{"@type":"BreadcrumbList","@id":"https:\/\/www.sonoraenequipo.com.mx\/presidente-destaca-acuerdos-con-gobierno-de-estados-unidos\/#breadcrumb","itemListElement":[{"@type":"ListItem","position":1,"name":"Portada","item":"https:\/\/www.sonoraenequipo.com.mx\/"},{"@type":"ListItem","position":2,"name":"Presidente destaca acuerdos con gobierno de Estados Unidos"}]},{"@type":"WebSite","@id":"https:\/\/www.sonoraenequipo.com.mx\/#website","url":"https:\/\/www.sonoraenequipo.com.mx\/","name":"Sonora en Equipo.","description":"Diario en l\u00ednea con Noticias desde Hermosillo, Sonora","publisher":{"@id":"https:\/\/www.sonoraenequipo.com.mx\/#organization"},"potentialAction":[{"@type":"SearchAction","target":{"@type":"EntryPoint","urlTemplate":"https:\/\/www.sonoraenequipo.com.mx\/?s={search_term_string}"},"query-input":{"@type":"PropertyValueSpecification","valueRequired":true,"valueName":"search_term_string"}}],"inLanguage":"es"},{"@type":"Organization","@id":"https:\/\/www.sonoraenequipo.com.mx\/#organization","name":"Sonoraenequipo.com.mx","url":"https:\/\/www.sonoraenequipo.com.mx\/","logo":{"@type":"ImageObject","inLanguage":"es","@id":"https:\/\/www.sonoraenequipo.com.mx\/#\/schema\/logo\/image\/","url":"https:\/\/www.sonoraenequipo.com.mx\/storage\/2019\/01\/sonoraenequipo_opt.png","contentUrl":"https:\/\/www.sonoraenequipo.com.mx\/storage\/2019\/01\/sonoraenequipo_opt.png","width":375,"height":125,"caption":"Sonoraenequipo.com.mx"},"image":{"@id":"https:\/\/www.sonoraenequipo.com.mx\/#\/schema\/logo\/image\/"},"sameAs":["https:\/\/www.facebook.com\/SonoraEE\/","https:\/\/x.com\/sonoraenequipo","https:\/\/www.youtube.com\/channel\/UC338nW-lPEYmJQs4ZABQ1SQ"]},{"@type":"Person","@id":"https:\/\/www.sonoraenequipo.com.mx\/#\/schema\/person\/50102df0fb23a8fa9e8effad8fa81386","name":"enequipo","image":{"@type":"ImageObject","inLanguage":"es","@id":"https:\/\/www.sonoraenequipo.com.mx\/#\/schema\/person\/image\/","url":"https:\/\/secure.gravatar.com\/avatar\/049821681b589dabc0bc20695993ccebb09f5b5d4d790cd9251b97faac7c652b?s=96&d=blank&r=g","contentUrl":"https:\/\/secure.gravatar.com\/avatar\/049821681b589dabc0bc20695993ccebb09f5b5d4d790cd9251b97faac7c652b?s=96&d=blank&r=g","caption":"enequipo"},"sameAs":["https:\/\/www.facebook.com\/SonoraEE"]}]}},"jetpack_featured_media_url":"https:\/\/www.sonoraenequipo.com.mx\/storage\/2024\/06\/amlo.06-05-Conferencia-min.jpg","_links":{"self":[{"href":"https:\/\/www.sonoraenequipo.com.mx\/api\/wp\/v2\/posts\/191399","targetHints":{"allow":["GET"]}}],"collection":[{"href":"https:\/\/www.sonoraenequipo.com.mx\/api\/wp\/v2\/posts"}],"about":[{"href":"https:\/\/www.sonoraenequipo.com.mx\/api\/wp\/v2\/types\/post"}],"author":[{"embeddable":true,"href":"https:\/\/www.sonoraenequipo.com.mx\/api\/wp\/v2\/users\/1"}],"replies":[{"embeddable":true,"href":"https:\/\/www.sonoraenequipo.com.mx\/api\/wp\/v2\/comments?post=191399"}],"version-history":[{"count":2,"href":"https:\/\/www.sonoraenequipo.com.mx\/api\/wp\/v2\/posts\/191399\/revisions"}],"predecessor-version":[{"id":191404,"href":"https:\/\/www.sonoraenequipo.com.mx\/api\/wp\/v2\/posts\/191399\/revisions\/191404"}],"wp:featuredmedia":[{"embeddable":true,"href":"https:\/\/www.sonoraenequipo.com.mx\/api\/wp\/v2\/media\/191401"}],"wp:attachment":[{"href":"https:\/\/www.sonoraenequipo.com.mx\/api\/wp\/v2\/media?parent=191399"}],"wp:term":[{"taxonomy":"category","embeddable":true,"href":"https:\/\/www.sonoraenequipo.com.mx\/api\/wp\/v2\/categories?post=191399"},{"taxonomy":"post_tag","embeddable":true,"href":"https:\/\/www.sonoraenequipo.com.mx\/api\/wp\/v2\/tags?post=191399"}],"curies":[{"name":"wp","href":"https:\/\/api.w.org\/{rel}","templated":true}]}}