{"id":191635,"date":"2024-06-08T18:39:00","date_gmt":"2024-06-09T01:39:00","guid":{"rendered":"https:\/\/www.sonoraenequipo.com.mx\/?p=191635"},"modified":"2024-06-08T18:17:01","modified_gmt":"2024-06-09T01:17:01","slug":"javier-milei-se-autodefinio-como-el-topo-que-destruye-al-estado-desde-adentro","status":"publish","type":"post","link":"https:\/\/www.sonoraenequipo.com.mx\/javier-milei-se-autodefinio-como-el-topo-que-destruye-al-estado-desde-adentro\/","title":{"rendered":"Javier Milei se autodefini\u00f3 como el \u201ctopo\u201d que destruye al Estado desde adentro"},"content":{"rendered":"<p><strong>ESTADOS UNIDOS. \u2014<\/strong> En una entrevista concedida al medio Free Press en d\u00edas recientes, el presidente de Argentina Javier Milei, volvi\u00f3 a profesar su odio hacia el Estado y se autodefini\u00f3 como un \u201ctopo\u201d que lo destruye desde el interior.<\/p>\n<p>&nbsp;<\/p>\n<p> <\/p>\n<p>Durante la conversaci\u00f3n la periodista Bari Weiss le pregunt\u00f3 si le gustaba ser<strong><em> \u201cel zorrillo en la fiesta en el jard\u00edn\u201c<\/em><\/strong> y de inmediato el mandatario afirm\u00f3 que s\u00ed. En este sentido, ratific\u00f3 su desprecio hacia el Estado como una organizaci\u00f3n pol\u00edtica que debe \u201cdestruirse por completo \u201c.<\/p>\n<p>&nbsp;<\/p>\n<p>&nbsp;<\/p>\n<p>Adem\u00e1s, el presidente de Argentina Javier Milei se describi\u00f3 a si mismo como un \u201ctopo\u201d infiltrado en las filas enemigas, que destruye al Estado, sin importar las consecuencias que le generen a \u00e9l o a su familia.<\/p>\n<p>&nbsp;<\/p>\n<p>&nbsp;<\/p>\n<p><em><strong>\u201cAmo ser el topo dentro del Estado. Soy el que destruye el Estado desde adentro. Es como estar infiltrado en las filas enemigas. Es decir, la reforma del Estado la tiene que hacer alguien que odie al Estado y yo odio tanto al Estado que estoy dispuesto a soportar todo este tipo de mentiras, calumnias, injurias, tanto sobre mi persona como de mis seres queridos que son mi hermana, mis perros y mis padres, con tal de destruir al Estado\u201d<\/strong><\/em>, expres\u00f3.<\/p>\n<p>https:\/\/twitter.com\/VNVenezuelanews\/status\/1799176364060512724<\/p>\n<p>&nbsp;<\/p>\n<h3>\nMilei tambi\u00e9n describi\u00f3 a la pobreza como una <em><strong>\u201cemoci\u00f3n<\/strong><\/em> \u201c<\/h3>\n<p>&nbsp;<\/p>\n<p>En el transcurso de la entrevista el jefe de Estado tambi\u00e9n hizo pol\u00e9micas declaraciones sobre la situaci\u00f3n econ\u00f3mica que atraviesa su pa\u00eds. Comparando los recientes sucesos con un Lamborghini.<\/p>\n<p>&nbsp;<\/p>\n<p>&nbsp;<\/p>\n<p>Cuando se le pregunt\u00f3 a Milei por quienes pasan hambre, este contest\u00f3 que no ten\u00eda <strong><em>\u201cpor qu\u00e9 lidiar con las emociones de la gente\u201c.<\/em><\/strong><\/p>\n<p>&nbsp;<\/p>\n<p>&nbsp;<\/p>\n<p><em><strong>\u201cYo no tengo por qu\u00e9 lidiar con las emociones, yo hablo con n\u00fameros y de realidad, no de emociones. Por ejemplo, supongamos que una persona tiene un Lamborghini. \u00bfCu\u00e1les son las emociones de quien tiene un Lamborghini? No lo s\u00e9, porque probablemente si est\u00e1 en un lugar muy pobre puede que se sienta muy bien con su Lamborghini, pero si vive en un lugar donde todos tienen 15 Lamborghinis, se siente miserable<\/strong><\/em>\u201d, concluy\u00f3.<\/p>\n<p>&nbsp;<\/p>\n<p>&nbsp;<\/p>\n<p>PUBLICADO EL 08 DE JUNIO DE 2024 Con informaci\u00f3n de Free Press)<\/p>\n","protected":false},"excerpt":{"rendered":"<p>ESTADOS UNIDOS. \u2014 En una entrevista concedida al medio Free Press en d\u00edas recientes, el&#8230;<\/p>\n","protected":false},"author":1,"featured_media":191638,"comment_status":"open","ping_status":"open","sticky":false,"template":"","format":"standard","meta":{"_monsterinsights_skip_tracking":false,"_monsterinsights_sitenote_active":false,"_monsterinsights_sitenote_note":"","_monsterinsights_sitenote_category":0,"footnotes":""},"categories":[3],"tags":[],"class_list":["post"],"yoast_head":" \n<title>Sonora en Equipo. Javier Milei se autodefini\u00f3 como el \u201ctopo\u201d que destruye al Estado desde adentro MUNDO<\/title>\n<meta name=\"description\" content=\"ESTADOS UNIDOS. \u2014 En una entrevista concedida al medio Free Press en d\u00edas recientes, el presidente de Argentina Javier Milei, volvi\u00f3 a profesar su odio En Sonora en Equipo publicamos toda la informaci\u00f3n de Sonora, M\u00e9xico y el Mundo de manera oportuna y busca que la libertad de expresi\u00f3n sea real. Visita nuestro medio informativo publicado desde Hermosillo, Sonora. %\" \/>\n<meta name=\"robots\" content=\"index, follow, max-snippet:-1, max-image-preview:large, max-video-preview:-1\" \/>\n<link rel=\"canonical\" href=\"https:\/\/www.sonoraenequipo.com.mx\/javier-milei-se-autodefinio-como-el-topo-que-destruye-al-estado-desde-adentro\/\" \/>\n<meta property=\"og:locale\" content=\"es_ES\" \/>\n<meta property=\"og:type\" content=\"article\" \/>\n<meta property=\"og:title\" content=\"Sonora en Equipo. Javier Milei se autodefini\u00f3 como el \u201ctopo\u201d que destruye al Estado desde adentro MUNDO\" \/>\n<meta property=\"og:description\" content=\"ESTADOS UNIDOS. \u2014 En una entrevista concedida al medio Free Press en d\u00edas recientes, el presidente de Argentina Javier Milei, volvi\u00f3 a profesar su odio En Sonora en Equipo publicamos toda la informaci\u00f3n de Sonora, M\u00e9xico y el Mundo de manera oportuna y busca que la libertad de expresi\u00f3n sea real. Visita nuestro medio informativo publicado desde Hermosillo, Sonora. %\" \/>\n<meta property=\"og:url\" content=\"https:\/\/www.sonoraenequipo.com.mx\/javier-milei-se-autodefinio-como-el-topo-que-destruye-al-estado-desde-adentro\/\" \/>\n<meta property=\"og:site_name\" content=\"Sonora en Equipo.\" \/>\n<meta property=\"article:publisher\" content=\"https:\/\/www.facebook.com\/SonoraEE\/\" \/>\n<meta property=\"article:author\" content=\"https:\/\/www.facebook.com\/SonoraEE\" \/>\n<meta property=\"article:published_time\" content=\"2024-06-09T01:39:00+00:00\" \/>\n<meta property=\"og:image\" content=\"https:\/\/www.sonoraenequipo.com.mx\/storage\/2024\/06\/javier-millei-min.jpg\" \/>\n\t<meta property=\"og:image:width\" content=\"900\" \/>\n\t<meta property=\"og:image:height\" content=\"675\" \/>\n\t<meta property=\"og:image:type\" content=\"image\/jpeg\" \/>\n<meta name=\"author\" content=\"enequipo\" \/>\n<meta name=\"twitter:card\" content=\"summary_large_image\" \/>\n<meta name=\"twitter:creator\" content=\"@sonoraenequipo\" \/>\n<meta name=\"twitter:site\" content=\"@sonoraenequipo\" \/>\n<meta name=\"twitter:label1\" content=\"Escrito por\" \/>\n\t<meta name=\"twitter:data1\" content=\"enequipo\" \/>\n\t<meta name=\"twitter:label2\" content=\"Tiempo de lectura\" \/>\n\t<meta name=\"twitter:data2\" content=\"2 minutos\" \/>\n<script type=\"application\/ld+json\" class=\"yoast-schema-graph\">{\"@context\":\"https:\/\/schema.org\",\"@graph\":[{\"@type\":\"Article\",\"@id\":\"https:\/\/www.sonoraenequipo.com.mx\/javier-milei-se-autodefinio-como-el-topo-que-destruye-al-estado-desde-adentro\/#article\",\"isPartOf\":{\"@id\":\"https:\/\/www.sonoraenequipo.com.mx\/javier-milei-se-autodefinio-como-el-topo-que-destruye-al-estado-desde-adentro\/\"},\"author\":{\"name\":\"enequipo\",\"@id\":\"https:\/\/www.sonoraenequipo.com.mx\/#\/schema\/person\/50102df0fb23a8fa9e8effad8fa81386\"},\"headline\":\"Javier Milei se autodefini\u00f3 como el \u201ctopo\u201d que destruye al Estado desde adentro\",\"datePublished\":\"2024-06-09T01:39:00+00:00\",\"mainEntityOfPage\":{\"@id\":\"https:\/\/www.sonoraenequipo.com.mx\/javier-milei-se-autodefinio-como-el-topo-que-destruye-al-estado-desde-adentro\/\"},\"wordCount\":396,\"commentCount\":0,\"publisher\":{\"@id\":\"https:\/\/www.sonoraenequipo.com.mx\/#organization\"},\"image\":{\"@id\":\"https:\/\/www.sonoraenequipo.com.mx\/javier-milei-se-autodefinio-como-el-topo-que-destruye-al-estado-desde-adentro\/#primaryimage\"},\"thumbnailUrl\":\"https:\/\/www.sonoraenequipo.com.mx\/storage\/2024\/06\/javier-millei-min.jpg\",\"articleSection\":[\"MUNDO\"],\"inLanguage\":\"es\",\"potentialAction\":[{\"@type\":\"CommentAction\",\"name\":\"Comment\",\"target\":[\"https:\/\/www.sonoraenequipo.com.mx\/javier-milei-se-autodefinio-como-el-topo-que-destruye-al-estado-desde-adentro\/#respond\"]}]},{\"@type\":\"WebPage\",\"@id\":\"https:\/\/www.sonoraenequipo.com.mx\/javier-milei-se-autodefinio-como-el-topo-que-destruye-al-estado-desde-adentro\/\",\"url\":\"https:\/\/www.sonoraenequipo.com.mx\/javier-milei-se-autodefinio-como-el-topo-que-destruye-al-estado-desde-adentro\/\",\"name\":\"Sonora en Equipo. Javier Milei se autodefini\u00f3 como el \u201ctopo\u201d que destruye al Estado desde adentro MUNDO\",\"isPartOf\":{\"@id\":\"https:\/\/www.sonoraenequipo.com.mx\/#website\"},\"primaryImageOfPage\":{\"@id\":\"https:\/\/www.sonoraenequipo.com.mx\/javier-milei-se-autodefinio-como-el-topo-que-destruye-al-estado-desde-adentro\/#primaryimage\"},\"image\":{\"@id\":\"https:\/\/www.sonoraenequipo.com.mx\/javier-milei-se-autodefinio-como-el-topo-que-destruye-al-estado-desde-adentro\/#primaryimage\"},\"thumbnailUrl\":\"https:\/\/www.sonoraenequipo.com.mx\/storage\/2024\/06\/javier-millei-min.jpg\",\"datePublished\":\"2024-06-09T01:39:00+00:00\",\"description\":\"ESTADOS UNIDOS. \u2014 En una entrevista concedida al medio Free Press en d\u00edas recientes, el presidente de Argentina Javier Milei, volvi\u00f3 a profesar su odio En Sonora en Equipo publicamos toda la informaci\u00f3n de Sonora, M\u00e9xico y el Mundo de manera oportuna y busca que la libertad de expresi\u00f3n sea real. Visita nuestro medio informativo publicado desde Hermosillo, Sonora. %\",\"breadcrumb\":{\"@id\":\"https:\/\/www.sonoraenequipo.com.mx\/javier-milei-se-autodefinio-como-el-topo-que-destruye-al-estado-desde-adentro\/#breadcrumb\"},\"inLanguage\":\"es\",\"potentialAction\":[{\"@type\":\"ReadAction\",\"target\":[\"https:\/\/www.sonoraenequipo.com.mx\/javier-milei-se-autodefinio-como-el-topo-que-destruye-al-estado-desde-adentro\/\"]}]},{\"@type\":\"ImageObject\",\"inLanguage\":\"es\",\"@id\":\"https:\/\/www.sonoraenequipo.com.mx\/javier-milei-se-autodefinio-como-el-topo-que-destruye-al-estado-desde-adentro\/#primaryimage\",\"url\":\"https:\/\/www.sonoraenequipo.com.mx\/storage\/2024\/06\/javier-millei-min.jpg\",\"contentUrl\":\"https:\/\/www.sonoraenequipo.com.mx\/storage\/2024\/06\/javier-millei-min.jpg\",\"width\":900,\"height\":675},{\"@type\":\"BreadcrumbList\",\"@id\":\"https:\/\/www.sonoraenequipo.com.mx\/javier-milei-se-autodefinio-como-el-topo-que-destruye-al-estado-desde-adentro\/#breadcrumb\",\"itemListElement\":[{\"@type\":\"ListItem\",\"position\":1,\"name\":\"Portada\",\"item\":\"https:\/\/www.sonoraenequipo.com.mx\/\"},{\"@type\":\"ListItem\",\"position\":2,\"name\":\"Javier Milei se autodefini\u00f3 como el \u201ctopo\u201d que destruye al Estado desde adentro\"}]},{\"@type\":\"WebSite\",\"@id\":\"https:\/\/www.sonoraenequipo.com.mx\/#website\",\"url\":\"https:\/\/www.sonoraenequipo.com.mx\/\",\"name\":\"Sonora en Equipo.\",\"description\":\"Diario en l\u00ednea con Noticias desde Hermosillo, Sonora\",\"publisher\":{\"@id\":\"https:\/\/www.sonoraenequipo.com.mx\/#organization\"},\"potentialAction\":[{\"@type\":\"SearchAction\",\"target\":{\"@type\":\"EntryPoint\",\"urlTemplate\":\"https:\/\/www.sonoraenequipo.com.mx\/?s={search_term_string}\"},\"query-input\":{\"@type\":\"PropertyValueSpecification\",\"valueRequired\":true,\"valueName\":\"search_term_string\"}}],\"inLanguage\":\"es\"},{\"@type\":\"Organization\",\"@id\":\"https:\/\/www.sonoraenequipo.com.mx\/#organization\",\"name\":\"Sonoraenequipo.com.mx\",\"url\":\"https:\/\/www.sonoraenequipo.com.mx\/\",\"logo\":{\"@type\":\"ImageObject\",\"inLanguage\":\"es\",\"@id\":\"https:\/\/www.sonoraenequipo.com.mx\/#\/schema\/logo\/image\/\",\"url\":\"https:\/\/www.sonoraenequipo.com.mx\/storage\/2019\/01\/sonoraenequipo_opt.png\",\"contentUrl\":\"https:\/\/www.sonoraenequipo.com.mx\/storage\/2019\/01\/sonoraenequipo_opt.png\",\"width\":375,\"height\":125,\"caption\":\"Sonoraenequipo.com.mx\"},\"image\":{\"@id\":\"https:\/\/www.sonoraenequipo.com.mx\/#\/schema\/logo\/image\/\"},\"sameAs\":[\"https:\/\/www.facebook.com\/SonoraEE\/\",\"https:\/\/x.com\/sonoraenequipo\",\"https:\/\/www.youtube.com\/channel\/UC338nW-lPEYmJQs4ZABQ1SQ\"]},{\"@type\":\"Person\",\"@id\":\"https:\/\/www.sonoraenequipo.com.mx\/#\/schema\/person\/50102df0fb23a8fa9e8effad8fa81386\",\"name\":\"enequipo\",\"image\":{\"@type\":\"ImageObject\",\"inLanguage\":\"es\",\"@id\":\"https:\/\/www.sonoraenequipo.com.mx\/#\/schema\/person\/image\/\",\"url\":\"https:\/\/secure.gravatar.com\/avatar\/049821681b589dabc0bc20695993ccebb09f5b5d4d790cd9251b97faac7c652b?s=96&d=blank&r=g\",\"contentUrl\":\"https:\/\/secure.gravatar.com\/avatar\/049821681b589dabc0bc20695993ccebb09f5b5d4d790cd9251b97faac7c652b?s=96&d=blank&r=g\",\"caption\":\"enequipo\"},\"sameAs\":[\"https:\/\/www.facebook.com\/SonoraEE\"]}]}<\/script>\n ","yoast_head_json":{"title":"Sonora en Equipo. Javier Milei se autodefini\u00f3 como el \u201ctopo\u201d que destruye al Estado desde adentro MUNDO","description":"ESTADOS UNIDOS. \u2014 En una entrevista concedida al medio Free Press en d\u00edas recientes, el presidente de Argentina Javier Milei, volvi\u00f3 a profesar su odio En Sonora en Equipo publicamos toda la informaci\u00f3n de Sonora, M\u00e9xico y el Mundo de manera oportuna y busca que la libertad de expresi\u00f3n sea real. Visita nuestro medio informativo publicado desde Hermosillo, Sonora. %","robots":{"index":"index","follow":"follow","max-snippet":"max-snippet:-1","max-image-preview":"max-image-preview:large","max-video-preview":"max-video-preview:-1"},"canonical":"https:\/\/www.sonoraenequipo.com.mx\/javier-milei-se-autodefinio-como-el-topo-que-destruye-al-estado-desde-adentro\/","og_locale":"es_ES","og_type":"article","og_title":"Sonora en Equipo. Javier Milei se autodefini\u00f3 como el \u201ctopo\u201d que destruye al Estado desde adentro MUNDO","og_description":"ESTADOS UNIDOS. \u2014 En una entrevista concedida al medio Free Press en d\u00edas recientes, el presidente de Argentina Javier Milei, volvi\u00f3 a profesar su odio En Sonora en Equipo publicamos toda la informaci\u00f3n de Sonora, M\u00e9xico y el Mundo de manera oportuna y busca que la libertad de expresi\u00f3n sea real. Visita nuestro medio informativo publicado desde Hermosillo, Sonora. %","og_url":"https:\/\/www.sonoraenequipo.com.mx\/javier-milei-se-autodefinio-como-el-topo-que-destruye-al-estado-desde-adentro\/","og_site_name":"Sonora en Equipo.","article_publisher":"https:\/\/www.facebook.com\/SonoraEE\/","article_author":"https:\/\/www.facebook.com\/SonoraEE","article_published_time":"2024-06-09T01:39:00+00:00","og_image":[{"width":900,"height":675,"url":"https:\/\/www.sonoraenequipo.com.mx\/storage\/2024\/06\/javier-millei-min.jpg","type":"image\/jpeg"}],"author":"enequipo","twitter_card":"summary_large_image","twitter_creator":"@sonoraenequipo","twitter_site":"@sonoraenequipo","twitter_misc":{"Escrito por":"enequipo","Tiempo de lectura":"2 minutos"},"schema":{"@context":"https:\/\/schema.org","@graph":[{"@type":"Article","@id":"https:\/\/www.sonoraenequipo.com.mx\/javier-milei-se-autodefinio-como-el-topo-que-destruye-al-estado-desde-adentro\/#article","isPartOf":{"@id":"https:\/\/www.sonoraenequipo.com.mx\/javier-milei-se-autodefinio-como-el-topo-que-destruye-al-estado-desde-adentro\/"},"author":{"name":"enequipo","@id":"https:\/\/www.sonoraenequipo.com.mx\/#\/schema\/person\/50102df0fb23a8fa9e8effad8fa81386"},"headline":"Javier Milei se autodefini\u00f3 como el \u201ctopo\u201d que destruye al Estado desde adentro","datePublished":"2024-06-09T01:39:00+00:00","mainEntityOfPage":{"@id":"https:\/\/www.sonoraenequipo.com.mx\/javier-milei-se-autodefinio-como-el-topo-que-destruye-al-estado-desde-adentro\/"},"wordCount":396,"commentCount":0,"publisher":{"@id":"https:\/\/www.sonoraenequipo.com.mx\/#organization"},"image":{"@id":"https:\/\/www.sonoraenequipo.com.mx\/javier-milei-se-autodefinio-como-el-topo-que-destruye-al-estado-desde-adentro\/#primaryimage"},"thumbnailUrl":"https:\/\/www.sonoraenequipo.com.mx\/storage\/2024\/06\/javier-millei-min.jpg","articleSection":["MUNDO"],"inLanguage":"es","potentialAction":[{"@type":"CommentAction","name":"Comment","target":["https:\/\/www.sonoraenequipo.com.mx\/javier-milei-se-autodefinio-como-el-topo-que-destruye-al-estado-desde-adentro\/#respond"]}]},{"@type":"WebPage","@id":"https:\/\/www.sonoraenequipo.com.mx\/javier-milei-se-autodefinio-como-el-topo-que-destruye-al-estado-desde-adentro\/","url":"https:\/\/www.sonoraenequipo.com.mx\/javier-milei-se-autodefinio-como-el-topo-que-destruye-al-estado-desde-adentro\/","name":"Sonora en Equipo. Javier Milei se autodefini\u00f3 como el \u201ctopo\u201d que destruye al Estado desde adentro MUNDO","isPartOf":{"@id":"https:\/\/www.sonoraenequipo.com.mx\/#website"},"primaryImageOfPage":{"@id":"https:\/\/www.sonoraenequipo.com.mx\/javier-milei-se-autodefinio-como-el-topo-que-destruye-al-estado-desde-adentro\/#primaryimage"},"image":{"@id":"https:\/\/www.sonoraenequipo.com.mx\/javier-milei-se-autodefinio-como-el-topo-que-destruye-al-estado-desde-adentro\/#primaryimage"},"thumbnailUrl":"https:\/\/www.sonoraenequipo.com.mx\/storage\/2024\/06\/javier-millei-min.jpg","datePublished":"2024-06-09T01:39:00+00:00","description":"ESTADOS UNIDOS. \u2014 En una entrevista concedida al medio Free Press en d\u00edas recientes, el presidente de Argentina Javier Milei, volvi\u00f3 a profesar su odio En Sonora en Equipo publicamos toda la informaci\u00f3n de Sonora, M\u00e9xico y el Mundo de manera oportuna y busca que la libertad de expresi\u00f3n sea real. Visita nuestro medio informativo publicado desde Hermosillo, Sonora. %","breadcrumb":{"@id":"https:\/\/www.sonoraenequipo.com.mx\/javier-milei-se-autodefinio-como-el-topo-que-destruye-al-estado-desde-adentro\/#breadcrumb"},"inLanguage":"es","potentialAction":[{"@type":"ReadAction","target":["https:\/\/www.sonoraenequipo.com.mx\/javier-milei-se-autodefinio-como-el-topo-que-destruye-al-estado-desde-adentro\/"]}]},{"@type":"ImageObject","inLanguage":"es","@id":"https:\/\/www.sonoraenequipo.com.mx\/javier-milei-se-autodefinio-como-el-topo-que-destruye-al-estado-desde-adentro\/#primaryimage","url":"https:\/\/www.sonoraenequipo.com.mx\/storage\/2024\/06\/javier-millei-min.jpg","contentUrl":"https:\/\/www.sonoraenequipo.com.mx\/storage\/2024\/06\/javier-millei-min.jpg","width":900,"height":675},{"@type":"BreadcrumbList","@id":"https:\/\/www.sonoraenequipo.com.mx\/javier-milei-se-autodefinio-como-el-topo-que-destruye-al-estado-desde-adentro\/#breadcrumb","itemListElement":[{"@type":"ListItem","position":1,"name":"Portada","item":"https:\/\/www.sonoraenequipo.com.mx\/"},{"@type":"ListItem","position":2,"name":"Javier Milei se autodefini\u00f3 como el \u201ctopo\u201d que destruye al Estado desde adentro"}]},{"@type":"WebSite","@id":"https:\/\/www.sonoraenequipo.com.mx\/#website","url":"https:\/\/www.sonoraenequipo.com.mx\/","name":"Sonora en Equipo.","description":"Diario en l\u00ednea con Noticias desde Hermosillo, Sonora","publisher":{"@id":"https:\/\/www.sonoraenequipo.com.mx\/#organization"},"potentialAction":[{"@type":"SearchAction","target":{"@type":"EntryPoint","urlTemplate":"https:\/\/www.sonoraenequipo.com.mx\/?s={search_term_string}"},"query-input":{"@type":"PropertyValueSpecification","valueRequired":true,"valueName":"search_term_string"}}],"inLanguage":"es"},{"@type":"Organization","@id":"https:\/\/www.sonoraenequipo.com.mx\/#organization","name":"Sonoraenequipo.com.mx","url":"https:\/\/www.sonoraenequipo.com.mx\/","logo":{"@type":"ImageObject","inLanguage":"es","@id":"https:\/\/www.sonoraenequipo.com.mx\/#\/schema\/logo\/image\/","url":"https:\/\/www.sonoraenequipo.com.mx\/storage\/2019\/01\/sonoraenequipo_opt.png","contentUrl":"https:\/\/www.sonoraenequipo.com.mx\/storage\/2019\/01\/sonoraenequipo_opt.png","width":375,"height":125,"caption":"Sonoraenequipo.com.mx"},"image":{"@id":"https:\/\/www.sonoraenequipo.com.mx\/#\/schema\/logo\/image\/"},"sameAs":["https:\/\/www.facebook.com\/SonoraEE\/","https:\/\/x.com\/sonoraenequipo","https:\/\/www.youtube.com\/channel\/UC338nW-lPEYmJQs4ZABQ1SQ"]},{"@type":"Person","@id":"https:\/\/www.sonoraenequipo.com.mx\/#\/schema\/person\/50102df0fb23a8fa9e8effad8fa81386","name":"enequipo","image":{"@type":"ImageObject","inLanguage":"es","@id":"https:\/\/www.sonoraenequipo.com.mx\/#\/schema\/person\/image\/","url":"https:\/\/secure.gravatar.com\/avatar\/049821681b589dabc0bc20695993ccebb09f5b5d4d790cd9251b97faac7c652b?s=96&d=blank&r=g","contentUrl":"https:\/\/secure.gravatar.com\/avatar\/049821681b589dabc0bc20695993ccebb09f5b5d4d790cd9251b97faac7c652b?s=96&d=blank&r=g","caption":"enequipo"},"sameAs":["https:\/\/www.facebook.com\/SonoraEE"]}]}},"jetpack_featured_media_url":"https:\/\/www.sonoraenequipo.com.mx\/storage\/2024\/06\/javier-millei-min.jpg","_links":{"self":[{"href":"https:\/\/www.sonoraenequipo.com.mx\/api\/wp\/v2\/posts\/191635","targetHints":{"allow":["GET"]}}],"collection":[{"href":"https:\/\/www.sonoraenequipo.com.mx\/api\/wp\/v2\/posts"}],"about":[{"href":"https:\/\/www.sonoraenequipo.com.mx\/api\/wp\/v2\/types\/post"}],"author":[{"embeddable":true,"href":"https:\/\/www.sonoraenequipo.com.mx\/api\/wp\/v2\/users\/1"}],"replies":[{"embeddable":true,"href":"https:\/\/www.sonoraenequipo.com.mx\/api\/wp\/v2\/comments?post=191635"}],"version-history":[{"count":1,"href":"https:\/\/www.sonoraenequipo.com.mx\/api\/wp\/v2\/posts\/191635\/revisions"}],"predecessor-version":[{"id":191639,"href":"https:\/\/www.sonoraenequipo.com.mx\/api\/wp\/v2\/posts\/191635\/revisions\/191639"}],"wp:featuredmedia":[{"embeddable":true,"href":"https:\/\/www.sonoraenequipo.com.mx\/api\/wp\/v2\/media\/191638"}],"wp:attachment":[{"href":"https:\/\/www.sonoraenequipo.com.mx\/api\/wp\/v2\/media?parent=191635"}],"wp:term":[{"taxonomy":"category","embeddable":true,"href":"https:\/\/www.sonoraenequipo.com.mx\/api\/wp\/v2\/categories?post=191635"},{"taxonomy":"post_tag","embeddable":true,"href":"https:\/\/www.sonoraenequipo.com.mx\/api\/wp\/v2\/tags?post=191635"}],"curies":[{"name":"wp","href":"https:\/\/api.w.org\/{rel}","templated":true}]}}