{"id":191644,"date":"2024-06-08T14:40:58","date_gmt":"2024-06-08T21:40:58","guid":{"rendered":"https:\/\/www.sonoraenequipo.com.mx\/?p=191644"},"modified":"2024-06-08T14:40:58","modified_gmt":"2024-06-08T21:40:58","slug":"contara-sonora-con-una-red-de-academias-de-matematicas-de-universidades-tecnologicas","status":"publish","type":"post","link":"https:\/\/www.sonoraenequipo.com.mx\/contara-sonora-con-una-red-de-academias-de-matematicas-de-universidades-tecnologicas\/","title":{"rendered":"Contar\u00e1 Sonora con una Red de Academias de Matem\u00e1ticas de Universidades Tecnol\u00f3gicas"},"content":{"rendered":"<p><strong>HERMOSILLO, SONORA, MX.<\/strong><strong> \u0336 \u0336 \u00a0<\/strong>Con el objetivo de fomentar la integraci\u00f3n de docentes y estudiantes en actividades colaborativas vinculadas a las matem\u00e1ticas, la Universidad Tecnol\u00f3gica de Hermosillo (UTH) fue sede de la instalaci\u00f3n de la Red de Academias de Matem\u00e1ticas de las Universidades Tecnol\u00f3gicas (UT\u2019s) que operan en la entidad.<\/p>\n<p>&nbsp;<\/p>\n<p>&nbsp;<\/p>\n<p>&nbsp;<\/p>\n<p>Con la creaci\u00f3n de esta Red, explic\u00f3 Clicerio Rivas Unzueta, rector de la UTH, los docentes de las UT\u2019s tendr\u00e1n las herramientas necesarias para que el alumnado universitario tenga un mejor aprovechamiento acad\u00e9mico, por medio de la comprensi\u00f3n de las matem\u00e1ticas y as\u00ed poder disminuir la deserci\u00f3n escolar.<\/p>\n<p>&nbsp;<\/p>\n<p>&nbsp;<\/p>\n<p>&nbsp;<\/p>\n<p>Rectores, directivos y representantes de las Universidades Tecnol\u00f3gicas de Nogales (UTN), Etchojoa (UTE), Guaymas (UTG), del Sur de Sonora (UTS), San Luis R\u00edo Colorado (Utslrc) y Puerto Pe\u00f1asco (UTPP), as\u00ed como de varias instituciones de educaci\u00f3n superior y docentes de diferentes municipios resaltaron el impacto que tendr\u00e1 la Red de Academias de Matem\u00e1ticas en el sector educativo.<\/p>\n<p>&nbsp;<\/p>\n<p>&nbsp;<\/p>\n<p>&nbsp;<\/p>\n<p>Durante el encuentro, tambi\u00e9n se inaugur\u00f3 el Laboratorio CASIO en las instalaciones de la UTH, que impulsar\u00e1 la implementaci\u00f3n y capacitaci\u00f3n de tecnolog\u00eda de punta para elevar la calidad de la ense\u00f1anza que se brinda en algunas carreras de ingenier\u00eda.<\/p>\n<p>&nbsp;<\/p>\n<p>&nbsp;<\/p>\n<p>&nbsp;<\/p>\n<p>Rivas Unzueta enfatiz\u00f3 el gran valor de esta vinculaci\u00f3n y agradeci\u00f3 el donativo realizado por parte de la empresa, ya que permitir\u00e1 a los profesionistas aprender el correcto funcionamiento de distintos equipos incluidos en el laboratorio, adem\u00e1s de analizar modelos matem\u00e1ticos mediante una gr\u00e1fica a trav\u00e9s de la simulaci\u00f3n.<\/p>\n<p>&nbsp;<\/p>\n<p>&nbsp;<\/p>\n<p>&nbsp;<\/p>\n<p>Por su parte, representantes de CASIO M\u00e9xico mencionaron las particularidades del equipo donado, el cual incluye calculadoras cient\u00edficas ClassWiz y las calculadoras graficadoras ClassPad, que permiten enlazar el trabajo realizado a la nube a trav\u00e9s de aplicaciones m\u00f3viles, innovaciones que la empresa prioriz\u00f3, dado que es consciente de lo fundamental que es que los materiales educativos se mantengan a la vanguardia.<\/p>\n<p><strong>Fecha de publicaci\u00f3n s\u00e1bado 8 de junio de 2024<\/strong><\/p>\n<p>&nbsp;<\/p>\n","protected":false},"excerpt":{"rendered":"<p>HERMOSILLO, SONORA, MX. \u0336 \u0336 \u00a0Con el objetivo de fomentar la integraci\u00f3n de docentes y&#8230;<\/p>\n","protected":false},"author":1,"featured_media":191645,"comment_status":"open","ping_status":"open","sticky":false,"template":"","format":"standard","meta":{"_monsterinsights_skip_tracking":false,"_monsterinsights_sitenote_active":false,"_monsterinsights_sitenote_note":"","_monsterinsights_sitenote_category":0,"footnotes":""},"categories":[2216],"tags":[6578],"class_list":["post"],"yoast_head":" \n<title>Sonora en Equipo. Contar\u00e1 Sonora con una Red de Academias de Matem\u00e1ticas de Universidades Tecnol\u00f3gicas Ciencia y Tecnolog\u00eda<\/title>\n<meta name=\"description\" content=\"HERMOSILLO, SONORA, MX. \u0336 \u0336 \u00a0Con el objetivo de fomentar la integraci\u00f3n de docentes y estudiantes en actividades colaborativas vinculadas a las En Sonora en Equipo publicamos toda la informaci\u00f3n de Sonora, M\u00e9xico y el Mundo de manera oportuna y busca que la libertad de expresi\u00f3n sea real. Visita nuestro medio informativo publicado desde Hermosillo, Sonora. %\" \/>\n<meta name=\"robots\" content=\"index, follow, max-snippet:-1, max-image-preview:large, max-video-preview:-1\" \/>\n<link rel=\"canonical\" href=\"https:\/\/www.sonoraenequipo.com.mx\/contara-sonora-con-una-red-de-academias-de-matematicas-de-universidades-tecnologicas\/\" \/>\n<meta property=\"og:locale\" content=\"es_ES\" \/>\n<meta property=\"og:type\" content=\"article\" \/>\n<meta property=\"og:title\" content=\"Sonora en Equipo. Contar\u00e1 Sonora con una Red de Academias de Matem\u00e1ticas de Universidades Tecnol\u00f3gicas Ciencia y Tecnolog\u00eda\" \/>\n<meta property=\"og:description\" content=\"HERMOSILLO, SONORA, MX. \u0336 \u0336 \u00a0Con el objetivo de fomentar la integraci\u00f3n de docentes y estudiantes en actividades colaborativas vinculadas a las En Sonora en Equipo publicamos toda la informaci\u00f3n de Sonora, M\u00e9xico y el Mundo de manera oportuna y busca que la libertad de expresi\u00f3n sea real. Visita nuestro medio informativo publicado desde Hermosillo, Sonora. %\" \/>\n<meta property=\"og:url\" content=\"https:\/\/www.sonoraenequipo.com.mx\/contara-sonora-con-una-red-de-academias-de-matematicas-de-universidades-tecnologicas\/\" \/>\n<meta property=\"og:site_name\" content=\"Sonora en Equipo.\" \/>\n<meta property=\"article:publisher\" content=\"https:\/\/www.facebook.com\/SonoraEE\/\" \/>\n<meta property=\"article:author\" content=\"https:\/\/www.facebook.com\/SonoraEE\" \/>\n<meta property=\"article:published_time\" content=\"2024-06-08T21:40:58+00:00\" \/>\n<meta property=\"og:image\" content=\"https:\/\/www.sonoraenequipo.com.mx\/storage\/2024\/06\/mats-uts.jpg\" \/>\n\t<meta property=\"og:image:width\" content=\"800\" \/>\n\t<meta property=\"og:image:height\" content=\"450\" \/>\n\t<meta property=\"og:image:type\" content=\"image\/jpeg\" \/>\n<meta name=\"author\" content=\"enequipo\" \/>\n<meta name=\"twitter:card\" content=\"summary_large_image\" \/>\n<meta name=\"twitter:creator\" content=\"@sonoraenequipo\" \/>\n<meta name=\"twitter:site\" content=\"@sonoraenequipo\" \/>\n<meta name=\"twitter:label1\" content=\"Escrito por\" \/>\n\t<meta name=\"twitter:data1\" content=\"enequipo\" \/>\n\t<meta name=\"twitter:label2\" content=\"Tiempo de lectura\" \/>\n\t<meta name=\"twitter:data2\" content=\"2 minutos\" \/>\n<script type=\"application\/ld+json\" class=\"yoast-schema-graph\">{\"@context\":\"https:\/\/schema.org\",\"@graph\":[{\"@type\":\"Article\",\"@id\":\"https:\/\/www.sonoraenequipo.com.mx\/contara-sonora-con-una-red-de-academias-de-matematicas-de-universidades-tecnologicas\/#article\",\"isPartOf\":{\"@id\":\"https:\/\/www.sonoraenequipo.com.mx\/contara-sonora-con-una-red-de-academias-de-matematicas-de-universidades-tecnologicas\/\"},\"author\":{\"name\":\"enequipo\",\"@id\":\"https:\/\/www.sonoraenequipo.com.mx\/#\/schema\/person\/50102df0fb23a8fa9e8effad8fa81386\"},\"headline\":\"Contar\u00e1 Sonora con una Red de Academias de Matem\u00e1ticas de Universidades Tecnol\u00f3gicas\",\"datePublished\":\"2024-06-08T21:40:58+00:00\",\"mainEntityOfPage\":{\"@id\":\"https:\/\/www.sonoraenequipo.com.mx\/contara-sonora-con-una-red-de-academias-de-matematicas-de-universidades-tecnologicas\/\"},\"wordCount\":378,\"commentCount\":0,\"publisher\":{\"@id\":\"https:\/\/www.sonoraenequipo.com.mx\/#organization\"},\"image\":{\"@id\":\"https:\/\/www.sonoraenequipo.com.mx\/contara-sonora-con-una-red-de-academias-de-matematicas-de-universidades-tecnologicas\/#primaryimage\"},\"thumbnailUrl\":\"https:\/\/www.sonoraenequipo.com.mx\/storage\/2024\/06\/mats-uts.jpg\",\"keywords\":[\"UTS\"],\"articleSection\":[\"Ciencia y Tecnolog\u00eda\"],\"inLanguage\":\"es\",\"potentialAction\":[{\"@type\":\"CommentAction\",\"name\":\"Comment\",\"target\":[\"https:\/\/www.sonoraenequipo.com.mx\/contara-sonora-con-una-red-de-academias-de-matematicas-de-universidades-tecnologicas\/#respond\"]}]},{\"@type\":\"WebPage\",\"@id\":\"https:\/\/www.sonoraenequipo.com.mx\/contara-sonora-con-una-red-de-academias-de-matematicas-de-universidades-tecnologicas\/\",\"url\":\"https:\/\/www.sonoraenequipo.com.mx\/contara-sonora-con-una-red-de-academias-de-matematicas-de-universidades-tecnologicas\/\",\"name\":\"Sonora en Equipo. Contar\u00e1 Sonora con una Red de Academias de Matem\u00e1ticas de Universidades Tecnol\u00f3gicas Ciencia y Tecnolog\u00eda\",\"isPartOf\":{\"@id\":\"https:\/\/www.sonoraenequipo.com.mx\/#website\"},\"primaryImageOfPage\":{\"@id\":\"https:\/\/www.sonoraenequipo.com.mx\/contara-sonora-con-una-red-de-academias-de-matematicas-de-universidades-tecnologicas\/#primaryimage\"},\"image\":{\"@id\":\"https:\/\/www.sonoraenequipo.com.mx\/contara-sonora-con-una-red-de-academias-de-matematicas-de-universidades-tecnologicas\/#primaryimage\"},\"thumbnailUrl\":\"https:\/\/www.sonoraenequipo.com.mx\/storage\/2024\/06\/mats-uts.jpg\",\"datePublished\":\"2024-06-08T21:40:58+00:00\",\"description\":\"HERMOSILLO, SONORA, MX. \u0336 \u0336 \u00a0Con el objetivo de fomentar la integraci\u00f3n de docentes y estudiantes en actividades colaborativas vinculadas a las En Sonora en Equipo publicamos toda la informaci\u00f3n de Sonora, M\u00e9xico y el Mundo de manera oportuna y busca que la libertad de expresi\u00f3n sea real. Visita nuestro medio informativo publicado desde Hermosillo, Sonora. %\",\"breadcrumb\":{\"@id\":\"https:\/\/www.sonoraenequipo.com.mx\/contara-sonora-con-una-red-de-academias-de-matematicas-de-universidades-tecnologicas\/#breadcrumb\"},\"inLanguage\":\"es\",\"potentialAction\":[{\"@type\":\"ReadAction\",\"target\":[\"https:\/\/www.sonoraenequipo.com.mx\/contara-sonora-con-una-red-de-academias-de-matematicas-de-universidades-tecnologicas\/\"]}]},{\"@type\":\"ImageObject\",\"inLanguage\":\"es\",\"@id\":\"https:\/\/www.sonoraenequipo.com.mx\/contara-sonora-con-una-red-de-academias-de-matematicas-de-universidades-tecnologicas\/#primaryimage\",\"url\":\"https:\/\/www.sonoraenequipo.com.mx\/storage\/2024\/06\/mats-uts.jpg\",\"contentUrl\":\"https:\/\/www.sonoraenequipo.com.mx\/storage\/2024\/06\/mats-uts.jpg\",\"width\":800,\"height\":450},{\"@type\":\"BreadcrumbList\",\"@id\":\"https:\/\/www.sonoraenequipo.com.mx\/contara-sonora-con-una-red-de-academias-de-matematicas-de-universidades-tecnologicas\/#breadcrumb\",\"itemListElement\":[{\"@type\":\"ListItem\",\"position\":1,\"name\":\"Portada\",\"item\":\"https:\/\/www.sonoraenequipo.com.mx\/\"},{\"@type\":\"ListItem\",\"position\":2,\"name\":\"Contar\u00e1 Sonora con una Red de Academias de Matem\u00e1ticas de Universidades Tecnol\u00f3gicas\"}]},{\"@type\":\"WebSite\",\"@id\":\"https:\/\/www.sonoraenequipo.com.mx\/#website\",\"url\":\"https:\/\/www.sonoraenequipo.com.mx\/\",\"name\":\"Sonora en Equipo.\",\"description\":\"Diario en l\u00ednea con Noticias desde Hermosillo, Sonora\",\"publisher\":{\"@id\":\"https:\/\/www.sonoraenequipo.com.mx\/#organization\"},\"potentialAction\":[{\"@type\":\"SearchAction\",\"target\":{\"@type\":\"EntryPoint\",\"urlTemplate\":\"https:\/\/www.sonoraenequipo.com.mx\/?s={search_term_string}\"},\"query-input\":{\"@type\":\"PropertyValueSpecification\",\"valueRequired\":true,\"valueName\":\"search_term_string\"}}],\"inLanguage\":\"es\"},{\"@type\":\"Organization\",\"@id\":\"https:\/\/www.sonoraenequipo.com.mx\/#organization\",\"name\":\"Sonoraenequipo.com.mx\",\"url\":\"https:\/\/www.sonoraenequipo.com.mx\/\",\"logo\":{\"@type\":\"ImageObject\",\"inLanguage\":\"es\",\"@id\":\"https:\/\/www.sonoraenequipo.com.mx\/#\/schema\/logo\/image\/\",\"url\":\"https:\/\/www.sonoraenequipo.com.mx\/storage\/2019\/01\/sonoraenequipo_opt.png\",\"contentUrl\":\"https:\/\/www.sonoraenequipo.com.mx\/storage\/2019\/01\/sonoraenequipo_opt.png\",\"width\":375,\"height\":125,\"caption\":\"Sonoraenequipo.com.mx\"},\"image\":{\"@id\":\"https:\/\/www.sonoraenequipo.com.mx\/#\/schema\/logo\/image\/\"},\"sameAs\":[\"https:\/\/www.facebook.com\/SonoraEE\/\",\"https:\/\/x.com\/sonoraenequipo\",\"https:\/\/www.youtube.com\/channel\/UC338nW-lPEYmJQs4ZABQ1SQ\"]},{\"@type\":\"Person\",\"@id\":\"https:\/\/www.sonoraenequipo.com.mx\/#\/schema\/person\/50102df0fb23a8fa9e8effad8fa81386\",\"name\":\"enequipo\",\"image\":{\"@type\":\"ImageObject\",\"inLanguage\":\"es\",\"@id\":\"https:\/\/www.sonoraenequipo.com.mx\/#\/schema\/person\/image\/\",\"url\":\"https:\/\/secure.gravatar.com\/avatar\/049821681b589dabc0bc20695993ccebb09f5b5d4d790cd9251b97faac7c652b?s=96&d=blank&r=g\",\"contentUrl\":\"https:\/\/secure.gravatar.com\/avatar\/049821681b589dabc0bc20695993ccebb09f5b5d4d790cd9251b97faac7c652b?s=96&d=blank&r=g\",\"caption\":\"enequipo\"},\"sameAs\":[\"https:\/\/www.facebook.com\/SonoraEE\"]}]}<\/script>\n ","yoast_head_json":{"title":"Sonora en Equipo. Contar\u00e1 Sonora con una Red de Academias de Matem\u00e1ticas de Universidades Tecnol\u00f3gicas Ciencia y Tecnolog\u00eda","description":"HERMOSILLO, SONORA, MX. \u0336 \u0336 \u00a0Con el objetivo de fomentar la integraci\u00f3n de docentes y estudiantes en actividades colaborativas vinculadas a las En Sonora en Equipo publicamos toda la informaci\u00f3n de Sonora, M\u00e9xico y el Mundo de manera oportuna y busca que la libertad de expresi\u00f3n sea real. Visita nuestro medio informativo publicado desde Hermosillo, Sonora. %","robots":{"index":"index","follow":"follow","max-snippet":"max-snippet:-1","max-image-preview":"max-image-preview:large","max-video-preview":"max-video-preview:-1"},"canonical":"https:\/\/www.sonoraenequipo.com.mx\/contara-sonora-con-una-red-de-academias-de-matematicas-de-universidades-tecnologicas\/","og_locale":"es_ES","og_type":"article","og_title":"Sonora en Equipo. Contar\u00e1 Sonora con una Red de Academias de Matem\u00e1ticas de Universidades Tecnol\u00f3gicas Ciencia y Tecnolog\u00eda","og_description":"HERMOSILLO, SONORA, MX. \u0336 \u0336 \u00a0Con el objetivo de fomentar la integraci\u00f3n de docentes y estudiantes en actividades colaborativas vinculadas a las En Sonora en Equipo publicamos toda la informaci\u00f3n de Sonora, M\u00e9xico y el Mundo de manera oportuna y busca que la libertad de expresi\u00f3n sea real. Visita nuestro medio informativo publicado desde Hermosillo, Sonora. %","og_url":"https:\/\/www.sonoraenequipo.com.mx\/contara-sonora-con-una-red-de-academias-de-matematicas-de-universidades-tecnologicas\/","og_site_name":"Sonora en Equipo.","article_publisher":"https:\/\/www.facebook.com\/SonoraEE\/","article_author":"https:\/\/www.facebook.com\/SonoraEE","article_published_time":"2024-06-08T21:40:58+00:00","og_image":[{"width":800,"height":450,"url":"https:\/\/www.sonoraenequipo.com.mx\/storage\/2024\/06\/mats-uts.jpg","type":"image\/jpeg"}],"author":"enequipo","twitter_card":"summary_large_image","twitter_creator":"@sonoraenequipo","twitter_site":"@sonoraenequipo","twitter_misc":{"Escrito por":"enequipo","Tiempo de lectura":"2 minutos"},"schema":{"@context":"https:\/\/schema.org","@graph":[{"@type":"Article","@id":"https:\/\/www.sonoraenequipo.com.mx\/contara-sonora-con-una-red-de-academias-de-matematicas-de-universidades-tecnologicas\/#article","isPartOf":{"@id":"https:\/\/www.sonoraenequipo.com.mx\/contara-sonora-con-una-red-de-academias-de-matematicas-de-universidades-tecnologicas\/"},"author":{"name":"enequipo","@id":"https:\/\/www.sonoraenequipo.com.mx\/#\/schema\/person\/50102df0fb23a8fa9e8effad8fa81386"},"headline":"Contar\u00e1 Sonora con una Red de Academias de Matem\u00e1ticas de Universidades Tecnol\u00f3gicas","datePublished":"2024-06-08T21:40:58+00:00","mainEntityOfPage":{"@id":"https:\/\/www.sonoraenequipo.com.mx\/contara-sonora-con-una-red-de-academias-de-matematicas-de-universidades-tecnologicas\/"},"wordCount":378,"commentCount":0,"publisher":{"@id":"https:\/\/www.sonoraenequipo.com.mx\/#organization"},"image":{"@id":"https:\/\/www.sonoraenequipo.com.mx\/contara-sonora-con-una-red-de-academias-de-matematicas-de-universidades-tecnologicas\/#primaryimage"},"thumbnailUrl":"https:\/\/www.sonoraenequipo.com.mx\/storage\/2024\/06\/mats-uts.jpg","keywords":["UTS"],"articleSection":["Ciencia y Tecnolog\u00eda"],"inLanguage":"es","potentialAction":[{"@type":"CommentAction","name":"Comment","target":["https:\/\/www.sonoraenequipo.com.mx\/contara-sonora-con-una-red-de-academias-de-matematicas-de-universidades-tecnologicas\/#respond"]}]},{"@type":"WebPage","@id":"https:\/\/www.sonoraenequipo.com.mx\/contara-sonora-con-una-red-de-academias-de-matematicas-de-universidades-tecnologicas\/","url":"https:\/\/www.sonoraenequipo.com.mx\/contara-sonora-con-una-red-de-academias-de-matematicas-de-universidades-tecnologicas\/","name":"Sonora en Equipo. Contar\u00e1 Sonora con una Red de Academias de Matem\u00e1ticas de Universidades Tecnol\u00f3gicas Ciencia y Tecnolog\u00eda","isPartOf":{"@id":"https:\/\/www.sonoraenequipo.com.mx\/#website"},"primaryImageOfPage":{"@id":"https:\/\/www.sonoraenequipo.com.mx\/contara-sonora-con-una-red-de-academias-de-matematicas-de-universidades-tecnologicas\/#primaryimage"},"image":{"@id":"https:\/\/www.sonoraenequipo.com.mx\/contara-sonora-con-una-red-de-academias-de-matematicas-de-universidades-tecnologicas\/#primaryimage"},"thumbnailUrl":"https:\/\/www.sonoraenequipo.com.mx\/storage\/2024\/06\/mats-uts.jpg","datePublished":"2024-06-08T21:40:58+00:00","description":"HERMOSILLO, SONORA, MX. \u0336 \u0336 \u00a0Con el objetivo de fomentar la integraci\u00f3n de docentes y estudiantes en actividades colaborativas vinculadas a las En Sonora en Equipo publicamos toda la informaci\u00f3n de Sonora, M\u00e9xico y el Mundo de manera oportuna y busca que la libertad de expresi\u00f3n sea real. Visita nuestro medio informativo publicado desde Hermosillo, Sonora. %","breadcrumb":{"@id":"https:\/\/www.sonoraenequipo.com.mx\/contara-sonora-con-una-red-de-academias-de-matematicas-de-universidades-tecnologicas\/#breadcrumb"},"inLanguage":"es","potentialAction":[{"@type":"ReadAction","target":["https:\/\/www.sonoraenequipo.com.mx\/contara-sonora-con-una-red-de-academias-de-matematicas-de-universidades-tecnologicas\/"]}]},{"@type":"ImageObject","inLanguage":"es","@id":"https:\/\/www.sonoraenequipo.com.mx\/contara-sonora-con-una-red-de-academias-de-matematicas-de-universidades-tecnologicas\/#primaryimage","url":"https:\/\/www.sonoraenequipo.com.mx\/storage\/2024\/06\/mats-uts.jpg","contentUrl":"https:\/\/www.sonoraenequipo.com.mx\/storage\/2024\/06\/mats-uts.jpg","width":800,"height":450},{"@type":"BreadcrumbList","@id":"https:\/\/www.sonoraenequipo.com.mx\/contara-sonora-con-una-red-de-academias-de-matematicas-de-universidades-tecnologicas\/#breadcrumb","itemListElement":[{"@type":"ListItem","position":1,"name":"Portada","item":"https:\/\/www.sonoraenequipo.com.mx\/"},{"@type":"ListItem","position":2,"name":"Contar\u00e1 Sonora con una Red de Academias de Matem\u00e1ticas de Universidades Tecnol\u00f3gicas"}]},{"@type":"WebSite","@id":"https:\/\/www.sonoraenequipo.com.mx\/#website","url":"https:\/\/www.sonoraenequipo.com.mx\/","name":"Sonora en Equipo.","description":"Diario en l\u00ednea con Noticias desde Hermosillo, Sonora","publisher":{"@id":"https:\/\/www.sonoraenequipo.com.mx\/#organization"},"potentialAction":[{"@type":"SearchAction","target":{"@type":"EntryPoint","urlTemplate":"https:\/\/www.sonoraenequipo.com.mx\/?s={search_term_string}"},"query-input":{"@type":"PropertyValueSpecification","valueRequired":true,"valueName":"search_term_string"}}],"inLanguage":"es"},{"@type":"Organization","@id":"https:\/\/www.sonoraenequipo.com.mx\/#organization","name":"Sonoraenequipo.com.mx","url":"https:\/\/www.sonoraenequipo.com.mx\/","logo":{"@type":"ImageObject","inLanguage":"es","@id":"https:\/\/www.sonoraenequipo.com.mx\/#\/schema\/logo\/image\/","url":"https:\/\/www.sonoraenequipo.com.mx\/storage\/2019\/01\/sonoraenequipo_opt.png","contentUrl":"https:\/\/www.sonoraenequipo.com.mx\/storage\/2019\/01\/sonoraenequipo_opt.png","width":375,"height":125,"caption":"Sonoraenequipo.com.mx"},"image":{"@id":"https:\/\/www.sonoraenequipo.com.mx\/#\/schema\/logo\/image\/"},"sameAs":["https:\/\/www.facebook.com\/SonoraEE\/","https:\/\/x.com\/sonoraenequipo","https:\/\/www.youtube.com\/channel\/UC338nW-lPEYmJQs4ZABQ1SQ"]},{"@type":"Person","@id":"https:\/\/www.sonoraenequipo.com.mx\/#\/schema\/person\/50102df0fb23a8fa9e8effad8fa81386","name":"enequipo","image":{"@type":"ImageObject","inLanguage":"es","@id":"https:\/\/www.sonoraenequipo.com.mx\/#\/schema\/person\/image\/","url":"https:\/\/secure.gravatar.com\/avatar\/049821681b589dabc0bc20695993ccebb09f5b5d4d790cd9251b97faac7c652b?s=96&d=blank&r=g","contentUrl":"https:\/\/secure.gravatar.com\/avatar\/049821681b589dabc0bc20695993ccebb09f5b5d4d790cd9251b97faac7c652b?s=96&d=blank&r=g","caption":"enequipo"},"sameAs":["https:\/\/www.facebook.com\/SonoraEE"]}]}},"jetpack_featured_media_url":"https:\/\/www.sonoraenequipo.com.mx\/storage\/2024\/06\/mats-uts.jpg","_links":{"self":[{"href":"https:\/\/www.sonoraenequipo.com.mx\/api\/wp\/v2\/posts\/191644","targetHints":{"allow":["GET"]}}],"collection":[{"href":"https:\/\/www.sonoraenequipo.com.mx\/api\/wp\/v2\/posts"}],"about":[{"href":"https:\/\/www.sonoraenequipo.com.mx\/api\/wp\/v2\/types\/post"}],"author":[{"embeddable":true,"href":"https:\/\/www.sonoraenequipo.com.mx\/api\/wp\/v2\/users\/1"}],"replies":[{"embeddable":true,"href":"https:\/\/www.sonoraenequipo.com.mx\/api\/wp\/v2\/comments?post=191644"}],"version-history":[{"count":1,"href":"https:\/\/www.sonoraenequipo.com.mx\/api\/wp\/v2\/posts\/191644\/revisions"}],"predecessor-version":[{"id":191646,"href":"https:\/\/www.sonoraenequipo.com.mx\/api\/wp\/v2\/posts\/191644\/revisions\/191646"}],"wp:featuredmedia":[{"embeddable":true,"href":"https:\/\/www.sonoraenequipo.com.mx\/api\/wp\/v2\/media\/191645"}],"wp:attachment":[{"href":"https:\/\/www.sonoraenequipo.com.mx\/api\/wp\/v2\/media?parent=191644"}],"wp:term":[{"taxonomy":"category","embeddable":true,"href":"https:\/\/www.sonoraenequipo.com.mx\/api\/wp\/v2\/categories?post=191644"},{"taxonomy":"post_tag","embeddable":true,"href":"https:\/\/www.sonoraenequipo.com.mx\/api\/wp\/v2\/tags?post=191644"}],"curies":[{"name":"wp","href":"https:\/\/api.w.org\/{rel}","templated":true}]}}