{"id":191648,"date":"2024-06-08T15:11:30","date_gmt":"2024-06-08T22:11:30","guid":{"rendered":"https:\/\/www.sonoraenequipo.com.mx\/?p=191648"},"modified":"2024-06-08T15:11:30","modified_gmt":"2024-06-08T22:11:30","slug":"fuerzas-israelies-liberan-a-4-rehenes-secuestrados-por-hamas-en-octubre","status":"publish","type":"post","link":"https:\/\/www.sonoraenequipo.com.mx\/fuerzas-israelies-liberan-a-4-rehenes-secuestrados-por-hamas-en-octubre\/","title":{"rendered":"Fuerzas israel\u00edes liberan a 4 rehenes  secuestrados por Ham\u00e1s en octubre"},"content":{"rendered":"<p>Las fuerzas israel\u00edes rescataron el s\u00e1bado a cuatro rehenes en dos lugares de Al Nuseirat, en la zona central de Gaza, inform\u00f3 el Ej\u00e9rcito, ocho meses despu\u00e9s de que fueran secuestrados por militantes de Ham\u00e1s.<\/p>\n<p>&nbsp;<\/p>\n<p>Los cuatro rehenes, tres hombres y una mujer que fueron secuestrados el 7 de octubre en el festival de m\u00fasica Nova, en el sur de Israel, fueron trasladados a un hospital para ser sometidos a controles m\u00e9dicos, dijeron los militares, y se encuentran en buen estado de salud.<\/p>\n<p>&nbsp;<\/p>\n<p>Fueron identificados como Noa Argamani, de 25 a\u00f1os, Almog Meir Jan, de 21, Andrey Kozlov, de 27, y Shlomi Ziv, de 40. Los rehenes fueron rescatados en dos sitios distintos en el centro de Nuseirat, se\u00f1alaron las fuerzas militares.<\/p>\n<p>&nbsp;<\/p>\n<p>Ham\u00e1s tom\u00f3 a 250 personas como reh\u00e9n durante su asalto en el sur de Israel el 7 de octubre, que desat\u00f3 la guerra entre Israel y el grupo militante. Alrededor de la mitad de esas personas fueron liberadas durante un cese del fuego de una semana de duraci\u00f3n en noviembre.<\/p>\n<p>&nbsp;<\/p>\n<p>ONU incluir\u00e1 a Israel y Ham\u00e1s en lista de quienes violan derechos de los ni\u00f1os en conflictos armados INSERTAR SHARE<\/p>\n<p>ONU incluir\u00e1 a Israel y Ham\u00e1s en lista de quienes violan derechos de los ni\u00f1os en conflictos armados<\/p>\n<p>fuerzas israel\u00edes liberan a 4 rehenes \u00a0que fueron secuestrados por Ham\u00e1s el 7 de octubre<\/p>\n<p>Israel dijo que m\u00e1s de 130 personas siguen cautivas, y se cree que una cuarta parte ha muerto. Mientras tanto, las divisiones se est\u00e1n profundizando en el pa\u00eds para encontrar la mejor forma de traerlos de vuelta a casa.<\/p>\n<p>&nbsp;<\/p>\n<p>El asesor de seguridad de EEU, Jake Sullivan, se refiri\u00f3 al rescate de rehenes al se\u00f1alar que \u201cahora est\u00e1n a salvo y reunidos con sus familias\u201d y reiter\u00f3 el apoyo de su pa\u00eds a \u201clos esfuerzos para lograr la liberaci\u00f3n\u201d de aquellos que a\u00fan mantienen Ham\u00e1s, incluidos los ciudadanos estadounidenses. \u201cTodos deben ser liberados&#8230; ahora\u201d, se\u00f1al\u00f3.<\/p>\n<p>&nbsp;<\/p>\n<p>Sullivan tambi\u00e9n manifest\u00f3 que el acuerdo de liberaci\u00f3n de los retenidos y alto el fuego que ahora est\u00e1 sobre la mesa \u201cgarantizar\u00eda la liberaci\u00f3n de todos los rehenes restantes junto con garant\u00edas de seguridad para Israel y socorro para los civiles inocentes en Gaza\u201d, un acuerdo que mantiene el respaldo de EEUU.<\/p>\n<p>La presi\u00f3n sigue en aumento<\/p>\n<p>El rescate se produce mientras aumenta la presi\u00f3n internacional sobre Israel para que limite las v\u00edctimas civiles en su guerra en la Franja de Gaza, que cumpli\u00f3 ocho meses el viernes. El secretario de Estado de Estados Unidos, Antony Blinken, regresar\u00e1 a Oriente Medio la pr\u00f3xima semana para tratar de avanzar en las negociaciones sobre el alto el fuego entre Israel y Ham\u00e1s, aparentemente estancadas.<\/p>\n<p>Israel dijo que m\u00e1s de 130 personas siguen cautivas, y se cree que una cuarta parte ha muerto. Mientras tanto, las divisiones se est\u00e1n profundizando en el pa\u00eds para encontrar la mejor forma de traerlos de vuelta a casa.<\/p>\n<p>&nbsp;<\/p>\n<p>El asesor de seguridad de EEU, Jake Sullivan, se refiri\u00f3 al rescate de rehenes al se\u00f1alar que \u201cahora est\u00e1n a salvo y reunidos con sus familias\u201d y reiter\u00f3 el apoyo de su pa\u00eds a \u201clos esfuerzos para lograr la liberaci\u00f3n\u201d de aquellos que a\u00fan mantienen Ham\u00e1s, incluidos los ciudadanos estadounidenses. \u201cTodos deben ser liberados&#8230; ahora\u201d, se\u00f1al\u00f3.<\/p>\n<p>&nbsp;<\/p>\n<p>Sullivan tambi\u00e9n manifest\u00f3 que el acuerdo de liberaci\u00f3n de los retenidos y alto el fuego que ahora est\u00e1 sobre la mesa \u201cgarantizar\u00eda la liberaci\u00f3n de todos los rehenes restantes junto con garant\u00edas de seguridad para Israel y socorro para los civiles inocentes en Gaza\u201d, un acuerdo que mantiene el respaldo de EEUU.<\/p>\n<p>&nbsp;<\/p>\n<p>La ofensiva israel\u00ed ha matado a por lo menos 36.000 palestinos, de acuerdo con el Ministerio de Salud de Gaza, cuyo conteo no distingue entre combatientes y civiles.<\/p>\n<p>&nbsp;<\/p>\n<p>El operativo del s\u00e1bado es el mayor rescate de rehenes con vida desde que estall\u00f3 la guerra, elevando el total de rehenes rescatados a siete.<\/p>\n<p>&nbsp;<\/p>\n<p>Dos hombres fueron rescatados en febrero, cuando las tropas asaltaron un apartamento fuertemente custodiado en una ciudad densamente poblada, y otra reh\u00e9n, una mujer, fue rescatada tras el ataque de octubre. Las tropas israel\u00edes han recuperado hasta ahora al menos 16 cad\u00e1veres de rehenes de Gaza, seg\u00fan el gobierno.<\/p>\n<p>El primer ministro israel\u00ed, Benjamin Netanyahu, se enfrenta a una creciente presi\u00f3n para que ponga fin a los combates en Gaza. Muchos israel\u00edes le instan a que acepte el acuerdo anunciado el mes pasado por el presidente estadounidense, Joe Biden, pero sus aliados de extrema derecha amenazan con derrumbar su gobierno si lo hace.<\/p>\n<p>&nbsp;<\/p>\n<p>Una de las rescatadas el s\u00e1bado, Argamani, ha sido una de las rehenes m\u00e1s reconocidas desde que fue secuestrada en un festival de m\u00fasica.<\/p>\n<p>&nbsp;<\/p>\n<p>El video de su secuestro fue uno de los primeros en salir a la luz, im\u00e1genes de su rostro horrorizado ampliamente compartidas: Argamani detenida entre dos hombres en una motocicleta, con un brazo extendido y el otro sujeto mientras grita: \u201c\u00a1No me maten!\u201d.<\/p>\n<p>&nbsp;<\/p>\n<p>Su madre, Liora, padece un c\u00e1ncer cerebral en fase cuatro y en abril public\u00f3 un video en el que suplicaba poder ver a su hija antes de morir.<\/p>\n<p><strong>Fecha de publicaci\u00f3n s\u00e1bado 8 de junio de 2024 \/ VOA<\/strong><\/p>\n<p>&nbsp;<\/p>\n<p>[Con informaci\u00f3n de AP y Reuters]<\/p>\n<p>&nbsp;<\/p>\n","protected":false},"excerpt":{"rendered":"<p>Las fuerzas israel\u00edes rescataron el s\u00e1bado a cuatro rehenes en dos lugares de Al Nuseirat,&#8230;<\/p>\n","protected":false},"author":1,"featured_media":191649,"comment_status":"open","ping_status":"open","sticky":false,"template":"","format":"standard","meta":{"_monsterinsights_skip_tracking":false,"_monsterinsights_sitenote_active":false,"_monsterinsights_sitenote_note":"","_monsterinsights_sitenote_category":0,"footnotes":""},"categories":[1],"tags":[144,9026],"class_list":["post"],"yoast_head":" \n<title>Sonora en Equipo. Fuerzas israel\u00edes liberan a 4 rehenes secuestrados por Ham\u00e1s en octubre<\/title>\n<meta name=\"description\" content=\"Las fuerzas israel\u00edes rescataron el s\u00e1bado a cuatro rehenes en dos lugares de Al Nuseirat, en la zona central de Gaza, inform\u00f3 el Ej\u00e9rcito, ocho meses En Sonora en Equipo publicamos toda la informaci\u00f3n de Sonora, M\u00e9xico y el Mundo de manera oportuna y busca que la libertad de expresi\u00f3n sea real. Visita nuestro medio informativo publicado desde Hermosillo, Sonora. %\" \/>\n<meta name=\"robots\" content=\"index, follow, max-snippet:-1, max-image-preview:large, max-video-preview:-1\" \/>\n<link rel=\"canonical\" href=\"https:\/\/www.sonoraenequipo.com.mx\/fuerzas-israelies-liberan-a-4-rehenes-secuestrados-por-hamas-en-octubre\/\" \/>\n<meta property=\"og:locale\" content=\"es_ES\" \/>\n<meta property=\"og:type\" content=\"article\" \/>\n<meta property=\"og:title\" content=\"Sonora en Equipo. Fuerzas israel\u00edes liberan a 4 rehenes secuestrados por Ham\u00e1s en octubre\" \/>\n<meta property=\"og:description\" content=\"Las fuerzas israel\u00edes rescataron el s\u00e1bado a cuatro rehenes en dos lugares de Al Nuseirat, en la zona central de Gaza, inform\u00f3 el Ej\u00e9rcito, ocho meses En Sonora en Equipo publicamos toda la informaci\u00f3n de Sonora, M\u00e9xico y el Mundo de manera oportuna y busca que la libertad de expresi\u00f3n sea real. Visita nuestro medio informativo publicado desde Hermosillo, Sonora. %\" \/>\n<meta property=\"og:url\" content=\"https:\/\/www.sonoraenequipo.com.mx\/fuerzas-israelies-liberan-a-4-rehenes-secuestrados-por-hamas-en-octubre\/\" \/>\n<meta property=\"og:site_name\" content=\"Sonora en Equipo.\" \/>\n<meta property=\"article:publisher\" content=\"https:\/\/www.facebook.com\/SonoraEE\/\" \/>\n<meta property=\"article:author\" content=\"https:\/\/www.facebook.com\/SonoraEE\" \/>\n<meta property=\"article:published_time\" content=\"2024-06-08T22:11:30+00:00\" \/>\n<meta property=\"og:image\" content=\"https:\/\/www.sonoraenequipo.com.mx\/storage\/2024\/06\/fuerzas-israel.jpg\" \/>\n\t<meta property=\"og:image:width\" content=\"800\" \/>\n\t<meta property=\"og:image:height\" content=\"450\" \/>\n\t<meta property=\"og:image:type\" content=\"image\/jpeg\" \/>\n<meta name=\"author\" content=\"enequipo\" \/>\n<meta name=\"twitter:card\" content=\"summary_large_image\" \/>\n<meta name=\"twitter:creator\" content=\"@sonoraenequipo\" \/>\n<meta name=\"twitter:site\" content=\"@sonoraenequipo\" \/>\n<meta name=\"twitter:label1\" content=\"Escrito por\" \/>\n\t<meta name=\"twitter:data1\" content=\"enequipo\" \/>\n\t<meta name=\"twitter:label2\" content=\"Tiempo de lectura\" \/>\n\t<meta name=\"twitter:data2\" content=\"5 minutos\" \/>\n<script type=\"application\/ld+json\" class=\"yoast-schema-graph\">{\"@context\":\"https:\/\/schema.org\",\"@graph\":[{\"@type\":\"Article\",\"@id\":\"https:\/\/www.sonoraenequipo.com.mx\/fuerzas-israelies-liberan-a-4-rehenes-secuestrados-por-hamas-en-octubre\/#article\",\"isPartOf\":{\"@id\":\"https:\/\/www.sonoraenequipo.com.mx\/fuerzas-israelies-liberan-a-4-rehenes-secuestrados-por-hamas-en-octubre\/\"},\"author\":{\"name\":\"enequipo\",\"@id\":\"https:\/\/www.sonoraenequipo.com.mx\/#\/schema\/person\/50102df0fb23a8fa9e8effad8fa81386\"},\"headline\":\"Fuerzas israel\u00edes liberan a 4 rehenes secuestrados por Ham\u00e1s en octubre\",\"datePublished\":\"2024-06-08T22:11:30+00:00\",\"mainEntityOfPage\":{\"@id\":\"https:\/\/www.sonoraenequipo.com.mx\/fuerzas-israelies-liberan-a-4-rehenes-secuestrados-por-hamas-en-octubre\/\"},\"wordCount\":937,\"commentCount\":0,\"publisher\":{\"@id\":\"https:\/\/www.sonoraenequipo.com.mx\/#organization\"},\"image\":{\"@id\":\"https:\/\/www.sonoraenequipo.com.mx\/fuerzas-israelies-liberan-a-4-rehenes-secuestrados-por-hamas-en-octubre\/#primaryimage\"},\"thumbnailUrl\":\"https:\/\/www.sonoraenequipo.com.mx\/storage\/2024\/06\/fuerzas-israel.jpg\",\"keywords\":[\"guerra\",\"guerra israel hamas\"],\"articleSection\":[\"Sin categorizar\"],\"inLanguage\":\"es\",\"potentialAction\":[{\"@type\":\"CommentAction\",\"name\":\"Comment\",\"target\":[\"https:\/\/www.sonoraenequipo.com.mx\/fuerzas-israelies-liberan-a-4-rehenes-secuestrados-por-hamas-en-octubre\/#respond\"]}]},{\"@type\":\"WebPage\",\"@id\":\"https:\/\/www.sonoraenequipo.com.mx\/fuerzas-israelies-liberan-a-4-rehenes-secuestrados-por-hamas-en-octubre\/\",\"url\":\"https:\/\/www.sonoraenequipo.com.mx\/fuerzas-israelies-liberan-a-4-rehenes-secuestrados-por-hamas-en-octubre\/\",\"name\":\"Sonora en Equipo. Fuerzas israel\u00edes liberan a 4 rehenes secuestrados por Ham\u00e1s en octubre\",\"isPartOf\":{\"@id\":\"https:\/\/www.sonoraenequipo.com.mx\/#website\"},\"primaryImageOfPage\":{\"@id\":\"https:\/\/www.sonoraenequipo.com.mx\/fuerzas-israelies-liberan-a-4-rehenes-secuestrados-por-hamas-en-octubre\/#primaryimage\"},\"image\":{\"@id\":\"https:\/\/www.sonoraenequipo.com.mx\/fuerzas-israelies-liberan-a-4-rehenes-secuestrados-por-hamas-en-octubre\/#primaryimage\"},\"thumbnailUrl\":\"https:\/\/www.sonoraenequipo.com.mx\/storage\/2024\/06\/fuerzas-israel.jpg\",\"datePublished\":\"2024-06-08T22:11:30+00:00\",\"description\":\"Las fuerzas israel\u00edes rescataron el s\u00e1bado a cuatro rehenes en dos lugares de Al Nuseirat, en la zona central de Gaza, inform\u00f3 el Ej\u00e9rcito, ocho meses En Sonora en Equipo publicamos toda la informaci\u00f3n de Sonora, M\u00e9xico y el Mundo de manera oportuna y busca que la libertad de expresi\u00f3n sea real. Visita nuestro medio informativo publicado desde Hermosillo, Sonora. %\",\"breadcrumb\":{\"@id\":\"https:\/\/www.sonoraenequipo.com.mx\/fuerzas-israelies-liberan-a-4-rehenes-secuestrados-por-hamas-en-octubre\/#breadcrumb\"},\"inLanguage\":\"es\",\"potentialAction\":[{\"@type\":\"ReadAction\",\"target\":[\"https:\/\/www.sonoraenequipo.com.mx\/fuerzas-israelies-liberan-a-4-rehenes-secuestrados-por-hamas-en-octubre\/\"]}]},{\"@type\":\"ImageObject\",\"inLanguage\":\"es\",\"@id\":\"https:\/\/www.sonoraenequipo.com.mx\/fuerzas-israelies-liberan-a-4-rehenes-secuestrados-por-hamas-en-octubre\/#primaryimage\",\"url\":\"https:\/\/www.sonoraenequipo.com.mx\/storage\/2024\/06\/fuerzas-israel.jpg\",\"contentUrl\":\"https:\/\/www.sonoraenequipo.com.mx\/storage\/2024\/06\/fuerzas-israel.jpg\",\"width\":800,\"height\":450,\"caption\":\"Veh\u00edculos blindados israel\u00edes en Deir al Balah, Franja de Gaza, el 8 de junio de 2024.\"},{\"@type\":\"BreadcrumbList\",\"@id\":\"https:\/\/www.sonoraenequipo.com.mx\/fuerzas-israelies-liberan-a-4-rehenes-secuestrados-por-hamas-en-octubre\/#breadcrumb\",\"itemListElement\":[{\"@type\":\"ListItem\",\"position\":1,\"name\":\"Portada\",\"item\":\"https:\/\/www.sonoraenequipo.com.mx\/\"},{\"@type\":\"ListItem\",\"position\":2,\"name\":\"Fuerzas israel\u00edes liberan a 4 rehenes secuestrados por Ham\u00e1s en octubre\"}]},{\"@type\":\"WebSite\",\"@id\":\"https:\/\/www.sonoraenequipo.com.mx\/#website\",\"url\":\"https:\/\/www.sonoraenequipo.com.mx\/\",\"name\":\"Sonora en Equipo.\",\"description\":\"Diario en l\u00ednea con Noticias desde Hermosillo, Sonora\",\"publisher\":{\"@id\":\"https:\/\/www.sonoraenequipo.com.mx\/#organization\"},\"potentialAction\":[{\"@type\":\"SearchAction\",\"target\":{\"@type\":\"EntryPoint\",\"urlTemplate\":\"https:\/\/www.sonoraenequipo.com.mx\/?s={search_term_string}\"},\"query-input\":{\"@type\":\"PropertyValueSpecification\",\"valueRequired\":true,\"valueName\":\"search_term_string\"}}],\"inLanguage\":\"es\"},{\"@type\":\"Organization\",\"@id\":\"https:\/\/www.sonoraenequipo.com.mx\/#organization\",\"name\":\"Sonoraenequipo.com.mx\",\"url\":\"https:\/\/www.sonoraenequipo.com.mx\/\",\"logo\":{\"@type\":\"ImageObject\",\"inLanguage\":\"es\",\"@id\":\"https:\/\/www.sonoraenequipo.com.mx\/#\/schema\/logo\/image\/\",\"url\":\"https:\/\/www.sonoraenequipo.com.mx\/storage\/2019\/01\/sonoraenequipo_opt.png\",\"contentUrl\":\"https:\/\/www.sonoraenequipo.com.mx\/storage\/2019\/01\/sonoraenequipo_opt.png\",\"width\":375,\"height\":125,\"caption\":\"Sonoraenequipo.com.mx\"},\"image\":{\"@id\":\"https:\/\/www.sonoraenequipo.com.mx\/#\/schema\/logo\/image\/\"},\"sameAs\":[\"https:\/\/www.facebook.com\/SonoraEE\/\",\"https:\/\/x.com\/sonoraenequipo\",\"https:\/\/www.youtube.com\/channel\/UC338nW-lPEYmJQs4ZABQ1SQ\"]},{\"@type\":\"Person\",\"@id\":\"https:\/\/www.sonoraenequipo.com.mx\/#\/schema\/person\/50102df0fb23a8fa9e8effad8fa81386\",\"name\":\"enequipo\",\"image\":{\"@type\":\"ImageObject\",\"inLanguage\":\"es\",\"@id\":\"https:\/\/www.sonoraenequipo.com.mx\/#\/schema\/person\/image\/\",\"url\":\"https:\/\/secure.gravatar.com\/avatar\/049821681b589dabc0bc20695993ccebb09f5b5d4d790cd9251b97faac7c652b?s=96&d=blank&r=g\",\"contentUrl\":\"https:\/\/secure.gravatar.com\/avatar\/049821681b589dabc0bc20695993ccebb09f5b5d4d790cd9251b97faac7c652b?s=96&d=blank&r=g\",\"caption\":\"enequipo\"},\"sameAs\":[\"https:\/\/www.facebook.com\/SonoraEE\"]}]}<\/script>\n ","yoast_head_json":{"title":"Sonora en Equipo. Fuerzas israel\u00edes liberan a 4 rehenes secuestrados por Ham\u00e1s en octubre","description":"Las fuerzas israel\u00edes rescataron el s\u00e1bado a cuatro rehenes en dos lugares de Al Nuseirat, en la zona central de Gaza, inform\u00f3 el Ej\u00e9rcito, ocho meses En Sonora en Equipo publicamos toda la informaci\u00f3n de Sonora, M\u00e9xico y el Mundo de manera oportuna y busca que la libertad de expresi\u00f3n sea real. Visita nuestro medio informativo publicado desde Hermosillo, Sonora. %","robots":{"index":"index","follow":"follow","max-snippet":"max-snippet:-1","max-image-preview":"max-image-preview:large","max-video-preview":"max-video-preview:-1"},"canonical":"https:\/\/www.sonoraenequipo.com.mx\/fuerzas-israelies-liberan-a-4-rehenes-secuestrados-por-hamas-en-octubre\/","og_locale":"es_ES","og_type":"article","og_title":"Sonora en Equipo. Fuerzas israel\u00edes liberan a 4 rehenes secuestrados por Ham\u00e1s en octubre","og_description":"Las fuerzas israel\u00edes rescataron el s\u00e1bado a cuatro rehenes en dos lugares de Al Nuseirat, en la zona central de Gaza, inform\u00f3 el Ej\u00e9rcito, ocho meses En Sonora en Equipo publicamos toda la informaci\u00f3n de Sonora, M\u00e9xico y el Mundo de manera oportuna y busca que la libertad de expresi\u00f3n sea real. Visita nuestro medio informativo publicado desde Hermosillo, Sonora. %","og_url":"https:\/\/www.sonoraenequipo.com.mx\/fuerzas-israelies-liberan-a-4-rehenes-secuestrados-por-hamas-en-octubre\/","og_site_name":"Sonora en Equipo.","article_publisher":"https:\/\/www.facebook.com\/SonoraEE\/","article_author":"https:\/\/www.facebook.com\/SonoraEE","article_published_time":"2024-06-08T22:11:30+00:00","og_image":[{"width":800,"height":450,"url":"https:\/\/www.sonoraenequipo.com.mx\/storage\/2024\/06\/fuerzas-israel.jpg","type":"image\/jpeg"}],"author":"enequipo","twitter_card":"summary_large_image","twitter_creator":"@sonoraenequipo","twitter_site":"@sonoraenequipo","twitter_misc":{"Escrito por":"enequipo","Tiempo de lectura":"5 minutos"},"schema":{"@context":"https:\/\/schema.org","@graph":[{"@type":"Article","@id":"https:\/\/www.sonoraenequipo.com.mx\/fuerzas-israelies-liberan-a-4-rehenes-secuestrados-por-hamas-en-octubre\/#article","isPartOf":{"@id":"https:\/\/www.sonoraenequipo.com.mx\/fuerzas-israelies-liberan-a-4-rehenes-secuestrados-por-hamas-en-octubre\/"},"author":{"name":"enequipo","@id":"https:\/\/www.sonoraenequipo.com.mx\/#\/schema\/person\/50102df0fb23a8fa9e8effad8fa81386"},"headline":"Fuerzas israel\u00edes liberan a 4 rehenes secuestrados por Ham\u00e1s en octubre","datePublished":"2024-06-08T22:11:30+00:00","mainEntityOfPage":{"@id":"https:\/\/www.sonoraenequipo.com.mx\/fuerzas-israelies-liberan-a-4-rehenes-secuestrados-por-hamas-en-octubre\/"},"wordCount":937,"commentCount":0,"publisher":{"@id":"https:\/\/www.sonoraenequipo.com.mx\/#organization"},"image":{"@id":"https:\/\/www.sonoraenequipo.com.mx\/fuerzas-israelies-liberan-a-4-rehenes-secuestrados-por-hamas-en-octubre\/#primaryimage"},"thumbnailUrl":"https:\/\/www.sonoraenequipo.com.mx\/storage\/2024\/06\/fuerzas-israel.jpg","keywords":["guerra","guerra israel hamas"],"articleSection":["Sin categorizar"],"inLanguage":"es","potentialAction":[{"@type":"CommentAction","name":"Comment","target":["https:\/\/www.sonoraenequipo.com.mx\/fuerzas-israelies-liberan-a-4-rehenes-secuestrados-por-hamas-en-octubre\/#respond"]}]},{"@type":"WebPage","@id":"https:\/\/www.sonoraenequipo.com.mx\/fuerzas-israelies-liberan-a-4-rehenes-secuestrados-por-hamas-en-octubre\/","url":"https:\/\/www.sonoraenequipo.com.mx\/fuerzas-israelies-liberan-a-4-rehenes-secuestrados-por-hamas-en-octubre\/","name":"Sonora en Equipo. Fuerzas israel\u00edes liberan a 4 rehenes secuestrados por Ham\u00e1s en octubre","isPartOf":{"@id":"https:\/\/www.sonoraenequipo.com.mx\/#website"},"primaryImageOfPage":{"@id":"https:\/\/www.sonoraenequipo.com.mx\/fuerzas-israelies-liberan-a-4-rehenes-secuestrados-por-hamas-en-octubre\/#primaryimage"},"image":{"@id":"https:\/\/www.sonoraenequipo.com.mx\/fuerzas-israelies-liberan-a-4-rehenes-secuestrados-por-hamas-en-octubre\/#primaryimage"},"thumbnailUrl":"https:\/\/www.sonoraenequipo.com.mx\/storage\/2024\/06\/fuerzas-israel.jpg","datePublished":"2024-06-08T22:11:30+00:00","description":"Las fuerzas israel\u00edes rescataron el s\u00e1bado a cuatro rehenes en dos lugares de Al Nuseirat, en la zona central de Gaza, inform\u00f3 el Ej\u00e9rcito, ocho meses En Sonora en Equipo publicamos toda la informaci\u00f3n de Sonora, M\u00e9xico y el Mundo de manera oportuna y busca que la libertad de expresi\u00f3n sea real. Visita nuestro medio informativo publicado desde Hermosillo, Sonora. %","breadcrumb":{"@id":"https:\/\/www.sonoraenequipo.com.mx\/fuerzas-israelies-liberan-a-4-rehenes-secuestrados-por-hamas-en-octubre\/#breadcrumb"},"inLanguage":"es","potentialAction":[{"@type":"ReadAction","target":["https:\/\/www.sonoraenequipo.com.mx\/fuerzas-israelies-liberan-a-4-rehenes-secuestrados-por-hamas-en-octubre\/"]}]},{"@type":"ImageObject","inLanguage":"es","@id":"https:\/\/www.sonoraenequipo.com.mx\/fuerzas-israelies-liberan-a-4-rehenes-secuestrados-por-hamas-en-octubre\/#primaryimage","url":"https:\/\/www.sonoraenequipo.com.mx\/storage\/2024\/06\/fuerzas-israel.jpg","contentUrl":"https:\/\/www.sonoraenequipo.com.mx\/storage\/2024\/06\/fuerzas-israel.jpg","width":800,"height":450,"caption":"Veh\u00edculos blindados israel\u00edes en Deir al Balah, Franja de Gaza, el 8 de junio de 2024."},{"@type":"BreadcrumbList","@id":"https:\/\/www.sonoraenequipo.com.mx\/fuerzas-israelies-liberan-a-4-rehenes-secuestrados-por-hamas-en-octubre\/#breadcrumb","itemListElement":[{"@type":"ListItem","position":1,"name":"Portada","item":"https:\/\/www.sonoraenequipo.com.mx\/"},{"@type":"ListItem","position":2,"name":"Fuerzas israel\u00edes liberan a 4 rehenes secuestrados por Ham\u00e1s en octubre"}]},{"@type":"WebSite","@id":"https:\/\/www.sonoraenequipo.com.mx\/#website","url":"https:\/\/www.sonoraenequipo.com.mx\/","name":"Sonora en Equipo.","description":"Diario en l\u00ednea con Noticias desde Hermosillo, Sonora","publisher":{"@id":"https:\/\/www.sonoraenequipo.com.mx\/#organization"},"potentialAction":[{"@type":"SearchAction","target":{"@type":"EntryPoint","urlTemplate":"https:\/\/www.sonoraenequipo.com.mx\/?s={search_term_string}"},"query-input":{"@type":"PropertyValueSpecification","valueRequired":true,"valueName":"search_term_string"}}],"inLanguage":"es"},{"@type":"Organization","@id":"https:\/\/www.sonoraenequipo.com.mx\/#organization","name":"Sonoraenequipo.com.mx","url":"https:\/\/www.sonoraenequipo.com.mx\/","logo":{"@type":"ImageObject","inLanguage":"es","@id":"https:\/\/www.sonoraenequipo.com.mx\/#\/schema\/logo\/image\/","url":"https:\/\/www.sonoraenequipo.com.mx\/storage\/2019\/01\/sonoraenequipo_opt.png","contentUrl":"https:\/\/www.sonoraenequipo.com.mx\/storage\/2019\/01\/sonoraenequipo_opt.png","width":375,"height":125,"caption":"Sonoraenequipo.com.mx"},"image":{"@id":"https:\/\/www.sonoraenequipo.com.mx\/#\/schema\/logo\/image\/"},"sameAs":["https:\/\/www.facebook.com\/SonoraEE\/","https:\/\/x.com\/sonoraenequipo","https:\/\/www.youtube.com\/channel\/UC338nW-lPEYmJQs4ZABQ1SQ"]},{"@type":"Person","@id":"https:\/\/www.sonoraenequipo.com.mx\/#\/schema\/person\/50102df0fb23a8fa9e8effad8fa81386","name":"enequipo","image":{"@type":"ImageObject","inLanguage":"es","@id":"https:\/\/www.sonoraenequipo.com.mx\/#\/schema\/person\/image\/","url":"https:\/\/secure.gravatar.com\/avatar\/049821681b589dabc0bc20695993ccebb09f5b5d4d790cd9251b97faac7c652b?s=96&d=blank&r=g","contentUrl":"https:\/\/secure.gravatar.com\/avatar\/049821681b589dabc0bc20695993ccebb09f5b5d4d790cd9251b97faac7c652b?s=96&d=blank&r=g","caption":"enequipo"},"sameAs":["https:\/\/www.facebook.com\/SonoraEE"]}]}},"jetpack_featured_media_url":"https:\/\/www.sonoraenequipo.com.mx\/storage\/2024\/06\/fuerzas-israel.jpg","_links":{"self":[{"href":"https:\/\/www.sonoraenequipo.com.mx\/api\/wp\/v2\/posts\/191648","targetHints":{"allow":["GET"]}}],"collection":[{"href":"https:\/\/www.sonoraenequipo.com.mx\/api\/wp\/v2\/posts"}],"about":[{"href":"https:\/\/www.sonoraenequipo.com.mx\/api\/wp\/v2\/types\/post"}],"author":[{"embeddable":true,"href":"https:\/\/www.sonoraenequipo.com.mx\/api\/wp\/v2\/users\/1"}],"replies":[{"embeddable":true,"href":"https:\/\/www.sonoraenequipo.com.mx\/api\/wp\/v2\/comments?post=191648"}],"version-history":[{"count":1,"href":"https:\/\/www.sonoraenequipo.com.mx\/api\/wp\/v2\/posts\/191648\/revisions"}],"predecessor-version":[{"id":191650,"href":"https:\/\/www.sonoraenequipo.com.mx\/api\/wp\/v2\/posts\/191648\/revisions\/191650"}],"wp:featuredmedia":[{"embeddable":true,"href":"https:\/\/www.sonoraenequipo.com.mx\/api\/wp\/v2\/media\/191649"}],"wp:attachment":[{"href":"https:\/\/www.sonoraenequipo.com.mx\/api\/wp\/v2\/media?parent=191648"}],"wp:term":[{"taxonomy":"category","embeddable":true,"href":"https:\/\/www.sonoraenequipo.com.mx\/api\/wp\/v2\/categories?post=191648"},{"taxonomy":"post_tag","embeddable":true,"href":"https:\/\/www.sonoraenequipo.com.mx\/api\/wp\/v2\/tags?post=191648"}],"curies":[{"name":"wp","href":"https:\/\/api.w.org\/{rel}","templated":true}]}}