{"id":191659,"date":"2024-06-08T17:38:06","date_gmt":"2024-06-09T00:38:06","guid":{"rendered":"https:\/\/www.sonoraenequipo.com.mx\/?p=191659"},"modified":"2024-06-08T18:12:01","modified_gmt":"2024-06-09T01:12:01","slug":"aplicaran-el-plan-dn-iii-en-la-sierra-mazateca-oaxaca","status":"publish","type":"post","link":"https:\/\/www.sonoraenequipo.com.mx\/aplicaran-el-plan-dn-iii-en-la-sierra-mazateca-oaxaca\/","title":{"rendered":"Aplicar\u00e1n el Plan DN-III en la Sierra Mazateca, Oaxaca"},"content":{"rendered":"<p><strong>OAXACA, OAXACA. MX. \u2014<\/strong> El gobierno federal implementar\u00e1 de manera urgente el Plan DN-III para enfrentar la emergencia que se da a consecuencia de los incendios que existen en la Sierra Mazateca.<\/p>\n<p>&nbsp;<\/p>\n<p>&nbsp;<\/p>\n<p> <\/p>\n<p>Diversas organizaciones ambientalistas y ciudadanos mazatecos preocupados ante la crisis de incendios forestales que azota la regi\u00f3n de la Ca\u00f1ada, conocida como la Sierra Mazateca, en Oaxaca, pidieron al presidente Andr\u00e9s Manuel L\u00f3pez Obrador y al gobernador Salom\u00f3n Jara Cruz, intervenir lo antes posible en esta emergencia.<\/p>\n<p>&nbsp;<\/p>\n<p>Durante los \u00faltimos 15 d\u00edas, 20 incendios forestales afectan municipios como San Jos\u00e9 Tenango, Huautla de Jim\u00e9nez, Santa Mar\u00eda la Asunci\u00f3n, Ayutla, San Miguel y Santa Mar\u00eda Chilchotla.<\/p>\n<blockquote class=\"twitter-tweet\" data-width=\"550\" data-dnt=\"true\">\n<p lang=\"es\" dir=\"ltr\">INCENDIO FORESTAL ACTIVO, en la Sierra Mazateca, <a href=\"https:\/\/twitter.com\/hashtag\/Oaxaca?src=hash&amp;ref_src=twsrc%5Etfw\">#Oaxaca<\/a>, no se ha podido contener y los brigadistas est\u00e1n rebasados.<br \/>Ay\u00fadenme a compartir, por favor amigos \ud83d\udc47\ud83c\udffc<a href=\"https:\/\/twitter.com\/hashtag\/IncendioForestal?src=hash&amp;ref_src=twsrc%5Etfw\">#IncendioForestal<\/a> <a href=\"https:\/\/twitter.com\/hashtag\/SierraMazateca?src=hash&amp;ref_src=twsrc%5Etfw\">#SierraMazateca<\/a><br \/>RT RT <a href=\"https:\/\/t.co\/yht4H1FyDw\">pic.twitter.com\/yht4H1FyDw<\/a><\/p>\n<p>&mdash; lady bird (@MissAtomicF) <a href=\"https:\/\/twitter.com\/MissAtomicF\/status\/1798862491419914593?ref_src=twsrc%5Etfw\">June 6, 2024<\/a><\/p><\/blockquote>\n<p><script async src=\"https:\/\/platform.twitter.com\/widgets.js\" charset=\"utf-8\"><\/script><\/p>\n<p>Las comunidades locales, a pesar de sus esfuerzos, no han logrado controlar las llamas que ya devastaron la flora y fauna de la zona, con impactos severos en los ecosistemas mazatecos.<\/p>\n<p>&nbsp;<\/p>\n<p>Esta situaci\u00f3n que lleva ya m\u00e1s de tres d\u00edas amenaza los hogares de residentes vulnerables y ha provocado enfermedades respiratorias entre la poblaci\u00f3n.<\/p>\n<blockquote class=\"twitter-tweet\" data-width=\"550\" data-dnt=\"true\">\n<p lang=\"es\" dir=\"ltr\">Lic <a href=\"https:\/\/twitter.com\/alejandromurat?ref_src=twsrc%5Etfw\">@alejandromurat<\/a> requerimos de su apoyo para sofocar el incendio en la sierra Mazateca de Oaxaca, toda ayuda es bienvenida. V\u00edveres, medicamentos, helic\u00f3pteros \ud83d\ude81 <a href=\"https:\/\/t.co\/Rx2vaYPZjs\">pic.twitter.com\/Rx2vaYPZjs<\/a><\/p>\n<p>&mdash; Eudaldo (@LaloRoga1) <a href=\"https:\/\/twitter.com\/LaloRoga1\/status\/1798739263552631115?ref_src=twsrc%5Etfw\">June 6, 2024<\/a><\/p><\/blockquote>\n<p><script async src=\"https:\/\/platform.twitter.com\/widgets.js\" charset=\"utf-8\"><\/script><\/p>\n<p>&nbsp;<\/p>\n<p>&nbsp;<\/p>\n<p>&nbsp;<\/p>\n<p>Los habitantes solicitan la implementaci\u00f3n del Plan DN-III para enfrentar esta emergencia, ya que los recursos locales no son suficientes para proteger vidas humanas. Tambi\u00e9n se pide el apoyo de la CONAFOR para salvaguardar estos territorios.<\/p>\n<p>&nbsp;<\/p>\n<p>&nbsp;<\/p>\n<p>A trav\u00e9s de la plataforma www.change.org se puede firmar la petici\u00f3n que busca reunir 5 mil firmas, as\u00ed como apoyos econ\u00f3micos que ir\u00e1n destinados a la causa.<\/p>\n<p>&nbsp;<\/p>\n<p>&nbsp;<\/p>\n<p>Mazatecos, investigadores, organizaciones, activistas y civiles firmaron esta petici\u00f3n, agradeciendo de antemano la pronta atenci\u00f3n y acci\u00f3n de las autoridades competentes.<\/p>\n<p>&nbsp;<\/p>\n<p>&nbsp;<\/p>\n<p>PUBLICADO EL 08 DE JUNIO DE 2024 Con informaci\u00f3n de AFP)<\/p>\n","protected":false},"excerpt":{"rendered":"<p>OAXACA, OAXACA. MX. \u2014 El gobierno federal implementar\u00e1 de manera urgente el Plan DN-III para&#8230;<\/p>\n","protected":false},"author":1,"featured_media":191660,"comment_status":"open","ping_status":"open","sticky":false,"template":"","format":"standard","meta":{"_monsterinsights_skip_tracking":false,"_monsterinsights_sitenote_active":false,"_monsterinsights_sitenote_note":"","_monsterinsights_sitenote_category":0,"footnotes":""},"categories":[5],"tags":[],"class_list":["post"],"yoast_head":" \n<title>Sonora en Equipo. Aplicar\u00e1n el Plan DN-III en la Sierra Mazateca, Oaxaca Rep\u00fablica<\/title>\n<meta name=\"description\" content=\"OAXACA, OAXACA. MX. \u2014 El gobierno federal implementar\u00e1 de manera urgente el Plan DN-III para enfrentar la emergencia que se da a consecuencia de los En Sonora en Equipo publicamos toda la informaci\u00f3n de Sonora, M\u00e9xico y el Mundo de manera oportuna y busca que la libertad de expresi\u00f3n sea real. Visita nuestro medio informativo publicado desde Hermosillo, Sonora. %\" \/>\n<meta name=\"robots\" content=\"index, follow, max-snippet:-1, max-image-preview:large, max-video-preview:-1\" \/>\n<link rel=\"canonical\" href=\"https:\/\/www.sonoraenequipo.com.mx\/aplicaran-el-plan-dn-iii-en-la-sierra-mazateca-oaxaca\/\" \/>\n<meta property=\"og:locale\" content=\"es_ES\" \/>\n<meta property=\"og:type\" content=\"article\" \/>\n<meta property=\"og:title\" content=\"Sonora en Equipo. Aplicar\u00e1n el Plan DN-III en la Sierra Mazateca, Oaxaca Rep\u00fablica\" \/>\n<meta property=\"og:description\" content=\"OAXACA, OAXACA. MX. \u2014 El gobierno federal implementar\u00e1 de manera urgente el Plan DN-III para enfrentar la emergencia que se da a consecuencia de los En Sonora en Equipo publicamos toda la informaci\u00f3n de Sonora, M\u00e9xico y el Mundo de manera oportuna y busca que la libertad de expresi\u00f3n sea real. Visita nuestro medio informativo publicado desde Hermosillo, Sonora. %\" \/>\n<meta property=\"og:url\" content=\"https:\/\/www.sonoraenequipo.com.mx\/aplicaran-el-plan-dn-iii-en-la-sierra-mazateca-oaxaca\/\" \/>\n<meta property=\"og:site_name\" content=\"Sonora en Equipo.\" \/>\n<meta property=\"article:publisher\" content=\"https:\/\/www.facebook.com\/SonoraEE\/\" \/>\n<meta property=\"article:author\" content=\"https:\/\/www.facebook.com\/SonoraEE\" \/>\n<meta property=\"article:published_time\" content=\"2024-06-09T00:38:06+00:00\" \/>\n<meta property=\"article:modified_time\" content=\"2024-06-09T01:12:01+00:00\" \/>\n<meta property=\"og:image\" content=\"https:\/\/www.sonoraenequipo.com.mx\/storage\/2024\/06\/incendio-en-oaxaca-min.jpg\" \/>\n\t<meta property=\"og:image:width\" content=\"1280\" \/>\n\t<meta property=\"og:image:height\" content=\"720\" \/>\n\t<meta property=\"og:image:type\" content=\"image\/jpeg\" \/>\n<meta name=\"author\" content=\"enequipo\" \/>\n<meta name=\"twitter:card\" content=\"summary_large_image\" \/>\n<meta name=\"twitter:creator\" content=\"@sonoraenequipo\" \/>\n<meta name=\"twitter:site\" content=\"@sonoraenequipo\" \/>\n<meta name=\"twitter:label1\" content=\"Escrito por\" \/>\n\t<meta name=\"twitter:data1\" content=\"enequipo\" \/>\n\t<meta name=\"twitter:label2\" content=\"Tiempo de lectura\" \/>\n\t<meta name=\"twitter:data2\" content=\"1 minuto\" \/>\n<script type=\"application\/ld+json\" class=\"yoast-schema-graph\">{\"@context\":\"https:\/\/schema.org\",\"@graph\":[{\"@type\":\"Article\",\"@id\":\"https:\/\/www.sonoraenequipo.com.mx\/aplicaran-el-plan-dn-iii-en-la-sierra-mazateca-oaxaca\/#article\",\"isPartOf\":{\"@id\":\"https:\/\/www.sonoraenequipo.com.mx\/aplicaran-el-plan-dn-iii-en-la-sierra-mazateca-oaxaca\/\"},\"author\":{\"name\":\"enequipo\",\"@id\":\"https:\/\/www.sonoraenequipo.com.mx\/#\/schema\/person\/50102df0fb23a8fa9e8effad8fa81386\"},\"headline\":\"Aplicar\u00e1n el Plan DN-III en la Sierra Mazateca, Oaxaca\",\"datePublished\":\"2024-06-09T00:38:06+00:00\",\"dateModified\":\"2024-06-09T01:12:01+00:00\",\"mainEntityOfPage\":{\"@id\":\"https:\/\/www.sonoraenequipo.com.mx\/aplicaran-el-plan-dn-iii-en-la-sierra-mazateca-oaxaca\/\"},\"wordCount\":309,\"commentCount\":0,\"publisher\":{\"@id\":\"https:\/\/www.sonoraenequipo.com.mx\/#organization\"},\"image\":{\"@id\":\"https:\/\/www.sonoraenequipo.com.mx\/aplicaran-el-plan-dn-iii-en-la-sierra-mazateca-oaxaca\/#primaryimage\"},\"thumbnailUrl\":\"https:\/\/www.sonoraenequipo.com.mx\/storage\/2024\/06\/incendio-en-oaxaca-min.jpg\",\"articleSection\":[\"Rep\u00fablica\"],\"inLanguage\":\"es\",\"potentialAction\":[{\"@type\":\"CommentAction\",\"name\":\"Comment\",\"target\":[\"https:\/\/www.sonoraenequipo.com.mx\/aplicaran-el-plan-dn-iii-en-la-sierra-mazateca-oaxaca\/#respond\"]}]},{\"@type\":\"WebPage\",\"@id\":\"https:\/\/www.sonoraenequipo.com.mx\/aplicaran-el-plan-dn-iii-en-la-sierra-mazateca-oaxaca\/\",\"url\":\"https:\/\/www.sonoraenequipo.com.mx\/aplicaran-el-plan-dn-iii-en-la-sierra-mazateca-oaxaca\/\",\"name\":\"Sonora en Equipo. Aplicar\u00e1n el Plan DN-III en la Sierra Mazateca, Oaxaca Rep\u00fablica\",\"isPartOf\":{\"@id\":\"https:\/\/www.sonoraenequipo.com.mx\/#website\"},\"primaryImageOfPage\":{\"@id\":\"https:\/\/www.sonoraenequipo.com.mx\/aplicaran-el-plan-dn-iii-en-la-sierra-mazateca-oaxaca\/#primaryimage\"},\"image\":{\"@id\":\"https:\/\/www.sonoraenequipo.com.mx\/aplicaran-el-plan-dn-iii-en-la-sierra-mazateca-oaxaca\/#primaryimage\"},\"thumbnailUrl\":\"https:\/\/www.sonoraenequipo.com.mx\/storage\/2024\/06\/incendio-en-oaxaca-min.jpg\",\"datePublished\":\"2024-06-09T00:38:06+00:00\",\"dateModified\":\"2024-06-09T01:12:01+00:00\",\"description\":\"OAXACA, OAXACA. MX. \u2014 El gobierno federal implementar\u00e1 de manera urgente el Plan DN-III para enfrentar la emergencia que se da a consecuencia de los En Sonora en Equipo publicamos toda la informaci\u00f3n de Sonora, M\u00e9xico y el Mundo de manera oportuna y busca que la libertad de expresi\u00f3n sea real. Visita nuestro medio informativo publicado desde Hermosillo, Sonora. %\",\"breadcrumb\":{\"@id\":\"https:\/\/www.sonoraenequipo.com.mx\/aplicaran-el-plan-dn-iii-en-la-sierra-mazateca-oaxaca\/#breadcrumb\"},\"inLanguage\":\"es\",\"potentialAction\":[{\"@type\":\"ReadAction\",\"target\":[\"https:\/\/www.sonoraenequipo.com.mx\/aplicaran-el-plan-dn-iii-en-la-sierra-mazateca-oaxaca\/\"]}]},{\"@type\":\"ImageObject\",\"inLanguage\":\"es\",\"@id\":\"https:\/\/www.sonoraenequipo.com.mx\/aplicaran-el-plan-dn-iii-en-la-sierra-mazateca-oaxaca\/#primaryimage\",\"url\":\"https:\/\/www.sonoraenequipo.com.mx\/storage\/2024\/06\/incendio-en-oaxaca-min.jpg\",\"contentUrl\":\"https:\/\/www.sonoraenequipo.com.mx\/storage\/2024\/06\/incendio-en-oaxaca-min.jpg\",\"width\":1280,\"height\":720},{\"@type\":\"BreadcrumbList\",\"@id\":\"https:\/\/www.sonoraenequipo.com.mx\/aplicaran-el-plan-dn-iii-en-la-sierra-mazateca-oaxaca\/#breadcrumb\",\"itemListElement\":[{\"@type\":\"ListItem\",\"position\":1,\"name\":\"Portada\",\"item\":\"https:\/\/www.sonoraenequipo.com.mx\/\"},{\"@type\":\"ListItem\",\"position\":2,\"name\":\"Aplicar\u00e1n el Plan DN-III en la Sierra Mazateca, Oaxaca\"}]},{\"@type\":\"WebSite\",\"@id\":\"https:\/\/www.sonoraenequipo.com.mx\/#website\",\"url\":\"https:\/\/www.sonoraenequipo.com.mx\/\",\"name\":\"Sonora en Equipo.\",\"description\":\"Diario en l\u00ednea con Noticias desde Hermosillo, Sonora\",\"publisher\":{\"@id\":\"https:\/\/www.sonoraenequipo.com.mx\/#organization\"},\"potentialAction\":[{\"@type\":\"SearchAction\",\"target\":{\"@type\":\"EntryPoint\",\"urlTemplate\":\"https:\/\/www.sonoraenequipo.com.mx\/?s={search_term_string}\"},\"query-input\":{\"@type\":\"PropertyValueSpecification\",\"valueRequired\":true,\"valueName\":\"search_term_string\"}}],\"inLanguage\":\"es\"},{\"@type\":\"Organization\",\"@id\":\"https:\/\/www.sonoraenequipo.com.mx\/#organization\",\"name\":\"Sonoraenequipo.com.mx\",\"url\":\"https:\/\/www.sonoraenequipo.com.mx\/\",\"logo\":{\"@type\":\"ImageObject\",\"inLanguage\":\"es\",\"@id\":\"https:\/\/www.sonoraenequipo.com.mx\/#\/schema\/logo\/image\/\",\"url\":\"https:\/\/www.sonoraenequipo.com.mx\/storage\/2019\/01\/sonoraenequipo_opt.png\",\"contentUrl\":\"https:\/\/www.sonoraenequipo.com.mx\/storage\/2019\/01\/sonoraenequipo_opt.png\",\"width\":375,\"height\":125,\"caption\":\"Sonoraenequipo.com.mx\"},\"image\":{\"@id\":\"https:\/\/www.sonoraenequipo.com.mx\/#\/schema\/logo\/image\/\"},\"sameAs\":[\"https:\/\/www.facebook.com\/SonoraEE\/\",\"https:\/\/x.com\/sonoraenequipo\",\"https:\/\/www.youtube.com\/channel\/UC338nW-lPEYmJQs4ZABQ1SQ\"]},{\"@type\":\"Person\",\"@id\":\"https:\/\/www.sonoraenequipo.com.mx\/#\/schema\/person\/50102df0fb23a8fa9e8effad8fa81386\",\"name\":\"enequipo\",\"image\":{\"@type\":\"ImageObject\",\"inLanguage\":\"es\",\"@id\":\"https:\/\/www.sonoraenequipo.com.mx\/#\/schema\/person\/image\/\",\"url\":\"https:\/\/secure.gravatar.com\/avatar\/049821681b589dabc0bc20695993ccebb09f5b5d4d790cd9251b97faac7c652b?s=96&d=blank&r=g\",\"contentUrl\":\"https:\/\/secure.gravatar.com\/avatar\/049821681b589dabc0bc20695993ccebb09f5b5d4d790cd9251b97faac7c652b?s=96&d=blank&r=g\",\"caption\":\"enequipo\"},\"sameAs\":[\"https:\/\/www.facebook.com\/SonoraEE\"]}]}<\/script>\n ","yoast_head_json":{"title":"Sonora en Equipo. Aplicar\u00e1n el Plan DN-III en la Sierra Mazateca, Oaxaca Rep\u00fablica","description":"OAXACA, OAXACA. MX. \u2014 El gobierno federal implementar\u00e1 de manera urgente el Plan DN-III para enfrentar la emergencia que se da a consecuencia de los En Sonora en Equipo publicamos toda la informaci\u00f3n de Sonora, M\u00e9xico y el Mundo de manera oportuna y busca que la libertad de expresi\u00f3n sea real. Visita nuestro medio informativo publicado desde Hermosillo, Sonora. %","robots":{"index":"index","follow":"follow","max-snippet":"max-snippet:-1","max-image-preview":"max-image-preview:large","max-video-preview":"max-video-preview:-1"},"canonical":"https:\/\/www.sonoraenequipo.com.mx\/aplicaran-el-plan-dn-iii-en-la-sierra-mazateca-oaxaca\/","og_locale":"es_ES","og_type":"article","og_title":"Sonora en Equipo. Aplicar\u00e1n el Plan DN-III en la Sierra Mazateca, Oaxaca Rep\u00fablica","og_description":"OAXACA, OAXACA. MX. \u2014 El gobierno federal implementar\u00e1 de manera urgente el Plan DN-III para enfrentar la emergencia que se da a consecuencia de los En Sonora en Equipo publicamos toda la informaci\u00f3n de Sonora, M\u00e9xico y el Mundo de manera oportuna y busca que la libertad de expresi\u00f3n sea real. Visita nuestro medio informativo publicado desde Hermosillo, Sonora. %","og_url":"https:\/\/www.sonoraenequipo.com.mx\/aplicaran-el-plan-dn-iii-en-la-sierra-mazateca-oaxaca\/","og_site_name":"Sonora en Equipo.","article_publisher":"https:\/\/www.facebook.com\/SonoraEE\/","article_author":"https:\/\/www.facebook.com\/SonoraEE","article_published_time":"2024-06-09T00:38:06+00:00","article_modified_time":"2024-06-09T01:12:01+00:00","og_image":[{"width":1280,"height":720,"url":"https:\/\/www.sonoraenequipo.com.mx\/storage\/2024\/06\/incendio-en-oaxaca-min.jpg","type":"image\/jpeg"}],"author":"enequipo","twitter_card":"summary_large_image","twitter_creator":"@sonoraenequipo","twitter_site":"@sonoraenequipo","twitter_misc":{"Escrito por":"enequipo","Tiempo de lectura":"1 minuto"},"schema":{"@context":"https:\/\/schema.org","@graph":[{"@type":"Article","@id":"https:\/\/www.sonoraenequipo.com.mx\/aplicaran-el-plan-dn-iii-en-la-sierra-mazateca-oaxaca\/#article","isPartOf":{"@id":"https:\/\/www.sonoraenequipo.com.mx\/aplicaran-el-plan-dn-iii-en-la-sierra-mazateca-oaxaca\/"},"author":{"name":"enequipo","@id":"https:\/\/www.sonoraenequipo.com.mx\/#\/schema\/person\/50102df0fb23a8fa9e8effad8fa81386"},"headline":"Aplicar\u00e1n el Plan DN-III en la Sierra Mazateca, Oaxaca","datePublished":"2024-06-09T00:38:06+00:00","dateModified":"2024-06-09T01:12:01+00:00","mainEntityOfPage":{"@id":"https:\/\/www.sonoraenequipo.com.mx\/aplicaran-el-plan-dn-iii-en-la-sierra-mazateca-oaxaca\/"},"wordCount":309,"commentCount":0,"publisher":{"@id":"https:\/\/www.sonoraenequipo.com.mx\/#organization"},"image":{"@id":"https:\/\/www.sonoraenequipo.com.mx\/aplicaran-el-plan-dn-iii-en-la-sierra-mazateca-oaxaca\/#primaryimage"},"thumbnailUrl":"https:\/\/www.sonoraenequipo.com.mx\/storage\/2024\/06\/incendio-en-oaxaca-min.jpg","articleSection":["Rep\u00fablica"],"inLanguage":"es","potentialAction":[{"@type":"CommentAction","name":"Comment","target":["https:\/\/www.sonoraenequipo.com.mx\/aplicaran-el-plan-dn-iii-en-la-sierra-mazateca-oaxaca\/#respond"]}]},{"@type":"WebPage","@id":"https:\/\/www.sonoraenequipo.com.mx\/aplicaran-el-plan-dn-iii-en-la-sierra-mazateca-oaxaca\/","url":"https:\/\/www.sonoraenequipo.com.mx\/aplicaran-el-plan-dn-iii-en-la-sierra-mazateca-oaxaca\/","name":"Sonora en Equipo. Aplicar\u00e1n el Plan DN-III en la Sierra Mazateca, Oaxaca Rep\u00fablica","isPartOf":{"@id":"https:\/\/www.sonoraenequipo.com.mx\/#website"},"primaryImageOfPage":{"@id":"https:\/\/www.sonoraenequipo.com.mx\/aplicaran-el-plan-dn-iii-en-la-sierra-mazateca-oaxaca\/#primaryimage"},"image":{"@id":"https:\/\/www.sonoraenequipo.com.mx\/aplicaran-el-plan-dn-iii-en-la-sierra-mazateca-oaxaca\/#primaryimage"},"thumbnailUrl":"https:\/\/www.sonoraenequipo.com.mx\/storage\/2024\/06\/incendio-en-oaxaca-min.jpg","datePublished":"2024-06-09T00:38:06+00:00","dateModified":"2024-06-09T01:12:01+00:00","description":"OAXACA, OAXACA. MX. \u2014 El gobierno federal implementar\u00e1 de manera urgente el Plan DN-III para enfrentar la emergencia que se da a consecuencia de los En Sonora en Equipo publicamos toda la informaci\u00f3n de Sonora, M\u00e9xico y el Mundo de manera oportuna y busca que la libertad de expresi\u00f3n sea real. Visita nuestro medio informativo publicado desde Hermosillo, Sonora. %","breadcrumb":{"@id":"https:\/\/www.sonoraenequipo.com.mx\/aplicaran-el-plan-dn-iii-en-la-sierra-mazateca-oaxaca\/#breadcrumb"},"inLanguage":"es","potentialAction":[{"@type":"ReadAction","target":["https:\/\/www.sonoraenequipo.com.mx\/aplicaran-el-plan-dn-iii-en-la-sierra-mazateca-oaxaca\/"]}]},{"@type":"ImageObject","inLanguage":"es","@id":"https:\/\/www.sonoraenequipo.com.mx\/aplicaran-el-plan-dn-iii-en-la-sierra-mazateca-oaxaca\/#primaryimage","url":"https:\/\/www.sonoraenequipo.com.mx\/storage\/2024\/06\/incendio-en-oaxaca-min.jpg","contentUrl":"https:\/\/www.sonoraenequipo.com.mx\/storage\/2024\/06\/incendio-en-oaxaca-min.jpg","width":1280,"height":720},{"@type":"BreadcrumbList","@id":"https:\/\/www.sonoraenequipo.com.mx\/aplicaran-el-plan-dn-iii-en-la-sierra-mazateca-oaxaca\/#breadcrumb","itemListElement":[{"@type":"ListItem","position":1,"name":"Portada","item":"https:\/\/www.sonoraenequipo.com.mx\/"},{"@type":"ListItem","position":2,"name":"Aplicar\u00e1n el Plan DN-III en la Sierra Mazateca, Oaxaca"}]},{"@type":"WebSite","@id":"https:\/\/www.sonoraenequipo.com.mx\/#website","url":"https:\/\/www.sonoraenequipo.com.mx\/","name":"Sonora en Equipo.","description":"Diario en l\u00ednea con Noticias desde Hermosillo, Sonora","publisher":{"@id":"https:\/\/www.sonoraenequipo.com.mx\/#organization"},"potentialAction":[{"@type":"SearchAction","target":{"@type":"EntryPoint","urlTemplate":"https:\/\/www.sonoraenequipo.com.mx\/?s={search_term_string}"},"query-input":{"@type":"PropertyValueSpecification","valueRequired":true,"valueName":"search_term_string"}}],"inLanguage":"es"},{"@type":"Organization","@id":"https:\/\/www.sonoraenequipo.com.mx\/#organization","name":"Sonoraenequipo.com.mx","url":"https:\/\/www.sonoraenequipo.com.mx\/","logo":{"@type":"ImageObject","inLanguage":"es","@id":"https:\/\/www.sonoraenequipo.com.mx\/#\/schema\/logo\/image\/","url":"https:\/\/www.sonoraenequipo.com.mx\/storage\/2019\/01\/sonoraenequipo_opt.png","contentUrl":"https:\/\/www.sonoraenequipo.com.mx\/storage\/2019\/01\/sonoraenequipo_opt.png","width":375,"height":125,"caption":"Sonoraenequipo.com.mx"},"image":{"@id":"https:\/\/www.sonoraenequipo.com.mx\/#\/schema\/logo\/image\/"},"sameAs":["https:\/\/www.facebook.com\/SonoraEE\/","https:\/\/x.com\/sonoraenequipo","https:\/\/www.youtube.com\/channel\/UC338nW-lPEYmJQs4ZABQ1SQ"]},{"@type":"Person","@id":"https:\/\/www.sonoraenequipo.com.mx\/#\/schema\/person\/50102df0fb23a8fa9e8effad8fa81386","name":"enequipo","image":{"@type":"ImageObject","inLanguage":"es","@id":"https:\/\/www.sonoraenequipo.com.mx\/#\/schema\/person\/image\/","url":"https:\/\/secure.gravatar.com\/avatar\/049821681b589dabc0bc20695993ccebb09f5b5d4d790cd9251b97faac7c652b?s=96&d=blank&r=g","contentUrl":"https:\/\/secure.gravatar.com\/avatar\/049821681b589dabc0bc20695993ccebb09f5b5d4d790cd9251b97faac7c652b?s=96&d=blank&r=g","caption":"enequipo"},"sameAs":["https:\/\/www.facebook.com\/SonoraEE"]}]}},"jetpack_featured_media_url":"https:\/\/www.sonoraenequipo.com.mx\/storage\/2024\/06\/incendio-en-oaxaca-min.jpg","_links":{"self":[{"href":"https:\/\/www.sonoraenequipo.com.mx\/api\/wp\/v2\/posts\/191659","targetHints":{"allow":["GET"]}}],"collection":[{"href":"https:\/\/www.sonoraenequipo.com.mx\/api\/wp\/v2\/posts"}],"about":[{"href":"https:\/\/www.sonoraenequipo.com.mx\/api\/wp\/v2\/types\/post"}],"author":[{"embeddable":true,"href":"https:\/\/www.sonoraenequipo.com.mx\/api\/wp\/v2\/users\/1"}],"replies":[{"embeddable":true,"href":"https:\/\/www.sonoraenequipo.com.mx\/api\/wp\/v2\/comments?post=191659"}],"version-history":[{"count":1,"href":"https:\/\/www.sonoraenequipo.com.mx\/api\/wp\/v2\/posts\/191659\/revisions"}],"predecessor-version":[{"id":191661,"href":"https:\/\/www.sonoraenequipo.com.mx\/api\/wp\/v2\/posts\/191659\/revisions\/191661"}],"wp:featuredmedia":[{"embeddable":true,"href":"https:\/\/www.sonoraenequipo.com.mx\/api\/wp\/v2\/media\/191660"}],"wp:attachment":[{"href":"https:\/\/www.sonoraenequipo.com.mx\/api\/wp\/v2\/media?parent=191659"}],"wp:term":[{"taxonomy":"category","embeddable":true,"href":"https:\/\/www.sonoraenequipo.com.mx\/api\/wp\/v2\/categories?post=191659"},{"taxonomy":"post_tag","embeddable":true,"href":"https:\/\/www.sonoraenequipo.com.mx\/api\/wp\/v2\/tags?post=191659"}],"curies":[{"name":"wp","href":"https:\/\/api.w.org\/{rel}","templated":true}]}}