{"id":191663,"date":"2024-06-08T18:37:52","date_gmt":"2024-06-09T01:37:52","guid":{"rendered":"https:\/\/www.sonoraenequipo.com.mx\/?p=191663"},"modified":"2024-06-08T18:37:52","modified_gmt":"2024-06-09T01:37:52","slug":"prd-a-un-paso-de-perder-su-registro-como-partido-politico","status":"publish","type":"post","link":"https:\/\/www.sonoraenequipo.com.mx\/prd-a-un-paso-de-perder-su-registro-como-partido-politico\/","title":{"rendered":"PRD a un paso de perder su registro como partido pol\u00edtico"},"content":{"rendered":"<p><strong>CIUDAD DE M\u00c9XIO.MX. \u2014<\/strong>\u00a0 El Partido de la Revoluci\u00f3n Democr\u00e1tica (PRD) est\u00e1 al borde de perder su estatus como partido pol\u00edtico nacional tras no alcanzar el umbral m\u00ednimo del 3% de los votos en las recientes elecciones, de acuerdo con los resultados oficiales.<\/p>\n<p>&nbsp;<\/p>\n<p>&nbsp;<\/p>\n<p> <\/p>\n<p>Seg\u00fan el 100% de los c\u00f3mputos distritales, el PRD obtuvo solo el 1.86% de la votaci\u00f3n total, equivalente a un mill\u00f3n 121 mil 007 votos<\/p>\n<p>&nbsp;<\/p>\n<p>&nbsp;<\/p>\n<p>Formado en 1989 por figuras pol\u00edticas destacadas como Cuauht\u00e9moc C\u00e1rdenas, Porfirio Mu\u00f1oz Ledo e Ifigenia Mart\u00ednez, el PRD buscaba representar una nueva opci\u00f3n pol\u00edtica en M\u00e9xico. Sin embargo, los recientes resultados electorales ponen en peligro su continuidad como partido registrado.<\/p>\n<p>&nbsp;<\/p>\n<p>&nbsp;<\/p>\n<p>En las elecciones presidenciales, el PRD no logr\u00f3 superar el umbral del 3% de los votos. En las elecciones para senadores, obtuvo el 2.13%, y para diputados, el 2.45%. Estos porcentajes est\u00e1n por debajo del requisito constitucional para mantener su registro.<\/p>\n<p>&nbsp;<\/p>\n<p>Zambrano, en negaci\u00f3n<\/p>\n<blockquote class=\"twitter-tweet\" data-width=\"550\" data-dnt=\"true\">\n<p lang=\"es\" dir=\"ltr\">\u00a1Es falso que el <a href=\"https:\/\/twitter.com\/INEMexico?ref_src=twsrc%5Etfw\">@INEMexico<\/a> haya declarado que perdimos el registro!<\/p>\n<p>Seguimos trabajando en los 300 distritos electorales federales del pa\u00eds con nuestra militancia, nuestras y nuestros compa\u00f1eros, revisando uno a uno los paquetes electorales.<\/p>\n<p>Vamos avanzando y dejando claro que\u2026 <a href=\"https:\/\/t.co\/R7MA2H5iJ6\">pic.twitter.com\/R7MA2H5iJ6<\/a><\/p>\n<p>&mdash; Jes\u00fas Zambrano (@Jesus_ZambranoG) <a href=\"https:\/\/twitter.com\/Jesus_ZambranoG\/status\/1798909025347940780?ref_src=twsrc%5Etfw\">June 7, 2024<\/a><\/p><\/blockquote>\n<p><script async src=\"https:\/\/platform.twitter.com\/widgets.js\" charset=\"utf-8\"><\/script><\/p>\n<p>&nbsp;<\/p>\n<p>Jes\u00fas Zambrano, l\u00edder del PRD, neg\u00f3 que el partido haya perdido su registro, a pesar de los resultados. En redes sociales, Zambrano se\u00f1al\u00f3 que los c\u00f3mputos distritales a\u00fan no han concluido y que seguir\u00e1n en la pelea para rescatar votos. Adem\u00e1s, mencion\u00f3 que presentar\u00e1n su defensa ante el Tribunal Electoral por violaciones graves a la Constituci\u00f3n y leyes electorales.<\/p>\n<p>&nbsp;<\/p>\n<p>&nbsp;<\/p>\n<p><em><strong>\u201cEl PRD est\u00e1 vivo. Falso que hayamos perdido el registro legal\u201d, expres\u00f3 Zambrano. Asimismo, en una entrevista, indic\u00f3 que se est\u00e1n preparando para demostrar que obtuvieron la votaci\u00f3n necesaria. \u201cTengo la certeza, de que vamos a estar arriba de ese l\u00edmite de registro legal del 3%\u201d<\/strong><\/em>, afirm\u00f3 Zambrano.<\/p>\n<p>&nbsp;<\/p>\n<p>De acuerdo con el art\u00edculo 41 de la Constituci\u00f3n, \u201cEl partido pol\u00edtico nacional que no obtenga, al menos, el 3% del total de la votaci\u00f3n v\u00e1lida emitida en cualquiera de las elecciones que se celebren para la renovaci\u00f3n del Poder Ejecutivo o de las C\u00e1maras del Congreso de la Uni\u00f3n, le ser\u00e1 cancelado el registro\u201d.<\/p>\n<p>&nbsp;<\/p>\n<p>&nbsp;<\/p>\n<p>La p\u00e9rdida del registro del PRD marcar\u00eda un hito significativo en la pol\u00edtica mexicana, considerando su hist\u00f3rica presencia y las contribuciones de sus fundadores.<\/p>\n<p>&nbsp;<\/p>\n<p>&nbsp;<\/p>\n<p>PUBLICADO EL 08 DE JUNIO DE 2024 Con informaci\u00f3n de ImagenTV)<\/p>\n","protected":false},"excerpt":{"rendered":"<p>CIUDAD DE M\u00c9XIO.MX. \u2014\u00a0 El Partido de la Revoluci\u00f3n Democr\u00e1tica (PRD) est\u00e1 al borde de&#8230;<\/p>\n","protected":false},"author":1,"featured_media":0,"comment_status":"open","ping_status":"open","sticky":false,"template":"","format":"standard","meta":{"_monsterinsights_skip_tracking":false,"_monsterinsights_sitenote_active":false,"_monsterinsights_sitenote_note":"","_monsterinsights_sitenote_category":0,"footnotes":""},"categories":[9400],"tags":[],"class_list":["post"],"yoast_head":" \n<title>Sonora en Equipo. PRD a un paso de perder su registro como partido pol\u00edtico ELECCI\u00d3NES<\/title>\n<meta name=\"description\" content=\"CIUDAD DE M\u00c9XIO.MX. \u2014\u00a0 El Partido de la Revoluci\u00f3n Democr\u00e1tica (PRD) est\u00e1 al borde de perder su estatus como partido pol\u00edtico nacional tras no alcanzar el En Sonora en Equipo publicamos toda la informaci\u00f3n de Sonora, M\u00e9xico y el Mundo de manera oportuna y busca que la libertad de expresi\u00f3n sea real. Visita nuestro medio informativo publicado desde Hermosillo, Sonora. %\" \/>\n<meta name=\"robots\" content=\"index, follow, max-snippet:-1, max-image-preview:large, max-video-preview:-1\" \/>\n<link rel=\"canonical\" href=\"https:\/\/www.sonoraenequipo.com.mx\/prd-a-un-paso-de-perder-su-registro-como-partido-politico\/\" \/>\n<meta property=\"og:locale\" content=\"es_ES\" \/>\n<meta property=\"og:type\" content=\"article\" \/>\n<meta property=\"og:title\" content=\"Sonora en Equipo. PRD a un paso de perder su registro como partido pol\u00edtico ELECCI\u00d3NES\" \/>\n<meta property=\"og:description\" content=\"CIUDAD DE M\u00c9XIO.MX. \u2014\u00a0 El Partido de la Revoluci\u00f3n Democr\u00e1tica (PRD) est\u00e1 al borde de perder su estatus como partido pol\u00edtico nacional tras no alcanzar el En Sonora en Equipo publicamos toda la informaci\u00f3n de Sonora, M\u00e9xico y el Mundo de manera oportuna y busca que la libertad de expresi\u00f3n sea real. Visita nuestro medio informativo publicado desde Hermosillo, Sonora. %\" \/>\n<meta property=\"og:url\" content=\"https:\/\/www.sonoraenequipo.com.mx\/prd-a-un-paso-de-perder-su-registro-como-partido-politico\/\" \/>\n<meta property=\"og:site_name\" content=\"Sonora en Equipo.\" \/>\n<meta property=\"article:publisher\" content=\"https:\/\/www.facebook.com\/SonoraEE\/\" \/>\n<meta property=\"article:author\" content=\"https:\/\/www.facebook.com\/SonoraEE\" \/>\n<meta property=\"article:published_time\" content=\"2024-06-09T01:37:52+00:00\" \/>\n<meta name=\"author\" content=\"enequipo\" \/>\n<meta name=\"twitter:card\" content=\"summary_large_image\" \/>\n<meta name=\"twitter:creator\" content=\"@sonoraenequipo\" \/>\n<meta name=\"twitter:site\" content=\"@sonoraenequipo\" \/>\n<meta name=\"twitter:label1\" content=\"Escrito por\" \/>\n\t<meta name=\"twitter:data1\" content=\"enequipo\" \/>\n\t<meta name=\"twitter:label2\" content=\"Tiempo de lectura\" \/>\n\t<meta name=\"twitter:data2\" content=\"2 minutos\" \/>\n<script type=\"application\/ld+json\" class=\"yoast-schema-graph\">{\"@context\":\"https:\/\/schema.org\",\"@graph\":[{\"@type\":\"Article\",\"@id\":\"https:\/\/www.sonoraenequipo.com.mx\/prd-a-un-paso-de-perder-su-registro-como-partido-politico\/#article\",\"isPartOf\":{\"@id\":\"https:\/\/www.sonoraenequipo.com.mx\/prd-a-un-paso-de-perder-su-registro-como-partido-politico\/\"},\"author\":{\"name\":\"enequipo\",\"@id\":\"https:\/\/www.sonoraenequipo.com.mx\/#\/schema\/person\/50102df0fb23a8fa9e8effad8fa81386\"},\"headline\":\"PRD a un paso de perder su registro como partido pol\u00edtico\",\"datePublished\":\"2024-06-09T01:37:52+00:00\",\"mainEntityOfPage\":{\"@id\":\"https:\/\/www.sonoraenequipo.com.mx\/prd-a-un-paso-de-perder-su-registro-como-partido-politico\/\"},\"wordCount\":412,\"commentCount\":0,\"publisher\":{\"@id\":\"https:\/\/www.sonoraenequipo.com.mx\/#organization\"},\"articleSection\":[\"ELECCI\u00d3NES\"],\"inLanguage\":\"es\",\"potentialAction\":[{\"@type\":\"CommentAction\",\"name\":\"Comment\",\"target\":[\"https:\/\/www.sonoraenequipo.com.mx\/prd-a-un-paso-de-perder-su-registro-como-partido-politico\/#respond\"]}]},{\"@type\":\"WebPage\",\"@id\":\"https:\/\/www.sonoraenequipo.com.mx\/prd-a-un-paso-de-perder-su-registro-como-partido-politico\/\",\"url\":\"https:\/\/www.sonoraenequipo.com.mx\/prd-a-un-paso-de-perder-su-registro-como-partido-politico\/\",\"name\":\"Sonora en Equipo. PRD a un paso de perder su registro como partido pol\u00edtico ELECCI\u00d3NES\",\"isPartOf\":{\"@id\":\"https:\/\/www.sonoraenequipo.com.mx\/#website\"},\"datePublished\":\"2024-06-09T01:37:52+00:00\",\"description\":\"CIUDAD DE M\u00c9XIO.MX. \u2014\u00a0 El Partido de la Revoluci\u00f3n Democr\u00e1tica (PRD) est\u00e1 al borde de perder su estatus como partido pol\u00edtico nacional tras no alcanzar el En Sonora en Equipo publicamos toda la informaci\u00f3n de Sonora, M\u00e9xico y el Mundo de manera oportuna y busca que la libertad de expresi\u00f3n sea real. Visita nuestro medio informativo publicado desde Hermosillo, Sonora. %\",\"breadcrumb\":{\"@id\":\"https:\/\/www.sonoraenequipo.com.mx\/prd-a-un-paso-de-perder-su-registro-como-partido-politico\/#breadcrumb\"},\"inLanguage\":\"es\",\"potentialAction\":[{\"@type\":\"ReadAction\",\"target\":[\"https:\/\/www.sonoraenequipo.com.mx\/prd-a-un-paso-de-perder-su-registro-como-partido-politico\/\"]}]},{\"@type\":\"BreadcrumbList\",\"@id\":\"https:\/\/www.sonoraenequipo.com.mx\/prd-a-un-paso-de-perder-su-registro-como-partido-politico\/#breadcrumb\",\"itemListElement\":[{\"@type\":\"ListItem\",\"position\":1,\"name\":\"Portada\",\"item\":\"https:\/\/www.sonoraenequipo.com.mx\/\"},{\"@type\":\"ListItem\",\"position\":2,\"name\":\"PRD a un paso de perder su registro como partido pol\u00edtico\"}]},{\"@type\":\"WebSite\",\"@id\":\"https:\/\/www.sonoraenequipo.com.mx\/#website\",\"url\":\"https:\/\/www.sonoraenequipo.com.mx\/\",\"name\":\"Sonora en Equipo.\",\"description\":\"Diario en l\u00ednea con Noticias desde Hermosillo, Sonora\",\"publisher\":{\"@id\":\"https:\/\/www.sonoraenequipo.com.mx\/#organization\"},\"potentialAction\":[{\"@type\":\"SearchAction\",\"target\":{\"@type\":\"EntryPoint\",\"urlTemplate\":\"https:\/\/www.sonoraenequipo.com.mx\/?s={search_term_string}\"},\"query-input\":{\"@type\":\"PropertyValueSpecification\",\"valueRequired\":true,\"valueName\":\"search_term_string\"}}],\"inLanguage\":\"es\"},{\"@type\":\"Organization\",\"@id\":\"https:\/\/www.sonoraenequipo.com.mx\/#organization\",\"name\":\"Sonoraenequipo.com.mx\",\"url\":\"https:\/\/www.sonoraenequipo.com.mx\/\",\"logo\":{\"@type\":\"ImageObject\",\"inLanguage\":\"es\",\"@id\":\"https:\/\/www.sonoraenequipo.com.mx\/#\/schema\/logo\/image\/\",\"url\":\"https:\/\/www.sonoraenequipo.com.mx\/storage\/2019\/01\/sonoraenequipo_opt.png\",\"contentUrl\":\"https:\/\/www.sonoraenequipo.com.mx\/storage\/2019\/01\/sonoraenequipo_opt.png\",\"width\":375,\"height\":125,\"caption\":\"Sonoraenequipo.com.mx\"},\"image\":{\"@id\":\"https:\/\/www.sonoraenequipo.com.mx\/#\/schema\/logo\/image\/\"},\"sameAs\":[\"https:\/\/www.facebook.com\/SonoraEE\/\",\"https:\/\/x.com\/sonoraenequipo\",\"https:\/\/www.youtube.com\/channel\/UC338nW-lPEYmJQs4ZABQ1SQ\"]},{\"@type\":\"Person\",\"@id\":\"https:\/\/www.sonoraenequipo.com.mx\/#\/schema\/person\/50102df0fb23a8fa9e8effad8fa81386\",\"name\":\"enequipo\",\"image\":{\"@type\":\"ImageObject\",\"inLanguage\":\"es\",\"@id\":\"https:\/\/www.sonoraenequipo.com.mx\/#\/schema\/person\/image\/\",\"url\":\"https:\/\/secure.gravatar.com\/avatar\/049821681b589dabc0bc20695993ccebb09f5b5d4d790cd9251b97faac7c652b?s=96&d=blank&r=g\",\"contentUrl\":\"https:\/\/secure.gravatar.com\/avatar\/049821681b589dabc0bc20695993ccebb09f5b5d4d790cd9251b97faac7c652b?s=96&d=blank&r=g\",\"caption\":\"enequipo\"},\"sameAs\":[\"https:\/\/www.facebook.com\/SonoraEE\"]}]}<\/script>\n ","yoast_head_json":{"title":"Sonora en Equipo. PRD a un paso de perder su registro como partido pol\u00edtico ELECCI\u00d3NES","description":"CIUDAD DE M\u00c9XIO.MX. \u2014\u00a0 El Partido de la Revoluci\u00f3n Democr\u00e1tica (PRD) est\u00e1 al borde de perder su estatus como partido pol\u00edtico nacional tras no alcanzar el En Sonora en Equipo publicamos toda la informaci\u00f3n de Sonora, M\u00e9xico y el Mundo de manera oportuna y busca que la libertad de expresi\u00f3n sea real. Visita nuestro medio informativo publicado desde Hermosillo, Sonora. %","robots":{"index":"index","follow":"follow","max-snippet":"max-snippet:-1","max-image-preview":"max-image-preview:large","max-video-preview":"max-video-preview:-1"},"canonical":"https:\/\/www.sonoraenequipo.com.mx\/prd-a-un-paso-de-perder-su-registro-como-partido-politico\/","og_locale":"es_ES","og_type":"article","og_title":"Sonora en Equipo. PRD a un paso de perder su registro como partido pol\u00edtico ELECCI\u00d3NES","og_description":"CIUDAD DE M\u00c9XIO.MX. \u2014\u00a0 El Partido de la Revoluci\u00f3n Democr\u00e1tica (PRD) est\u00e1 al borde de perder su estatus como partido pol\u00edtico nacional tras no alcanzar el En Sonora en Equipo publicamos toda la informaci\u00f3n de Sonora, M\u00e9xico y el Mundo de manera oportuna y busca que la libertad de expresi\u00f3n sea real. Visita nuestro medio informativo publicado desde Hermosillo, Sonora. %","og_url":"https:\/\/www.sonoraenequipo.com.mx\/prd-a-un-paso-de-perder-su-registro-como-partido-politico\/","og_site_name":"Sonora en Equipo.","article_publisher":"https:\/\/www.facebook.com\/SonoraEE\/","article_author":"https:\/\/www.facebook.com\/SonoraEE","article_published_time":"2024-06-09T01:37:52+00:00","author":"enequipo","twitter_card":"summary_large_image","twitter_creator":"@sonoraenequipo","twitter_site":"@sonoraenequipo","twitter_misc":{"Escrito por":"enequipo","Tiempo de lectura":"2 minutos"},"schema":{"@context":"https:\/\/schema.org","@graph":[{"@type":"Article","@id":"https:\/\/www.sonoraenequipo.com.mx\/prd-a-un-paso-de-perder-su-registro-como-partido-politico\/#article","isPartOf":{"@id":"https:\/\/www.sonoraenequipo.com.mx\/prd-a-un-paso-de-perder-su-registro-como-partido-politico\/"},"author":{"name":"enequipo","@id":"https:\/\/www.sonoraenequipo.com.mx\/#\/schema\/person\/50102df0fb23a8fa9e8effad8fa81386"},"headline":"PRD a un paso de perder su registro como partido pol\u00edtico","datePublished":"2024-06-09T01:37:52+00:00","mainEntityOfPage":{"@id":"https:\/\/www.sonoraenequipo.com.mx\/prd-a-un-paso-de-perder-su-registro-como-partido-politico\/"},"wordCount":412,"commentCount":0,"publisher":{"@id":"https:\/\/www.sonoraenequipo.com.mx\/#organization"},"articleSection":["ELECCI\u00d3NES"],"inLanguage":"es","potentialAction":[{"@type":"CommentAction","name":"Comment","target":["https:\/\/www.sonoraenequipo.com.mx\/prd-a-un-paso-de-perder-su-registro-como-partido-politico\/#respond"]}]},{"@type":"WebPage","@id":"https:\/\/www.sonoraenequipo.com.mx\/prd-a-un-paso-de-perder-su-registro-como-partido-politico\/","url":"https:\/\/www.sonoraenequipo.com.mx\/prd-a-un-paso-de-perder-su-registro-como-partido-politico\/","name":"Sonora en Equipo. PRD a un paso de perder su registro como partido pol\u00edtico ELECCI\u00d3NES","isPartOf":{"@id":"https:\/\/www.sonoraenequipo.com.mx\/#website"},"datePublished":"2024-06-09T01:37:52+00:00","description":"CIUDAD DE M\u00c9XIO.MX. \u2014\u00a0 El Partido de la Revoluci\u00f3n Democr\u00e1tica (PRD) est\u00e1 al borde de perder su estatus como partido pol\u00edtico nacional tras no alcanzar el En Sonora en Equipo publicamos toda la informaci\u00f3n de Sonora, M\u00e9xico y el Mundo de manera oportuna y busca que la libertad de expresi\u00f3n sea real. Visita nuestro medio informativo publicado desde Hermosillo, Sonora. %","breadcrumb":{"@id":"https:\/\/www.sonoraenequipo.com.mx\/prd-a-un-paso-de-perder-su-registro-como-partido-politico\/#breadcrumb"},"inLanguage":"es","potentialAction":[{"@type":"ReadAction","target":["https:\/\/www.sonoraenequipo.com.mx\/prd-a-un-paso-de-perder-su-registro-como-partido-politico\/"]}]},{"@type":"BreadcrumbList","@id":"https:\/\/www.sonoraenequipo.com.mx\/prd-a-un-paso-de-perder-su-registro-como-partido-politico\/#breadcrumb","itemListElement":[{"@type":"ListItem","position":1,"name":"Portada","item":"https:\/\/www.sonoraenequipo.com.mx\/"},{"@type":"ListItem","position":2,"name":"PRD a un paso de perder su registro como partido pol\u00edtico"}]},{"@type":"WebSite","@id":"https:\/\/www.sonoraenequipo.com.mx\/#website","url":"https:\/\/www.sonoraenequipo.com.mx\/","name":"Sonora en Equipo.","description":"Diario en l\u00ednea con Noticias desde Hermosillo, Sonora","publisher":{"@id":"https:\/\/www.sonoraenequipo.com.mx\/#organization"},"potentialAction":[{"@type":"SearchAction","target":{"@type":"EntryPoint","urlTemplate":"https:\/\/www.sonoraenequipo.com.mx\/?s={search_term_string}"},"query-input":{"@type":"PropertyValueSpecification","valueRequired":true,"valueName":"search_term_string"}}],"inLanguage":"es"},{"@type":"Organization","@id":"https:\/\/www.sonoraenequipo.com.mx\/#organization","name":"Sonoraenequipo.com.mx","url":"https:\/\/www.sonoraenequipo.com.mx\/","logo":{"@type":"ImageObject","inLanguage":"es","@id":"https:\/\/www.sonoraenequipo.com.mx\/#\/schema\/logo\/image\/","url":"https:\/\/www.sonoraenequipo.com.mx\/storage\/2019\/01\/sonoraenequipo_opt.png","contentUrl":"https:\/\/www.sonoraenequipo.com.mx\/storage\/2019\/01\/sonoraenequipo_opt.png","width":375,"height":125,"caption":"Sonoraenequipo.com.mx"},"image":{"@id":"https:\/\/www.sonoraenequipo.com.mx\/#\/schema\/logo\/image\/"},"sameAs":["https:\/\/www.facebook.com\/SonoraEE\/","https:\/\/x.com\/sonoraenequipo","https:\/\/www.youtube.com\/channel\/UC338nW-lPEYmJQs4ZABQ1SQ"]},{"@type":"Person","@id":"https:\/\/www.sonoraenequipo.com.mx\/#\/schema\/person\/50102df0fb23a8fa9e8effad8fa81386","name":"enequipo","image":{"@type":"ImageObject","inLanguage":"es","@id":"https:\/\/www.sonoraenequipo.com.mx\/#\/schema\/person\/image\/","url":"https:\/\/secure.gravatar.com\/avatar\/049821681b589dabc0bc20695993ccebb09f5b5d4d790cd9251b97faac7c652b?s=96&d=blank&r=g","contentUrl":"https:\/\/secure.gravatar.com\/avatar\/049821681b589dabc0bc20695993ccebb09f5b5d4d790cd9251b97faac7c652b?s=96&d=blank&r=g","caption":"enequipo"},"sameAs":["https:\/\/www.facebook.com\/SonoraEE"]}]}},"jetpack_featured_media_url":"","_links":{"self":[{"href":"https:\/\/www.sonoraenequipo.com.mx\/api\/wp\/v2\/posts\/191663","targetHints":{"allow":["GET"]}}],"collection":[{"href":"https:\/\/www.sonoraenequipo.com.mx\/api\/wp\/v2\/posts"}],"about":[{"href":"https:\/\/www.sonoraenequipo.com.mx\/api\/wp\/v2\/types\/post"}],"author":[{"embeddable":true,"href":"https:\/\/www.sonoraenequipo.com.mx\/api\/wp\/v2\/users\/1"}],"replies":[{"embeddable":true,"href":"https:\/\/www.sonoraenequipo.com.mx\/api\/wp\/v2\/comments?post=191663"}],"version-history":[{"count":1,"href":"https:\/\/www.sonoraenequipo.com.mx\/api\/wp\/v2\/posts\/191663\/revisions"}],"predecessor-version":[{"id":191664,"href":"https:\/\/www.sonoraenequipo.com.mx\/api\/wp\/v2\/posts\/191663\/revisions\/191664"}],"wp:attachment":[{"href":"https:\/\/www.sonoraenequipo.com.mx\/api\/wp\/v2\/media?parent=191663"}],"wp:term":[{"taxonomy":"category","embeddable":true,"href":"https:\/\/www.sonoraenequipo.com.mx\/api\/wp\/v2\/categories?post=191663"},{"taxonomy":"post_tag","embeddable":true,"href":"https:\/\/www.sonoraenequipo.com.mx\/api\/wp\/v2\/tags?post=191663"}],"curies":[{"name":"wp","href":"https:\/\/api.w.org\/{rel}","templated":true}]}}