{"id":191944,"date":"2024-06-11T20:17:27","date_gmt":"2024-06-12T03:17:27","guid":{"rendered":"https:\/\/www.sonoraenequipo.com.mx\/?p=191944"},"modified":"2024-06-12T12:13:59","modified_gmt":"2024-06-12T19:13:59","slug":"trabajara-de-la-mano-con-el-alcalde-nueva-secretaria-del-ayuntamiento","status":"publish","type":"post","link":"https:\/\/www.sonoraenequipo.com.mx\/trabajara-de-la-mano-con-el-alcalde-nueva-secretaria-del-ayuntamiento\/","title":{"rendered":"Trabajar\u00e1 de la mano con el Alcalde nueva Secretaria del Ayuntamiento"},"content":{"rendered":"<p><strong>HERMOSILLO, SONORA. MX.\u2014<\/strong> Con gusto y mucha responsabilidad, dijo aceptar el cargo tras su toma de protesta, la ahora secretaria del ayuntamiento, segunda en la historia conocida de nuestra ciudad,<strong> Ang\u00e9lica Burgos Garay,<\/strong> quien se hab\u00eda desempe\u00f1ado hasta este martes, como regidora de la actual administraci\u00f3n.<\/p>\n<p>&nbsp;<\/p>\n<p> <\/p>\n<p>Coment\u00f3 lo primero es el ponerse a la disposici\u00f3n de los ciudadanos de la frontera, en esta nueva encomienda y buscar en todo momento el bienestar de todos los habitantes de esta ciudad, de la mano de la labor que se realiza desde la presidencia con el alcalde Juan Gim Nogales, la dem\u00e1s dependencia y el cuerpo de regidores.<\/p>\n<p>&nbsp;<\/p>\n<p>&nbsp;<\/p>\n<p><em><strong>\u201cEsta dem\u00e1s decirlo, pero es una secretaria de puertas abiertas, al igual que el ayuntamiento, estamos a la orden y a fin de cuentas es en beneficio para ustedes, yo trabajo para ustedes y para el bien de ustedes\u201d<\/strong><\/em>, manifest\u00f3 Burgos.<\/p>\n<p>&nbsp;<\/p>\n<p>&nbsp;<\/p>\n<p>Asegur\u00f3 se dar\u00e1 continuidad a los proyectos que dejen un beneficio a la comunidad desde la secretaria y se atender\u00e1 de manera puntual todo aquellos que quedo pendiente por parte de la dependencia, as\u00ed mismo aclar\u00f3, el principal \u00e9nfasis de su pol\u00edtica de trabajo ser\u00e1 el dejar de lado lo negativo y propulsar lo que realmente tiene valor para los ciudadanos.<\/p>\n<p>&nbsp;<\/p>\n<p>&nbsp;<\/p>\n<p><strong><em>\u201cYo no vengo con la intenci\u00f3n de auditar ni nada, simplemente dar continuidad a lo que se estaba haciendo, pero tambi\u00e9n darle un termino a todo lo que haya quedado en proceso no\u201d,<\/em><\/strong> indic\u00f3 la funcionaria.<\/p>\n<p>&nbsp;<\/p>\n<p>PUBLICADO EL 11 DE JUNIO DE 2024 Con informaci\u00f3n de AYUNTAMIENTO NOGALES)<\/p>\n","protected":false},"excerpt":{"rendered":"<p>HERMOSILLO, SONORA. MX.\u2014 Con gusto y mucha responsabilidad, dijo aceptar el cargo tras su toma&#8230;<\/p>\n","protected":false},"author":1,"featured_media":191942,"comment_status":"open","ping_status":"open","sticky":false,"template":"","format":"standard","meta":{"_monsterinsights_skip_tracking":false,"_monsterinsights_sitenote_active":false,"_monsterinsights_sitenote_note":"","_monsterinsights_sitenote_category":0,"footnotes":""},"categories":[4],"tags":[],"class_list":["post"],"yoast_head":" \n<title>Sonora en Equipo. Trabajar\u00e1 de la mano con el Alcalde nueva Secretaria del Ayuntamiento Municipios<\/title>\n<meta name=\"description\" content=\"HERMOSILLO, SONORA. MX.\u2014 Con gusto y mucha responsabilidad, dijo aceptar el cargo tras su toma de protesta, la ahora secretaria del ayuntamiento, segunda En Sonora en Equipo publicamos toda la informaci\u00f3n de Sonora, M\u00e9xico y el Mundo de manera oportuna y busca que la libertad de expresi\u00f3n sea real. Visita nuestro medio informativo publicado desde Hermosillo, Sonora. %\" \/>\n<meta name=\"robots\" content=\"index, follow, max-snippet:-1, max-image-preview:large, max-video-preview:-1\" \/>\n<link rel=\"canonical\" href=\"https:\/\/www.sonoraenequipo.com.mx\/trabajara-de-la-mano-con-el-alcalde-nueva-secretaria-del-ayuntamiento\/\" \/>\n<meta property=\"og:locale\" content=\"es_ES\" \/>\n<meta property=\"og:type\" content=\"article\" \/>\n<meta property=\"og:title\" content=\"Sonora en Equipo. Trabajar\u00e1 de la mano con el Alcalde nueva Secretaria del Ayuntamiento Municipios\" \/>\n<meta property=\"og:description\" content=\"HERMOSILLO, SONORA. MX.\u2014 Con gusto y mucha responsabilidad, dijo aceptar el cargo tras su toma de protesta, la ahora secretaria del ayuntamiento, segunda En Sonora en Equipo publicamos toda la informaci\u00f3n de Sonora, M\u00e9xico y el Mundo de manera oportuna y busca que la libertad de expresi\u00f3n sea real. Visita nuestro medio informativo publicado desde Hermosillo, Sonora. %\" \/>\n<meta property=\"og:url\" content=\"https:\/\/www.sonoraenequipo.com.mx\/trabajara-de-la-mano-con-el-alcalde-nueva-secretaria-del-ayuntamiento\/\" \/>\n<meta property=\"og:site_name\" content=\"Sonora en Equipo.\" \/>\n<meta property=\"article:publisher\" content=\"https:\/\/www.facebook.com\/SonoraEE\/\" \/>\n<meta property=\"article:author\" content=\"https:\/\/www.facebook.com\/SonoraEE\" \/>\n<meta property=\"article:published_time\" content=\"2024-06-12T03:17:27+00:00\" \/>\n<meta property=\"article:modified_time\" content=\"2024-06-12T19:13:59+00:00\" \/>\n<meta property=\"og:image\" content=\"https:\/\/www.sonoraenequipo.com.mx\/storage\/2024\/06\/Angelica-Burgos-Garay-min.jpg\" \/>\n\t<meta property=\"og:image:width\" content=\"900\" \/>\n\t<meta property=\"og:image:height\" content=\"600\" \/>\n\t<meta property=\"og:image:type\" content=\"image\/jpeg\" \/>\n<meta name=\"author\" content=\"enequipo\" \/>\n<meta name=\"twitter:card\" content=\"summary_large_image\" \/>\n<meta name=\"twitter:creator\" content=\"@sonoraenequipo\" \/>\n<meta name=\"twitter:site\" content=\"@sonoraenequipo\" \/>\n<meta name=\"twitter:label1\" content=\"Escrito por\" \/>\n\t<meta name=\"twitter:data1\" content=\"enequipo\" \/>\n\t<meta name=\"twitter:label2\" content=\"Tiempo de lectura\" \/>\n\t<meta name=\"twitter:data2\" content=\"1 minuto\" \/>\n<script type=\"application\/ld+json\" class=\"yoast-schema-graph\">{\"@context\":\"https:\/\/schema.org\",\"@graph\":[{\"@type\":\"Article\",\"@id\":\"https:\/\/www.sonoraenequipo.com.mx\/trabajara-de-la-mano-con-el-alcalde-nueva-secretaria-del-ayuntamiento\/#article\",\"isPartOf\":{\"@id\":\"https:\/\/www.sonoraenequipo.com.mx\/trabajara-de-la-mano-con-el-alcalde-nueva-secretaria-del-ayuntamiento\/\"},\"author\":{\"name\":\"enequipo\",\"@id\":\"https:\/\/www.sonoraenequipo.com.mx\/#\/schema\/person\/50102df0fb23a8fa9e8effad8fa81386\"},\"headline\":\"Trabajar\u00e1 de la mano con el Alcalde nueva Secretaria del Ayuntamiento\",\"datePublished\":\"2024-06-12T03:17:27+00:00\",\"dateModified\":\"2024-06-12T19:13:59+00:00\",\"mainEntityOfPage\":{\"@id\":\"https:\/\/www.sonoraenequipo.com.mx\/trabajara-de-la-mano-con-el-alcalde-nueva-secretaria-del-ayuntamiento\/\"},\"wordCount\":283,\"commentCount\":0,\"publisher\":{\"@id\":\"https:\/\/www.sonoraenequipo.com.mx\/#organization\"},\"image\":{\"@id\":\"https:\/\/www.sonoraenequipo.com.mx\/trabajara-de-la-mano-con-el-alcalde-nueva-secretaria-del-ayuntamiento\/#primaryimage\"},\"thumbnailUrl\":\"https:\/\/www.sonoraenequipo.com.mx\/storage\/2024\/06\/Angelica-Burgos-Garay-min.jpg\",\"articleSection\":[\"Municipios\"],\"inLanguage\":\"es\",\"potentialAction\":[{\"@type\":\"CommentAction\",\"name\":\"Comment\",\"target\":[\"https:\/\/www.sonoraenequipo.com.mx\/trabajara-de-la-mano-con-el-alcalde-nueva-secretaria-del-ayuntamiento\/#respond\"]}]},{\"@type\":\"WebPage\",\"@id\":\"https:\/\/www.sonoraenequipo.com.mx\/trabajara-de-la-mano-con-el-alcalde-nueva-secretaria-del-ayuntamiento\/\",\"url\":\"https:\/\/www.sonoraenequipo.com.mx\/trabajara-de-la-mano-con-el-alcalde-nueva-secretaria-del-ayuntamiento\/\",\"name\":\"Sonora en Equipo. Trabajar\u00e1 de la mano con el Alcalde nueva Secretaria del Ayuntamiento Municipios\",\"isPartOf\":{\"@id\":\"https:\/\/www.sonoraenequipo.com.mx\/#website\"},\"primaryImageOfPage\":{\"@id\":\"https:\/\/www.sonoraenequipo.com.mx\/trabajara-de-la-mano-con-el-alcalde-nueva-secretaria-del-ayuntamiento\/#primaryimage\"},\"image\":{\"@id\":\"https:\/\/www.sonoraenequipo.com.mx\/trabajara-de-la-mano-con-el-alcalde-nueva-secretaria-del-ayuntamiento\/#primaryimage\"},\"thumbnailUrl\":\"https:\/\/www.sonoraenequipo.com.mx\/storage\/2024\/06\/Angelica-Burgos-Garay-min.jpg\",\"datePublished\":\"2024-06-12T03:17:27+00:00\",\"dateModified\":\"2024-06-12T19:13:59+00:00\",\"description\":\"HERMOSILLO, SONORA. MX.\u2014 Con gusto y mucha responsabilidad, dijo aceptar el cargo tras su toma de protesta, la ahora secretaria del ayuntamiento, segunda En Sonora en Equipo publicamos toda la informaci\u00f3n de Sonora, M\u00e9xico y el Mundo de manera oportuna y busca que la libertad de expresi\u00f3n sea real. Visita nuestro medio informativo publicado desde Hermosillo, Sonora. %\",\"breadcrumb\":{\"@id\":\"https:\/\/www.sonoraenequipo.com.mx\/trabajara-de-la-mano-con-el-alcalde-nueva-secretaria-del-ayuntamiento\/#breadcrumb\"},\"inLanguage\":\"es\",\"potentialAction\":[{\"@type\":\"ReadAction\",\"target\":[\"https:\/\/www.sonoraenequipo.com.mx\/trabajara-de-la-mano-con-el-alcalde-nueva-secretaria-del-ayuntamiento\/\"]}]},{\"@type\":\"ImageObject\",\"inLanguage\":\"es\",\"@id\":\"https:\/\/www.sonoraenequipo.com.mx\/trabajara-de-la-mano-con-el-alcalde-nueva-secretaria-del-ayuntamiento\/#primaryimage\",\"url\":\"https:\/\/www.sonoraenequipo.com.mx\/storage\/2024\/06\/Angelica-Burgos-Garay-min.jpg\",\"contentUrl\":\"https:\/\/www.sonoraenequipo.com.mx\/storage\/2024\/06\/Angelica-Burgos-Garay-min.jpg\",\"width\":900,\"height\":600},{\"@type\":\"BreadcrumbList\",\"@id\":\"https:\/\/www.sonoraenequipo.com.mx\/trabajara-de-la-mano-con-el-alcalde-nueva-secretaria-del-ayuntamiento\/#breadcrumb\",\"itemListElement\":[{\"@type\":\"ListItem\",\"position\":1,\"name\":\"Portada\",\"item\":\"https:\/\/www.sonoraenequipo.com.mx\/\"},{\"@type\":\"ListItem\",\"position\":2,\"name\":\"Trabajar\u00e1 de la mano con el Alcalde nueva Secretaria del Ayuntamiento\"}]},{\"@type\":\"WebSite\",\"@id\":\"https:\/\/www.sonoraenequipo.com.mx\/#website\",\"url\":\"https:\/\/www.sonoraenequipo.com.mx\/\",\"name\":\"Sonora en Equipo.\",\"description\":\"Diario en l\u00ednea con Noticias desde Hermosillo, Sonora\",\"publisher\":{\"@id\":\"https:\/\/www.sonoraenequipo.com.mx\/#organization\"},\"potentialAction\":[{\"@type\":\"SearchAction\",\"target\":{\"@type\":\"EntryPoint\",\"urlTemplate\":\"https:\/\/www.sonoraenequipo.com.mx\/?s={search_term_string}\"},\"query-input\":{\"@type\":\"PropertyValueSpecification\",\"valueRequired\":true,\"valueName\":\"search_term_string\"}}],\"inLanguage\":\"es\"},{\"@type\":\"Organization\",\"@id\":\"https:\/\/www.sonoraenequipo.com.mx\/#organization\",\"name\":\"Sonoraenequipo.com.mx\",\"url\":\"https:\/\/www.sonoraenequipo.com.mx\/\",\"logo\":{\"@type\":\"ImageObject\",\"inLanguage\":\"es\",\"@id\":\"https:\/\/www.sonoraenequipo.com.mx\/#\/schema\/logo\/image\/\",\"url\":\"https:\/\/www.sonoraenequipo.com.mx\/storage\/2019\/01\/sonoraenequipo_opt.png\",\"contentUrl\":\"https:\/\/www.sonoraenequipo.com.mx\/storage\/2019\/01\/sonoraenequipo_opt.png\",\"width\":375,\"height\":125,\"caption\":\"Sonoraenequipo.com.mx\"},\"image\":{\"@id\":\"https:\/\/www.sonoraenequipo.com.mx\/#\/schema\/logo\/image\/\"},\"sameAs\":[\"https:\/\/www.facebook.com\/SonoraEE\/\",\"https:\/\/x.com\/sonoraenequipo\",\"https:\/\/www.youtube.com\/channel\/UC338nW-lPEYmJQs4ZABQ1SQ\"]},{\"@type\":\"Person\",\"@id\":\"https:\/\/www.sonoraenequipo.com.mx\/#\/schema\/person\/50102df0fb23a8fa9e8effad8fa81386\",\"name\":\"enequipo\",\"image\":{\"@type\":\"ImageObject\",\"inLanguage\":\"es\",\"@id\":\"https:\/\/www.sonoraenequipo.com.mx\/#\/schema\/person\/image\/\",\"url\":\"https:\/\/secure.gravatar.com\/avatar\/049821681b589dabc0bc20695993ccebb09f5b5d4d790cd9251b97faac7c652b?s=96&d=blank&r=g\",\"contentUrl\":\"https:\/\/secure.gravatar.com\/avatar\/049821681b589dabc0bc20695993ccebb09f5b5d4d790cd9251b97faac7c652b?s=96&d=blank&r=g\",\"caption\":\"enequipo\"},\"sameAs\":[\"https:\/\/www.facebook.com\/SonoraEE\"]}]}<\/script>\n ","yoast_head_json":{"title":"Sonora en Equipo. Trabajar\u00e1 de la mano con el Alcalde nueva Secretaria del Ayuntamiento Municipios","description":"HERMOSILLO, SONORA. MX.\u2014 Con gusto y mucha responsabilidad, dijo aceptar el cargo tras su toma de protesta, la ahora secretaria del ayuntamiento, segunda En Sonora en Equipo publicamos toda la informaci\u00f3n de Sonora, M\u00e9xico y el Mundo de manera oportuna y busca que la libertad de expresi\u00f3n sea real. Visita nuestro medio informativo publicado desde Hermosillo, Sonora. %","robots":{"index":"index","follow":"follow","max-snippet":"max-snippet:-1","max-image-preview":"max-image-preview:large","max-video-preview":"max-video-preview:-1"},"canonical":"https:\/\/www.sonoraenequipo.com.mx\/trabajara-de-la-mano-con-el-alcalde-nueva-secretaria-del-ayuntamiento\/","og_locale":"es_ES","og_type":"article","og_title":"Sonora en Equipo. Trabajar\u00e1 de la mano con el Alcalde nueva Secretaria del Ayuntamiento Municipios","og_description":"HERMOSILLO, SONORA. MX.\u2014 Con gusto y mucha responsabilidad, dijo aceptar el cargo tras su toma de protesta, la ahora secretaria del ayuntamiento, segunda En Sonora en Equipo publicamos toda la informaci\u00f3n de Sonora, M\u00e9xico y el Mundo de manera oportuna y busca que la libertad de expresi\u00f3n sea real. Visita nuestro medio informativo publicado desde Hermosillo, Sonora. %","og_url":"https:\/\/www.sonoraenequipo.com.mx\/trabajara-de-la-mano-con-el-alcalde-nueva-secretaria-del-ayuntamiento\/","og_site_name":"Sonora en Equipo.","article_publisher":"https:\/\/www.facebook.com\/SonoraEE\/","article_author":"https:\/\/www.facebook.com\/SonoraEE","article_published_time":"2024-06-12T03:17:27+00:00","article_modified_time":"2024-06-12T19:13:59+00:00","og_image":[{"width":900,"height":600,"url":"https:\/\/www.sonoraenequipo.com.mx\/storage\/2024\/06\/Angelica-Burgos-Garay-min.jpg","type":"image\/jpeg"}],"author":"enequipo","twitter_card":"summary_large_image","twitter_creator":"@sonoraenequipo","twitter_site":"@sonoraenequipo","twitter_misc":{"Escrito por":"enequipo","Tiempo de lectura":"1 minuto"},"schema":{"@context":"https:\/\/schema.org","@graph":[{"@type":"Article","@id":"https:\/\/www.sonoraenequipo.com.mx\/trabajara-de-la-mano-con-el-alcalde-nueva-secretaria-del-ayuntamiento\/#article","isPartOf":{"@id":"https:\/\/www.sonoraenequipo.com.mx\/trabajara-de-la-mano-con-el-alcalde-nueva-secretaria-del-ayuntamiento\/"},"author":{"name":"enequipo","@id":"https:\/\/www.sonoraenequipo.com.mx\/#\/schema\/person\/50102df0fb23a8fa9e8effad8fa81386"},"headline":"Trabajar\u00e1 de la mano con el Alcalde nueva Secretaria del Ayuntamiento","datePublished":"2024-06-12T03:17:27+00:00","dateModified":"2024-06-12T19:13:59+00:00","mainEntityOfPage":{"@id":"https:\/\/www.sonoraenequipo.com.mx\/trabajara-de-la-mano-con-el-alcalde-nueva-secretaria-del-ayuntamiento\/"},"wordCount":283,"commentCount":0,"publisher":{"@id":"https:\/\/www.sonoraenequipo.com.mx\/#organization"},"image":{"@id":"https:\/\/www.sonoraenequipo.com.mx\/trabajara-de-la-mano-con-el-alcalde-nueva-secretaria-del-ayuntamiento\/#primaryimage"},"thumbnailUrl":"https:\/\/www.sonoraenequipo.com.mx\/storage\/2024\/06\/Angelica-Burgos-Garay-min.jpg","articleSection":["Municipios"],"inLanguage":"es","potentialAction":[{"@type":"CommentAction","name":"Comment","target":["https:\/\/www.sonoraenequipo.com.mx\/trabajara-de-la-mano-con-el-alcalde-nueva-secretaria-del-ayuntamiento\/#respond"]}]},{"@type":"WebPage","@id":"https:\/\/www.sonoraenequipo.com.mx\/trabajara-de-la-mano-con-el-alcalde-nueva-secretaria-del-ayuntamiento\/","url":"https:\/\/www.sonoraenequipo.com.mx\/trabajara-de-la-mano-con-el-alcalde-nueva-secretaria-del-ayuntamiento\/","name":"Sonora en Equipo. Trabajar\u00e1 de la mano con el Alcalde nueva Secretaria del Ayuntamiento Municipios","isPartOf":{"@id":"https:\/\/www.sonoraenequipo.com.mx\/#website"},"primaryImageOfPage":{"@id":"https:\/\/www.sonoraenequipo.com.mx\/trabajara-de-la-mano-con-el-alcalde-nueva-secretaria-del-ayuntamiento\/#primaryimage"},"image":{"@id":"https:\/\/www.sonoraenequipo.com.mx\/trabajara-de-la-mano-con-el-alcalde-nueva-secretaria-del-ayuntamiento\/#primaryimage"},"thumbnailUrl":"https:\/\/www.sonoraenequipo.com.mx\/storage\/2024\/06\/Angelica-Burgos-Garay-min.jpg","datePublished":"2024-06-12T03:17:27+00:00","dateModified":"2024-06-12T19:13:59+00:00","description":"HERMOSILLO, SONORA. MX.\u2014 Con gusto y mucha responsabilidad, dijo aceptar el cargo tras su toma de protesta, la ahora secretaria del ayuntamiento, segunda En Sonora en Equipo publicamos toda la informaci\u00f3n de Sonora, M\u00e9xico y el Mundo de manera oportuna y busca que la libertad de expresi\u00f3n sea real. Visita nuestro medio informativo publicado desde Hermosillo, Sonora. %","breadcrumb":{"@id":"https:\/\/www.sonoraenequipo.com.mx\/trabajara-de-la-mano-con-el-alcalde-nueva-secretaria-del-ayuntamiento\/#breadcrumb"},"inLanguage":"es","potentialAction":[{"@type":"ReadAction","target":["https:\/\/www.sonoraenequipo.com.mx\/trabajara-de-la-mano-con-el-alcalde-nueva-secretaria-del-ayuntamiento\/"]}]},{"@type":"ImageObject","inLanguage":"es","@id":"https:\/\/www.sonoraenequipo.com.mx\/trabajara-de-la-mano-con-el-alcalde-nueva-secretaria-del-ayuntamiento\/#primaryimage","url":"https:\/\/www.sonoraenequipo.com.mx\/storage\/2024\/06\/Angelica-Burgos-Garay-min.jpg","contentUrl":"https:\/\/www.sonoraenequipo.com.mx\/storage\/2024\/06\/Angelica-Burgos-Garay-min.jpg","width":900,"height":600},{"@type":"BreadcrumbList","@id":"https:\/\/www.sonoraenequipo.com.mx\/trabajara-de-la-mano-con-el-alcalde-nueva-secretaria-del-ayuntamiento\/#breadcrumb","itemListElement":[{"@type":"ListItem","position":1,"name":"Portada","item":"https:\/\/www.sonoraenequipo.com.mx\/"},{"@type":"ListItem","position":2,"name":"Trabajar\u00e1 de la mano con el Alcalde nueva Secretaria del Ayuntamiento"}]},{"@type":"WebSite","@id":"https:\/\/www.sonoraenequipo.com.mx\/#website","url":"https:\/\/www.sonoraenequipo.com.mx\/","name":"Sonora en Equipo.","description":"Diario en l\u00ednea con Noticias desde Hermosillo, Sonora","publisher":{"@id":"https:\/\/www.sonoraenequipo.com.mx\/#organization"},"potentialAction":[{"@type":"SearchAction","target":{"@type":"EntryPoint","urlTemplate":"https:\/\/www.sonoraenequipo.com.mx\/?s={search_term_string}"},"query-input":{"@type":"PropertyValueSpecification","valueRequired":true,"valueName":"search_term_string"}}],"inLanguage":"es"},{"@type":"Organization","@id":"https:\/\/www.sonoraenequipo.com.mx\/#organization","name":"Sonoraenequipo.com.mx","url":"https:\/\/www.sonoraenequipo.com.mx\/","logo":{"@type":"ImageObject","inLanguage":"es","@id":"https:\/\/www.sonoraenequipo.com.mx\/#\/schema\/logo\/image\/","url":"https:\/\/www.sonoraenequipo.com.mx\/storage\/2019\/01\/sonoraenequipo_opt.png","contentUrl":"https:\/\/www.sonoraenequipo.com.mx\/storage\/2019\/01\/sonoraenequipo_opt.png","width":375,"height":125,"caption":"Sonoraenequipo.com.mx"},"image":{"@id":"https:\/\/www.sonoraenequipo.com.mx\/#\/schema\/logo\/image\/"},"sameAs":["https:\/\/www.facebook.com\/SonoraEE\/","https:\/\/x.com\/sonoraenequipo","https:\/\/www.youtube.com\/channel\/UC338nW-lPEYmJQs4ZABQ1SQ"]},{"@type":"Person","@id":"https:\/\/www.sonoraenequipo.com.mx\/#\/schema\/person\/50102df0fb23a8fa9e8effad8fa81386","name":"enequipo","image":{"@type":"ImageObject","inLanguage":"es","@id":"https:\/\/www.sonoraenequipo.com.mx\/#\/schema\/person\/image\/","url":"https:\/\/secure.gravatar.com\/avatar\/049821681b589dabc0bc20695993ccebb09f5b5d4d790cd9251b97faac7c652b?s=96&d=blank&r=g","contentUrl":"https:\/\/secure.gravatar.com\/avatar\/049821681b589dabc0bc20695993ccebb09f5b5d4d790cd9251b97faac7c652b?s=96&d=blank&r=g","caption":"enequipo"},"sameAs":["https:\/\/www.facebook.com\/SonoraEE"]}]}},"jetpack_featured_media_url":"https:\/\/www.sonoraenequipo.com.mx\/storage\/2024\/06\/Angelica-Burgos-Garay-min.jpg","_links":{"self":[{"href":"https:\/\/www.sonoraenequipo.com.mx\/api\/wp\/v2\/posts\/191944","targetHints":{"allow":["GET"]}}],"collection":[{"href":"https:\/\/www.sonoraenequipo.com.mx\/api\/wp\/v2\/posts"}],"about":[{"href":"https:\/\/www.sonoraenequipo.com.mx\/api\/wp\/v2\/types\/post"}],"author":[{"embeddable":true,"href":"https:\/\/www.sonoraenequipo.com.mx\/api\/wp\/v2\/users\/1"}],"replies":[{"embeddable":true,"href":"https:\/\/www.sonoraenequipo.com.mx\/api\/wp\/v2\/comments?post=191944"}],"version-history":[{"count":1,"href":"https:\/\/www.sonoraenequipo.com.mx\/api\/wp\/v2\/posts\/191944\/revisions"}],"predecessor-version":[{"id":191945,"href":"https:\/\/www.sonoraenequipo.com.mx\/api\/wp\/v2\/posts\/191944\/revisions\/191945"}],"wp:featuredmedia":[{"embeddable":true,"href":"https:\/\/www.sonoraenequipo.com.mx\/api\/wp\/v2\/media\/191942"}],"wp:attachment":[{"href":"https:\/\/www.sonoraenequipo.com.mx\/api\/wp\/v2\/media?parent=191944"}],"wp:term":[{"taxonomy":"category","embeddable":true,"href":"https:\/\/www.sonoraenequipo.com.mx\/api\/wp\/v2\/categories?post=191944"},{"taxonomy":"post_tag","embeddable":true,"href":"https:\/\/www.sonoraenequipo.com.mx\/api\/wp\/v2\/tags?post=191944"}],"curies":[{"name":"wp","href":"https:\/\/api.w.org\/{rel}","templated":true}]}}