{"id":192710,"date":"2024-06-20T16:55:58","date_gmt":"2024-06-20T23:55:58","guid":{"rendered":"https:\/\/www.sonoraenequipo.com.mx\/?p=192710"},"modified":"2024-06-20T16:55:58","modified_gmt":"2024-06-20T23:55:58","slug":"brinda-gobierno-de-sonora-cerca-de-2-mil-servicios-con-la-jornada-para-el-bienestar-en-empalme","status":"publish","type":"post","link":"https:\/\/www.sonoraenequipo.com.mx\/brinda-gobierno-de-sonora-cerca-de-2-mil-servicios-con-la-jornada-para-el-bienestar-en-empalme\/","title":{"rendered":"Brinda Gobierno de Sonora cerca de 2 mil servicios con la Jornada para el Bienestar \u00a0en Empalme"},"content":{"rendered":"<p><strong>EMPALME, SONORA, MX.<\/strong><strong> \u0336 \u0336\u00a0 <\/strong>Con el objetivo de acercar m\u00e1s de 50 tr\u00e1mites y servicios a las familias de Empalme, el Gobierno de Sonora a trav\u00e9s de la Secretar\u00eda de Desarrollo Social (Sedesson), en coordinaci\u00f3n con m\u00e1s de 20 dependencias estatales, federales y municipales y asociaciones civiles, brind\u00f3 un total de mil 980 atenciones durante a la Jornada Para el Bienestar y la Justicia Social, en la colonia Ronaldo Camacho.<\/p>\n<p>&nbsp;<\/p>\n<p>&nbsp;<\/p>\n<p>&nbsp;<\/p>\n<p>En la jornada 445 personas fueron atendidas con tr\u00e1mites y servicios gratuitos de dependencias como Bienestar Federal, Secretar\u00eda de Salud, Liconsa, ICATSON, ISJ, Instituto Nacional de Emergencias, Registro Civil, CEDES, Seguridad P\u00fablica, instancias municipales del Ayuntamiento de Empalme, entre otras dependencias.<\/p>\n<p>&nbsp;<\/p>\n<p>&nbsp;<\/p>\n<p>&nbsp;<\/p>\n<p>\u00abA nosotros nos toca encontrar la forma de hacerle la vida m\u00e1s f\u00e1cil a la gente, es parte de las y los servidores p\u00fablicos, entonces yo creo que ustedes coinciden conmigo cuando digo que servir es un honor y estamos honrando aqu\u00ed ese servicio como gobierno federal, municipal y estatal\u00bb, detall\u00f3 Wendy Brice\u00f1o Zuloaga, secretaria de Desarrollo Social.<\/p>\n<p>&nbsp;<\/p>\n<p>&nbsp;<\/p>\n<p>&nbsp;<\/p>\n<p>As\u00ed mismo refrend\u00f3 el compromiso del gobernador de Sonora, Alfonso Durazo Monta\u00f1o para continuar trabajando a ras de suelo y que todos los servicios lleguen a las comunidades que m\u00e1s lo necesitan.<\/p>\n<p><strong>Fecha de publicaci\u00f3n jueves 20 de junio de 2024<\/strong><\/p>\n<p>&nbsp;<\/p>\n","protected":false},"excerpt":{"rendered":"<p>EMPALME, SONORA, MX. \u0336 \u0336\u00a0 Con el objetivo de acercar m\u00e1s de 50 tr\u00e1mites y&#8230;<\/p>\n","protected":false},"author":1,"featured_media":192713,"comment_status":"open","ping_status":"open","sticky":false,"template":"","format":"standard","meta":{"_monsterinsights_skip_tracking":false,"_monsterinsights_sitenote_active":false,"_monsterinsights_sitenote_note":"","_monsterinsights_sitenote_category":0,"footnotes":""},"categories":[22],"tags":[],"class_list":["post"],"yoast_head":" \n<title>Sonora en Equipo. Brinda Gobierno de Sonora cerca de 2 mil servicios con la Jornada para el Bienestar \u00a0en Empalme Sonora<\/title>\n<meta name=\"description\" content=\"EMPALME, SONORA, MX. \u0336 \u0336\u00a0 Con el objetivo de acercar m\u00e1s de 50 tr\u00e1mites y servicios a las familias de Empalme, el Gobierno de Sonora a trav\u00e9s de la En Sonora en Equipo publicamos toda la informaci\u00f3n de Sonora, M\u00e9xico y el Mundo de manera oportuna y busca que la libertad de expresi\u00f3n sea real. Visita nuestro medio informativo publicado desde Hermosillo, Sonora. %\" \/>\n<meta name=\"robots\" content=\"index, follow, max-snippet:-1, max-image-preview:large, max-video-preview:-1\" \/>\n<link rel=\"canonical\" href=\"https:\/\/www.sonoraenequipo.com.mx\/brinda-gobierno-de-sonora-cerca-de-2-mil-servicios-con-la-jornada-para-el-bienestar-en-empalme\/\" \/>\n<meta property=\"og:locale\" content=\"es_ES\" \/>\n<meta property=\"og:type\" content=\"article\" \/>\n<meta property=\"og:title\" content=\"Sonora en Equipo. Brinda Gobierno de Sonora cerca de 2 mil servicios con la Jornada para el Bienestar \u00a0en Empalme Sonora\" \/>\n<meta property=\"og:description\" content=\"EMPALME, SONORA, MX. \u0336 \u0336\u00a0 Con el objetivo de acercar m\u00e1s de 50 tr\u00e1mites y servicios a las familias de Empalme, el Gobierno de Sonora a trav\u00e9s de la En Sonora en Equipo publicamos toda la informaci\u00f3n de Sonora, M\u00e9xico y el Mundo de manera oportuna y busca que la libertad de expresi\u00f3n sea real. Visita nuestro medio informativo publicado desde Hermosillo, Sonora. %\" \/>\n<meta property=\"og:url\" content=\"https:\/\/www.sonoraenequipo.com.mx\/brinda-gobierno-de-sonora-cerca-de-2-mil-servicios-con-la-jornada-para-el-bienestar-en-empalme\/\" \/>\n<meta property=\"og:site_name\" content=\"Sonora en Equipo.\" \/>\n<meta property=\"article:publisher\" content=\"https:\/\/www.facebook.com\/SonoraEE\/\" \/>\n<meta property=\"article:author\" content=\"https:\/\/www.facebook.com\/SonoraEE\" \/>\n<meta property=\"article:published_time\" content=\"2024-06-20T23:55:58+00:00\" \/>\n<meta property=\"og:image\" content=\"https:\/\/www.sonoraenequipo.com.mx\/storage\/2024\/06\/SEDESSOn-sonora-empalme.jpg\" \/>\n\t<meta property=\"og:image:width\" content=\"800\" \/>\n\t<meta property=\"og:image:height\" content=\"452\" \/>\n\t<meta property=\"og:image:type\" content=\"image\/jpeg\" \/>\n<meta name=\"author\" content=\"enequipo\" \/>\n<meta name=\"twitter:card\" content=\"summary_large_image\" \/>\n<meta name=\"twitter:creator\" content=\"@sonoraenequipo\" \/>\n<meta name=\"twitter:site\" content=\"@sonoraenequipo\" \/>\n<meta name=\"twitter:label1\" content=\"Escrito por\" \/>\n\t<meta name=\"twitter:data1\" content=\"enequipo\" \/>\n\t<meta name=\"twitter:label2\" content=\"Tiempo de lectura\" \/>\n\t<meta name=\"twitter:data2\" content=\"1 minuto\" \/>\n<script type=\"application\/ld+json\" class=\"yoast-schema-graph\">{\"@context\":\"https:\/\/schema.org\",\"@graph\":[{\"@type\":\"Article\",\"@id\":\"https:\/\/www.sonoraenequipo.com.mx\/brinda-gobierno-de-sonora-cerca-de-2-mil-servicios-con-la-jornada-para-el-bienestar-en-empalme\/#article\",\"isPartOf\":{\"@id\":\"https:\/\/www.sonoraenequipo.com.mx\/brinda-gobierno-de-sonora-cerca-de-2-mil-servicios-con-la-jornada-para-el-bienestar-en-empalme\/\"},\"author\":{\"name\":\"enequipo\",\"@id\":\"https:\/\/www.sonoraenequipo.com.mx\/#\/schema\/person\/50102df0fb23a8fa9e8effad8fa81386\"},\"headline\":\"Brinda Gobierno de Sonora cerca de 2 mil servicios con la Jornada para el Bienestar \u00a0en Empalme\",\"datePublished\":\"2024-06-20T23:55:58+00:00\",\"mainEntityOfPage\":{\"@id\":\"https:\/\/www.sonoraenequipo.com.mx\/brinda-gobierno-de-sonora-cerca-de-2-mil-servicios-con-la-jornada-para-el-bienestar-en-empalme\/\"},\"wordCount\":245,\"commentCount\":0,\"publisher\":{\"@id\":\"https:\/\/www.sonoraenequipo.com.mx\/#organization\"},\"image\":{\"@id\":\"https:\/\/www.sonoraenequipo.com.mx\/brinda-gobierno-de-sonora-cerca-de-2-mil-servicios-con-la-jornada-para-el-bienestar-en-empalme\/#primaryimage\"},\"thumbnailUrl\":\"https:\/\/www.sonoraenequipo.com.mx\/storage\/2024\/06\/SEDESSOn-sonora-empalme.jpg\",\"articleSection\":[\"Sonora\"],\"inLanguage\":\"es\",\"potentialAction\":[{\"@type\":\"CommentAction\",\"name\":\"Comment\",\"target\":[\"https:\/\/www.sonoraenequipo.com.mx\/brinda-gobierno-de-sonora-cerca-de-2-mil-servicios-con-la-jornada-para-el-bienestar-en-empalme\/#respond\"]}]},{\"@type\":\"WebPage\",\"@id\":\"https:\/\/www.sonoraenequipo.com.mx\/brinda-gobierno-de-sonora-cerca-de-2-mil-servicios-con-la-jornada-para-el-bienestar-en-empalme\/\",\"url\":\"https:\/\/www.sonoraenequipo.com.mx\/brinda-gobierno-de-sonora-cerca-de-2-mil-servicios-con-la-jornada-para-el-bienestar-en-empalme\/\",\"name\":\"Sonora en Equipo. Brinda Gobierno de Sonora cerca de 2 mil servicios con la Jornada para el Bienestar \u00a0en Empalme Sonora\",\"isPartOf\":{\"@id\":\"https:\/\/www.sonoraenequipo.com.mx\/#website\"},\"primaryImageOfPage\":{\"@id\":\"https:\/\/www.sonoraenequipo.com.mx\/brinda-gobierno-de-sonora-cerca-de-2-mil-servicios-con-la-jornada-para-el-bienestar-en-empalme\/#primaryimage\"},\"image\":{\"@id\":\"https:\/\/www.sonoraenequipo.com.mx\/brinda-gobierno-de-sonora-cerca-de-2-mil-servicios-con-la-jornada-para-el-bienestar-en-empalme\/#primaryimage\"},\"thumbnailUrl\":\"https:\/\/www.sonoraenequipo.com.mx\/storage\/2024\/06\/SEDESSOn-sonora-empalme.jpg\",\"datePublished\":\"2024-06-20T23:55:58+00:00\",\"description\":\"EMPALME, SONORA, MX. \u0336 \u0336\u00a0 Con el objetivo de acercar m\u00e1s de 50 tr\u00e1mites y servicios a las familias de Empalme, el Gobierno de Sonora a trav\u00e9s de la En Sonora en Equipo publicamos toda la informaci\u00f3n de Sonora, M\u00e9xico y el Mundo de manera oportuna y busca que la libertad de expresi\u00f3n sea real. Visita nuestro medio informativo publicado desde Hermosillo, Sonora. %\",\"breadcrumb\":{\"@id\":\"https:\/\/www.sonoraenequipo.com.mx\/brinda-gobierno-de-sonora-cerca-de-2-mil-servicios-con-la-jornada-para-el-bienestar-en-empalme\/#breadcrumb\"},\"inLanguage\":\"es\",\"potentialAction\":[{\"@type\":\"ReadAction\",\"target\":[\"https:\/\/www.sonoraenequipo.com.mx\/brinda-gobierno-de-sonora-cerca-de-2-mil-servicios-con-la-jornada-para-el-bienestar-en-empalme\/\"]}]},{\"@type\":\"ImageObject\",\"inLanguage\":\"es\",\"@id\":\"https:\/\/www.sonoraenequipo.com.mx\/brinda-gobierno-de-sonora-cerca-de-2-mil-servicios-con-la-jornada-para-el-bienestar-en-empalme\/#primaryimage\",\"url\":\"https:\/\/www.sonoraenequipo.com.mx\/storage\/2024\/06\/SEDESSOn-sonora-empalme.jpg\",\"contentUrl\":\"https:\/\/www.sonoraenequipo.com.mx\/storage\/2024\/06\/SEDESSOn-sonora-empalme.jpg\",\"width\":800,\"height\":452},{\"@type\":\"BreadcrumbList\",\"@id\":\"https:\/\/www.sonoraenequipo.com.mx\/brinda-gobierno-de-sonora-cerca-de-2-mil-servicios-con-la-jornada-para-el-bienestar-en-empalme\/#breadcrumb\",\"itemListElement\":[{\"@type\":\"ListItem\",\"position\":1,\"name\":\"Portada\",\"item\":\"https:\/\/www.sonoraenequipo.com.mx\/\"},{\"@type\":\"ListItem\",\"position\":2,\"name\":\"Brinda Gobierno de Sonora cerca de 2 mil servicios con la Jornada para el Bienestar \u00a0en Empalme\"}]},{\"@type\":\"WebSite\",\"@id\":\"https:\/\/www.sonoraenequipo.com.mx\/#website\",\"url\":\"https:\/\/www.sonoraenequipo.com.mx\/\",\"name\":\"Sonora en Equipo.\",\"description\":\"Diario en l\u00ednea con Noticias desde Hermosillo, Sonora\",\"publisher\":{\"@id\":\"https:\/\/www.sonoraenequipo.com.mx\/#organization\"},\"potentialAction\":[{\"@type\":\"SearchAction\",\"target\":{\"@type\":\"EntryPoint\",\"urlTemplate\":\"https:\/\/www.sonoraenequipo.com.mx\/?s={search_term_string}\"},\"query-input\":{\"@type\":\"PropertyValueSpecification\",\"valueRequired\":true,\"valueName\":\"search_term_string\"}}],\"inLanguage\":\"es\"},{\"@type\":\"Organization\",\"@id\":\"https:\/\/www.sonoraenequipo.com.mx\/#organization\",\"name\":\"Sonoraenequipo.com.mx\",\"url\":\"https:\/\/www.sonoraenequipo.com.mx\/\",\"logo\":{\"@type\":\"ImageObject\",\"inLanguage\":\"es\",\"@id\":\"https:\/\/www.sonoraenequipo.com.mx\/#\/schema\/logo\/image\/\",\"url\":\"https:\/\/www.sonoraenequipo.com.mx\/storage\/2019\/01\/sonoraenequipo_opt.png\",\"contentUrl\":\"https:\/\/www.sonoraenequipo.com.mx\/storage\/2019\/01\/sonoraenequipo_opt.png\",\"width\":375,\"height\":125,\"caption\":\"Sonoraenequipo.com.mx\"},\"image\":{\"@id\":\"https:\/\/www.sonoraenequipo.com.mx\/#\/schema\/logo\/image\/\"},\"sameAs\":[\"https:\/\/www.facebook.com\/SonoraEE\/\",\"https:\/\/x.com\/sonoraenequipo\",\"https:\/\/www.youtube.com\/channel\/UC338nW-lPEYmJQs4ZABQ1SQ\"]},{\"@type\":\"Person\",\"@id\":\"https:\/\/www.sonoraenequipo.com.mx\/#\/schema\/person\/50102df0fb23a8fa9e8effad8fa81386\",\"name\":\"enequipo\",\"image\":{\"@type\":\"ImageObject\",\"inLanguage\":\"es\",\"@id\":\"https:\/\/www.sonoraenequipo.com.mx\/#\/schema\/person\/image\/\",\"url\":\"https:\/\/secure.gravatar.com\/avatar\/049821681b589dabc0bc20695993ccebb09f5b5d4d790cd9251b97faac7c652b?s=96&d=blank&r=g\",\"contentUrl\":\"https:\/\/secure.gravatar.com\/avatar\/049821681b589dabc0bc20695993ccebb09f5b5d4d790cd9251b97faac7c652b?s=96&d=blank&r=g\",\"caption\":\"enequipo\"},\"sameAs\":[\"https:\/\/www.facebook.com\/SonoraEE\"]}]}<\/script>\n ","yoast_head_json":{"title":"Sonora en Equipo. Brinda Gobierno de Sonora cerca de 2 mil servicios con la Jornada para el Bienestar \u00a0en Empalme Sonora","description":"EMPALME, SONORA, MX. \u0336 \u0336\u00a0 Con el objetivo de acercar m\u00e1s de 50 tr\u00e1mites y servicios a las familias de Empalme, el Gobierno de Sonora a trav\u00e9s de la En Sonora en Equipo publicamos toda la informaci\u00f3n de Sonora, M\u00e9xico y el Mundo de manera oportuna y busca que la libertad de expresi\u00f3n sea real. Visita nuestro medio informativo publicado desde Hermosillo, Sonora. %","robots":{"index":"index","follow":"follow","max-snippet":"max-snippet:-1","max-image-preview":"max-image-preview:large","max-video-preview":"max-video-preview:-1"},"canonical":"https:\/\/www.sonoraenequipo.com.mx\/brinda-gobierno-de-sonora-cerca-de-2-mil-servicios-con-la-jornada-para-el-bienestar-en-empalme\/","og_locale":"es_ES","og_type":"article","og_title":"Sonora en Equipo. Brinda Gobierno de Sonora cerca de 2 mil servicios con la Jornada para el Bienestar \u00a0en Empalme Sonora","og_description":"EMPALME, SONORA, MX. \u0336 \u0336\u00a0 Con el objetivo de acercar m\u00e1s de 50 tr\u00e1mites y servicios a las familias de Empalme, el Gobierno de Sonora a trav\u00e9s de la En Sonora en Equipo publicamos toda la informaci\u00f3n de Sonora, M\u00e9xico y el Mundo de manera oportuna y busca que la libertad de expresi\u00f3n sea real. Visita nuestro medio informativo publicado desde Hermosillo, Sonora. %","og_url":"https:\/\/www.sonoraenequipo.com.mx\/brinda-gobierno-de-sonora-cerca-de-2-mil-servicios-con-la-jornada-para-el-bienestar-en-empalme\/","og_site_name":"Sonora en Equipo.","article_publisher":"https:\/\/www.facebook.com\/SonoraEE\/","article_author":"https:\/\/www.facebook.com\/SonoraEE","article_published_time":"2024-06-20T23:55:58+00:00","og_image":[{"width":800,"height":452,"url":"https:\/\/www.sonoraenequipo.com.mx\/storage\/2024\/06\/SEDESSOn-sonora-empalme.jpg","type":"image\/jpeg"}],"author":"enequipo","twitter_card":"summary_large_image","twitter_creator":"@sonoraenequipo","twitter_site":"@sonoraenequipo","twitter_misc":{"Escrito por":"enequipo","Tiempo de lectura":"1 minuto"},"schema":{"@context":"https:\/\/schema.org","@graph":[{"@type":"Article","@id":"https:\/\/www.sonoraenequipo.com.mx\/brinda-gobierno-de-sonora-cerca-de-2-mil-servicios-con-la-jornada-para-el-bienestar-en-empalme\/#article","isPartOf":{"@id":"https:\/\/www.sonoraenequipo.com.mx\/brinda-gobierno-de-sonora-cerca-de-2-mil-servicios-con-la-jornada-para-el-bienestar-en-empalme\/"},"author":{"name":"enequipo","@id":"https:\/\/www.sonoraenequipo.com.mx\/#\/schema\/person\/50102df0fb23a8fa9e8effad8fa81386"},"headline":"Brinda Gobierno de Sonora cerca de 2 mil servicios con la Jornada para el Bienestar \u00a0en Empalme","datePublished":"2024-06-20T23:55:58+00:00","mainEntityOfPage":{"@id":"https:\/\/www.sonoraenequipo.com.mx\/brinda-gobierno-de-sonora-cerca-de-2-mil-servicios-con-la-jornada-para-el-bienestar-en-empalme\/"},"wordCount":245,"commentCount":0,"publisher":{"@id":"https:\/\/www.sonoraenequipo.com.mx\/#organization"},"image":{"@id":"https:\/\/www.sonoraenequipo.com.mx\/brinda-gobierno-de-sonora-cerca-de-2-mil-servicios-con-la-jornada-para-el-bienestar-en-empalme\/#primaryimage"},"thumbnailUrl":"https:\/\/www.sonoraenequipo.com.mx\/storage\/2024\/06\/SEDESSOn-sonora-empalme.jpg","articleSection":["Sonora"],"inLanguage":"es","potentialAction":[{"@type":"CommentAction","name":"Comment","target":["https:\/\/www.sonoraenequipo.com.mx\/brinda-gobierno-de-sonora-cerca-de-2-mil-servicios-con-la-jornada-para-el-bienestar-en-empalme\/#respond"]}]},{"@type":"WebPage","@id":"https:\/\/www.sonoraenequipo.com.mx\/brinda-gobierno-de-sonora-cerca-de-2-mil-servicios-con-la-jornada-para-el-bienestar-en-empalme\/","url":"https:\/\/www.sonoraenequipo.com.mx\/brinda-gobierno-de-sonora-cerca-de-2-mil-servicios-con-la-jornada-para-el-bienestar-en-empalme\/","name":"Sonora en Equipo. Brinda Gobierno de Sonora cerca de 2 mil servicios con la Jornada para el Bienestar \u00a0en Empalme Sonora","isPartOf":{"@id":"https:\/\/www.sonoraenequipo.com.mx\/#website"},"primaryImageOfPage":{"@id":"https:\/\/www.sonoraenequipo.com.mx\/brinda-gobierno-de-sonora-cerca-de-2-mil-servicios-con-la-jornada-para-el-bienestar-en-empalme\/#primaryimage"},"image":{"@id":"https:\/\/www.sonoraenequipo.com.mx\/brinda-gobierno-de-sonora-cerca-de-2-mil-servicios-con-la-jornada-para-el-bienestar-en-empalme\/#primaryimage"},"thumbnailUrl":"https:\/\/www.sonoraenequipo.com.mx\/storage\/2024\/06\/SEDESSOn-sonora-empalme.jpg","datePublished":"2024-06-20T23:55:58+00:00","description":"EMPALME, SONORA, MX. \u0336 \u0336\u00a0 Con el objetivo de acercar m\u00e1s de 50 tr\u00e1mites y servicios a las familias de Empalme, el Gobierno de Sonora a trav\u00e9s de la En Sonora en Equipo publicamos toda la informaci\u00f3n de Sonora, M\u00e9xico y el Mundo de manera oportuna y busca que la libertad de expresi\u00f3n sea real. Visita nuestro medio informativo publicado desde Hermosillo, Sonora. %","breadcrumb":{"@id":"https:\/\/www.sonoraenequipo.com.mx\/brinda-gobierno-de-sonora-cerca-de-2-mil-servicios-con-la-jornada-para-el-bienestar-en-empalme\/#breadcrumb"},"inLanguage":"es","potentialAction":[{"@type":"ReadAction","target":["https:\/\/www.sonoraenequipo.com.mx\/brinda-gobierno-de-sonora-cerca-de-2-mil-servicios-con-la-jornada-para-el-bienestar-en-empalme\/"]}]},{"@type":"ImageObject","inLanguage":"es","@id":"https:\/\/www.sonoraenequipo.com.mx\/brinda-gobierno-de-sonora-cerca-de-2-mil-servicios-con-la-jornada-para-el-bienestar-en-empalme\/#primaryimage","url":"https:\/\/www.sonoraenequipo.com.mx\/storage\/2024\/06\/SEDESSOn-sonora-empalme.jpg","contentUrl":"https:\/\/www.sonoraenequipo.com.mx\/storage\/2024\/06\/SEDESSOn-sonora-empalme.jpg","width":800,"height":452},{"@type":"BreadcrumbList","@id":"https:\/\/www.sonoraenequipo.com.mx\/brinda-gobierno-de-sonora-cerca-de-2-mil-servicios-con-la-jornada-para-el-bienestar-en-empalme\/#breadcrumb","itemListElement":[{"@type":"ListItem","position":1,"name":"Portada","item":"https:\/\/www.sonoraenequipo.com.mx\/"},{"@type":"ListItem","position":2,"name":"Brinda Gobierno de Sonora cerca de 2 mil servicios con la Jornada para el Bienestar \u00a0en Empalme"}]},{"@type":"WebSite","@id":"https:\/\/www.sonoraenequipo.com.mx\/#website","url":"https:\/\/www.sonoraenequipo.com.mx\/","name":"Sonora en Equipo.","description":"Diario en l\u00ednea con Noticias desde Hermosillo, Sonora","publisher":{"@id":"https:\/\/www.sonoraenequipo.com.mx\/#organization"},"potentialAction":[{"@type":"SearchAction","target":{"@type":"EntryPoint","urlTemplate":"https:\/\/www.sonoraenequipo.com.mx\/?s={search_term_string}"},"query-input":{"@type":"PropertyValueSpecification","valueRequired":true,"valueName":"search_term_string"}}],"inLanguage":"es"},{"@type":"Organization","@id":"https:\/\/www.sonoraenequipo.com.mx\/#organization","name":"Sonoraenequipo.com.mx","url":"https:\/\/www.sonoraenequipo.com.mx\/","logo":{"@type":"ImageObject","inLanguage":"es","@id":"https:\/\/www.sonoraenequipo.com.mx\/#\/schema\/logo\/image\/","url":"https:\/\/www.sonoraenequipo.com.mx\/storage\/2019\/01\/sonoraenequipo_opt.png","contentUrl":"https:\/\/www.sonoraenequipo.com.mx\/storage\/2019\/01\/sonoraenequipo_opt.png","width":375,"height":125,"caption":"Sonoraenequipo.com.mx"},"image":{"@id":"https:\/\/www.sonoraenequipo.com.mx\/#\/schema\/logo\/image\/"},"sameAs":["https:\/\/www.facebook.com\/SonoraEE\/","https:\/\/x.com\/sonoraenequipo","https:\/\/www.youtube.com\/channel\/UC338nW-lPEYmJQs4ZABQ1SQ"]},{"@type":"Person","@id":"https:\/\/www.sonoraenequipo.com.mx\/#\/schema\/person\/50102df0fb23a8fa9e8effad8fa81386","name":"enequipo","image":{"@type":"ImageObject","inLanguage":"es","@id":"https:\/\/www.sonoraenequipo.com.mx\/#\/schema\/person\/image\/","url":"https:\/\/secure.gravatar.com\/avatar\/049821681b589dabc0bc20695993ccebb09f5b5d4d790cd9251b97faac7c652b?s=96&d=blank&r=g","contentUrl":"https:\/\/secure.gravatar.com\/avatar\/049821681b589dabc0bc20695993ccebb09f5b5d4d790cd9251b97faac7c652b?s=96&d=blank&r=g","caption":"enequipo"},"sameAs":["https:\/\/www.facebook.com\/SonoraEE"]}]}},"jetpack_featured_media_url":"https:\/\/www.sonoraenequipo.com.mx\/storage\/2024\/06\/SEDESSOn-sonora-empalme.jpg","_links":{"self":[{"href":"https:\/\/www.sonoraenequipo.com.mx\/api\/wp\/v2\/posts\/192710","targetHints":{"allow":["GET"]}}],"collection":[{"href":"https:\/\/www.sonoraenequipo.com.mx\/api\/wp\/v2\/posts"}],"about":[{"href":"https:\/\/www.sonoraenequipo.com.mx\/api\/wp\/v2\/types\/post"}],"author":[{"embeddable":true,"href":"https:\/\/www.sonoraenequipo.com.mx\/api\/wp\/v2\/users\/1"}],"replies":[{"embeddable":true,"href":"https:\/\/www.sonoraenequipo.com.mx\/api\/wp\/v2\/comments?post=192710"}],"version-history":[{"count":1,"href":"https:\/\/www.sonoraenequipo.com.mx\/api\/wp\/v2\/posts\/192710\/revisions"}],"predecessor-version":[{"id":192714,"href":"https:\/\/www.sonoraenequipo.com.mx\/api\/wp\/v2\/posts\/192710\/revisions\/192714"}],"wp:featuredmedia":[{"embeddable":true,"href":"https:\/\/www.sonoraenequipo.com.mx\/api\/wp\/v2\/media\/192713"}],"wp:attachment":[{"href":"https:\/\/www.sonoraenequipo.com.mx\/api\/wp\/v2\/media?parent=192710"}],"wp:term":[{"taxonomy":"category","embeddable":true,"href":"https:\/\/www.sonoraenequipo.com.mx\/api\/wp\/v2\/categories?post=192710"},{"taxonomy":"post_tag","embeddable":true,"href":"https:\/\/www.sonoraenequipo.com.mx\/api\/wp\/v2\/tags?post=192710"}],"curies":[{"name":"wp","href":"https:\/\/api.w.org\/{rel}","templated":true}]}}