{"id":192715,"date":"2024-06-20T18:31:19","date_gmt":"2024-06-21T01:31:19","guid":{"rendered":"https:\/\/www.sonoraenequipo.com.mx\/?p=192715"},"modified":"2024-06-20T18:32:03","modified_gmt":"2024-06-21T01:32:03","slug":"gobierno-de-sonora-capacita-a-servidores-publicos-en-perspectiva-de-genero","status":"publish","type":"post","link":"https:\/\/www.sonoraenequipo.com.mx\/gobierno-de-sonora-capacita-a-servidores-publicos-en-perspectiva-de-genero\/","title":{"rendered":"Gobierno de Sonora capacita a servidores p\u00fablicos en perspectiva de g\u00e9nero"},"content":{"rendered":"<p><strong>HERMOSILLO, SONORA, MX.<\/strong><strong> \u0336 \u0336 \u00a0<\/strong>M\u00e1s de 120 funcionarias y funcionarios del Gobierno de Sonora recibieron capacitaci\u00f3n para la elaboraci\u00f3n de presupuestos con perspectiva de g\u00e9nero, con el objetivo de transversalizar el tema en la administraci\u00f3n estatal y con ello formular pol\u00edticas p\u00fablicas y acciones espec\u00edficas para alcanzar la igualdad sustantiva.<\/p>\n<p>La jornada de capacitaci\u00f3n tuvo una duraci\u00f3n de dos d\u00edas con un total de ocho horas, donde las y los titulares, personal de administraci\u00f3n y planeaci\u00f3n de las dependencias y entidades estatales, recibieron informaci\u00f3n en torno a la planeaci\u00f3n con an\u00e1lisis de g\u00e9nero.<\/p>\n<p>Los temas abordados fueron: conceptos b\u00e1sicos, construcci\u00f3n social del g\u00e9nero, contexto de la desigualdad, marco normativo, mecanismos institucionales para el logro de la igualdad sustantiva, presupuestos con perspectiva de g\u00e9nero, entre otros.<\/p>\n<p>Este trabajo realizado por el Instituto Sonorense de las Mujeres forma parte de los compromisos de la actual administraci\u00f3n estatal, encabezada por el gobernador Alfonso Durazo, para crear pol\u00edticas p\u00fablicas transversales con enfoque de g\u00e9nero para el desarrollo integral de las mujeres y contar con una sociedad sonorense m\u00e1s inclusiva.<\/p>\n<p><strong>Fecha de publicaci\u00f3n jueves 20 de junio de 2024<\/strong><\/p>\n","protected":false},"excerpt":{"rendered":"<p>HERMOSILLO, SONORA, MX. \u0336 \u0336 \u00a0M\u00e1s de 120 funcionarias y funcionarios del Gobierno de Sonora&#8230;<\/p>\n","protected":false},"author":1,"featured_media":192730,"comment_status":"open","ping_status":"open","sticky":false,"template":"","format":"standard","meta":{"_monsterinsights_skip_tracking":false,"_monsterinsights_sitenote_active":false,"_monsterinsights_sitenote_note":"","_monsterinsights_sitenote_category":0,"footnotes":""},"categories":[22],"tags":[9864],"class_list":["post"],"yoast_head":" \n<title>Sonora en Equipo. Gobierno de Sonora capacita a servidores p\u00fablicos en perspectiva de g\u00e9nero Sonora<\/title>\n<meta name=\"description\" content=\"HERMOSILLO, SONORA, MX. \u0336 \u0336 \u00a0M\u00e1s de 120 funcionarias y funcionarios del Gobierno de Sonora recibieron capacitaci\u00f3n para la elaboraci\u00f3n de presupuestos con En Sonora en Equipo publicamos toda la informaci\u00f3n de Sonora, M\u00e9xico y el Mundo de manera oportuna y busca que la libertad de expresi\u00f3n sea real. Visita nuestro medio informativo publicado desde Hermosillo, Sonora. %\" \/>\n<meta name=\"robots\" content=\"index, follow, max-snippet:-1, max-image-preview:large, max-video-preview:-1\" \/>\n<link rel=\"canonical\" href=\"https:\/\/www.sonoraenequipo.com.mx\/gobierno-de-sonora-capacita-a-servidores-publicos-en-perspectiva-de-genero\/\" \/>\n<meta property=\"og:locale\" content=\"es_ES\" \/>\n<meta property=\"og:type\" content=\"article\" \/>\n<meta property=\"og:title\" content=\"Sonora en Equipo. Gobierno de Sonora capacita a servidores p\u00fablicos en perspectiva de g\u00e9nero Sonora\" \/>\n<meta property=\"og:description\" content=\"HERMOSILLO, SONORA, MX. \u0336 \u0336 \u00a0M\u00e1s de 120 funcionarias y funcionarios del Gobierno de Sonora recibieron capacitaci\u00f3n para la elaboraci\u00f3n de presupuestos con En Sonora en Equipo publicamos toda la informaci\u00f3n de Sonora, M\u00e9xico y el Mundo de manera oportuna y busca que la libertad de expresi\u00f3n sea real. Visita nuestro medio informativo publicado desde Hermosillo, Sonora. %\" \/>\n<meta property=\"og:url\" content=\"https:\/\/www.sonoraenequipo.com.mx\/gobierno-de-sonora-capacita-a-servidores-publicos-en-perspectiva-de-genero\/\" \/>\n<meta property=\"og:site_name\" content=\"Sonora en Equipo.\" \/>\n<meta property=\"article:publisher\" content=\"https:\/\/www.facebook.com\/SonoraEE\/\" \/>\n<meta property=\"article:author\" content=\"https:\/\/www.facebook.com\/SonoraEE\" \/>\n<meta property=\"article:published_time\" content=\"2024-06-21T01:31:19+00:00\" \/>\n<meta property=\"article:modified_time\" content=\"2024-06-21T01:32:03+00:00\" \/>\n<meta property=\"og:image\" content=\"https:\/\/www.sonoraenequipo.com.mx\/storage\/2024\/06\/capacitacionperspectivade-genero.jpg\" \/>\n\t<meta property=\"og:image:width\" content=\"800\" \/>\n\t<meta property=\"og:image:height\" content=\"533\" \/>\n\t<meta property=\"og:image:type\" content=\"image\/jpeg\" \/>\n<meta name=\"author\" content=\"enequipo\" \/>\n<meta name=\"twitter:card\" content=\"summary_large_image\" \/>\n<meta name=\"twitter:creator\" content=\"@sonoraenequipo\" \/>\n<meta name=\"twitter:site\" content=\"@sonoraenequipo\" \/>\n<meta name=\"twitter:label1\" content=\"Escrito por\" \/>\n\t<meta name=\"twitter:data1\" content=\"enequipo\" \/>\n\t<meta name=\"twitter:label2\" content=\"Tiempo de lectura\" \/>\n\t<meta name=\"twitter:data2\" content=\"1 minuto\" \/>\n<script type=\"application\/ld+json\" class=\"yoast-schema-graph\">{\"@context\":\"https:\/\/schema.org\",\"@graph\":[{\"@type\":\"Article\",\"@id\":\"https:\/\/www.sonoraenequipo.com.mx\/gobierno-de-sonora-capacita-a-servidores-publicos-en-perspectiva-de-genero\/#article\",\"isPartOf\":{\"@id\":\"https:\/\/www.sonoraenequipo.com.mx\/gobierno-de-sonora-capacita-a-servidores-publicos-en-perspectiva-de-genero\/\"},\"author\":{\"name\":\"enequipo\",\"@id\":\"https:\/\/www.sonoraenequipo.com.mx\/#\/schema\/person\/50102df0fb23a8fa9e8effad8fa81386\"},\"headline\":\"Gobierno de Sonora capacita a servidores p\u00fablicos en perspectiva de g\u00e9nero\",\"datePublished\":\"2024-06-21T01:31:19+00:00\",\"dateModified\":\"2024-06-21T01:32:03+00:00\",\"mainEntityOfPage\":{\"@id\":\"https:\/\/www.sonoraenequipo.com.mx\/gobierno-de-sonora-capacita-a-servidores-publicos-en-perspectiva-de-genero\/\"},\"wordCount\":220,\"commentCount\":0,\"publisher\":{\"@id\":\"https:\/\/www.sonoraenequipo.com.mx\/#organization\"},\"image\":{\"@id\":\"https:\/\/www.sonoraenequipo.com.mx\/gobierno-de-sonora-capacita-a-servidores-publicos-en-perspectiva-de-genero\/#primaryimage\"},\"thumbnailUrl\":\"https:\/\/www.sonoraenequipo.com.mx\/storage\/2024\/06\/capacitacionperspectivade-genero.jpg\",\"keywords\":[\"perspectivagenero\"],\"articleSection\":[\"Sonora\"],\"inLanguage\":\"es\",\"potentialAction\":[{\"@type\":\"CommentAction\",\"name\":\"Comment\",\"target\":[\"https:\/\/www.sonoraenequipo.com.mx\/gobierno-de-sonora-capacita-a-servidores-publicos-en-perspectiva-de-genero\/#respond\"]}]},{\"@type\":\"WebPage\",\"@id\":\"https:\/\/www.sonoraenequipo.com.mx\/gobierno-de-sonora-capacita-a-servidores-publicos-en-perspectiva-de-genero\/\",\"url\":\"https:\/\/www.sonoraenequipo.com.mx\/gobierno-de-sonora-capacita-a-servidores-publicos-en-perspectiva-de-genero\/\",\"name\":\"Sonora en Equipo. Gobierno de Sonora capacita a servidores p\u00fablicos en perspectiva de g\u00e9nero Sonora\",\"isPartOf\":{\"@id\":\"https:\/\/www.sonoraenequipo.com.mx\/#website\"},\"primaryImageOfPage\":{\"@id\":\"https:\/\/www.sonoraenequipo.com.mx\/gobierno-de-sonora-capacita-a-servidores-publicos-en-perspectiva-de-genero\/#primaryimage\"},\"image\":{\"@id\":\"https:\/\/www.sonoraenequipo.com.mx\/gobierno-de-sonora-capacita-a-servidores-publicos-en-perspectiva-de-genero\/#primaryimage\"},\"thumbnailUrl\":\"https:\/\/www.sonoraenequipo.com.mx\/storage\/2024\/06\/capacitacionperspectivade-genero.jpg\",\"datePublished\":\"2024-06-21T01:31:19+00:00\",\"dateModified\":\"2024-06-21T01:32:03+00:00\",\"description\":\"HERMOSILLO, SONORA, MX. \u0336 \u0336 \u00a0M\u00e1s de 120 funcionarias y funcionarios del Gobierno de Sonora recibieron capacitaci\u00f3n para la elaboraci\u00f3n de presupuestos con En Sonora en Equipo publicamos toda la informaci\u00f3n de Sonora, M\u00e9xico y el Mundo de manera oportuna y busca que la libertad de expresi\u00f3n sea real. Visita nuestro medio informativo publicado desde Hermosillo, Sonora. %\",\"breadcrumb\":{\"@id\":\"https:\/\/www.sonoraenequipo.com.mx\/gobierno-de-sonora-capacita-a-servidores-publicos-en-perspectiva-de-genero\/#breadcrumb\"},\"inLanguage\":\"es\",\"potentialAction\":[{\"@type\":\"ReadAction\",\"target\":[\"https:\/\/www.sonoraenequipo.com.mx\/gobierno-de-sonora-capacita-a-servidores-publicos-en-perspectiva-de-genero\/\"]}]},{\"@type\":\"ImageObject\",\"inLanguage\":\"es\",\"@id\":\"https:\/\/www.sonoraenequipo.com.mx\/gobierno-de-sonora-capacita-a-servidores-publicos-en-perspectiva-de-genero\/#primaryimage\",\"url\":\"https:\/\/www.sonoraenequipo.com.mx\/storage\/2024\/06\/capacitacionperspectivade-genero.jpg\",\"contentUrl\":\"https:\/\/www.sonoraenequipo.com.mx\/storage\/2024\/06\/capacitacionperspectivade-genero.jpg\",\"width\":800,\"height\":533},{\"@type\":\"BreadcrumbList\",\"@id\":\"https:\/\/www.sonoraenequipo.com.mx\/gobierno-de-sonora-capacita-a-servidores-publicos-en-perspectiva-de-genero\/#breadcrumb\",\"itemListElement\":[{\"@type\":\"ListItem\",\"position\":1,\"name\":\"Portada\",\"item\":\"https:\/\/www.sonoraenequipo.com.mx\/\"},{\"@type\":\"ListItem\",\"position\":2,\"name\":\"Gobierno de Sonora capacita a servidores p\u00fablicos en perspectiva de g\u00e9nero\"}]},{\"@type\":\"WebSite\",\"@id\":\"https:\/\/www.sonoraenequipo.com.mx\/#website\",\"url\":\"https:\/\/www.sonoraenequipo.com.mx\/\",\"name\":\"Sonora en Equipo.\",\"description\":\"Diario en l\u00ednea con Noticias desde Hermosillo, Sonora\",\"publisher\":{\"@id\":\"https:\/\/www.sonoraenequipo.com.mx\/#organization\"},\"potentialAction\":[{\"@type\":\"SearchAction\",\"target\":{\"@type\":\"EntryPoint\",\"urlTemplate\":\"https:\/\/www.sonoraenequipo.com.mx\/?s={search_term_string}\"},\"query-input\":{\"@type\":\"PropertyValueSpecification\",\"valueRequired\":true,\"valueName\":\"search_term_string\"}}],\"inLanguage\":\"es\"},{\"@type\":\"Organization\",\"@id\":\"https:\/\/www.sonoraenequipo.com.mx\/#organization\",\"name\":\"Sonoraenequipo.com.mx\",\"url\":\"https:\/\/www.sonoraenequipo.com.mx\/\",\"logo\":{\"@type\":\"ImageObject\",\"inLanguage\":\"es\",\"@id\":\"https:\/\/www.sonoraenequipo.com.mx\/#\/schema\/logo\/image\/\",\"url\":\"https:\/\/www.sonoraenequipo.com.mx\/storage\/2019\/01\/sonoraenequipo_opt.png\",\"contentUrl\":\"https:\/\/www.sonoraenequipo.com.mx\/storage\/2019\/01\/sonoraenequipo_opt.png\",\"width\":375,\"height\":125,\"caption\":\"Sonoraenequipo.com.mx\"},\"image\":{\"@id\":\"https:\/\/www.sonoraenequipo.com.mx\/#\/schema\/logo\/image\/\"},\"sameAs\":[\"https:\/\/www.facebook.com\/SonoraEE\/\",\"https:\/\/x.com\/sonoraenequipo\",\"https:\/\/www.youtube.com\/channel\/UC338nW-lPEYmJQs4ZABQ1SQ\"]},{\"@type\":\"Person\",\"@id\":\"https:\/\/www.sonoraenequipo.com.mx\/#\/schema\/person\/50102df0fb23a8fa9e8effad8fa81386\",\"name\":\"enequipo\",\"image\":{\"@type\":\"ImageObject\",\"inLanguage\":\"es\",\"@id\":\"https:\/\/www.sonoraenequipo.com.mx\/#\/schema\/person\/image\/\",\"url\":\"https:\/\/secure.gravatar.com\/avatar\/049821681b589dabc0bc20695993ccebb09f5b5d4d790cd9251b97faac7c652b?s=96&d=blank&r=g\",\"contentUrl\":\"https:\/\/secure.gravatar.com\/avatar\/049821681b589dabc0bc20695993ccebb09f5b5d4d790cd9251b97faac7c652b?s=96&d=blank&r=g\",\"caption\":\"enequipo\"},\"sameAs\":[\"https:\/\/www.facebook.com\/SonoraEE\"]}]}<\/script>\n ","yoast_head_json":{"title":"Sonora en Equipo. Gobierno de Sonora capacita a servidores p\u00fablicos en perspectiva de g\u00e9nero Sonora","description":"HERMOSILLO, SONORA, MX. \u0336 \u0336 \u00a0M\u00e1s de 120 funcionarias y funcionarios del Gobierno de Sonora recibieron capacitaci\u00f3n para la elaboraci\u00f3n de presupuestos con En Sonora en Equipo publicamos toda la informaci\u00f3n de Sonora, M\u00e9xico y el Mundo de manera oportuna y busca que la libertad de expresi\u00f3n sea real. Visita nuestro medio informativo publicado desde Hermosillo, Sonora. %","robots":{"index":"index","follow":"follow","max-snippet":"max-snippet:-1","max-image-preview":"max-image-preview:large","max-video-preview":"max-video-preview:-1"},"canonical":"https:\/\/www.sonoraenequipo.com.mx\/gobierno-de-sonora-capacita-a-servidores-publicos-en-perspectiva-de-genero\/","og_locale":"es_ES","og_type":"article","og_title":"Sonora en Equipo. Gobierno de Sonora capacita a servidores p\u00fablicos en perspectiva de g\u00e9nero Sonora","og_description":"HERMOSILLO, SONORA, MX. \u0336 \u0336 \u00a0M\u00e1s de 120 funcionarias y funcionarios del Gobierno de Sonora recibieron capacitaci\u00f3n para la elaboraci\u00f3n de presupuestos con En Sonora en Equipo publicamos toda la informaci\u00f3n de Sonora, M\u00e9xico y el Mundo de manera oportuna y busca que la libertad de expresi\u00f3n sea real. Visita nuestro medio informativo publicado desde Hermosillo, Sonora. %","og_url":"https:\/\/www.sonoraenequipo.com.mx\/gobierno-de-sonora-capacita-a-servidores-publicos-en-perspectiva-de-genero\/","og_site_name":"Sonora en Equipo.","article_publisher":"https:\/\/www.facebook.com\/SonoraEE\/","article_author":"https:\/\/www.facebook.com\/SonoraEE","article_published_time":"2024-06-21T01:31:19+00:00","article_modified_time":"2024-06-21T01:32:03+00:00","og_image":[{"width":800,"height":533,"url":"https:\/\/www.sonoraenequipo.com.mx\/storage\/2024\/06\/capacitacionperspectivade-genero.jpg","type":"image\/jpeg"}],"author":"enequipo","twitter_card":"summary_large_image","twitter_creator":"@sonoraenequipo","twitter_site":"@sonoraenequipo","twitter_misc":{"Escrito por":"enequipo","Tiempo de lectura":"1 minuto"},"schema":{"@context":"https:\/\/schema.org","@graph":[{"@type":"Article","@id":"https:\/\/www.sonoraenequipo.com.mx\/gobierno-de-sonora-capacita-a-servidores-publicos-en-perspectiva-de-genero\/#article","isPartOf":{"@id":"https:\/\/www.sonoraenequipo.com.mx\/gobierno-de-sonora-capacita-a-servidores-publicos-en-perspectiva-de-genero\/"},"author":{"name":"enequipo","@id":"https:\/\/www.sonoraenequipo.com.mx\/#\/schema\/person\/50102df0fb23a8fa9e8effad8fa81386"},"headline":"Gobierno de Sonora capacita a servidores p\u00fablicos en perspectiva de g\u00e9nero","datePublished":"2024-06-21T01:31:19+00:00","dateModified":"2024-06-21T01:32:03+00:00","mainEntityOfPage":{"@id":"https:\/\/www.sonoraenequipo.com.mx\/gobierno-de-sonora-capacita-a-servidores-publicos-en-perspectiva-de-genero\/"},"wordCount":220,"commentCount":0,"publisher":{"@id":"https:\/\/www.sonoraenequipo.com.mx\/#organization"},"image":{"@id":"https:\/\/www.sonoraenequipo.com.mx\/gobierno-de-sonora-capacita-a-servidores-publicos-en-perspectiva-de-genero\/#primaryimage"},"thumbnailUrl":"https:\/\/www.sonoraenequipo.com.mx\/storage\/2024\/06\/capacitacionperspectivade-genero.jpg","keywords":["perspectivagenero"],"articleSection":["Sonora"],"inLanguage":"es","potentialAction":[{"@type":"CommentAction","name":"Comment","target":["https:\/\/www.sonoraenequipo.com.mx\/gobierno-de-sonora-capacita-a-servidores-publicos-en-perspectiva-de-genero\/#respond"]}]},{"@type":"WebPage","@id":"https:\/\/www.sonoraenequipo.com.mx\/gobierno-de-sonora-capacita-a-servidores-publicos-en-perspectiva-de-genero\/","url":"https:\/\/www.sonoraenequipo.com.mx\/gobierno-de-sonora-capacita-a-servidores-publicos-en-perspectiva-de-genero\/","name":"Sonora en Equipo. Gobierno de Sonora capacita a servidores p\u00fablicos en perspectiva de g\u00e9nero Sonora","isPartOf":{"@id":"https:\/\/www.sonoraenequipo.com.mx\/#website"},"primaryImageOfPage":{"@id":"https:\/\/www.sonoraenequipo.com.mx\/gobierno-de-sonora-capacita-a-servidores-publicos-en-perspectiva-de-genero\/#primaryimage"},"image":{"@id":"https:\/\/www.sonoraenequipo.com.mx\/gobierno-de-sonora-capacita-a-servidores-publicos-en-perspectiva-de-genero\/#primaryimage"},"thumbnailUrl":"https:\/\/www.sonoraenequipo.com.mx\/storage\/2024\/06\/capacitacionperspectivade-genero.jpg","datePublished":"2024-06-21T01:31:19+00:00","dateModified":"2024-06-21T01:32:03+00:00","description":"HERMOSILLO, SONORA, MX. \u0336 \u0336 \u00a0M\u00e1s de 120 funcionarias y funcionarios del Gobierno de Sonora recibieron capacitaci\u00f3n para la elaboraci\u00f3n de presupuestos con En Sonora en Equipo publicamos toda la informaci\u00f3n de Sonora, M\u00e9xico y el Mundo de manera oportuna y busca que la libertad de expresi\u00f3n sea real. Visita nuestro medio informativo publicado desde Hermosillo, Sonora. %","breadcrumb":{"@id":"https:\/\/www.sonoraenequipo.com.mx\/gobierno-de-sonora-capacita-a-servidores-publicos-en-perspectiva-de-genero\/#breadcrumb"},"inLanguage":"es","potentialAction":[{"@type":"ReadAction","target":["https:\/\/www.sonoraenequipo.com.mx\/gobierno-de-sonora-capacita-a-servidores-publicos-en-perspectiva-de-genero\/"]}]},{"@type":"ImageObject","inLanguage":"es","@id":"https:\/\/www.sonoraenequipo.com.mx\/gobierno-de-sonora-capacita-a-servidores-publicos-en-perspectiva-de-genero\/#primaryimage","url":"https:\/\/www.sonoraenequipo.com.mx\/storage\/2024\/06\/capacitacionperspectivade-genero.jpg","contentUrl":"https:\/\/www.sonoraenequipo.com.mx\/storage\/2024\/06\/capacitacionperspectivade-genero.jpg","width":800,"height":533},{"@type":"BreadcrumbList","@id":"https:\/\/www.sonoraenequipo.com.mx\/gobierno-de-sonora-capacita-a-servidores-publicos-en-perspectiva-de-genero\/#breadcrumb","itemListElement":[{"@type":"ListItem","position":1,"name":"Portada","item":"https:\/\/www.sonoraenequipo.com.mx\/"},{"@type":"ListItem","position":2,"name":"Gobierno de Sonora capacita a servidores p\u00fablicos en perspectiva de g\u00e9nero"}]},{"@type":"WebSite","@id":"https:\/\/www.sonoraenequipo.com.mx\/#website","url":"https:\/\/www.sonoraenequipo.com.mx\/","name":"Sonora en Equipo.","description":"Diario en l\u00ednea con Noticias desde Hermosillo, Sonora","publisher":{"@id":"https:\/\/www.sonoraenequipo.com.mx\/#organization"},"potentialAction":[{"@type":"SearchAction","target":{"@type":"EntryPoint","urlTemplate":"https:\/\/www.sonoraenequipo.com.mx\/?s={search_term_string}"},"query-input":{"@type":"PropertyValueSpecification","valueRequired":true,"valueName":"search_term_string"}}],"inLanguage":"es"},{"@type":"Organization","@id":"https:\/\/www.sonoraenequipo.com.mx\/#organization","name":"Sonoraenequipo.com.mx","url":"https:\/\/www.sonoraenequipo.com.mx\/","logo":{"@type":"ImageObject","inLanguage":"es","@id":"https:\/\/www.sonoraenequipo.com.mx\/#\/schema\/logo\/image\/","url":"https:\/\/www.sonoraenequipo.com.mx\/storage\/2019\/01\/sonoraenequipo_opt.png","contentUrl":"https:\/\/www.sonoraenequipo.com.mx\/storage\/2019\/01\/sonoraenequipo_opt.png","width":375,"height":125,"caption":"Sonoraenequipo.com.mx"},"image":{"@id":"https:\/\/www.sonoraenequipo.com.mx\/#\/schema\/logo\/image\/"},"sameAs":["https:\/\/www.facebook.com\/SonoraEE\/","https:\/\/x.com\/sonoraenequipo","https:\/\/www.youtube.com\/channel\/UC338nW-lPEYmJQs4ZABQ1SQ"]},{"@type":"Person","@id":"https:\/\/www.sonoraenequipo.com.mx\/#\/schema\/person\/50102df0fb23a8fa9e8effad8fa81386","name":"enequipo","image":{"@type":"ImageObject","inLanguage":"es","@id":"https:\/\/www.sonoraenequipo.com.mx\/#\/schema\/person\/image\/","url":"https:\/\/secure.gravatar.com\/avatar\/049821681b589dabc0bc20695993ccebb09f5b5d4d790cd9251b97faac7c652b?s=96&d=blank&r=g","contentUrl":"https:\/\/secure.gravatar.com\/avatar\/049821681b589dabc0bc20695993ccebb09f5b5d4d790cd9251b97faac7c652b?s=96&d=blank&r=g","caption":"enequipo"},"sameAs":["https:\/\/www.facebook.com\/SonoraEE"]}]}},"jetpack_featured_media_url":"https:\/\/www.sonoraenequipo.com.mx\/storage\/2024\/06\/capacitacionperspectivade-genero.jpg","_links":{"self":[{"href":"https:\/\/www.sonoraenequipo.com.mx\/api\/wp\/v2\/posts\/192715","targetHints":{"allow":["GET"]}}],"collection":[{"href":"https:\/\/www.sonoraenequipo.com.mx\/api\/wp\/v2\/posts"}],"about":[{"href":"https:\/\/www.sonoraenequipo.com.mx\/api\/wp\/v2\/types\/post"}],"author":[{"embeddable":true,"href":"https:\/\/www.sonoraenequipo.com.mx\/api\/wp\/v2\/users\/1"}],"replies":[{"embeddable":true,"href":"https:\/\/www.sonoraenequipo.com.mx\/api\/wp\/v2\/comments?post=192715"}],"version-history":[{"count":2,"href":"https:\/\/www.sonoraenequipo.com.mx\/api\/wp\/v2\/posts\/192715\/revisions"}],"predecessor-version":[{"id":192732,"href":"https:\/\/www.sonoraenequipo.com.mx\/api\/wp\/v2\/posts\/192715\/revisions\/192732"}],"wp:featuredmedia":[{"embeddable":true,"href":"https:\/\/www.sonoraenequipo.com.mx\/api\/wp\/v2\/media\/192730"}],"wp:attachment":[{"href":"https:\/\/www.sonoraenequipo.com.mx\/api\/wp\/v2\/media?parent=192715"}],"wp:term":[{"taxonomy":"category","embeddable":true,"href":"https:\/\/www.sonoraenequipo.com.mx\/api\/wp\/v2\/categories?post=192715"},{"taxonomy":"post_tag","embeddable":true,"href":"https:\/\/www.sonoraenequipo.com.mx\/api\/wp\/v2\/tags?post=192715"}],"curies":[{"name":"wp","href":"https:\/\/api.w.org\/{rel}","templated":true}]}}