{"id":193637,"date":"2024-07-03T12:05:42","date_gmt":"2024-07-03T19:05:42","guid":{"rendered":"https:\/\/www.sonoraenequipo.com.mx\/?p=193637"},"modified":"2024-07-03T12:08:37","modified_gmt":"2024-07-03T19:08:37","slug":"biden-reconoce-que-casi-se-quedaba-dormido-durante-el-debate-con-trump","status":"publish","type":"post","link":"https:\/\/www.sonoraenequipo.com.mx\/biden-reconoce-que-casi-se-quedaba-dormido-durante-el-debate-con-trump\/","title":{"rendered":"Biden revela que \u00abcasi se quedaba dormido\u00bb durante el debate con Trump"},"content":{"rendered":"<p><strong>MCLEAN, VIRGINIA, EEUU \u2014<\/strong> El presidente de Estados Unidos, Joe Biden, reconoci\u00f3 el martes que su desempe\u00f1o durante el debate presidencial del jueves pasado no fue el mejor, pero lo atribuy\u00f3 al desfase horario despu\u00e9s de dos viajes al extranjero a principios de junio.<\/p>\n<p>&nbsp;<\/p>\n<p>Biden se ha enfrentado a crecientes preguntas sobre su candidatura a la reelecci\u00f3n de 2024 despu\u00e9s del inestable desempe\u00f1o en el debate de la semana pasada, y un colega dem\u00f3crata de la C\u00e1mara de Representantes le pidi\u00f3 p\u00fablicamente el martes que se retirara de la carrera.<\/p>\n<p>&nbsp;<\/p>\n<p>En un acto de campa\u00f1a en McLean, Virginia, el martes por la noche, Biden admiti\u00f3 que el debate contra el expresidente Donald Trump, su rival republicano, no fue de lo mejor.<\/p>\n<p>&nbsp;<\/p>\n<p>\u00abNo tuve mi mejor noche, pero el hecho es que no fui muy inteligente\u00bb, dijo Biden, hablando en el evento de recaudaci\u00f3n de fondos de campa\u00f1a. \u00abDecid\u00ed viajar alrededor del mundo un par de veces, pasando por alrededor de 100 zonas horarias&#8230; antes&#8230; del debate\u00bb.<\/p>\n<p>&nbsp;<\/p>\n<p>casi me quedaba dormido en el escenario\u00bb, dijo. \u00abEso no es una excusa, pero es una explicaci\u00f3n\u00bb.<\/p>\n<p>&nbsp;<\/p>\n<p>El presidente Joe Biden, a la derecha, y el candidato presidencial republicano, el expresidente Donald Trump, a la izquierda, son vistos en un televisor en Tillie&#8217;s Lounge durante el debate presidencial el jueves 27 de junio de 2024 en Cincinnati.<\/p>\n<p>TAMBI\u00c9N LEA<\/p>\n<p>Debate presidencial deja cuestionamientos sobre energ\u00eda de Biden y datos falsos de Trump: analistas<\/p>\n<p>Biden viaj\u00f3 a Francia e Italia en dos eventos separados en el transcurso de dos semanas el mes pasado, volando durante la noche desde la cumbre del Grupo de los Siete en Bari, Italia, para aparecer en un evento de recaudaci\u00f3n de fondos con el ex presidente Barack Obama en Los \u00c1ngeles el 15 de junio antes de regresar a Washington al d\u00eda siguiente.<\/p>\n<p>&nbsp;<\/p>\n<p>Luego pas\u00f3 seis d\u00edas en Camp David prepar\u00e1ndose para el debate del 27 de junio.<\/p>\n<p>&nbsp;<\/p>\n<p>Los funcionarios de la Casa Blanca han culpado a un resfriado por el desempe\u00f1o vacilante de Biden durante el debate. Biden no mencion\u00f3 estar enfermo durante la recaudaci\u00f3n de fondos del martes.<\/p>\n<p>&nbsp;<\/p>\n<p>El presidente de EEUU, Joe Biden, habla en una visita al Centro de Operaciones de Emergencia de Washington DC, el martes 2 de julio de 2024, en Washington.<\/p>\n<p>Una nueva encuesta de Reuters\/Ipsos emitada el martes mostr\u00f3 que uno de cada tres dem\u00f3cratas cree que Biden deber\u00eda poner fin a su candidatura a la reelecci\u00f3n despu\u00e9s del debate, pero ning\u00fan dem\u00f3crata electo prominente obtiene mejores resultados que el actual mandatario en un hipot\u00e9tico enfrentamiento contra Trump.<\/p>\n<p>&nbsp;<\/p>\n<p>La encuesta de dos d\u00edas encontr\u00f3 que tanto Trump, de 78 a\u00f1os, como Biden, de 81, mantienen el apoyo del 40 % de los votantes registrados, lo que sugiere que el mandatario no ha perdido terreno desde el debate. Las elecciones se celebrar\u00e1n el 5 de noviembre.<\/p>\n<p><strong>Fecha de publicaci\u00f3n mi\u00e9rcoles 3 de julio &nbsp;de 2024 \/ VOA<\/strong><\/p>\n","protected":false},"excerpt":{"rendered":"<p>MCLEAN, VIRGINIA, EEUU \u2014 El presidente de Estados Unidos, Joe Biden, reconoci\u00f3 el martes que&#8230;<\/p>\n","protected":false},"author":1,"featured_media":193639,"comment_status":"open","ping_status":"open","sticky":false,"template":"","format":"standard","meta":{"_monsterinsights_skip_tracking":false,"_monsterinsights_sitenote_active":false,"_monsterinsights_sitenote_note":"","_monsterinsights_sitenote_category":0,"footnotes":""},"categories":[3],"tags":[3376,5646,1916,111,1898],"class_list":["post"],"yoast_head":" \n<title>Sonora en Equipo. Biden revela que &quot;casi se quedaba dormido&quot; durante el debate con Trump MUNDO<\/title>\n<meta name=\"description\" content=\"MCLEAN, VIRGINIA, EEUU \u2014 El presidente de Estados Unidos, Joe Biden, reconoci\u00f3 el martes que su desempe\u00f1o durante el debate presidencial del jueves pasado En Sonora en Equipo publicamos toda la informaci\u00f3n de Sonora, M\u00e9xico y el Mundo de manera oportuna y busca que la libertad de expresi\u00f3n sea real. Visita nuestro medio informativo publicado desde Hermosillo, Sonora. %\" \/>\n<meta name=\"robots\" content=\"index, follow, max-snippet:-1, max-image-preview:large, max-video-preview:-1\" \/>\n<link rel=\"canonical\" href=\"https:\/\/www.sonoraenequipo.com.mx\/biden-reconoce-que-casi-se-quedaba-dormido-durante-el-debate-con-trump\/\" \/>\n<meta property=\"og:locale\" content=\"es_ES\" \/>\n<meta property=\"og:type\" content=\"article\" \/>\n<meta property=\"og:title\" content=\"Sonora en Equipo. Biden revela que &quot;casi se quedaba dormido&quot; durante el debate con Trump MUNDO\" \/>\n<meta property=\"og:description\" content=\"MCLEAN, VIRGINIA, EEUU \u2014 El presidente de Estados Unidos, Joe Biden, reconoci\u00f3 el martes que su desempe\u00f1o durante el debate presidencial del jueves pasado En Sonora en Equipo publicamos toda la informaci\u00f3n de Sonora, M\u00e9xico y el Mundo de manera oportuna y busca que la libertad de expresi\u00f3n sea real. Visita nuestro medio informativo publicado desde Hermosillo, Sonora. %\" \/>\n<meta property=\"og:url\" content=\"https:\/\/www.sonoraenequipo.com.mx\/biden-reconoce-que-casi-se-quedaba-dormido-durante-el-debate-con-trump\/\" \/>\n<meta property=\"og:site_name\" content=\"Sonora en Equipo.\" \/>\n<meta property=\"article:publisher\" content=\"https:\/\/www.facebook.com\/SonoraEE\/\" \/>\n<meta property=\"article:author\" content=\"https:\/\/www.facebook.com\/SonoraEE\" \/>\n<meta property=\"article:published_time\" content=\"2024-07-03T19:05:42+00:00\" \/>\n<meta property=\"article:modified_time\" content=\"2024-07-03T19:08:37+00:00\" \/>\n<meta property=\"og:image\" content=\"https:\/\/www.sonoraenequipo.com.mx\/storage\/2024\/07\/biden-trump-debate.jpg\" \/>\n\t<meta property=\"og:image:width\" content=\"800\" \/>\n\t<meta property=\"og:image:height\" content=\"450\" \/>\n\t<meta property=\"og:image:type\" content=\"image\/jpeg\" \/>\n<meta name=\"author\" content=\"enequipo\" \/>\n<meta name=\"twitter:card\" content=\"summary_large_image\" \/>\n<meta name=\"twitter:creator\" content=\"@sonoraenequipo\" \/>\n<meta name=\"twitter:site\" content=\"@sonoraenequipo\" \/>\n<meta name=\"twitter:label1\" content=\"Escrito por\" \/>\n\t<meta name=\"twitter:data1\" content=\"enequipo\" \/>\n\t<meta name=\"twitter:label2\" content=\"Tiempo de lectura\" \/>\n\t<meta name=\"twitter:data2\" content=\"3 minutos\" \/>\n<script type=\"application\/ld+json\" class=\"yoast-schema-graph\">{\"@context\":\"https:\/\/schema.org\",\"@graph\":[{\"@type\":\"Article\",\"@id\":\"https:\/\/www.sonoraenequipo.com.mx\/biden-reconoce-que-casi-se-quedaba-dormido-durante-el-debate-con-trump\/#article\",\"isPartOf\":{\"@id\":\"https:\/\/www.sonoraenequipo.com.mx\/biden-reconoce-que-casi-se-quedaba-dormido-durante-el-debate-con-trump\/\"},\"author\":{\"name\":\"enequipo\",\"@id\":\"https:\/\/www.sonoraenequipo.com.mx\/#\/schema\/person\/50102df0fb23a8fa9e8effad8fa81386\"},\"headline\":\"Biden revela que \u00abcasi se quedaba dormido\u00bb durante el debate con Trump\",\"datePublished\":\"2024-07-03T19:05:42+00:00\",\"dateModified\":\"2024-07-03T19:08:37+00:00\",\"mainEntityOfPage\":{\"@id\":\"https:\/\/www.sonoraenequipo.com.mx\/biden-reconoce-que-casi-se-quedaba-dormido-durante-el-debate-con-trump\/\"},\"wordCount\":523,\"commentCount\":0,\"publisher\":{\"@id\":\"https:\/\/www.sonoraenequipo.com.mx\/#organization\"},\"image\":{\"@id\":\"https:\/\/www.sonoraenequipo.com.mx\/biden-reconoce-que-casi-se-quedaba-dormido-durante-el-debate-con-trump\/#primaryimage\"},\"thumbnailUrl\":\"https:\/\/www.sonoraenequipo.com.mx\/storage\/2024\/07\/biden-trump-debate.jpg\",\"keywords\":[\"biden\",\"debate\",\"EE UU\",\"elecciones\",\"Trump\"],\"articleSection\":[\"MUNDO\"],\"inLanguage\":\"es\",\"potentialAction\":[{\"@type\":\"CommentAction\",\"name\":\"Comment\",\"target\":[\"https:\/\/www.sonoraenequipo.com.mx\/biden-reconoce-que-casi-se-quedaba-dormido-durante-el-debate-con-trump\/#respond\"]}]},{\"@type\":\"WebPage\",\"@id\":\"https:\/\/www.sonoraenequipo.com.mx\/biden-reconoce-que-casi-se-quedaba-dormido-durante-el-debate-con-trump\/\",\"url\":\"https:\/\/www.sonoraenequipo.com.mx\/biden-reconoce-que-casi-se-quedaba-dormido-durante-el-debate-con-trump\/\",\"name\":\"Sonora en Equipo. Biden revela que \\\"casi se quedaba dormido\\\" durante el debate con Trump MUNDO\",\"isPartOf\":{\"@id\":\"https:\/\/www.sonoraenequipo.com.mx\/#website\"},\"primaryImageOfPage\":{\"@id\":\"https:\/\/www.sonoraenequipo.com.mx\/biden-reconoce-que-casi-se-quedaba-dormido-durante-el-debate-con-trump\/#primaryimage\"},\"image\":{\"@id\":\"https:\/\/www.sonoraenequipo.com.mx\/biden-reconoce-que-casi-se-quedaba-dormido-durante-el-debate-con-trump\/#primaryimage\"},\"thumbnailUrl\":\"https:\/\/www.sonoraenequipo.com.mx\/storage\/2024\/07\/biden-trump-debate.jpg\",\"datePublished\":\"2024-07-03T19:05:42+00:00\",\"dateModified\":\"2024-07-03T19:08:37+00:00\",\"description\":\"MCLEAN, VIRGINIA, EEUU \u2014 El presidente de Estados Unidos, Joe Biden, reconoci\u00f3 el martes que su desempe\u00f1o durante el debate presidencial del jueves pasado En Sonora en Equipo publicamos toda la informaci\u00f3n de Sonora, M\u00e9xico y el Mundo de manera oportuna y busca que la libertad de expresi\u00f3n sea real. Visita nuestro medio informativo publicado desde Hermosillo, Sonora. %\",\"breadcrumb\":{\"@id\":\"https:\/\/www.sonoraenequipo.com.mx\/biden-reconoce-que-casi-se-quedaba-dormido-durante-el-debate-con-trump\/#breadcrumb\"},\"inLanguage\":\"es\",\"potentialAction\":[{\"@type\":\"ReadAction\",\"target\":[\"https:\/\/www.sonoraenequipo.com.mx\/biden-reconoce-que-casi-se-quedaba-dormido-durante-el-debate-con-trump\/\"]}]},{\"@type\":\"ImageObject\",\"inLanguage\":\"es\",\"@id\":\"https:\/\/www.sonoraenequipo.com.mx\/biden-reconoce-que-casi-se-quedaba-dormido-durante-el-debate-con-trump\/#primaryimage\",\"url\":\"https:\/\/www.sonoraenequipo.com.mx\/storage\/2024\/07\/biden-trump-debate.jpg\",\"contentUrl\":\"https:\/\/www.sonoraenequipo.com.mx\/storage\/2024\/07\/biden-trump-debate.jpg\",\"width\":800,\"height\":450,\"caption\":\"Trump y Biden debaten en la cadena CNN, Foto Reuters\"},{\"@type\":\"BreadcrumbList\",\"@id\":\"https:\/\/www.sonoraenequipo.com.mx\/biden-reconoce-que-casi-se-quedaba-dormido-durante-el-debate-con-trump\/#breadcrumb\",\"itemListElement\":[{\"@type\":\"ListItem\",\"position\":1,\"name\":\"Portada\",\"item\":\"https:\/\/www.sonoraenequipo.com.mx\/\"},{\"@type\":\"ListItem\",\"position\":2,\"name\":\"Biden revela que \u00abcasi se quedaba dormido\u00bb durante el debate con Trump\"}]},{\"@type\":\"WebSite\",\"@id\":\"https:\/\/www.sonoraenequipo.com.mx\/#website\",\"url\":\"https:\/\/www.sonoraenequipo.com.mx\/\",\"name\":\"Sonora en Equipo.\",\"description\":\"Diario en l\u00ednea con Noticias desde Hermosillo, Sonora\",\"publisher\":{\"@id\":\"https:\/\/www.sonoraenequipo.com.mx\/#organization\"},\"potentialAction\":[{\"@type\":\"SearchAction\",\"target\":{\"@type\":\"EntryPoint\",\"urlTemplate\":\"https:\/\/www.sonoraenequipo.com.mx\/?s={search_term_string}\"},\"query-input\":{\"@type\":\"PropertyValueSpecification\",\"valueRequired\":true,\"valueName\":\"search_term_string\"}}],\"inLanguage\":\"es\"},{\"@type\":\"Organization\",\"@id\":\"https:\/\/www.sonoraenequipo.com.mx\/#organization\",\"name\":\"Sonoraenequipo.com.mx\",\"url\":\"https:\/\/www.sonoraenequipo.com.mx\/\",\"logo\":{\"@type\":\"ImageObject\",\"inLanguage\":\"es\",\"@id\":\"https:\/\/www.sonoraenequipo.com.mx\/#\/schema\/logo\/image\/\",\"url\":\"https:\/\/www.sonoraenequipo.com.mx\/storage\/2019\/01\/sonoraenequipo_opt.png\",\"contentUrl\":\"https:\/\/www.sonoraenequipo.com.mx\/storage\/2019\/01\/sonoraenequipo_opt.png\",\"width\":375,\"height\":125,\"caption\":\"Sonoraenequipo.com.mx\"},\"image\":{\"@id\":\"https:\/\/www.sonoraenequipo.com.mx\/#\/schema\/logo\/image\/\"},\"sameAs\":[\"https:\/\/www.facebook.com\/SonoraEE\/\",\"https:\/\/x.com\/sonoraenequipo\",\"https:\/\/www.youtube.com\/channel\/UC338nW-lPEYmJQs4ZABQ1SQ\"]},{\"@type\":\"Person\",\"@id\":\"https:\/\/www.sonoraenequipo.com.mx\/#\/schema\/person\/50102df0fb23a8fa9e8effad8fa81386\",\"name\":\"enequipo\",\"image\":{\"@type\":\"ImageObject\",\"inLanguage\":\"es\",\"@id\":\"https:\/\/www.sonoraenequipo.com.mx\/#\/schema\/person\/image\/\",\"url\":\"https:\/\/secure.gravatar.com\/avatar\/049821681b589dabc0bc20695993ccebb09f5b5d4d790cd9251b97faac7c652b?s=96&d=blank&r=g\",\"contentUrl\":\"https:\/\/secure.gravatar.com\/avatar\/049821681b589dabc0bc20695993ccebb09f5b5d4d790cd9251b97faac7c652b?s=96&d=blank&r=g\",\"caption\":\"enequipo\"},\"sameAs\":[\"https:\/\/www.facebook.com\/SonoraEE\"]}]}<\/script>\n ","yoast_head_json":{"title":"Sonora en Equipo. Biden revela que \"casi se quedaba dormido\" durante el debate con Trump MUNDO","description":"MCLEAN, VIRGINIA, EEUU \u2014 El presidente de Estados Unidos, Joe Biden, reconoci\u00f3 el martes que su desempe\u00f1o durante el debate presidencial del jueves pasado En Sonora en Equipo publicamos toda la informaci\u00f3n de Sonora, M\u00e9xico y el Mundo de manera oportuna y busca que la libertad de expresi\u00f3n sea real. Visita nuestro medio informativo publicado desde Hermosillo, Sonora. %","robots":{"index":"index","follow":"follow","max-snippet":"max-snippet:-1","max-image-preview":"max-image-preview:large","max-video-preview":"max-video-preview:-1"},"canonical":"https:\/\/www.sonoraenequipo.com.mx\/biden-reconoce-que-casi-se-quedaba-dormido-durante-el-debate-con-trump\/","og_locale":"es_ES","og_type":"article","og_title":"Sonora en Equipo. Biden revela que \"casi se quedaba dormido\" durante el debate con Trump MUNDO","og_description":"MCLEAN, VIRGINIA, EEUU \u2014 El presidente de Estados Unidos, Joe Biden, reconoci\u00f3 el martes que su desempe\u00f1o durante el debate presidencial del jueves pasado En Sonora en Equipo publicamos toda la informaci\u00f3n de Sonora, M\u00e9xico y el Mundo de manera oportuna y busca que la libertad de expresi\u00f3n sea real. Visita nuestro medio informativo publicado desde Hermosillo, Sonora. %","og_url":"https:\/\/www.sonoraenequipo.com.mx\/biden-reconoce-que-casi-se-quedaba-dormido-durante-el-debate-con-trump\/","og_site_name":"Sonora en Equipo.","article_publisher":"https:\/\/www.facebook.com\/SonoraEE\/","article_author":"https:\/\/www.facebook.com\/SonoraEE","article_published_time":"2024-07-03T19:05:42+00:00","article_modified_time":"2024-07-03T19:08:37+00:00","og_image":[{"width":800,"height":450,"url":"https:\/\/www.sonoraenequipo.com.mx\/storage\/2024\/07\/biden-trump-debate.jpg","type":"image\/jpeg"}],"author":"enequipo","twitter_card":"summary_large_image","twitter_creator":"@sonoraenequipo","twitter_site":"@sonoraenequipo","twitter_misc":{"Escrito por":"enequipo","Tiempo de lectura":"3 minutos"},"schema":{"@context":"https:\/\/schema.org","@graph":[{"@type":"Article","@id":"https:\/\/www.sonoraenequipo.com.mx\/biden-reconoce-que-casi-se-quedaba-dormido-durante-el-debate-con-trump\/#article","isPartOf":{"@id":"https:\/\/www.sonoraenequipo.com.mx\/biden-reconoce-que-casi-se-quedaba-dormido-durante-el-debate-con-trump\/"},"author":{"name":"enequipo","@id":"https:\/\/www.sonoraenequipo.com.mx\/#\/schema\/person\/50102df0fb23a8fa9e8effad8fa81386"},"headline":"Biden revela que \u00abcasi se quedaba dormido\u00bb durante el debate con Trump","datePublished":"2024-07-03T19:05:42+00:00","dateModified":"2024-07-03T19:08:37+00:00","mainEntityOfPage":{"@id":"https:\/\/www.sonoraenequipo.com.mx\/biden-reconoce-que-casi-se-quedaba-dormido-durante-el-debate-con-trump\/"},"wordCount":523,"commentCount":0,"publisher":{"@id":"https:\/\/www.sonoraenequipo.com.mx\/#organization"},"image":{"@id":"https:\/\/www.sonoraenequipo.com.mx\/biden-reconoce-que-casi-se-quedaba-dormido-durante-el-debate-con-trump\/#primaryimage"},"thumbnailUrl":"https:\/\/www.sonoraenequipo.com.mx\/storage\/2024\/07\/biden-trump-debate.jpg","keywords":["biden","debate","EE UU","elecciones","Trump"],"articleSection":["MUNDO"],"inLanguage":"es","potentialAction":[{"@type":"CommentAction","name":"Comment","target":["https:\/\/www.sonoraenequipo.com.mx\/biden-reconoce-que-casi-se-quedaba-dormido-durante-el-debate-con-trump\/#respond"]}]},{"@type":"WebPage","@id":"https:\/\/www.sonoraenequipo.com.mx\/biden-reconoce-que-casi-se-quedaba-dormido-durante-el-debate-con-trump\/","url":"https:\/\/www.sonoraenequipo.com.mx\/biden-reconoce-que-casi-se-quedaba-dormido-durante-el-debate-con-trump\/","name":"Sonora en Equipo. Biden revela que \"casi se quedaba dormido\" durante el debate con Trump MUNDO","isPartOf":{"@id":"https:\/\/www.sonoraenequipo.com.mx\/#website"},"primaryImageOfPage":{"@id":"https:\/\/www.sonoraenequipo.com.mx\/biden-reconoce-que-casi-se-quedaba-dormido-durante-el-debate-con-trump\/#primaryimage"},"image":{"@id":"https:\/\/www.sonoraenequipo.com.mx\/biden-reconoce-que-casi-se-quedaba-dormido-durante-el-debate-con-trump\/#primaryimage"},"thumbnailUrl":"https:\/\/www.sonoraenequipo.com.mx\/storage\/2024\/07\/biden-trump-debate.jpg","datePublished":"2024-07-03T19:05:42+00:00","dateModified":"2024-07-03T19:08:37+00:00","description":"MCLEAN, VIRGINIA, EEUU \u2014 El presidente de Estados Unidos, Joe Biden, reconoci\u00f3 el martes que su desempe\u00f1o durante el debate presidencial del jueves pasado En Sonora en Equipo publicamos toda la informaci\u00f3n de Sonora, M\u00e9xico y el Mundo de manera oportuna y busca que la libertad de expresi\u00f3n sea real. Visita nuestro medio informativo publicado desde Hermosillo, Sonora. %","breadcrumb":{"@id":"https:\/\/www.sonoraenequipo.com.mx\/biden-reconoce-que-casi-se-quedaba-dormido-durante-el-debate-con-trump\/#breadcrumb"},"inLanguage":"es","potentialAction":[{"@type":"ReadAction","target":["https:\/\/www.sonoraenequipo.com.mx\/biden-reconoce-que-casi-se-quedaba-dormido-durante-el-debate-con-trump\/"]}]},{"@type":"ImageObject","inLanguage":"es","@id":"https:\/\/www.sonoraenequipo.com.mx\/biden-reconoce-que-casi-se-quedaba-dormido-durante-el-debate-con-trump\/#primaryimage","url":"https:\/\/www.sonoraenequipo.com.mx\/storage\/2024\/07\/biden-trump-debate.jpg","contentUrl":"https:\/\/www.sonoraenequipo.com.mx\/storage\/2024\/07\/biden-trump-debate.jpg","width":800,"height":450,"caption":"Trump y Biden debaten en la cadena CNN, Foto Reuters"},{"@type":"BreadcrumbList","@id":"https:\/\/www.sonoraenequipo.com.mx\/biden-reconoce-que-casi-se-quedaba-dormido-durante-el-debate-con-trump\/#breadcrumb","itemListElement":[{"@type":"ListItem","position":1,"name":"Portada","item":"https:\/\/www.sonoraenequipo.com.mx\/"},{"@type":"ListItem","position":2,"name":"Biden revela que \u00abcasi se quedaba dormido\u00bb durante el debate con Trump"}]},{"@type":"WebSite","@id":"https:\/\/www.sonoraenequipo.com.mx\/#website","url":"https:\/\/www.sonoraenequipo.com.mx\/","name":"Sonora en Equipo.","description":"Diario en l\u00ednea con Noticias desde Hermosillo, Sonora","publisher":{"@id":"https:\/\/www.sonoraenequipo.com.mx\/#organization"},"potentialAction":[{"@type":"SearchAction","target":{"@type":"EntryPoint","urlTemplate":"https:\/\/www.sonoraenequipo.com.mx\/?s={search_term_string}"},"query-input":{"@type":"PropertyValueSpecification","valueRequired":true,"valueName":"search_term_string"}}],"inLanguage":"es"},{"@type":"Organization","@id":"https:\/\/www.sonoraenequipo.com.mx\/#organization","name":"Sonoraenequipo.com.mx","url":"https:\/\/www.sonoraenequipo.com.mx\/","logo":{"@type":"ImageObject","inLanguage":"es","@id":"https:\/\/www.sonoraenequipo.com.mx\/#\/schema\/logo\/image\/","url":"https:\/\/www.sonoraenequipo.com.mx\/storage\/2019\/01\/sonoraenequipo_opt.png","contentUrl":"https:\/\/www.sonoraenequipo.com.mx\/storage\/2019\/01\/sonoraenequipo_opt.png","width":375,"height":125,"caption":"Sonoraenequipo.com.mx"},"image":{"@id":"https:\/\/www.sonoraenequipo.com.mx\/#\/schema\/logo\/image\/"},"sameAs":["https:\/\/www.facebook.com\/SonoraEE\/","https:\/\/x.com\/sonoraenequipo","https:\/\/www.youtube.com\/channel\/UC338nW-lPEYmJQs4ZABQ1SQ"]},{"@type":"Person","@id":"https:\/\/www.sonoraenequipo.com.mx\/#\/schema\/person\/50102df0fb23a8fa9e8effad8fa81386","name":"enequipo","image":{"@type":"ImageObject","inLanguage":"es","@id":"https:\/\/www.sonoraenequipo.com.mx\/#\/schema\/person\/image\/","url":"https:\/\/secure.gravatar.com\/avatar\/049821681b589dabc0bc20695993ccebb09f5b5d4d790cd9251b97faac7c652b?s=96&d=blank&r=g","contentUrl":"https:\/\/secure.gravatar.com\/avatar\/049821681b589dabc0bc20695993ccebb09f5b5d4d790cd9251b97faac7c652b?s=96&d=blank&r=g","caption":"enequipo"},"sameAs":["https:\/\/www.facebook.com\/SonoraEE"]}]}},"jetpack_featured_media_url":"https:\/\/www.sonoraenequipo.com.mx\/storage\/2024\/07\/biden-trump-debate.jpg","_links":{"self":[{"href":"https:\/\/www.sonoraenequipo.com.mx\/api\/wp\/v2\/posts\/193637","targetHints":{"allow":["GET"]}}],"collection":[{"href":"https:\/\/www.sonoraenequipo.com.mx\/api\/wp\/v2\/posts"}],"about":[{"href":"https:\/\/www.sonoraenequipo.com.mx\/api\/wp\/v2\/types\/post"}],"author":[{"embeddable":true,"href":"https:\/\/www.sonoraenequipo.com.mx\/api\/wp\/v2\/users\/1"}],"replies":[{"embeddable":true,"href":"https:\/\/www.sonoraenequipo.com.mx\/api\/wp\/v2\/comments?post=193637"}],"version-history":[{"count":2,"href":"https:\/\/www.sonoraenequipo.com.mx\/api\/wp\/v2\/posts\/193637\/revisions"}],"predecessor-version":[{"id":193642,"href":"https:\/\/www.sonoraenequipo.com.mx\/api\/wp\/v2\/posts\/193637\/revisions\/193642"}],"wp:featuredmedia":[{"embeddable":true,"href":"https:\/\/www.sonoraenequipo.com.mx\/api\/wp\/v2\/media\/193639"}],"wp:attachment":[{"href":"https:\/\/www.sonoraenequipo.com.mx\/api\/wp\/v2\/media?parent=193637"}],"wp:term":[{"taxonomy":"category","embeddable":true,"href":"https:\/\/www.sonoraenequipo.com.mx\/api\/wp\/v2\/categories?post=193637"},{"taxonomy":"post_tag","embeddable":true,"href":"https:\/\/www.sonoraenequipo.com.mx\/api\/wp\/v2\/tags?post=193637"}],"curies":[{"name":"wp","href":"https:\/\/api.w.org\/{rel}","templated":true}]}}