{"id":193643,"date":"2024-07-03T12:44:07","date_gmt":"2024-07-03T19:44:07","guid":{"rendered":"https:\/\/www.sonoraenequipo.com.mx\/?p=193643"},"modified":"2024-07-03T12:44:07","modified_gmt":"2024-07-03T19:44:07","slug":"presentan-en-chile-cria-del-amenazado-rinoceronte-blanco-la-tercera-nacida-en-sudamerica","status":"publish","type":"post","link":"https:\/\/www.sonoraenequipo.com.mx\/presentan-en-chile-cria-del-amenazado-rinoceronte-blanco-la-tercera-nacida-en-sudamerica\/","title":{"rendered":"Presentan en Chile cr\u00eda del amenazado rinoceronte blanco, la tercera nacida en Sudam\u00e9rica"},"content":{"rendered":"<p><strong>SANTIAGO DE CHILE \u2014 <\/strong>Un zool\u00f3gico de Chile present\u00f3 el martes a \u201cSilverio\u201d, la tercera cr\u00eda de rinoceronte blanco, nacida en Sudam\u00e9rica \u00a0una especie en peligro de extinci\u00f3n y de la que tan solo quedan unos 10.080 ejemplares en el mundo.<\/p>\n<p>&nbsp;<\/p>\n<p>Nacido el pasado 20 de junio y pesando ya casi una tonelada, Silverio es el tercer beb\u00e9 de Oliver y Hannah, los rinocerontes blancos que llegaron al Buin Zoo de Santiago desde Sud\u00e1frica en 2013, con el objetivo de aportar a la conservaci\u00f3n de la especie, explicaron representantes del zool\u00f3gico.<\/p>\n<p>&nbsp;<\/p>\n<p>Silverio es el noveno rinoceronte que nace en cautiverio en todo el mundo en los \u00faltimos doce meses, por lo que se trata de un \u201ctremendo aporte para la conservaci\u00f3n\u201d de esta especie, se\u00f1al\u00f3 a AP el director y fundador del zoo, Ignacio Idalsoaga.<\/p>\n<p>&nbsp;<\/p>\n<p>\u201cHay varios parques zool\u00f3gicos en Latinoam\u00e9rica que tienen pareja de rinoceronte y no consigui\u00f3 la reproducci\u00f3n. Nosotros vamos ya con el tercer nacimiento, \u00fanicos en Latinoam\u00e9rica. Este a\u00f1o han nacido solamente ocho rinocerontes, as\u00ed que estamos aportando con un noveno ejemplar a una especie que queda poco en la naturaleza\u201d, dijo.<\/p>\n<p>Tras doce d\u00edas recluido para su acompa\u00f1amiento m\u00e9dico, Silverio dio hoy sus primeros pasos en el mundo exterior y se encuentra \u201ccompletamente sano\u00bb, aunque seguir\u00e1 siendo monitoreado de cerca por el equipo de veterinarios.<\/p>\n<p>&nbsp;<\/p>\n<p>\u201cLos zool\u00f3gicos nos estamos transformando en las verdaderas arcas modernas de los tiempos modernos. En el fondo somos los que estamos conservando la gen\u00e9tica de estas especies que est\u00e1n desapareciendo\u201d, afirm\u00f3 Idalsoaga.<\/p>\n<p>&nbsp;<\/p>\n<p>Procedente del sur de \u00c1frica, el rinoceronte blanco es considerado una especie \u201ccasi amenazada\u201d de extinci\u00f3n por la Lista Roja de Especies Amenazadas de la UICN. Seg\u00fan la instituci\u00f3n, quedan solamente 10.080 ejemplares de estos gigantes mam\u00edferos en el mundo, de los cuales 808 se encuentran en zool\u00f3gicos.<\/p>\n<p>Debido a su largo ciclo de reproducci\u00f3n \u2014cada hembra tan solo da a la luz a una cr\u00eda por vez tras una gestaci\u00f3n de cerca de 18 meses\u2014 se calcula que solamente nacen por a\u00f1o un m\u00e1ximo de 17 rinocerontes en los parques a nivel mundial. La procreaci\u00f3n de estos animales en cautiverio es particularmente desafiante porque, en muchas ocasiones, es necesario m\u00e1s de un macho para estimular la competencia.<\/p>\n<p>&nbsp;<\/p>\n<p>De acuerdo a la Uni\u00f3n Internacional para la Conservaci\u00f3n de la Naturaleza (UICN), las principales amenazas a los rinocerontes blancos en la actualidad son la destrucci\u00f3n de sus h\u00e1bitat naturales y la caza indiscriminada, que se cobra la vida de cerca de 1.000 ejemplares en vida silvestre cada a\u00f1o.<\/p>\n<p>&nbsp;<\/p>\n<p>\u201cSon animales que desgraciadamente los matan por su cuerno, que es un elemento muy usado en la cultura asi\u00e1tica como afrodis\u00edaco o para recuperar alguna enfermedad\u201d y \u201cesto est\u00e1 llevando la muerte a pr\u00e1cticamente mil ejemplares todos los a\u00f1os\u201d, destac\u00f3 el director del Buin Zoo.<\/p>\n<p><strong>Fecha de publicaci\u00f3n mi\u00e9rcoles 3 de julio \u00a0de 2024 \/ VOA<\/strong><\/p>\n<p>&nbsp;<\/p>\n","protected":false},"excerpt":{"rendered":"<p>SANTIAGO DE CHILE \u2014 Un zool\u00f3gico de Chile present\u00f3 el martes a \u201cSilverio\u201d, la tercera&#8230;<\/p>\n","protected":false},"author":1,"featured_media":193644,"comment_status":"open","ping_status":"open","sticky":false,"template":"","format":"standard","meta":{"_monsterinsights_skip_tracking":false,"_monsterinsights_sitenote_active":false,"_monsterinsights_sitenote_note":"","_monsterinsights_sitenote_category":0,"footnotes":""},"categories":[2216],"tags":[8446,9923,9922],"class_list":["post"],"yoast_head":" \n<title>Sonora en Equipo. Presentan en Chile cr\u00eda del amenazado rinoceronte blanco, la tercera nacida en Sudam\u00e9rica Ciencia y Tecnolog\u00eda<\/title>\n<meta name=\"description\" content=\"SANTIAGO DE CHILE \u2014 Un zool\u00f3gico de Chile present\u00f3 el martes a \u201cSilverio\u201d, la tercera cr\u00eda de rinoceronte blanco, nacida en Sudam\u00e9rica \u00a0una especie en En Sonora en Equipo publicamos toda la informaci\u00f3n de Sonora, M\u00e9xico y el Mundo de manera oportuna y busca que la libertad de expresi\u00f3n sea real. Visita nuestro medio informativo publicado desde Hermosillo, Sonora. %\" \/>\n<meta name=\"robots\" content=\"index, follow, max-snippet:-1, max-image-preview:large, max-video-preview:-1\" \/>\n<link rel=\"canonical\" href=\"https:\/\/www.sonoraenequipo.com.mx\/presentan-en-chile-cria-del-amenazado-rinoceronte-blanco-la-tercera-nacida-en-sudamerica\/\" \/>\n<meta property=\"og:locale\" content=\"es_ES\" \/>\n<meta property=\"og:type\" content=\"article\" \/>\n<meta property=\"og:title\" content=\"Sonora en Equipo. Presentan en Chile cr\u00eda del amenazado rinoceronte blanco, la tercera nacida en Sudam\u00e9rica Ciencia y Tecnolog\u00eda\" \/>\n<meta property=\"og:description\" content=\"SANTIAGO DE CHILE \u2014 Un zool\u00f3gico de Chile present\u00f3 el martes a \u201cSilverio\u201d, la tercera cr\u00eda de rinoceronte blanco, nacida en Sudam\u00e9rica \u00a0una especie en En Sonora en Equipo publicamos toda la informaci\u00f3n de Sonora, M\u00e9xico y el Mundo de manera oportuna y busca que la libertad de expresi\u00f3n sea real. Visita nuestro medio informativo publicado desde Hermosillo, Sonora. %\" \/>\n<meta property=\"og:url\" content=\"https:\/\/www.sonoraenequipo.com.mx\/presentan-en-chile-cria-del-amenazado-rinoceronte-blanco-la-tercera-nacida-en-sudamerica\/\" \/>\n<meta property=\"og:site_name\" content=\"Sonora en Equipo.\" \/>\n<meta property=\"article:publisher\" content=\"https:\/\/www.facebook.com\/SonoraEE\/\" \/>\n<meta property=\"article:author\" content=\"https:\/\/www.facebook.com\/SonoraEE\" \/>\n<meta property=\"article:published_time\" content=\"2024-07-03T19:44:07+00:00\" \/>\n<meta property=\"og:image\" content=\"https:\/\/www.sonoraenequipo.com.mx\/storage\/2024\/07\/rino-bco.jpg\" \/>\n\t<meta property=\"og:image:width\" content=\"800\" \/>\n\t<meta property=\"og:image:height\" content=\"450\" \/>\n\t<meta property=\"og:image:type\" content=\"image\/jpeg\" \/>\n<meta name=\"author\" content=\"enequipo\" \/>\n<meta name=\"twitter:card\" content=\"summary_large_image\" \/>\n<meta name=\"twitter:creator\" content=\"@sonoraenequipo\" \/>\n<meta name=\"twitter:site\" content=\"@sonoraenequipo\" \/>\n<meta name=\"twitter:label1\" content=\"Escrito por\" \/>\n\t<meta name=\"twitter:data1\" content=\"enequipo\" \/>\n\t<meta name=\"twitter:label2\" content=\"Tiempo de lectura\" \/>\n\t<meta name=\"twitter:data2\" content=\"3 minutos\" \/>\n<script type=\"application\/ld+json\" class=\"yoast-schema-graph\">{\"@context\":\"https:\/\/schema.org\",\"@graph\":[{\"@type\":\"Article\",\"@id\":\"https:\/\/www.sonoraenequipo.com.mx\/presentan-en-chile-cria-del-amenazado-rinoceronte-blanco-la-tercera-nacida-en-sudamerica\/#article\",\"isPartOf\":{\"@id\":\"https:\/\/www.sonoraenequipo.com.mx\/presentan-en-chile-cria-del-amenazado-rinoceronte-blanco-la-tercera-nacida-en-sudamerica\/\"},\"author\":{\"name\":\"enequipo\",\"@id\":\"https:\/\/www.sonoraenequipo.com.mx\/#\/schema\/person\/50102df0fb23a8fa9e8effad8fa81386\"},\"headline\":\"Presentan en Chile cr\u00eda del amenazado rinoceronte blanco, la tercera nacida en Sudam\u00e9rica\",\"datePublished\":\"2024-07-03T19:44:07+00:00\",\"mainEntityOfPage\":{\"@id\":\"https:\/\/www.sonoraenequipo.com.mx\/presentan-en-chile-cria-del-amenazado-rinoceronte-blanco-la-tercera-nacida-en-sudamerica\/\"},\"wordCount\":529,\"commentCount\":0,\"publisher\":{\"@id\":\"https:\/\/www.sonoraenequipo.com.mx\/#organization\"},\"image\":{\"@id\":\"https:\/\/www.sonoraenequipo.com.mx\/presentan-en-chile-cria-del-amenazado-rinoceronte-blanco-la-tercera-nacida-en-sudamerica\/#primaryimage\"},\"thumbnailUrl\":\"https:\/\/www.sonoraenequipo.com.mx\/storage\/2024\/07\/rino-bco.jpg\",\"keywords\":[\"blanco\",\"cr\u00eda\",\"rinoceronte\"],\"articleSection\":[\"Ciencia y Tecnolog\u00eda\"],\"inLanguage\":\"es\",\"potentialAction\":[{\"@type\":\"CommentAction\",\"name\":\"Comment\",\"target\":[\"https:\/\/www.sonoraenequipo.com.mx\/presentan-en-chile-cria-del-amenazado-rinoceronte-blanco-la-tercera-nacida-en-sudamerica\/#respond\"]}]},{\"@type\":\"WebPage\",\"@id\":\"https:\/\/www.sonoraenequipo.com.mx\/presentan-en-chile-cria-del-amenazado-rinoceronte-blanco-la-tercera-nacida-en-sudamerica\/\",\"url\":\"https:\/\/www.sonoraenequipo.com.mx\/presentan-en-chile-cria-del-amenazado-rinoceronte-blanco-la-tercera-nacida-en-sudamerica\/\",\"name\":\"Sonora en Equipo. Presentan en Chile cr\u00eda del amenazado rinoceronte blanco, la tercera nacida en Sudam\u00e9rica Ciencia y Tecnolog\u00eda\",\"isPartOf\":{\"@id\":\"https:\/\/www.sonoraenequipo.com.mx\/#website\"},\"primaryImageOfPage\":{\"@id\":\"https:\/\/www.sonoraenequipo.com.mx\/presentan-en-chile-cria-del-amenazado-rinoceronte-blanco-la-tercera-nacida-en-sudamerica\/#primaryimage\"},\"image\":{\"@id\":\"https:\/\/www.sonoraenequipo.com.mx\/presentan-en-chile-cria-del-amenazado-rinoceronte-blanco-la-tercera-nacida-en-sudamerica\/#primaryimage\"},\"thumbnailUrl\":\"https:\/\/www.sonoraenequipo.com.mx\/storage\/2024\/07\/rino-bco.jpg\",\"datePublished\":\"2024-07-03T19:44:07+00:00\",\"description\":\"SANTIAGO DE CHILE \u2014 Un zool\u00f3gico de Chile present\u00f3 el martes a \u201cSilverio\u201d, la tercera cr\u00eda de rinoceronte blanco, nacida en Sudam\u00e9rica \u00a0una especie en En Sonora en Equipo publicamos toda la informaci\u00f3n de Sonora, M\u00e9xico y el Mundo de manera oportuna y busca que la libertad de expresi\u00f3n sea real. Visita nuestro medio informativo publicado desde Hermosillo, Sonora. %\",\"breadcrumb\":{\"@id\":\"https:\/\/www.sonoraenequipo.com.mx\/presentan-en-chile-cria-del-amenazado-rinoceronte-blanco-la-tercera-nacida-en-sudamerica\/#breadcrumb\"},\"inLanguage\":\"es\",\"potentialAction\":[{\"@type\":\"ReadAction\",\"target\":[\"https:\/\/www.sonoraenequipo.com.mx\/presentan-en-chile-cria-del-amenazado-rinoceronte-blanco-la-tercera-nacida-en-sudamerica\/\"]}]},{\"@type\":\"ImageObject\",\"inLanguage\":\"es\",\"@id\":\"https:\/\/www.sonoraenequipo.com.mx\/presentan-en-chile-cria-del-amenazado-rinoceronte-blanco-la-tercera-nacida-en-sudamerica\/#primaryimage\",\"url\":\"https:\/\/www.sonoraenequipo.com.mx\/storage\/2024\/07\/rino-bco.jpg\",\"contentUrl\":\"https:\/\/www.sonoraenequipo.com.mx\/storage\/2024\/07\/rino-bco.jpg\",\"width\":800,\"height\":450,\"caption\":\"Silverio,rinoceronte beb\u00e9 nacido en zool\u00f3gico de Chile.Foto. AP\"},{\"@type\":\"BreadcrumbList\",\"@id\":\"https:\/\/www.sonoraenequipo.com.mx\/presentan-en-chile-cria-del-amenazado-rinoceronte-blanco-la-tercera-nacida-en-sudamerica\/#breadcrumb\",\"itemListElement\":[{\"@type\":\"ListItem\",\"position\":1,\"name\":\"Portada\",\"item\":\"https:\/\/www.sonoraenequipo.com.mx\/\"},{\"@type\":\"ListItem\",\"position\":2,\"name\":\"Presentan en Chile cr\u00eda del amenazado rinoceronte blanco, la tercera nacida en Sudam\u00e9rica\"}]},{\"@type\":\"WebSite\",\"@id\":\"https:\/\/www.sonoraenequipo.com.mx\/#website\",\"url\":\"https:\/\/www.sonoraenequipo.com.mx\/\",\"name\":\"Sonora en Equipo.\",\"description\":\"Diario en l\u00ednea con Noticias desde Hermosillo, Sonora\",\"publisher\":{\"@id\":\"https:\/\/www.sonoraenequipo.com.mx\/#organization\"},\"potentialAction\":[{\"@type\":\"SearchAction\",\"target\":{\"@type\":\"EntryPoint\",\"urlTemplate\":\"https:\/\/www.sonoraenequipo.com.mx\/?s={search_term_string}\"},\"query-input\":{\"@type\":\"PropertyValueSpecification\",\"valueRequired\":true,\"valueName\":\"search_term_string\"}}],\"inLanguage\":\"es\"},{\"@type\":\"Organization\",\"@id\":\"https:\/\/www.sonoraenequipo.com.mx\/#organization\",\"name\":\"Sonoraenequipo.com.mx\",\"url\":\"https:\/\/www.sonoraenequipo.com.mx\/\",\"logo\":{\"@type\":\"ImageObject\",\"inLanguage\":\"es\",\"@id\":\"https:\/\/www.sonoraenequipo.com.mx\/#\/schema\/logo\/image\/\",\"url\":\"https:\/\/www.sonoraenequipo.com.mx\/storage\/2019\/01\/sonoraenequipo_opt.png\",\"contentUrl\":\"https:\/\/www.sonoraenequipo.com.mx\/storage\/2019\/01\/sonoraenequipo_opt.png\",\"width\":375,\"height\":125,\"caption\":\"Sonoraenequipo.com.mx\"},\"image\":{\"@id\":\"https:\/\/www.sonoraenequipo.com.mx\/#\/schema\/logo\/image\/\"},\"sameAs\":[\"https:\/\/www.facebook.com\/SonoraEE\/\",\"https:\/\/x.com\/sonoraenequipo\",\"https:\/\/www.youtube.com\/channel\/UC338nW-lPEYmJQs4ZABQ1SQ\"]},{\"@type\":\"Person\",\"@id\":\"https:\/\/www.sonoraenequipo.com.mx\/#\/schema\/person\/50102df0fb23a8fa9e8effad8fa81386\",\"name\":\"enequipo\",\"image\":{\"@type\":\"ImageObject\",\"inLanguage\":\"es\",\"@id\":\"https:\/\/www.sonoraenequipo.com.mx\/#\/schema\/person\/image\/\",\"url\":\"https:\/\/secure.gravatar.com\/avatar\/049821681b589dabc0bc20695993ccebb09f5b5d4d790cd9251b97faac7c652b?s=96&d=blank&r=g\",\"contentUrl\":\"https:\/\/secure.gravatar.com\/avatar\/049821681b589dabc0bc20695993ccebb09f5b5d4d790cd9251b97faac7c652b?s=96&d=blank&r=g\",\"caption\":\"enequipo\"},\"sameAs\":[\"https:\/\/www.facebook.com\/SonoraEE\"]}]}<\/script>\n ","yoast_head_json":{"title":"Sonora en Equipo. Presentan en Chile cr\u00eda del amenazado rinoceronte blanco, la tercera nacida en Sudam\u00e9rica Ciencia y Tecnolog\u00eda","description":"SANTIAGO DE CHILE \u2014 Un zool\u00f3gico de Chile present\u00f3 el martes a \u201cSilverio\u201d, la tercera cr\u00eda de rinoceronte blanco, nacida en Sudam\u00e9rica \u00a0una especie en En Sonora en Equipo publicamos toda la informaci\u00f3n de Sonora, M\u00e9xico y el Mundo de manera oportuna y busca que la libertad de expresi\u00f3n sea real. Visita nuestro medio informativo publicado desde Hermosillo, Sonora. %","robots":{"index":"index","follow":"follow","max-snippet":"max-snippet:-1","max-image-preview":"max-image-preview:large","max-video-preview":"max-video-preview:-1"},"canonical":"https:\/\/www.sonoraenequipo.com.mx\/presentan-en-chile-cria-del-amenazado-rinoceronte-blanco-la-tercera-nacida-en-sudamerica\/","og_locale":"es_ES","og_type":"article","og_title":"Sonora en Equipo. Presentan en Chile cr\u00eda del amenazado rinoceronte blanco, la tercera nacida en Sudam\u00e9rica Ciencia y Tecnolog\u00eda","og_description":"SANTIAGO DE CHILE \u2014 Un zool\u00f3gico de Chile present\u00f3 el martes a \u201cSilverio\u201d, la tercera cr\u00eda de rinoceronte blanco, nacida en Sudam\u00e9rica \u00a0una especie en En Sonora en Equipo publicamos toda la informaci\u00f3n de Sonora, M\u00e9xico y el Mundo de manera oportuna y busca que la libertad de expresi\u00f3n sea real. Visita nuestro medio informativo publicado desde Hermosillo, Sonora. %","og_url":"https:\/\/www.sonoraenequipo.com.mx\/presentan-en-chile-cria-del-amenazado-rinoceronte-blanco-la-tercera-nacida-en-sudamerica\/","og_site_name":"Sonora en Equipo.","article_publisher":"https:\/\/www.facebook.com\/SonoraEE\/","article_author":"https:\/\/www.facebook.com\/SonoraEE","article_published_time":"2024-07-03T19:44:07+00:00","og_image":[{"width":800,"height":450,"url":"https:\/\/www.sonoraenequipo.com.mx\/storage\/2024\/07\/rino-bco.jpg","type":"image\/jpeg"}],"author":"enequipo","twitter_card":"summary_large_image","twitter_creator":"@sonoraenequipo","twitter_site":"@sonoraenequipo","twitter_misc":{"Escrito por":"enequipo","Tiempo de lectura":"3 minutos"},"schema":{"@context":"https:\/\/schema.org","@graph":[{"@type":"Article","@id":"https:\/\/www.sonoraenequipo.com.mx\/presentan-en-chile-cria-del-amenazado-rinoceronte-blanco-la-tercera-nacida-en-sudamerica\/#article","isPartOf":{"@id":"https:\/\/www.sonoraenequipo.com.mx\/presentan-en-chile-cria-del-amenazado-rinoceronte-blanco-la-tercera-nacida-en-sudamerica\/"},"author":{"name":"enequipo","@id":"https:\/\/www.sonoraenequipo.com.mx\/#\/schema\/person\/50102df0fb23a8fa9e8effad8fa81386"},"headline":"Presentan en Chile cr\u00eda del amenazado rinoceronte blanco, la tercera nacida en Sudam\u00e9rica","datePublished":"2024-07-03T19:44:07+00:00","mainEntityOfPage":{"@id":"https:\/\/www.sonoraenequipo.com.mx\/presentan-en-chile-cria-del-amenazado-rinoceronte-blanco-la-tercera-nacida-en-sudamerica\/"},"wordCount":529,"commentCount":0,"publisher":{"@id":"https:\/\/www.sonoraenequipo.com.mx\/#organization"},"image":{"@id":"https:\/\/www.sonoraenequipo.com.mx\/presentan-en-chile-cria-del-amenazado-rinoceronte-blanco-la-tercera-nacida-en-sudamerica\/#primaryimage"},"thumbnailUrl":"https:\/\/www.sonoraenequipo.com.mx\/storage\/2024\/07\/rino-bco.jpg","keywords":["blanco","cr\u00eda","rinoceronte"],"articleSection":["Ciencia y Tecnolog\u00eda"],"inLanguage":"es","potentialAction":[{"@type":"CommentAction","name":"Comment","target":["https:\/\/www.sonoraenequipo.com.mx\/presentan-en-chile-cria-del-amenazado-rinoceronte-blanco-la-tercera-nacida-en-sudamerica\/#respond"]}]},{"@type":"WebPage","@id":"https:\/\/www.sonoraenequipo.com.mx\/presentan-en-chile-cria-del-amenazado-rinoceronte-blanco-la-tercera-nacida-en-sudamerica\/","url":"https:\/\/www.sonoraenequipo.com.mx\/presentan-en-chile-cria-del-amenazado-rinoceronte-blanco-la-tercera-nacida-en-sudamerica\/","name":"Sonora en Equipo. Presentan en Chile cr\u00eda del amenazado rinoceronte blanco, la tercera nacida en Sudam\u00e9rica Ciencia y Tecnolog\u00eda","isPartOf":{"@id":"https:\/\/www.sonoraenequipo.com.mx\/#website"},"primaryImageOfPage":{"@id":"https:\/\/www.sonoraenequipo.com.mx\/presentan-en-chile-cria-del-amenazado-rinoceronte-blanco-la-tercera-nacida-en-sudamerica\/#primaryimage"},"image":{"@id":"https:\/\/www.sonoraenequipo.com.mx\/presentan-en-chile-cria-del-amenazado-rinoceronte-blanco-la-tercera-nacida-en-sudamerica\/#primaryimage"},"thumbnailUrl":"https:\/\/www.sonoraenequipo.com.mx\/storage\/2024\/07\/rino-bco.jpg","datePublished":"2024-07-03T19:44:07+00:00","description":"SANTIAGO DE CHILE \u2014 Un zool\u00f3gico de Chile present\u00f3 el martes a \u201cSilverio\u201d, la tercera cr\u00eda de rinoceronte blanco, nacida en Sudam\u00e9rica \u00a0una especie en En Sonora en Equipo publicamos toda la informaci\u00f3n de Sonora, M\u00e9xico y el Mundo de manera oportuna y busca que la libertad de expresi\u00f3n sea real. Visita nuestro medio informativo publicado desde Hermosillo, Sonora. %","breadcrumb":{"@id":"https:\/\/www.sonoraenequipo.com.mx\/presentan-en-chile-cria-del-amenazado-rinoceronte-blanco-la-tercera-nacida-en-sudamerica\/#breadcrumb"},"inLanguage":"es","potentialAction":[{"@type":"ReadAction","target":["https:\/\/www.sonoraenequipo.com.mx\/presentan-en-chile-cria-del-amenazado-rinoceronte-blanco-la-tercera-nacida-en-sudamerica\/"]}]},{"@type":"ImageObject","inLanguage":"es","@id":"https:\/\/www.sonoraenequipo.com.mx\/presentan-en-chile-cria-del-amenazado-rinoceronte-blanco-la-tercera-nacida-en-sudamerica\/#primaryimage","url":"https:\/\/www.sonoraenequipo.com.mx\/storage\/2024\/07\/rino-bco.jpg","contentUrl":"https:\/\/www.sonoraenequipo.com.mx\/storage\/2024\/07\/rino-bco.jpg","width":800,"height":450,"caption":"Silverio,rinoceronte beb\u00e9 nacido en zool\u00f3gico de Chile.Foto. AP"},{"@type":"BreadcrumbList","@id":"https:\/\/www.sonoraenequipo.com.mx\/presentan-en-chile-cria-del-amenazado-rinoceronte-blanco-la-tercera-nacida-en-sudamerica\/#breadcrumb","itemListElement":[{"@type":"ListItem","position":1,"name":"Portada","item":"https:\/\/www.sonoraenequipo.com.mx\/"},{"@type":"ListItem","position":2,"name":"Presentan en Chile cr\u00eda del amenazado rinoceronte blanco, la tercera nacida en Sudam\u00e9rica"}]},{"@type":"WebSite","@id":"https:\/\/www.sonoraenequipo.com.mx\/#website","url":"https:\/\/www.sonoraenequipo.com.mx\/","name":"Sonora en Equipo.","description":"Diario en l\u00ednea con Noticias desde Hermosillo, Sonora","publisher":{"@id":"https:\/\/www.sonoraenequipo.com.mx\/#organization"},"potentialAction":[{"@type":"SearchAction","target":{"@type":"EntryPoint","urlTemplate":"https:\/\/www.sonoraenequipo.com.mx\/?s={search_term_string}"},"query-input":{"@type":"PropertyValueSpecification","valueRequired":true,"valueName":"search_term_string"}}],"inLanguage":"es"},{"@type":"Organization","@id":"https:\/\/www.sonoraenequipo.com.mx\/#organization","name":"Sonoraenequipo.com.mx","url":"https:\/\/www.sonoraenequipo.com.mx\/","logo":{"@type":"ImageObject","inLanguage":"es","@id":"https:\/\/www.sonoraenequipo.com.mx\/#\/schema\/logo\/image\/","url":"https:\/\/www.sonoraenequipo.com.mx\/storage\/2019\/01\/sonoraenequipo_opt.png","contentUrl":"https:\/\/www.sonoraenequipo.com.mx\/storage\/2019\/01\/sonoraenequipo_opt.png","width":375,"height":125,"caption":"Sonoraenequipo.com.mx"},"image":{"@id":"https:\/\/www.sonoraenequipo.com.mx\/#\/schema\/logo\/image\/"},"sameAs":["https:\/\/www.facebook.com\/SonoraEE\/","https:\/\/x.com\/sonoraenequipo","https:\/\/www.youtube.com\/channel\/UC338nW-lPEYmJQs4ZABQ1SQ"]},{"@type":"Person","@id":"https:\/\/www.sonoraenequipo.com.mx\/#\/schema\/person\/50102df0fb23a8fa9e8effad8fa81386","name":"enequipo","image":{"@type":"ImageObject","inLanguage":"es","@id":"https:\/\/www.sonoraenequipo.com.mx\/#\/schema\/person\/image\/","url":"https:\/\/secure.gravatar.com\/avatar\/049821681b589dabc0bc20695993ccebb09f5b5d4d790cd9251b97faac7c652b?s=96&d=blank&r=g","contentUrl":"https:\/\/secure.gravatar.com\/avatar\/049821681b589dabc0bc20695993ccebb09f5b5d4d790cd9251b97faac7c652b?s=96&d=blank&r=g","caption":"enequipo"},"sameAs":["https:\/\/www.facebook.com\/SonoraEE"]}]}},"jetpack_featured_media_url":"https:\/\/www.sonoraenequipo.com.mx\/storage\/2024\/07\/rino-bco.jpg","_links":{"self":[{"href":"https:\/\/www.sonoraenequipo.com.mx\/api\/wp\/v2\/posts\/193643","targetHints":{"allow":["GET"]}}],"collection":[{"href":"https:\/\/www.sonoraenequipo.com.mx\/api\/wp\/v2\/posts"}],"about":[{"href":"https:\/\/www.sonoraenequipo.com.mx\/api\/wp\/v2\/types\/post"}],"author":[{"embeddable":true,"href":"https:\/\/www.sonoraenequipo.com.mx\/api\/wp\/v2\/users\/1"}],"replies":[{"embeddable":true,"href":"https:\/\/www.sonoraenequipo.com.mx\/api\/wp\/v2\/comments?post=193643"}],"version-history":[{"count":1,"href":"https:\/\/www.sonoraenequipo.com.mx\/api\/wp\/v2\/posts\/193643\/revisions"}],"predecessor-version":[{"id":193645,"href":"https:\/\/www.sonoraenequipo.com.mx\/api\/wp\/v2\/posts\/193643\/revisions\/193645"}],"wp:featuredmedia":[{"embeddable":true,"href":"https:\/\/www.sonoraenequipo.com.mx\/api\/wp\/v2\/media\/193644"}],"wp:attachment":[{"href":"https:\/\/www.sonoraenequipo.com.mx\/api\/wp\/v2\/media?parent=193643"}],"wp:term":[{"taxonomy":"category","embeddable":true,"href":"https:\/\/www.sonoraenequipo.com.mx\/api\/wp\/v2\/categories?post=193643"},{"taxonomy":"post_tag","embeddable":true,"href":"https:\/\/www.sonoraenequipo.com.mx\/api\/wp\/v2\/tags?post=193643"}],"curies":[{"name":"wp","href":"https:\/\/api.w.org\/{rel}","templated":true}]}}