{"id":193650,"date":"2024-07-03T15:50:23","date_gmt":"2024-07-03T22:50:23","guid":{"rendered":"https:\/\/www.sonoraenequipo.com.mx\/?p=193650"},"modified":"2024-07-03T15:50:23","modified_gmt":"2024-07-03T22:50:23","slug":"idh-invita-a-registrar-prospectos-para-el-salon-de-la-fama-del-deportista-hermosillense-2024-seran-10-este-ano","status":"publish","type":"post","link":"https:\/\/www.sonoraenequipo.com.mx\/idh-invita-a-registrar-prospectos-para-el-salon-de-la-fama-del-deportista-hermosillense-2024-seran-10-este-ano\/","title":{"rendered":"IDH Invita a registrar prospectos para el Sal\u00f3n de la Fama del Deportista Hermosillense 2024; ser\u00e1n 10 este a\u00f1o"},"content":{"rendered":"<p><strong>HERMOSILLO, SONORA, MX.<\/strong> \u2014 <strong>\u00a0<\/strong>El Director del Instituto del Deporte de Hermosillo (IDH), Armando Labrada Garc\u00eda, anunci\u00f3 junto con integrantes del comit\u00e9 elector del Sal\u00f3n de la Fama del Deportista Hermosillense la convocatoria al Sal\u00f3n de la Fama del Deportista Hermosillense 2024.<\/p>\n<p>&nbsp;<\/p>\n<p>Las inscripciones concluyen hasta el 30 de agosto y este a\u00f1o se seleccionar\u00e1n a 10 personas que ser\u00e1n entronizadas.<\/p>\n<p>&nbsp;<\/p>\n<p>La invitaci\u00f3n es a instituciones p\u00fablicas y privadas, organizaciones, clubes deportivos y la comunidad en general a proponer candidatas y candidatos que hayan destacado como deportistas, dirigentes, entrenadores, impulsores, \u00e1rbitros, historiadores y cronistas, incluyendo deportistas paral\u00edmpicos, explicaron.<\/p>\n<p>&nbsp;<\/p>\n<p>\u201cCada a\u00f1o, la primer semana de diciembre se hace la entronizaci\u00f3n, el Instituto del deporte de Hermosillo cuenta por fortuna con un comit\u00e9 muy trabajador que son los que realmente se encargan, junto con los jueces que provienen del \u00e1rea de periodistas deportivos de Hermosillo, de tal suerte que el instituto no mete la mano\u201d, revel\u00f3 el funcionario.<\/p>\n<p>&nbsp;<\/p>\n<p>Francisco Vega,\u00a0 Alejandro Flores Ruiz,\u00a0 Ren\u00e9 N\u00e1jera, Jes\u00fas Manuel Rivas Robles, integrantes del consejo t\u00e9cnico y comit\u00e9 elector del Sal\u00f3n de la Fama, compartieron detalles de la convocatoria e invitaron a integrar evidencias que acrediten los m\u00e9ritos y trayectoria de las y los potenciales entronizados.<\/p>\n<p>&nbsp;<\/p>\n<p>El documento completo se puede consultar en las redes sociales del Instituto del Deporte de Hermosillo y la documentaci\u00f3n de quienes sean propuestos deber\u00e1 entregarse en original y copia en las oficinas de la dependencia que se ubican en la Unidad Deportiva Nacameri, en Camino del Seri y Arroyo Claro, de 8:00 am a 3:00 pm.<\/p>\n<p>&nbsp;<\/p>\n<p>El director del IDH hizo notar que el Presidente Municipal Antonio Astiazar\u00e1n tiene mucho inter\u00e9s en apoyar a deportistas con alguna discapacidad e hizo el compromiso de la construcci\u00f3n de una unidad deportiva para el deporte adaptado en Hermosillo, que ser\u00eda la primera en su tipo en Sonora.<\/p>\n<p>&nbsp;<\/p>\n<p>\u201cLos deportistas de deporte adaptado han puesto muy en alto el nombre de Hermosillo en competencias internacionales, han llegado hasta paraolimpiadas, y lo que queremos es emparejarnos con ellos, darles su lugar para que ellos tambi\u00e9n formen parte del Sal\u00f3n de la Fama, actualmente de los 72 que tenemos ya entronizados solamente una persona tiene capacidades diferentes\u201d, explic\u00f3 Labrada Garc\u00eda.<\/p>\n<p><strong>Fecha de publicaci\u00f3n mi\u00e9rcoles 3 de julio \u00a0de 2024<\/strong><\/p>\n<p>&nbsp;<\/p>\n","protected":false},"excerpt":{"rendered":"<p>HERMOSILLO, SONORA, MX. \u2014 \u00a0El Director del Instituto del Deporte de Hermosillo (IDH), Armando Labrada&#8230;<\/p>\n","protected":false},"author":1,"featured_media":193651,"comment_status":"open","ping_status":"open","sticky":false,"template":"","format":"standard","meta":{"_monsterinsights_skip_tracking":false,"_monsterinsights_sitenote_active":false,"_monsterinsights_sitenote_note":"","_monsterinsights_sitenote_category":0,"footnotes":""},"categories":[10],"tags":[35,9924],"class_list":["post"],"yoast_head":" \n<title>Sonora en Equipo. IDH Invita a registrar prospectos para el Sal\u00f3n de la Fama del Deportista Hermosillense 2024; ser\u00e1n 10 este a\u00f1o Deportes<\/title>\n<meta name=\"description\" content=\"HERMOSILLO, SONORA, MX. \u2014 \u00a0El Director del Instituto del Deporte de Hermosillo (IDH), Armando Labrada Garc\u00eda, anunci\u00f3 junto con integrantes del comit\u00e9 En Sonora en Equipo publicamos toda la informaci\u00f3n de Sonora, M\u00e9xico y el Mundo de manera oportuna y busca que la libertad de expresi\u00f3n sea real. Visita nuestro medio informativo publicado desde Hermosillo, Sonora. %\" \/>\n<meta name=\"robots\" content=\"index, follow, max-snippet:-1, max-image-preview:large, max-video-preview:-1\" \/>\n<link rel=\"canonical\" href=\"https:\/\/www.sonoraenequipo.com.mx\/idh-invita-a-registrar-prospectos-para-el-salon-de-la-fama-del-deportista-hermosillense-2024-seran-10-este-ano\/\" \/>\n<meta property=\"og:locale\" content=\"es_ES\" \/>\n<meta property=\"og:type\" content=\"article\" \/>\n<meta property=\"og:title\" content=\"Sonora en Equipo. IDH Invita a registrar prospectos para el Sal\u00f3n de la Fama del Deportista Hermosillense 2024; ser\u00e1n 10 este a\u00f1o Deportes\" \/>\n<meta property=\"og:description\" content=\"HERMOSILLO, SONORA, MX. \u2014 \u00a0El Director del Instituto del Deporte de Hermosillo (IDH), Armando Labrada Garc\u00eda, anunci\u00f3 junto con integrantes del comit\u00e9 En Sonora en Equipo publicamos toda la informaci\u00f3n de Sonora, M\u00e9xico y el Mundo de manera oportuna y busca que la libertad de expresi\u00f3n sea real. Visita nuestro medio informativo publicado desde Hermosillo, Sonora. %\" \/>\n<meta property=\"og:url\" content=\"https:\/\/www.sonoraenequipo.com.mx\/idh-invita-a-registrar-prospectos-para-el-salon-de-la-fama-del-deportista-hermosillense-2024-seran-10-este-ano\/\" \/>\n<meta property=\"og:site_name\" content=\"Sonora en Equipo.\" \/>\n<meta property=\"article:publisher\" content=\"https:\/\/www.facebook.com\/SonoraEE\/\" \/>\n<meta property=\"article:author\" content=\"https:\/\/www.facebook.com\/SonoraEE\" \/>\n<meta property=\"article:published_time\" content=\"2024-07-03T22:50:23+00:00\" \/>\n<meta property=\"og:image\" content=\"https:\/\/www.sonoraenequipo.com.mx\/storage\/2024\/07\/salon-fama-hmo2.jpg\" \/>\n\t<meta property=\"og:image:width\" content=\"667\" \/>\n\t<meta property=\"og:image:height\" content=\"400\" \/>\n\t<meta property=\"og:image:type\" content=\"image\/jpeg\" \/>\n<meta name=\"author\" content=\"enequipo\" \/>\n<meta name=\"twitter:card\" content=\"summary_large_image\" \/>\n<meta name=\"twitter:creator\" content=\"@sonoraenequipo\" \/>\n<meta name=\"twitter:site\" content=\"@sonoraenequipo\" \/>\n<meta name=\"twitter:label1\" content=\"Escrito por\" \/>\n\t<meta name=\"twitter:data1\" content=\"enequipo\" \/>\n\t<meta name=\"twitter:label2\" content=\"Tiempo de lectura\" \/>\n\t<meta name=\"twitter:data2\" content=\"2 minutos\" \/>\n<script type=\"application\/ld+json\" class=\"yoast-schema-graph\">{\"@context\":\"https:\/\/schema.org\",\"@graph\":[{\"@type\":\"Article\",\"@id\":\"https:\/\/www.sonoraenequipo.com.mx\/idh-invita-a-registrar-prospectos-para-el-salon-de-la-fama-del-deportista-hermosillense-2024-seran-10-este-ano\/#article\",\"isPartOf\":{\"@id\":\"https:\/\/www.sonoraenequipo.com.mx\/idh-invita-a-registrar-prospectos-para-el-salon-de-la-fama-del-deportista-hermosillense-2024-seran-10-este-ano\/\"},\"author\":{\"name\":\"enequipo\",\"@id\":\"https:\/\/www.sonoraenequipo.com.mx\/#\/schema\/person\/50102df0fb23a8fa9e8effad8fa81386\"},\"headline\":\"IDH Invita a registrar prospectos para el Sal\u00f3n de la Fama del Deportista Hermosillense 2024; ser\u00e1n 10 este a\u00f1o\",\"datePublished\":\"2024-07-03T22:50:23+00:00\",\"mainEntityOfPage\":{\"@id\":\"https:\/\/www.sonoraenequipo.com.mx\/idh-invita-a-registrar-prospectos-para-el-salon-de-la-fama-del-deportista-hermosillense-2024-seran-10-este-ano\/\"},\"wordCount\":419,\"commentCount\":0,\"publisher\":{\"@id\":\"https:\/\/www.sonoraenequipo.com.mx\/#organization\"},\"image\":{\"@id\":\"https:\/\/www.sonoraenequipo.com.mx\/idh-invita-a-registrar-prospectos-para-el-salon-de-la-fama-del-deportista-hermosillense-2024-seran-10-este-ano\/#primaryimage\"},\"thumbnailUrl\":\"https:\/\/www.sonoraenequipo.com.mx\/storage\/2024\/07\/salon-fama-hmo2.jpg\",\"keywords\":[\"hermosillo\",\"salon fama deporte\"],\"articleSection\":[\"Deportes\"],\"inLanguage\":\"es\",\"potentialAction\":[{\"@type\":\"CommentAction\",\"name\":\"Comment\",\"target\":[\"https:\/\/www.sonoraenequipo.com.mx\/idh-invita-a-registrar-prospectos-para-el-salon-de-la-fama-del-deportista-hermosillense-2024-seran-10-este-ano\/#respond\"]}]},{\"@type\":\"WebPage\",\"@id\":\"https:\/\/www.sonoraenequipo.com.mx\/idh-invita-a-registrar-prospectos-para-el-salon-de-la-fama-del-deportista-hermosillense-2024-seran-10-este-ano\/\",\"url\":\"https:\/\/www.sonoraenequipo.com.mx\/idh-invita-a-registrar-prospectos-para-el-salon-de-la-fama-del-deportista-hermosillense-2024-seran-10-este-ano\/\",\"name\":\"Sonora en Equipo. IDH Invita a registrar prospectos para el Sal\u00f3n de la Fama del Deportista Hermosillense 2024; ser\u00e1n 10 este a\u00f1o Deportes\",\"isPartOf\":{\"@id\":\"https:\/\/www.sonoraenequipo.com.mx\/#website\"},\"primaryImageOfPage\":{\"@id\":\"https:\/\/www.sonoraenequipo.com.mx\/idh-invita-a-registrar-prospectos-para-el-salon-de-la-fama-del-deportista-hermosillense-2024-seran-10-este-ano\/#primaryimage\"},\"image\":{\"@id\":\"https:\/\/www.sonoraenequipo.com.mx\/idh-invita-a-registrar-prospectos-para-el-salon-de-la-fama-del-deportista-hermosillense-2024-seran-10-este-ano\/#primaryimage\"},\"thumbnailUrl\":\"https:\/\/www.sonoraenequipo.com.mx\/storage\/2024\/07\/salon-fama-hmo2.jpg\",\"datePublished\":\"2024-07-03T22:50:23+00:00\",\"description\":\"HERMOSILLO, SONORA, MX. \u2014 \u00a0El Director del Instituto del Deporte de Hermosillo (IDH), Armando Labrada Garc\u00eda, anunci\u00f3 junto con integrantes del comit\u00e9 En Sonora en Equipo publicamos toda la informaci\u00f3n de Sonora, M\u00e9xico y el Mundo de manera oportuna y busca que la libertad de expresi\u00f3n sea real. Visita nuestro medio informativo publicado desde Hermosillo, Sonora. %\",\"breadcrumb\":{\"@id\":\"https:\/\/www.sonoraenequipo.com.mx\/idh-invita-a-registrar-prospectos-para-el-salon-de-la-fama-del-deportista-hermosillense-2024-seran-10-este-ano\/#breadcrumb\"},\"inLanguage\":\"es\",\"potentialAction\":[{\"@type\":\"ReadAction\",\"target\":[\"https:\/\/www.sonoraenequipo.com.mx\/idh-invita-a-registrar-prospectos-para-el-salon-de-la-fama-del-deportista-hermosillense-2024-seran-10-este-ano\/\"]}]},{\"@type\":\"ImageObject\",\"inLanguage\":\"es\",\"@id\":\"https:\/\/www.sonoraenequipo.com.mx\/idh-invita-a-registrar-prospectos-para-el-salon-de-la-fama-del-deportista-hermosillense-2024-seran-10-este-ano\/#primaryimage\",\"url\":\"https:\/\/www.sonoraenequipo.com.mx\/storage\/2024\/07\/salon-fama-hmo2.jpg\",\"contentUrl\":\"https:\/\/www.sonoraenequipo.com.mx\/storage\/2024\/07\/salon-fama-hmo2.jpg\",\"width\":667,\"height\":400},{\"@type\":\"BreadcrumbList\",\"@id\":\"https:\/\/www.sonoraenequipo.com.mx\/idh-invita-a-registrar-prospectos-para-el-salon-de-la-fama-del-deportista-hermosillense-2024-seran-10-este-ano\/#breadcrumb\",\"itemListElement\":[{\"@type\":\"ListItem\",\"position\":1,\"name\":\"Portada\",\"item\":\"https:\/\/www.sonoraenequipo.com.mx\/\"},{\"@type\":\"ListItem\",\"position\":2,\"name\":\"IDH Invita a registrar prospectos para el Sal\u00f3n de la Fama del Deportista Hermosillense 2024; ser\u00e1n 10 este a\u00f1o\"}]},{\"@type\":\"WebSite\",\"@id\":\"https:\/\/www.sonoraenequipo.com.mx\/#website\",\"url\":\"https:\/\/www.sonoraenequipo.com.mx\/\",\"name\":\"Sonora en Equipo.\",\"description\":\"Diario en l\u00ednea con Noticias desde Hermosillo, Sonora\",\"publisher\":{\"@id\":\"https:\/\/www.sonoraenequipo.com.mx\/#organization\"},\"potentialAction\":[{\"@type\":\"SearchAction\",\"target\":{\"@type\":\"EntryPoint\",\"urlTemplate\":\"https:\/\/www.sonoraenequipo.com.mx\/?s={search_term_string}\"},\"query-input\":{\"@type\":\"PropertyValueSpecification\",\"valueRequired\":true,\"valueName\":\"search_term_string\"}}],\"inLanguage\":\"es\"},{\"@type\":\"Organization\",\"@id\":\"https:\/\/www.sonoraenequipo.com.mx\/#organization\",\"name\":\"Sonoraenequipo.com.mx\",\"url\":\"https:\/\/www.sonoraenequipo.com.mx\/\",\"logo\":{\"@type\":\"ImageObject\",\"inLanguage\":\"es\",\"@id\":\"https:\/\/www.sonoraenequipo.com.mx\/#\/schema\/logo\/image\/\",\"url\":\"https:\/\/www.sonoraenequipo.com.mx\/storage\/2019\/01\/sonoraenequipo_opt.png\",\"contentUrl\":\"https:\/\/www.sonoraenequipo.com.mx\/storage\/2019\/01\/sonoraenequipo_opt.png\",\"width\":375,\"height\":125,\"caption\":\"Sonoraenequipo.com.mx\"},\"image\":{\"@id\":\"https:\/\/www.sonoraenequipo.com.mx\/#\/schema\/logo\/image\/\"},\"sameAs\":[\"https:\/\/www.facebook.com\/SonoraEE\/\",\"https:\/\/x.com\/sonoraenequipo\",\"https:\/\/www.youtube.com\/channel\/UC338nW-lPEYmJQs4ZABQ1SQ\"]},{\"@type\":\"Person\",\"@id\":\"https:\/\/www.sonoraenequipo.com.mx\/#\/schema\/person\/50102df0fb23a8fa9e8effad8fa81386\",\"name\":\"enequipo\",\"image\":{\"@type\":\"ImageObject\",\"inLanguage\":\"es\",\"@id\":\"https:\/\/www.sonoraenequipo.com.mx\/#\/schema\/person\/image\/\",\"url\":\"https:\/\/secure.gravatar.com\/avatar\/049821681b589dabc0bc20695993ccebb09f5b5d4d790cd9251b97faac7c652b?s=96&d=blank&r=g\",\"contentUrl\":\"https:\/\/secure.gravatar.com\/avatar\/049821681b589dabc0bc20695993ccebb09f5b5d4d790cd9251b97faac7c652b?s=96&d=blank&r=g\",\"caption\":\"enequipo\"},\"sameAs\":[\"https:\/\/www.facebook.com\/SonoraEE\"]}]}<\/script>\n ","yoast_head_json":{"title":"Sonora en Equipo. IDH Invita a registrar prospectos para el Sal\u00f3n de la Fama del Deportista Hermosillense 2024; ser\u00e1n 10 este a\u00f1o Deportes","description":"HERMOSILLO, SONORA, MX. \u2014 \u00a0El Director del Instituto del Deporte de Hermosillo (IDH), Armando Labrada Garc\u00eda, anunci\u00f3 junto con integrantes del comit\u00e9 En Sonora en Equipo publicamos toda la informaci\u00f3n de Sonora, M\u00e9xico y el Mundo de manera oportuna y busca que la libertad de expresi\u00f3n sea real. Visita nuestro medio informativo publicado desde Hermosillo, Sonora. %","robots":{"index":"index","follow":"follow","max-snippet":"max-snippet:-1","max-image-preview":"max-image-preview:large","max-video-preview":"max-video-preview:-1"},"canonical":"https:\/\/www.sonoraenequipo.com.mx\/idh-invita-a-registrar-prospectos-para-el-salon-de-la-fama-del-deportista-hermosillense-2024-seran-10-este-ano\/","og_locale":"es_ES","og_type":"article","og_title":"Sonora en Equipo. IDH Invita a registrar prospectos para el Sal\u00f3n de la Fama del Deportista Hermosillense 2024; ser\u00e1n 10 este a\u00f1o Deportes","og_description":"HERMOSILLO, SONORA, MX. \u2014 \u00a0El Director del Instituto del Deporte de Hermosillo (IDH), Armando Labrada Garc\u00eda, anunci\u00f3 junto con integrantes del comit\u00e9 En Sonora en Equipo publicamos toda la informaci\u00f3n de Sonora, M\u00e9xico y el Mundo de manera oportuna y busca que la libertad de expresi\u00f3n sea real. Visita nuestro medio informativo publicado desde Hermosillo, Sonora. %","og_url":"https:\/\/www.sonoraenequipo.com.mx\/idh-invita-a-registrar-prospectos-para-el-salon-de-la-fama-del-deportista-hermosillense-2024-seran-10-este-ano\/","og_site_name":"Sonora en Equipo.","article_publisher":"https:\/\/www.facebook.com\/SonoraEE\/","article_author":"https:\/\/www.facebook.com\/SonoraEE","article_published_time":"2024-07-03T22:50:23+00:00","og_image":[{"width":667,"height":400,"url":"https:\/\/www.sonoraenequipo.com.mx\/storage\/2024\/07\/salon-fama-hmo2.jpg","type":"image\/jpeg"}],"author":"enequipo","twitter_card":"summary_large_image","twitter_creator":"@sonoraenequipo","twitter_site":"@sonoraenequipo","twitter_misc":{"Escrito por":"enequipo","Tiempo de lectura":"2 minutos"},"schema":{"@context":"https:\/\/schema.org","@graph":[{"@type":"Article","@id":"https:\/\/www.sonoraenequipo.com.mx\/idh-invita-a-registrar-prospectos-para-el-salon-de-la-fama-del-deportista-hermosillense-2024-seran-10-este-ano\/#article","isPartOf":{"@id":"https:\/\/www.sonoraenequipo.com.mx\/idh-invita-a-registrar-prospectos-para-el-salon-de-la-fama-del-deportista-hermosillense-2024-seran-10-este-ano\/"},"author":{"name":"enequipo","@id":"https:\/\/www.sonoraenequipo.com.mx\/#\/schema\/person\/50102df0fb23a8fa9e8effad8fa81386"},"headline":"IDH Invita a registrar prospectos para el Sal\u00f3n de la Fama del Deportista Hermosillense 2024; ser\u00e1n 10 este a\u00f1o","datePublished":"2024-07-03T22:50:23+00:00","mainEntityOfPage":{"@id":"https:\/\/www.sonoraenequipo.com.mx\/idh-invita-a-registrar-prospectos-para-el-salon-de-la-fama-del-deportista-hermosillense-2024-seran-10-este-ano\/"},"wordCount":419,"commentCount":0,"publisher":{"@id":"https:\/\/www.sonoraenequipo.com.mx\/#organization"},"image":{"@id":"https:\/\/www.sonoraenequipo.com.mx\/idh-invita-a-registrar-prospectos-para-el-salon-de-la-fama-del-deportista-hermosillense-2024-seran-10-este-ano\/#primaryimage"},"thumbnailUrl":"https:\/\/www.sonoraenequipo.com.mx\/storage\/2024\/07\/salon-fama-hmo2.jpg","keywords":["hermosillo","salon fama deporte"],"articleSection":["Deportes"],"inLanguage":"es","potentialAction":[{"@type":"CommentAction","name":"Comment","target":["https:\/\/www.sonoraenequipo.com.mx\/idh-invita-a-registrar-prospectos-para-el-salon-de-la-fama-del-deportista-hermosillense-2024-seran-10-este-ano\/#respond"]}]},{"@type":"WebPage","@id":"https:\/\/www.sonoraenequipo.com.mx\/idh-invita-a-registrar-prospectos-para-el-salon-de-la-fama-del-deportista-hermosillense-2024-seran-10-este-ano\/","url":"https:\/\/www.sonoraenequipo.com.mx\/idh-invita-a-registrar-prospectos-para-el-salon-de-la-fama-del-deportista-hermosillense-2024-seran-10-este-ano\/","name":"Sonora en Equipo. IDH Invita a registrar prospectos para el Sal\u00f3n de la Fama del Deportista Hermosillense 2024; ser\u00e1n 10 este a\u00f1o Deportes","isPartOf":{"@id":"https:\/\/www.sonoraenequipo.com.mx\/#website"},"primaryImageOfPage":{"@id":"https:\/\/www.sonoraenequipo.com.mx\/idh-invita-a-registrar-prospectos-para-el-salon-de-la-fama-del-deportista-hermosillense-2024-seran-10-este-ano\/#primaryimage"},"image":{"@id":"https:\/\/www.sonoraenequipo.com.mx\/idh-invita-a-registrar-prospectos-para-el-salon-de-la-fama-del-deportista-hermosillense-2024-seran-10-este-ano\/#primaryimage"},"thumbnailUrl":"https:\/\/www.sonoraenequipo.com.mx\/storage\/2024\/07\/salon-fama-hmo2.jpg","datePublished":"2024-07-03T22:50:23+00:00","description":"HERMOSILLO, SONORA, MX. \u2014 \u00a0El Director del Instituto del Deporte de Hermosillo (IDH), Armando Labrada Garc\u00eda, anunci\u00f3 junto con integrantes del comit\u00e9 En Sonora en Equipo publicamos toda la informaci\u00f3n de Sonora, M\u00e9xico y el Mundo de manera oportuna y busca que la libertad de expresi\u00f3n sea real. Visita nuestro medio informativo publicado desde Hermosillo, Sonora. %","breadcrumb":{"@id":"https:\/\/www.sonoraenequipo.com.mx\/idh-invita-a-registrar-prospectos-para-el-salon-de-la-fama-del-deportista-hermosillense-2024-seran-10-este-ano\/#breadcrumb"},"inLanguage":"es","potentialAction":[{"@type":"ReadAction","target":["https:\/\/www.sonoraenequipo.com.mx\/idh-invita-a-registrar-prospectos-para-el-salon-de-la-fama-del-deportista-hermosillense-2024-seran-10-este-ano\/"]}]},{"@type":"ImageObject","inLanguage":"es","@id":"https:\/\/www.sonoraenequipo.com.mx\/idh-invita-a-registrar-prospectos-para-el-salon-de-la-fama-del-deportista-hermosillense-2024-seran-10-este-ano\/#primaryimage","url":"https:\/\/www.sonoraenequipo.com.mx\/storage\/2024\/07\/salon-fama-hmo2.jpg","contentUrl":"https:\/\/www.sonoraenequipo.com.mx\/storage\/2024\/07\/salon-fama-hmo2.jpg","width":667,"height":400},{"@type":"BreadcrumbList","@id":"https:\/\/www.sonoraenequipo.com.mx\/idh-invita-a-registrar-prospectos-para-el-salon-de-la-fama-del-deportista-hermosillense-2024-seran-10-este-ano\/#breadcrumb","itemListElement":[{"@type":"ListItem","position":1,"name":"Portada","item":"https:\/\/www.sonoraenequipo.com.mx\/"},{"@type":"ListItem","position":2,"name":"IDH Invita a registrar prospectos para el Sal\u00f3n de la Fama del Deportista Hermosillense 2024; ser\u00e1n 10 este a\u00f1o"}]},{"@type":"WebSite","@id":"https:\/\/www.sonoraenequipo.com.mx\/#website","url":"https:\/\/www.sonoraenequipo.com.mx\/","name":"Sonora en Equipo.","description":"Diario en l\u00ednea con Noticias desde Hermosillo, Sonora","publisher":{"@id":"https:\/\/www.sonoraenequipo.com.mx\/#organization"},"potentialAction":[{"@type":"SearchAction","target":{"@type":"EntryPoint","urlTemplate":"https:\/\/www.sonoraenequipo.com.mx\/?s={search_term_string}"},"query-input":{"@type":"PropertyValueSpecification","valueRequired":true,"valueName":"search_term_string"}}],"inLanguage":"es"},{"@type":"Organization","@id":"https:\/\/www.sonoraenequipo.com.mx\/#organization","name":"Sonoraenequipo.com.mx","url":"https:\/\/www.sonoraenequipo.com.mx\/","logo":{"@type":"ImageObject","inLanguage":"es","@id":"https:\/\/www.sonoraenequipo.com.mx\/#\/schema\/logo\/image\/","url":"https:\/\/www.sonoraenequipo.com.mx\/storage\/2019\/01\/sonoraenequipo_opt.png","contentUrl":"https:\/\/www.sonoraenequipo.com.mx\/storage\/2019\/01\/sonoraenequipo_opt.png","width":375,"height":125,"caption":"Sonoraenequipo.com.mx"},"image":{"@id":"https:\/\/www.sonoraenequipo.com.mx\/#\/schema\/logo\/image\/"},"sameAs":["https:\/\/www.facebook.com\/SonoraEE\/","https:\/\/x.com\/sonoraenequipo","https:\/\/www.youtube.com\/channel\/UC338nW-lPEYmJQs4ZABQ1SQ"]},{"@type":"Person","@id":"https:\/\/www.sonoraenequipo.com.mx\/#\/schema\/person\/50102df0fb23a8fa9e8effad8fa81386","name":"enequipo","image":{"@type":"ImageObject","inLanguage":"es","@id":"https:\/\/www.sonoraenequipo.com.mx\/#\/schema\/person\/image\/","url":"https:\/\/secure.gravatar.com\/avatar\/049821681b589dabc0bc20695993ccebb09f5b5d4d790cd9251b97faac7c652b?s=96&d=blank&r=g","contentUrl":"https:\/\/secure.gravatar.com\/avatar\/049821681b589dabc0bc20695993ccebb09f5b5d4d790cd9251b97faac7c652b?s=96&d=blank&r=g","caption":"enequipo"},"sameAs":["https:\/\/www.facebook.com\/SonoraEE"]}]}},"jetpack_featured_media_url":"https:\/\/www.sonoraenequipo.com.mx\/storage\/2024\/07\/salon-fama-hmo2.jpg","_links":{"self":[{"href":"https:\/\/www.sonoraenequipo.com.mx\/api\/wp\/v2\/posts\/193650","targetHints":{"allow":["GET"]}}],"collection":[{"href":"https:\/\/www.sonoraenequipo.com.mx\/api\/wp\/v2\/posts"}],"about":[{"href":"https:\/\/www.sonoraenequipo.com.mx\/api\/wp\/v2\/types\/post"}],"author":[{"embeddable":true,"href":"https:\/\/www.sonoraenequipo.com.mx\/api\/wp\/v2\/users\/1"}],"replies":[{"embeddable":true,"href":"https:\/\/www.sonoraenequipo.com.mx\/api\/wp\/v2\/comments?post=193650"}],"version-history":[{"count":1,"href":"https:\/\/www.sonoraenequipo.com.mx\/api\/wp\/v2\/posts\/193650\/revisions"}],"predecessor-version":[{"id":193652,"href":"https:\/\/www.sonoraenequipo.com.mx\/api\/wp\/v2\/posts\/193650\/revisions\/193652"}],"wp:featuredmedia":[{"embeddable":true,"href":"https:\/\/www.sonoraenequipo.com.mx\/api\/wp\/v2\/media\/193651"}],"wp:attachment":[{"href":"https:\/\/www.sonoraenequipo.com.mx\/api\/wp\/v2\/media?parent=193650"}],"wp:term":[{"taxonomy":"category","embeddable":true,"href":"https:\/\/www.sonoraenequipo.com.mx\/api\/wp\/v2\/categories?post=193650"},{"taxonomy":"post_tag","embeddable":true,"href":"https:\/\/www.sonoraenequipo.com.mx\/api\/wp\/v2\/tags?post=193650"}],"curies":[{"name":"wp","href":"https:\/\/api.w.org\/{rel}","templated":true}]}}