{"id":193673,"date":"2024-07-03T17:19:02","date_gmt":"2024-07-04T00:19:02","guid":{"rendered":"https:\/\/www.sonoraenequipo.com.mx\/?p=193673"},"modified":"2024-07-03T16:59:56","modified_gmt":"2024-07-03T23:59:56","slug":"venta-de-vehiculos-logran-su-mejor-primer-semestre-desde-2017","status":"publish","type":"post","link":"https:\/\/www.sonoraenequipo.com.mx\/venta-de-vehiculos-logran-su-mejor-primer-semestre-desde-2017\/","title":{"rendered":"Venta de veh\u00edculos logran su mejor primer semestre desde 2017"},"content":{"rendered":"<p><b>CIUDAD DE M\u00c9XICO. MX.\u2014 <\/b>La industria del motor en M\u00e9xico logr\u00f3 su mejor primer semestre en venta de veh\u00edculos ligeros desde el mismo periodo de 2017, seg\u00fan datos del Instituto Nacional de Estad\u00edstica y Geograf\u00eda (Inegi).<\/p>\n<p>&nbsp;<\/p>\n<p> <\/p>\n<p>De acuerdo con el avance de las ventas al p\u00fablico en el mercado interno del Registro Administrativo de la Industria Automotriz de Veh\u00edculos Ligeros (Raiavl), las ventas de veh\u00edculos ligeros a nivel nacional ascendieron a 708 mil 650 unidades durante el periodo enero-junio de 2024, lo que represent\u00f3 un avance anual de 11.94 por ciento, toda vez que tuvieron su mejor primera mitad de a\u00f1o desde 2017, cuando en aquel entonces se comercializaron 745 mil veh\u00edculos.<\/p>\n<p>&nbsp;<\/p>\n<p>&nbsp;<\/p>\n<p>Dado que la econom\u00eda mexicana crece a tasas de 2 o 3 por ciento, seg\u00fan estimaciones de la Secretar\u00eda de Hacienda, y el consumo mantiene cierta fortaleza en los primeros meses del presente a\u00f1o, las ventas internas de veh\u00edculos aumentaron mensualmente en cuatro de los seis meses de la primera mitad del a\u00f1o.<\/p>\n<p>&nbsp;<\/p>\n<p>&nbsp;<\/p>\n<p>Mientras que esto marc\u00f3 una recuperaci\u00f3n del colapso en las ventas de la crisis por la pandemia de covid-19, pues est\u00e1n 10.62 por ciento por arriba de la comercializaci\u00f3n del primer semestre de 2019, antes de que se presentara la pandemia del coronavirus.<\/p>\n<p>&nbsp;<\/p>\n<p>&nbsp;<\/p>\n<p>&nbsp;<\/p>\n<p>Las f\u00e1bricas han vuelto poco a poco a la normalidad, mientras se normaliza de forma definitiva la provisi\u00f3n de piezas y sensores despu\u00e9s de los problemas de los \u00faltimos a\u00f1os. La cadena de suministro respira m\u00e1s tranquila.<\/p>\n<p>&nbsp;<\/p>\n<p>&nbsp;<\/p>\n<p>&nbsp;<\/p>\n<p>En tanto, el Inegi, con la informaci\u00f3n proviene de 23 empresas afiliadas a la Asociaci\u00f3n Mexicana de la Industria Automotriz (AMIA), Autos Orientales Picacho, Giant Motors Latinoam\u00e9rica y Great Wall Motor M\u00e9xico, precis\u00f3 que la comercializaci\u00f3n de veh\u00edculos ligeros fue de 122 mil 929 unidades en junio, lo que represent\u00f3 un crecimiento de 2.45 por ciento con respecto a mayo pasado. Asimismo, fueron sus mejores ventas para un sexto mes de a\u00f1o desde 2017 (123 mil 429 unidades).<\/p>\n<p>&nbsp;<\/p>\n<p>&nbsp;<\/p>\n<p>&nbsp;<\/p>\n<p>En su comparaci\u00f3n con junio de 2023, la venta de veh\u00edculos ligeros en el mercado nacional subi\u00f3 8.26 por ciento.<\/p>\n<p>&nbsp;<\/p>\n<p>&nbsp;<\/p>\n<p>PUBLICADO EL03 DE JULIO DE 2024 Con informaci\u00f3n de La Jornada)<\/p>\n","protected":false},"excerpt":{"rendered":"<p>CIUDAD DE M\u00c9XICO. MX.\u2014 La industria del motor en M\u00e9xico logr\u00f3 su mejor primer semestre&#8230;<\/p>\n","protected":false},"author":1,"featured_media":193674,"comment_status":"open","ping_status":"open","sticky":false,"template":"","format":"standard","meta":{"_monsterinsights_skip_tracking":false,"_monsterinsights_sitenote_active":false,"_monsterinsights_sitenote_note":"","_monsterinsights_sitenote_category":0,"footnotes":""},"categories":[5],"tags":[],"class_list":["post"],"yoast_head":" \n<title>Sonora en Equipo. Venta de veh\u00edculos logran su mejor primer semestre desde 2017 Rep\u00fablica<\/title>\n<meta name=\"description\" content=\"CIUDAD DE M\u00c9XICO. MX.\u2014 La industria del motor en M\u00e9xico logr\u00f3 su mejor primer semestre en venta de veh\u00edculos ligeros desde el mismo periodo de 2017, seg\u00fan En Sonora en Equipo publicamos toda la informaci\u00f3n de Sonora, M\u00e9xico y el Mundo de manera oportuna y busca que la libertad de expresi\u00f3n sea real. Visita nuestro medio informativo publicado desde Hermosillo, Sonora. %\" \/>\n<meta name=\"robots\" content=\"index, follow, max-snippet:-1, max-image-preview:large, max-video-preview:-1\" \/>\n<link rel=\"canonical\" href=\"https:\/\/www.sonoraenequipo.com.mx\/venta-de-vehiculos-logran-su-mejor-primer-semestre-desde-2017\/\" \/>\n<meta property=\"og:locale\" content=\"es_ES\" \/>\n<meta property=\"og:type\" content=\"article\" \/>\n<meta property=\"og:title\" content=\"Sonora en Equipo. Venta de veh\u00edculos logran su mejor primer semestre desde 2017 Rep\u00fablica\" \/>\n<meta property=\"og:description\" content=\"CIUDAD DE M\u00c9XICO. MX.\u2014 La industria del motor en M\u00e9xico logr\u00f3 su mejor primer semestre en venta de veh\u00edculos ligeros desde el mismo periodo de 2017, seg\u00fan En Sonora en Equipo publicamos toda la informaci\u00f3n de Sonora, M\u00e9xico y el Mundo de manera oportuna y busca que la libertad de expresi\u00f3n sea real. Visita nuestro medio informativo publicado desde Hermosillo, Sonora. %\" \/>\n<meta property=\"og:url\" content=\"https:\/\/www.sonoraenequipo.com.mx\/venta-de-vehiculos-logran-su-mejor-primer-semestre-desde-2017\/\" \/>\n<meta property=\"og:site_name\" content=\"Sonora en Equipo.\" \/>\n<meta property=\"article:publisher\" content=\"https:\/\/www.facebook.com\/SonoraEE\/\" \/>\n<meta property=\"article:author\" content=\"https:\/\/www.facebook.com\/SonoraEE\" \/>\n<meta property=\"article:published_time\" content=\"2024-07-04T00:19:02+00:00\" \/>\n<meta property=\"og:image\" content=\"https:\/\/www.sonoraenequipo.com.mx\/storage\/2024\/07\/sube-venta-de-autos-min.jpg\" \/>\n\t<meta property=\"og:image:width\" content=\"900\" \/>\n\t<meta property=\"og:image:height\" content=\"467\" \/>\n\t<meta property=\"og:image:type\" content=\"image\/jpeg\" \/>\n<meta name=\"author\" content=\"enequipo\" \/>\n<meta name=\"twitter:card\" content=\"summary_large_image\" \/>\n<meta name=\"twitter:creator\" content=\"@sonoraenequipo\" \/>\n<meta name=\"twitter:site\" content=\"@sonoraenequipo\" \/>\n<meta name=\"twitter:label1\" content=\"Escrito por\" \/>\n\t<meta name=\"twitter:data1\" content=\"enequipo\" \/>\n\t<meta name=\"twitter:label2\" content=\"Tiempo de lectura\" \/>\n\t<meta name=\"twitter:data2\" content=\"2 minutos\" \/>\n<script type=\"application\/ld+json\" class=\"yoast-schema-graph\">{\"@context\":\"https:\/\/schema.org\",\"@graph\":[{\"@type\":\"Article\",\"@id\":\"https:\/\/www.sonoraenequipo.com.mx\/venta-de-vehiculos-logran-su-mejor-primer-semestre-desde-2017\/#article\",\"isPartOf\":{\"@id\":\"https:\/\/www.sonoraenequipo.com.mx\/venta-de-vehiculos-logran-su-mejor-primer-semestre-desde-2017\/\"},\"author\":{\"name\":\"enequipo\",\"@id\":\"https:\/\/www.sonoraenequipo.com.mx\/#\/schema\/person\/50102df0fb23a8fa9e8effad8fa81386\"},\"headline\":\"Venta de veh\u00edculos logran su mejor primer semestre desde 2017\",\"datePublished\":\"2024-07-04T00:19:02+00:00\",\"mainEntityOfPage\":{\"@id\":\"https:\/\/www.sonoraenequipo.com.mx\/venta-de-vehiculos-logran-su-mejor-primer-semestre-desde-2017\/\"},\"wordCount\":394,\"commentCount\":0,\"publisher\":{\"@id\":\"https:\/\/www.sonoraenequipo.com.mx\/#organization\"},\"image\":{\"@id\":\"https:\/\/www.sonoraenequipo.com.mx\/venta-de-vehiculos-logran-su-mejor-primer-semestre-desde-2017\/#primaryimage\"},\"thumbnailUrl\":\"https:\/\/www.sonoraenequipo.com.mx\/storage\/2024\/07\/sube-venta-de-autos-min.jpg\",\"articleSection\":[\"Rep\u00fablica\"],\"inLanguage\":\"es\",\"potentialAction\":[{\"@type\":\"CommentAction\",\"name\":\"Comment\",\"target\":[\"https:\/\/www.sonoraenequipo.com.mx\/venta-de-vehiculos-logran-su-mejor-primer-semestre-desde-2017\/#respond\"]}]},{\"@type\":\"WebPage\",\"@id\":\"https:\/\/www.sonoraenequipo.com.mx\/venta-de-vehiculos-logran-su-mejor-primer-semestre-desde-2017\/\",\"url\":\"https:\/\/www.sonoraenequipo.com.mx\/venta-de-vehiculos-logran-su-mejor-primer-semestre-desde-2017\/\",\"name\":\"Sonora en Equipo. Venta de veh\u00edculos logran su mejor primer semestre desde 2017 Rep\u00fablica\",\"isPartOf\":{\"@id\":\"https:\/\/www.sonoraenequipo.com.mx\/#website\"},\"primaryImageOfPage\":{\"@id\":\"https:\/\/www.sonoraenequipo.com.mx\/venta-de-vehiculos-logran-su-mejor-primer-semestre-desde-2017\/#primaryimage\"},\"image\":{\"@id\":\"https:\/\/www.sonoraenequipo.com.mx\/venta-de-vehiculos-logran-su-mejor-primer-semestre-desde-2017\/#primaryimage\"},\"thumbnailUrl\":\"https:\/\/www.sonoraenequipo.com.mx\/storage\/2024\/07\/sube-venta-de-autos-min.jpg\",\"datePublished\":\"2024-07-04T00:19:02+00:00\",\"description\":\"CIUDAD DE M\u00c9XICO. MX.\u2014 La industria del motor en M\u00e9xico logr\u00f3 su mejor primer semestre en venta de veh\u00edculos ligeros desde el mismo periodo de 2017, seg\u00fan En Sonora en Equipo publicamos toda la informaci\u00f3n de Sonora, M\u00e9xico y el Mundo de manera oportuna y busca que la libertad de expresi\u00f3n sea real. Visita nuestro medio informativo publicado desde Hermosillo, Sonora. %\",\"breadcrumb\":{\"@id\":\"https:\/\/www.sonoraenequipo.com.mx\/venta-de-vehiculos-logran-su-mejor-primer-semestre-desde-2017\/#breadcrumb\"},\"inLanguage\":\"es\",\"potentialAction\":[{\"@type\":\"ReadAction\",\"target\":[\"https:\/\/www.sonoraenequipo.com.mx\/venta-de-vehiculos-logran-su-mejor-primer-semestre-desde-2017\/\"]}]},{\"@type\":\"ImageObject\",\"inLanguage\":\"es\",\"@id\":\"https:\/\/www.sonoraenequipo.com.mx\/venta-de-vehiculos-logran-su-mejor-primer-semestre-desde-2017\/#primaryimage\",\"url\":\"https:\/\/www.sonoraenequipo.com.mx\/storage\/2024\/07\/sube-venta-de-autos-min.jpg\",\"contentUrl\":\"https:\/\/www.sonoraenequipo.com.mx\/storage\/2024\/07\/sube-venta-de-autos-min.jpg\",\"width\":900,\"height\":467},{\"@type\":\"BreadcrumbList\",\"@id\":\"https:\/\/www.sonoraenequipo.com.mx\/venta-de-vehiculos-logran-su-mejor-primer-semestre-desde-2017\/#breadcrumb\",\"itemListElement\":[{\"@type\":\"ListItem\",\"position\":1,\"name\":\"Portada\",\"item\":\"https:\/\/www.sonoraenequipo.com.mx\/\"},{\"@type\":\"ListItem\",\"position\":2,\"name\":\"Venta de veh\u00edculos logran su mejor primer semestre desde 2017\"}]},{\"@type\":\"WebSite\",\"@id\":\"https:\/\/www.sonoraenequipo.com.mx\/#website\",\"url\":\"https:\/\/www.sonoraenequipo.com.mx\/\",\"name\":\"Sonora en Equipo.\",\"description\":\"Diario en l\u00ednea con Noticias desde Hermosillo, Sonora\",\"publisher\":{\"@id\":\"https:\/\/www.sonoraenequipo.com.mx\/#organization\"},\"potentialAction\":[{\"@type\":\"SearchAction\",\"target\":{\"@type\":\"EntryPoint\",\"urlTemplate\":\"https:\/\/www.sonoraenequipo.com.mx\/?s={search_term_string}\"},\"query-input\":{\"@type\":\"PropertyValueSpecification\",\"valueRequired\":true,\"valueName\":\"search_term_string\"}}],\"inLanguage\":\"es\"},{\"@type\":\"Organization\",\"@id\":\"https:\/\/www.sonoraenequipo.com.mx\/#organization\",\"name\":\"Sonoraenequipo.com.mx\",\"url\":\"https:\/\/www.sonoraenequipo.com.mx\/\",\"logo\":{\"@type\":\"ImageObject\",\"inLanguage\":\"es\",\"@id\":\"https:\/\/www.sonoraenequipo.com.mx\/#\/schema\/logo\/image\/\",\"url\":\"https:\/\/www.sonoraenequipo.com.mx\/storage\/2019\/01\/sonoraenequipo_opt.png\",\"contentUrl\":\"https:\/\/www.sonoraenequipo.com.mx\/storage\/2019\/01\/sonoraenequipo_opt.png\",\"width\":375,\"height\":125,\"caption\":\"Sonoraenequipo.com.mx\"},\"image\":{\"@id\":\"https:\/\/www.sonoraenequipo.com.mx\/#\/schema\/logo\/image\/\"},\"sameAs\":[\"https:\/\/www.facebook.com\/SonoraEE\/\",\"https:\/\/x.com\/sonoraenequipo\",\"https:\/\/www.youtube.com\/channel\/UC338nW-lPEYmJQs4ZABQ1SQ\"]},{\"@type\":\"Person\",\"@id\":\"https:\/\/www.sonoraenequipo.com.mx\/#\/schema\/person\/50102df0fb23a8fa9e8effad8fa81386\",\"name\":\"enequipo\",\"image\":{\"@type\":\"ImageObject\",\"inLanguage\":\"es\",\"@id\":\"https:\/\/www.sonoraenequipo.com.mx\/#\/schema\/person\/image\/\",\"url\":\"https:\/\/secure.gravatar.com\/avatar\/049821681b589dabc0bc20695993ccebb09f5b5d4d790cd9251b97faac7c652b?s=96&d=blank&r=g\",\"contentUrl\":\"https:\/\/secure.gravatar.com\/avatar\/049821681b589dabc0bc20695993ccebb09f5b5d4d790cd9251b97faac7c652b?s=96&d=blank&r=g\",\"caption\":\"enequipo\"},\"sameAs\":[\"https:\/\/www.facebook.com\/SonoraEE\"]}]}<\/script>\n ","yoast_head_json":{"title":"Sonora en Equipo. Venta de veh\u00edculos logran su mejor primer semestre desde 2017 Rep\u00fablica","description":"CIUDAD DE M\u00c9XICO. MX.\u2014 La industria del motor en M\u00e9xico logr\u00f3 su mejor primer semestre en venta de veh\u00edculos ligeros desde el mismo periodo de 2017, seg\u00fan En Sonora en Equipo publicamos toda la informaci\u00f3n de Sonora, M\u00e9xico y el Mundo de manera oportuna y busca que la libertad de expresi\u00f3n sea real. Visita nuestro medio informativo publicado desde Hermosillo, Sonora. %","robots":{"index":"index","follow":"follow","max-snippet":"max-snippet:-1","max-image-preview":"max-image-preview:large","max-video-preview":"max-video-preview:-1"},"canonical":"https:\/\/www.sonoraenequipo.com.mx\/venta-de-vehiculos-logran-su-mejor-primer-semestre-desde-2017\/","og_locale":"es_ES","og_type":"article","og_title":"Sonora en Equipo. Venta de veh\u00edculos logran su mejor primer semestre desde 2017 Rep\u00fablica","og_description":"CIUDAD DE M\u00c9XICO. MX.\u2014 La industria del motor en M\u00e9xico logr\u00f3 su mejor primer semestre en venta de veh\u00edculos ligeros desde el mismo periodo de 2017, seg\u00fan En Sonora en Equipo publicamos toda la informaci\u00f3n de Sonora, M\u00e9xico y el Mundo de manera oportuna y busca que la libertad de expresi\u00f3n sea real. Visita nuestro medio informativo publicado desde Hermosillo, Sonora. %","og_url":"https:\/\/www.sonoraenequipo.com.mx\/venta-de-vehiculos-logran-su-mejor-primer-semestre-desde-2017\/","og_site_name":"Sonora en Equipo.","article_publisher":"https:\/\/www.facebook.com\/SonoraEE\/","article_author":"https:\/\/www.facebook.com\/SonoraEE","article_published_time":"2024-07-04T00:19:02+00:00","og_image":[{"width":900,"height":467,"url":"https:\/\/www.sonoraenequipo.com.mx\/storage\/2024\/07\/sube-venta-de-autos-min.jpg","type":"image\/jpeg"}],"author":"enequipo","twitter_card":"summary_large_image","twitter_creator":"@sonoraenequipo","twitter_site":"@sonoraenequipo","twitter_misc":{"Escrito por":"enequipo","Tiempo de lectura":"2 minutos"},"schema":{"@context":"https:\/\/schema.org","@graph":[{"@type":"Article","@id":"https:\/\/www.sonoraenequipo.com.mx\/venta-de-vehiculos-logran-su-mejor-primer-semestre-desde-2017\/#article","isPartOf":{"@id":"https:\/\/www.sonoraenequipo.com.mx\/venta-de-vehiculos-logran-su-mejor-primer-semestre-desde-2017\/"},"author":{"name":"enequipo","@id":"https:\/\/www.sonoraenequipo.com.mx\/#\/schema\/person\/50102df0fb23a8fa9e8effad8fa81386"},"headline":"Venta de veh\u00edculos logran su mejor primer semestre desde 2017","datePublished":"2024-07-04T00:19:02+00:00","mainEntityOfPage":{"@id":"https:\/\/www.sonoraenequipo.com.mx\/venta-de-vehiculos-logran-su-mejor-primer-semestre-desde-2017\/"},"wordCount":394,"commentCount":0,"publisher":{"@id":"https:\/\/www.sonoraenequipo.com.mx\/#organization"},"image":{"@id":"https:\/\/www.sonoraenequipo.com.mx\/venta-de-vehiculos-logran-su-mejor-primer-semestre-desde-2017\/#primaryimage"},"thumbnailUrl":"https:\/\/www.sonoraenequipo.com.mx\/storage\/2024\/07\/sube-venta-de-autos-min.jpg","articleSection":["Rep\u00fablica"],"inLanguage":"es","potentialAction":[{"@type":"CommentAction","name":"Comment","target":["https:\/\/www.sonoraenequipo.com.mx\/venta-de-vehiculos-logran-su-mejor-primer-semestre-desde-2017\/#respond"]}]},{"@type":"WebPage","@id":"https:\/\/www.sonoraenequipo.com.mx\/venta-de-vehiculos-logran-su-mejor-primer-semestre-desde-2017\/","url":"https:\/\/www.sonoraenequipo.com.mx\/venta-de-vehiculos-logran-su-mejor-primer-semestre-desde-2017\/","name":"Sonora en Equipo. Venta de veh\u00edculos logran su mejor primer semestre desde 2017 Rep\u00fablica","isPartOf":{"@id":"https:\/\/www.sonoraenequipo.com.mx\/#website"},"primaryImageOfPage":{"@id":"https:\/\/www.sonoraenequipo.com.mx\/venta-de-vehiculos-logran-su-mejor-primer-semestre-desde-2017\/#primaryimage"},"image":{"@id":"https:\/\/www.sonoraenequipo.com.mx\/venta-de-vehiculos-logran-su-mejor-primer-semestre-desde-2017\/#primaryimage"},"thumbnailUrl":"https:\/\/www.sonoraenequipo.com.mx\/storage\/2024\/07\/sube-venta-de-autos-min.jpg","datePublished":"2024-07-04T00:19:02+00:00","description":"CIUDAD DE M\u00c9XICO. MX.\u2014 La industria del motor en M\u00e9xico logr\u00f3 su mejor primer semestre en venta de veh\u00edculos ligeros desde el mismo periodo de 2017, seg\u00fan En Sonora en Equipo publicamos toda la informaci\u00f3n de Sonora, M\u00e9xico y el Mundo de manera oportuna y busca que la libertad de expresi\u00f3n sea real. Visita nuestro medio informativo publicado desde Hermosillo, Sonora. %","breadcrumb":{"@id":"https:\/\/www.sonoraenequipo.com.mx\/venta-de-vehiculos-logran-su-mejor-primer-semestre-desde-2017\/#breadcrumb"},"inLanguage":"es","potentialAction":[{"@type":"ReadAction","target":["https:\/\/www.sonoraenequipo.com.mx\/venta-de-vehiculos-logran-su-mejor-primer-semestre-desde-2017\/"]}]},{"@type":"ImageObject","inLanguage":"es","@id":"https:\/\/www.sonoraenequipo.com.mx\/venta-de-vehiculos-logran-su-mejor-primer-semestre-desde-2017\/#primaryimage","url":"https:\/\/www.sonoraenequipo.com.mx\/storage\/2024\/07\/sube-venta-de-autos-min.jpg","contentUrl":"https:\/\/www.sonoraenequipo.com.mx\/storage\/2024\/07\/sube-venta-de-autos-min.jpg","width":900,"height":467},{"@type":"BreadcrumbList","@id":"https:\/\/www.sonoraenequipo.com.mx\/venta-de-vehiculos-logran-su-mejor-primer-semestre-desde-2017\/#breadcrumb","itemListElement":[{"@type":"ListItem","position":1,"name":"Portada","item":"https:\/\/www.sonoraenequipo.com.mx\/"},{"@type":"ListItem","position":2,"name":"Venta de veh\u00edculos logran su mejor primer semestre desde 2017"}]},{"@type":"WebSite","@id":"https:\/\/www.sonoraenequipo.com.mx\/#website","url":"https:\/\/www.sonoraenequipo.com.mx\/","name":"Sonora en Equipo.","description":"Diario en l\u00ednea con Noticias desde Hermosillo, Sonora","publisher":{"@id":"https:\/\/www.sonoraenequipo.com.mx\/#organization"},"potentialAction":[{"@type":"SearchAction","target":{"@type":"EntryPoint","urlTemplate":"https:\/\/www.sonoraenequipo.com.mx\/?s={search_term_string}"},"query-input":{"@type":"PropertyValueSpecification","valueRequired":true,"valueName":"search_term_string"}}],"inLanguage":"es"},{"@type":"Organization","@id":"https:\/\/www.sonoraenequipo.com.mx\/#organization","name":"Sonoraenequipo.com.mx","url":"https:\/\/www.sonoraenequipo.com.mx\/","logo":{"@type":"ImageObject","inLanguage":"es","@id":"https:\/\/www.sonoraenequipo.com.mx\/#\/schema\/logo\/image\/","url":"https:\/\/www.sonoraenequipo.com.mx\/storage\/2019\/01\/sonoraenequipo_opt.png","contentUrl":"https:\/\/www.sonoraenequipo.com.mx\/storage\/2019\/01\/sonoraenequipo_opt.png","width":375,"height":125,"caption":"Sonoraenequipo.com.mx"},"image":{"@id":"https:\/\/www.sonoraenequipo.com.mx\/#\/schema\/logo\/image\/"},"sameAs":["https:\/\/www.facebook.com\/SonoraEE\/","https:\/\/x.com\/sonoraenequipo","https:\/\/www.youtube.com\/channel\/UC338nW-lPEYmJQs4ZABQ1SQ"]},{"@type":"Person","@id":"https:\/\/www.sonoraenequipo.com.mx\/#\/schema\/person\/50102df0fb23a8fa9e8effad8fa81386","name":"enequipo","image":{"@type":"ImageObject","inLanguage":"es","@id":"https:\/\/www.sonoraenequipo.com.mx\/#\/schema\/person\/image\/","url":"https:\/\/secure.gravatar.com\/avatar\/049821681b589dabc0bc20695993ccebb09f5b5d4d790cd9251b97faac7c652b?s=96&d=blank&r=g","contentUrl":"https:\/\/secure.gravatar.com\/avatar\/049821681b589dabc0bc20695993ccebb09f5b5d4d790cd9251b97faac7c652b?s=96&d=blank&r=g","caption":"enequipo"},"sameAs":["https:\/\/www.facebook.com\/SonoraEE"]}]}},"jetpack_featured_media_url":"https:\/\/www.sonoraenequipo.com.mx\/storage\/2024\/07\/sube-venta-de-autos-min.jpg","_links":{"self":[{"href":"https:\/\/www.sonoraenequipo.com.mx\/api\/wp\/v2\/posts\/193673","targetHints":{"allow":["GET"]}}],"collection":[{"href":"https:\/\/www.sonoraenequipo.com.mx\/api\/wp\/v2\/posts"}],"about":[{"href":"https:\/\/www.sonoraenequipo.com.mx\/api\/wp\/v2\/types\/post"}],"author":[{"embeddable":true,"href":"https:\/\/www.sonoraenequipo.com.mx\/api\/wp\/v2\/users\/1"}],"replies":[{"embeddable":true,"href":"https:\/\/www.sonoraenequipo.com.mx\/api\/wp\/v2\/comments?post=193673"}],"version-history":[{"count":1,"href":"https:\/\/www.sonoraenequipo.com.mx\/api\/wp\/v2\/posts\/193673\/revisions"}],"predecessor-version":[{"id":193675,"href":"https:\/\/www.sonoraenequipo.com.mx\/api\/wp\/v2\/posts\/193673\/revisions\/193675"}],"wp:featuredmedia":[{"embeddable":true,"href":"https:\/\/www.sonoraenequipo.com.mx\/api\/wp\/v2\/media\/193674"}],"wp:attachment":[{"href":"https:\/\/www.sonoraenequipo.com.mx\/api\/wp\/v2\/media?parent=193673"}],"wp:term":[{"taxonomy":"category","embeddable":true,"href":"https:\/\/www.sonoraenequipo.com.mx\/api\/wp\/v2\/categories?post=193673"},{"taxonomy":"post_tag","embeddable":true,"href":"https:\/\/www.sonoraenequipo.com.mx\/api\/wp\/v2\/tags?post=193673"}],"curies":[{"name":"wp","href":"https:\/\/api.w.org\/{rel}","templated":true}]}}