{"id":193676,"date":"2024-07-03T11:21:07","date_gmt":"2024-07-03T18:21:07","guid":{"rendered":"https:\/\/www.sonoraenequipo.com.mx\/?p=193676"},"modified":"2024-07-03T19:05:52","modified_gmt":"2024-07-04T02:05:52","slug":"apremia-gobernacion-al-juicio-politico-contra-el-juez-de-la-peza","status":"publish","type":"post","link":"https:\/\/www.sonoraenequipo.com.mx\/apremia-gobernacion-al-juicio-politico-contra-el-juez-de-la-peza\/","title":{"rendered":"Apremia Gobernaci\u00f3n al juicio pol\u00edtico contra el juez De la Peza"},"content":{"rendered":"<p><strong>CIUDAD DE M\u00c9XICO. MX. \u2014 <\/strong>Ayer acudi\u00f3 a la C\u00e1mara de Diputados un representante de la Secretar\u00eda de Gobernaci\u00f3n (SG) para ratificar la petici\u00f3n de juicio pol\u00edtico que dicho organismo present\u00f3 el lunes contra el juez Rodrigo de la Peza, a quien acusa de violar la Constituci\u00f3n.<\/p>\n<p>&nbsp;<\/p>\n<p>&nbsp;<\/p>\n<p> <\/p>\n<p>Fuentes de San L\u00e1zaro que pidieron no ser citadas indicaron que los funcionarios de la SG vinieron a hacer la ratificaci\u00f3n de la denuncia de juicio pol\u00edtico en tiempo y forma, la cual se va a turnar hoy (ayer) mismo a la Subcomisi\u00f3n de Examen Previo para su valoraci\u00f3n. A ella le corresponde determinar la procedencia y si se convoca o no a comisiones unidas de Gobernaci\u00f3n, Puntos Constitucionales y Justicia.<\/p>\n<p>&nbsp;<\/p>\n<p>&nbsp;<\/p>\n<p>De acuerdo con el documento que fue entregado ayer \u2013el cual pudo ver este diario\u2013, la denuncia contra De la Peza, juez noveno de distrito en materia administrativa en la Ciudad de M\u00e9xico, est\u00e1 firmada por Omar Guadalupe Guti\u00e9rrez Lozano, titular de la Unidad General de Asuntos Jur\u00eddicos de la SG.<\/p>\n<p>&nbsp;<\/p>\n<p>&nbsp;<\/p>\n<p>Por su parte, la SG difundi\u00f3 en sus redes sociales el acuse de la denuncia de juicio pol\u00edtico que present\u00f3 el pasado lunes a la C\u00e1mara de Diputados contra De la Peza por haber violado la Constituci\u00f3n al ordenar al Tribunal Electoral la designaci\u00f3n inmediata de dos magistrados para la declaraci\u00f3n de validez de la elecci\u00f3n presidencial.<\/p>\n<p>&nbsp;<\/p>\n<p>&nbsp;<\/p>\n<p>Entre los argumentos destaca que las decisiones del juez estuvieron \u201ccargadas de sesgos y excesos que han sido denunciados p\u00fablicamente, pero no atendidos por el Consejo de la Judicatura Federal\u00bb.<\/p>\n<p>&nbsp;<\/p>\n<p>&nbsp;<\/p>\n<p>Al considerar que esta decisi\u00f3n hacia el Tribunal Electoral fue un ejercicio excesivo de facultades o invasi\u00f3n de competencias de otros poderes, la SG record\u00f3 que en 2021 este juzgador determin\u00f3 la suspensi\u00f3n de las leyes el\u00e9ctrica y de hidrocarburos.<\/p>\n<p>&nbsp;<\/p>\n<p>&nbsp;<\/p>\n<p>PUBLICADO EL 03 DE JULIO DE 2024 Con informaci\u00f3n de La Jornada)<\/p>\n","protected":false},"excerpt":{"rendered":"<p>CIUDAD DE M\u00c9XICO. MX. \u2014 Ayer acudi\u00f3 a la C\u00e1mara de Diputados un representante de&#8230;<\/p>\n","protected":false},"author":1,"featured_media":193665,"comment_status":"open","ping_status":"open","sticky":false,"template":"","format":"standard","meta":{"_monsterinsights_skip_tracking":false,"_monsterinsights_sitenote_active":false,"_monsterinsights_sitenote_note":"","_monsterinsights_sitenote_category":0,"footnotes":""},"categories":[5],"tags":[],"class_list":["post"],"yoast_head":" \n<title>Sonora en Equipo. Apremia Gobernaci\u00f3n al juicio pol\u00edtico contra el juez De la Peza Rep\u00fablica<\/title>\n<meta name=\"description\" content=\"CIUDAD DE M\u00c9XICO. MX. \u2014 Ayer acudi\u00f3 a la C\u00e1mara de Diputados un representante de la Secretar\u00eda de Gobernaci\u00f3n (SG) para ratificar la petici\u00f3n de juicio En Sonora en Equipo publicamos toda la informaci\u00f3n de Sonora, M\u00e9xico y el Mundo de manera oportuna y busca que la libertad de expresi\u00f3n sea real. Visita nuestro medio informativo publicado desde Hermosillo, Sonora. %\" \/>\n<meta name=\"robots\" content=\"index, follow, max-snippet:-1, max-image-preview:large, max-video-preview:-1\" \/>\n<link rel=\"canonical\" href=\"https:\/\/www.sonoraenequipo.com.mx\/apremia-gobernacion-al-juicio-politico-contra-el-juez-de-la-peza\/\" \/>\n<meta property=\"og:locale\" content=\"es_ES\" \/>\n<meta property=\"og:type\" content=\"article\" \/>\n<meta property=\"og:title\" content=\"Sonora en Equipo. Apremia Gobernaci\u00f3n al juicio pol\u00edtico contra el juez De la Peza Rep\u00fablica\" \/>\n<meta property=\"og:description\" content=\"CIUDAD DE M\u00c9XICO. MX. \u2014 Ayer acudi\u00f3 a la C\u00e1mara de Diputados un representante de la Secretar\u00eda de Gobernaci\u00f3n (SG) para ratificar la petici\u00f3n de juicio En Sonora en Equipo publicamos toda la informaci\u00f3n de Sonora, M\u00e9xico y el Mundo de manera oportuna y busca que la libertad de expresi\u00f3n sea real. Visita nuestro medio informativo publicado desde Hermosillo, Sonora. %\" \/>\n<meta property=\"og:url\" content=\"https:\/\/www.sonoraenequipo.com.mx\/apremia-gobernacion-al-juicio-politico-contra-el-juez-de-la-peza\/\" \/>\n<meta property=\"og:site_name\" content=\"Sonora en Equipo.\" \/>\n<meta property=\"article:publisher\" content=\"https:\/\/www.facebook.com\/SonoraEE\/\" \/>\n<meta property=\"article:author\" content=\"https:\/\/www.facebook.com\/SonoraEE\" \/>\n<meta property=\"article:published_time\" content=\"2024-07-03T18:21:07+00:00\" \/>\n<meta property=\"article:modified_time\" content=\"2024-07-04T02:05:52+00:00\" \/>\n<meta property=\"og:image\" content=\"https:\/\/www.sonoraenequipo.com.mx\/storage\/2024\/07\/Juez-De-la-Peza-min.jpg\" \/>\n\t<meta property=\"og:image:width\" content=\"900\" \/>\n\t<meta property=\"og:image:height\" content=\"506\" \/>\n\t<meta property=\"og:image:type\" content=\"image\/jpeg\" \/>\n<meta name=\"author\" content=\"enequipo\" \/>\n<meta name=\"twitter:card\" content=\"summary_large_image\" \/>\n<meta name=\"twitter:creator\" content=\"@sonoraenequipo\" \/>\n<meta name=\"twitter:site\" content=\"@sonoraenequipo\" \/>\n<meta name=\"twitter:label1\" content=\"Escrito por\" \/>\n\t<meta name=\"twitter:data1\" content=\"enequipo\" \/>\n\t<meta name=\"twitter:label2\" content=\"Tiempo de lectura\" \/>\n\t<meta name=\"twitter:data2\" content=\"2 minutos\" \/>\n<script type=\"application\/ld+json\" class=\"yoast-schema-graph\">{\"@context\":\"https:\/\/schema.org\",\"@graph\":[{\"@type\":\"Article\",\"@id\":\"https:\/\/www.sonoraenequipo.com.mx\/apremia-gobernacion-al-juicio-politico-contra-el-juez-de-la-peza\/#article\",\"isPartOf\":{\"@id\":\"https:\/\/www.sonoraenequipo.com.mx\/apremia-gobernacion-al-juicio-politico-contra-el-juez-de-la-peza\/\"},\"author\":{\"name\":\"enequipo\",\"@id\":\"https:\/\/www.sonoraenequipo.com.mx\/#\/schema\/person\/50102df0fb23a8fa9e8effad8fa81386\"},\"headline\":\"Apremia Gobernaci\u00f3n al juicio pol\u00edtico contra el juez De la Peza\",\"datePublished\":\"2024-07-03T18:21:07+00:00\",\"dateModified\":\"2024-07-04T02:05:52+00:00\",\"mainEntityOfPage\":{\"@id\":\"https:\/\/www.sonoraenequipo.com.mx\/apremia-gobernacion-al-juicio-politico-contra-el-juez-de-la-peza\/\"},\"wordCount\":357,\"commentCount\":0,\"publisher\":{\"@id\":\"https:\/\/www.sonoraenequipo.com.mx\/#organization\"},\"image\":{\"@id\":\"https:\/\/www.sonoraenequipo.com.mx\/apremia-gobernacion-al-juicio-politico-contra-el-juez-de-la-peza\/#primaryimage\"},\"thumbnailUrl\":\"https:\/\/www.sonoraenequipo.com.mx\/storage\/2024\/07\/Juez-De-la-Peza-min.jpg\",\"articleSection\":[\"Rep\u00fablica\"],\"inLanguage\":\"es\",\"potentialAction\":[{\"@type\":\"CommentAction\",\"name\":\"Comment\",\"target\":[\"https:\/\/www.sonoraenequipo.com.mx\/apremia-gobernacion-al-juicio-politico-contra-el-juez-de-la-peza\/#respond\"]}]},{\"@type\":\"WebPage\",\"@id\":\"https:\/\/www.sonoraenequipo.com.mx\/apremia-gobernacion-al-juicio-politico-contra-el-juez-de-la-peza\/\",\"url\":\"https:\/\/www.sonoraenequipo.com.mx\/apremia-gobernacion-al-juicio-politico-contra-el-juez-de-la-peza\/\",\"name\":\"Sonora en Equipo. Apremia Gobernaci\u00f3n al juicio pol\u00edtico contra el juez De la Peza Rep\u00fablica\",\"isPartOf\":{\"@id\":\"https:\/\/www.sonoraenequipo.com.mx\/#website\"},\"primaryImageOfPage\":{\"@id\":\"https:\/\/www.sonoraenequipo.com.mx\/apremia-gobernacion-al-juicio-politico-contra-el-juez-de-la-peza\/#primaryimage\"},\"image\":{\"@id\":\"https:\/\/www.sonoraenequipo.com.mx\/apremia-gobernacion-al-juicio-politico-contra-el-juez-de-la-peza\/#primaryimage\"},\"thumbnailUrl\":\"https:\/\/www.sonoraenequipo.com.mx\/storage\/2024\/07\/Juez-De-la-Peza-min.jpg\",\"datePublished\":\"2024-07-03T18:21:07+00:00\",\"dateModified\":\"2024-07-04T02:05:52+00:00\",\"description\":\"CIUDAD DE M\u00c9XICO. MX. \u2014 Ayer acudi\u00f3 a la C\u00e1mara de Diputados un representante de la Secretar\u00eda de Gobernaci\u00f3n (SG) para ratificar la petici\u00f3n de juicio En Sonora en Equipo publicamos toda la informaci\u00f3n de Sonora, M\u00e9xico y el Mundo de manera oportuna y busca que la libertad de expresi\u00f3n sea real. Visita nuestro medio informativo publicado desde Hermosillo, Sonora. %\",\"breadcrumb\":{\"@id\":\"https:\/\/www.sonoraenequipo.com.mx\/apremia-gobernacion-al-juicio-politico-contra-el-juez-de-la-peza\/#breadcrumb\"},\"inLanguage\":\"es\",\"potentialAction\":[{\"@type\":\"ReadAction\",\"target\":[\"https:\/\/www.sonoraenequipo.com.mx\/apremia-gobernacion-al-juicio-politico-contra-el-juez-de-la-peza\/\"]}]},{\"@type\":\"ImageObject\",\"inLanguage\":\"es\",\"@id\":\"https:\/\/www.sonoraenequipo.com.mx\/apremia-gobernacion-al-juicio-politico-contra-el-juez-de-la-peza\/#primaryimage\",\"url\":\"https:\/\/www.sonoraenequipo.com.mx\/storage\/2024\/07\/Juez-De-la-Peza-min.jpg\",\"contentUrl\":\"https:\/\/www.sonoraenequipo.com.mx\/storage\/2024\/07\/Juez-De-la-Peza-min.jpg\",\"width\":900,\"height\":506},{\"@type\":\"BreadcrumbList\",\"@id\":\"https:\/\/www.sonoraenequipo.com.mx\/apremia-gobernacion-al-juicio-politico-contra-el-juez-de-la-peza\/#breadcrumb\",\"itemListElement\":[{\"@type\":\"ListItem\",\"position\":1,\"name\":\"Portada\",\"item\":\"https:\/\/www.sonoraenequipo.com.mx\/\"},{\"@type\":\"ListItem\",\"position\":2,\"name\":\"Apremia Gobernaci\u00f3n al juicio pol\u00edtico contra el juez De la Peza\"}]},{\"@type\":\"WebSite\",\"@id\":\"https:\/\/www.sonoraenequipo.com.mx\/#website\",\"url\":\"https:\/\/www.sonoraenequipo.com.mx\/\",\"name\":\"Sonora en Equipo.\",\"description\":\"Diario en l\u00ednea con Noticias desde Hermosillo, Sonora\",\"publisher\":{\"@id\":\"https:\/\/www.sonoraenequipo.com.mx\/#organization\"},\"potentialAction\":[{\"@type\":\"SearchAction\",\"target\":{\"@type\":\"EntryPoint\",\"urlTemplate\":\"https:\/\/www.sonoraenequipo.com.mx\/?s={search_term_string}\"},\"query-input\":{\"@type\":\"PropertyValueSpecification\",\"valueRequired\":true,\"valueName\":\"search_term_string\"}}],\"inLanguage\":\"es\"},{\"@type\":\"Organization\",\"@id\":\"https:\/\/www.sonoraenequipo.com.mx\/#organization\",\"name\":\"Sonoraenequipo.com.mx\",\"url\":\"https:\/\/www.sonoraenequipo.com.mx\/\",\"logo\":{\"@type\":\"ImageObject\",\"inLanguage\":\"es\",\"@id\":\"https:\/\/www.sonoraenequipo.com.mx\/#\/schema\/logo\/image\/\",\"url\":\"https:\/\/www.sonoraenequipo.com.mx\/storage\/2019\/01\/sonoraenequipo_opt.png\",\"contentUrl\":\"https:\/\/www.sonoraenequipo.com.mx\/storage\/2019\/01\/sonoraenequipo_opt.png\",\"width\":375,\"height\":125,\"caption\":\"Sonoraenequipo.com.mx\"},\"image\":{\"@id\":\"https:\/\/www.sonoraenequipo.com.mx\/#\/schema\/logo\/image\/\"},\"sameAs\":[\"https:\/\/www.facebook.com\/SonoraEE\/\",\"https:\/\/x.com\/sonoraenequipo\",\"https:\/\/www.youtube.com\/channel\/UC338nW-lPEYmJQs4ZABQ1SQ\"]},{\"@type\":\"Person\",\"@id\":\"https:\/\/www.sonoraenequipo.com.mx\/#\/schema\/person\/50102df0fb23a8fa9e8effad8fa81386\",\"name\":\"enequipo\",\"image\":{\"@type\":\"ImageObject\",\"inLanguage\":\"es\",\"@id\":\"https:\/\/www.sonoraenequipo.com.mx\/#\/schema\/person\/image\/\",\"url\":\"https:\/\/secure.gravatar.com\/avatar\/049821681b589dabc0bc20695993ccebb09f5b5d4d790cd9251b97faac7c652b?s=96&d=blank&r=g\",\"contentUrl\":\"https:\/\/secure.gravatar.com\/avatar\/049821681b589dabc0bc20695993ccebb09f5b5d4d790cd9251b97faac7c652b?s=96&d=blank&r=g\",\"caption\":\"enequipo\"},\"sameAs\":[\"https:\/\/www.facebook.com\/SonoraEE\"]}]}<\/script>\n ","yoast_head_json":{"title":"Sonora en Equipo. Apremia Gobernaci\u00f3n al juicio pol\u00edtico contra el juez De la Peza Rep\u00fablica","description":"CIUDAD DE M\u00c9XICO. MX. \u2014 Ayer acudi\u00f3 a la C\u00e1mara de Diputados un representante de la Secretar\u00eda de Gobernaci\u00f3n (SG) para ratificar la petici\u00f3n de juicio En Sonora en Equipo publicamos toda la informaci\u00f3n de Sonora, M\u00e9xico y el Mundo de manera oportuna y busca que la libertad de expresi\u00f3n sea real. Visita nuestro medio informativo publicado desde Hermosillo, Sonora. %","robots":{"index":"index","follow":"follow","max-snippet":"max-snippet:-1","max-image-preview":"max-image-preview:large","max-video-preview":"max-video-preview:-1"},"canonical":"https:\/\/www.sonoraenequipo.com.mx\/apremia-gobernacion-al-juicio-politico-contra-el-juez-de-la-peza\/","og_locale":"es_ES","og_type":"article","og_title":"Sonora en Equipo. Apremia Gobernaci\u00f3n al juicio pol\u00edtico contra el juez De la Peza Rep\u00fablica","og_description":"CIUDAD DE M\u00c9XICO. MX. \u2014 Ayer acudi\u00f3 a la C\u00e1mara de Diputados un representante de la Secretar\u00eda de Gobernaci\u00f3n (SG) para ratificar la petici\u00f3n de juicio En Sonora en Equipo publicamos toda la informaci\u00f3n de Sonora, M\u00e9xico y el Mundo de manera oportuna y busca que la libertad de expresi\u00f3n sea real. Visita nuestro medio informativo publicado desde Hermosillo, Sonora. %","og_url":"https:\/\/www.sonoraenequipo.com.mx\/apremia-gobernacion-al-juicio-politico-contra-el-juez-de-la-peza\/","og_site_name":"Sonora en Equipo.","article_publisher":"https:\/\/www.facebook.com\/SonoraEE\/","article_author":"https:\/\/www.facebook.com\/SonoraEE","article_published_time":"2024-07-03T18:21:07+00:00","article_modified_time":"2024-07-04T02:05:52+00:00","og_image":[{"width":900,"height":506,"url":"https:\/\/www.sonoraenequipo.com.mx\/storage\/2024\/07\/Juez-De-la-Peza-min.jpg","type":"image\/jpeg"}],"author":"enequipo","twitter_card":"summary_large_image","twitter_creator":"@sonoraenequipo","twitter_site":"@sonoraenequipo","twitter_misc":{"Escrito por":"enequipo","Tiempo de lectura":"2 minutos"},"schema":{"@context":"https:\/\/schema.org","@graph":[{"@type":"Article","@id":"https:\/\/www.sonoraenequipo.com.mx\/apremia-gobernacion-al-juicio-politico-contra-el-juez-de-la-peza\/#article","isPartOf":{"@id":"https:\/\/www.sonoraenequipo.com.mx\/apremia-gobernacion-al-juicio-politico-contra-el-juez-de-la-peza\/"},"author":{"name":"enequipo","@id":"https:\/\/www.sonoraenequipo.com.mx\/#\/schema\/person\/50102df0fb23a8fa9e8effad8fa81386"},"headline":"Apremia Gobernaci\u00f3n al juicio pol\u00edtico contra el juez De la Peza","datePublished":"2024-07-03T18:21:07+00:00","dateModified":"2024-07-04T02:05:52+00:00","mainEntityOfPage":{"@id":"https:\/\/www.sonoraenequipo.com.mx\/apremia-gobernacion-al-juicio-politico-contra-el-juez-de-la-peza\/"},"wordCount":357,"commentCount":0,"publisher":{"@id":"https:\/\/www.sonoraenequipo.com.mx\/#organization"},"image":{"@id":"https:\/\/www.sonoraenequipo.com.mx\/apremia-gobernacion-al-juicio-politico-contra-el-juez-de-la-peza\/#primaryimage"},"thumbnailUrl":"https:\/\/www.sonoraenequipo.com.mx\/storage\/2024\/07\/Juez-De-la-Peza-min.jpg","articleSection":["Rep\u00fablica"],"inLanguage":"es","potentialAction":[{"@type":"CommentAction","name":"Comment","target":["https:\/\/www.sonoraenequipo.com.mx\/apremia-gobernacion-al-juicio-politico-contra-el-juez-de-la-peza\/#respond"]}]},{"@type":"WebPage","@id":"https:\/\/www.sonoraenequipo.com.mx\/apremia-gobernacion-al-juicio-politico-contra-el-juez-de-la-peza\/","url":"https:\/\/www.sonoraenequipo.com.mx\/apremia-gobernacion-al-juicio-politico-contra-el-juez-de-la-peza\/","name":"Sonora en Equipo. Apremia Gobernaci\u00f3n al juicio pol\u00edtico contra el juez De la Peza Rep\u00fablica","isPartOf":{"@id":"https:\/\/www.sonoraenequipo.com.mx\/#website"},"primaryImageOfPage":{"@id":"https:\/\/www.sonoraenequipo.com.mx\/apremia-gobernacion-al-juicio-politico-contra-el-juez-de-la-peza\/#primaryimage"},"image":{"@id":"https:\/\/www.sonoraenequipo.com.mx\/apremia-gobernacion-al-juicio-politico-contra-el-juez-de-la-peza\/#primaryimage"},"thumbnailUrl":"https:\/\/www.sonoraenequipo.com.mx\/storage\/2024\/07\/Juez-De-la-Peza-min.jpg","datePublished":"2024-07-03T18:21:07+00:00","dateModified":"2024-07-04T02:05:52+00:00","description":"CIUDAD DE M\u00c9XICO. MX. \u2014 Ayer acudi\u00f3 a la C\u00e1mara de Diputados un representante de la Secretar\u00eda de Gobernaci\u00f3n (SG) para ratificar la petici\u00f3n de juicio En Sonora en Equipo publicamos toda la informaci\u00f3n de Sonora, M\u00e9xico y el Mundo de manera oportuna y busca que la libertad de expresi\u00f3n sea real. Visita nuestro medio informativo publicado desde Hermosillo, Sonora. %","breadcrumb":{"@id":"https:\/\/www.sonoraenequipo.com.mx\/apremia-gobernacion-al-juicio-politico-contra-el-juez-de-la-peza\/#breadcrumb"},"inLanguage":"es","potentialAction":[{"@type":"ReadAction","target":["https:\/\/www.sonoraenequipo.com.mx\/apremia-gobernacion-al-juicio-politico-contra-el-juez-de-la-peza\/"]}]},{"@type":"ImageObject","inLanguage":"es","@id":"https:\/\/www.sonoraenequipo.com.mx\/apremia-gobernacion-al-juicio-politico-contra-el-juez-de-la-peza\/#primaryimage","url":"https:\/\/www.sonoraenequipo.com.mx\/storage\/2024\/07\/Juez-De-la-Peza-min.jpg","contentUrl":"https:\/\/www.sonoraenequipo.com.mx\/storage\/2024\/07\/Juez-De-la-Peza-min.jpg","width":900,"height":506},{"@type":"BreadcrumbList","@id":"https:\/\/www.sonoraenequipo.com.mx\/apremia-gobernacion-al-juicio-politico-contra-el-juez-de-la-peza\/#breadcrumb","itemListElement":[{"@type":"ListItem","position":1,"name":"Portada","item":"https:\/\/www.sonoraenequipo.com.mx\/"},{"@type":"ListItem","position":2,"name":"Apremia Gobernaci\u00f3n al juicio pol\u00edtico contra el juez De la Peza"}]},{"@type":"WebSite","@id":"https:\/\/www.sonoraenequipo.com.mx\/#website","url":"https:\/\/www.sonoraenequipo.com.mx\/","name":"Sonora en Equipo.","description":"Diario en l\u00ednea con Noticias desde Hermosillo, Sonora","publisher":{"@id":"https:\/\/www.sonoraenequipo.com.mx\/#organization"},"potentialAction":[{"@type":"SearchAction","target":{"@type":"EntryPoint","urlTemplate":"https:\/\/www.sonoraenequipo.com.mx\/?s={search_term_string}"},"query-input":{"@type":"PropertyValueSpecification","valueRequired":true,"valueName":"search_term_string"}}],"inLanguage":"es"},{"@type":"Organization","@id":"https:\/\/www.sonoraenequipo.com.mx\/#organization","name":"Sonoraenequipo.com.mx","url":"https:\/\/www.sonoraenequipo.com.mx\/","logo":{"@type":"ImageObject","inLanguage":"es","@id":"https:\/\/www.sonoraenequipo.com.mx\/#\/schema\/logo\/image\/","url":"https:\/\/www.sonoraenequipo.com.mx\/storage\/2019\/01\/sonoraenequipo_opt.png","contentUrl":"https:\/\/www.sonoraenequipo.com.mx\/storage\/2019\/01\/sonoraenequipo_opt.png","width":375,"height":125,"caption":"Sonoraenequipo.com.mx"},"image":{"@id":"https:\/\/www.sonoraenequipo.com.mx\/#\/schema\/logo\/image\/"},"sameAs":["https:\/\/www.facebook.com\/SonoraEE\/","https:\/\/x.com\/sonoraenequipo","https:\/\/www.youtube.com\/channel\/UC338nW-lPEYmJQs4ZABQ1SQ"]},{"@type":"Person","@id":"https:\/\/www.sonoraenequipo.com.mx\/#\/schema\/person\/50102df0fb23a8fa9e8effad8fa81386","name":"enequipo","image":{"@type":"ImageObject","inLanguage":"es","@id":"https:\/\/www.sonoraenequipo.com.mx\/#\/schema\/person\/image\/","url":"https:\/\/secure.gravatar.com\/avatar\/049821681b589dabc0bc20695993ccebb09f5b5d4d790cd9251b97faac7c652b?s=96&d=blank&r=g","contentUrl":"https:\/\/secure.gravatar.com\/avatar\/049821681b589dabc0bc20695993ccebb09f5b5d4d790cd9251b97faac7c652b?s=96&d=blank&r=g","caption":"enequipo"},"sameAs":["https:\/\/www.facebook.com\/SonoraEE"]}]}},"jetpack_featured_media_url":"https:\/\/www.sonoraenequipo.com.mx\/storage\/2024\/07\/Juez-De-la-Peza-min.jpg","_links":{"self":[{"href":"https:\/\/www.sonoraenequipo.com.mx\/api\/wp\/v2\/posts\/193676","targetHints":{"allow":["GET"]}}],"collection":[{"href":"https:\/\/www.sonoraenequipo.com.mx\/api\/wp\/v2\/posts"}],"about":[{"href":"https:\/\/www.sonoraenequipo.com.mx\/api\/wp\/v2\/types\/post"}],"author":[{"embeddable":true,"href":"https:\/\/www.sonoraenequipo.com.mx\/api\/wp\/v2\/users\/1"}],"replies":[{"embeddable":true,"href":"https:\/\/www.sonoraenequipo.com.mx\/api\/wp\/v2\/comments?post=193676"}],"version-history":[{"count":1,"href":"https:\/\/www.sonoraenequipo.com.mx\/api\/wp\/v2\/posts\/193676\/revisions"}],"predecessor-version":[{"id":193677,"href":"https:\/\/www.sonoraenequipo.com.mx\/api\/wp\/v2\/posts\/193676\/revisions\/193677"}],"wp:featuredmedia":[{"embeddable":true,"href":"https:\/\/www.sonoraenequipo.com.mx\/api\/wp\/v2\/media\/193665"}],"wp:attachment":[{"href":"https:\/\/www.sonoraenequipo.com.mx\/api\/wp\/v2\/media?parent=193676"}],"wp:term":[{"taxonomy":"category","embeddable":true,"href":"https:\/\/www.sonoraenequipo.com.mx\/api\/wp\/v2\/categories?post=193676"},{"taxonomy":"post_tag","embeddable":true,"href":"https:\/\/www.sonoraenequipo.com.mx\/api\/wp\/v2\/tags?post=193676"}],"curies":[{"name":"wp","href":"https:\/\/api.w.org\/{rel}","templated":true}]}}