{"id":193686,"date":"2024-07-03T19:39:12","date_gmt":"2024-07-04T02:39:12","guid":{"rendered":"https:\/\/www.sonoraenequipo.com.mx\/?p=193686"},"modified":"2024-07-03T19:39:12","modified_gmt":"2024-07-04T02:39:12","slug":"dan-condena-de-15-anos-a-sujeto-por-tentativa-de-feminicidio-contra-su-hermana","status":"publish","type":"post","link":"https:\/\/www.sonoraenequipo.com.mx\/dan-condena-de-15-anos-a-sujeto-por-tentativa-de-feminicidio-contra-su-hermana\/","title":{"rendered":"Dan condena de 15 a\u00f1os a sujeto por tentativa de feminicidio contra su hermana"},"content":{"rendered":"<p><strong>CAJEME, SONORA, MX.<\/strong><strong> \u0336 \u0336\u00a0 <\/strong>Las investigaciones realizadas con perspectiva de g\u00e9nero por la Fiscal\u00eda General de Justicia del Estado de Sonora (FGJES) llevaron a un Juez a dictar una condena de 15 a\u00f1os de prisi\u00f3n para Luis y\/o Luis Rey \u201cN\u201d, de 51 a\u00f1os, por su responsabilidad en la tentativa de feminicidio contra su hermana Fidelia \u201cN\u201d, de 62 a\u00f1os.<\/p>\n<p>&nbsp;<\/p>\n<p>Con s\u00f3lidas pruebas se comprob\u00f3 que el sujeto arrib\u00f3 el 12 de agosto de 2023, alrededor de las 17:35 horas, a un domicilio ubicado en la comunidad Yaqui en Loma de Guam\u00fachil, municipio de Cajeme, y se dirigi\u00f3 hasta donde estaba la se\u00f1ora.<\/p>\n<p>&nbsp;<\/p>\n<p>El sujeto sac\u00f3 un arma de fuego hechiza y dispar\u00f3 contra la mujer, hiri\u00e9ndola en el abdomen. Este acto, claramente tendente a privarla de la vida, no logr\u00f3 su cometido gracias a la intervenci\u00f3n del yerno de la v\u00edctima y a la oportuna atenci\u00f3n m\u00e9dica que ella recibi\u00f3.<\/p>\n<p>&nbsp;<\/p>\n<p>Derivado de lo anterior, Luis y\/o Luis Rey \u201cN\u201d fue detenido por oficiales de la Polic\u00eda Estatal de Seguridad P\u00fablica (PESP), quienes lo pusieron a disposici\u00f3n del agente del Ministerio P\u00fablico, quien integr\u00f3 la respectiva carpeta de investigaci\u00f3n, lo que deriv\u00f3 en la sentencia condenatoria.<\/p>\n<p>&nbsp;<\/p>\n<p>La Fiscal\u00eda General de Justicia del Estado de Sonora (FGJES) reafirma su compromiso de llevar ante los tribunales a los responsables de los delitos de g\u00e9nero y buscar, con pruebas s\u00f3lidas, condenas ejemplares para garantizar a las mujeres una vida libre de violencia.<\/p>\n<p><strong>Fecha de publicaci\u00f3n mi\u00e9rcoles 3 de julio \u00a0de 2024<\/strong><\/p>\n<p>&nbsp;<\/p>\n","protected":false},"excerpt":{"rendered":"<p>CAJEME, SONORA, MX. \u0336 \u0336\u00a0 Las investigaciones realizadas con perspectiva de g\u00e9nero por la Fiscal\u00eda&#8230;<\/p>\n","protected":false},"author":1,"featured_media":193689,"comment_status":"open","ping_status":"open","sticky":false,"template":"","format":"standard","meta":{"_monsterinsights_skip_tracking":false,"_monsterinsights_sitenote_active":false,"_monsterinsights_sitenote_note":"","_monsterinsights_sitenote_category":0,"footnotes":""},"categories":[3144],"tags":[9928,9929],"class_list":["post"],"yoast_head":" \n<title>Sonora en Equipo. Dan condena de 15 a\u00f1os a sujeto por tentativa de feminicidio contra su hermana Polic\u00edaca<\/title>\n<meta name=\"description\" content=\"CAJEME, SONORA, MX. \u0336 \u0336\u00a0 Las investigaciones realizadas con perspectiva de g\u00e9nero por la Fiscal\u00eda General de Justicia del Estado de Sonora (FGJES) En Sonora en Equipo publicamos toda la informaci\u00f3n de Sonora, M\u00e9xico y el Mundo de manera oportuna y busca que la libertad de expresi\u00f3n sea real. Visita nuestro medio informativo publicado desde Hermosillo, Sonora. %\" \/>\n<meta name=\"robots\" content=\"index, follow, max-snippet:-1, max-image-preview:large, max-video-preview:-1\" \/>\n<link rel=\"canonical\" href=\"https:\/\/www.sonoraenequipo.com.mx\/dan-condena-de-15-anos-a-sujeto-por-tentativa-de-feminicidio-contra-su-hermana\/\" \/>\n<meta property=\"og:locale\" content=\"es_ES\" \/>\n<meta property=\"og:type\" content=\"article\" \/>\n<meta property=\"og:title\" content=\"Sonora en Equipo. Dan condena de 15 a\u00f1os a sujeto por tentativa de feminicidio contra su hermana Polic\u00edaca\" \/>\n<meta property=\"og:description\" content=\"CAJEME, SONORA, MX. \u0336 \u0336\u00a0 Las investigaciones realizadas con perspectiva de g\u00e9nero por la Fiscal\u00eda General de Justicia del Estado de Sonora (FGJES) En Sonora en Equipo publicamos toda la informaci\u00f3n de Sonora, M\u00e9xico y el Mundo de manera oportuna y busca que la libertad de expresi\u00f3n sea real. Visita nuestro medio informativo publicado desde Hermosillo, Sonora. %\" \/>\n<meta property=\"og:url\" content=\"https:\/\/www.sonoraenequipo.com.mx\/dan-condena-de-15-anos-a-sujeto-por-tentativa-de-feminicidio-contra-su-hermana\/\" \/>\n<meta property=\"og:site_name\" content=\"Sonora en Equipo.\" \/>\n<meta property=\"article:publisher\" content=\"https:\/\/www.facebook.com\/SonoraEE\/\" \/>\n<meta property=\"article:author\" content=\"https:\/\/www.facebook.com\/SonoraEE\" \/>\n<meta property=\"article:published_time\" content=\"2024-07-04T02:39:12+00:00\" \/>\n<meta property=\"og:image\" content=\"https:\/\/www.sonoraenequipo.com.mx\/storage\/2024\/07\/luis-rey.jpg\" \/>\n\t<meta property=\"og:image:width\" content=\"800\" \/>\n\t<meta property=\"og:image:height\" content=\"600\" \/>\n\t<meta property=\"og:image:type\" content=\"image\/jpeg\" \/>\n<meta name=\"author\" content=\"enequipo\" \/>\n<meta name=\"twitter:card\" content=\"summary_large_image\" \/>\n<meta name=\"twitter:creator\" content=\"@sonoraenequipo\" \/>\n<meta name=\"twitter:site\" content=\"@sonoraenequipo\" \/>\n<meta name=\"twitter:label1\" content=\"Escrito por\" \/>\n\t<meta name=\"twitter:data1\" content=\"enequipo\" \/>\n\t<meta name=\"twitter:label2\" content=\"Tiempo de lectura\" \/>\n\t<meta name=\"twitter:data2\" content=\"1 minuto\" \/>\n<script type=\"application\/ld+json\" class=\"yoast-schema-graph\">{\"@context\":\"https:\/\/schema.org\",\"@graph\":[{\"@type\":\"Article\",\"@id\":\"https:\/\/www.sonoraenequipo.com.mx\/dan-condena-de-15-anos-a-sujeto-por-tentativa-de-feminicidio-contra-su-hermana\/#article\",\"isPartOf\":{\"@id\":\"https:\/\/www.sonoraenequipo.com.mx\/dan-condena-de-15-anos-a-sujeto-por-tentativa-de-feminicidio-contra-su-hermana\/\"},\"author\":{\"name\":\"enequipo\",\"@id\":\"https:\/\/www.sonoraenequipo.com.mx\/#\/schema\/person\/50102df0fb23a8fa9e8effad8fa81386\"},\"headline\":\"Dan condena de 15 a\u00f1os a sujeto por tentativa de feminicidio contra su hermana\",\"datePublished\":\"2024-07-04T02:39:12+00:00\",\"mainEntityOfPage\":{\"@id\":\"https:\/\/www.sonoraenequipo.com.mx\/dan-condena-de-15-anos-a-sujeto-por-tentativa-de-feminicidio-contra-su-hermana\/\"},\"wordCount\":284,\"commentCount\":0,\"publisher\":{\"@id\":\"https:\/\/www.sonoraenequipo.com.mx\/#organization\"},\"image\":{\"@id\":\"https:\/\/www.sonoraenequipo.com.mx\/dan-condena-de-15-anos-a-sujeto-por-tentativa-de-feminicidio-contra-su-hermana\/#primaryimage\"},\"thumbnailUrl\":\"https:\/\/www.sonoraenequipo.com.mx\/storage\/2024\/07\/luis-rey.jpg\",\"keywords\":[\"feminicida\",\"Luis N\"],\"articleSection\":[\"Polic\u00edaca\"],\"inLanguage\":\"es\",\"potentialAction\":[{\"@type\":\"CommentAction\",\"name\":\"Comment\",\"target\":[\"https:\/\/www.sonoraenequipo.com.mx\/dan-condena-de-15-anos-a-sujeto-por-tentativa-de-feminicidio-contra-su-hermana\/#respond\"]}]},{\"@type\":\"WebPage\",\"@id\":\"https:\/\/www.sonoraenequipo.com.mx\/dan-condena-de-15-anos-a-sujeto-por-tentativa-de-feminicidio-contra-su-hermana\/\",\"url\":\"https:\/\/www.sonoraenequipo.com.mx\/dan-condena-de-15-anos-a-sujeto-por-tentativa-de-feminicidio-contra-su-hermana\/\",\"name\":\"Sonora en Equipo. Dan condena de 15 a\u00f1os a sujeto por tentativa de feminicidio contra su hermana Polic\u00edaca\",\"isPartOf\":{\"@id\":\"https:\/\/www.sonoraenequipo.com.mx\/#website\"},\"primaryImageOfPage\":{\"@id\":\"https:\/\/www.sonoraenequipo.com.mx\/dan-condena-de-15-anos-a-sujeto-por-tentativa-de-feminicidio-contra-su-hermana\/#primaryimage\"},\"image\":{\"@id\":\"https:\/\/www.sonoraenequipo.com.mx\/dan-condena-de-15-anos-a-sujeto-por-tentativa-de-feminicidio-contra-su-hermana\/#primaryimage\"},\"thumbnailUrl\":\"https:\/\/www.sonoraenequipo.com.mx\/storage\/2024\/07\/luis-rey.jpg\",\"datePublished\":\"2024-07-04T02:39:12+00:00\",\"description\":\"CAJEME, SONORA, MX. \u0336 \u0336\u00a0 Las investigaciones realizadas con perspectiva de g\u00e9nero por la Fiscal\u00eda General de Justicia del Estado de Sonora (FGJES) En Sonora en Equipo publicamos toda la informaci\u00f3n de Sonora, M\u00e9xico y el Mundo de manera oportuna y busca que la libertad de expresi\u00f3n sea real. Visita nuestro medio informativo publicado desde Hermosillo, Sonora. %\",\"breadcrumb\":{\"@id\":\"https:\/\/www.sonoraenequipo.com.mx\/dan-condena-de-15-anos-a-sujeto-por-tentativa-de-feminicidio-contra-su-hermana\/#breadcrumb\"},\"inLanguage\":\"es\",\"potentialAction\":[{\"@type\":\"ReadAction\",\"target\":[\"https:\/\/www.sonoraenequipo.com.mx\/dan-condena-de-15-anos-a-sujeto-por-tentativa-de-feminicidio-contra-su-hermana\/\"]}]},{\"@type\":\"ImageObject\",\"inLanguage\":\"es\",\"@id\":\"https:\/\/www.sonoraenequipo.com.mx\/dan-condena-de-15-anos-a-sujeto-por-tentativa-de-feminicidio-contra-su-hermana\/#primaryimage\",\"url\":\"https:\/\/www.sonoraenequipo.com.mx\/storage\/2024\/07\/luis-rey.jpg\",\"contentUrl\":\"https:\/\/www.sonoraenequipo.com.mx\/storage\/2024\/07\/luis-rey.jpg\",\"width\":800,\"height\":600},{\"@type\":\"BreadcrumbList\",\"@id\":\"https:\/\/www.sonoraenequipo.com.mx\/dan-condena-de-15-anos-a-sujeto-por-tentativa-de-feminicidio-contra-su-hermana\/#breadcrumb\",\"itemListElement\":[{\"@type\":\"ListItem\",\"position\":1,\"name\":\"Portada\",\"item\":\"https:\/\/www.sonoraenequipo.com.mx\/\"},{\"@type\":\"ListItem\",\"position\":2,\"name\":\"Dan condena de 15 a\u00f1os a sujeto por tentativa de feminicidio contra su hermana\"}]},{\"@type\":\"WebSite\",\"@id\":\"https:\/\/www.sonoraenequipo.com.mx\/#website\",\"url\":\"https:\/\/www.sonoraenequipo.com.mx\/\",\"name\":\"Sonora en Equipo.\",\"description\":\"Diario en l\u00ednea con Noticias desde Hermosillo, Sonora\",\"publisher\":{\"@id\":\"https:\/\/www.sonoraenequipo.com.mx\/#organization\"},\"potentialAction\":[{\"@type\":\"SearchAction\",\"target\":{\"@type\":\"EntryPoint\",\"urlTemplate\":\"https:\/\/www.sonoraenequipo.com.mx\/?s={search_term_string}\"},\"query-input\":{\"@type\":\"PropertyValueSpecification\",\"valueRequired\":true,\"valueName\":\"search_term_string\"}}],\"inLanguage\":\"es\"},{\"@type\":\"Organization\",\"@id\":\"https:\/\/www.sonoraenequipo.com.mx\/#organization\",\"name\":\"Sonoraenequipo.com.mx\",\"url\":\"https:\/\/www.sonoraenequipo.com.mx\/\",\"logo\":{\"@type\":\"ImageObject\",\"inLanguage\":\"es\",\"@id\":\"https:\/\/www.sonoraenequipo.com.mx\/#\/schema\/logo\/image\/\",\"url\":\"https:\/\/www.sonoraenequipo.com.mx\/storage\/2019\/01\/sonoraenequipo_opt.png\",\"contentUrl\":\"https:\/\/www.sonoraenequipo.com.mx\/storage\/2019\/01\/sonoraenequipo_opt.png\",\"width\":375,\"height\":125,\"caption\":\"Sonoraenequipo.com.mx\"},\"image\":{\"@id\":\"https:\/\/www.sonoraenequipo.com.mx\/#\/schema\/logo\/image\/\"},\"sameAs\":[\"https:\/\/www.facebook.com\/SonoraEE\/\",\"https:\/\/x.com\/sonoraenequipo\",\"https:\/\/www.youtube.com\/channel\/UC338nW-lPEYmJQs4ZABQ1SQ\"]},{\"@type\":\"Person\",\"@id\":\"https:\/\/www.sonoraenequipo.com.mx\/#\/schema\/person\/50102df0fb23a8fa9e8effad8fa81386\",\"name\":\"enequipo\",\"image\":{\"@type\":\"ImageObject\",\"inLanguage\":\"es\",\"@id\":\"https:\/\/www.sonoraenequipo.com.mx\/#\/schema\/person\/image\/\",\"url\":\"https:\/\/secure.gravatar.com\/avatar\/049821681b589dabc0bc20695993ccebb09f5b5d4d790cd9251b97faac7c652b?s=96&d=blank&r=g\",\"contentUrl\":\"https:\/\/secure.gravatar.com\/avatar\/049821681b589dabc0bc20695993ccebb09f5b5d4d790cd9251b97faac7c652b?s=96&d=blank&r=g\",\"caption\":\"enequipo\"},\"sameAs\":[\"https:\/\/www.facebook.com\/SonoraEE\"]}]}<\/script>\n ","yoast_head_json":{"title":"Sonora en Equipo. Dan condena de 15 a\u00f1os a sujeto por tentativa de feminicidio contra su hermana Polic\u00edaca","description":"CAJEME, SONORA, MX. \u0336 \u0336\u00a0 Las investigaciones realizadas con perspectiva de g\u00e9nero por la Fiscal\u00eda General de Justicia del Estado de Sonora (FGJES) En Sonora en Equipo publicamos toda la informaci\u00f3n de Sonora, M\u00e9xico y el Mundo de manera oportuna y busca que la libertad de expresi\u00f3n sea real. Visita nuestro medio informativo publicado desde Hermosillo, Sonora. %","robots":{"index":"index","follow":"follow","max-snippet":"max-snippet:-1","max-image-preview":"max-image-preview:large","max-video-preview":"max-video-preview:-1"},"canonical":"https:\/\/www.sonoraenequipo.com.mx\/dan-condena-de-15-anos-a-sujeto-por-tentativa-de-feminicidio-contra-su-hermana\/","og_locale":"es_ES","og_type":"article","og_title":"Sonora en Equipo. Dan condena de 15 a\u00f1os a sujeto por tentativa de feminicidio contra su hermana Polic\u00edaca","og_description":"CAJEME, SONORA, MX. \u0336 \u0336\u00a0 Las investigaciones realizadas con perspectiva de g\u00e9nero por la Fiscal\u00eda General de Justicia del Estado de Sonora (FGJES) En Sonora en Equipo publicamos toda la informaci\u00f3n de Sonora, M\u00e9xico y el Mundo de manera oportuna y busca que la libertad de expresi\u00f3n sea real. Visita nuestro medio informativo publicado desde Hermosillo, Sonora. %","og_url":"https:\/\/www.sonoraenequipo.com.mx\/dan-condena-de-15-anos-a-sujeto-por-tentativa-de-feminicidio-contra-su-hermana\/","og_site_name":"Sonora en Equipo.","article_publisher":"https:\/\/www.facebook.com\/SonoraEE\/","article_author":"https:\/\/www.facebook.com\/SonoraEE","article_published_time":"2024-07-04T02:39:12+00:00","og_image":[{"width":800,"height":600,"url":"https:\/\/www.sonoraenequipo.com.mx\/storage\/2024\/07\/luis-rey.jpg","type":"image\/jpeg"}],"author":"enequipo","twitter_card":"summary_large_image","twitter_creator":"@sonoraenequipo","twitter_site":"@sonoraenequipo","twitter_misc":{"Escrito por":"enequipo","Tiempo de lectura":"1 minuto"},"schema":{"@context":"https:\/\/schema.org","@graph":[{"@type":"Article","@id":"https:\/\/www.sonoraenequipo.com.mx\/dan-condena-de-15-anos-a-sujeto-por-tentativa-de-feminicidio-contra-su-hermana\/#article","isPartOf":{"@id":"https:\/\/www.sonoraenequipo.com.mx\/dan-condena-de-15-anos-a-sujeto-por-tentativa-de-feminicidio-contra-su-hermana\/"},"author":{"name":"enequipo","@id":"https:\/\/www.sonoraenequipo.com.mx\/#\/schema\/person\/50102df0fb23a8fa9e8effad8fa81386"},"headline":"Dan condena de 15 a\u00f1os a sujeto por tentativa de feminicidio contra su hermana","datePublished":"2024-07-04T02:39:12+00:00","mainEntityOfPage":{"@id":"https:\/\/www.sonoraenequipo.com.mx\/dan-condena-de-15-anos-a-sujeto-por-tentativa-de-feminicidio-contra-su-hermana\/"},"wordCount":284,"commentCount":0,"publisher":{"@id":"https:\/\/www.sonoraenequipo.com.mx\/#organization"},"image":{"@id":"https:\/\/www.sonoraenequipo.com.mx\/dan-condena-de-15-anos-a-sujeto-por-tentativa-de-feminicidio-contra-su-hermana\/#primaryimage"},"thumbnailUrl":"https:\/\/www.sonoraenequipo.com.mx\/storage\/2024\/07\/luis-rey.jpg","keywords":["feminicida","Luis N"],"articleSection":["Polic\u00edaca"],"inLanguage":"es","potentialAction":[{"@type":"CommentAction","name":"Comment","target":["https:\/\/www.sonoraenequipo.com.mx\/dan-condena-de-15-anos-a-sujeto-por-tentativa-de-feminicidio-contra-su-hermana\/#respond"]}]},{"@type":"WebPage","@id":"https:\/\/www.sonoraenequipo.com.mx\/dan-condena-de-15-anos-a-sujeto-por-tentativa-de-feminicidio-contra-su-hermana\/","url":"https:\/\/www.sonoraenequipo.com.mx\/dan-condena-de-15-anos-a-sujeto-por-tentativa-de-feminicidio-contra-su-hermana\/","name":"Sonora en Equipo. Dan condena de 15 a\u00f1os a sujeto por tentativa de feminicidio contra su hermana Polic\u00edaca","isPartOf":{"@id":"https:\/\/www.sonoraenequipo.com.mx\/#website"},"primaryImageOfPage":{"@id":"https:\/\/www.sonoraenequipo.com.mx\/dan-condena-de-15-anos-a-sujeto-por-tentativa-de-feminicidio-contra-su-hermana\/#primaryimage"},"image":{"@id":"https:\/\/www.sonoraenequipo.com.mx\/dan-condena-de-15-anos-a-sujeto-por-tentativa-de-feminicidio-contra-su-hermana\/#primaryimage"},"thumbnailUrl":"https:\/\/www.sonoraenequipo.com.mx\/storage\/2024\/07\/luis-rey.jpg","datePublished":"2024-07-04T02:39:12+00:00","description":"CAJEME, SONORA, MX. \u0336 \u0336\u00a0 Las investigaciones realizadas con perspectiva de g\u00e9nero por la Fiscal\u00eda General de Justicia del Estado de Sonora (FGJES) En Sonora en Equipo publicamos toda la informaci\u00f3n de Sonora, M\u00e9xico y el Mundo de manera oportuna y busca que la libertad de expresi\u00f3n sea real. Visita nuestro medio informativo publicado desde Hermosillo, Sonora. %","breadcrumb":{"@id":"https:\/\/www.sonoraenequipo.com.mx\/dan-condena-de-15-anos-a-sujeto-por-tentativa-de-feminicidio-contra-su-hermana\/#breadcrumb"},"inLanguage":"es","potentialAction":[{"@type":"ReadAction","target":["https:\/\/www.sonoraenequipo.com.mx\/dan-condena-de-15-anos-a-sujeto-por-tentativa-de-feminicidio-contra-su-hermana\/"]}]},{"@type":"ImageObject","inLanguage":"es","@id":"https:\/\/www.sonoraenequipo.com.mx\/dan-condena-de-15-anos-a-sujeto-por-tentativa-de-feminicidio-contra-su-hermana\/#primaryimage","url":"https:\/\/www.sonoraenequipo.com.mx\/storage\/2024\/07\/luis-rey.jpg","contentUrl":"https:\/\/www.sonoraenequipo.com.mx\/storage\/2024\/07\/luis-rey.jpg","width":800,"height":600},{"@type":"BreadcrumbList","@id":"https:\/\/www.sonoraenequipo.com.mx\/dan-condena-de-15-anos-a-sujeto-por-tentativa-de-feminicidio-contra-su-hermana\/#breadcrumb","itemListElement":[{"@type":"ListItem","position":1,"name":"Portada","item":"https:\/\/www.sonoraenequipo.com.mx\/"},{"@type":"ListItem","position":2,"name":"Dan condena de 15 a\u00f1os a sujeto por tentativa de feminicidio contra su hermana"}]},{"@type":"WebSite","@id":"https:\/\/www.sonoraenequipo.com.mx\/#website","url":"https:\/\/www.sonoraenequipo.com.mx\/","name":"Sonora en Equipo.","description":"Diario en l\u00ednea con Noticias desde Hermosillo, Sonora","publisher":{"@id":"https:\/\/www.sonoraenequipo.com.mx\/#organization"},"potentialAction":[{"@type":"SearchAction","target":{"@type":"EntryPoint","urlTemplate":"https:\/\/www.sonoraenequipo.com.mx\/?s={search_term_string}"},"query-input":{"@type":"PropertyValueSpecification","valueRequired":true,"valueName":"search_term_string"}}],"inLanguage":"es"},{"@type":"Organization","@id":"https:\/\/www.sonoraenequipo.com.mx\/#organization","name":"Sonoraenequipo.com.mx","url":"https:\/\/www.sonoraenequipo.com.mx\/","logo":{"@type":"ImageObject","inLanguage":"es","@id":"https:\/\/www.sonoraenequipo.com.mx\/#\/schema\/logo\/image\/","url":"https:\/\/www.sonoraenequipo.com.mx\/storage\/2019\/01\/sonoraenequipo_opt.png","contentUrl":"https:\/\/www.sonoraenequipo.com.mx\/storage\/2019\/01\/sonoraenequipo_opt.png","width":375,"height":125,"caption":"Sonoraenequipo.com.mx"},"image":{"@id":"https:\/\/www.sonoraenequipo.com.mx\/#\/schema\/logo\/image\/"},"sameAs":["https:\/\/www.facebook.com\/SonoraEE\/","https:\/\/x.com\/sonoraenequipo","https:\/\/www.youtube.com\/channel\/UC338nW-lPEYmJQs4ZABQ1SQ"]},{"@type":"Person","@id":"https:\/\/www.sonoraenequipo.com.mx\/#\/schema\/person\/50102df0fb23a8fa9e8effad8fa81386","name":"enequipo","image":{"@type":"ImageObject","inLanguage":"es","@id":"https:\/\/www.sonoraenequipo.com.mx\/#\/schema\/person\/image\/","url":"https:\/\/secure.gravatar.com\/avatar\/049821681b589dabc0bc20695993ccebb09f5b5d4d790cd9251b97faac7c652b?s=96&d=blank&r=g","contentUrl":"https:\/\/secure.gravatar.com\/avatar\/049821681b589dabc0bc20695993ccebb09f5b5d4d790cd9251b97faac7c652b?s=96&d=blank&r=g","caption":"enequipo"},"sameAs":["https:\/\/www.facebook.com\/SonoraEE"]}]}},"jetpack_featured_media_url":"https:\/\/www.sonoraenequipo.com.mx\/storage\/2024\/07\/luis-rey.jpg","_links":{"self":[{"href":"https:\/\/www.sonoraenequipo.com.mx\/api\/wp\/v2\/posts\/193686","targetHints":{"allow":["GET"]}}],"collection":[{"href":"https:\/\/www.sonoraenequipo.com.mx\/api\/wp\/v2\/posts"}],"about":[{"href":"https:\/\/www.sonoraenequipo.com.mx\/api\/wp\/v2\/types\/post"}],"author":[{"embeddable":true,"href":"https:\/\/www.sonoraenequipo.com.mx\/api\/wp\/v2\/users\/1"}],"replies":[{"embeddable":true,"href":"https:\/\/www.sonoraenequipo.com.mx\/api\/wp\/v2\/comments?post=193686"}],"version-history":[{"count":1,"href":"https:\/\/www.sonoraenequipo.com.mx\/api\/wp\/v2\/posts\/193686\/revisions"}],"predecessor-version":[{"id":193690,"href":"https:\/\/www.sonoraenequipo.com.mx\/api\/wp\/v2\/posts\/193686\/revisions\/193690"}],"wp:featuredmedia":[{"embeddable":true,"href":"https:\/\/www.sonoraenequipo.com.mx\/api\/wp\/v2\/media\/193689"}],"wp:attachment":[{"href":"https:\/\/www.sonoraenequipo.com.mx\/api\/wp\/v2\/media?parent=193686"}],"wp:term":[{"taxonomy":"category","embeddable":true,"href":"https:\/\/www.sonoraenequipo.com.mx\/api\/wp\/v2\/categories?post=193686"},{"taxonomy":"post_tag","embeddable":true,"href":"https:\/\/www.sonoraenequipo.com.mx\/api\/wp\/v2\/tags?post=193686"}],"curies":[{"name":"wp","href":"https:\/\/api.w.org\/{rel}","templated":true}]}}