{"id":194006,"date":"2024-07-08T14:58:45","date_gmt":"2024-07-08T21:58:45","guid":{"rendered":"https:\/\/www.sonoraenequipo.com.mx\/?p=194006"},"modified":"2024-07-08T13:07:06","modified_gmt":"2024-07-08T20:07:06","slug":"exness-da-la-bienvenida-a-las-estrellas-del-trading-de-latinoamerica-adrian-emilio-nardelli-y-bran-desalcedo-a-su-equipo-team-pro","status":"publish","type":"post","link":"https:\/\/www.sonoraenequipo.com.mx\/exness-da-la-bienvenida-a-las-estrellas-del-trading-de-latinoamerica-adrian-emilio-nardelli-y-bran-desalcedo-a-su-equipo-team-pro\/","title":{"rendered":"Exness da la bienvenida a las estrellas del trading de Latinoam\u00e9rica"},"content":{"rendered":"<p><strong>CIUDAD DE M\u00c9XICO. MX. \u2014<\/strong> Exness, uno de los mayores br\u00f3keres de m\u00faltiples activos del mundo, ha reforzado su compromiso con la comunidad de traders de Latinoam\u00e9rica (LATAM) al incorporar a dos traders de renombre, Adrian Emilio Nardelli (@adriannardellioficial) y Bran Desalcedo (@bran.desalcedo), a su din\u00e1mico equipo Team Pro. Este movimiento estrat\u00e9gico subraya la dedicaci\u00f3n de Exness a potenciar el trading en la regi\u00f3n con experiencia de clase mundial.<\/p>\n<p>&nbsp;<\/p>\n<p>&nbsp;<\/p>\n<p> <\/p>\n<p>Nardelli y Salcedo, ambos conocidos por sus excepcionales habilidades de trading y su profundo conocimiento de los mercados financieros, no solo actuar\u00e1n como embajadores de la marca, sino tambi\u00e9n como mentores, compartiendo su experiencia y conocimientos con los aspirantes a traders de toda la regi\u00f3n. La comunidad latinoamericana puede esperar una serie de contenidos informativos y educativos, an\u00e1lisis perspicaces del mercado e historias de \u00e9xito de estos nuevos miembros del Team Pro.<\/p>\n<p>&nbsp;<\/p>\n<p>&nbsp;<\/p>\n<p>Adri\u00e1n Emilio Nardelli es un trader experimentado con m\u00e1s de una d\u00e9cada de experiencia en los mercados. Conocido por su pericia en el an\u00e1lisis t\u00e9cnico y sus estrategias de gesti\u00f3n de riesgos, Adrian proporciona a los aspirantes a traders orientaci\u00f3n pr\u00e1ctica y herramientas para navegar por las complejidades del mercado. Le apasiona compartir sus conocimientos y ayudar a los dem\u00e1s a alcanzar sus objetivos financieros.<\/p>\n<p>&nbsp;<\/p>\n<p>&nbsp;<\/p>\n<p>Bran Desalcedo es una estrella emergente en el mundo del trading, reconocido por su enfoque innovador del trading y su profundo conocimiento de la psicolog\u00eda del mercado. Comunicador y educador experto, Bran se dedica a hacer accesibles conceptos complejos de trading a traders de todos los niveles.<\/p>\n<p>&nbsp;<\/p>\n<p>&nbsp;<\/p>\n<p>Miguel Marcos, director Comercial Regional de Exness para LATAM, coment\u00f3: \u00abEstamos encantados de dar la bienvenida a Adri\u00e1n y Bran a nuestro equipo Exness Team Pro. Su gran seguimiento en la comunidad de traders de Latinoam\u00e9rica los convierte en los socios ideales a medida que continuamos expandiendo nuestra huella en esta vibrante regi\u00f3n. Creemos que su experiencia ser\u00e1 inestimable para apoyar nuestra misi\u00f3n de potenciar nuestra creciente comunidad aqu\u00ed\u00bb.<\/p>\n<p>&nbsp;<\/p>\n<p>&nbsp;<\/p>\n<p>Adrian Emilio Nardelli coment\u00f3: \u00abUnirme al Exness Team Pro es una oportunidad emocionante de colaborar con un br\u00f3ker de talla mundial. Estoy deseando colaborar m\u00e1s estrechamente con Exness y crear contenidos y experiencias \u00fanicas para los que aspiran a ser traders\u00bb.<\/p>\n<p>&nbsp;<\/p>\n<p>&nbsp;<\/p>\n<p>Bran Desalcedo a\u00f1adi\u00f3: \u00abEl compromiso de Exness con la transparencia, la innovaci\u00f3n y la satisfacci\u00f3n del cliente se alinea perfectamente con mis valores. Estoy ansioso por contribuir a la misi\u00f3n de Exness de empoderar a la comunidad de traders y fomentar un entorno de trading pr\u00f3spero\u00bb.<\/p>\n<p>&nbsp;<\/p>\n<p>&nbsp;<\/p>\n<p>Exness utiliza una combinaci\u00f3n de tecnolog\u00eda y \u00e9tica para elevar la referencia del sector y crear condiciones de trading favorables. Ofrece una experiencia de trading sin fricciones a trav\u00e9s de su plataforma propia superior y protecciones de mercado \u00fanicas que permiten a los clientes experimentar c\u00f3mo deben ser los mercados.<\/p>\n<p>&nbsp;<\/p>\n<p>&nbsp;<\/p>\n<p>PUBLICADO EL 08 DE JULIO DE 2024 Con informaci\u00f3n de Exness)<\/p>\n","protected":false},"excerpt":{"rendered":"<p>CIUDAD DE M\u00c9XICO. MX. \u2014 Exness, uno de los mayores br\u00f3keres de m\u00faltiples activos del&#8230;<\/p>\n","protected":false},"author":1,"featured_media":194007,"comment_status":"open","ping_status":"open","sticky":false,"template":"","format":"standard","meta":{"_monsterinsights_skip_tracking":false,"_monsterinsights_sitenote_active":false,"_monsterinsights_sitenote_note":"","_monsterinsights_sitenote_category":0,"footnotes":""},"categories":[12],"tags":[],"class_list":["post"],"yoast_head":" \n<title>Sonora en Equipo. Exness da la bienvenida a las estrellas del trading de Latinoam\u00e9rica Especiales<\/title>\n<meta name=\"description\" content=\"CIUDAD DE M\u00c9XICO. MX. \u2014 Exness, uno de los mayores br\u00f3keres de m\u00faltiples activos del mundo, ha reforzado su compromiso con la comunidad de traders de En Sonora en Equipo publicamos toda la informaci\u00f3n de Sonora, M\u00e9xico y el Mundo de manera oportuna y busca que la libertad de expresi\u00f3n sea real. Visita nuestro medio informativo publicado desde Hermosillo, Sonora. %\" \/>\n<meta name=\"robots\" content=\"index, follow, max-snippet:-1, max-image-preview:large, max-video-preview:-1\" \/>\n<link rel=\"canonical\" href=\"https:\/\/www.sonoraenequipo.com.mx\/exness-da-la-bienvenida-a-las-estrellas-del-trading-de-latinoamerica-adrian-emilio-nardelli-y-bran-desalcedo-a-su-equipo-team-pro\/\" \/>\n<meta property=\"og:locale\" content=\"es_ES\" \/>\n<meta property=\"og:type\" content=\"article\" \/>\n<meta property=\"og:title\" content=\"Sonora en Equipo. Exness da la bienvenida a las estrellas del trading de Latinoam\u00e9rica Especiales\" \/>\n<meta property=\"og:description\" content=\"CIUDAD DE M\u00c9XICO. MX. \u2014 Exness, uno de los mayores br\u00f3keres de m\u00faltiples activos del mundo, ha reforzado su compromiso con la comunidad de traders de En Sonora en Equipo publicamos toda la informaci\u00f3n de Sonora, M\u00e9xico y el Mundo de manera oportuna y busca que la libertad de expresi\u00f3n sea real. Visita nuestro medio informativo publicado desde Hermosillo, Sonora. %\" \/>\n<meta property=\"og:url\" content=\"https:\/\/www.sonoraenequipo.com.mx\/exness-da-la-bienvenida-a-las-estrellas-del-trading-de-latinoamerica-adrian-emilio-nardelli-y-bran-desalcedo-a-su-equipo-team-pro\/\" \/>\n<meta property=\"og:site_name\" content=\"Sonora en Equipo.\" \/>\n<meta property=\"article:publisher\" content=\"https:\/\/www.facebook.com\/SonoraEE\/\" \/>\n<meta property=\"article:author\" content=\"https:\/\/www.facebook.com\/SonoraEE\" \/>\n<meta property=\"article:published_time\" content=\"2024-07-08T21:58:45+00:00\" \/>\n<meta property=\"og:image\" content=\"https:\/\/www.sonoraenequipo.com.mx\/storage\/2024\/07\/PR-Articles_2-new-members.pg-min.jpg\" \/>\n\t<meta property=\"og:image:width\" content=\"900\" \/>\n\t<meta property=\"og:image:height\" content=\"506\" \/>\n\t<meta property=\"og:image:type\" content=\"image\/jpeg\" \/>\n<meta name=\"author\" content=\"enequipo\" \/>\n<meta name=\"twitter:card\" content=\"summary_large_image\" \/>\n<meta name=\"twitter:creator\" content=\"@sonoraenequipo\" \/>\n<meta name=\"twitter:site\" content=\"@sonoraenequipo\" \/>\n<meta name=\"twitter:label1\" content=\"Escrito por\" \/>\n\t<meta name=\"twitter:data1\" content=\"enequipo\" \/>\n\t<meta name=\"twitter:label2\" content=\"Tiempo de lectura\" \/>\n\t<meta name=\"twitter:data2\" content=\"3 minutos\" \/>\n<script type=\"application\/ld+json\" class=\"yoast-schema-graph\">{\"@context\":\"https:\/\/schema.org\",\"@graph\":[{\"@type\":\"Article\",\"@id\":\"https:\/\/www.sonoraenequipo.com.mx\/exness-da-la-bienvenida-a-las-estrellas-del-trading-de-latinoamerica-adrian-emilio-nardelli-y-bran-desalcedo-a-su-equipo-team-pro\/#article\",\"isPartOf\":{\"@id\":\"https:\/\/www.sonoraenequipo.com.mx\/exness-da-la-bienvenida-a-las-estrellas-del-trading-de-latinoamerica-adrian-emilio-nardelli-y-bran-desalcedo-a-su-equipo-team-pro\/\"},\"author\":{\"name\":\"enequipo\",\"@id\":\"https:\/\/www.sonoraenequipo.com.mx\/#\/schema\/person\/50102df0fb23a8fa9e8effad8fa81386\"},\"headline\":\"Exness da la bienvenida a las estrellas del trading de Latinoam\u00e9rica\",\"datePublished\":\"2024-07-08T21:58:45+00:00\",\"mainEntityOfPage\":{\"@id\":\"https:\/\/www.sonoraenequipo.com.mx\/exness-da-la-bienvenida-a-las-estrellas-del-trading-de-latinoamerica-adrian-emilio-nardelli-y-bran-desalcedo-a-su-equipo-team-pro\/\"},\"wordCount\":534,\"commentCount\":0,\"publisher\":{\"@id\":\"https:\/\/www.sonoraenequipo.com.mx\/#organization\"},\"image\":{\"@id\":\"https:\/\/www.sonoraenequipo.com.mx\/exness-da-la-bienvenida-a-las-estrellas-del-trading-de-latinoamerica-adrian-emilio-nardelli-y-bran-desalcedo-a-su-equipo-team-pro\/#primaryimage\"},\"thumbnailUrl\":\"https:\/\/www.sonoraenequipo.com.mx\/storage\/2024\/07\/PR-Articles_2-new-members.pg-min.jpg\",\"articleSection\":[\"Especiales\"],\"inLanguage\":\"es\",\"potentialAction\":[{\"@type\":\"CommentAction\",\"name\":\"Comment\",\"target\":[\"https:\/\/www.sonoraenequipo.com.mx\/exness-da-la-bienvenida-a-las-estrellas-del-trading-de-latinoamerica-adrian-emilio-nardelli-y-bran-desalcedo-a-su-equipo-team-pro\/#respond\"]}]},{\"@type\":\"WebPage\",\"@id\":\"https:\/\/www.sonoraenequipo.com.mx\/exness-da-la-bienvenida-a-las-estrellas-del-trading-de-latinoamerica-adrian-emilio-nardelli-y-bran-desalcedo-a-su-equipo-team-pro\/\",\"url\":\"https:\/\/www.sonoraenequipo.com.mx\/exness-da-la-bienvenida-a-las-estrellas-del-trading-de-latinoamerica-adrian-emilio-nardelli-y-bran-desalcedo-a-su-equipo-team-pro\/\",\"name\":\"Sonora en Equipo. Exness da la bienvenida a las estrellas del trading de Latinoam\u00e9rica Especiales\",\"isPartOf\":{\"@id\":\"https:\/\/www.sonoraenequipo.com.mx\/#website\"},\"primaryImageOfPage\":{\"@id\":\"https:\/\/www.sonoraenequipo.com.mx\/exness-da-la-bienvenida-a-las-estrellas-del-trading-de-latinoamerica-adrian-emilio-nardelli-y-bran-desalcedo-a-su-equipo-team-pro\/#primaryimage\"},\"image\":{\"@id\":\"https:\/\/www.sonoraenequipo.com.mx\/exness-da-la-bienvenida-a-las-estrellas-del-trading-de-latinoamerica-adrian-emilio-nardelli-y-bran-desalcedo-a-su-equipo-team-pro\/#primaryimage\"},\"thumbnailUrl\":\"https:\/\/www.sonoraenequipo.com.mx\/storage\/2024\/07\/PR-Articles_2-new-members.pg-min.jpg\",\"datePublished\":\"2024-07-08T21:58:45+00:00\",\"description\":\"CIUDAD DE M\u00c9XICO. MX. \u2014 Exness, uno de los mayores br\u00f3keres de m\u00faltiples activos del mundo, ha reforzado su compromiso con la comunidad de traders de En Sonora en Equipo publicamos toda la informaci\u00f3n de Sonora, M\u00e9xico y el Mundo de manera oportuna y busca que la libertad de expresi\u00f3n sea real. Visita nuestro medio informativo publicado desde Hermosillo, Sonora. %\",\"breadcrumb\":{\"@id\":\"https:\/\/www.sonoraenequipo.com.mx\/exness-da-la-bienvenida-a-las-estrellas-del-trading-de-latinoamerica-adrian-emilio-nardelli-y-bran-desalcedo-a-su-equipo-team-pro\/#breadcrumb\"},\"inLanguage\":\"es\",\"potentialAction\":[{\"@type\":\"ReadAction\",\"target\":[\"https:\/\/www.sonoraenequipo.com.mx\/exness-da-la-bienvenida-a-las-estrellas-del-trading-de-latinoamerica-adrian-emilio-nardelli-y-bran-desalcedo-a-su-equipo-team-pro\/\"]}]},{\"@type\":\"ImageObject\",\"inLanguage\":\"es\",\"@id\":\"https:\/\/www.sonoraenequipo.com.mx\/exness-da-la-bienvenida-a-las-estrellas-del-trading-de-latinoamerica-adrian-emilio-nardelli-y-bran-desalcedo-a-su-equipo-team-pro\/#primaryimage\",\"url\":\"https:\/\/www.sonoraenequipo.com.mx\/storage\/2024\/07\/PR-Articles_2-new-members.pg-min.jpg\",\"contentUrl\":\"https:\/\/www.sonoraenequipo.com.mx\/storage\/2024\/07\/PR-Articles_2-new-members.pg-min.jpg\",\"width\":900,\"height\":506},{\"@type\":\"BreadcrumbList\",\"@id\":\"https:\/\/www.sonoraenequipo.com.mx\/exness-da-la-bienvenida-a-las-estrellas-del-trading-de-latinoamerica-adrian-emilio-nardelli-y-bran-desalcedo-a-su-equipo-team-pro\/#breadcrumb\",\"itemListElement\":[{\"@type\":\"ListItem\",\"position\":1,\"name\":\"Portada\",\"item\":\"https:\/\/www.sonoraenequipo.com.mx\/\"},{\"@type\":\"ListItem\",\"position\":2,\"name\":\"Exness da la bienvenida a las estrellas del trading de Latinoam\u00e9rica\"}]},{\"@type\":\"WebSite\",\"@id\":\"https:\/\/www.sonoraenequipo.com.mx\/#website\",\"url\":\"https:\/\/www.sonoraenequipo.com.mx\/\",\"name\":\"Sonora en Equipo.\",\"description\":\"Diario en l\u00ednea con Noticias desde Hermosillo, Sonora\",\"publisher\":{\"@id\":\"https:\/\/www.sonoraenequipo.com.mx\/#organization\"},\"potentialAction\":[{\"@type\":\"SearchAction\",\"target\":{\"@type\":\"EntryPoint\",\"urlTemplate\":\"https:\/\/www.sonoraenequipo.com.mx\/?s={search_term_string}\"},\"query-input\":{\"@type\":\"PropertyValueSpecification\",\"valueRequired\":true,\"valueName\":\"search_term_string\"}}],\"inLanguage\":\"es\"},{\"@type\":\"Organization\",\"@id\":\"https:\/\/www.sonoraenequipo.com.mx\/#organization\",\"name\":\"Sonoraenequipo.com.mx\",\"url\":\"https:\/\/www.sonoraenequipo.com.mx\/\",\"logo\":{\"@type\":\"ImageObject\",\"inLanguage\":\"es\",\"@id\":\"https:\/\/www.sonoraenequipo.com.mx\/#\/schema\/logo\/image\/\",\"url\":\"https:\/\/www.sonoraenequipo.com.mx\/storage\/2019\/01\/sonoraenequipo_opt.png\",\"contentUrl\":\"https:\/\/www.sonoraenequipo.com.mx\/storage\/2019\/01\/sonoraenequipo_opt.png\",\"width\":375,\"height\":125,\"caption\":\"Sonoraenequipo.com.mx\"},\"image\":{\"@id\":\"https:\/\/www.sonoraenequipo.com.mx\/#\/schema\/logo\/image\/\"},\"sameAs\":[\"https:\/\/www.facebook.com\/SonoraEE\/\",\"https:\/\/x.com\/sonoraenequipo\",\"https:\/\/www.youtube.com\/channel\/UC338nW-lPEYmJQs4ZABQ1SQ\"]},{\"@type\":\"Person\",\"@id\":\"https:\/\/www.sonoraenequipo.com.mx\/#\/schema\/person\/50102df0fb23a8fa9e8effad8fa81386\",\"name\":\"enequipo\",\"image\":{\"@type\":\"ImageObject\",\"inLanguage\":\"es\",\"@id\":\"https:\/\/www.sonoraenequipo.com.mx\/#\/schema\/person\/image\/\",\"url\":\"https:\/\/secure.gravatar.com\/avatar\/049821681b589dabc0bc20695993ccebb09f5b5d4d790cd9251b97faac7c652b?s=96&d=blank&r=g\",\"contentUrl\":\"https:\/\/secure.gravatar.com\/avatar\/049821681b589dabc0bc20695993ccebb09f5b5d4d790cd9251b97faac7c652b?s=96&d=blank&r=g\",\"caption\":\"enequipo\"},\"sameAs\":[\"https:\/\/www.facebook.com\/SonoraEE\"]}]}<\/script>\n ","yoast_head_json":{"title":"Sonora en Equipo. Exness da la bienvenida a las estrellas del trading de Latinoam\u00e9rica Especiales","description":"CIUDAD DE M\u00c9XICO. MX. \u2014 Exness, uno de los mayores br\u00f3keres de m\u00faltiples activos del mundo, ha reforzado su compromiso con la comunidad de traders de En Sonora en Equipo publicamos toda la informaci\u00f3n de Sonora, M\u00e9xico y el Mundo de manera oportuna y busca que la libertad de expresi\u00f3n sea real. Visita nuestro medio informativo publicado desde Hermosillo, Sonora. %","robots":{"index":"index","follow":"follow","max-snippet":"max-snippet:-1","max-image-preview":"max-image-preview:large","max-video-preview":"max-video-preview:-1"},"canonical":"https:\/\/www.sonoraenequipo.com.mx\/exness-da-la-bienvenida-a-las-estrellas-del-trading-de-latinoamerica-adrian-emilio-nardelli-y-bran-desalcedo-a-su-equipo-team-pro\/","og_locale":"es_ES","og_type":"article","og_title":"Sonora en Equipo. Exness da la bienvenida a las estrellas del trading de Latinoam\u00e9rica Especiales","og_description":"CIUDAD DE M\u00c9XICO. MX. \u2014 Exness, uno de los mayores br\u00f3keres de m\u00faltiples activos del mundo, ha reforzado su compromiso con la comunidad de traders de En Sonora en Equipo publicamos toda la informaci\u00f3n de Sonora, M\u00e9xico y el Mundo de manera oportuna y busca que la libertad de expresi\u00f3n sea real. Visita nuestro medio informativo publicado desde Hermosillo, Sonora. %","og_url":"https:\/\/www.sonoraenequipo.com.mx\/exness-da-la-bienvenida-a-las-estrellas-del-trading-de-latinoamerica-adrian-emilio-nardelli-y-bran-desalcedo-a-su-equipo-team-pro\/","og_site_name":"Sonora en Equipo.","article_publisher":"https:\/\/www.facebook.com\/SonoraEE\/","article_author":"https:\/\/www.facebook.com\/SonoraEE","article_published_time":"2024-07-08T21:58:45+00:00","og_image":[{"width":900,"height":506,"url":"https:\/\/www.sonoraenequipo.com.mx\/storage\/2024\/07\/PR-Articles_2-new-members.pg-min.jpg","type":"image\/jpeg"}],"author":"enequipo","twitter_card":"summary_large_image","twitter_creator":"@sonoraenequipo","twitter_site":"@sonoraenequipo","twitter_misc":{"Escrito por":"enequipo","Tiempo de lectura":"3 minutos"},"schema":{"@context":"https:\/\/schema.org","@graph":[{"@type":"Article","@id":"https:\/\/www.sonoraenequipo.com.mx\/exness-da-la-bienvenida-a-las-estrellas-del-trading-de-latinoamerica-adrian-emilio-nardelli-y-bran-desalcedo-a-su-equipo-team-pro\/#article","isPartOf":{"@id":"https:\/\/www.sonoraenequipo.com.mx\/exness-da-la-bienvenida-a-las-estrellas-del-trading-de-latinoamerica-adrian-emilio-nardelli-y-bran-desalcedo-a-su-equipo-team-pro\/"},"author":{"name":"enequipo","@id":"https:\/\/www.sonoraenequipo.com.mx\/#\/schema\/person\/50102df0fb23a8fa9e8effad8fa81386"},"headline":"Exness da la bienvenida a las estrellas del trading de Latinoam\u00e9rica","datePublished":"2024-07-08T21:58:45+00:00","mainEntityOfPage":{"@id":"https:\/\/www.sonoraenequipo.com.mx\/exness-da-la-bienvenida-a-las-estrellas-del-trading-de-latinoamerica-adrian-emilio-nardelli-y-bran-desalcedo-a-su-equipo-team-pro\/"},"wordCount":534,"commentCount":0,"publisher":{"@id":"https:\/\/www.sonoraenequipo.com.mx\/#organization"},"image":{"@id":"https:\/\/www.sonoraenequipo.com.mx\/exness-da-la-bienvenida-a-las-estrellas-del-trading-de-latinoamerica-adrian-emilio-nardelli-y-bran-desalcedo-a-su-equipo-team-pro\/#primaryimage"},"thumbnailUrl":"https:\/\/www.sonoraenequipo.com.mx\/storage\/2024\/07\/PR-Articles_2-new-members.pg-min.jpg","articleSection":["Especiales"],"inLanguage":"es","potentialAction":[{"@type":"CommentAction","name":"Comment","target":["https:\/\/www.sonoraenequipo.com.mx\/exness-da-la-bienvenida-a-las-estrellas-del-trading-de-latinoamerica-adrian-emilio-nardelli-y-bran-desalcedo-a-su-equipo-team-pro\/#respond"]}]},{"@type":"WebPage","@id":"https:\/\/www.sonoraenequipo.com.mx\/exness-da-la-bienvenida-a-las-estrellas-del-trading-de-latinoamerica-adrian-emilio-nardelli-y-bran-desalcedo-a-su-equipo-team-pro\/","url":"https:\/\/www.sonoraenequipo.com.mx\/exness-da-la-bienvenida-a-las-estrellas-del-trading-de-latinoamerica-adrian-emilio-nardelli-y-bran-desalcedo-a-su-equipo-team-pro\/","name":"Sonora en Equipo. Exness da la bienvenida a las estrellas del trading de Latinoam\u00e9rica Especiales","isPartOf":{"@id":"https:\/\/www.sonoraenequipo.com.mx\/#website"},"primaryImageOfPage":{"@id":"https:\/\/www.sonoraenequipo.com.mx\/exness-da-la-bienvenida-a-las-estrellas-del-trading-de-latinoamerica-adrian-emilio-nardelli-y-bran-desalcedo-a-su-equipo-team-pro\/#primaryimage"},"image":{"@id":"https:\/\/www.sonoraenequipo.com.mx\/exness-da-la-bienvenida-a-las-estrellas-del-trading-de-latinoamerica-adrian-emilio-nardelli-y-bran-desalcedo-a-su-equipo-team-pro\/#primaryimage"},"thumbnailUrl":"https:\/\/www.sonoraenequipo.com.mx\/storage\/2024\/07\/PR-Articles_2-new-members.pg-min.jpg","datePublished":"2024-07-08T21:58:45+00:00","description":"CIUDAD DE M\u00c9XICO. MX. \u2014 Exness, uno de los mayores br\u00f3keres de m\u00faltiples activos del mundo, ha reforzado su compromiso con la comunidad de traders de En Sonora en Equipo publicamos toda la informaci\u00f3n de Sonora, M\u00e9xico y el Mundo de manera oportuna y busca que la libertad de expresi\u00f3n sea real. Visita nuestro medio informativo publicado desde Hermosillo, Sonora. %","breadcrumb":{"@id":"https:\/\/www.sonoraenequipo.com.mx\/exness-da-la-bienvenida-a-las-estrellas-del-trading-de-latinoamerica-adrian-emilio-nardelli-y-bran-desalcedo-a-su-equipo-team-pro\/#breadcrumb"},"inLanguage":"es","potentialAction":[{"@type":"ReadAction","target":["https:\/\/www.sonoraenequipo.com.mx\/exness-da-la-bienvenida-a-las-estrellas-del-trading-de-latinoamerica-adrian-emilio-nardelli-y-bran-desalcedo-a-su-equipo-team-pro\/"]}]},{"@type":"ImageObject","inLanguage":"es","@id":"https:\/\/www.sonoraenequipo.com.mx\/exness-da-la-bienvenida-a-las-estrellas-del-trading-de-latinoamerica-adrian-emilio-nardelli-y-bran-desalcedo-a-su-equipo-team-pro\/#primaryimage","url":"https:\/\/www.sonoraenequipo.com.mx\/storage\/2024\/07\/PR-Articles_2-new-members.pg-min.jpg","contentUrl":"https:\/\/www.sonoraenequipo.com.mx\/storage\/2024\/07\/PR-Articles_2-new-members.pg-min.jpg","width":900,"height":506},{"@type":"BreadcrumbList","@id":"https:\/\/www.sonoraenequipo.com.mx\/exness-da-la-bienvenida-a-las-estrellas-del-trading-de-latinoamerica-adrian-emilio-nardelli-y-bran-desalcedo-a-su-equipo-team-pro\/#breadcrumb","itemListElement":[{"@type":"ListItem","position":1,"name":"Portada","item":"https:\/\/www.sonoraenequipo.com.mx\/"},{"@type":"ListItem","position":2,"name":"Exness da la bienvenida a las estrellas del trading de Latinoam\u00e9rica"}]},{"@type":"WebSite","@id":"https:\/\/www.sonoraenequipo.com.mx\/#website","url":"https:\/\/www.sonoraenequipo.com.mx\/","name":"Sonora en Equipo.","description":"Diario en l\u00ednea con Noticias desde Hermosillo, Sonora","publisher":{"@id":"https:\/\/www.sonoraenequipo.com.mx\/#organization"},"potentialAction":[{"@type":"SearchAction","target":{"@type":"EntryPoint","urlTemplate":"https:\/\/www.sonoraenequipo.com.mx\/?s={search_term_string}"},"query-input":{"@type":"PropertyValueSpecification","valueRequired":true,"valueName":"search_term_string"}}],"inLanguage":"es"},{"@type":"Organization","@id":"https:\/\/www.sonoraenequipo.com.mx\/#organization","name":"Sonoraenequipo.com.mx","url":"https:\/\/www.sonoraenequipo.com.mx\/","logo":{"@type":"ImageObject","inLanguage":"es","@id":"https:\/\/www.sonoraenequipo.com.mx\/#\/schema\/logo\/image\/","url":"https:\/\/www.sonoraenequipo.com.mx\/storage\/2019\/01\/sonoraenequipo_opt.png","contentUrl":"https:\/\/www.sonoraenequipo.com.mx\/storage\/2019\/01\/sonoraenequipo_opt.png","width":375,"height":125,"caption":"Sonoraenequipo.com.mx"},"image":{"@id":"https:\/\/www.sonoraenequipo.com.mx\/#\/schema\/logo\/image\/"},"sameAs":["https:\/\/www.facebook.com\/SonoraEE\/","https:\/\/x.com\/sonoraenequipo","https:\/\/www.youtube.com\/channel\/UC338nW-lPEYmJQs4ZABQ1SQ"]},{"@type":"Person","@id":"https:\/\/www.sonoraenequipo.com.mx\/#\/schema\/person\/50102df0fb23a8fa9e8effad8fa81386","name":"enequipo","image":{"@type":"ImageObject","inLanguage":"es","@id":"https:\/\/www.sonoraenequipo.com.mx\/#\/schema\/person\/image\/","url":"https:\/\/secure.gravatar.com\/avatar\/049821681b589dabc0bc20695993ccebb09f5b5d4d790cd9251b97faac7c652b?s=96&d=blank&r=g","contentUrl":"https:\/\/secure.gravatar.com\/avatar\/049821681b589dabc0bc20695993ccebb09f5b5d4d790cd9251b97faac7c652b?s=96&d=blank&r=g","caption":"enequipo"},"sameAs":["https:\/\/www.facebook.com\/SonoraEE"]}]}},"jetpack_featured_media_url":"https:\/\/www.sonoraenequipo.com.mx\/storage\/2024\/07\/PR-Articles_2-new-members.pg-min.jpg","_links":{"self":[{"href":"https:\/\/www.sonoraenequipo.com.mx\/api\/wp\/v2\/posts\/194006","targetHints":{"allow":["GET"]}}],"collection":[{"href":"https:\/\/www.sonoraenequipo.com.mx\/api\/wp\/v2\/posts"}],"about":[{"href":"https:\/\/www.sonoraenequipo.com.mx\/api\/wp\/v2\/types\/post"}],"author":[{"embeddable":true,"href":"https:\/\/www.sonoraenequipo.com.mx\/api\/wp\/v2\/users\/1"}],"replies":[{"embeddable":true,"href":"https:\/\/www.sonoraenequipo.com.mx\/api\/wp\/v2\/comments?post=194006"}],"version-history":[{"count":2,"href":"https:\/\/www.sonoraenequipo.com.mx\/api\/wp\/v2\/posts\/194006\/revisions"}],"predecessor-version":[{"id":194009,"href":"https:\/\/www.sonoraenequipo.com.mx\/api\/wp\/v2\/posts\/194006\/revisions\/194009"}],"wp:featuredmedia":[{"embeddable":true,"href":"https:\/\/www.sonoraenequipo.com.mx\/api\/wp\/v2\/media\/194007"}],"wp:attachment":[{"href":"https:\/\/www.sonoraenequipo.com.mx\/api\/wp\/v2\/media?parent=194006"}],"wp:term":[{"taxonomy":"category","embeddable":true,"href":"https:\/\/www.sonoraenequipo.com.mx\/api\/wp\/v2\/categories?post=194006"},{"taxonomy":"post_tag","embeddable":true,"href":"https:\/\/www.sonoraenequipo.com.mx\/api\/wp\/v2\/tags?post=194006"}],"curies":[{"name":"wp","href":"https:\/\/api.w.org\/{rel}","templated":true}]}}