{"id":194035,"date":"2024-07-08T17:38:39","date_gmt":"2024-07-09T00:38:39","guid":{"rendered":"https:\/\/www.sonoraenequipo.com.mx\/?p=194035"},"modified":"2024-07-08T18:20:05","modified_gmt":"2024-07-09T01:20:05","slug":"los-que-esten-en-contra-de-alito-seran-expulsados-del-pri","status":"publish","type":"post","link":"https:\/\/www.sonoraenequipo.com.mx\/los-que-esten-en-contra-de-alito-seran-expulsados-del-pri\/","title":{"rendered":"Los que est\u00e9n en contra de \u00abAlito\u00bb ser\u00e1n expulsados del PRI"},"content":{"rendered":"<p><strong>CIUDAD DE M\u00c9XICO. MX. \u2014 <\/strong>&nbsp;Luego de que fueron avaladas las reformas a los estatutos del PRI, que dan pie a la reelecci\u00f3n de su dirigente nacional, Alejandro Moreno C\u00e1rdenas, el campechano eludi\u00f3 este lunes confirmar o rechazar si buscar\u00e1 mantenerse en su cargo, y tras los ajustes del domingo avalados en la Asamblea Nacional partidaria, s\u00f3lo expres\u00f3 que,<strong><em> \u201ccuando el consejo pol\u00edtico lo determine, emitir\u00e1 una convocatoria y cualquiera, incluy\u00e9ndome a m\u00ed, podremos participar\u201d.<\/em><\/strong><\/p>\n<p>&nbsp;<\/p>\n<p> <\/p>\n<p>Y al anticipar que comenzar\u00e1n la organizaci\u00f3n para impulsar la profunda reforma al partido, amag\u00f3 con iniciar procesos de expulsi\u00f3n para exdirigentes y liderazgos del instituto pol\u00edtico que han cuestionado su gesti\u00f3n y las reformas estatuarias.<\/p>\n<p>&nbsp;<\/p>\n<p>&nbsp;<\/p>\n<p>Despu\u00e9s de que ayer sostuvo que hay pri\u00edstas vinculados con el asesinato del excandidato presidencial Luis Donaldo Colosio, hoy detall\u00f3 que hablaba sobre el ex gobernador de Sonora, Manlio Fabio Beltrones. Cuestionado sobre las versiones que han relacionado con el caso al expresidente Carlos Salinas de Gortari, dijo que <em><strong>\u201ctodos los que tengan que estar tendr\u00e1n que rendir cuentas\u201d<\/strong><\/em>. Mientras que, sobre el caso Pemexgate, lo lig\u00f3 a la gesti\u00f3n de Dulce Mar\u00eda Sauri como presidenta del partido en el a\u00f1o 2000.<\/p>\n<p>&nbsp;<\/p>\n<p>&nbsp;<\/p>\n<p>En conferencia de prensa en la sede nacional de esta fuerza pol\u00edtica, y rodeado de los coordinadores parlamentarios y una veintena de pri\u00edstas que conforman la dirigencia partidaria, a Moreno C\u00e1rdenas se le pregunt\u00f3 en reiteradas ocasiones sobre si buscar\u00e1 reelegirse como presidente del partido. <em><strong>\u201cEst\u00e1 muy lejos eso, ahorita estamos concentrados en el partido, vamos a recorrer todo el pa\u00eds para la fortaleza interna\u201d,<\/strong><\/em> argument\u00f3.<\/p>\n<p>&nbsp;<\/p>\n<p><strong>-\u00bfVas a buscar la reelecci\u00f3n?-<\/strong> se le insisti\u00f3.<\/p>\n<p>&nbsp;<\/p>\n<p><strong>Eso falta todav\u00eda mucho-<\/strong> respondi\u00f3.<\/p>\n<p>&nbsp;<\/p>\n<p>&nbsp;<\/p>\n<p>Momentos despu\u00e9s, cuestionado sobre c\u00f3mo beneficiar\u00eda al PRI su reelecci\u00f3n, se\u00f1al\u00f3:<strong><em> \u201cEso no ha sucedido, eso en tiempo y forma cuando suceda con mucho gusto contesto\u201d.<\/em><\/strong><\/p>\n<p>&nbsp;<\/p>\n<p>&nbsp;<\/p>\n<p>Adem\u00e1s, Moreno C\u00e1rdenas dijo que las modificaciones a los documentos internos aprobados el domingo <em><strong>\u201cson s\u00f3lo el punto de partida para la gran reforma que vamos a impulsar al interior del PRI\u201d<\/strong><\/em> y apunt\u00f3 que comenzar\u00e1n desde ahora con la realizaci\u00f3n de foros encaminados a concretarlo en 2025. A la vez, arremeti\u00f3 contra los liderazgos pri\u00edstas que lo han cuestionado.<\/p>\n<p>&nbsp;<\/p>\n<p>&nbsp;<\/p>\n<p>\u201cNo vamos a permitir nunca m\u00e1s que esos perfiles rancios, del viejo r\u00e9gimen, beneficiados del partido que les dimos todo, vuelvan a manchar el nombre del Partido Revolucionario Institucional\u201d. Recalc\u00f3 que \u201ca partir de hoy los vamos a poner en su lugar, les vamos a contestar y los vamos a exhibir porque sin un grupo de c\u00ednicos que fueron los que lastimaron al partido\u201d.<\/p>\n<p>&nbsp;<\/p>\n<p>&nbsp;<\/p>\n<p>Argument\u00f3 que hay propuestas de militantes para crear comisiones y llamarlos a rendir cuentas ante el partido.<\/p>\n<p>&nbsp;<\/p>\n<p>&nbsp;<\/p>\n<p>Una de sus cr\u00edticas la lanz\u00f3 contra el ex secretario de Educaci\u00f3n, Aurelio Nu\u00f1o, y al referirse a su columna publicada en este diario, indic\u00f3: <em><strong>\u201c\u00bfD\u00edganme d\u00f3nde estuvo? Entregaron la presidencia de la Rep\u00fablica en el 18, jefe de la oficina de Presidencia en el pasado (sexenio), coordinador de la campa\u00f1a donde perdieron la presidencia y la entregaron, y despu\u00e9s c\u00f3modamente se pel\u00f3 a los Estados Unidos que a estudiar y cinco a\u00f1os abandon\u00f3 al partido. No tiene verg\u00fcenza, no tiene madre<\/strong><\/em>. Y al calificarlo como <strong><em>\u201cpol\u00edtico de Polanco\u201d,<\/em><\/strong> subray\u00f3 que no est\u00e1 afiliado al PRI.<\/p>\n<p>&nbsp;<\/p>\n<p>&nbsp;<\/p>\n<p>Tambi\u00e9n, cuestion\u00f3 a ex presidentes del partido como Enrique Ochoa Reza, Pedro Joaqu\u00edn Coldwell, Dulce Mar\u00eda Sauri y Manlio Fabio Beltrones, as\u00ed como al excandidato presidencial Francisco Labastida, a quienes responsabiliz\u00f3 de la <strong><em>\u201cimagen que le hicieron al PRI por actos de corrupci\u00f3n\u201d.<\/em><\/strong><\/p>\n<p>&nbsp;<\/p>\n<p>&nbsp;<\/p>\n<p>Sobre el asesinato de Luis Donaldo Colosio, expuso que <em><strong>\u201cuno de los se\u00f1alados en los expedientes, y no lo digo yo, lo dice la actuaci\u00f3n judicial es Manlio Fabio Beltrones y est\u00e1 se\u00f1alado ah\u00ed\u201d.<\/strong><\/em><\/p>\n<p>&nbsp;<\/p>\n<p>&nbsp;<\/p>\n<p>En relaci\u00f3n a sus detractores, a\u00f1adi\u00f3:<strong><em> \u201cEllos quienes dividir, ellos quieren lastimar al PRI, ellos quieren eso. Quieren romper la unidad del PRI a cambio de impunidad y eso la gente y los pri\u00edstas lo saben. Hacen pol\u00edtica desde la comunidad de su celular. Est\u00e1n en la nostalgia del viejo partidazo. Cuando te dicen, \u2018es que yo cuando fui presidente del PRI ninguna casilla perdimos\u2019, s\u00ed, no m\u00e1s que fue presidente hace 50 a\u00f1os cuando el PRI ganaba todo, entonces, hay que ser inteligentes. Ellos lo que quieren es un partido al servicio del gobierno, estar ah\u00ed en la cortesan\u00eda, en ser lacayos, en ser esquiroles\u201d.<\/em><\/strong><\/p>\n<p>&nbsp;<\/p>\n<p>&nbsp;<\/p>\n<p>Reiter\u00f3 que \u201c<em><strong>hay propuestas de los estados para que se presente ante la comisi\u00f3n de justicia partidaria la expulsi\u00f3n de todos y cada uno de ellos, porque causales de expulsiones tambi\u00e9n son atentar contra la unidad del partido, calumniar en el partido, mentir p\u00fablicamente contra el partido\u201d.<\/strong><\/em><\/p>\n<p>&nbsp;<\/p>\n<p>&nbsp;<\/p>\n<p>&nbsp;<\/p>\n<p>PUBLICADO EL 08 DE JULIO DE 2024 Con informaci\u00f3n de agencias)<\/p>\n","protected":false},"excerpt":{"rendered":"<p>CIUDAD DE M\u00c9XICO. MX. \u2014 &nbsp;Luego de que fueron avaladas las reformas a los estatutos&#8230;<\/p>\n","protected":false},"author":1,"featured_media":194020,"comment_status":"open","ping_status":"open","sticky":false,"template":"","format":"standard","meta":{"_monsterinsights_skip_tracking":false,"_monsterinsights_sitenote_active":false,"_monsterinsights_sitenote_note":"","_monsterinsights_sitenote_category":0,"footnotes":""},"categories":[5],"tags":[],"class_list":["post"],"yoast_head":" \n<title>Sonora en Equipo. Los que est\u00e9n en contra de &quot;Alito&quot; ser\u00e1n expulsados del PRI Rep\u00fablica<\/title>\n<meta name=\"description\" content=\"CIUDAD DE M\u00c9XICO. MX. \u2014 &nbsp;Luego de que fueron avaladas las reformas a los estatutos del PRI, que dan pie a la reelecci\u00f3n de su dirigente nacional, En Sonora en Equipo publicamos toda la informaci\u00f3n de Sonora, M\u00e9xico y el Mundo de manera oportuna y busca que la libertad de expresi\u00f3n sea real. Visita nuestro medio informativo publicado desde Hermosillo, Sonora. %\" \/>\n<meta name=\"robots\" content=\"index, follow, max-snippet:-1, max-image-preview:large, max-video-preview:-1\" \/>\n<link rel=\"canonical\" href=\"https:\/\/www.sonoraenequipo.com.mx\/los-que-esten-en-contra-de-alito-seran-expulsados-del-pri\/\" \/>\n<meta property=\"og:locale\" content=\"es_ES\" \/>\n<meta property=\"og:type\" content=\"article\" \/>\n<meta property=\"og:title\" content=\"Sonora en Equipo. Los que est\u00e9n en contra de &quot;Alito&quot; ser\u00e1n expulsados del PRI Rep\u00fablica\" \/>\n<meta property=\"og:description\" content=\"CIUDAD DE M\u00c9XICO. MX. \u2014 &nbsp;Luego de que fueron avaladas las reformas a los estatutos del PRI, que dan pie a la reelecci\u00f3n de su dirigente nacional, En Sonora en Equipo publicamos toda la informaci\u00f3n de Sonora, M\u00e9xico y el Mundo de manera oportuna y busca que la libertad de expresi\u00f3n sea real. Visita nuestro medio informativo publicado desde Hermosillo, Sonora. %\" \/>\n<meta property=\"og:url\" content=\"https:\/\/www.sonoraenequipo.com.mx\/los-que-esten-en-contra-de-alito-seran-expulsados-del-pri\/\" \/>\n<meta property=\"og:site_name\" content=\"Sonora en Equipo.\" \/>\n<meta property=\"article:publisher\" content=\"https:\/\/www.facebook.com\/SonoraEE\/\" \/>\n<meta property=\"article:author\" content=\"https:\/\/www.facebook.com\/SonoraEE\" \/>\n<meta property=\"article:published_time\" content=\"2024-07-09T00:38:39+00:00\" \/>\n<meta property=\"article:modified_time\" content=\"2024-07-09T01:20:05+00:00\" \/>\n<meta property=\"og:image\" content=\"https:\/\/www.sonoraenequipo.com.mx\/storage\/2024\/07\/amaga-alit-a-opositores-a-su-gestion-.-Foto-Luis-Castillo-min.jpg\" \/>\n\t<meta property=\"og:image:width\" content=\"895\" \/>\n\t<meta property=\"og:image:height\" content=\"526\" \/>\n\t<meta property=\"og:image:type\" content=\"image\/jpeg\" \/>\n<meta name=\"author\" content=\"enequipo\" \/>\n<meta name=\"twitter:card\" content=\"summary_large_image\" \/>\n<meta name=\"twitter:creator\" content=\"@sonoraenequipo\" \/>\n<meta name=\"twitter:site\" content=\"@sonoraenequipo\" \/>\n<meta name=\"twitter:label1\" content=\"Escrito por\" \/>\n\t<meta name=\"twitter:data1\" content=\"enequipo\" \/>\n\t<meta name=\"twitter:label2\" content=\"Tiempo de lectura\" \/>\n\t<meta name=\"twitter:data2\" content=\"4 minutos\" \/>\n<script type=\"application\/ld+json\" class=\"yoast-schema-graph\">{\"@context\":\"https:\/\/schema.org\",\"@graph\":[{\"@type\":\"Article\",\"@id\":\"https:\/\/www.sonoraenequipo.com.mx\/los-que-esten-en-contra-de-alito-seran-expulsados-del-pri\/#article\",\"isPartOf\":{\"@id\":\"https:\/\/www.sonoraenequipo.com.mx\/los-que-esten-en-contra-de-alito-seran-expulsados-del-pri\/\"},\"author\":{\"name\":\"enequipo\",\"@id\":\"https:\/\/www.sonoraenequipo.com.mx\/#\/schema\/person\/50102df0fb23a8fa9e8effad8fa81386\"},\"headline\":\"Los que est\u00e9n en contra de \u00abAlito\u00bb ser\u00e1n expulsados del PRI\",\"datePublished\":\"2024-07-09T00:38:39+00:00\",\"dateModified\":\"2024-07-09T01:20:05+00:00\",\"mainEntityOfPage\":{\"@id\":\"https:\/\/www.sonoraenequipo.com.mx\/los-que-esten-en-contra-de-alito-seran-expulsados-del-pri\/\"},\"wordCount\":882,\"commentCount\":0,\"publisher\":{\"@id\":\"https:\/\/www.sonoraenequipo.com.mx\/#organization\"},\"image\":{\"@id\":\"https:\/\/www.sonoraenequipo.com.mx\/los-que-esten-en-contra-de-alito-seran-expulsados-del-pri\/#primaryimage\"},\"thumbnailUrl\":\"https:\/\/www.sonoraenequipo.com.mx\/storage\/2024\/07\/amaga-alit-a-opositores-a-su-gestion-.-Foto-Luis-Castillo-min.jpg\",\"articleSection\":[\"Rep\u00fablica\"],\"inLanguage\":\"es\",\"potentialAction\":[{\"@type\":\"CommentAction\",\"name\":\"Comment\",\"target\":[\"https:\/\/www.sonoraenequipo.com.mx\/los-que-esten-en-contra-de-alito-seran-expulsados-del-pri\/#respond\"]}]},{\"@type\":\"WebPage\",\"@id\":\"https:\/\/www.sonoraenequipo.com.mx\/los-que-esten-en-contra-de-alito-seran-expulsados-del-pri\/\",\"url\":\"https:\/\/www.sonoraenequipo.com.mx\/los-que-esten-en-contra-de-alito-seran-expulsados-del-pri\/\",\"name\":\"Sonora en Equipo. Los que est\u00e9n en contra de \\\"Alito\\\" ser\u00e1n expulsados del PRI Rep\u00fablica\",\"isPartOf\":{\"@id\":\"https:\/\/www.sonoraenequipo.com.mx\/#website\"},\"primaryImageOfPage\":{\"@id\":\"https:\/\/www.sonoraenequipo.com.mx\/los-que-esten-en-contra-de-alito-seran-expulsados-del-pri\/#primaryimage\"},\"image\":{\"@id\":\"https:\/\/www.sonoraenequipo.com.mx\/los-que-esten-en-contra-de-alito-seran-expulsados-del-pri\/#primaryimage\"},\"thumbnailUrl\":\"https:\/\/www.sonoraenequipo.com.mx\/storage\/2024\/07\/amaga-alit-a-opositores-a-su-gestion-.-Foto-Luis-Castillo-min.jpg\",\"datePublished\":\"2024-07-09T00:38:39+00:00\",\"dateModified\":\"2024-07-09T01:20:05+00:00\",\"description\":\"CIUDAD DE M\u00c9XICO. MX. \u2014 &nbsp;Luego de que fueron avaladas las reformas a los estatutos del PRI, que dan pie a la reelecci\u00f3n de su dirigente nacional, En Sonora en Equipo publicamos toda la informaci\u00f3n de Sonora, M\u00e9xico y el Mundo de manera oportuna y busca que la libertad de expresi\u00f3n sea real. Visita nuestro medio informativo publicado desde Hermosillo, Sonora. %\",\"breadcrumb\":{\"@id\":\"https:\/\/www.sonoraenequipo.com.mx\/los-que-esten-en-contra-de-alito-seran-expulsados-del-pri\/#breadcrumb\"},\"inLanguage\":\"es\",\"potentialAction\":[{\"@type\":\"ReadAction\",\"target\":[\"https:\/\/www.sonoraenequipo.com.mx\/los-que-esten-en-contra-de-alito-seran-expulsados-del-pri\/\"]}]},{\"@type\":\"ImageObject\",\"inLanguage\":\"es\",\"@id\":\"https:\/\/www.sonoraenequipo.com.mx\/los-que-esten-en-contra-de-alito-seran-expulsados-del-pri\/#primaryimage\",\"url\":\"https:\/\/www.sonoraenequipo.com.mx\/storage\/2024\/07\/amaga-alit-a-opositores-a-su-gestion-.-Foto-Luis-Castillo-min.jpg\",\"contentUrl\":\"https:\/\/www.sonoraenequipo.com.mx\/storage\/2024\/07\/amaga-alit-a-opositores-a-su-gestion-.-Foto-Luis-Castillo-min.jpg\",\"width\":895,\"height\":526},{\"@type\":\"BreadcrumbList\",\"@id\":\"https:\/\/www.sonoraenequipo.com.mx\/los-que-esten-en-contra-de-alito-seran-expulsados-del-pri\/#breadcrumb\",\"itemListElement\":[{\"@type\":\"ListItem\",\"position\":1,\"name\":\"Portada\",\"item\":\"https:\/\/www.sonoraenequipo.com.mx\/\"},{\"@type\":\"ListItem\",\"position\":2,\"name\":\"Los que est\u00e9n en contra de \u00abAlito\u00bb ser\u00e1n expulsados del PRI\"}]},{\"@type\":\"WebSite\",\"@id\":\"https:\/\/www.sonoraenequipo.com.mx\/#website\",\"url\":\"https:\/\/www.sonoraenequipo.com.mx\/\",\"name\":\"Sonora en Equipo.\",\"description\":\"Diario en l\u00ednea con Noticias desde Hermosillo, Sonora\",\"publisher\":{\"@id\":\"https:\/\/www.sonoraenequipo.com.mx\/#organization\"},\"potentialAction\":[{\"@type\":\"SearchAction\",\"target\":{\"@type\":\"EntryPoint\",\"urlTemplate\":\"https:\/\/www.sonoraenequipo.com.mx\/?s={search_term_string}\"},\"query-input\":{\"@type\":\"PropertyValueSpecification\",\"valueRequired\":true,\"valueName\":\"search_term_string\"}}],\"inLanguage\":\"es\"},{\"@type\":\"Organization\",\"@id\":\"https:\/\/www.sonoraenequipo.com.mx\/#organization\",\"name\":\"Sonoraenequipo.com.mx\",\"url\":\"https:\/\/www.sonoraenequipo.com.mx\/\",\"logo\":{\"@type\":\"ImageObject\",\"inLanguage\":\"es\",\"@id\":\"https:\/\/www.sonoraenequipo.com.mx\/#\/schema\/logo\/image\/\",\"url\":\"https:\/\/www.sonoraenequipo.com.mx\/storage\/2019\/01\/sonoraenequipo_opt.png\",\"contentUrl\":\"https:\/\/www.sonoraenequipo.com.mx\/storage\/2019\/01\/sonoraenequipo_opt.png\",\"width\":375,\"height\":125,\"caption\":\"Sonoraenequipo.com.mx\"},\"image\":{\"@id\":\"https:\/\/www.sonoraenequipo.com.mx\/#\/schema\/logo\/image\/\"},\"sameAs\":[\"https:\/\/www.facebook.com\/SonoraEE\/\",\"https:\/\/x.com\/sonoraenequipo\",\"https:\/\/www.youtube.com\/channel\/UC338nW-lPEYmJQs4ZABQ1SQ\"]},{\"@type\":\"Person\",\"@id\":\"https:\/\/www.sonoraenequipo.com.mx\/#\/schema\/person\/50102df0fb23a8fa9e8effad8fa81386\",\"name\":\"enequipo\",\"image\":{\"@type\":\"ImageObject\",\"inLanguage\":\"es\",\"@id\":\"https:\/\/www.sonoraenequipo.com.mx\/#\/schema\/person\/image\/\",\"url\":\"https:\/\/secure.gravatar.com\/avatar\/049821681b589dabc0bc20695993ccebb09f5b5d4d790cd9251b97faac7c652b?s=96&d=blank&r=g\",\"contentUrl\":\"https:\/\/secure.gravatar.com\/avatar\/049821681b589dabc0bc20695993ccebb09f5b5d4d790cd9251b97faac7c652b?s=96&d=blank&r=g\",\"caption\":\"enequipo\"},\"sameAs\":[\"https:\/\/www.facebook.com\/SonoraEE\"]}]}<\/script>\n ","yoast_head_json":{"title":"Sonora en Equipo. Los que est\u00e9n en contra de \"Alito\" ser\u00e1n expulsados del PRI Rep\u00fablica","description":"CIUDAD DE M\u00c9XICO. MX. \u2014 &nbsp;Luego de que fueron avaladas las reformas a los estatutos del PRI, que dan pie a la reelecci\u00f3n de su dirigente nacional, En Sonora en Equipo publicamos toda la informaci\u00f3n de Sonora, M\u00e9xico y el Mundo de manera oportuna y busca que la libertad de expresi\u00f3n sea real. Visita nuestro medio informativo publicado desde Hermosillo, Sonora. %","robots":{"index":"index","follow":"follow","max-snippet":"max-snippet:-1","max-image-preview":"max-image-preview:large","max-video-preview":"max-video-preview:-1"},"canonical":"https:\/\/www.sonoraenequipo.com.mx\/los-que-esten-en-contra-de-alito-seran-expulsados-del-pri\/","og_locale":"es_ES","og_type":"article","og_title":"Sonora en Equipo. Los que est\u00e9n en contra de \"Alito\" ser\u00e1n expulsados del PRI Rep\u00fablica","og_description":"CIUDAD DE M\u00c9XICO. MX. \u2014 &nbsp;Luego de que fueron avaladas las reformas a los estatutos del PRI, que dan pie a la reelecci\u00f3n de su dirigente nacional, En Sonora en Equipo publicamos toda la informaci\u00f3n de Sonora, M\u00e9xico y el Mundo de manera oportuna y busca que la libertad de expresi\u00f3n sea real. Visita nuestro medio informativo publicado desde Hermosillo, Sonora. %","og_url":"https:\/\/www.sonoraenequipo.com.mx\/los-que-esten-en-contra-de-alito-seran-expulsados-del-pri\/","og_site_name":"Sonora en Equipo.","article_publisher":"https:\/\/www.facebook.com\/SonoraEE\/","article_author":"https:\/\/www.facebook.com\/SonoraEE","article_published_time":"2024-07-09T00:38:39+00:00","article_modified_time":"2024-07-09T01:20:05+00:00","og_image":[{"width":895,"height":526,"url":"https:\/\/www.sonoraenequipo.com.mx\/storage\/2024\/07\/amaga-alit-a-opositores-a-su-gestion-.-Foto-Luis-Castillo-min.jpg","type":"image\/jpeg"}],"author":"enequipo","twitter_card":"summary_large_image","twitter_creator":"@sonoraenequipo","twitter_site":"@sonoraenequipo","twitter_misc":{"Escrito por":"enequipo","Tiempo de lectura":"4 minutos"},"schema":{"@context":"https:\/\/schema.org","@graph":[{"@type":"Article","@id":"https:\/\/www.sonoraenequipo.com.mx\/los-que-esten-en-contra-de-alito-seran-expulsados-del-pri\/#article","isPartOf":{"@id":"https:\/\/www.sonoraenequipo.com.mx\/los-que-esten-en-contra-de-alito-seran-expulsados-del-pri\/"},"author":{"name":"enequipo","@id":"https:\/\/www.sonoraenequipo.com.mx\/#\/schema\/person\/50102df0fb23a8fa9e8effad8fa81386"},"headline":"Los que est\u00e9n en contra de \u00abAlito\u00bb ser\u00e1n expulsados del PRI","datePublished":"2024-07-09T00:38:39+00:00","dateModified":"2024-07-09T01:20:05+00:00","mainEntityOfPage":{"@id":"https:\/\/www.sonoraenequipo.com.mx\/los-que-esten-en-contra-de-alito-seran-expulsados-del-pri\/"},"wordCount":882,"commentCount":0,"publisher":{"@id":"https:\/\/www.sonoraenequipo.com.mx\/#organization"},"image":{"@id":"https:\/\/www.sonoraenequipo.com.mx\/los-que-esten-en-contra-de-alito-seran-expulsados-del-pri\/#primaryimage"},"thumbnailUrl":"https:\/\/www.sonoraenequipo.com.mx\/storage\/2024\/07\/amaga-alit-a-opositores-a-su-gestion-.-Foto-Luis-Castillo-min.jpg","articleSection":["Rep\u00fablica"],"inLanguage":"es","potentialAction":[{"@type":"CommentAction","name":"Comment","target":["https:\/\/www.sonoraenequipo.com.mx\/los-que-esten-en-contra-de-alito-seran-expulsados-del-pri\/#respond"]}]},{"@type":"WebPage","@id":"https:\/\/www.sonoraenequipo.com.mx\/los-que-esten-en-contra-de-alito-seran-expulsados-del-pri\/","url":"https:\/\/www.sonoraenequipo.com.mx\/los-que-esten-en-contra-de-alito-seran-expulsados-del-pri\/","name":"Sonora en Equipo. Los que est\u00e9n en contra de \"Alito\" ser\u00e1n expulsados del PRI Rep\u00fablica","isPartOf":{"@id":"https:\/\/www.sonoraenequipo.com.mx\/#website"},"primaryImageOfPage":{"@id":"https:\/\/www.sonoraenequipo.com.mx\/los-que-esten-en-contra-de-alito-seran-expulsados-del-pri\/#primaryimage"},"image":{"@id":"https:\/\/www.sonoraenequipo.com.mx\/los-que-esten-en-contra-de-alito-seran-expulsados-del-pri\/#primaryimage"},"thumbnailUrl":"https:\/\/www.sonoraenequipo.com.mx\/storage\/2024\/07\/amaga-alit-a-opositores-a-su-gestion-.-Foto-Luis-Castillo-min.jpg","datePublished":"2024-07-09T00:38:39+00:00","dateModified":"2024-07-09T01:20:05+00:00","description":"CIUDAD DE M\u00c9XICO. MX. \u2014 &nbsp;Luego de que fueron avaladas las reformas a los estatutos del PRI, que dan pie a la reelecci\u00f3n de su dirigente nacional, En Sonora en Equipo publicamos toda la informaci\u00f3n de Sonora, M\u00e9xico y el Mundo de manera oportuna y busca que la libertad de expresi\u00f3n sea real. Visita nuestro medio informativo publicado desde Hermosillo, Sonora. %","breadcrumb":{"@id":"https:\/\/www.sonoraenequipo.com.mx\/los-que-esten-en-contra-de-alito-seran-expulsados-del-pri\/#breadcrumb"},"inLanguage":"es","potentialAction":[{"@type":"ReadAction","target":["https:\/\/www.sonoraenequipo.com.mx\/los-que-esten-en-contra-de-alito-seran-expulsados-del-pri\/"]}]},{"@type":"ImageObject","inLanguage":"es","@id":"https:\/\/www.sonoraenequipo.com.mx\/los-que-esten-en-contra-de-alito-seran-expulsados-del-pri\/#primaryimage","url":"https:\/\/www.sonoraenequipo.com.mx\/storage\/2024\/07\/amaga-alit-a-opositores-a-su-gestion-.-Foto-Luis-Castillo-min.jpg","contentUrl":"https:\/\/www.sonoraenequipo.com.mx\/storage\/2024\/07\/amaga-alit-a-opositores-a-su-gestion-.-Foto-Luis-Castillo-min.jpg","width":895,"height":526},{"@type":"BreadcrumbList","@id":"https:\/\/www.sonoraenequipo.com.mx\/los-que-esten-en-contra-de-alito-seran-expulsados-del-pri\/#breadcrumb","itemListElement":[{"@type":"ListItem","position":1,"name":"Portada","item":"https:\/\/www.sonoraenequipo.com.mx\/"},{"@type":"ListItem","position":2,"name":"Los que est\u00e9n en contra de \u00abAlito\u00bb ser\u00e1n expulsados del PRI"}]},{"@type":"WebSite","@id":"https:\/\/www.sonoraenequipo.com.mx\/#website","url":"https:\/\/www.sonoraenequipo.com.mx\/","name":"Sonora en Equipo.","description":"Diario en l\u00ednea con Noticias desde Hermosillo, Sonora","publisher":{"@id":"https:\/\/www.sonoraenequipo.com.mx\/#organization"},"potentialAction":[{"@type":"SearchAction","target":{"@type":"EntryPoint","urlTemplate":"https:\/\/www.sonoraenequipo.com.mx\/?s={search_term_string}"},"query-input":{"@type":"PropertyValueSpecification","valueRequired":true,"valueName":"search_term_string"}}],"inLanguage":"es"},{"@type":"Organization","@id":"https:\/\/www.sonoraenequipo.com.mx\/#organization","name":"Sonoraenequipo.com.mx","url":"https:\/\/www.sonoraenequipo.com.mx\/","logo":{"@type":"ImageObject","inLanguage":"es","@id":"https:\/\/www.sonoraenequipo.com.mx\/#\/schema\/logo\/image\/","url":"https:\/\/www.sonoraenequipo.com.mx\/storage\/2019\/01\/sonoraenequipo_opt.png","contentUrl":"https:\/\/www.sonoraenequipo.com.mx\/storage\/2019\/01\/sonoraenequipo_opt.png","width":375,"height":125,"caption":"Sonoraenequipo.com.mx"},"image":{"@id":"https:\/\/www.sonoraenequipo.com.mx\/#\/schema\/logo\/image\/"},"sameAs":["https:\/\/www.facebook.com\/SonoraEE\/","https:\/\/x.com\/sonoraenequipo","https:\/\/www.youtube.com\/channel\/UC338nW-lPEYmJQs4ZABQ1SQ"]},{"@type":"Person","@id":"https:\/\/www.sonoraenequipo.com.mx\/#\/schema\/person\/50102df0fb23a8fa9e8effad8fa81386","name":"enequipo","image":{"@type":"ImageObject","inLanguage":"es","@id":"https:\/\/www.sonoraenequipo.com.mx\/#\/schema\/person\/image\/","url":"https:\/\/secure.gravatar.com\/avatar\/049821681b589dabc0bc20695993ccebb09f5b5d4d790cd9251b97faac7c652b?s=96&d=blank&r=g","contentUrl":"https:\/\/secure.gravatar.com\/avatar\/049821681b589dabc0bc20695993ccebb09f5b5d4d790cd9251b97faac7c652b?s=96&d=blank&r=g","caption":"enequipo"},"sameAs":["https:\/\/www.facebook.com\/SonoraEE"]}]}},"jetpack_featured_media_url":"https:\/\/www.sonoraenequipo.com.mx\/storage\/2024\/07\/amaga-alit-a-opositores-a-su-gestion-.-Foto-Luis-Castillo-min.jpg","_links":{"self":[{"href":"https:\/\/www.sonoraenequipo.com.mx\/api\/wp\/v2\/posts\/194035","targetHints":{"allow":["GET"]}}],"collection":[{"href":"https:\/\/www.sonoraenequipo.com.mx\/api\/wp\/v2\/posts"}],"about":[{"href":"https:\/\/www.sonoraenequipo.com.mx\/api\/wp\/v2\/types\/post"}],"author":[{"embeddable":true,"href":"https:\/\/www.sonoraenequipo.com.mx\/api\/wp\/v2\/users\/1"}],"replies":[{"embeddable":true,"href":"https:\/\/www.sonoraenequipo.com.mx\/api\/wp\/v2\/comments?post=194035"}],"version-history":[{"count":2,"href":"https:\/\/www.sonoraenequipo.com.mx\/api\/wp\/v2\/posts\/194035\/revisions"}],"predecessor-version":[{"id":194052,"href":"https:\/\/www.sonoraenequipo.com.mx\/api\/wp\/v2\/posts\/194035\/revisions\/194052"}],"wp:featuredmedia":[{"embeddable":true,"href":"https:\/\/www.sonoraenequipo.com.mx\/api\/wp\/v2\/media\/194020"}],"wp:attachment":[{"href":"https:\/\/www.sonoraenequipo.com.mx\/api\/wp\/v2\/media?parent=194035"}],"wp:term":[{"taxonomy":"category","embeddable":true,"href":"https:\/\/www.sonoraenequipo.com.mx\/api\/wp\/v2\/categories?post=194035"},{"taxonomy":"post_tag","embeddable":true,"href":"https:\/\/www.sonoraenequipo.com.mx\/api\/wp\/v2\/tags?post=194035"}],"curies":[{"name":"wp","href":"https:\/\/api.w.org\/{rel}","templated":true}]}}