{"id":194043,"date":"2024-07-08T16:49:05","date_gmt":"2024-07-08T23:49:05","guid":{"rendered":"https:\/\/www.sonoraenequipo.com.mx\/?p=194043"},"modified":"2024-07-08T16:49:05","modified_gmt":"2024-07-08T23:49:05","slug":"por-maltrato-infantil-contra-su-hijastra-mujer-recibe-20-anos-de-prision","status":"publish","type":"post","link":"https:\/\/www.sonoraenequipo.com.mx\/por-maltrato-infantil-contra-su-hijastra-mujer-recibe-20-anos-de-prision\/","title":{"rendered":"Por maltrato infantil contra su hijastra, mujer recibe 20 a\u00f1os de prisi\u00f3n"},"content":{"rendered":"<p><strong>SAN LUIS R\u00cdO COLORADO, SONORA, MX.<\/strong><strong> \u0336 \u0336\u00a0 <\/strong>En su compromiso de garantizar que las ni\u00f1as, ni\u00f1os y adolescentes vivan libres de violencia, la Fiscal\u00eda General de Justicia del Estado de Sonora (FGJES) obtuvo una condena de 20 a\u00f1os de prisi\u00f3n para Bertha Yadira \u201cN\u201d, de 46 a\u00f1os, por su responsabilidad en el delito de maltrato infantil cometido contra su hijastra de 11 a\u00f1os.<\/p>\n<p>&nbsp;<\/p>\n<p>Los hechos que se le atribuyeron a la mujer, con base en diversos actos de investigaci\u00f3n, comenzaron en septiembre de 2023 en un domicilio ubicado en la colonia Joyas del Parque, en San Luis R\u00edo Colorado, Sonora, donde la ni\u00f1a estaba al cuidado de la se\u00f1ora, ya que su pareja, y padre de la menor, est\u00e1 preso.<\/p>\n<p>&nbsp;<\/p>\n<p>En diversas ocasiones, ella agredi\u00f3 f\u00edsicamente a su hijastra, caus\u00e1ndole lesiones en diferentes partes del cuerpo por quemaduras, ara\u00f1azos, la flagel\u00f3 con un cable el\u00e9ctrico en espalda y piernas, la golpe\u00f3 con un palo de mezquite en ambas piernas y aplic\u00f3 fuerza en sus manos hasta lesionarla.<\/p>\n<p>&nbsp;<\/p>\n<p>Todo el maltrato que cometi\u00f3 Bertha Yadira \u201cN\u201d entre septiembre y diciembre de 2023 ocurri\u00f3 bajo amenazas de muerte. Le dec\u00eda a la v\u00edctima que, si llegaba a hablar, la matar\u00eda a ella, a su padre y al resto de su familia; adem\u00e1s, debido al temor que sent\u00eda, la ni\u00f1a ocult\u00f3 las agresiones hasta que decidi\u00f3 contarlo, lo que deriv\u00f3 en la denuncia.<\/p>\n<p>&nbsp;<\/p>\n<p>La mujer recibi\u00f3 la pena de 20 a\u00f1os de prisi\u00f3n el pasado 2 de julio al dictarse el fallo condenatoria, adem\u00e1s, deber\u00e1 pagar 829 mil 520 pesos de multa y 73 mil 552 pesos para la reparaci\u00f3n del da\u00f1o a favor de la v\u00edctima, quien recibi\u00f3 acompa\u00f1amiento psicol\u00f3gico por personal del Centro de Atenci\u00f3n a V\u00edctimas del Delito (CAVID).<\/p>\n<p>&nbsp;<\/p>\n<p>La Fiscal\u00eda General de Justicia del Estado de Sonora (FGJES) reafirma su compromiso con la protecci\u00f3n de los derechos de ni\u00f1as, ni\u00f1os y adolescentes, garantizando as\u00ed una pronta respuesta en la investigaci\u00f3n, captura y enjuiciamiento de cualquier persona que vulnere su integridad, buscando siempre condenas ejemplares.<\/p>\n<p><strong>Fecha de publicaci\u00f3n lunes 8 de\u00a0 julio\u00a0 de 2024<\/strong><\/p>\n<p>&nbsp;<\/p>\n","protected":false},"excerpt":{"rendered":"<p>SAN LUIS R\u00cdO COLORADO, SONORA, MX. \u0336 \u0336\u00a0 En su compromiso de garantizar que las&#8230;<\/p>\n","protected":false},"author":1,"featured_media":194044,"comment_status":"open","ping_status":"open","sticky":false,"template":"","format":"standard","meta":{"_monsterinsights_skip_tracking":false,"_monsterinsights_sitenote_active":false,"_monsterinsights_sitenote_note":"","_monsterinsights_sitenote_category":0,"footnotes":""},"categories":[3144],"tags":[2353],"class_list":["post"],"yoast_head":" \n<title>Sonora en Equipo. Por maltrato infantil contra su hijastra, mujer recibe 20 a\u00f1os de prisi\u00f3n Polic\u00edaca<\/title>\n<meta name=\"description\" content=\"SAN LUIS R\u00cdO COLORADO, SONORA, MX. \u0336 \u0336\u00a0 En su compromiso de garantizar que las ni\u00f1as, ni\u00f1os y adolescentes vivan libres de violencia, la Fiscal\u00eda General En Sonora en Equipo publicamos toda la informaci\u00f3n de Sonora, M\u00e9xico y el Mundo de manera oportuna y busca que la libertad de expresi\u00f3n sea real. Visita nuestro medio informativo publicado desde Hermosillo, Sonora. %\" \/>\n<meta name=\"robots\" content=\"index, follow, max-snippet:-1, max-image-preview:large, max-video-preview:-1\" \/>\n<link rel=\"canonical\" href=\"https:\/\/www.sonoraenequipo.com.mx\/por-maltrato-infantil-contra-su-hijastra-mujer-recibe-20-anos-de-prision\/\" \/>\n<meta property=\"og:locale\" content=\"es_ES\" \/>\n<meta property=\"og:type\" content=\"article\" \/>\n<meta property=\"og:title\" content=\"Sonora en Equipo. Por maltrato infantil contra su hijastra, mujer recibe 20 a\u00f1os de prisi\u00f3n Polic\u00edaca\" \/>\n<meta property=\"og:description\" content=\"SAN LUIS R\u00cdO COLORADO, SONORA, MX. \u0336 \u0336\u00a0 En su compromiso de garantizar que las ni\u00f1as, ni\u00f1os y adolescentes vivan libres de violencia, la Fiscal\u00eda General En Sonora en Equipo publicamos toda la informaci\u00f3n de Sonora, M\u00e9xico y el Mundo de manera oportuna y busca que la libertad de expresi\u00f3n sea real. Visita nuestro medio informativo publicado desde Hermosillo, Sonora. %\" \/>\n<meta property=\"og:url\" content=\"https:\/\/www.sonoraenequipo.com.mx\/por-maltrato-infantil-contra-su-hijastra-mujer-recibe-20-anos-de-prision\/\" \/>\n<meta property=\"og:site_name\" content=\"Sonora en Equipo.\" \/>\n<meta property=\"article:publisher\" content=\"https:\/\/www.facebook.com\/SonoraEE\/\" \/>\n<meta property=\"article:author\" content=\"https:\/\/www.facebook.com\/SonoraEE\" \/>\n<meta property=\"article:published_time\" content=\"2024-07-08T23:49:05+00:00\" \/>\n<meta property=\"og:image\" content=\"https:\/\/www.sonoraenequipo.com.mx\/storage\/2024\/07\/BERTHA-YADIRA.jpg\" \/>\n\t<meta property=\"og:image:width\" content=\"800\" \/>\n\t<meta property=\"og:image:height\" content=\"600\" \/>\n\t<meta property=\"og:image:type\" content=\"image\/jpeg\" \/>\n<meta name=\"author\" content=\"enequipo\" \/>\n<meta name=\"twitter:card\" content=\"summary_large_image\" \/>\n<meta name=\"twitter:creator\" content=\"@sonoraenequipo\" \/>\n<meta name=\"twitter:site\" content=\"@sonoraenequipo\" \/>\n<meta name=\"twitter:label1\" content=\"Escrito por\" \/>\n\t<meta name=\"twitter:data1\" content=\"enequipo\" \/>\n\t<meta name=\"twitter:label2\" content=\"Tiempo de lectura\" \/>\n\t<meta name=\"twitter:data2\" content=\"2 minutos\" \/>\n<script type=\"application\/ld+json\" class=\"yoast-schema-graph\">{\"@context\":\"https:\/\/schema.org\",\"@graph\":[{\"@type\":\"Article\",\"@id\":\"https:\/\/www.sonoraenequipo.com.mx\/por-maltrato-infantil-contra-su-hijastra-mujer-recibe-20-anos-de-prision\/#article\",\"isPartOf\":{\"@id\":\"https:\/\/www.sonoraenequipo.com.mx\/por-maltrato-infantil-contra-su-hijastra-mujer-recibe-20-anos-de-prision\/\"},\"author\":{\"name\":\"enequipo\",\"@id\":\"https:\/\/www.sonoraenequipo.com.mx\/#\/schema\/person\/50102df0fb23a8fa9e8effad8fa81386\"},\"headline\":\"Por maltrato infantil contra su hijastra, mujer recibe 20 a\u00f1os de prisi\u00f3n\",\"datePublished\":\"2024-07-08T23:49:05+00:00\",\"mainEntityOfPage\":{\"@id\":\"https:\/\/www.sonoraenequipo.com.mx\/por-maltrato-infantil-contra-su-hijastra-mujer-recibe-20-anos-de-prision\/\"},\"wordCount\":387,\"commentCount\":0,\"publisher\":{\"@id\":\"https:\/\/www.sonoraenequipo.com.mx\/#organization\"},\"image\":{\"@id\":\"https:\/\/www.sonoraenequipo.com.mx\/por-maltrato-infantil-contra-su-hijastra-mujer-recibe-20-anos-de-prision\/#primaryimage\"},\"thumbnailUrl\":\"https:\/\/www.sonoraenequipo.com.mx\/storage\/2024\/07\/BERTHA-YADIRA.jpg\",\"keywords\":[\"Maltrato infantil\"],\"articleSection\":[\"Polic\u00edaca\"],\"inLanguage\":\"es\",\"potentialAction\":[{\"@type\":\"CommentAction\",\"name\":\"Comment\",\"target\":[\"https:\/\/www.sonoraenequipo.com.mx\/por-maltrato-infantil-contra-su-hijastra-mujer-recibe-20-anos-de-prision\/#respond\"]}]},{\"@type\":\"WebPage\",\"@id\":\"https:\/\/www.sonoraenequipo.com.mx\/por-maltrato-infantil-contra-su-hijastra-mujer-recibe-20-anos-de-prision\/\",\"url\":\"https:\/\/www.sonoraenequipo.com.mx\/por-maltrato-infantil-contra-su-hijastra-mujer-recibe-20-anos-de-prision\/\",\"name\":\"Sonora en Equipo. Por maltrato infantil contra su hijastra, mujer recibe 20 a\u00f1os de prisi\u00f3n Polic\u00edaca\",\"isPartOf\":{\"@id\":\"https:\/\/www.sonoraenequipo.com.mx\/#website\"},\"primaryImageOfPage\":{\"@id\":\"https:\/\/www.sonoraenequipo.com.mx\/por-maltrato-infantil-contra-su-hijastra-mujer-recibe-20-anos-de-prision\/#primaryimage\"},\"image\":{\"@id\":\"https:\/\/www.sonoraenequipo.com.mx\/por-maltrato-infantil-contra-su-hijastra-mujer-recibe-20-anos-de-prision\/#primaryimage\"},\"thumbnailUrl\":\"https:\/\/www.sonoraenequipo.com.mx\/storage\/2024\/07\/BERTHA-YADIRA.jpg\",\"datePublished\":\"2024-07-08T23:49:05+00:00\",\"description\":\"SAN LUIS R\u00cdO COLORADO, SONORA, MX. \u0336 \u0336\u00a0 En su compromiso de garantizar que las ni\u00f1as, ni\u00f1os y adolescentes vivan libres de violencia, la Fiscal\u00eda General En Sonora en Equipo publicamos toda la informaci\u00f3n de Sonora, M\u00e9xico y el Mundo de manera oportuna y busca que la libertad de expresi\u00f3n sea real. Visita nuestro medio informativo publicado desde Hermosillo, Sonora. %\",\"breadcrumb\":{\"@id\":\"https:\/\/www.sonoraenequipo.com.mx\/por-maltrato-infantil-contra-su-hijastra-mujer-recibe-20-anos-de-prision\/#breadcrumb\"},\"inLanguage\":\"es\",\"potentialAction\":[{\"@type\":\"ReadAction\",\"target\":[\"https:\/\/www.sonoraenequipo.com.mx\/por-maltrato-infantil-contra-su-hijastra-mujer-recibe-20-anos-de-prision\/\"]}]},{\"@type\":\"ImageObject\",\"inLanguage\":\"es\",\"@id\":\"https:\/\/www.sonoraenequipo.com.mx\/por-maltrato-infantil-contra-su-hijastra-mujer-recibe-20-anos-de-prision\/#primaryimage\",\"url\":\"https:\/\/www.sonoraenequipo.com.mx\/storage\/2024\/07\/BERTHA-YADIRA.jpg\",\"contentUrl\":\"https:\/\/www.sonoraenequipo.com.mx\/storage\/2024\/07\/BERTHA-YADIRA.jpg\",\"width\":800,\"height\":600},{\"@type\":\"BreadcrumbList\",\"@id\":\"https:\/\/www.sonoraenequipo.com.mx\/por-maltrato-infantil-contra-su-hijastra-mujer-recibe-20-anos-de-prision\/#breadcrumb\",\"itemListElement\":[{\"@type\":\"ListItem\",\"position\":1,\"name\":\"Portada\",\"item\":\"https:\/\/www.sonoraenequipo.com.mx\/\"},{\"@type\":\"ListItem\",\"position\":2,\"name\":\"Por maltrato infantil contra su hijastra, mujer recibe 20 a\u00f1os de prisi\u00f3n\"}]},{\"@type\":\"WebSite\",\"@id\":\"https:\/\/www.sonoraenequipo.com.mx\/#website\",\"url\":\"https:\/\/www.sonoraenequipo.com.mx\/\",\"name\":\"Sonora en Equipo.\",\"description\":\"Diario en l\u00ednea con Noticias desde Hermosillo, Sonora\",\"publisher\":{\"@id\":\"https:\/\/www.sonoraenequipo.com.mx\/#organization\"},\"potentialAction\":[{\"@type\":\"SearchAction\",\"target\":{\"@type\":\"EntryPoint\",\"urlTemplate\":\"https:\/\/www.sonoraenequipo.com.mx\/?s={search_term_string}\"},\"query-input\":{\"@type\":\"PropertyValueSpecification\",\"valueRequired\":true,\"valueName\":\"search_term_string\"}}],\"inLanguage\":\"es\"},{\"@type\":\"Organization\",\"@id\":\"https:\/\/www.sonoraenequipo.com.mx\/#organization\",\"name\":\"Sonoraenequipo.com.mx\",\"url\":\"https:\/\/www.sonoraenequipo.com.mx\/\",\"logo\":{\"@type\":\"ImageObject\",\"inLanguage\":\"es\",\"@id\":\"https:\/\/www.sonoraenequipo.com.mx\/#\/schema\/logo\/image\/\",\"url\":\"https:\/\/www.sonoraenequipo.com.mx\/storage\/2019\/01\/sonoraenequipo_opt.png\",\"contentUrl\":\"https:\/\/www.sonoraenequipo.com.mx\/storage\/2019\/01\/sonoraenequipo_opt.png\",\"width\":375,\"height\":125,\"caption\":\"Sonoraenequipo.com.mx\"},\"image\":{\"@id\":\"https:\/\/www.sonoraenequipo.com.mx\/#\/schema\/logo\/image\/\"},\"sameAs\":[\"https:\/\/www.facebook.com\/SonoraEE\/\",\"https:\/\/x.com\/sonoraenequipo\",\"https:\/\/www.youtube.com\/channel\/UC338nW-lPEYmJQs4ZABQ1SQ\"]},{\"@type\":\"Person\",\"@id\":\"https:\/\/www.sonoraenequipo.com.mx\/#\/schema\/person\/50102df0fb23a8fa9e8effad8fa81386\",\"name\":\"enequipo\",\"image\":{\"@type\":\"ImageObject\",\"inLanguage\":\"es\",\"@id\":\"https:\/\/www.sonoraenequipo.com.mx\/#\/schema\/person\/image\/\",\"url\":\"https:\/\/secure.gravatar.com\/avatar\/049821681b589dabc0bc20695993ccebb09f5b5d4d790cd9251b97faac7c652b?s=96&d=blank&r=g\",\"contentUrl\":\"https:\/\/secure.gravatar.com\/avatar\/049821681b589dabc0bc20695993ccebb09f5b5d4d790cd9251b97faac7c652b?s=96&d=blank&r=g\",\"caption\":\"enequipo\"},\"sameAs\":[\"https:\/\/www.facebook.com\/SonoraEE\"]}]}<\/script>\n ","yoast_head_json":{"title":"Sonora en Equipo. Por maltrato infantil contra su hijastra, mujer recibe 20 a\u00f1os de prisi\u00f3n Polic\u00edaca","description":"SAN LUIS R\u00cdO COLORADO, SONORA, MX. \u0336 \u0336\u00a0 En su compromiso de garantizar que las ni\u00f1as, ni\u00f1os y adolescentes vivan libres de violencia, la Fiscal\u00eda General En Sonora en Equipo publicamos toda la informaci\u00f3n de Sonora, M\u00e9xico y el Mundo de manera oportuna y busca que la libertad de expresi\u00f3n sea real. Visita nuestro medio informativo publicado desde Hermosillo, Sonora. %","robots":{"index":"index","follow":"follow","max-snippet":"max-snippet:-1","max-image-preview":"max-image-preview:large","max-video-preview":"max-video-preview:-1"},"canonical":"https:\/\/www.sonoraenequipo.com.mx\/por-maltrato-infantil-contra-su-hijastra-mujer-recibe-20-anos-de-prision\/","og_locale":"es_ES","og_type":"article","og_title":"Sonora en Equipo. Por maltrato infantil contra su hijastra, mujer recibe 20 a\u00f1os de prisi\u00f3n Polic\u00edaca","og_description":"SAN LUIS R\u00cdO COLORADO, SONORA, MX. \u0336 \u0336\u00a0 En su compromiso de garantizar que las ni\u00f1as, ni\u00f1os y adolescentes vivan libres de violencia, la Fiscal\u00eda General En Sonora en Equipo publicamos toda la informaci\u00f3n de Sonora, M\u00e9xico y el Mundo de manera oportuna y busca que la libertad de expresi\u00f3n sea real. Visita nuestro medio informativo publicado desde Hermosillo, Sonora. %","og_url":"https:\/\/www.sonoraenequipo.com.mx\/por-maltrato-infantil-contra-su-hijastra-mujer-recibe-20-anos-de-prision\/","og_site_name":"Sonora en Equipo.","article_publisher":"https:\/\/www.facebook.com\/SonoraEE\/","article_author":"https:\/\/www.facebook.com\/SonoraEE","article_published_time":"2024-07-08T23:49:05+00:00","og_image":[{"width":800,"height":600,"url":"https:\/\/www.sonoraenequipo.com.mx\/storage\/2024\/07\/BERTHA-YADIRA.jpg","type":"image\/jpeg"}],"author":"enequipo","twitter_card":"summary_large_image","twitter_creator":"@sonoraenequipo","twitter_site":"@sonoraenequipo","twitter_misc":{"Escrito por":"enequipo","Tiempo de lectura":"2 minutos"},"schema":{"@context":"https:\/\/schema.org","@graph":[{"@type":"Article","@id":"https:\/\/www.sonoraenequipo.com.mx\/por-maltrato-infantil-contra-su-hijastra-mujer-recibe-20-anos-de-prision\/#article","isPartOf":{"@id":"https:\/\/www.sonoraenequipo.com.mx\/por-maltrato-infantil-contra-su-hijastra-mujer-recibe-20-anos-de-prision\/"},"author":{"name":"enequipo","@id":"https:\/\/www.sonoraenequipo.com.mx\/#\/schema\/person\/50102df0fb23a8fa9e8effad8fa81386"},"headline":"Por maltrato infantil contra su hijastra, mujer recibe 20 a\u00f1os de prisi\u00f3n","datePublished":"2024-07-08T23:49:05+00:00","mainEntityOfPage":{"@id":"https:\/\/www.sonoraenequipo.com.mx\/por-maltrato-infantil-contra-su-hijastra-mujer-recibe-20-anos-de-prision\/"},"wordCount":387,"commentCount":0,"publisher":{"@id":"https:\/\/www.sonoraenequipo.com.mx\/#organization"},"image":{"@id":"https:\/\/www.sonoraenequipo.com.mx\/por-maltrato-infantil-contra-su-hijastra-mujer-recibe-20-anos-de-prision\/#primaryimage"},"thumbnailUrl":"https:\/\/www.sonoraenequipo.com.mx\/storage\/2024\/07\/BERTHA-YADIRA.jpg","keywords":["Maltrato infantil"],"articleSection":["Polic\u00edaca"],"inLanguage":"es","potentialAction":[{"@type":"CommentAction","name":"Comment","target":["https:\/\/www.sonoraenequipo.com.mx\/por-maltrato-infantil-contra-su-hijastra-mujer-recibe-20-anos-de-prision\/#respond"]}]},{"@type":"WebPage","@id":"https:\/\/www.sonoraenequipo.com.mx\/por-maltrato-infantil-contra-su-hijastra-mujer-recibe-20-anos-de-prision\/","url":"https:\/\/www.sonoraenequipo.com.mx\/por-maltrato-infantil-contra-su-hijastra-mujer-recibe-20-anos-de-prision\/","name":"Sonora en Equipo. Por maltrato infantil contra su hijastra, mujer recibe 20 a\u00f1os de prisi\u00f3n Polic\u00edaca","isPartOf":{"@id":"https:\/\/www.sonoraenequipo.com.mx\/#website"},"primaryImageOfPage":{"@id":"https:\/\/www.sonoraenequipo.com.mx\/por-maltrato-infantil-contra-su-hijastra-mujer-recibe-20-anos-de-prision\/#primaryimage"},"image":{"@id":"https:\/\/www.sonoraenequipo.com.mx\/por-maltrato-infantil-contra-su-hijastra-mujer-recibe-20-anos-de-prision\/#primaryimage"},"thumbnailUrl":"https:\/\/www.sonoraenequipo.com.mx\/storage\/2024\/07\/BERTHA-YADIRA.jpg","datePublished":"2024-07-08T23:49:05+00:00","description":"SAN LUIS R\u00cdO COLORADO, SONORA, MX. \u0336 \u0336\u00a0 En su compromiso de garantizar que las ni\u00f1as, ni\u00f1os y adolescentes vivan libres de violencia, la Fiscal\u00eda General En Sonora en Equipo publicamos toda la informaci\u00f3n de Sonora, M\u00e9xico y el Mundo de manera oportuna y busca que la libertad de expresi\u00f3n sea real. Visita nuestro medio informativo publicado desde Hermosillo, Sonora. %","breadcrumb":{"@id":"https:\/\/www.sonoraenequipo.com.mx\/por-maltrato-infantil-contra-su-hijastra-mujer-recibe-20-anos-de-prision\/#breadcrumb"},"inLanguage":"es","potentialAction":[{"@type":"ReadAction","target":["https:\/\/www.sonoraenequipo.com.mx\/por-maltrato-infantil-contra-su-hijastra-mujer-recibe-20-anos-de-prision\/"]}]},{"@type":"ImageObject","inLanguage":"es","@id":"https:\/\/www.sonoraenequipo.com.mx\/por-maltrato-infantil-contra-su-hijastra-mujer-recibe-20-anos-de-prision\/#primaryimage","url":"https:\/\/www.sonoraenequipo.com.mx\/storage\/2024\/07\/BERTHA-YADIRA.jpg","contentUrl":"https:\/\/www.sonoraenequipo.com.mx\/storage\/2024\/07\/BERTHA-YADIRA.jpg","width":800,"height":600},{"@type":"BreadcrumbList","@id":"https:\/\/www.sonoraenequipo.com.mx\/por-maltrato-infantil-contra-su-hijastra-mujer-recibe-20-anos-de-prision\/#breadcrumb","itemListElement":[{"@type":"ListItem","position":1,"name":"Portada","item":"https:\/\/www.sonoraenequipo.com.mx\/"},{"@type":"ListItem","position":2,"name":"Por maltrato infantil contra su hijastra, mujer recibe 20 a\u00f1os de prisi\u00f3n"}]},{"@type":"WebSite","@id":"https:\/\/www.sonoraenequipo.com.mx\/#website","url":"https:\/\/www.sonoraenequipo.com.mx\/","name":"Sonora en Equipo.","description":"Diario en l\u00ednea con Noticias desde Hermosillo, Sonora","publisher":{"@id":"https:\/\/www.sonoraenequipo.com.mx\/#organization"},"potentialAction":[{"@type":"SearchAction","target":{"@type":"EntryPoint","urlTemplate":"https:\/\/www.sonoraenequipo.com.mx\/?s={search_term_string}"},"query-input":{"@type":"PropertyValueSpecification","valueRequired":true,"valueName":"search_term_string"}}],"inLanguage":"es"},{"@type":"Organization","@id":"https:\/\/www.sonoraenequipo.com.mx\/#organization","name":"Sonoraenequipo.com.mx","url":"https:\/\/www.sonoraenequipo.com.mx\/","logo":{"@type":"ImageObject","inLanguage":"es","@id":"https:\/\/www.sonoraenequipo.com.mx\/#\/schema\/logo\/image\/","url":"https:\/\/www.sonoraenequipo.com.mx\/storage\/2019\/01\/sonoraenequipo_opt.png","contentUrl":"https:\/\/www.sonoraenequipo.com.mx\/storage\/2019\/01\/sonoraenequipo_opt.png","width":375,"height":125,"caption":"Sonoraenequipo.com.mx"},"image":{"@id":"https:\/\/www.sonoraenequipo.com.mx\/#\/schema\/logo\/image\/"},"sameAs":["https:\/\/www.facebook.com\/SonoraEE\/","https:\/\/x.com\/sonoraenequipo","https:\/\/www.youtube.com\/channel\/UC338nW-lPEYmJQs4ZABQ1SQ"]},{"@type":"Person","@id":"https:\/\/www.sonoraenequipo.com.mx\/#\/schema\/person\/50102df0fb23a8fa9e8effad8fa81386","name":"enequipo","image":{"@type":"ImageObject","inLanguage":"es","@id":"https:\/\/www.sonoraenequipo.com.mx\/#\/schema\/person\/image\/","url":"https:\/\/secure.gravatar.com\/avatar\/049821681b589dabc0bc20695993ccebb09f5b5d4d790cd9251b97faac7c652b?s=96&d=blank&r=g","contentUrl":"https:\/\/secure.gravatar.com\/avatar\/049821681b589dabc0bc20695993ccebb09f5b5d4d790cd9251b97faac7c652b?s=96&d=blank&r=g","caption":"enequipo"},"sameAs":["https:\/\/www.facebook.com\/SonoraEE"]}]}},"jetpack_featured_media_url":"https:\/\/www.sonoraenequipo.com.mx\/storage\/2024\/07\/BERTHA-YADIRA.jpg","_links":{"self":[{"href":"https:\/\/www.sonoraenequipo.com.mx\/api\/wp\/v2\/posts\/194043","targetHints":{"allow":["GET"]}}],"collection":[{"href":"https:\/\/www.sonoraenequipo.com.mx\/api\/wp\/v2\/posts"}],"about":[{"href":"https:\/\/www.sonoraenequipo.com.mx\/api\/wp\/v2\/types\/post"}],"author":[{"embeddable":true,"href":"https:\/\/www.sonoraenequipo.com.mx\/api\/wp\/v2\/users\/1"}],"replies":[{"embeddable":true,"href":"https:\/\/www.sonoraenequipo.com.mx\/api\/wp\/v2\/comments?post=194043"}],"version-history":[{"count":1,"href":"https:\/\/www.sonoraenequipo.com.mx\/api\/wp\/v2\/posts\/194043\/revisions"}],"predecessor-version":[{"id":194045,"href":"https:\/\/www.sonoraenequipo.com.mx\/api\/wp\/v2\/posts\/194043\/revisions\/194045"}],"wp:featuredmedia":[{"embeddable":true,"href":"https:\/\/www.sonoraenequipo.com.mx\/api\/wp\/v2\/media\/194044"}],"wp:attachment":[{"href":"https:\/\/www.sonoraenequipo.com.mx\/api\/wp\/v2\/media?parent=194043"}],"wp:term":[{"taxonomy":"category","embeddable":true,"href":"https:\/\/www.sonoraenequipo.com.mx\/api\/wp\/v2\/categories?post=194043"},{"taxonomy":"post_tag","embeddable":true,"href":"https:\/\/www.sonoraenequipo.com.mx\/api\/wp\/v2\/tags?post=194043"}],"curies":[{"name":"wp","href":"https:\/\/api.w.org\/{rel}","templated":true}]}}