{"id":194066,"date":"2024-07-08T19:54:42","date_gmt":"2024-07-09T02:54:42","guid":{"rendered":"https:\/\/www.sonoraenequipo.com.mx\/?p=194066"},"modified":"2024-07-08T20:35:07","modified_gmt":"2024-07-09T03:35:07","slug":"se-desploma-el-consumo-de-carne-vacuno-en-argentina","status":"publish","type":"post","link":"https:\/\/www.sonoraenequipo.com.mx\/se-desploma-el-consumo-de-carne-vacuno-en-argentina\/","title":{"rendered":"Se desploma el consumo de carne vacuno en Argentina"},"content":{"rendered":"<p><strong>BUENOS AIRES, ARGENTINA. \u2014 <\/strong>\u00a0Los jugosos <em><strong>\u00abbifes\u00bb<\/strong><\/em> de carne vacuna son un lujo cada vez m\u00e1s privativo para la mayor\u00eda de los argentinos que han restringido de su dieta este alimento hasta hacer caer su consumo al m\u00ednimo en un siglo, revel\u00f3 un informe de la Bolsa de Comercio de Rosario.<\/p>\n<p>&nbsp;<\/p>\n<p>&nbsp;<\/p>\n<p> <\/p>\n<p>De proseguir la tendencia, el consumo por habitante en 2024 cerrar\u00e1 en torno a los 44.8 kilos por habitante, el menor indicador desde 1920, report\u00f3 el estudio.<\/p>\n<p>&nbsp;<\/p>\n<p>&nbsp;<\/p>\n<p>En Argentina, orgulloso de la calidad de su carne vacuna, el consumo promedio hist\u00f3rico de este alimento es de 72.9 kilos por a\u00f1o por habitante.<\/p>\n<p>&nbsp;<\/p>\n<p>&nbsp;<\/p>\n<p>La merma es el resultado del golpe al bolsillo de la inflaci\u00f3n, que fue del 280 por ciento interanual a mayo \u00faltimo, y de la recesi\u00f3n econ\u00f3mica con derrumbe generalizado de todas las actividades, seg\u00fan \u00edndices oficiales.<\/p>\n<p>&nbsp;<\/p>\n<p>&nbsp;<\/p>\n<p>M\u00e1s de la mitad de la poblaci\u00f3n argentina de 45 millones de habitantes es pobre, seg\u00fan las estad\u00edsticas.<\/p>\n<p>&nbsp;<\/p>\n<p>&nbsp;<\/p>\n<p>En la ciudad de Buenos Aires, la m\u00e1s rica del pa\u00eds, la tasa de indigencia -aquellos que no pueden comprar la canasta b\u00e1sica de alimentos- se duplic\u00f3 de 8 a 16 por ciento en el primer trimestre de este a\u00f1o respecto a igual per\u00edodo del a\u00f1o pasado.<\/p>\n<p>&nbsp;<\/p>\n<p>&nbsp;<\/p>\n<p>La consecuencia es la migraci\u00f3n de los consumidores hacia otros tipos de alimentos que aportan prote\u00ednas y son m\u00e1s econ\u00f3micos, como la carne de ave y de cerdo, seg\u00fan el informe.<\/p>\n<p>&nbsp;<\/p>\n<p>&nbsp;<\/p>\n<p>As\u00ed y todo, tambi\u00e9n se ha registrado una ca\u00edda de todas las carnes en conjunto.<\/p>\n<p>&nbsp;<\/p>\n<p>&nbsp;<\/p>\n<p><em><strong>\u00abEl consumo total de carnes bovina, aviar y porcina en Argentina podr\u00eda ubicarse en el a\u00f1o 2024 en torno a los 105.7 kg por habitante, lo que representa que cada habitante consumir\u00eda en 2024 siete kilos menos de carnes en comparaci\u00f3n al promedio de los \u00faltimos diez a\u00f1os, que es de 112.8 kg\u00bb,<\/strong><\/em> indic\u00f3 el informe.<\/p>\n<p>&nbsp;<\/p>\n<p>&nbsp;<\/p>\n<p>En el caso de la carne vacuna, la merma del consumo en Argentina es una tendencia que se viene observando desde hace m\u00e1s de una d\u00e9cada, aunque nunca con n\u00fameros tan elocuentes como en el presente.<\/p>\n<p>&nbsp;<\/p>\n<p>&nbsp;<\/p>\n<p>Ello tambi\u00e9n ha tenido impacto en las exportaciones.<\/p>\n<p>&nbsp;<\/p>\n<p>&nbsp;<\/p>\n<p><em><strong>\u00abEl 69 por ciento de la producci\u00f3n de carne vacuna entre enero y mayo de este a\u00f1o se destin\u00f3 al mercado interno, frente al 75 por ciento del a\u00f1o pasado y lejos del 85 por ciento promedio de lo que va del siglo\u00bb<\/strong><\/em>, report\u00f3 el informe.<\/p>\n<p>&nbsp;<\/p>\n<p>&nbsp;<\/p>\n<p>En contrapartida ha aumentado el volumen exportado, aunque el impacto en ingresos no fue tan lucrativo por la ca\u00edda de los precios internacionales.<\/p>\n<p>&nbsp;<\/p>\n<p>&nbsp;<\/p>\n<p>As\u00ed <em><strong>\u00abentre enero y mayo (de 2024) la exportaci\u00f3n de res con hueso alcanz\u00f3 385 mil toneladas, un 10 por ciento m\u00e1s que en 2023. Sin embargo, medido en valor, la exportaci\u00f3n solo creci\u00f3 1 por ciento, ya que los precios promedio de exportaci\u00f3n cayeron 8 por ciento respecto a los primeros cinco meses del a\u00f1o pasado\u00bb,<\/strong><\/em> detall\u00f3 la Bolsa.<\/p>\n<p>&nbsp;<\/p>\n<p>&nbsp;<\/p>\n<p>PUBLICADO EL 08 DE JULIO DE 2024 Con informaci\u00f3n de<\/p>\n","protected":false},"excerpt":{"rendered":"<p>BUENOS AIRES, ARGENTINA. \u2014 \u00a0Los jugosos \u00abbifes\u00bb de carne vacuna son un lujo cada vez&#8230;<\/p>\n","protected":false},"author":1,"featured_media":194021,"comment_status":"open","ping_status":"open","sticky":false,"template":"","format":"standard","meta":{"_monsterinsights_skip_tracking":false,"_monsterinsights_sitenote_active":false,"_monsterinsights_sitenote_note":"","_monsterinsights_sitenote_category":0,"footnotes":""},"categories":[3],"tags":[],"class_list":["post"],"yoast_head":" \n<title>Sonora en Equipo. Se desploma el consumo de carne vacuno en Argentina MUNDO<\/title>\n<meta name=\"description\" content=\"BUENOS AIRES, ARGENTINA. \u2014 \u00a0Los jugosos &quot;bifes&quot; de carne vacuna son un lujo cada vez m\u00e1s privativo para la mayor\u00eda de los argentinos que han restringido En Sonora en Equipo publicamos toda la informaci\u00f3n de Sonora, M\u00e9xico y el Mundo de manera oportuna y busca que la libertad de expresi\u00f3n sea real. Visita nuestro medio informativo publicado desde Hermosillo, Sonora. %\" \/>\n<meta name=\"robots\" content=\"index, follow, max-snippet:-1, max-image-preview:large, max-video-preview:-1\" \/>\n<link rel=\"canonical\" href=\"https:\/\/www.sonoraenequipo.com.mx\/se-desploma-el-consumo-de-carne-vacuno-en-argentina\/\" \/>\n<meta property=\"og:locale\" content=\"es_ES\" \/>\n<meta property=\"og:type\" content=\"article\" \/>\n<meta property=\"og:title\" content=\"Sonora en Equipo. Se desploma el consumo de carne vacuno en Argentina MUNDO\" \/>\n<meta property=\"og:description\" content=\"BUENOS AIRES, ARGENTINA. \u2014 \u00a0Los jugosos &quot;bifes&quot; de carne vacuna son un lujo cada vez m\u00e1s privativo para la mayor\u00eda de los argentinos que han restringido En Sonora en Equipo publicamos toda la informaci\u00f3n de Sonora, M\u00e9xico y el Mundo de manera oportuna y busca que la libertad de expresi\u00f3n sea real. Visita nuestro medio informativo publicado desde Hermosillo, Sonora. %\" \/>\n<meta property=\"og:url\" content=\"https:\/\/www.sonoraenequipo.com.mx\/se-desploma-el-consumo-de-carne-vacuno-en-argentina\/\" \/>\n<meta property=\"og:site_name\" content=\"Sonora en Equipo.\" \/>\n<meta property=\"article:publisher\" content=\"https:\/\/www.facebook.com\/SonoraEE\/\" \/>\n<meta property=\"article:author\" content=\"https:\/\/www.facebook.com\/SonoraEE\" \/>\n<meta property=\"article:published_time\" content=\"2024-07-09T02:54:42+00:00\" \/>\n<meta property=\"article:modified_time\" content=\"2024-07-09T03:35:07+00:00\" \/>\n<meta property=\"og:image\" content=\"https:\/\/www.sonoraenequipo.com.mx\/storage\/2024\/07\/carne-argentina-min.jpg\" \/>\n\t<meta property=\"og:image:width\" content=\"877\" \/>\n\t<meta property=\"og:image:height\" content=\"608\" \/>\n\t<meta property=\"og:image:type\" content=\"image\/jpeg\" \/>\n<meta name=\"author\" content=\"enequipo\" \/>\n<meta name=\"twitter:card\" content=\"summary_large_image\" \/>\n<meta name=\"twitter:creator\" content=\"@sonoraenequipo\" \/>\n<meta name=\"twitter:site\" content=\"@sonoraenequipo\" \/>\n<meta name=\"twitter:label1\" content=\"Escrito por\" \/>\n\t<meta name=\"twitter:data1\" content=\"enequipo\" \/>\n\t<meta name=\"twitter:label2\" content=\"Tiempo de lectura\" \/>\n\t<meta name=\"twitter:data2\" content=\"3 minutos\" \/>\n<script type=\"application\/ld+json\" class=\"yoast-schema-graph\">{\"@context\":\"https:\/\/schema.org\",\"@graph\":[{\"@type\":\"Article\",\"@id\":\"https:\/\/www.sonoraenequipo.com.mx\/se-desploma-el-consumo-de-carne-vacuno-en-argentina\/#article\",\"isPartOf\":{\"@id\":\"https:\/\/www.sonoraenequipo.com.mx\/se-desploma-el-consumo-de-carne-vacuno-en-argentina\/\"},\"author\":{\"name\":\"enequipo\",\"@id\":\"https:\/\/www.sonoraenequipo.com.mx\/#\/schema\/person\/50102df0fb23a8fa9e8effad8fa81386\"},\"headline\":\"Se desploma el consumo de carne vacuno en Argentina\",\"datePublished\":\"2024-07-09T02:54:42+00:00\",\"dateModified\":\"2024-07-09T03:35:07+00:00\",\"mainEntityOfPage\":{\"@id\":\"https:\/\/www.sonoraenequipo.com.mx\/se-desploma-el-consumo-de-carne-vacuno-en-argentina\/\"},\"wordCount\":548,\"commentCount\":0,\"publisher\":{\"@id\":\"https:\/\/www.sonoraenequipo.com.mx\/#organization\"},\"image\":{\"@id\":\"https:\/\/www.sonoraenequipo.com.mx\/se-desploma-el-consumo-de-carne-vacuno-en-argentina\/#primaryimage\"},\"thumbnailUrl\":\"https:\/\/www.sonoraenequipo.com.mx\/storage\/2024\/07\/carne-argentina-min.jpg\",\"articleSection\":[\"MUNDO\"],\"inLanguage\":\"es\",\"potentialAction\":[{\"@type\":\"CommentAction\",\"name\":\"Comment\",\"target\":[\"https:\/\/www.sonoraenequipo.com.mx\/se-desploma-el-consumo-de-carne-vacuno-en-argentina\/#respond\"]}]},{\"@type\":\"WebPage\",\"@id\":\"https:\/\/www.sonoraenequipo.com.mx\/se-desploma-el-consumo-de-carne-vacuno-en-argentina\/\",\"url\":\"https:\/\/www.sonoraenequipo.com.mx\/se-desploma-el-consumo-de-carne-vacuno-en-argentina\/\",\"name\":\"Sonora en Equipo. Se desploma el consumo de carne vacuno en Argentina MUNDO\",\"isPartOf\":{\"@id\":\"https:\/\/www.sonoraenequipo.com.mx\/#website\"},\"primaryImageOfPage\":{\"@id\":\"https:\/\/www.sonoraenequipo.com.mx\/se-desploma-el-consumo-de-carne-vacuno-en-argentina\/#primaryimage\"},\"image\":{\"@id\":\"https:\/\/www.sonoraenequipo.com.mx\/se-desploma-el-consumo-de-carne-vacuno-en-argentina\/#primaryimage\"},\"thumbnailUrl\":\"https:\/\/www.sonoraenequipo.com.mx\/storage\/2024\/07\/carne-argentina-min.jpg\",\"datePublished\":\"2024-07-09T02:54:42+00:00\",\"dateModified\":\"2024-07-09T03:35:07+00:00\",\"description\":\"BUENOS AIRES, ARGENTINA. \u2014 \u00a0Los jugosos \\\"bifes\\\" de carne vacuna son un lujo cada vez m\u00e1s privativo para la mayor\u00eda de los argentinos que han restringido En Sonora en Equipo publicamos toda la informaci\u00f3n de Sonora, M\u00e9xico y el Mundo de manera oportuna y busca que la libertad de expresi\u00f3n sea real. Visita nuestro medio informativo publicado desde Hermosillo, Sonora. %\",\"breadcrumb\":{\"@id\":\"https:\/\/www.sonoraenequipo.com.mx\/se-desploma-el-consumo-de-carne-vacuno-en-argentina\/#breadcrumb\"},\"inLanguage\":\"es\",\"potentialAction\":[{\"@type\":\"ReadAction\",\"target\":[\"https:\/\/www.sonoraenequipo.com.mx\/se-desploma-el-consumo-de-carne-vacuno-en-argentina\/\"]}]},{\"@type\":\"ImageObject\",\"inLanguage\":\"es\",\"@id\":\"https:\/\/www.sonoraenequipo.com.mx\/se-desploma-el-consumo-de-carne-vacuno-en-argentina\/#primaryimage\",\"url\":\"https:\/\/www.sonoraenequipo.com.mx\/storage\/2024\/07\/carne-argentina-min.jpg\",\"contentUrl\":\"https:\/\/www.sonoraenequipo.com.mx\/storage\/2024\/07\/carne-argentina-min.jpg\",\"width\":877,\"height\":608},{\"@type\":\"BreadcrumbList\",\"@id\":\"https:\/\/www.sonoraenequipo.com.mx\/se-desploma-el-consumo-de-carne-vacuno-en-argentina\/#breadcrumb\",\"itemListElement\":[{\"@type\":\"ListItem\",\"position\":1,\"name\":\"Portada\",\"item\":\"https:\/\/www.sonoraenequipo.com.mx\/\"},{\"@type\":\"ListItem\",\"position\":2,\"name\":\"Se desploma el consumo de carne vacuno en Argentina\"}]},{\"@type\":\"WebSite\",\"@id\":\"https:\/\/www.sonoraenequipo.com.mx\/#website\",\"url\":\"https:\/\/www.sonoraenequipo.com.mx\/\",\"name\":\"Sonora en Equipo.\",\"description\":\"Diario en l\u00ednea con Noticias desde Hermosillo, Sonora\",\"publisher\":{\"@id\":\"https:\/\/www.sonoraenequipo.com.mx\/#organization\"},\"potentialAction\":[{\"@type\":\"SearchAction\",\"target\":{\"@type\":\"EntryPoint\",\"urlTemplate\":\"https:\/\/www.sonoraenequipo.com.mx\/?s={search_term_string}\"},\"query-input\":{\"@type\":\"PropertyValueSpecification\",\"valueRequired\":true,\"valueName\":\"search_term_string\"}}],\"inLanguage\":\"es\"},{\"@type\":\"Organization\",\"@id\":\"https:\/\/www.sonoraenequipo.com.mx\/#organization\",\"name\":\"Sonoraenequipo.com.mx\",\"url\":\"https:\/\/www.sonoraenequipo.com.mx\/\",\"logo\":{\"@type\":\"ImageObject\",\"inLanguage\":\"es\",\"@id\":\"https:\/\/www.sonoraenequipo.com.mx\/#\/schema\/logo\/image\/\",\"url\":\"https:\/\/www.sonoraenequipo.com.mx\/storage\/2019\/01\/sonoraenequipo_opt.png\",\"contentUrl\":\"https:\/\/www.sonoraenequipo.com.mx\/storage\/2019\/01\/sonoraenequipo_opt.png\",\"width\":375,\"height\":125,\"caption\":\"Sonoraenequipo.com.mx\"},\"image\":{\"@id\":\"https:\/\/www.sonoraenequipo.com.mx\/#\/schema\/logo\/image\/\"},\"sameAs\":[\"https:\/\/www.facebook.com\/SonoraEE\/\",\"https:\/\/x.com\/sonoraenequipo\",\"https:\/\/www.youtube.com\/channel\/UC338nW-lPEYmJQs4ZABQ1SQ\"]},{\"@type\":\"Person\",\"@id\":\"https:\/\/www.sonoraenequipo.com.mx\/#\/schema\/person\/50102df0fb23a8fa9e8effad8fa81386\",\"name\":\"enequipo\",\"image\":{\"@type\":\"ImageObject\",\"inLanguage\":\"es\",\"@id\":\"https:\/\/www.sonoraenequipo.com.mx\/#\/schema\/person\/image\/\",\"url\":\"https:\/\/secure.gravatar.com\/avatar\/049821681b589dabc0bc20695993ccebb09f5b5d4d790cd9251b97faac7c652b?s=96&d=blank&r=g\",\"contentUrl\":\"https:\/\/secure.gravatar.com\/avatar\/049821681b589dabc0bc20695993ccebb09f5b5d4d790cd9251b97faac7c652b?s=96&d=blank&r=g\",\"caption\":\"enequipo\"},\"sameAs\":[\"https:\/\/www.facebook.com\/SonoraEE\"]}]}<\/script>\n ","yoast_head_json":{"title":"Sonora en Equipo. Se desploma el consumo de carne vacuno en Argentina MUNDO","description":"BUENOS AIRES, ARGENTINA. \u2014 \u00a0Los jugosos \"bifes\" de carne vacuna son un lujo cada vez m\u00e1s privativo para la mayor\u00eda de los argentinos que han restringido En Sonora en Equipo publicamos toda la informaci\u00f3n de Sonora, M\u00e9xico y el Mundo de manera oportuna y busca que la libertad de expresi\u00f3n sea real. Visita nuestro medio informativo publicado desde Hermosillo, Sonora. %","robots":{"index":"index","follow":"follow","max-snippet":"max-snippet:-1","max-image-preview":"max-image-preview:large","max-video-preview":"max-video-preview:-1"},"canonical":"https:\/\/www.sonoraenequipo.com.mx\/se-desploma-el-consumo-de-carne-vacuno-en-argentina\/","og_locale":"es_ES","og_type":"article","og_title":"Sonora en Equipo. Se desploma el consumo de carne vacuno en Argentina MUNDO","og_description":"BUENOS AIRES, ARGENTINA. \u2014 \u00a0Los jugosos \"bifes\" de carne vacuna son un lujo cada vez m\u00e1s privativo para la mayor\u00eda de los argentinos que han restringido En Sonora en Equipo publicamos toda la informaci\u00f3n de Sonora, M\u00e9xico y el Mundo de manera oportuna y busca que la libertad de expresi\u00f3n sea real. Visita nuestro medio informativo publicado desde Hermosillo, Sonora. %","og_url":"https:\/\/www.sonoraenequipo.com.mx\/se-desploma-el-consumo-de-carne-vacuno-en-argentina\/","og_site_name":"Sonora en Equipo.","article_publisher":"https:\/\/www.facebook.com\/SonoraEE\/","article_author":"https:\/\/www.facebook.com\/SonoraEE","article_published_time":"2024-07-09T02:54:42+00:00","article_modified_time":"2024-07-09T03:35:07+00:00","og_image":[{"width":877,"height":608,"url":"https:\/\/www.sonoraenequipo.com.mx\/storage\/2024\/07\/carne-argentina-min.jpg","type":"image\/jpeg"}],"author":"enequipo","twitter_card":"summary_large_image","twitter_creator":"@sonoraenequipo","twitter_site":"@sonoraenequipo","twitter_misc":{"Escrito por":"enequipo","Tiempo de lectura":"3 minutos"},"schema":{"@context":"https:\/\/schema.org","@graph":[{"@type":"Article","@id":"https:\/\/www.sonoraenequipo.com.mx\/se-desploma-el-consumo-de-carne-vacuno-en-argentina\/#article","isPartOf":{"@id":"https:\/\/www.sonoraenequipo.com.mx\/se-desploma-el-consumo-de-carne-vacuno-en-argentina\/"},"author":{"name":"enequipo","@id":"https:\/\/www.sonoraenequipo.com.mx\/#\/schema\/person\/50102df0fb23a8fa9e8effad8fa81386"},"headline":"Se desploma el consumo de carne vacuno en Argentina","datePublished":"2024-07-09T02:54:42+00:00","dateModified":"2024-07-09T03:35:07+00:00","mainEntityOfPage":{"@id":"https:\/\/www.sonoraenequipo.com.mx\/se-desploma-el-consumo-de-carne-vacuno-en-argentina\/"},"wordCount":548,"commentCount":0,"publisher":{"@id":"https:\/\/www.sonoraenequipo.com.mx\/#organization"},"image":{"@id":"https:\/\/www.sonoraenequipo.com.mx\/se-desploma-el-consumo-de-carne-vacuno-en-argentina\/#primaryimage"},"thumbnailUrl":"https:\/\/www.sonoraenequipo.com.mx\/storage\/2024\/07\/carne-argentina-min.jpg","articleSection":["MUNDO"],"inLanguage":"es","potentialAction":[{"@type":"CommentAction","name":"Comment","target":["https:\/\/www.sonoraenequipo.com.mx\/se-desploma-el-consumo-de-carne-vacuno-en-argentina\/#respond"]}]},{"@type":"WebPage","@id":"https:\/\/www.sonoraenequipo.com.mx\/se-desploma-el-consumo-de-carne-vacuno-en-argentina\/","url":"https:\/\/www.sonoraenequipo.com.mx\/se-desploma-el-consumo-de-carne-vacuno-en-argentina\/","name":"Sonora en Equipo. Se desploma el consumo de carne vacuno en Argentina MUNDO","isPartOf":{"@id":"https:\/\/www.sonoraenequipo.com.mx\/#website"},"primaryImageOfPage":{"@id":"https:\/\/www.sonoraenequipo.com.mx\/se-desploma-el-consumo-de-carne-vacuno-en-argentina\/#primaryimage"},"image":{"@id":"https:\/\/www.sonoraenequipo.com.mx\/se-desploma-el-consumo-de-carne-vacuno-en-argentina\/#primaryimage"},"thumbnailUrl":"https:\/\/www.sonoraenequipo.com.mx\/storage\/2024\/07\/carne-argentina-min.jpg","datePublished":"2024-07-09T02:54:42+00:00","dateModified":"2024-07-09T03:35:07+00:00","description":"BUENOS AIRES, ARGENTINA. \u2014 \u00a0Los jugosos \"bifes\" de carne vacuna son un lujo cada vez m\u00e1s privativo para la mayor\u00eda de los argentinos que han restringido En Sonora en Equipo publicamos toda la informaci\u00f3n de Sonora, M\u00e9xico y el Mundo de manera oportuna y busca que la libertad de expresi\u00f3n sea real. Visita nuestro medio informativo publicado desde Hermosillo, Sonora. %","breadcrumb":{"@id":"https:\/\/www.sonoraenequipo.com.mx\/se-desploma-el-consumo-de-carne-vacuno-en-argentina\/#breadcrumb"},"inLanguage":"es","potentialAction":[{"@type":"ReadAction","target":["https:\/\/www.sonoraenequipo.com.mx\/se-desploma-el-consumo-de-carne-vacuno-en-argentina\/"]}]},{"@type":"ImageObject","inLanguage":"es","@id":"https:\/\/www.sonoraenequipo.com.mx\/se-desploma-el-consumo-de-carne-vacuno-en-argentina\/#primaryimage","url":"https:\/\/www.sonoraenequipo.com.mx\/storage\/2024\/07\/carne-argentina-min.jpg","contentUrl":"https:\/\/www.sonoraenequipo.com.mx\/storage\/2024\/07\/carne-argentina-min.jpg","width":877,"height":608},{"@type":"BreadcrumbList","@id":"https:\/\/www.sonoraenequipo.com.mx\/se-desploma-el-consumo-de-carne-vacuno-en-argentina\/#breadcrumb","itemListElement":[{"@type":"ListItem","position":1,"name":"Portada","item":"https:\/\/www.sonoraenequipo.com.mx\/"},{"@type":"ListItem","position":2,"name":"Se desploma el consumo de carne vacuno en Argentina"}]},{"@type":"WebSite","@id":"https:\/\/www.sonoraenequipo.com.mx\/#website","url":"https:\/\/www.sonoraenequipo.com.mx\/","name":"Sonora en Equipo.","description":"Diario en l\u00ednea con Noticias desde Hermosillo, Sonora","publisher":{"@id":"https:\/\/www.sonoraenequipo.com.mx\/#organization"},"potentialAction":[{"@type":"SearchAction","target":{"@type":"EntryPoint","urlTemplate":"https:\/\/www.sonoraenequipo.com.mx\/?s={search_term_string}"},"query-input":{"@type":"PropertyValueSpecification","valueRequired":true,"valueName":"search_term_string"}}],"inLanguage":"es"},{"@type":"Organization","@id":"https:\/\/www.sonoraenequipo.com.mx\/#organization","name":"Sonoraenequipo.com.mx","url":"https:\/\/www.sonoraenequipo.com.mx\/","logo":{"@type":"ImageObject","inLanguage":"es","@id":"https:\/\/www.sonoraenequipo.com.mx\/#\/schema\/logo\/image\/","url":"https:\/\/www.sonoraenequipo.com.mx\/storage\/2019\/01\/sonoraenequipo_opt.png","contentUrl":"https:\/\/www.sonoraenequipo.com.mx\/storage\/2019\/01\/sonoraenequipo_opt.png","width":375,"height":125,"caption":"Sonoraenequipo.com.mx"},"image":{"@id":"https:\/\/www.sonoraenequipo.com.mx\/#\/schema\/logo\/image\/"},"sameAs":["https:\/\/www.facebook.com\/SonoraEE\/","https:\/\/x.com\/sonoraenequipo","https:\/\/www.youtube.com\/channel\/UC338nW-lPEYmJQs4ZABQ1SQ"]},{"@type":"Person","@id":"https:\/\/www.sonoraenequipo.com.mx\/#\/schema\/person\/50102df0fb23a8fa9e8effad8fa81386","name":"enequipo","image":{"@type":"ImageObject","inLanguage":"es","@id":"https:\/\/www.sonoraenequipo.com.mx\/#\/schema\/person\/image\/","url":"https:\/\/secure.gravatar.com\/avatar\/049821681b589dabc0bc20695993ccebb09f5b5d4d790cd9251b97faac7c652b?s=96&d=blank&r=g","contentUrl":"https:\/\/secure.gravatar.com\/avatar\/049821681b589dabc0bc20695993ccebb09f5b5d4d790cd9251b97faac7c652b?s=96&d=blank&r=g","caption":"enequipo"},"sameAs":["https:\/\/www.facebook.com\/SonoraEE"]}]}},"jetpack_featured_media_url":"https:\/\/www.sonoraenequipo.com.mx\/storage\/2024\/07\/carne-argentina-min.jpg","_links":{"self":[{"href":"https:\/\/www.sonoraenequipo.com.mx\/api\/wp\/v2\/posts\/194066","targetHints":{"allow":["GET"]}}],"collection":[{"href":"https:\/\/www.sonoraenequipo.com.mx\/api\/wp\/v2\/posts"}],"about":[{"href":"https:\/\/www.sonoraenequipo.com.mx\/api\/wp\/v2\/types\/post"}],"author":[{"embeddable":true,"href":"https:\/\/www.sonoraenequipo.com.mx\/api\/wp\/v2\/users\/1"}],"replies":[{"embeddable":true,"href":"https:\/\/www.sonoraenequipo.com.mx\/api\/wp\/v2\/comments?post=194066"}],"version-history":[{"count":1,"href":"https:\/\/www.sonoraenequipo.com.mx\/api\/wp\/v2\/posts\/194066\/revisions"}],"predecessor-version":[{"id":194067,"href":"https:\/\/www.sonoraenequipo.com.mx\/api\/wp\/v2\/posts\/194066\/revisions\/194067"}],"wp:featuredmedia":[{"embeddable":true,"href":"https:\/\/www.sonoraenequipo.com.mx\/api\/wp\/v2\/media\/194021"}],"wp:attachment":[{"href":"https:\/\/www.sonoraenequipo.com.mx\/api\/wp\/v2\/media?parent=194066"}],"wp:term":[{"taxonomy":"category","embeddable":true,"href":"https:\/\/www.sonoraenequipo.com.mx\/api\/wp\/v2\/categories?post=194066"},{"taxonomy":"post_tag","embeddable":true,"href":"https:\/\/www.sonoraenequipo.com.mx\/api\/wp\/v2\/tags?post=194066"}],"curies":[{"name":"wp","href":"https:\/\/api.w.org\/{rel}","templated":true}]}}