{"id":194075,"date":"2024-07-08T21:48:52","date_gmt":"2024-07-09T04:48:52","guid":{"rendered":"https:\/\/www.sonoraenequipo.com.mx\/?p=194075"},"modified":"2024-07-08T21:48:52","modified_gmt":"2024-07-09T04:48:52","slug":"para-fomentar-el-pensamiento-cientifico-en-la-juventud-sonorense-isj-y-ciad-firman-convenio-de-colaboracion","status":"publish","type":"post","link":"https:\/\/www.sonoraenequipo.com.mx\/para-fomentar-el-pensamiento-cientifico-en-la-juventud-sonorense-isj-y-ciad-firman-convenio-de-colaboracion\/","title":{"rendered":"Para fomentar el pensamiento cient\u00edfico en la juventud sonorense, ISJ y CIAD firman convenio de colaboraci\u00f3n"},"content":{"rendered":"<p><strong>HERMOSILLO, SONORA, MX.<\/strong> \u2014 Con el objetivo de trabajar de manera conjunta en la elaboraci\u00f3n de documentos cient\u00edficos en materia de las juventudes, el Instituto Sonorense de la Juventud (ISJ) y el Centro de Investigaci\u00f3n, Alimentaci\u00f3n y Desarrollo (CIAD) firmaron un convenio de colaboraci\u00f3n.<\/p>\n<p>&nbsp;<\/p>\n<p>&nbsp;<\/p>\n<p>&nbsp;<\/p>\n<p>Rebeca Valenzuela \u00c1lvarez, directora del ISJ, explic\u00f3 que esta acci\u00f3n forma parte de los trabajos del Observatorio de las Juventudes del instituto, donde se desarrollan actividades y documentos con la firme intenci\u00f3n de fomentar la promoci\u00f3n del pensamiento cr\u00edtico, cient\u00edfico y humanista entre la juventud sonorense.<\/p>\n<p>&nbsp;<\/p>\n<p>&nbsp;<\/p>\n<p>&nbsp;<\/p>\n<p>Por su parte, Graciela Caire Juvera, directora general del CIAD, se\u00f1al\u00f3 que est\u00e1n elaborando un portafolio sobre los proyectos en los que actualmente trabaja la instituci\u00f3n y sus investigadores.<\/p>\n<p>&nbsp;<\/p>\n<p>&nbsp;<\/p>\n<p>&nbsp;<\/p>\n<p>Estos planes, relacionados con temas que ata\u00f1en a la juventud sonorense, se pondr\u00e1n a disposici\u00f3n para desarrollarlos en conjunto con el ISJ.<\/p>\n<p>&nbsp;<\/p>\n<p>&nbsp;<\/p>\n<p>&nbsp;<\/p>\n<p>Adem\u00e1s, el convenio pretende enriquecer las funciones que ambas instituciones desempe\u00f1an y aprovechar al m\u00e1ximo sus recursos humanos y materiales en el desarrollo de acciones de inter\u00e9s y beneficio para las juventudes del estado y sus comunidades.<\/p>\n<p>&nbsp;<\/p>\n<p>&nbsp;<\/p>\n<p>&nbsp;<\/p>\n<p>Hasta el momento el ISJ ha firmado 35 convenios, manteniendo su compromiso de trabajar en colaboraci\u00f3n con instituciones p\u00fablicas y privadas en favor de las y los j\u00f3venes sonorense.<\/p>\n<p><strong>Fecha de publicaci\u00f3n lunes 8 de\u00a0 julio\u00a0 de 2024<\/strong><\/p>\n","protected":false},"excerpt":{"rendered":"<p>HERMOSILLO, SONORA, MX. \u2014 Con el objetivo de trabajar de manera conjunta en la elaboraci\u00f3n&#8230;<\/p>\n","protected":false},"author":1,"featured_media":194077,"comment_status":"open","ping_status":"open","sticky":false,"template":"","format":"standard","meta":{"_monsterinsights_skip_tracking":false,"_monsterinsights_sitenote_active":false,"_monsterinsights_sitenote_note":"","_monsterinsights_sitenote_category":0,"footnotes":""},"categories":[2216],"tags":[1627,1138,1222],"class_list":["post"],"yoast_head":" \n<title>Sonora en Equipo. Para fomentar el pensamiento cient\u00edfico en la juventud sonorense, ISJ y CIAD firman convenio de colaboraci\u00f3n Ciencia y Tecnolog\u00eda<\/title>\n<meta name=\"description\" content=\"HERMOSILLO, SONORA, MX. \u2014 Con el objetivo de trabajar de manera conjunta en la elaboraci\u00f3n de documentos cient\u00edficos en materia de las juventudes, el En Sonora en Equipo publicamos toda la informaci\u00f3n de Sonora, M\u00e9xico y el Mundo de manera oportuna y busca que la libertad de expresi\u00f3n sea real. Visita nuestro medio informativo publicado desde Hermosillo, Sonora. %\" \/>\n<meta name=\"robots\" content=\"index, follow, max-snippet:-1, max-image-preview:large, max-video-preview:-1\" \/>\n<link rel=\"canonical\" href=\"https:\/\/www.sonoraenequipo.com.mx\/para-fomentar-el-pensamiento-cientifico-en-la-juventud-sonorense-isj-y-ciad-firman-convenio-de-colaboracion\/\" \/>\n<meta property=\"og:locale\" content=\"es_ES\" \/>\n<meta property=\"og:type\" content=\"article\" \/>\n<meta property=\"og:title\" content=\"Sonora en Equipo. Para fomentar el pensamiento cient\u00edfico en la juventud sonorense, ISJ y CIAD firman convenio de colaboraci\u00f3n Ciencia y Tecnolog\u00eda\" \/>\n<meta property=\"og:description\" content=\"HERMOSILLO, SONORA, MX. \u2014 Con el objetivo de trabajar de manera conjunta en la elaboraci\u00f3n de documentos cient\u00edficos en materia de las juventudes, el En Sonora en Equipo publicamos toda la informaci\u00f3n de Sonora, M\u00e9xico y el Mundo de manera oportuna y busca que la libertad de expresi\u00f3n sea real. Visita nuestro medio informativo publicado desde Hermosillo, Sonora. %\" \/>\n<meta property=\"og:url\" content=\"https:\/\/www.sonoraenequipo.com.mx\/para-fomentar-el-pensamiento-cientifico-en-la-juventud-sonorense-isj-y-ciad-firman-convenio-de-colaboracion\/\" \/>\n<meta property=\"og:site_name\" content=\"Sonora en Equipo.\" \/>\n<meta property=\"article:publisher\" content=\"https:\/\/www.facebook.com\/SonoraEE\/\" \/>\n<meta property=\"article:author\" content=\"https:\/\/www.facebook.com\/SonoraEE\" \/>\n<meta property=\"article:published_time\" content=\"2024-07-09T04:48:52+00:00\" \/>\n<meta property=\"og:image\" content=\"https:\/\/www.sonoraenequipo.com.mx\/storage\/2024\/07\/cyt-1.jpg\" \/>\n\t<meta property=\"og:image:width\" content=\"600\" \/>\n\t<meta property=\"og:image:height\" content=\"401\" \/>\n\t<meta property=\"og:image:type\" content=\"image\/jpeg\" \/>\n<meta name=\"author\" content=\"enequipo\" \/>\n<meta name=\"twitter:card\" content=\"summary_large_image\" \/>\n<meta name=\"twitter:creator\" content=\"@sonoraenequipo\" \/>\n<meta name=\"twitter:site\" content=\"@sonoraenequipo\" \/>\n<meta name=\"twitter:label1\" content=\"Escrito por\" \/>\n\t<meta name=\"twitter:data1\" content=\"enequipo\" \/>\n\t<meta name=\"twitter:label2\" content=\"Tiempo de lectura\" \/>\n\t<meta name=\"twitter:data2\" content=\"1 minuto\" \/>\n<script type=\"application\/ld+json\" class=\"yoast-schema-graph\">{\"@context\":\"https:\/\/schema.org\",\"@graph\":[{\"@type\":\"Article\",\"@id\":\"https:\/\/www.sonoraenequipo.com.mx\/para-fomentar-el-pensamiento-cientifico-en-la-juventud-sonorense-isj-y-ciad-firman-convenio-de-colaboracion\/#article\",\"isPartOf\":{\"@id\":\"https:\/\/www.sonoraenequipo.com.mx\/para-fomentar-el-pensamiento-cientifico-en-la-juventud-sonorense-isj-y-ciad-firman-convenio-de-colaboracion\/\"},\"author\":{\"name\":\"enequipo\",\"@id\":\"https:\/\/www.sonoraenequipo.com.mx\/#\/schema\/person\/50102df0fb23a8fa9e8effad8fa81386\"},\"headline\":\"Para fomentar el pensamiento cient\u00edfico en la juventud sonorense, ISJ y CIAD firman convenio de colaboraci\u00f3n\",\"datePublished\":\"2024-07-09T04:48:52+00:00\",\"mainEntityOfPage\":{\"@id\":\"https:\/\/www.sonoraenequipo.com.mx\/para-fomentar-el-pensamiento-cientifico-en-la-juventud-sonorense-isj-y-ciad-firman-convenio-de-colaboracion\/\"},\"wordCount\":269,\"commentCount\":0,\"publisher\":{\"@id\":\"https:\/\/www.sonoraenequipo.com.mx\/#organization\"},\"image\":{\"@id\":\"https:\/\/www.sonoraenequipo.com.mx\/para-fomentar-el-pensamiento-cientifico-en-la-juventud-sonorense-isj-y-ciad-firman-convenio-de-colaboracion\/#primaryimage\"},\"thumbnailUrl\":\"https:\/\/www.sonoraenequipo.com.mx\/storage\/2024\/07\/cyt-1.jpg\",\"keywords\":[\"Ciencia\",\"ISJ\",\"j\u00f3venes\"],\"articleSection\":[\"Ciencia y Tecnolog\u00eda\"],\"inLanguage\":\"es\",\"potentialAction\":[{\"@type\":\"CommentAction\",\"name\":\"Comment\",\"target\":[\"https:\/\/www.sonoraenequipo.com.mx\/para-fomentar-el-pensamiento-cientifico-en-la-juventud-sonorense-isj-y-ciad-firman-convenio-de-colaboracion\/#respond\"]}]},{\"@type\":\"WebPage\",\"@id\":\"https:\/\/www.sonoraenequipo.com.mx\/para-fomentar-el-pensamiento-cientifico-en-la-juventud-sonorense-isj-y-ciad-firman-convenio-de-colaboracion\/\",\"url\":\"https:\/\/www.sonoraenequipo.com.mx\/para-fomentar-el-pensamiento-cientifico-en-la-juventud-sonorense-isj-y-ciad-firman-convenio-de-colaboracion\/\",\"name\":\"Sonora en Equipo. Para fomentar el pensamiento cient\u00edfico en la juventud sonorense, ISJ y CIAD firman convenio de colaboraci\u00f3n Ciencia y Tecnolog\u00eda\",\"isPartOf\":{\"@id\":\"https:\/\/www.sonoraenequipo.com.mx\/#website\"},\"primaryImageOfPage\":{\"@id\":\"https:\/\/www.sonoraenequipo.com.mx\/para-fomentar-el-pensamiento-cientifico-en-la-juventud-sonorense-isj-y-ciad-firman-convenio-de-colaboracion\/#primaryimage\"},\"image\":{\"@id\":\"https:\/\/www.sonoraenequipo.com.mx\/para-fomentar-el-pensamiento-cientifico-en-la-juventud-sonorense-isj-y-ciad-firman-convenio-de-colaboracion\/#primaryimage\"},\"thumbnailUrl\":\"https:\/\/www.sonoraenequipo.com.mx\/storage\/2024\/07\/cyt-1.jpg\",\"datePublished\":\"2024-07-09T04:48:52+00:00\",\"description\":\"HERMOSILLO, SONORA, MX. \u2014 Con el objetivo de trabajar de manera conjunta en la elaboraci\u00f3n de documentos cient\u00edficos en materia de las juventudes, el En Sonora en Equipo publicamos toda la informaci\u00f3n de Sonora, M\u00e9xico y el Mundo de manera oportuna y busca que la libertad de expresi\u00f3n sea real. Visita nuestro medio informativo publicado desde Hermosillo, Sonora. %\",\"breadcrumb\":{\"@id\":\"https:\/\/www.sonoraenequipo.com.mx\/para-fomentar-el-pensamiento-cientifico-en-la-juventud-sonorense-isj-y-ciad-firman-convenio-de-colaboracion\/#breadcrumb\"},\"inLanguage\":\"es\",\"potentialAction\":[{\"@type\":\"ReadAction\",\"target\":[\"https:\/\/www.sonoraenequipo.com.mx\/para-fomentar-el-pensamiento-cientifico-en-la-juventud-sonorense-isj-y-ciad-firman-convenio-de-colaboracion\/\"]}]},{\"@type\":\"ImageObject\",\"inLanguage\":\"es\",\"@id\":\"https:\/\/www.sonoraenequipo.com.mx\/para-fomentar-el-pensamiento-cientifico-en-la-juventud-sonorense-isj-y-ciad-firman-convenio-de-colaboracion\/#primaryimage\",\"url\":\"https:\/\/www.sonoraenequipo.com.mx\/storage\/2024\/07\/cyt-1.jpg\",\"contentUrl\":\"https:\/\/www.sonoraenequipo.com.mx\/storage\/2024\/07\/cyt-1.jpg\",\"width\":600,\"height\":401},{\"@type\":\"BreadcrumbList\",\"@id\":\"https:\/\/www.sonoraenequipo.com.mx\/para-fomentar-el-pensamiento-cientifico-en-la-juventud-sonorense-isj-y-ciad-firman-convenio-de-colaboracion\/#breadcrumb\",\"itemListElement\":[{\"@type\":\"ListItem\",\"position\":1,\"name\":\"Portada\",\"item\":\"https:\/\/www.sonoraenequipo.com.mx\/\"},{\"@type\":\"ListItem\",\"position\":2,\"name\":\"Para fomentar el pensamiento cient\u00edfico en la juventud sonorense, ISJ y CIAD firman convenio de colaboraci\u00f3n\"}]},{\"@type\":\"WebSite\",\"@id\":\"https:\/\/www.sonoraenequipo.com.mx\/#website\",\"url\":\"https:\/\/www.sonoraenequipo.com.mx\/\",\"name\":\"Sonora en Equipo.\",\"description\":\"Diario en l\u00ednea con Noticias desde Hermosillo, Sonora\",\"publisher\":{\"@id\":\"https:\/\/www.sonoraenequipo.com.mx\/#organization\"},\"potentialAction\":[{\"@type\":\"SearchAction\",\"target\":{\"@type\":\"EntryPoint\",\"urlTemplate\":\"https:\/\/www.sonoraenequipo.com.mx\/?s={search_term_string}\"},\"query-input\":{\"@type\":\"PropertyValueSpecification\",\"valueRequired\":true,\"valueName\":\"search_term_string\"}}],\"inLanguage\":\"es\"},{\"@type\":\"Organization\",\"@id\":\"https:\/\/www.sonoraenequipo.com.mx\/#organization\",\"name\":\"Sonoraenequipo.com.mx\",\"url\":\"https:\/\/www.sonoraenequipo.com.mx\/\",\"logo\":{\"@type\":\"ImageObject\",\"inLanguage\":\"es\",\"@id\":\"https:\/\/www.sonoraenequipo.com.mx\/#\/schema\/logo\/image\/\",\"url\":\"https:\/\/www.sonoraenequipo.com.mx\/storage\/2019\/01\/sonoraenequipo_opt.png\",\"contentUrl\":\"https:\/\/www.sonoraenequipo.com.mx\/storage\/2019\/01\/sonoraenequipo_opt.png\",\"width\":375,\"height\":125,\"caption\":\"Sonoraenequipo.com.mx\"},\"image\":{\"@id\":\"https:\/\/www.sonoraenequipo.com.mx\/#\/schema\/logo\/image\/\"},\"sameAs\":[\"https:\/\/www.facebook.com\/SonoraEE\/\",\"https:\/\/x.com\/sonoraenequipo\",\"https:\/\/www.youtube.com\/channel\/UC338nW-lPEYmJQs4ZABQ1SQ\"]},{\"@type\":\"Person\",\"@id\":\"https:\/\/www.sonoraenequipo.com.mx\/#\/schema\/person\/50102df0fb23a8fa9e8effad8fa81386\",\"name\":\"enequipo\",\"image\":{\"@type\":\"ImageObject\",\"inLanguage\":\"es\",\"@id\":\"https:\/\/www.sonoraenequipo.com.mx\/#\/schema\/person\/image\/\",\"url\":\"https:\/\/secure.gravatar.com\/avatar\/049821681b589dabc0bc20695993ccebb09f5b5d4d790cd9251b97faac7c652b?s=96&d=blank&r=g\",\"contentUrl\":\"https:\/\/secure.gravatar.com\/avatar\/049821681b589dabc0bc20695993ccebb09f5b5d4d790cd9251b97faac7c652b?s=96&d=blank&r=g\",\"caption\":\"enequipo\"},\"sameAs\":[\"https:\/\/www.facebook.com\/SonoraEE\"]}]}<\/script>\n ","yoast_head_json":{"title":"Sonora en Equipo. Para fomentar el pensamiento cient\u00edfico en la juventud sonorense, ISJ y CIAD firman convenio de colaboraci\u00f3n Ciencia y Tecnolog\u00eda","description":"HERMOSILLO, SONORA, MX. \u2014 Con el objetivo de trabajar de manera conjunta en la elaboraci\u00f3n de documentos cient\u00edficos en materia de las juventudes, el En Sonora en Equipo publicamos toda la informaci\u00f3n de Sonora, M\u00e9xico y el Mundo de manera oportuna y busca que la libertad de expresi\u00f3n sea real. Visita nuestro medio informativo publicado desde Hermosillo, Sonora. %","robots":{"index":"index","follow":"follow","max-snippet":"max-snippet:-1","max-image-preview":"max-image-preview:large","max-video-preview":"max-video-preview:-1"},"canonical":"https:\/\/www.sonoraenequipo.com.mx\/para-fomentar-el-pensamiento-cientifico-en-la-juventud-sonorense-isj-y-ciad-firman-convenio-de-colaboracion\/","og_locale":"es_ES","og_type":"article","og_title":"Sonora en Equipo. Para fomentar el pensamiento cient\u00edfico en la juventud sonorense, ISJ y CIAD firman convenio de colaboraci\u00f3n Ciencia y Tecnolog\u00eda","og_description":"HERMOSILLO, SONORA, MX. \u2014 Con el objetivo de trabajar de manera conjunta en la elaboraci\u00f3n de documentos cient\u00edficos en materia de las juventudes, el En Sonora en Equipo publicamos toda la informaci\u00f3n de Sonora, M\u00e9xico y el Mundo de manera oportuna y busca que la libertad de expresi\u00f3n sea real. Visita nuestro medio informativo publicado desde Hermosillo, Sonora. %","og_url":"https:\/\/www.sonoraenequipo.com.mx\/para-fomentar-el-pensamiento-cientifico-en-la-juventud-sonorense-isj-y-ciad-firman-convenio-de-colaboracion\/","og_site_name":"Sonora en Equipo.","article_publisher":"https:\/\/www.facebook.com\/SonoraEE\/","article_author":"https:\/\/www.facebook.com\/SonoraEE","article_published_time":"2024-07-09T04:48:52+00:00","og_image":[{"width":600,"height":401,"url":"https:\/\/www.sonoraenequipo.com.mx\/storage\/2024\/07\/cyt-1.jpg","type":"image\/jpeg"}],"author":"enequipo","twitter_card":"summary_large_image","twitter_creator":"@sonoraenequipo","twitter_site":"@sonoraenequipo","twitter_misc":{"Escrito por":"enequipo","Tiempo de lectura":"1 minuto"},"schema":{"@context":"https:\/\/schema.org","@graph":[{"@type":"Article","@id":"https:\/\/www.sonoraenequipo.com.mx\/para-fomentar-el-pensamiento-cientifico-en-la-juventud-sonorense-isj-y-ciad-firman-convenio-de-colaboracion\/#article","isPartOf":{"@id":"https:\/\/www.sonoraenequipo.com.mx\/para-fomentar-el-pensamiento-cientifico-en-la-juventud-sonorense-isj-y-ciad-firman-convenio-de-colaboracion\/"},"author":{"name":"enequipo","@id":"https:\/\/www.sonoraenequipo.com.mx\/#\/schema\/person\/50102df0fb23a8fa9e8effad8fa81386"},"headline":"Para fomentar el pensamiento cient\u00edfico en la juventud sonorense, ISJ y CIAD firman convenio de colaboraci\u00f3n","datePublished":"2024-07-09T04:48:52+00:00","mainEntityOfPage":{"@id":"https:\/\/www.sonoraenequipo.com.mx\/para-fomentar-el-pensamiento-cientifico-en-la-juventud-sonorense-isj-y-ciad-firman-convenio-de-colaboracion\/"},"wordCount":269,"commentCount":0,"publisher":{"@id":"https:\/\/www.sonoraenequipo.com.mx\/#organization"},"image":{"@id":"https:\/\/www.sonoraenequipo.com.mx\/para-fomentar-el-pensamiento-cientifico-en-la-juventud-sonorense-isj-y-ciad-firman-convenio-de-colaboracion\/#primaryimage"},"thumbnailUrl":"https:\/\/www.sonoraenequipo.com.mx\/storage\/2024\/07\/cyt-1.jpg","keywords":["Ciencia","ISJ","j\u00f3venes"],"articleSection":["Ciencia y Tecnolog\u00eda"],"inLanguage":"es","potentialAction":[{"@type":"CommentAction","name":"Comment","target":["https:\/\/www.sonoraenequipo.com.mx\/para-fomentar-el-pensamiento-cientifico-en-la-juventud-sonorense-isj-y-ciad-firman-convenio-de-colaboracion\/#respond"]}]},{"@type":"WebPage","@id":"https:\/\/www.sonoraenequipo.com.mx\/para-fomentar-el-pensamiento-cientifico-en-la-juventud-sonorense-isj-y-ciad-firman-convenio-de-colaboracion\/","url":"https:\/\/www.sonoraenequipo.com.mx\/para-fomentar-el-pensamiento-cientifico-en-la-juventud-sonorense-isj-y-ciad-firman-convenio-de-colaboracion\/","name":"Sonora en Equipo. Para fomentar el pensamiento cient\u00edfico en la juventud sonorense, ISJ y CIAD firman convenio de colaboraci\u00f3n Ciencia y Tecnolog\u00eda","isPartOf":{"@id":"https:\/\/www.sonoraenequipo.com.mx\/#website"},"primaryImageOfPage":{"@id":"https:\/\/www.sonoraenequipo.com.mx\/para-fomentar-el-pensamiento-cientifico-en-la-juventud-sonorense-isj-y-ciad-firman-convenio-de-colaboracion\/#primaryimage"},"image":{"@id":"https:\/\/www.sonoraenequipo.com.mx\/para-fomentar-el-pensamiento-cientifico-en-la-juventud-sonorense-isj-y-ciad-firman-convenio-de-colaboracion\/#primaryimage"},"thumbnailUrl":"https:\/\/www.sonoraenequipo.com.mx\/storage\/2024\/07\/cyt-1.jpg","datePublished":"2024-07-09T04:48:52+00:00","description":"HERMOSILLO, SONORA, MX. \u2014 Con el objetivo de trabajar de manera conjunta en la elaboraci\u00f3n de documentos cient\u00edficos en materia de las juventudes, el En Sonora en Equipo publicamos toda la informaci\u00f3n de Sonora, M\u00e9xico y el Mundo de manera oportuna y busca que la libertad de expresi\u00f3n sea real. Visita nuestro medio informativo publicado desde Hermosillo, Sonora. %","breadcrumb":{"@id":"https:\/\/www.sonoraenequipo.com.mx\/para-fomentar-el-pensamiento-cientifico-en-la-juventud-sonorense-isj-y-ciad-firman-convenio-de-colaboracion\/#breadcrumb"},"inLanguage":"es","potentialAction":[{"@type":"ReadAction","target":["https:\/\/www.sonoraenequipo.com.mx\/para-fomentar-el-pensamiento-cientifico-en-la-juventud-sonorense-isj-y-ciad-firman-convenio-de-colaboracion\/"]}]},{"@type":"ImageObject","inLanguage":"es","@id":"https:\/\/www.sonoraenequipo.com.mx\/para-fomentar-el-pensamiento-cientifico-en-la-juventud-sonorense-isj-y-ciad-firman-convenio-de-colaboracion\/#primaryimage","url":"https:\/\/www.sonoraenequipo.com.mx\/storage\/2024\/07\/cyt-1.jpg","contentUrl":"https:\/\/www.sonoraenequipo.com.mx\/storage\/2024\/07\/cyt-1.jpg","width":600,"height":401},{"@type":"BreadcrumbList","@id":"https:\/\/www.sonoraenequipo.com.mx\/para-fomentar-el-pensamiento-cientifico-en-la-juventud-sonorense-isj-y-ciad-firman-convenio-de-colaboracion\/#breadcrumb","itemListElement":[{"@type":"ListItem","position":1,"name":"Portada","item":"https:\/\/www.sonoraenequipo.com.mx\/"},{"@type":"ListItem","position":2,"name":"Para fomentar el pensamiento cient\u00edfico en la juventud sonorense, ISJ y CIAD firman convenio de colaboraci\u00f3n"}]},{"@type":"WebSite","@id":"https:\/\/www.sonoraenequipo.com.mx\/#website","url":"https:\/\/www.sonoraenequipo.com.mx\/","name":"Sonora en Equipo.","description":"Diario en l\u00ednea con Noticias desde Hermosillo, Sonora","publisher":{"@id":"https:\/\/www.sonoraenequipo.com.mx\/#organization"},"potentialAction":[{"@type":"SearchAction","target":{"@type":"EntryPoint","urlTemplate":"https:\/\/www.sonoraenequipo.com.mx\/?s={search_term_string}"},"query-input":{"@type":"PropertyValueSpecification","valueRequired":true,"valueName":"search_term_string"}}],"inLanguage":"es"},{"@type":"Organization","@id":"https:\/\/www.sonoraenequipo.com.mx\/#organization","name":"Sonoraenequipo.com.mx","url":"https:\/\/www.sonoraenequipo.com.mx\/","logo":{"@type":"ImageObject","inLanguage":"es","@id":"https:\/\/www.sonoraenequipo.com.mx\/#\/schema\/logo\/image\/","url":"https:\/\/www.sonoraenequipo.com.mx\/storage\/2019\/01\/sonoraenequipo_opt.png","contentUrl":"https:\/\/www.sonoraenequipo.com.mx\/storage\/2019\/01\/sonoraenequipo_opt.png","width":375,"height":125,"caption":"Sonoraenequipo.com.mx"},"image":{"@id":"https:\/\/www.sonoraenequipo.com.mx\/#\/schema\/logo\/image\/"},"sameAs":["https:\/\/www.facebook.com\/SonoraEE\/","https:\/\/x.com\/sonoraenequipo","https:\/\/www.youtube.com\/channel\/UC338nW-lPEYmJQs4ZABQ1SQ"]},{"@type":"Person","@id":"https:\/\/www.sonoraenequipo.com.mx\/#\/schema\/person\/50102df0fb23a8fa9e8effad8fa81386","name":"enequipo","image":{"@type":"ImageObject","inLanguage":"es","@id":"https:\/\/www.sonoraenequipo.com.mx\/#\/schema\/person\/image\/","url":"https:\/\/secure.gravatar.com\/avatar\/049821681b589dabc0bc20695993ccebb09f5b5d4d790cd9251b97faac7c652b?s=96&d=blank&r=g","contentUrl":"https:\/\/secure.gravatar.com\/avatar\/049821681b589dabc0bc20695993ccebb09f5b5d4d790cd9251b97faac7c652b?s=96&d=blank&r=g","caption":"enequipo"},"sameAs":["https:\/\/www.facebook.com\/SonoraEE"]}]}},"jetpack_featured_media_url":"https:\/\/www.sonoraenequipo.com.mx\/storage\/2024\/07\/cyt-1.jpg","_links":{"self":[{"href":"https:\/\/www.sonoraenequipo.com.mx\/api\/wp\/v2\/posts\/194075","targetHints":{"allow":["GET"]}}],"collection":[{"href":"https:\/\/www.sonoraenequipo.com.mx\/api\/wp\/v2\/posts"}],"about":[{"href":"https:\/\/www.sonoraenequipo.com.mx\/api\/wp\/v2\/types\/post"}],"author":[{"embeddable":true,"href":"https:\/\/www.sonoraenequipo.com.mx\/api\/wp\/v2\/users\/1"}],"replies":[{"embeddable":true,"href":"https:\/\/www.sonoraenequipo.com.mx\/api\/wp\/v2\/comments?post=194075"}],"version-history":[{"count":1,"href":"https:\/\/www.sonoraenequipo.com.mx\/api\/wp\/v2\/posts\/194075\/revisions"}],"predecessor-version":[{"id":194078,"href":"https:\/\/www.sonoraenequipo.com.mx\/api\/wp\/v2\/posts\/194075\/revisions\/194078"}],"wp:featuredmedia":[{"embeddable":true,"href":"https:\/\/www.sonoraenequipo.com.mx\/api\/wp\/v2\/media\/194077"}],"wp:attachment":[{"href":"https:\/\/www.sonoraenequipo.com.mx\/api\/wp\/v2\/media?parent=194075"}],"wp:term":[{"taxonomy":"category","embeddable":true,"href":"https:\/\/www.sonoraenequipo.com.mx\/api\/wp\/v2\/categories?post=194075"},{"taxonomy":"post_tag","embeddable":true,"href":"https:\/\/www.sonoraenequipo.com.mx\/api\/wp\/v2\/tags?post=194075"}],"curies":[{"name":"wp","href":"https:\/\/api.w.org\/{rel}","templated":true}]}}