{"id":194096,"date":"2024-07-08T23:08:09","date_gmt":"2024-07-09T06:08:09","guid":{"rendered":"https:\/\/www.sonoraenequipo.com.mx\/?p=194096"},"modified":"2024-07-09T09:35:10","modified_gmt":"2024-07-09T16:35:10","slug":"luisa-maria-alcalde-quiere-ser-la-dirigente-de-morena-reemplazando-a-mario-delgado","status":"publish","type":"post","link":"https:\/\/www.sonoraenequipo.com.mx\/luisa-maria-alcalde-quiere-ser-la-dirigente-de-morena-reemplazando-a-mario-delgado\/","title":{"rendered":"Luisa Mar\u00eda Alcalde quiere ser la dirigente de Morena, reemplazando a Mario Delgado"},"content":{"rendered":"<p><strong>CIUDAD DE MEXICO. MX. \u2014 <\/strong>\u00a0Luisa Mar\u00eda Alcalde Luj\u00e1n, actual secretaria de Gobernaci\u00f3n, expres\u00f3 su inter\u00e9s en dirigir Morena, el partido que pr\u00f3ximamente renovar\u00e1 su dirigencia nacional. Actualmente, esta posici\u00f3n est\u00e1 ocupada por Mario Delgado, quien recientemente fue designado como secretario de Educaci\u00f3n por Claudia Sheinbaum.<\/p>\n<p> <\/p>\n<p><em><strong>\u201cLa verdad que para m\u00ed ser\u00eda un honor poder presidir Morena, poder trabajar en la consolidaci\u00f3n del partido, poder trabajar en que sea una herramienta que dure muchos m\u00e1s a\u00f1os, una herramienta de lucha, una herramienta de defensa, de la justicia, de la democracia, de los derechos de todas y todos\u201d<\/strong><\/em><\/p>\n<p>\u2014 Luisa Mar\u00eda Alcalde<strong> \u00abMorena es una \u2018haza\u00f1a\u2019 que hay que \u2018cuidar mucho\u2019<\/strong><\/p>\n<p>En una entrevista para Los Periodistas, Alcalde resalt\u00f3 que Morena es una haza\u00f1a que trasciende ser un simple partido pol\u00edtico.<\/p>\n<p><em><strong>\u201cEs algo extraordinario, un movimiento verdadero y vivo, en el que caben personas con diferentes corrientes de pensamiento, de diferentes culturas y de diferentes edades\u201d<\/strong><\/em>, coment\u00f3.<\/p>\n<p>\u2014 Luisa Mar\u00eda Alcalde<\/p>\n<p><strong>La secretaria subray\u00f3 la importancia del liderazgo del presidente L\u00f3pez Obrador en el crecimiento de Morena.<\/strong><\/p>\n<p><em><strong>\u201cDesde que inici\u00f3, y con el liderazgo del presidente L\u00f3pez Obrador, ha tenido un crecimiento enorme, que hay que cuidar mucho porque no solo es una herramienta para ganar elecciones sino tambi\u00e9n para proponer la participaci\u00f3n popular, el debate, la revoluci\u00f3n de las conciencias. Entonces se tiene que cuidar mucho a Morena, que est\u00e9 siempre apegado a sus principios, a sus ideales, cercano a la gente\u201d<\/strong><\/em><\/p>\n<p>\u2014 Luisa Mar\u00eda Alcalde<br \/>\n<strong>Posibles sucesores de Mario Delgado como dirigente de Morena<\/strong><\/p>\n<p><strong>En las \u00faltimas semanas, han surgido al menos dos nombres como posibles sucesores en la dirigencia nacional de Morena.<\/strong><\/p>\n<p>Uno de ellos es Luisa Mar\u00eda Alcalde y el otro es Citlalli Hern\u00e1ndez, actual secretaria general del partido.<\/p>\n<p>Hasta el momento, Hern\u00e1ndez no ha hecho declaraciones sobre sus posibles aspiraciones.<\/p>\n<p>PUBLICADO EL 08 DE JULIO DE 2024 Con informaci\u00f3n de Angelica Alvarado)<\/p>\n","protected":false},"excerpt":{"rendered":"<p>CIUDAD DE MEXICO. MX. \u2014 \u00a0Luisa Mar\u00eda Alcalde Luj\u00e1n, actual secretaria de Gobernaci\u00f3n, expres\u00f3 su&#8230;<\/p>\n","protected":false},"author":1,"featured_media":194097,"comment_status":"open","ping_status":"open","sticky":false,"template":"","format":"standard","meta":{"_monsterinsights_skip_tracking":false,"_monsterinsights_sitenote_active":false,"_monsterinsights_sitenote_note":"","_monsterinsights_sitenote_category":0,"footnotes":""},"categories":[5],"tags":[],"class_list":["post"],"yoast_head":" \n<title>Sonora en Equipo. Luisa Mar\u00eda Alcalde quiere ser la dirigente de Morena, reemplazando a Mario Delgado Rep\u00fablica<\/title>\n<meta name=\"description\" content=\"CIUDAD DE MEXICO. MX. \u2014 \u00a0Luisa Mar\u00eda Alcalde Luj\u00e1n, actual secretaria de Gobernaci\u00f3n, expres\u00f3 su inter\u00e9s en dirigir Morena, el partido que pr\u00f3ximamente En Sonora en Equipo publicamos toda la informaci\u00f3n de Sonora, M\u00e9xico y el Mundo de manera oportuna y busca que la libertad de expresi\u00f3n sea real. Visita nuestro medio informativo publicado desde Hermosillo, Sonora. %\" \/>\n<meta name=\"robots\" content=\"index, follow, max-snippet:-1, max-image-preview:large, max-video-preview:-1\" \/>\n<link rel=\"canonical\" href=\"https:\/\/www.sonoraenequipo.com.mx\/luisa-maria-alcalde-quiere-ser-la-dirigente-de-morena-reemplazando-a-mario-delgado\/\" \/>\n<meta property=\"og:locale\" content=\"es_ES\" \/>\n<meta property=\"og:type\" content=\"article\" \/>\n<meta property=\"og:title\" content=\"Sonora en Equipo. Luisa Mar\u00eda Alcalde quiere ser la dirigente de Morena, reemplazando a Mario Delgado Rep\u00fablica\" \/>\n<meta property=\"og:description\" content=\"CIUDAD DE MEXICO. MX. \u2014 \u00a0Luisa Mar\u00eda Alcalde Luj\u00e1n, actual secretaria de Gobernaci\u00f3n, expres\u00f3 su inter\u00e9s en dirigir Morena, el partido que pr\u00f3ximamente En Sonora en Equipo publicamos toda la informaci\u00f3n de Sonora, M\u00e9xico y el Mundo de manera oportuna y busca que la libertad de expresi\u00f3n sea real. Visita nuestro medio informativo publicado desde Hermosillo, Sonora. %\" \/>\n<meta property=\"og:url\" content=\"https:\/\/www.sonoraenequipo.com.mx\/luisa-maria-alcalde-quiere-ser-la-dirigente-de-morena-reemplazando-a-mario-delgado\/\" \/>\n<meta property=\"og:site_name\" content=\"Sonora en Equipo.\" \/>\n<meta property=\"article:publisher\" content=\"https:\/\/www.facebook.com\/SonoraEE\/\" \/>\n<meta property=\"article:author\" content=\"https:\/\/www.facebook.com\/SonoraEE\" \/>\n<meta property=\"article:published_time\" content=\"2024-07-09T06:08:09+00:00\" \/>\n<meta property=\"article:modified_time\" content=\"2024-07-09T16:35:10+00:00\" \/>\n<meta property=\"og:image\" content=\"https:\/\/www.sonoraenequipo.com.mx\/storage\/2024\/07\/LUIS-Maria-Alcalde.jpg-min.jpeg\" \/>\n\t<meta property=\"og:image:width\" content=\"899\" \/>\n\t<meta property=\"og:image:height\" content=\"552\" \/>\n\t<meta property=\"og:image:type\" content=\"image\/jpeg\" \/>\n<meta name=\"author\" content=\"enequipo\" \/>\n<meta name=\"twitter:card\" content=\"summary_large_image\" \/>\n<meta name=\"twitter:creator\" content=\"@sonoraenequipo\" \/>\n<meta name=\"twitter:site\" content=\"@sonoraenequipo\" \/>\n<meta name=\"twitter:label1\" content=\"Escrito por\" \/>\n\t<meta name=\"twitter:data1\" content=\"enequipo\" \/>\n\t<meta name=\"twitter:label2\" content=\"Tiempo de lectura\" \/>\n\t<meta name=\"twitter:data2\" content=\"2 minutos\" \/>\n<script type=\"application\/ld+json\" class=\"yoast-schema-graph\">{\"@context\":\"https:\/\/schema.org\",\"@graph\":[{\"@type\":\"Article\",\"@id\":\"https:\/\/www.sonoraenequipo.com.mx\/luisa-maria-alcalde-quiere-ser-la-dirigente-de-morena-reemplazando-a-mario-delgado\/#article\",\"isPartOf\":{\"@id\":\"https:\/\/www.sonoraenequipo.com.mx\/luisa-maria-alcalde-quiere-ser-la-dirigente-de-morena-reemplazando-a-mario-delgado\/\"},\"author\":{\"name\":\"enequipo\",\"@id\":\"https:\/\/www.sonoraenequipo.com.mx\/#\/schema\/person\/50102df0fb23a8fa9e8effad8fa81386\"},\"headline\":\"Luisa Mar\u00eda Alcalde quiere ser la dirigente de Morena, reemplazando a Mario Delgado\",\"datePublished\":\"2024-07-09T06:08:09+00:00\",\"dateModified\":\"2024-07-09T16:35:10+00:00\",\"mainEntityOfPage\":{\"@id\":\"https:\/\/www.sonoraenequipo.com.mx\/luisa-maria-alcalde-quiere-ser-la-dirigente-de-morena-reemplazando-a-mario-delgado\/\"},\"wordCount\":350,\"commentCount\":0,\"publisher\":{\"@id\":\"https:\/\/www.sonoraenequipo.com.mx\/#organization\"},\"image\":{\"@id\":\"https:\/\/www.sonoraenequipo.com.mx\/luisa-maria-alcalde-quiere-ser-la-dirigente-de-morena-reemplazando-a-mario-delgado\/#primaryimage\"},\"thumbnailUrl\":\"https:\/\/www.sonoraenequipo.com.mx\/storage\/2024\/07\/LUIS-Maria-Alcalde.jpg-min.jpeg\",\"articleSection\":[\"Rep\u00fablica\"],\"inLanguage\":\"es\",\"potentialAction\":[{\"@type\":\"CommentAction\",\"name\":\"Comment\",\"target\":[\"https:\/\/www.sonoraenequipo.com.mx\/luisa-maria-alcalde-quiere-ser-la-dirigente-de-morena-reemplazando-a-mario-delgado\/#respond\"]}]},{\"@type\":\"WebPage\",\"@id\":\"https:\/\/www.sonoraenequipo.com.mx\/luisa-maria-alcalde-quiere-ser-la-dirigente-de-morena-reemplazando-a-mario-delgado\/\",\"url\":\"https:\/\/www.sonoraenequipo.com.mx\/luisa-maria-alcalde-quiere-ser-la-dirigente-de-morena-reemplazando-a-mario-delgado\/\",\"name\":\"Sonora en Equipo. Luisa Mar\u00eda Alcalde quiere ser la dirigente de Morena, reemplazando a Mario Delgado Rep\u00fablica\",\"isPartOf\":{\"@id\":\"https:\/\/www.sonoraenequipo.com.mx\/#website\"},\"primaryImageOfPage\":{\"@id\":\"https:\/\/www.sonoraenequipo.com.mx\/luisa-maria-alcalde-quiere-ser-la-dirigente-de-morena-reemplazando-a-mario-delgado\/#primaryimage\"},\"image\":{\"@id\":\"https:\/\/www.sonoraenequipo.com.mx\/luisa-maria-alcalde-quiere-ser-la-dirigente-de-morena-reemplazando-a-mario-delgado\/#primaryimage\"},\"thumbnailUrl\":\"https:\/\/www.sonoraenequipo.com.mx\/storage\/2024\/07\/LUIS-Maria-Alcalde.jpg-min.jpeg\",\"datePublished\":\"2024-07-09T06:08:09+00:00\",\"dateModified\":\"2024-07-09T16:35:10+00:00\",\"description\":\"CIUDAD DE MEXICO. MX. \u2014 \u00a0Luisa Mar\u00eda Alcalde Luj\u00e1n, actual secretaria de Gobernaci\u00f3n, expres\u00f3 su inter\u00e9s en dirigir Morena, el partido que pr\u00f3ximamente En Sonora en Equipo publicamos toda la informaci\u00f3n de Sonora, M\u00e9xico y el Mundo de manera oportuna y busca que la libertad de expresi\u00f3n sea real. Visita nuestro medio informativo publicado desde Hermosillo, Sonora. %\",\"breadcrumb\":{\"@id\":\"https:\/\/www.sonoraenequipo.com.mx\/luisa-maria-alcalde-quiere-ser-la-dirigente-de-morena-reemplazando-a-mario-delgado\/#breadcrumb\"},\"inLanguage\":\"es\",\"potentialAction\":[{\"@type\":\"ReadAction\",\"target\":[\"https:\/\/www.sonoraenequipo.com.mx\/luisa-maria-alcalde-quiere-ser-la-dirigente-de-morena-reemplazando-a-mario-delgado\/\"]}]},{\"@type\":\"ImageObject\",\"inLanguage\":\"es\",\"@id\":\"https:\/\/www.sonoraenequipo.com.mx\/luisa-maria-alcalde-quiere-ser-la-dirigente-de-morena-reemplazando-a-mario-delgado\/#primaryimage\",\"url\":\"https:\/\/www.sonoraenequipo.com.mx\/storage\/2024\/07\/LUIS-Maria-Alcalde.jpg-min.jpeg\",\"contentUrl\":\"https:\/\/www.sonoraenequipo.com.mx\/storage\/2024\/07\/LUIS-Maria-Alcalde.jpg-min.jpeg\",\"width\":899,\"height\":552},{\"@type\":\"BreadcrumbList\",\"@id\":\"https:\/\/www.sonoraenequipo.com.mx\/luisa-maria-alcalde-quiere-ser-la-dirigente-de-morena-reemplazando-a-mario-delgado\/#breadcrumb\",\"itemListElement\":[{\"@type\":\"ListItem\",\"position\":1,\"name\":\"Portada\",\"item\":\"https:\/\/www.sonoraenequipo.com.mx\/\"},{\"@type\":\"ListItem\",\"position\":2,\"name\":\"Luisa Mar\u00eda Alcalde quiere ser la dirigente de Morena, reemplazando a Mario Delgado\"}]},{\"@type\":\"WebSite\",\"@id\":\"https:\/\/www.sonoraenequipo.com.mx\/#website\",\"url\":\"https:\/\/www.sonoraenequipo.com.mx\/\",\"name\":\"Sonora en Equipo.\",\"description\":\"Diario en l\u00ednea con Noticias desde Hermosillo, Sonora\",\"publisher\":{\"@id\":\"https:\/\/www.sonoraenequipo.com.mx\/#organization\"},\"potentialAction\":[{\"@type\":\"SearchAction\",\"target\":{\"@type\":\"EntryPoint\",\"urlTemplate\":\"https:\/\/www.sonoraenequipo.com.mx\/?s={search_term_string}\"},\"query-input\":{\"@type\":\"PropertyValueSpecification\",\"valueRequired\":true,\"valueName\":\"search_term_string\"}}],\"inLanguage\":\"es\"},{\"@type\":\"Organization\",\"@id\":\"https:\/\/www.sonoraenequipo.com.mx\/#organization\",\"name\":\"Sonoraenequipo.com.mx\",\"url\":\"https:\/\/www.sonoraenequipo.com.mx\/\",\"logo\":{\"@type\":\"ImageObject\",\"inLanguage\":\"es\",\"@id\":\"https:\/\/www.sonoraenequipo.com.mx\/#\/schema\/logo\/image\/\",\"url\":\"https:\/\/www.sonoraenequipo.com.mx\/storage\/2019\/01\/sonoraenequipo_opt.png\",\"contentUrl\":\"https:\/\/www.sonoraenequipo.com.mx\/storage\/2019\/01\/sonoraenequipo_opt.png\",\"width\":375,\"height\":125,\"caption\":\"Sonoraenequipo.com.mx\"},\"image\":{\"@id\":\"https:\/\/www.sonoraenequipo.com.mx\/#\/schema\/logo\/image\/\"},\"sameAs\":[\"https:\/\/www.facebook.com\/SonoraEE\/\",\"https:\/\/x.com\/sonoraenequipo\",\"https:\/\/www.youtube.com\/channel\/UC338nW-lPEYmJQs4ZABQ1SQ\"]},{\"@type\":\"Person\",\"@id\":\"https:\/\/www.sonoraenequipo.com.mx\/#\/schema\/person\/50102df0fb23a8fa9e8effad8fa81386\",\"name\":\"enequipo\",\"image\":{\"@type\":\"ImageObject\",\"inLanguage\":\"es\",\"@id\":\"https:\/\/www.sonoraenequipo.com.mx\/#\/schema\/person\/image\/\",\"url\":\"https:\/\/secure.gravatar.com\/avatar\/049821681b589dabc0bc20695993ccebb09f5b5d4d790cd9251b97faac7c652b?s=96&d=blank&r=g\",\"contentUrl\":\"https:\/\/secure.gravatar.com\/avatar\/049821681b589dabc0bc20695993ccebb09f5b5d4d790cd9251b97faac7c652b?s=96&d=blank&r=g\",\"caption\":\"enequipo\"},\"sameAs\":[\"https:\/\/www.facebook.com\/SonoraEE\"]}]}<\/script>\n ","yoast_head_json":{"title":"Sonora en Equipo. Luisa Mar\u00eda Alcalde quiere ser la dirigente de Morena, reemplazando a Mario Delgado Rep\u00fablica","description":"CIUDAD DE MEXICO. MX. \u2014 \u00a0Luisa Mar\u00eda Alcalde Luj\u00e1n, actual secretaria de Gobernaci\u00f3n, expres\u00f3 su inter\u00e9s en dirigir Morena, el partido que pr\u00f3ximamente En Sonora en Equipo publicamos toda la informaci\u00f3n de Sonora, M\u00e9xico y el Mundo de manera oportuna y busca que la libertad de expresi\u00f3n sea real. Visita nuestro medio informativo publicado desde Hermosillo, Sonora. %","robots":{"index":"index","follow":"follow","max-snippet":"max-snippet:-1","max-image-preview":"max-image-preview:large","max-video-preview":"max-video-preview:-1"},"canonical":"https:\/\/www.sonoraenequipo.com.mx\/luisa-maria-alcalde-quiere-ser-la-dirigente-de-morena-reemplazando-a-mario-delgado\/","og_locale":"es_ES","og_type":"article","og_title":"Sonora en Equipo. Luisa Mar\u00eda Alcalde quiere ser la dirigente de Morena, reemplazando a Mario Delgado Rep\u00fablica","og_description":"CIUDAD DE MEXICO. MX. \u2014 \u00a0Luisa Mar\u00eda Alcalde Luj\u00e1n, actual secretaria de Gobernaci\u00f3n, expres\u00f3 su inter\u00e9s en dirigir Morena, el partido que pr\u00f3ximamente En Sonora en Equipo publicamos toda la informaci\u00f3n de Sonora, M\u00e9xico y el Mundo de manera oportuna y busca que la libertad de expresi\u00f3n sea real. Visita nuestro medio informativo publicado desde Hermosillo, Sonora. %","og_url":"https:\/\/www.sonoraenequipo.com.mx\/luisa-maria-alcalde-quiere-ser-la-dirigente-de-morena-reemplazando-a-mario-delgado\/","og_site_name":"Sonora en Equipo.","article_publisher":"https:\/\/www.facebook.com\/SonoraEE\/","article_author":"https:\/\/www.facebook.com\/SonoraEE","article_published_time":"2024-07-09T06:08:09+00:00","article_modified_time":"2024-07-09T16:35:10+00:00","og_image":[{"width":899,"height":552,"url":"https:\/\/www.sonoraenequipo.com.mx\/storage\/2024\/07\/LUIS-Maria-Alcalde.jpg-min.jpeg","type":"image\/jpeg"}],"author":"enequipo","twitter_card":"summary_large_image","twitter_creator":"@sonoraenequipo","twitter_site":"@sonoraenequipo","twitter_misc":{"Escrito por":"enequipo","Tiempo de lectura":"2 minutos"},"schema":{"@context":"https:\/\/schema.org","@graph":[{"@type":"Article","@id":"https:\/\/www.sonoraenequipo.com.mx\/luisa-maria-alcalde-quiere-ser-la-dirigente-de-morena-reemplazando-a-mario-delgado\/#article","isPartOf":{"@id":"https:\/\/www.sonoraenequipo.com.mx\/luisa-maria-alcalde-quiere-ser-la-dirigente-de-morena-reemplazando-a-mario-delgado\/"},"author":{"name":"enequipo","@id":"https:\/\/www.sonoraenequipo.com.mx\/#\/schema\/person\/50102df0fb23a8fa9e8effad8fa81386"},"headline":"Luisa Mar\u00eda Alcalde quiere ser la dirigente de Morena, reemplazando a Mario Delgado","datePublished":"2024-07-09T06:08:09+00:00","dateModified":"2024-07-09T16:35:10+00:00","mainEntityOfPage":{"@id":"https:\/\/www.sonoraenequipo.com.mx\/luisa-maria-alcalde-quiere-ser-la-dirigente-de-morena-reemplazando-a-mario-delgado\/"},"wordCount":350,"commentCount":0,"publisher":{"@id":"https:\/\/www.sonoraenequipo.com.mx\/#organization"},"image":{"@id":"https:\/\/www.sonoraenequipo.com.mx\/luisa-maria-alcalde-quiere-ser-la-dirigente-de-morena-reemplazando-a-mario-delgado\/#primaryimage"},"thumbnailUrl":"https:\/\/www.sonoraenequipo.com.mx\/storage\/2024\/07\/LUIS-Maria-Alcalde.jpg-min.jpeg","articleSection":["Rep\u00fablica"],"inLanguage":"es","potentialAction":[{"@type":"CommentAction","name":"Comment","target":["https:\/\/www.sonoraenequipo.com.mx\/luisa-maria-alcalde-quiere-ser-la-dirigente-de-morena-reemplazando-a-mario-delgado\/#respond"]}]},{"@type":"WebPage","@id":"https:\/\/www.sonoraenequipo.com.mx\/luisa-maria-alcalde-quiere-ser-la-dirigente-de-morena-reemplazando-a-mario-delgado\/","url":"https:\/\/www.sonoraenequipo.com.mx\/luisa-maria-alcalde-quiere-ser-la-dirigente-de-morena-reemplazando-a-mario-delgado\/","name":"Sonora en Equipo. Luisa Mar\u00eda Alcalde quiere ser la dirigente de Morena, reemplazando a Mario Delgado Rep\u00fablica","isPartOf":{"@id":"https:\/\/www.sonoraenequipo.com.mx\/#website"},"primaryImageOfPage":{"@id":"https:\/\/www.sonoraenequipo.com.mx\/luisa-maria-alcalde-quiere-ser-la-dirigente-de-morena-reemplazando-a-mario-delgado\/#primaryimage"},"image":{"@id":"https:\/\/www.sonoraenequipo.com.mx\/luisa-maria-alcalde-quiere-ser-la-dirigente-de-morena-reemplazando-a-mario-delgado\/#primaryimage"},"thumbnailUrl":"https:\/\/www.sonoraenequipo.com.mx\/storage\/2024\/07\/LUIS-Maria-Alcalde.jpg-min.jpeg","datePublished":"2024-07-09T06:08:09+00:00","dateModified":"2024-07-09T16:35:10+00:00","description":"CIUDAD DE MEXICO. MX. \u2014 \u00a0Luisa Mar\u00eda Alcalde Luj\u00e1n, actual secretaria de Gobernaci\u00f3n, expres\u00f3 su inter\u00e9s en dirigir Morena, el partido que pr\u00f3ximamente En Sonora en Equipo publicamos toda la informaci\u00f3n de Sonora, M\u00e9xico y el Mundo de manera oportuna y busca que la libertad de expresi\u00f3n sea real. Visita nuestro medio informativo publicado desde Hermosillo, Sonora. %","breadcrumb":{"@id":"https:\/\/www.sonoraenequipo.com.mx\/luisa-maria-alcalde-quiere-ser-la-dirigente-de-morena-reemplazando-a-mario-delgado\/#breadcrumb"},"inLanguage":"es","potentialAction":[{"@type":"ReadAction","target":["https:\/\/www.sonoraenequipo.com.mx\/luisa-maria-alcalde-quiere-ser-la-dirigente-de-morena-reemplazando-a-mario-delgado\/"]}]},{"@type":"ImageObject","inLanguage":"es","@id":"https:\/\/www.sonoraenequipo.com.mx\/luisa-maria-alcalde-quiere-ser-la-dirigente-de-morena-reemplazando-a-mario-delgado\/#primaryimage","url":"https:\/\/www.sonoraenequipo.com.mx\/storage\/2024\/07\/LUIS-Maria-Alcalde.jpg-min.jpeg","contentUrl":"https:\/\/www.sonoraenequipo.com.mx\/storage\/2024\/07\/LUIS-Maria-Alcalde.jpg-min.jpeg","width":899,"height":552},{"@type":"BreadcrumbList","@id":"https:\/\/www.sonoraenequipo.com.mx\/luisa-maria-alcalde-quiere-ser-la-dirigente-de-morena-reemplazando-a-mario-delgado\/#breadcrumb","itemListElement":[{"@type":"ListItem","position":1,"name":"Portada","item":"https:\/\/www.sonoraenequipo.com.mx\/"},{"@type":"ListItem","position":2,"name":"Luisa Mar\u00eda Alcalde quiere ser la dirigente de Morena, reemplazando a Mario Delgado"}]},{"@type":"WebSite","@id":"https:\/\/www.sonoraenequipo.com.mx\/#website","url":"https:\/\/www.sonoraenequipo.com.mx\/","name":"Sonora en Equipo.","description":"Diario en l\u00ednea con Noticias desde Hermosillo, Sonora","publisher":{"@id":"https:\/\/www.sonoraenequipo.com.mx\/#organization"},"potentialAction":[{"@type":"SearchAction","target":{"@type":"EntryPoint","urlTemplate":"https:\/\/www.sonoraenequipo.com.mx\/?s={search_term_string}"},"query-input":{"@type":"PropertyValueSpecification","valueRequired":true,"valueName":"search_term_string"}}],"inLanguage":"es"},{"@type":"Organization","@id":"https:\/\/www.sonoraenequipo.com.mx\/#organization","name":"Sonoraenequipo.com.mx","url":"https:\/\/www.sonoraenequipo.com.mx\/","logo":{"@type":"ImageObject","inLanguage":"es","@id":"https:\/\/www.sonoraenequipo.com.mx\/#\/schema\/logo\/image\/","url":"https:\/\/www.sonoraenequipo.com.mx\/storage\/2019\/01\/sonoraenequipo_opt.png","contentUrl":"https:\/\/www.sonoraenequipo.com.mx\/storage\/2019\/01\/sonoraenequipo_opt.png","width":375,"height":125,"caption":"Sonoraenequipo.com.mx"},"image":{"@id":"https:\/\/www.sonoraenequipo.com.mx\/#\/schema\/logo\/image\/"},"sameAs":["https:\/\/www.facebook.com\/SonoraEE\/","https:\/\/x.com\/sonoraenequipo","https:\/\/www.youtube.com\/channel\/UC338nW-lPEYmJQs4ZABQ1SQ"]},{"@type":"Person","@id":"https:\/\/www.sonoraenequipo.com.mx\/#\/schema\/person\/50102df0fb23a8fa9e8effad8fa81386","name":"enequipo","image":{"@type":"ImageObject","inLanguage":"es","@id":"https:\/\/www.sonoraenequipo.com.mx\/#\/schema\/person\/image\/","url":"https:\/\/secure.gravatar.com\/avatar\/049821681b589dabc0bc20695993ccebb09f5b5d4d790cd9251b97faac7c652b?s=96&d=blank&r=g","contentUrl":"https:\/\/secure.gravatar.com\/avatar\/049821681b589dabc0bc20695993ccebb09f5b5d4d790cd9251b97faac7c652b?s=96&d=blank&r=g","caption":"enequipo"},"sameAs":["https:\/\/www.facebook.com\/SonoraEE"]}]}},"jetpack_featured_media_url":"https:\/\/www.sonoraenequipo.com.mx\/storage\/2024\/07\/LUIS-Maria-Alcalde.jpg-min.jpeg","_links":{"self":[{"href":"https:\/\/www.sonoraenequipo.com.mx\/api\/wp\/v2\/posts\/194096","targetHints":{"allow":["GET"]}}],"collection":[{"href":"https:\/\/www.sonoraenequipo.com.mx\/api\/wp\/v2\/posts"}],"about":[{"href":"https:\/\/www.sonoraenequipo.com.mx\/api\/wp\/v2\/types\/post"}],"author":[{"embeddable":true,"href":"https:\/\/www.sonoraenequipo.com.mx\/api\/wp\/v2\/users\/1"}],"replies":[{"embeddable":true,"href":"https:\/\/www.sonoraenequipo.com.mx\/api\/wp\/v2\/comments?post=194096"}],"version-history":[{"count":2,"href":"https:\/\/www.sonoraenequipo.com.mx\/api\/wp\/v2\/posts\/194096\/revisions"}],"predecessor-version":[{"id":194100,"href":"https:\/\/www.sonoraenequipo.com.mx\/api\/wp\/v2\/posts\/194096\/revisions\/194100"}],"wp:featuredmedia":[{"embeddable":true,"href":"https:\/\/www.sonoraenequipo.com.mx\/api\/wp\/v2\/media\/194097"}],"wp:attachment":[{"href":"https:\/\/www.sonoraenequipo.com.mx\/api\/wp\/v2\/media?parent=194096"}],"wp:term":[{"taxonomy":"category","embeddable":true,"href":"https:\/\/www.sonoraenequipo.com.mx\/api\/wp\/v2\/categories?post=194096"},{"taxonomy":"post_tag","embeddable":true,"href":"https:\/\/www.sonoraenequipo.com.mx\/api\/wp\/v2\/tags?post=194096"}],"curies":[{"name":"wp","href":"https:\/\/api.w.org\/{rel}","templated":true}]}}