{"id":194101,"date":"2024-07-09T07:35:19","date_gmt":"2024-07-09T14:35:19","guid":{"rendered":"https:\/\/www.sonoraenequipo.com.mx\/?p=194101"},"modified":"2024-07-09T10:46:21","modified_gmt":"2024-07-09T17:46:21","slug":"fallece-enrique-javier-alfaro-anguiano-padre-del-gobernador-enrique-alfaro-ramirez","status":"publish","type":"post","link":"https:\/\/www.sonoraenequipo.com.mx\/fallece-enrique-javier-alfaro-anguiano-padre-del-gobernador-enrique-alfaro-ramirez\/","title":{"rendered":"Fallece Enrique Javier Alfaro Anguiano, padre del Gobernador Enrique Alfaro Ram\u00edrez"},"content":{"rendered":"<p><strong>GUADALAJARA, JALISCO. MX. \u2014<\/strong> El Gobernador del Estado Enrique Alfaro Ram\u00edrez, comunic\u00f3 temprano esta ma\u00f1ana que su padre Enrique Javier Alfaro Anguiano falleci\u00f3, este es el mensaje que difundi\u00f3 en redes:<\/p>\n<p>&nbsp;<\/p>\n<p>&nbsp;<\/p>\n<p> <\/p>\n<p><strong><em>\u00abCon mucho dolor les informo que durante la madrugada falleci\u00f3 mi padre, Enrique Javier Alfaro Anguiano. En este momento me encuentro fuera del pa\u00eds organizando mi regreso a Guadalajara. M\u00e1s tarde podr\u00e9 informarle a nuestra familia y amigos sobre los servicios funerarios. Gracias por todo jefe, te quiero mucho, vas a hacer mucha falta\u00bb.<\/em><\/strong><\/p>\n<p>&nbsp;<\/p>\n<p>&nbsp;<\/p>\n<p>La biograf\u00eda del exrector que est\u00e1 publicada en la Enciclopedia Hist\u00f3rica y Biogr\u00e1fica de la Universidad a la letra dice:<\/p>\n<p>&nbsp;<\/p>\n<p>&nbsp;<\/p>\n<p>Naci\u00f3 en Guadalajara, Jalisco, el 23 de junio de 1942. Fueron sus padres los se\u00f1ores Enrique Alfaro Gonz\u00e1lez y Ernestina Anguiano de Alfaro.<\/p>\n<p>&nbsp;<\/p>\n<p>&nbsp;<\/p>\n<p>En el Colegio Febres Cordero estudi\u00f3 la primaria y la secundaria; el 23 de septiembre de 1960 ingres\u00f3 a la Escuela Vocacional de la Universidad de Guadalajara para cursar el bachillerato.<\/p>\n<p>&nbsp;<\/p>\n<p>&nbsp;<\/p>\n<p>Realiz\u00f3 sus estudios profesionales en la Facultad de Derecho de 1962 a 1967, y se gradu\u00f3 de abogado en la generaci\u00f3n Licenciado Constantino Rogelio del R\u00edo.<\/p>\n<p>&nbsp;<\/p>\n<p>&nbsp;<\/p>\n<p>Fue presidente de la feg de 1967 a 1969; como tal integr\u00f3 la representaci\u00f3n estudiantil ante el Consejo General Universitario.<\/p>\n<p>&nbsp;<\/p>\n<p>&nbsp;<\/p>\n<p>Profesor de las clases de Econom\u00eda, Civismo y Literatura Universal en las Escuelas Secundarias n\u00fameros 1 y 3 para Varones, y jefe del Bufete del Servicio Social en el Ayuntamiento de Zapopan, Jalisco.<\/p>\n<p>&nbsp;<\/p>\n<p>&nbsp;<\/p>\n<p>En la Universidad de Guadalajara desempe\u00f1\u00f3 los siguientes cargos docentes como profesor: extraordinario de Sociolog\u00eda en la Escuela Preparatoria n\u00famero 4, del 16 de marzo de 1969 al 25 de septiembre de 1972; extraordinario de Sociolog\u00eda en la Preparatoria para Trabajadores, del 1\u00b0 de noviembre de 1969 al 25 de septiembre de 1972; interino de Sociolog\u00eda en la Preparatoria n\u00famero 4, del 16 de octubre de 1970 al 1\u00b0 de julio de 1972; interino de Derecho Obrero en la Escuela de Trabajo Social, del 1\u00b0 de noviembre de 1971 al 1\u00b0 de junio de 1974; interino de Derecho Agrario en la Escuela de Trabajo Social, del 19 de febrero de 1972 al 1\u00b0 de noviembre de 1978; titular de Sociolog\u00eda en la Escuela Preparatoria n\u00famero 4 del 1\u00b0 de noviembre de 1972 al 20 de septiembre de 1973; extraordinario de Historia de las Ideas Pol\u00edticas e interino de Estructura Pol\u00edtica de M\u00e9xico curso II, del 1\u00b0 de septiembre de 1973 al 1\u00b0 de septiembre de 1974; profesor de tiempo completo, nombrado el 20 de marzo de 1975; interino de Problemas Socioecon\u00f3micos y Pol\u00edticos de M\u00e9xico en la Escuela Preparatoria n\u00famero 4, del 1\u00b0 de junio de 1981 al 31 de agosto de 1982, y del 16 de noviembre de 1986 al 30 de julio de 1988; e interino de Etimolog\u00edas, \u00c9tica y Filosof\u00eda curso II, en la Escuela Preparatoria n\u00famero 4, en diversas fechas de 1981 a 1989.<\/p>\n<p>&nbsp;<\/p>\n<p>&nbsp;<\/p>\n<p>Sobre su visi\u00f3n educativa, escribi\u00f3: \u201cToda mi vida he trabajado y luchado, para que los j\u00f3venes tengan acceso a la educaci\u00f3n, para prepararse y formarse y ser \u00fatiles a la sociedad, e instrumentos de superaci\u00f3n y libertad para nuestra Patria\u201d.1<\/p>\n<p>&nbsp;<\/p>\n<p>&nbsp;<\/p>\n<p>Entre los cargos de representaci\u00f3n, administrativos y directivos que desempe\u00f1\u00f3 en la Universidad de Guadalajara se encuentran: del 22 de noviembre de 1966 al 4 de diciembre de 1967, miembro de la Comisi\u00f3n de Reglamentos del Consejo General Universitario; del 10 de diciembre de 1968 al 6 de diciembre de 1969, miembro de la Comisi\u00f3n de Educaci\u00f3n del Consejo General Universitario; secretario de la Escuela Preparatoria n\u00famero 4, del 1\u00b0 de octubre de 1969 al 16 de mayo de 1971; director de la Escuela Preparatoria n\u00famero 4, del 1\u00b0 de mayo de 1971 al 15 de abril de 1974; representante de la rector\u00eda en la Comisi\u00f3n de Admisi\u00f3n a la Escuela Preparatoria n\u00famero 4, de 1971 a 1973; director del Departamento de Ense\u00f1anza Preparatoria del 17 de septiembre de 1973 al 31 de octubre de 1975; miembro de la Comisi\u00f3n de Festejos del Cincuentenario de la Universidad, a partir del 18 de noviembre de 1974; y secretario general de la Universidad, del 30 de octubre de 1975 al 31 de marzo de 1983.<\/p>\n<p>&nbsp;<\/p>\n<p>&nbsp;<\/p>\n<p>Del 1\u00b0 de abril de 1983 al 31 de marzo de 1989 fue rector de la Universidad de Guadalajara.<\/p>\n<p>&nbsp;<\/p>\n<p>&nbsp;<\/p>\n<p>Escribi\u00f3 los pr\u00f3logos a los libros Orozco, verdad cronol\u00f3gica (1983) e Independencia y Naci\u00f3n. Discursos jaliscienses del siglo xix (1985). Fue padrino de la generaci\u00f3n de abogados 1971-1976. En 1989 recibi\u00f3 el fiat de notario p\u00fablico.<\/p>\n<p>&nbsp;<\/p>\n<p>&nbsp;<\/p>\n<p>A trav\u00e9s de las redes, personajes de la vida p\u00fablica de Jalisco, acad\u00e9micos pol\u00edticos, empresarios han expresado su p\u00e9same al Gobernador.<\/p>\n<p>&nbsp;<\/p>\n<p>&nbsp;<\/p>\n<p>&nbsp;<\/p>\n<p>PUBLICADO EL 09 DE JULIO DE 2024 Con informaci\u00f3n de redes sociales)<\/p>\n","protected":false},"excerpt":{"rendered":"<p>GUADALAJARA, JALISCO. MX. \u2014 El Gobernador del Estado Enrique Alfaro Ram\u00edrez, comunic\u00f3 temprano esta ma\u00f1ana&#8230;<\/p>\n","protected":false},"author":1,"featured_media":194102,"comment_status":"open","ping_status":"open","sticky":false,"template":"","format":"standard","meta":{"_monsterinsights_skip_tracking":false,"_monsterinsights_sitenote_active":false,"_monsterinsights_sitenote_note":"","_monsterinsights_sitenote_category":0,"footnotes":""},"categories":[5],"tags":[],"class_list":["post"],"yoast_head":" \n<title>Sonora en Equipo. Fallece Enrique Javier Alfaro Anguiano, padre del Gobernador Enrique Alfaro Ram\u00edrez Rep\u00fablica<\/title>\n<meta name=\"description\" content=\"GUADALAJARA, JALISCO. MX. \u2014 El Gobernador del Estado Enrique Alfaro Ram\u00edrez, comunic\u00f3 temprano esta ma\u00f1ana que su padre Enrique Javier Alfaro Anguiano En Sonora en Equipo publicamos toda la informaci\u00f3n de Sonora, M\u00e9xico y el Mundo de manera oportuna y busca que la libertad de expresi\u00f3n sea real. Visita nuestro medio informativo publicado desde Hermosillo, Sonora. %\" \/>\n<meta name=\"robots\" content=\"index, follow, max-snippet:-1, max-image-preview:large, max-video-preview:-1\" \/>\n<link rel=\"canonical\" href=\"https:\/\/www.sonoraenequipo.com.mx\/fallece-enrique-javier-alfaro-anguiano-padre-del-gobernador-enrique-alfaro-ramirez\/\" \/>\n<meta property=\"og:locale\" content=\"es_ES\" \/>\n<meta property=\"og:type\" content=\"article\" \/>\n<meta property=\"og:title\" content=\"Sonora en Equipo. Fallece Enrique Javier Alfaro Anguiano, padre del Gobernador Enrique Alfaro Ram\u00edrez Rep\u00fablica\" \/>\n<meta property=\"og:description\" content=\"GUADALAJARA, JALISCO. MX. \u2014 El Gobernador del Estado Enrique Alfaro Ram\u00edrez, comunic\u00f3 temprano esta ma\u00f1ana que su padre Enrique Javier Alfaro Anguiano En Sonora en Equipo publicamos toda la informaci\u00f3n de Sonora, M\u00e9xico y el Mundo de manera oportuna y busca que la libertad de expresi\u00f3n sea real. Visita nuestro medio informativo publicado desde Hermosillo, Sonora. %\" \/>\n<meta property=\"og:url\" content=\"https:\/\/www.sonoraenequipo.com.mx\/fallece-enrique-javier-alfaro-anguiano-padre-del-gobernador-enrique-alfaro-ramirez\/\" \/>\n<meta property=\"og:site_name\" content=\"Sonora en Equipo.\" \/>\n<meta property=\"article:publisher\" content=\"https:\/\/www.facebook.com\/SonoraEE\/\" \/>\n<meta property=\"article:author\" content=\"https:\/\/www.facebook.com\/SonoraEE\" \/>\n<meta property=\"article:published_time\" content=\"2024-07-09T14:35:19+00:00\" \/>\n<meta property=\"article:modified_time\" content=\"2024-07-09T17:46:21+00:00\" \/>\n<meta property=\"og:image\" content=\"https:\/\/www.sonoraenequipo.com.mx\/storage\/2024\/07\/Fallece-E.-Javir-Alfaro-padre-de-E.-Alfaro-min.jpg\" \/>\n\t<meta property=\"og:image:width\" content=\"900\" \/>\n\t<meta property=\"og:image:height\" content=\"543\" \/>\n\t<meta property=\"og:image:type\" content=\"image\/jpeg\" \/>\n<meta name=\"author\" content=\"enequipo\" \/>\n<meta name=\"twitter:card\" content=\"summary_large_image\" \/>\n<meta name=\"twitter:creator\" content=\"@sonoraenequipo\" \/>\n<meta name=\"twitter:site\" content=\"@sonoraenequipo\" \/>\n<meta name=\"twitter:label1\" content=\"Escrito por\" \/>\n\t<meta name=\"twitter:data1\" content=\"enequipo\" \/>\n\t<meta name=\"twitter:label2\" content=\"Tiempo de lectura\" \/>\n\t<meta name=\"twitter:data2\" content=\"4 minutos\" \/>\n<script type=\"application\/ld+json\" class=\"yoast-schema-graph\">{\"@context\":\"https:\/\/schema.org\",\"@graph\":[{\"@type\":\"Article\",\"@id\":\"https:\/\/www.sonoraenequipo.com.mx\/fallece-enrique-javier-alfaro-anguiano-padre-del-gobernador-enrique-alfaro-ramirez\/#article\",\"isPartOf\":{\"@id\":\"https:\/\/www.sonoraenequipo.com.mx\/fallece-enrique-javier-alfaro-anguiano-padre-del-gobernador-enrique-alfaro-ramirez\/\"},\"author\":{\"name\":\"enequipo\",\"@id\":\"https:\/\/www.sonoraenequipo.com.mx\/#\/schema\/person\/50102df0fb23a8fa9e8effad8fa81386\"},\"headline\":\"Fallece Enrique Javier Alfaro Anguiano, padre del Gobernador Enrique Alfaro Ram\u00edrez\",\"datePublished\":\"2024-07-09T14:35:19+00:00\",\"dateModified\":\"2024-07-09T17:46:21+00:00\",\"mainEntityOfPage\":{\"@id\":\"https:\/\/www.sonoraenequipo.com.mx\/fallece-enrique-javier-alfaro-anguiano-padre-del-gobernador-enrique-alfaro-ramirez\/\"},\"wordCount\":780,\"commentCount\":0,\"publisher\":{\"@id\":\"https:\/\/www.sonoraenequipo.com.mx\/#organization\"},\"image\":{\"@id\":\"https:\/\/www.sonoraenequipo.com.mx\/fallece-enrique-javier-alfaro-anguiano-padre-del-gobernador-enrique-alfaro-ramirez\/#primaryimage\"},\"thumbnailUrl\":\"https:\/\/www.sonoraenequipo.com.mx\/storage\/2024\/07\/Fallece-E.-Javir-Alfaro-padre-de-E.-Alfaro-min.jpg\",\"articleSection\":[\"Rep\u00fablica\"],\"inLanguage\":\"es\",\"potentialAction\":[{\"@type\":\"CommentAction\",\"name\":\"Comment\",\"target\":[\"https:\/\/www.sonoraenequipo.com.mx\/fallece-enrique-javier-alfaro-anguiano-padre-del-gobernador-enrique-alfaro-ramirez\/#respond\"]}]},{\"@type\":\"WebPage\",\"@id\":\"https:\/\/www.sonoraenequipo.com.mx\/fallece-enrique-javier-alfaro-anguiano-padre-del-gobernador-enrique-alfaro-ramirez\/\",\"url\":\"https:\/\/www.sonoraenequipo.com.mx\/fallece-enrique-javier-alfaro-anguiano-padre-del-gobernador-enrique-alfaro-ramirez\/\",\"name\":\"Sonora en Equipo. Fallece Enrique Javier Alfaro Anguiano, padre del Gobernador Enrique Alfaro Ram\u00edrez Rep\u00fablica\",\"isPartOf\":{\"@id\":\"https:\/\/www.sonoraenequipo.com.mx\/#website\"},\"primaryImageOfPage\":{\"@id\":\"https:\/\/www.sonoraenequipo.com.mx\/fallece-enrique-javier-alfaro-anguiano-padre-del-gobernador-enrique-alfaro-ramirez\/#primaryimage\"},\"image\":{\"@id\":\"https:\/\/www.sonoraenequipo.com.mx\/fallece-enrique-javier-alfaro-anguiano-padre-del-gobernador-enrique-alfaro-ramirez\/#primaryimage\"},\"thumbnailUrl\":\"https:\/\/www.sonoraenequipo.com.mx\/storage\/2024\/07\/Fallece-E.-Javir-Alfaro-padre-de-E.-Alfaro-min.jpg\",\"datePublished\":\"2024-07-09T14:35:19+00:00\",\"dateModified\":\"2024-07-09T17:46:21+00:00\",\"description\":\"GUADALAJARA, JALISCO. MX. \u2014 El Gobernador del Estado Enrique Alfaro Ram\u00edrez, comunic\u00f3 temprano esta ma\u00f1ana que su padre Enrique Javier Alfaro Anguiano En Sonora en Equipo publicamos toda la informaci\u00f3n de Sonora, M\u00e9xico y el Mundo de manera oportuna y busca que la libertad de expresi\u00f3n sea real. Visita nuestro medio informativo publicado desde Hermosillo, Sonora. %\",\"breadcrumb\":{\"@id\":\"https:\/\/www.sonoraenequipo.com.mx\/fallece-enrique-javier-alfaro-anguiano-padre-del-gobernador-enrique-alfaro-ramirez\/#breadcrumb\"},\"inLanguage\":\"es\",\"potentialAction\":[{\"@type\":\"ReadAction\",\"target\":[\"https:\/\/www.sonoraenequipo.com.mx\/fallece-enrique-javier-alfaro-anguiano-padre-del-gobernador-enrique-alfaro-ramirez\/\"]}]},{\"@type\":\"ImageObject\",\"inLanguage\":\"es\",\"@id\":\"https:\/\/www.sonoraenequipo.com.mx\/fallece-enrique-javier-alfaro-anguiano-padre-del-gobernador-enrique-alfaro-ramirez\/#primaryimage\",\"url\":\"https:\/\/www.sonoraenequipo.com.mx\/storage\/2024\/07\/Fallece-E.-Javir-Alfaro-padre-de-E.-Alfaro-min.jpg\",\"contentUrl\":\"https:\/\/www.sonoraenequipo.com.mx\/storage\/2024\/07\/Fallece-E.-Javir-Alfaro-padre-de-E.-Alfaro-min.jpg\",\"width\":900,\"height\":543},{\"@type\":\"BreadcrumbList\",\"@id\":\"https:\/\/www.sonoraenequipo.com.mx\/fallece-enrique-javier-alfaro-anguiano-padre-del-gobernador-enrique-alfaro-ramirez\/#breadcrumb\",\"itemListElement\":[{\"@type\":\"ListItem\",\"position\":1,\"name\":\"Portada\",\"item\":\"https:\/\/www.sonoraenequipo.com.mx\/\"},{\"@type\":\"ListItem\",\"position\":2,\"name\":\"Fallece Enrique Javier Alfaro Anguiano, padre del Gobernador Enrique Alfaro Ram\u00edrez\"}]},{\"@type\":\"WebSite\",\"@id\":\"https:\/\/www.sonoraenequipo.com.mx\/#website\",\"url\":\"https:\/\/www.sonoraenequipo.com.mx\/\",\"name\":\"Sonora en Equipo.\",\"description\":\"Diario en l\u00ednea con Noticias desde Hermosillo, Sonora\",\"publisher\":{\"@id\":\"https:\/\/www.sonoraenequipo.com.mx\/#organization\"},\"potentialAction\":[{\"@type\":\"SearchAction\",\"target\":{\"@type\":\"EntryPoint\",\"urlTemplate\":\"https:\/\/www.sonoraenequipo.com.mx\/?s={search_term_string}\"},\"query-input\":{\"@type\":\"PropertyValueSpecification\",\"valueRequired\":true,\"valueName\":\"search_term_string\"}}],\"inLanguage\":\"es\"},{\"@type\":\"Organization\",\"@id\":\"https:\/\/www.sonoraenequipo.com.mx\/#organization\",\"name\":\"Sonoraenequipo.com.mx\",\"url\":\"https:\/\/www.sonoraenequipo.com.mx\/\",\"logo\":{\"@type\":\"ImageObject\",\"inLanguage\":\"es\",\"@id\":\"https:\/\/www.sonoraenequipo.com.mx\/#\/schema\/logo\/image\/\",\"url\":\"https:\/\/www.sonoraenequipo.com.mx\/storage\/2019\/01\/sonoraenequipo_opt.png\",\"contentUrl\":\"https:\/\/www.sonoraenequipo.com.mx\/storage\/2019\/01\/sonoraenequipo_opt.png\",\"width\":375,\"height\":125,\"caption\":\"Sonoraenequipo.com.mx\"},\"image\":{\"@id\":\"https:\/\/www.sonoraenequipo.com.mx\/#\/schema\/logo\/image\/\"},\"sameAs\":[\"https:\/\/www.facebook.com\/SonoraEE\/\",\"https:\/\/x.com\/sonoraenequipo\",\"https:\/\/www.youtube.com\/channel\/UC338nW-lPEYmJQs4ZABQ1SQ\"]},{\"@type\":\"Person\",\"@id\":\"https:\/\/www.sonoraenequipo.com.mx\/#\/schema\/person\/50102df0fb23a8fa9e8effad8fa81386\",\"name\":\"enequipo\",\"image\":{\"@type\":\"ImageObject\",\"inLanguage\":\"es\",\"@id\":\"https:\/\/www.sonoraenequipo.com.mx\/#\/schema\/person\/image\/\",\"url\":\"https:\/\/secure.gravatar.com\/avatar\/049821681b589dabc0bc20695993ccebb09f5b5d4d790cd9251b97faac7c652b?s=96&d=blank&r=g\",\"contentUrl\":\"https:\/\/secure.gravatar.com\/avatar\/049821681b589dabc0bc20695993ccebb09f5b5d4d790cd9251b97faac7c652b?s=96&d=blank&r=g\",\"caption\":\"enequipo\"},\"sameAs\":[\"https:\/\/www.facebook.com\/SonoraEE\"]}]}<\/script>\n ","yoast_head_json":{"title":"Sonora en Equipo. Fallece Enrique Javier Alfaro Anguiano, padre del Gobernador Enrique Alfaro Ram\u00edrez Rep\u00fablica","description":"GUADALAJARA, JALISCO. MX. \u2014 El Gobernador del Estado Enrique Alfaro Ram\u00edrez, comunic\u00f3 temprano esta ma\u00f1ana que su padre Enrique Javier Alfaro Anguiano En Sonora en Equipo publicamos toda la informaci\u00f3n de Sonora, M\u00e9xico y el Mundo de manera oportuna y busca que la libertad de expresi\u00f3n sea real. Visita nuestro medio informativo publicado desde Hermosillo, Sonora. %","robots":{"index":"index","follow":"follow","max-snippet":"max-snippet:-1","max-image-preview":"max-image-preview:large","max-video-preview":"max-video-preview:-1"},"canonical":"https:\/\/www.sonoraenequipo.com.mx\/fallece-enrique-javier-alfaro-anguiano-padre-del-gobernador-enrique-alfaro-ramirez\/","og_locale":"es_ES","og_type":"article","og_title":"Sonora en Equipo. Fallece Enrique Javier Alfaro Anguiano, padre del Gobernador Enrique Alfaro Ram\u00edrez Rep\u00fablica","og_description":"GUADALAJARA, JALISCO. MX. \u2014 El Gobernador del Estado Enrique Alfaro Ram\u00edrez, comunic\u00f3 temprano esta ma\u00f1ana que su padre Enrique Javier Alfaro Anguiano En Sonora en Equipo publicamos toda la informaci\u00f3n de Sonora, M\u00e9xico y el Mundo de manera oportuna y busca que la libertad de expresi\u00f3n sea real. Visita nuestro medio informativo publicado desde Hermosillo, Sonora. %","og_url":"https:\/\/www.sonoraenequipo.com.mx\/fallece-enrique-javier-alfaro-anguiano-padre-del-gobernador-enrique-alfaro-ramirez\/","og_site_name":"Sonora en Equipo.","article_publisher":"https:\/\/www.facebook.com\/SonoraEE\/","article_author":"https:\/\/www.facebook.com\/SonoraEE","article_published_time":"2024-07-09T14:35:19+00:00","article_modified_time":"2024-07-09T17:46:21+00:00","og_image":[{"width":900,"height":543,"url":"https:\/\/www.sonoraenequipo.com.mx\/storage\/2024\/07\/Fallece-E.-Javir-Alfaro-padre-de-E.-Alfaro-min.jpg","type":"image\/jpeg"}],"author":"enequipo","twitter_card":"summary_large_image","twitter_creator":"@sonoraenequipo","twitter_site":"@sonoraenequipo","twitter_misc":{"Escrito por":"enequipo","Tiempo de lectura":"4 minutos"},"schema":{"@context":"https:\/\/schema.org","@graph":[{"@type":"Article","@id":"https:\/\/www.sonoraenequipo.com.mx\/fallece-enrique-javier-alfaro-anguiano-padre-del-gobernador-enrique-alfaro-ramirez\/#article","isPartOf":{"@id":"https:\/\/www.sonoraenequipo.com.mx\/fallece-enrique-javier-alfaro-anguiano-padre-del-gobernador-enrique-alfaro-ramirez\/"},"author":{"name":"enequipo","@id":"https:\/\/www.sonoraenequipo.com.mx\/#\/schema\/person\/50102df0fb23a8fa9e8effad8fa81386"},"headline":"Fallece Enrique Javier Alfaro Anguiano, padre del Gobernador Enrique Alfaro Ram\u00edrez","datePublished":"2024-07-09T14:35:19+00:00","dateModified":"2024-07-09T17:46:21+00:00","mainEntityOfPage":{"@id":"https:\/\/www.sonoraenequipo.com.mx\/fallece-enrique-javier-alfaro-anguiano-padre-del-gobernador-enrique-alfaro-ramirez\/"},"wordCount":780,"commentCount":0,"publisher":{"@id":"https:\/\/www.sonoraenequipo.com.mx\/#organization"},"image":{"@id":"https:\/\/www.sonoraenequipo.com.mx\/fallece-enrique-javier-alfaro-anguiano-padre-del-gobernador-enrique-alfaro-ramirez\/#primaryimage"},"thumbnailUrl":"https:\/\/www.sonoraenequipo.com.mx\/storage\/2024\/07\/Fallece-E.-Javir-Alfaro-padre-de-E.-Alfaro-min.jpg","articleSection":["Rep\u00fablica"],"inLanguage":"es","potentialAction":[{"@type":"CommentAction","name":"Comment","target":["https:\/\/www.sonoraenequipo.com.mx\/fallece-enrique-javier-alfaro-anguiano-padre-del-gobernador-enrique-alfaro-ramirez\/#respond"]}]},{"@type":"WebPage","@id":"https:\/\/www.sonoraenequipo.com.mx\/fallece-enrique-javier-alfaro-anguiano-padre-del-gobernador-enrique-alfaro-ramirez\/","url":"https:\/\/www.sonoraenequipo.com.mx\/fallece-enrique-javier-alfaro-anguiano-padre-del-gobernador-enrique-alfaro-ramirez\/","name":"Sonora en Equipo. Fallece Enrique Javier Alfaro Anguiano, padre del Gobernador Enrique Alfaro Ram\u00edrez Rep\u00fablica","isPartOf":{"@id":"https:\/\/www.sonoraenequipo.com.mx\/#website"},"primaryImageOfPage":{"@id":"https:\/\/www.sonoraenequipo.com.mx\/fallece-enrique-javier-alfaro-anguiano-padre-del-gobernador-enrique-alfaro-ramirez\/#primaryimage"},"image":{"@id":"https:\/\/www.sonoraenequipo.com.mx\/fallece-enrique-javier-alfaro-anguiano-padre-del-gobernador-enrique-alfaro-ramirez\/#primaryimage"},"thumbnailUrl":"https:\/\/www.sonoraenequipo.com.mx\/storage\/2024\/07\/Fallece-E.-Javir-Alfaro-padre-de-E.-Alfaro-min.jpg","datePublished":"2024-07-09T14:35:19+00:00","dateModified":"2024-07-09T17:46:21+00:00","description":"GUADALAJARA, JALISCO. MX. \u2014 El Gobernador del Estado Enrique Alfaro Ram\u00edrez, comunic\u00f3 temprano esta ma\u00f1ana que su padre Enrique Javier Alfaro Anguiano En Sonora en Equipo publicamos toda la informaci\u00f3n de Sonora, M\u00e9xico y el Mundo de manera oportuna y busca que la libertad de expresi\u00f3n sea real. Visita nuestro medio informativo publicado desde Hermosillo, Sonora. %","breadcrumb":{"@id":"https:\/\/www.sonoraenequipo.com.mx\/fallece-enrique-javier-alfaro-anguiano-padre-del-gobernador-enrique-alfaro-ramirez\/#breadcrumb"},"inLanguage":"es","potentialAction":[{"@type":"ReadAction","target":["https:\/\/www.sonoraenequipo.com.mx\/fallece-enrique-javier-alfaro-anguiano-padre-del-gobernador-enrique-alfaro-ramirez\/"]}]},{"@type":"ImageObject","inLanguage":"es","@id":"https:\/\/www.sonoraenequipo.com.mx\/fallece-enrique-javier-alfaro-anguiano-padre-del-gobernador-enrique-alfaro-ramirez\/#primaryimage","url":"https:\/\/www.sonoraenequipo.com.mx\/storage\/2024\/07\/Fallece-E.-Javir-Alfaro-padre-de-E.-Alfaro-min.jpg","contentUrl":"https:\/\/www.sonoraenequipo.com.mx\/storage\/2024\/07\/Fallece-E.-Javir-Alfaro-padre-de-E.-Alfaro-min.jpg","width":900,"height":543},{"@type":"BreadcrumbList","@id":"https:\/\/www.sonoraenequipo.com.mx\/fallece-enrique-javier-alfaro-anguiano-padre-del-gobernador-enrique-alfaro-ramirez\/#breadcrumb","itemListElement":[{"@type":"ListItem","position":1,"name":"Portada","item":"https:\/\/www.sonoraenequipo.com.mx\/"},{"@type":"ListItem","position":2,"name":"Fallece Enrique Javier Alfaro Anguiano, padre del Gobernador Enrique Alfaro Ram\u00edrez"}]},{"@type":"WebSite","@id":"https:\/\/www.sonoraenequipo.com.mx\/#website","url":"https:\/\/www.sonoraenequipo.com.mx\/","name":"Sonora en Equipo.","description":"Diario en l\u00ednea con Noticias desde Hermosillo, Sonora","publisher":{"@id":"https:\/\/www.sonoraenequipo.com.mx\/#organization"},"potentialAction":[{"@type":"SearchAction","target":{"@type":"EntryPoint","urlTemplate":"https:\/\/www.sonoraenequipo.com.mx\/?s={search_term_string}"},"query-input":{"@type":"PropertyValueSpecification","valueRequired":true,"valueName":"search_term_string"}}],"inLanguage":"es"},{"@type":"Organization","@id":"https:\/\/www.sonoraenequipo.com.mx\/#organization","name":"Sonoraenequipo.com.mx","url":"https:\/\/www.sonoraenequipo.com.mx\/","logo":{"@type":"ImageObject","inLanguage":"es","@id":"https:\/\/www.sonoraenequipo.com.mx\/#\/schema\/logo\/image\/","url":"https:\/\/www.sonoraenequipo.com.mx\/storage\/2019\/01\/sonoraenequipo_opt.png","contentUrl":"https:\/\/www.sonoraenequipo.com.mx\/storage\/2019\/01\/sonoraenequipo_opt.png","width":375,"height":125,"caption":"Sonoraenequipo.com.mx"},"image":{"@id":"https:\/\/www.sonoraenequipo.com.mx\/#\/schema\/logo\/image\/"},"sameAs":["https:\/\/www.facebook.com\/SonoraEE\/","https:\/\/x.com\/sonoraenequipo","https:\/\/www.youtube.com\/channel\/UC338nW-lPEYmJQs4ZABQ1SQ"]},{"@type":"Person","@id":"https:\/\/www.sonoraenequipo.com.mx\/#\/schema\/person\/50102df0fb23a8fa9e8effad8fa81386","name":"enequipo","image":{"@type":"ImageObject","inLanguage":"es","@id":"https:\/\/www.sonoraenequipo.com.mx\/#\/schema\/person\/image\/","url":"https:\/\/secure.gravatar.com\/avatar\/049821681b589dabc0bc20695993ccebb09f5b5d4d790cd9251b97faac7c652b?s=96&d=blank&r=g","contentUrl":"https:\/\/secure.gravatar.com\/avatar\/049821681b589dabc0bc20695993ccebb09f5b5d4d790cd9251b97faac7c652b?s=96&d=blank&r=g","caption":"enequipo"},"sameAs":["https:\/\/www.facebook.com\/SonoraEE"]}]}},"jetpack_featured_media_url":"https:\/\/www.sonoraenequipo.com.mx\/storage\/2024\/07\/Fallece-E.-Javir-Alfaro-padre-de-E.-Alfaro-min.jpg","_links":{"self":[{"href":"https:\/\/www.sonoraenequipo.com.mx\/api\/wp\/v2\/posts\/194101","targetHints":{"allow":["GET"]}}],"collection":[{"href":"https:\/\/www.sonoraenequipo.com.mx\/api\/wp\/v2\/posts"}],"about":[{"href":"https:\/\/www.sonoraenequipo.com.mx\/api\/wp\/v2\/types\/post"}],"author":[{"embeddable":true,"href":"https:\/\/www.sonoraenequipo.com.mx\/api\/wp\/v2\/users\/1"}],"replies":[{"embeddable":true,"href":"https:\/\/www.sonoraenequipo.com.mx\/api\/wp\/v2\/comments?post=194101"}],"version-history":[{"count":1,"href":"https:\/\/www.sonoraenequipo.com.mx\/api\/wp\/v2\/posts\/194101\/revisions"}],"predecessor-version":[{"id":194103,"href":"https:\/\/www.sonoraenequipo.com.mx\/api\/wp\/v2\/posts\/194101\/revisions\/194103"}],"wp:featuredmedia":[{"embeddable":true,"href":"https:\/\/www.sonoraenequipo.com.mx\/api\/wp\/v2\/media\/194102"}],"wp:attachment":[{"href":"https:\/\/www.sonoraenequipo.com.mx\/api\/wp\/v2\/media?parent=194101"}],"wp:term":[{"taxonomy":"category","embeddable":true,"href":"https:\/\/www.sonoraenequipo.com.mx\/api\/wp\/v2\/categories?post=194101"},{"taxonomy":"post_tag","embeddable":true,"href":"https:\/\/www.sonoraenequipo.com.mx\/api\/wp\/v2\/tags?post=194101"}],"curies":[{"name":"wp","href":"https:\/\/api.w.org\/{rel}","templated":true}]}}