{"id":194104,"date":"2024-07-09T08:12:43","date_gmt":"2024-07-09T15:12:43","guid":{"rendered":"https:\/\/www.sonoraenequipo.com.mx\/?p=194104"},"modified":"2024-07-09T11:06:57","modified_gmt":"2024-07-09T18:06:57","slug":"coco-velazquez-expresidente-del-pri-jalisco-renuncia-al-partido","status":"publish","type":"post","link":"https:\/\/www.sonoraenequipo.com.mx\/coco-velazquez-expresidente-del-pri-jalisco-renuncia-al-partido\/","title":{"rendered":"Coco Vel\u00e1zquez expresidente del PRI Jalisco renuncia al partido"},"content":{"rendered":"<p><strong>GUADALAJARA, JALISCO. MX<\/strong>. \u2014 A trav\u00e9s de una carta enviada al Comit\u00e9 Directivo Estatal del Partido Revolucionario Institucional, uno de sus miembros m\u00e1s reconocidos y expresidente del mismo el Lic. Jos\u00e9 Socorro Vel\u00e1zquez Hern\u00e1ndez, renunci\u00f3 al partido aduciendo que \u00abno puedo pertenecer a una organizaci\u00f3n pol\u00edtica con un liderazgo ileg\u00edtimo\u00bb esta es la carta:<\/p>\n<p> <\/p>\n<p>En pr\u00f3ximos d\u00edas veremos cual es la repercusi\u00f3n de esta renuncia, pero sin duda el cambio en los estatutos del Partido Revolucionario Institucional promovido por su actual presidente nacional seguir\u00e1 provocando reacciones.<\/p>\n<h3>A la renuncia de Coco Vel\u00e1zquez, PRI Jalisco responde: Es tiempo de definiciones<\/h3>\n<p>En respuesta a la renuncia del Partido Revolucionario Institucional por parte de su expresidente Jos\u00e9 Socorro Vel\u00e1zquez, el Comit\u00e9 directivo Estatal public\u00f3 la siguiente carta con el t\u00edtulo de<em><strong> \u00abEs tiempo de definiciones\u00bb<\/strong><\/em><\/p>\n<p>Luego de celebrar la 24a Asamblea Nacional Ordinaria del Partido Revolucionario Institucional, el PRI Jalisco ratifica todo su apoyo a la Dirigencia Nacional de nuestro instituto pol\u00edtico, encabezada por Alejandro Moreno C\u00e1rdenas, en quien reconocemos un amplio liderazgo en la conducci\u00f3n de los trabajos de la vida del partido, en medio de los tiempos m\u00e1s adversos de nuestra historia.<\/p>\n<p>Las priistas y los priistas de coraz\u00f3n no permitiremos que quienes han permanecido alejados de su partido, criticando y obstaculizando el rumbo y progreso del mismo, hoy quieran infundir discordia en medio de la militancia jalisciense. Quienes hoy deciden salir, lo hicieron desde hace tiempo con sus hechos y quienes hoy deciden se\u00f1alar desde la lejan\u00eda y comodidad de las redes habr\u00e1n de exponerse al escrutinio ciudadano al cabo de unos a\u00f1os.<\/p>\n<p>En tanto, el priismo jalisciense continuar\u00e1 en el camino que ha transitado durante los \u00faltimos a\u00f1os, ese que ha llevado a su Dirigencia Estatal a la renovaci\u00f3n de las 125 dirigencias municipales, la participaci\u00f3n de hombres y mujeres j\u00f3venes que han encontrado en nuestro partido una alternativa para servir a su comunidad, y a duplicar el n\u00famero de personas afiliadas al partido durante la actual dirigencia.<\/p>\n<p>As\u00ed mismo, celebramos la unidad que ha prevalecido en el seno de la militancia priista, misma que se ha reflejado en la afluencia de la delegaci\u00f3n jalisciense en la pasada Asamblea Nacional Ordinaria del Partido Revolucionario Institucional, conformada por 100 priistas, destacadas figuras y liderazgos estatales, entre los que estuvieron 20 presidentes municipales electos, 3 diputados locales electos, regidores electos de la Zona Metropolitana de Guadalajara, as\u00ed como la actual fracci\u00f3n priista en el Congreso de Jalisco.<\/p>\n<p>De la misma manera, hacemos de conocimiento p\u00fablico que este lunes las y los presidentes municipales electos, diputados y la Dirigencia Estatal del partido han mantenido una reuni\u00f3n con la Dirigencia Nacional, en la que cerraron filas en torno a la unidad y solicitaron al Comit\u00e9 Ejecutivo Nacional que de manera urgente proceda a expulsar a quienes han traicionado al PRI de manera sistem\u00e1tica, as\u00ed como la renovaci\u00f3n de las estructuras del partido y el fortalecimiento al verdadero priismo jalisciense.<\/p>\n<p>Las y los priistas jaliscienses sabemos que vivimos un importante momento de definici\u00f3n; quienes reconocemos en este partido y su gran legado un reducto para la reconstrucci\u00f3n del pa\u00eds estamos dispuestas y dispuestos a permanecer firmes en las l\u00edneas del Revolucionario Institucional, sin caer en las provocaciones de quienes hoy buscan desestabilizar la unidad, la institucionalidad y las acciones encaminadas al resurgimiento de nuestro partido.<\/p>\n<p>PUBLICADO EL 09 DE JULIO DE 2024 Con informaci\u00f3n de Notigram)<\/p>\n","protected":false},"excerpt":{"rendered":"<p>GUADALAJARA, JALISCO. MX. \u2014 A trav\u00e9s de una carta enviada al Comit\u00e9 Directivo Estatal del&#8230;<\/p>\n","protected":false},"author":1,"featured_media":194105,"comment_status":"open","ping_status":"open","sticky":false,"template":"","format":"standard","meta":{"_monsterinsights_skip_tracking":false,"_monsterinsights_sitenote_active":false,"_monsterinsights_sitenote_note":"","_monsterinsights_sitenote_category":0,"footnotes":""},"categories":[5],"tags":[],"class_list":["post"],"yoast_head":" \n<title>Sonora en Equipo. Coco Vel\u00e1zquez expresidente del PRI Jalisco renuncia al partido Rep\u00fablica<\/title>\n<meta name=\"description\" content=\"GUADALAJARA, JALISCO. MX. \u2014 A trav\u00e9s de una carta enviada al Comit\u00e9 Directivo Estatal del Partido Revolucionario Institucional, uno de sus miembros m\u00e1s En Sonora en Equipo publicamos toda la informaci\u00f3n de Sonora, M\u00e9xico y el Mundo de manera oportuna y busca que la libertad de expresi\u00f3n sea real. Visita nuestro medio informativo publicado desde Hermosillo, Sonora. %\" \/>\n<meta name=\"robots\" content=\"index, follow, max-snippet:-1, max-image-preview:large, max-video-preview:-1\" \/>\n<link rel=\"canonical\" href=\"https:\/\/www.sonoraenequipo.com.mx\/coco-velazquez-expresidente-del-pri-jalisco-renuncia-al-partido\/\" \/>\n<meta property=\"og:locale\" content=\"es_ES\" \/>\n<meta property=\"og:type\" content=\"article\" \/>\n<meta property=\"og:title\" content=\"Sonora en Equipo. Coco Vel\u00e1zquez expresidente del PRI Jalisco renuncia al partido Rep\u00fablica\" \/>\n<meta property=\"og:description\" content=\"GUADALAJARA, JALISCO. MX. \u2014 A trav\u00e9s de una carta enviada al Comit\u00e9 Directivo Estatal del Partido Revolucionario Institucional, uno de sus miembros m\u00e1s En Sonora en Equipo publicamos toda la informaci\u00f3n de Sonora, M\u00e9xico y el Mundo de manera oportuna y busca que la libertad de expresi\u00f3n sea real. Visita nuestro medio informativo publicado desde Hermosillo, Sonora. %\" \/>\n<meta property=\"og:url\" content=\"https:\/\/www.sonoraenequipo.com.mx\/coco-velazquez-expresidente-del-pri-jalisco-renuncia-al-partido\/\" \/>\n<meta property=\"og:site_name\" content=\"Sonora en Equipo.\" \/>\n<meta property=\"article:publisher\" content=\"https:\/\/www.facebook.com\/SonoraEE\/\" \/>\n<meta property=\"article:author\" content=\"https:\/\/www.facebook.com\/SonoraEE\" \/>\n<meta property=\"article:published_time\" content=\"2024-07-09T15:12:43+00:00\" \/>\n<meta property=\"article:modified_time\" content=\"2024-07-09T18:06:57+00:00\" \/>\n<meta property=\"og:image\" content=\"https:\/\/www.sonoraenequipo.com.mx\/storage\/2024\/07\/coco-valazquez-min.jpg\" \/>\n\t<meta property=\"og:image:width\" content=\"900\" \/>\n\t<meta property=\"og:image:height\" content=\"600\" \/>\n\t<meta property=\"og:image:type\" content=\"image\/jpeg\" \/>\n<meta name=\"author\" content=\"enequipo\" \/>\n<meta name=\"twitter:card\" content=\"summary_large_image\" \/>\n<meta name=\"twitter:creator\" content=\"@sonoraenequipo\" \/>\n<meta name=\"twitter:site\" content=\"@sonoraenequipo\" \/>\n<meta name=\"twitter:label1\" content=\"Escrito por\" \/>\n\t<meta name=\"twitter:data1\" content=\"enequipo\" \/>\n\t<meta name=\"twitter:label2\" content=\"Tiempo de lectura\" \/>\n\t<meta name=\"twitter:data2\" content=\"3 minutos\" \/>\n<script type=\"application\/ld+json\" class=\"yoast-schema-graph\">{\"@context\":\"https:\/\/schema.org\",\"@graph\":[{\"@type\":\"Article\",\"@id\":\"https:\/\/www.sonoraenequipo.com.mx\/coco-velazquez-expresidente-del-pri-jalisco-renuncia-al-partido\/#article\",\"isPartOf\":{\"@id\":\"https:\/\/www.sonoraenequipo.com.mx\/coco-velazquez-expresidente-del-pri-jalisco-renuncia-al-partido\/\"},\"author\":{\"name\":\"enequipo\",\"@id\":\"https:\/\/www.sonoraenequipo.com.mx\/#\/schema\/person\/50102df0fb23a8fa9e8effad8fa81386\"},\"headline\":\"Coco Vel\u00e1zquez expresidente del PRI Jalisco renuncia al partido\",\"datePublished\":\"2024-07-09T15:12:43+00:00\",\"dateModified\":\"2024-07-09T18:06:57+00:00\",\"mainEntityOfPage\":{\"@id\":\"https:\/\/www.sonoraenequipo.com.mx\/coco-velazquez-expresidente-del-pri-jalisco-renuncia-al-partido\/\"},\"wordCount\":603,\"commentCount\":0,\"publisher\":{\"@id\":\"https:\/\/www.sonoraenequipo.com.mx\/#organization\"},\"image\":{\"@id\":\"https:\/\/www.sonoraenequipo.com.mx\/coco-velazquez-expresidente-del-pri-jalisco-renuncia-al-partido\/#primaryimage\"},\"thumbnailUrl\":\"https:\/\/www.sonoraenequipo.com.mx\/storage\/2024\/07\/coco-valazquez-min.jpg\",\"articleSection\":[\"Rep\u00fablica\"],\"inLanguage\":\"es\",\"potentialAction\":[{\"@type\":\"CommentAction\",\"name\":\"Comment\",\"target\":[\"https:\/\/www.sonoraenequipo.com.mx\/coco-velazquez-expresidente-del-pri-jalisco-renuncia-al-partido\/#respond\"]}]},{\"@type\":\"WebPage\",\"@id\":\"https:\/\/www.sonoraenequipo.com.mx\/coco-velazquez-expresidente-del-pri-jalisco-renuncia-al-partido\/\",\"url\":\"https:\/\/www.sonoraenequipo.com.mx\/coco-velazquez-expresidente-del-pri-jalisco-renuncia-al-partido\/\",\"name\":\"Sonora en Equipo. Coco Vel\u00e1zquez expresidente del PRI Jalisco renuncia al partido Rep\u00fablica\",\"isPartOf\":{\"@id\":\"https:\/\/www.sonoraenequipo.com.mx\/#website\"},\"primaryImageOfPage\":{\"@id\":\"https:\/\/www.sonoraenequipo.com.mx\/coco-velazquez-expresidente-del-pri-jalisco-renuncia-al-partido\/#primaryimage\"},\"image\":{\"@id\":\"https:\/\/www.sonoraenequipo.com.mx\/coco-velazquez-expresidente-del-pri-jalisco-renuncia-al-partido\/#primaryimage\"},\"thumbnailUrl\":\"https:\/\/www.sonoraenequipo.com.mx\/storage\/2024\/07\/coco-valazquez-min.jpg\",\"datePublished\":\"2024-07-09T15:12:43+00:00\",\"dateModified\":\"2024-07-09T18:06:57+00:00\",\"description\":\"GUADALAJARA, JALISCO. MX. \u2014 A trav\u00e9s de una carta enviada al Comit\u00e9 Directivo Estatal del Partido Revolucionario Institucional, uno de sus miembros m\u00e1s En Sonora en Equipo publicamos toda la informaci\u00f3n de Sonora, M\u00e9xico y el Mundo de manera oportuna y busca que la libertad de expresi\u00f3n sea real. Visita nuestro medio informativo publicado desde Hermosillo, Sonora. %\",\"breadcrumb\":{\"@id\":\"https:\/\/www.sonoraenequipo.com.mx\/coco-velazquez-expresidente-del-pri-jalisco-renuncia-al-partido\/#breadcrumb\"},\"inLanguage\":\"es\",\"potentialAction\":[{\"@type\":\"ReadAction\",\"target\":[\"https:\/\/www.sonoraenequipo.com.mx\/coco-velazquez-expresidente-del-pri-jalisco-renuncia-al-partido\/\"]}]},{\"@type\":\"ImageObject\",\"inLanguage\":\"es\",\"@id\":\"https:\/\/www.sonoraenequipo.com.mx\/coco-velazquez-expresidente-del-pri-jalisco-renuncia-al-partido\/#primaryimage\",\"url\":\"https:\/\/www.sonoraenequipo.com.mx\/storage\/2024\/07\/coco-valazquez-min.jpg\",\"contentUrl\":\"https:\/\/www.sonoraenequipo.com.mx\/storage\/2024\/07\/coco-valazquez-min.jpg\",\"width\":900,\"height\":600},{\"@type\":\"BreadcrumbList\",\"@id\":\"https:\/\/www.sonoraenequipo.com.mx\/coco-velazquez-expresidente-del-pri-jalisco-renuncia-al-partido\/#breadcrumb\",\"itemListElement\":[{\"@type\":\"ListItem\",\"position\":1,\"name\":\"Portada\",\"item\":\"https:\/\/www.sonoraenequipo.com.mx\/\"},{\"@type\":\"ListItem\",\"position\":2,\"name\":\"Coco Vel\u00e1zquez expresidente del PRI Jalisco renuncia al partido\"}]},{\"@type\":\"WebSite\",\"@id\":\"https:\/\/www.sonoraenequipo.com.mx\/#website\",\"url\":\"https:\/\/www.sonoraenequipo.com.mx\/\",\"name\":\"Sonora en Equipo.\",\"description\":\"Diario en l\u00ednea con Noticias desde Hermosillo, Sonora\",\"publisher\":{\"@id\":\"https:\/\/www.sonoraenequipo.com.mx\/#organization\"},\"potentialAction\":[{\"@type\":\"SearchAction\",\"target\":{\"@type\":\"EntryPoint\",\"urlTemplate\":\"https:\/\/www.sonoraenequipo.com.mx\/?s={search_term_string}\"},\"query-input\":{\"@type\":\"PropertyValueSpecification\",\"valueRequired\":true,\"valueName\":\"search_term_string\"}}],\"inLanguage\":\"es\"},{\"@type\":\"Organization\",\"@id\":\"https:\/\/www.sonoraenequipo.com.mx\/#organization\",\"name\":\"Sonoraenequipo.com.mx\",\"url\":\"https:\/\/www.sonoraenequipo.com.mx\/\",\"logo\":{\"@type\":\"ImageObject\",\"inLanguage\":\"es\",\"@id\":\"https:\/\/www.sonoraenequipo.com.mx\/#\/schema\/logo\/image\/\",\"url\":\"https:\/\/www.sonoraenequipo.com.mx\/storage\/2019\/01\/sonoraenequipo_opt.png\",\"contentUrl\":\"https:\/\/www.sonoraenequipo.com.mx\/storage\/2019\/01\/sonoraenequipo_opt.png\",\"width\":375,\"height\":125,\"caption\":\"Sonoraenequipo.com.mx\"},\"image\":{\"@id\":\"https:\/\/www.sonoraenequipo.com.mx\/#\/schema\/logo\/image\/\"},\"sameAs\":[\"https:\/\/www.facebook.com\/SonoraEE\/\",\"https:\/\/x.com\/sonoraenequipo\",\"https:\/\/www.youtube.com\/channel\/UC338nW-lPEYmJQs4ZABQ1SQ\"]},{\"@type\":\"Person\",\"@id\":\"https:\/\/www.sonoraenequipo.com.mx\/#\/schema\/person\/50102df0fb23a8fa9e8effad8fa81386\",\"name\":\"enequipo\",\"image\":{\"@type\":\"ImageObject\",\"inLanguage\":\"es\",\"@id\":\"https:\/\/www.sonoraenequipo.com.mx\/#\/schema\/person\/image\/\",\"url\":\"https:\/\/secure.gravatar.com\/avatar\/049821681b589dabc0bc20695993ccebb09f5b5d4d790cd9251b97faac7c652b?s=96&d=blank&r=g\",\"contentUrl\":\"https:\/\/secure.gravatar.com\/avatar\/049821681b589dabc0bc20695993ccebb09f5b5d4d790cd9251b97faac7c652b?s=96&d=blank&r=g\",\"caption\":\"enequipo\"},\"sameAs\":[\"https:\/\/www.facebook.com\/SonoraEE\"]}]}<\/script>\n ","yoast_head_json":{"title":"Sonora en Equipo. Coco Vel\u00e1zquez expresidente del PRI Jalisco renuncia al partido Rep\u00fablica","description":"GUADALAJARA, JALISCO. MX. \u2014 A trav\u00e9s de una carta enviada al Comit\u00e9 Directivo Estatal del Partido Revolucionario Institucional, uno de sus miembros m\u00e1s En Sonora en Equipo publicamos toda la informaci\u00f3n de Sonora, M\u00e9xico y el Mundo de manera oportuna y busca que la libertad de expresi\u00f3n sea real. Visita nuestro medio informativo publicado desde Hermosillo, Sonora. %","robots":{"index":"index","follow":"follow","max-snippet":"max-snippet:-1","max-image-preview":"max-image-preview:large","max-video-preview":"max-video-preview:-1"},"canonical":"https:\/\/www.sonoraenequipo.com.mx\/coco-velazquez-expresidente-del-pri-jalisco-renuncia-al-partido\/","og_locale":"es_ES","og_type":"article","og_title":"Sonora en Equipo. Coco Vel\u00e1zquez expresidente del PRI Jalisco renuncia al partido Rep\u00fablica","og_description":"GUADALAJARA, JALISCO. MX. \u2014 A trav\u00e9s de una carta enviada al Comit\u00e9 Directivo Estatal del Partido Revolucionario Institucional, uno de sus miembros m\u00e1s En Sonora en Equipo publicamos toda la informaci\u00f3n de Sonora, M\u00e9xico y el Mundo de manera oportuna y busca que la libertad de expresi\u00f3n sea real. Visita nuestro medio informativo publicado desde Hermosillo, Sonora. %","og_url":"https:\/\/www.sonoraenequipo.com.mx\/coco-velazquez-expresidente-del-pri-jalisco-renuncia-al-partido\/","og_site_name":"Sonora en Equipo.","article_publisher":"https:\/\/www.facebook.com\/SonoraEE\/","article_author":"https:\/\/www.facebook.com\/SonoraEE","article_published_time":"2024-07-09T15:12:43+00:00","article_modified_time":"2024-07-09T18:06:57+00:00","og_image":[{"width":900,"height":600,"url":"https:\/\/www.sonoraenequipo.com.mx\/storage\/2024\/07\/coco-valazquez-min.jpg","type":"image\/jpeg"}],"author":"enequipo","twitter_card":"summary_large_image","twitter_creator":"@sonoraenequipo","twitter_site":"@sonoraenequipo","twitter_misc":{"Escrito por":"enequipo","Tiempo de lectura":"3 minutos"},"schema":{"@context":"https:\/\/schema.org","@graph":[{"@type":"Article","@id":"https:\/\/www.sonoraenequipo.com.mx\/coco-velazquez-expresidente-del-pri-jalisco-renuncia-al-partido\/#article","isPartOf":{"@id":"https:\/\/www.sonoraenequipo.com.mx\/coco-velazquez-expresidente-del-pri-jalisco-renuncia-al-partido\/"},"author":{"name":"enequipo","@id":"https:\/\/www.sonoraenequipo.com.mx\/#\/schema\/person\/50102df0fb23a8fa9e8effad8fa81386"},"headline":"Coco Vel\u00e1zquez expresidente del PRI Jalisco renuncia al partido","datePublished":"2024-07-09T15:12:43+00:00","dateModified":"2024-07-09T18:06:57+00:00","mainEntityOfPage":{"@id":"https:\/\/www.sonoraenequipo.com.mx\/coco-velazquez-expresidente-del-pri-jalisco-renuncia-al-partido\/"},"wordCount":603,"commentCount":0,"publisher":{"@id":"https:\/\/www.sonoraenequipo.com.mx\/#organization"},"image":{"@id":"https:\/\/www.sonoraenequipo.com.mx\/coco-velazquez-expresidente-del-pri-jalisco-renuncia-al-partido\/#primaryimage"},"thumbnailUrl":"https:\/\/www.sonoraenequipo.com.mx\/storage\/2024\/07\/coco-valazquez-min.jpg","articleSection":["Rep\u00fablica"],"inLanguage":"es","potentialAction":[{"@type":"CommentAction","name":"Comment","target":["https:\/\/www.sonoraenequipo.com.mx\/coco-velazquez-expresidente-del-pri-jalisco-renuncia-al-partido\/#respond"]}]},{"@type":"WebPage","@id":"https:\/\/www.sonoraenequipo.com.mx\/coco-velazquez-expresidente-del-pri-jalisco-renuncia-al-partido\/","url":"https:\/\/www.sonoraenequipo.com.mx\/coco-velazquez-expresidente-del-pri-jalisco-renuncia-al-partido\/","name":"Sonora en Equipo. Coco Vel\u00e1zquez expresidente del PRI Jalisco renuncia al partido Rep\u00fablica","isPartOf":{"@id":"https:\/\/www.sonoraenequipo.com.mx\/#website"},"primaryImageOfPage":{"@id":"https:\/\/www.sonoraenequipo.com.mx\/coco-velazquez-expresidente-del-pri-jalisco-renuncia-al-partido\/#primaryimage"},"image":{"@id":"https:\/\/www.sonoraenequipo.com.mx\/coco-velazquez-expresidente-del-pri-jalisco-renuncia-al-partido\/#primaryimage"},"thumbnailUrl":"https:\/\/www.sonoraenequipo.com.mx\/storage\/2024\/07\/coco-valazquez-min.jpg","datePublished":"2024-07-09T15:12:43+00:00","dateModified":"2024-07-09T18:06:57+00:00","description":"GUADALAJARA, JALISCO. MX. \u2014 A trav\u00e9s de una carta enviada al Comit\u00e9 Directivo Estatal del Partido Revolucionario Institucional, uno de sus miembros m\u00e1s En Sonora en Equipo publicamos toda la informaci\u00f3n de Sonora, M\u00e9xico y el Mundo de manera oportuna y busca que la libertad de expresi\u00f3n sea real. Visita nuestro medio informativo publicado desde Hermosillo, Sonora. %","breadcrumb":{"@id":"https:\/\/www.sonoraenequipo.com.mx\/coco-velazquez-expresidente-del-pri-jalisco-renuncia-al-partido\/#breadcrumb"},"inLanguage":"es","potentialAction":[{"@type":"ReadAction","target":["https:\/\/www.sonoraenequipo.com.mx\/coco-velazquez-expresidente-del-pri-jalisco-renuncia-al-partido\/"]}]},{"@type":"ImageObject","inLanguage":"es","@id":"https:\/\/www.sonoraenequipo.com.mx\/coco-velazquez-expresidente-del-pri-jalisco-renuncia-al-partido\/#primaryimage","url":"https:\/\/www.sonoraenequipo.com.mx\/storage\/2024\/07\/coco-valazquez-min.jpg","contentUrl":"https:\/\/www.sonoraenequipo.com.mx\/storage\/2024\/07\/coco-valazquez-min.jpg","width":900,"height":600},{"@type":"BreadcrumbList","@id":"https:\/\/www.sonoraenequipo.com.mx\/coco-velazquez-expresidente-del-pri-jalisco-renuncia-al-partido\/#breadcrumb","itemListElement":[{"@type":"ListItem","position":1,"name":"Portada","item":"https:\/\/www.sonoraenequipo.com.mx\/"},{"@type":"ListItem","position":2,"name":"Coco Vel\u00e1zquez expresidente del PRI Jalisco renuncia al partido"}]},{"@type":"WebSite","@id":"https:\/\/www.sonoraenequipo.com.mx\/#website","url":"https:\/\/www.sonoraenequipo.com.mx\/","name":"Sonora en Equipo.","description":"Diario en l\u00ednea con Noticias desde Hermosillo, Sonora","publisher":{"@id":"https:\/\/www.sonoraenequipo.com.mx\/#organization"},"potentialAction":[{"@type":"SearchAction","target":{"@type":"EntryPoint","urlTemplate":"https:\/\/www.sonoraenequipo.com.mx\/?s={search_term_string}"},"query-input":{"@type":"PropertyValueSpecification","valueRequired":true,"valueName":"search_term_string"}}],"inLanguage":"es"},{"@type":"Organization","@id":"https:\/\/www.sonoraenequipo.com.mx\/#organization","name":"Sonoraenequipo.com.mx","url":"https:\/\/www.sonoraenequipo.com.mx\/","logo":{"@type":"ImageObject","inLanguage":"es","@id":"https:\/\/www.sonoraenequipo.com.mx\/#\/schema\/logo\/image\/","url":"https:\/\/www.sonoraenequipo.com.mx\/storage\/2019\/01\/sonoraenequipo_opt.png","contentUrl":"https:\/\/www.sonoraenequipo.com.mx\/storage\/2019\/01\/sonoraenequipo_opt.png","width":375,"height":125,"caption":"Sonoraenequipo.com.mx"},"image":{"@id":"https:\/\/www.sonoraenequipo.com.mx\/#\/schema\/logo\/image\/"},"sameAs":["https:\/\/www.facebook.com\/SonoraEE\/","https:\/\/x.com\/sonoraenequipo","https:\/\/www.youtube.com\/channel\/UC338nW-lPEYmJQs4ZABQ1SQ"]},{"@type":"Person","@id":"https:\/\/www.sonoraenequipo.com.mx\/#\/schema\/person\/50102df0fb23a8fa9e8effad8fa81386","name":"enequipo","image":{"@type":"ImageObject","inLanguage":"es","@id":"https:\/\/www.sonoraenequipo.com.mx\/#\/schema\/person\/image\/","url":"https:\/\/secure.gravatar.com\/avatar\/049821681b589dabc0bc20695993ccebb09f5b5d4d790cd9251b97faac7c652b?s=96&d=blank&r=g","contentUrl":"https:\/\/secure.gravatar.com\/avatar\/049821681b589dabc0bc20695993ccebb09f5b5d4d790cd9251b97faac7c652b?s=96&d=blank&r=g","caption":"enequipo"},"sameAs":["https:\/\/www.facebook.com\/SonoraEE"]}]}},"jetpack_featured_media_url":"https:\/\/www.sonoraenequipo.com.mx\/storage\/2024\/07\/coco-valazquez-min.jpg","_links":{"self":[{"href":"https:\/\/www.sonoraenequipo.com.mx\/api\/wp\/v2\/posts\/194104","targetHints":{"allow":["GET"]}}],"collection":[{"href":"https:\/\/www.sonoraenequipo.com.mx\/api\/wp\/v2\/posts"}],"about":[{"href":"https:\/\/www.sonoraenequipo.com.mx\/api\/wp\/v2\/types\/post"}],"author":[{"embeddable":true,"href":"https:\/\/www.sonoraenequipo.com.mx\/api\/wp\/v2\/users\/1"}],"replies":[{"embeddable":true,"href":"https:\/\/www.sonoraenequipo.com.mx\/api\/wp\/v2\/comments?post=194104"}],"version-history":[{"count":2,"href":"https:\/\/www.sonoraenequipo.com.mx\/api\/wp\/v2\/posts\/194104\/revisions"}],"predecessor-version":[{"id":194107,"href":"https:\/\/www.sonoraenequipo.com.mx\/api\/wp\/v2\/posts\/194104\/revisions\/194107"}],"wp:featuredmedia":[{"embeddable":true,"href":"https:\/\/www.sonoraenequipo.com.mx\/api\/wp\/v2\/media\/194105"}],"wp:attachment":[{"href":"https:\/\/www.sonoraenequipo.com.mx\/api\/wp\/v2\/media?parent=194104"}],"wp:term":[{"taxonomy":"category","embeddable":true,"href":"https:\/\/www.sonoraenequipo.com.mx\/api\/wp\/v2\/categories?post=194104"},{"taxonomy":"post_tag","embeddable":true,"href":"https:\/\/www.sonoraenequipo.com.mx\/api\/wp\/v2\/tags?post=194104"}],"curies":[{"name":"wp","href":"https:\/\/api.w.org\/{rel}","templated":true}]}}