{"id":194117,"date":"2024-07-09T13:30:55","date_gmt":"2024-07-09T20:30:55","guid":{"rendered":"https:\/\/www.sonoraenequipo.com.mx\/?p=194117"},"modified":"2024-07-09T13:30:55","modified_gmt":"2024-07-09T20:30:55","slug":"inicia-trabajos-comision-temporal-de-presupuesto-del-ine-para-el-ejercicio-2025","status":"publish","type":"post","link":"https:\/\/www.sonoraenequipo.com.mx\/inicia-trabajos-comision-temporal-de-presupuesto-del-ine-para-el-ejercicio-2025\/","title":{"rendered":"Inicia trabajos Comisi\u00f3n Temporal de Presupuesto del INE para el ejercicio 2025"},"content":{"rendered":"<p><strong>CIUDAD DE M\u00c8XICO.<\/strong><strong> \u0336 \u0336\u00a0 <\/strong>Proyectos consideran las medidas de racionalidad, austeridad y econom\u00eda en la ejecuci\u00f3n del gasto: Rita Bell L\u00f3pez<\/p>\n<p>Esta ma\u00f1ana qued\u00f3 formalmente instalada la Comisi\u00f3n Temporal de Presupuesto 2025 del Instituto Nacional Electoral (INE), presidida por el Consejero Uuc-kib Espadas Ancona e integrada por las consejeras Norma De la Cruz Maga\u00f1a y Rita Bell L\u00f3pez Vences.<\/p>\n<p>&nbsp;<\/p>\n<p>En la sesi\u00f3n de instalaci\u00f3n, el presidente de la Comisi\u00f3n asegur\u00f3 que es en el presupuesto donde el Instituto formaliza \u201csus caminos para llevar a buen t\u00e9rmino los procesos con los que rinde servicio a la sociedad\u201d, sin excesos, con eficiencia, responsabilidad y capacidad para rendir cuentas.<\/p>\n<p>&nbsp;<\/p>\n<p>La elaboraci\u00f3n del presupuesto, subray\u00f3 Espadas, es un momento para revisar los proyectos, sus efectos, su pertinencia, as\u00ed como para trazar las l\u00edneas de desarrollo posteriores y, de esta manera, \u201ctener un desarrollo institucional acorde con las necesidades permanentes y cambiantes, a la vez, de los procesos electorales en una sociedad y en un M\u00e9xico tambi\u00e9n cambiantes\u201d.<\/p>\n<p>&nbsp;<\/p>\n<p>Asimismo, enfatiz\u00f3 que el dise\u00f1o presupuestal exige ce\u00f1irse de manera estricta a criterios de racionalidad en el gasto.<\/p>\n<p>&nbsp;<\/p>\n<p>\u201cEstamos hablando del uso de dineros p\u00fablicos para, efectivamente, proporcionar un servicio, con lo cual habr\u00e1 que ser muy puntuales en revisar la calidad con la que se presta a la sociedad y ajustarse presupuestalmente a aquello que esa calidad exija\u201d, a\u00f1adi\u00f3.<\/p>\n<p>&nbsp;<\/p>\n<p>Presupuesto no es s\u00f3lo una relaci\u00f3n de gastos estimados<\/p>\n<p>&nbsp;<\/p>\n<p>En su intervenci\u00f3n, la Consejera Rita Bell L\u00f3pez consider\u00f3 que el presupuesto de egresos 2025 del INE no ser\u00e1 una simple relaci\u00f3n de gastos estimados con base en los presupuestos de ejercicios fiscales anteriores.<\/p>\n<p>&nbsp;<\/p>\n<p>Mediante este presupuesto, apunt\u00f3, se van a distribuir los recursos humanos, materiales y financieros entre los diversos programas y proyectos incluidos en el Plan Anual de Trabajo -a mediano y largo plazo- \u201cen los cuales se utilizar\u00e1n los instrumentos de pol\u00edtica econ\u00f3mica y administrativa necesarios para movilizar los recursos destinados a alcanzar los objetivos planteados para el pr\u00f3ximo ejercicio fiscal\u201d.<\/p>\n<p>&nbsp;<\/p>\n<p>L\u00f3pez Vences sostuvo que los diversos proyectos que se plasmar\u00e1n en el Anteproyecto de Presupuesto 2025 se planear\u00e1n considerando las medidas de racionalidad, austeridad y econom\u00eda en la ejecuci\u00f3n del gasto, sin que se pierda -con ello- la calidad de los trabajos a realizar y tampoco se menoscabe su resultado.<\/p>\n<p>&nbsp;<\/p>\n<p>Necesario alcanzar el presupuesto base cero: OIC<\/p>\n<p>&nbsp;<\/p>\n<p>Por su parte, el Encargado de Despacho del \u00d3rgano Interno de Control (OIC), Luis Oswaldo Peralta Rivera, hizo un llamado a todas las personas que participar\u00e1n en el proceso de presupuestaci\u00f3n a hacer los trabajos pertinentes para alcanzar el presupuesto base cero en alg\u00fan momento.<\/p>\n<p>&nbsp;<\/p>\n<p>\u201cVa a ser obviamente muy complicado, pero tenemos que trabajar a partir de aquello con lo que ya contamos\u201d, asever\u00f3.<\/p>\n<p>&nbsp;<\/p>\n<p>De igual manera, exhort\u00f3 a estar muy atentos en la calidad de los servicios que se dan a la ciudadan\u00eda, pero tambi\u00e9n a que esa calidad sea equilibrada con los precios. \u201cLo \u00fanico que nosotros tenemos que hacer en este caso es trabajar mano a mano con cada uno de ustedes y revisar lo que tenemos que revisar para que, entre todos, podamos verificar que haya una racionalidad\u201d.<\/p>\n<p>&nbsp;<\/p>\n<p>En la sesi\u00f3n se aprob\u00f3 por unanimidad el Programa de Trabajo de la Comisi\u00f3n y se present\u00f3 el marco normativo que rige el proceso de presupuestaci\u00f3n del INE.<\/p>\n<p><strong>Fecha de publicaci\u00f3n lunes 8 de\u00a0 julio\u00a0 de 2024<\/strong><\/p>\n","protected":false},"excerpt":{"rendered":"<p>CIUDAD DE M\u00c8XICO. \u0336 \u0336\u00a0 Proyectos consideran las medidas de racionalidad, austeridad y econom\u00eda en&#8230;<\/p>\n","protected":false},"author":1,"featured_media":191681,"comment_status":"open","ping_status":"open","sticky":false,"template":"","format":"standard","meta":{"_monsterinsights_skip_tracking":false,"_monsterinsights_sitenote_active":false,"_monsterinsights_sitenote_note":"","_monsterinsights_sitenote_category":0,"footnotes":""},"categories":[5],"tags":[1247,25],"class_list":["post"],"yoast_head":" \n<title>Sonora en Equipo. Inicia trabajos Comisi\u00f3n Temporal de Presupuesto del INE para el ejercicio 2025 Rep\u00fablica<\/title>\n<meta name=\"description\" content=\"CIUDAD DE M\u00c8XICO. \u0336 \u0336\u00a0 Proyectos consideran las medidas de racionalidad, austeridad y econom\u00eda en la ejecuci\u00f3n del gasto: Rita Bell L\u00f3pez Esta ma\u00f1ana En Sonora en Equipo publicamos toda la informaci\u00f3n de Sonora, M\u00e9xico y el Mundo de manera oportuna y busca que la libertad de expresi\u00f3n sea real. Visita nuestro medio informativo publicado desde Hermosillo, Sonora. %\" \/>\n<meta name=\"robots\" content=\"index, follow, max-snippet:-1, max-image-preview:large, max-video-preview:-1\" \/>\n<link rel=\"canonical\" href=\"https:\/\/www.sonoraenequipo.com.mx\/inicia-trabajos-comision-temporal-de-presupuesto-del-ine-para-el-ejercicio-2025\/\" \/>\n<meta property=\"og:locale\" content=\"es_ES\" \/>\n<meta property=\"og:type\" content=\"article\" \/>\n<meta property=\"og:title\" content=\"Sonora en Equipo. Inicia trabajos Comisi\u00f3n Temporal de Presupuesto del INE para el ejercicio 2025 Rep\u00fablica\" \/>\n<meta property=\"og:description\" content=\"CIUDAD DE M\u00c8XICO. \u0336 \u0336\u00a0 Proyectos consideran las medidas de racionalidad, austeridad y econom\u00eda en la ejecuci\u00f3n del gasto: Rita Bell L\u00f3pez Esta ma\u00f1ana En Sonora en Equipo publicamos toda la informaci\u00f3n de Sonora, M\u00e9xico y el Mundo de manera oportuna y busca que la libertad de expresi\u00f3n sea real. Visita nuestro medio informativo publicado desde Hermosillo, Sonora. %\" \/>\n<meta property=\"og:url\" content=\"https:\/\/www.sonoraenequipo.com.mx\/inicia-trabajos-comision-temporal-de-presupuesto-del-ine-para-el-ejercicio-2025\/\" \/>\n<meta property=\"og:site_name\" content=\"Sonora en Equipo.\" \/>\n<meta property=\"article:publisher\" content=\"https:\/\/www.facebook.com\/SonoraEE\/\" \/>\n<meta property=\"article:author\" content=\"https:\/\/www.facebook.com\/SonoraEE\" \/>\n<meta property=\"article:published_time\" content=\"2024-07-09T20:30:55+00:00\" \/>\n<meta property=\"og:image\" content=\"https:\/\/www.sonoraenequipo.com.mx\/storage\/2024\/06\/INE.foto-edificio-min.jpg\" \/>\n\t<meta property=\"og:image:width\" content=\"900\" \/>\n\t<meta property=\"og:image:height\" content=\"553\" \/>\n\t<meta property=\"og:image:type\" content=\"image\/jpeg\" \/>\n<meta name=\"author\" content=\"enequipo\" \/>\n<meta name=\"twitter:card\" content=\"summary_large_image\" \/>\n<meta name=\"twitter:creator\" content=\"@sonoraenequipo\" \/>\n<meta name=\"twitter:site\" content=\"@sonoraenequipo\" \/>\n<meta name=\"twitter:label1\" content=\"Escrito por\" \/>\n\t<meta name=\"twitter:data1\" content=\"enequipo\" \/>\n\t<meta name=\"twitter:label2\" content=\"Tiempo de lectura\" \/>\n\t<meta name=\"twitter:data2\" content=\"3 minutos\" \/>\n<script type=\"application\/ld+json\" class=\"yoast-schema-graph\">{\"@context\":\"https:\/\/schema.org\",\"@graph\":[{\"@type\":\"Article\",\"@id\":\"https:\/\/www.sonoraenequipo.com.mx\/inicia-trabajos-comision-temporal-de-presupuesto-del-ine-para-el-ejercicio-2025\/#article\",\"isPartOf\":{\"@id\":\"https:\/\/www.sonoraenequipo.com.mx\/inicia-trabajos-comision-temporal-de-presupuesto-del-ine-para-el-ejercicio-2025\/\"},\"author\":{\"name\":\"enequipo\",\"@id\":\"https:\/\/www.sonoraenequipo.com.mx\/#\/schema\/person\/50102df0fb23a8fa9e8effad8fa81386\"},\"headline\":\"Inicia trabajos Comisi\u00f3n Temporal de Presupuesto del INE para el ejercicio 2025\",\"datePublished\":\"2024-07-09T20:30:55+00:00\",\"mainEntityOfPage\":{\"@id\":\"https:\/\/www.sonoraenequipo.com.mx\/inicia-trabajos-comision-temporal-de-presupuesto-del-ine-para-el-ejercicio-2025\/\"},\"wordCount\":615,\"commentCount\":0,\"publisher\":{\"@id\":\"https:\/\/www.sonoraenequipo.com.mx\/#organization\"},\"image\":{\"@id\":\"https:\/\/www.sonoraenequipo.com.mx\/inicia-trabajos-comision-temporal-de-presupuesto-del-ine-para-el-ejercicio-2025\/#primaryimage\"},\"thumbnailUrl\":\"https:\/\/www.sonoraenequipo.com.mx\/storage\/2024\/06\/INE.foto-edificio-min.jpg\",\"keywords\":[\"INE\",\"presupuesto\"],\"articleSection\":[\"Rep\u00fablica\"],\"inLanguage\":\"es\",\"potentialAction\":[{\"@type\":\"CommentAction\",\"name\":\"Comment\",\"target\":[\"https:\/\/www.sonoraenequipo.com.mx\/inicia-trabajos-comision-temporal-de-presupuesto-del-ine-para-el-ejercicio-2025\/#respond\"]}]},{\"@type\":\"WebPage\",\"@id\":\"https:\/\/www.sonoraenequipo.com.mx\/inicia-trabajos-comision-temporal-de-presupuesto-del-ine-para-el-ejercicio-2025\/\",\"url\":\"https:\/\/www.sonoraenequipo.com.mx\/inicia-trabajos-comision-temporal-de-presupuesto-del-ine-para-el-ejercicio-2025\/\",\"name\":\"Sonora en Equipo. Inicia trabajos Comisi\u00f3n Temporal de Presupuesto del INE para el ejercicio 2025 Rep\u00fablica\",\"isPartOf\":{\"@id\":\"https:\/\/www.sonoraenequipo.com.mx\/#website\"},\"primaryImageOfPage\":{\"@id\":\"https:\/\/www.sonoraenequipo.com.mx\/inicia-trabajos-comision-temporal-de-presupuesto-del-ine-para-el-ejercicio-2025\/#primaryimage\"},\"image\":{\"@id\":\"https:\/\/www.sonoraenequipo.com.mx\/inicia-trabajos-comision-temporal-de-presupuesto-del-ine-para-el-ejercicio-2025\/#primaryimage\"},\"thumbnailUrl\":\"https:\/\/www.sonoraenequipo.com.mx\/storage\/2024\/06\/INE.foto-edificio-min.jpg\",\"datePublished\":\"2024-07-09T20:30:55+00:00\",\"description\":\"CIUDAD DE M\u00c8XICO. \u0336 \u0336\u00a0 Proyectos consideran las medidas de racionalidad, austeridad y econom\u00eda en la ejecuci\u00f3n del gasto: Rita Bell L\u00f3pez Esta ma\u00f1ana En Sonora en Equipo publicamos toda la informaci\u00f3n de Sonora, M\u00e9xico y el Mundo de manera oportuna y busca que la libertad de expresi\u00f3n sea real. Visita nuestro medio informativo publicado desde Hermosillo, Sonora. %\",\"breadcrumb\":{\"@id\":\"https:\/\/www.sonoraenequipo.com.mx\/inicia-trabajos-comision-temporal-de-presupuesto-del-ine-para-el-ejercicio-2025\/#breadcrumb\"},\"inLanguage\":\"es\",\"potentialAction\":[{\"@type\":\"ReadAction\",\"target\":[\"https:\/\/www.sonoraenequipo.com.mx\/inicia-trabajos-comision-temporal-de-presupuesto-del-ine-para-el-ejercicio-2025\/\"]}]},{\"@type\":\"ImageObject\",\"inLanguage\":\"es\",\"@id\":\"https:\/\/www.sonoraenequipo.com.mx\/inicia-trabajos-comision-temporal-de-presupuesto-del-ine-para-el-ejercicio-2025\/#primaryimage\",\"url\":\"https:\/\/www.sonoraenequipo.com.mx\/storage\/2024\/06\/INE.foto-edificio-min.jpg\",\"contentUrl\":\"https:\/\/www.sonoraenequipo.com.mx\/storage\/2024\/06\/INE.foto-edificio-min.jpg\",\"width\":900,\"height\":553},{\"@type\":\"BreadcrumbList\",\"@id\":\"https:\/\/www.sonoraenequipo.com.mx\/inicia-trabajos-comision-temporal-de-presupuesto-del-ine-para-el-ejercicio-2025\/#breadcrumb\",\"itemListElement\":[{\"@type\":\"ListItem\",\"position\":1,\"name\":\"Portada\",\"item\":\"https:\/\/www.sonoraenequipo.com.mx\/\"},{\"@type\":\"ListItem\",\"position\":2,\"name\":\"Inicia trabajos Comisi\u00f3n Temporal de Presupuesto del INE para el ejercicio 2025\"}]},{\"@type\":\"WebSite\",\"@id\":\"https:\/\/www.sonoraenequipo.com.mx\/#website\",\"url\":\"https:\/\/www.sonoraenequipo.com.mx\/\",\"name\":\"Sonora en Equipo.\",\"description\":\"Diario en l\u00ednea con Noticias desde Hermosillo, Sonora\",\"publisher\":{\"@id\":\"https:\/\/www.sonoraenequipo.com.mx\/#organization\"},\"potentialAction\":[{\"@type\":\"SearchAction\",\"target\":{\"@type\":\"EntryPoint\",\"urlTemplate\":\"https:\/\/www.sonoraenequipo.com.mx\/?s={search_term_string}\"},\"query-input\":{\"@type\":\"PropertyValueSpecification\",\"valueRequired\":true,\"valueName\":\"search_term_string\"}}],\"inLanguage\":\"es\"},{\"@type\":\"Organization\",\"@id\":\"https:\/\/www.sonoraenequipo.com.mx\/#organization\",\"name\":\"Sonoraenequipo.com.mx\",\"url\":\"https:\/\/www.sonoraenequipo.com.mx\/\",\"logo\":{\"@type\":\"ImageObject\",\"inLanguage\":\"es\",\"@id\":\"https:\/\/www.sonoraenequipo.com.mx\/#\/schema\/logo\/image\/\",\"url\":\"https:\/\/www.sonoraenequipo.com.mx\/storage\/2019\/01\/sonoraenequipo_opt.png\",\"contentUrl\":\"https:\/\/www.sonoraenequipo.com.mx\/storage\/2019\/01\/sonoraenequipo_opt.png\",\"width\":375,\"height\":125,\"caption\":\"Sonoraenequipo.com.mx\"},\"image\":{\"@id\":\"https:\/\/www.sonoraenequipo.com.mx\/#\/schema\/logo\/image\/\"},\"sameAs\":[\"https:\/\/www.facebook.com\/SonoraEE\/\",\"https:\/\/x.com\/sonoraenequipo\",\"https:\/\/www.youtube.com\/channel\/UC338nW-lPEYmJQs4ZABQ1SQ\"]},{\"@type\":\"Person\",\"@id\":\"https:\/\/www.sonoraenequipo.com.mx\/#\/schema\/person\/50102df0fb23a8fa9e8effad8fa81386\",\"name\":\"enequipo\",\"image\":{\"@type\":\"ImageObject\",\"inLanguage\":\"es\",\"@id\":\"https:\/\/www.sonoraenequipo.com.mx\/#\/schema\/person\/image\/\",\"url\":\"https:\/\/secure.gravatar.com\/avatar\/049821681b589dabc0bc20695993ccebb09f5b5d4d790cd9251b97faac7c652b?s=96&d=blank&r=g\",\"contentUrl\":\"https:\/\/secure.gravatar.com\/avatar\/049821681b589dabc0bc20695993ccebb09f5b5d4d790cd9251b97faac7c652b?s=96&d=blank&r=g\",\"caption\":\"enequipo\"},\"sameAs\":[\"https:\/\/www.facebook.com\/SonoraEE\"]}]}<\/script>\n ","yoast_head_json":{"title":"Sonora en Equipo. Inicia trabajos Comisi\u00f3n Temporal de Presupuesto del INE para el ejercicio 2025 Rep\u00fablica","description":"CIUDAD DE M\u00c8XICO. \u0336 \u0336\u00a0 Proyectos consideran las medidas de racionalidad, austeridad y econom\u00eda en la ejecuci\u00f3n del gasto: Rita Bell L\u00f3pez Esta ma\u00f1ana En Sonora en Equipo publicamos toda la informaci\u00f3n de Sonora, M\u00e9xico y el Mundo de manera oportuna y busca que la libertad de expresi\u00f3n sea real. Visita nuestro medio informativo publicado desde Hermosillo, Sonora. %","robots":{"index":"index","follow":"follow","max-snippet":"max-snippet:-1","max-image-preview":"max-image-preview:large","max-video-preview":"max-video-preview:-1"},"canonical":"https:\/\/www.sonoraenequipo.com.mx\/inicia-trabajos-comision-temporal-de-presupuesto-del-ine-para-el-ejercicio-2025\/","og_locale":"es_ES","og_type":"article","og_title":"Sonora en Equipo. Inicia trabajos Comisi\u00f3n Temporal de Presupuesto del INE para el ejercicio 2025 Rep\u00fablica","og_description":"CIUDAD DE M\u00c8XICO. \u0336 \u0336\u00a0 Proyectos consideran las medidas de racionalidad, austeridad y econom\u00eda en la ejecuci\u00f3n del gasto: Rita Bell L\u00f3pez Esta ma\u00f1ana En Sonora en Equipo publicamos toda la informaci\u00f3n de Sonora, M\u00e9xico y el Mundo de manera oportuna y busca que la libertad de expresi\u00f3n sea real. Visita nuestro medio informativo publicado desde Hermosillo, Sonora. %","og_url":"https:\/\/www.sonoraenequipo.com.mx\/inicia-trabajos-comision-temporal-de-presupuesto-del-ine-para-el-ejercicio-2025\/","og_site_name":"Sonora en Equipo.","article_publisher":"https:\/\/www.facebook.com\/SonoraEE\/","article_author":"https:\/\/www.facebook.com\/SonoraEE","article_published_time":"2024-07-09T20:30:55+00:00","og_image":[{"width":900,"height":553,"url":"https:\/\/www.sonoraenequipo.com.mx\/storage\/2024\/06\/INE.foto-edificio-min.jpg","type":"image\/jpeg"}],"author":"enequipo","twitter_card":"summary_large_image","twitter_creator":"@sonoraenequipo","twitter_site":"@sonoraenequipo","twitter_misc":{"Escrito por":"enequipo","Tiempo de lectura":"3 minutos"},"schema":{"@context":"https:\/\/schema.org","@graph":[{"@type":"Article","@id":"https:\/\/www.sonoraenequipo.com.mx\/inicia-trabajos-comision-temporal-de-presupuesto-del-ine-para-el-ejercicio-2025\/#article","isPartOf":{"@id":"https:\/\/www.sonoraenequipo.com.mx\/inicia-trabajos-comision-temporal-de-presupuesto-del-ine-para-el-ejercicio-2025\/"},"author":{"name":"enequipo","@id":"https:\/\/www.sonoraenequipo.com.mx\/#\/schema\/person\/50102df0fb23a8fa9e8effad8fa81386"},"headline":"Inicia trabajos Comisi\u00f3n Temporal de Presupuesto del INE para el ejercicio 2025","datePublished":"2024-07-09T20:30:55+00:00","mainEntityOfPage":{"@id":"https:\/\/www.sonoraenequipo.com.mx\/inicia-trabajos-comision-temporal-de-presupuesto-del-ine-para-el-ejercicio-2025\/"},"wordCount":615,"commentCount":0,"publisher":{"@id":"https:\/\/www.sonoraenequipo.com.mx\/#organization"},"image":{"@id":"https:\/\/www.sonoraenequipo.com.mx\/inicia-trabajos-comision-temporal-de-presupuesto-del-ine-para-el-ejercicio-2025\/#primaryimage"},"thumbnailUrl":"https:\/\/www.sonoraenequipo.com.mx\/storage\/2024\/06\/INE.foto-edificio-min.jpg","keywords":["INE","presupuesto"],"articleSection":["Rep\u00fablica"],"inLanguage":"es","potentialAction":[{"@type":"CommentAction","name":"Comment","target":["https:\/\/www.sonoraenequipo.com.mx\/inicia-trabajos-comision-temporal-de-presupuesto-del-ine-para-el-ejercicio-2025\/#respond"]}]},{"@type":"WebPage","@id":"https:\/\/www.sonoraenequipo.com.mx\/inicia-trabajos-comision-temporal-de-presupuesto-del-ine-para-el-ejercicio-2025\/","url":"https:\/\/www.sonoraenequipo.com.mx\/inicia-trabajos-comision-temporal-de-presupuesto-del-ine-para-el-ejercicio-2025\/","name":"Sonora en Equipo. Inicia trabajos Comisi\u00f3n Temporal de Presupuesto del INE para el ejercicio 2025 Rep\u00fablica","isPartOf":{"@id":"https:\/\/www.sonoraenequipo.com.mx\/#website"},"primaryImageOfPage":{"@id":"https:\/\/www.sonoraenequipo.com.mx\/inicia-trabajos-comision-temporal-de-presupuesto-del-ine-para-el-ejercicio-2025\/#primaryimage"},"image":{"@id":"https:\/\/www.sonoraenequipo.com.mx\/inicia-trabajos-comision-temporal-de-presupuesto-del-ine-para-el-ejercicio-2025\/#primaryimage"},"thumbnailUrl":"https:\/\/www.sonoraenequipo.com.mx\/storage\/2024\/06\/INE.foto-edificio-min.jpg","datePublished":"2024-07-09T20:30:55+00:00","description":"CIUDAD DE M\u00c8XICO. \u0336 \u0336\u00a0 Proyectos consideran las medidas de racionalidad, austeridad y econom\u00eda en la ejecuci\u00f3n del gasto: Rita Bell L\u00f3pez Esta ma\u00f1ana En Sonora en Equipo publicamos toda la informaci\u00f3n de Sonora, M\u00e9xico y el Mundo de manera oportuna y busca que la libertad de expresi\u00f3n sea real. Visita nuestro medio informativo publicado desde Hermosillo, Sonora. %","breadcrumb":{"@id":"https:\/\/www.sonoraenequipo.com.mx\/inicia-trabajos-comision-temporal-de-presupuesto-del-ine-para-el-ejercicio-2025\/#breadcrumb"},"inLanguage":"es","potentialAction":[{"@type":"ReadAction","target":["https:\/\/www.sonoraenequipo.com.mx\/inicia-trabajos-comision-temporal-de-presupuesto-del-ine-para-el-ejercicio-2025\/"]}]},{"@type":"ImageObject","inLanguage":"es","@id":"https:\/\/www.sonoraenequipo.com.mx\/inicia-trabajos-comision-temporal-de-presupuesto-del-ine-para-el-ejercicio-2025\/#primaryimage","url":"https:\/\/www.sonoraenequipo.com.mx\/storage\/2024\/06\/INE.foto-edificio-min.jpg","contentUrl":"https:\/\/www.sonoraenequipo.com.mx\/storage\/2024\/06\/INE.foto-edificio-min.jpg","width":900,"height":553},{"@type":"BreadcrumbList","@id":"https:\/\/www.sonoraenequipo.com.mx\/inicia-trabajos-comision-temporal-de-presupuesto-del-ine-para-el-ejercicio-2025\/#breadcrumb","itemListElement":[{"@type":"ListItem","position":1,"name":"Portada","item":"https:\/\/www.sonoraenequipo.com.mx\/"},{"@type":"ListItem","position":2,"name":"Inicia trabajos Comisi\u00f3n Temporal de Presupuesto del INE para el ejercicio 2025"}]},{"@type":"WebSite","@id":"https:\/\/www.sonoraenequipo.com.mx\/#website","url":"https:\/\/www.sonoraenequipo.com.mx\/","name":"Sonora en Equipo.","description":"Diario en l\u00ednea con Noticias desde Hermosillo, Sonora","publisher":{"@id":"https:\/\/www.sonoraenequipo.com.mx\/#organization"},"potentialAction":[{"@type":"SearchAction","target":{"@type":"EntryPoint","urlTemplate":"https:\/\/www.sonoraenequipo.com.mx\/?s={search_term_string}"},"query-input":{"@type":"PropertyValueSpecification","valueRequired":true,"valueName":"search_term_string"}}],"inLanguage":"es"},{"@type":"Organization","@id":"https:\/\/www.sonoraenequipo.com.mx\/#organization","name":"Sonoraenequipo.com.mx","url":"https:\/\/www.sonoraenequipo.com.mx\/","logo":{"@type":"ImageObject","inLanguage":"es","@id":"https:\/\/www.sonoraenequipo.com.mx\/#\/schema\/logo\/image\/","url":"https:\/\/www.sonoraenequipo.com.mx\/storage\/2019\/01\/sonoraenequipo_opt.png","contentUrl":"https:\/\/www.sonoraenequipo.com.mx\/storage\/2019\/01\/sonoraenequipo_opt.png","width":375,"height":125,"caption":"Sonoraenequipo.com.mx"},"image":{"@id":"https:\/\/www.sonoraenequipo.com.mx\/#\/schema\/logo\/image\/"},"sameAs":["https:\/\/www.facebook.com\/SonoraEE\/","https:\/\/x.com\/sonoraenequipo","https:\/\/www.youtube.com\/channel\/UC338nW-lPEYmJQs4ZABQ1SQ"]},{"@type":"Person","@id":"https:\/\/www.sonoraenequipo.com.mx\/#\/schema\/person\/50102df0fb23a8fa9e8effad8fa81386","name":"enequipo","image":{"@type":"ImageObject","inLanguage":"es","@id":"https:\/\/www.sonoraenequipo.com.mx\/#\/schema\/person\/image\/","url":"https:\/\/secure.gravatar.com\/avatar\/049821681b589dabc0bc20695993ccebb09f5b5d4d790cd9251b97faac7c652b?s=96&d=blank&r=g","contentUrl":"https:\/\/secure.gravatar.com\/avatar\/049821681b589dabc0bc20695993ccebb09f5b5d4d790cd9251b97faac7c652b?s=96&d=blank&r=g","caption":"enequipo"},"sameAs":["https:\/\/www.facebook.com\/SonoraEE"]}]}},"jetpack_featured_media_url":"https:\/\/www.sonoraenequipo.com.mx\/storage\/2024\/06\/INE.foto-edificio-min.jpg","_links":{"self":[{"href":"https:\/\/www.sonoraenequipo.com.mx\/api\/wp\/v2\/posts\/194117","targetHints":{"allow":["GET"]}}],"collection":[{"href":"https:\/\/www.sonoraenequipo.com.mx\/api\/wp\/v2\/posts"}],"about":[{"href":"https:\/\/www.sonoraenequipo.com.mx\/api\/wp\/v2\/types\/post"}],"author":[{"embeddable":true,"href":"https:\/\/www.sonoraenequipo.com.mx\/api\/wp\/v2\/users\/1"}],"replies":[{"embeddable":true,"href":"https:\/\/www.sonoraenequipo.com.mx\/api\/wp\/v2\/comments?post=194117"}],"version-history":[{"count":1,"href":"https:\/\/www.sonoraenequipo.com.mx\/api\/wp\/v2\/posts\/194117\/revisions"}],"predecessor-version":[{"id":194118,"href":"https:\/\/www.sonoraenequipo.com.mx\/api\/wp\/v2\/posts\/194117\/revisions\/194118"}],"wp:featuredmedia":[{"embeddable":true,"href":"https:\/\/www.sonoraenequipo.com.mx\/api\/wp\/v2\/media\/191681"}],"wp:attachment":[{"href":"https:\/\/www.sonoraenequipo.com.mx\/api\/wp\/v2\/media?parent=194117"}],"wp:term":[{"taxonomy":"category","embeddable":true,"href":"https:\/\/www.sonoraenequipo.com.mx\/api\/wp\/v2\/categories?post=194117"},{"taxonomy":"post_tag","embeddable":true,"href":"https:\/\/www.sonoraenequipo.com.mx\/api\/wp\/v2\/tags?post=194117"}],"curies":[{"name":"wp","href":"https:\/\/api.w.org\/{rel}","templated":true}]}}