{"id":194429,"date":"2024-07-13T11:35:22","date_gmt":"2024-07-13T18:35:22","guid":{"rendered":"https:\/\/www.sonoraenequipo.com.mx\/?p=194429"},"modified":"2024-07-13T12:47:11","modified_gmt":"2024-07-13T19:47:11","slug":"entrega-fgjes-a-sergio-daniel-n-a-autoridades-de-baja-california-sur-acusado-del-feminicidio-de-paola-banuelos","status":"publish","type":"post","link":"https:\/\/www.sonoraenequipo.com.mx\/entrega-fgjes-a-sergio-daniel-n-a-autoridades-de-baja-california-sur-acusado-del-feminicidio-de-paola-banuelos\/","title":{"rendered":"Entrega FGJES a Sergio Daniel \u201cN\u201d a autoridades de Baja California acusado del feminicidio de Paola Ba\u00f1uelos"},"content":{"rendered":"<p><strong>HERMOSILLO, SONORA, MX.<\/strong> \u2014 Autoridades de la Fiscal\u00eda General de Justicia del Estado de Sonora (FGJES) y la Agencia Ministerial de Investigaci\u00f3n Criminal (AMIC) hicieron entrega de Sergio Daniel \u201cN\u201d, de 24 a\u00f1os de edad, a autoridades del Estado de Baja California, como parte del convenio de colaboraci\u00f3n entre esta representaci\u00f3n social y la Fiscal\u00eda General de dicha entidad.<\/p>\n<p>&nbsp;<\/p>\n<p>Tras su detenci\u00f3n, derivado de su presentaci\u00f3n, luego de un proceso de negociaci\u00f3n entre \u00e9l, familiares y las autoridades de AMIC y FGJES, en Ciudad Obreg\u00f3n, municipio de Cajeme, Sonora, el se\u00f1alado fue trasladado a la capital sonorense bajo custodia de agentes ministeriales.<\/p>\n<p>&nbsp;<\/p>\n<p>Posteriormente se le traslad\u00f3 v\u00eda a\u00e9rea a la ciudad de Mexicali, donde fue puesto a disposici\u00f3n de la Agencia Estatal de Investigaciones (AEI) en Baja California, donde deber\u00e1 presentarse ante las autoridades.<\/p>\n<p>&nbsp;<\/p>\n<p>La Fiscal\u00eda General de Justicia del Estado de Sonora (FGJES) mantiene una estrecha colaboraci\u00f3n con sus hom\u00f3logas a nivel nacional, a fin de garantizar que ning\u00fan probable responsable evada la acci\u00f3n de la justicia.<\/p>\n<p>Lo que se sabe del caso&nbsp; es que Paola y una prima acudieron&nbsp; a un centro nocturno en Mexicali y la primera&nbsp; se retir\u00f3 del siti\u00f3 en un taxi de aplicaci\u00f3n alrededor de las 3:00 AM y no se supo m\u00e1s de ella.<\/p>\n<p>El 8 de julio se encontr\u00f3 un cuerpo con&nbsp; sus caracter\u00edsticas, despu\u00e9s se localiz\u00f3 el auto que abord\u00f3 un Versa negro, abandonado en un domicilio de un fraccionamiento.<\/p>\n<p><strong>Fecha de publicaci\u00f3n s\u00e1bado 13 de&nbsp; julio&nbsp; de 2024<\/strong><\/p>\n","protected":false},"excerpt":{"rendered":"<p>HERMOSILLO, SONORA, MX. \u2014 Autoridades de la Fiscal\u00eda General de Justicia del Estado de Sonora&#8230;<\/p>\n","protected":false},"author":1,"featured_media":194430,"comment_status":"open","ping_status":"open","sticky":false,"template":"","format":"standard","meta":{"_monsterinsights_skip_tracking":false,"_monsterinsights_sitenote_active":false,"_monsterinsights_sitenote_note":"","_monsterinsights_sitenote_category":0,"footnotes":""},"categories":[3144],"tags":[9978],"class_list":["post"],"yoast_head":" \n<title>Sonora en Equipo. Entrega FGJES a Sergio Daniel \u201cN\u201d a autoridades de Baja California acusado del feminicidio de Paola Ba\u00f1uelos Polic\u00edaca<\/title>\n<meta name=\"description\" content=\"HERMOSILLO, SONORA, MX. \u2014 Autoridades de la Fiscal\u00eda General de Justicia del Estado de Sonora (FGJES) y la Agencia Ministerial de Investigaci\u00f3n Criminal En Sonora en Equipo publicamos toda la informaci\u00f3n de Sonora, M\u00e9xico y el Mundo de manera oportuna y busca que la libertad de expresi\u00f3n sea real. Visita nuestro medio informativo publicado desde Hermosillo, Sonora. %\" \/>\n<meta name=\"robots\" content=\"index, follow, max-snippet:-1, max-image-preview:large, max-video-preview:-1\" \/>\n<link rel=\"canonical\" href=\"https:\/\/www.sonoraenequipo.com.mx\/entrega-fgjes-a-sergio-daniel-n-a-autoridades-de-baja-california-sur-acusado-del-feminicidio-de-paola-banuelos\/\" \/>\n<meta property=\"og:locale\" content=\"es_ES\" \/>\n<meta property=\"og:type\" content=\"article\" \/>\n<meta property=\"og:title\" content=\"Sonora en Equipo. Entrega FGJES a Sergio Daniel \u201cN\u201d a autoridades de Baja California acusado del feminicidio de Paola Ba\u00f1uelos Polic\u00edaca\" \/>\n<meta property=\"og:description\" content=\"HERMOSILLO, SONORA, MX. \u2014 Autoridades de la Fiscal\u00eda General de Justicia del Estado de Sonora (FGJES) y la Agencia Ministerial de Investigaci\u00f3n Criminal En Sonora en Equipo publicamos toda la informaci\u00f3n de Sonora, M\u00e9xico y el Mundo de manera oportuna y busca que la libertad de expresi\u00f3n sea real. Visita nuestro medio informativo publicado desde Hermosillo, Sonora. %\" \/>\n<meta property=\"og:url\" content=\"https:\/\/www.sonoraenequipo.com.mx\/entrega-fgjes-a-sergio-daniel-n-a-autoridades-de-baja-california-sur-acusado-del-feminicidio-de-paola-banuelos\/\" \/>\n<meta property=\"og:site_name\" content=\"Sonora en Equipo.\" \/>\n<meta property=\"article:publisher\" content=\"https:\/\/www.facebook.com\/SonoraEE\/\" \/>\n<meta property=\"article:author\" content=\"https:\/\/www.facebook.com\/SonoraEE\" \/>\n<meta property=\"article:published_time\" content=\"2024-07-13T18:35:22+00:00\" \/>\n<meta property=\"article:modified_time\" content=\"2024-07-13T19:47:11+00:00\" \/>\n<meta property=\"og:image\" content=\"https:\/\/www.sonoraenequipo.com.mx\/storage\/2024\/07\/feminicida-bcs.jpg\" \/>\n\t<meta property=\"og:image:width\" content=\"500\" \/>\n\t<meta property=\"og:image:height\" content=\"315\" \/>\n\t<meta property=\"og:image:type\" content=\"image\/jpeg\" \/>\n<meta name=\"author\" content=\"enequipo\" \/>\n<meta name=\"twitter:card\" content=\"summary_large_image\" \/>\n<meta name=\"twitter:creator\" content=\"@sonoraenequipo\" \/>\n<meta name=\"twitter:site\" content=\"@sonoraenequipo\" \/>\n<meta name=\"twitter:label1\" content=\"Escrito por\" \/>\n\t<meta name=\"twitter:data1\" content=\"enequipo\" \/>\n\t<meta name=\"twitter:label2\" content=\"Tiempo de lectura\" \/>\n\t<meta name=\"twitter:data2\" content=\"1 minuto\" \/>\n<script type=\"application\/ld+json\" class=\"yoast-schema-graph\">{\"@context\":\"https:\/\/schema.org\",\"@graph\":[{\"@type\":\"Article\",\"@id\":\"https:\/\/www.sonoraenequipo.com.mx\/entrega-fgjes-a-sergio-daniel-n-a-autoridades-de-baja-california-sur-acusado-del-feminicidio-de-paola-banuelos\/#article\",\"isPartOf\":{\"@id\":\"https:\/\/www.sonoraenequipo.com.mx\/entrega-fgjes-a-sergio-daniel-n-a-autoridades-de-baja-california-sur-acusado-del-feminicidio-de-paola-banuelos\/\"},\"author\":{\"name\":\"enequipo\",\"@id\":\"https:\/\/www.sonoraenequipo.com.mx\/#\/schema\/person\/50102df0fb23a8fa9e8effad8fa81386\"},\"headline\":\"Entrega FGJES a Sergio Daniel \u201cN\u201d a autoridades de Baja California acusado del feminicidio de Paola Ba\u00f1uelos\",\"datePublished\":\"2024-07-13T18:35:22+00:00\",\"dateModified\":\"2024-07-13T19:47:11+00:00\",\"mainEntityOfPage\":{\"@id\":\"https:\/\/www.sonoraenequipo.com.mx\/entrega-fgjes-a-sergio-daniel-n-a-autoridades-de-baja-california-sur-acusado-del-feminicidio-de-paola-banuelos\/\"},\"wordCount\":294,\"commentCount\":0,\"publisher\":{\"@id\":\"https:\/\/www.sonoraenequipo.com.mx\/#organization\"},\"image\":{\"@id\":\"https:\/\/www.sonoraenequipo.com.mx\/entrega-fgjes-a-sergio-daniel-n-a-autoridades-de-baja-california-sur-acusado-del-feminicidio-de-paola-banuelos\/#primaryimage\"},\"thumbnailUrl\":\"https:\/\/www.sonoraenequipo.com.mx\/storage\/2024\/07\/feminicida-bcs.jpg\",\"keywords\":[\"paola\"],\"articleSection\":[\"Polic\u00edaca\"],\"inLanguage\":\"es\",\"potentialAction\":[{\"@type\":\"CommentAction\",\"name\":\"Comment\",\"target\":[\"https:\/\/www.sonoraenequipo.com.mx\/entrega-fgjes-a-sergio-daniel-n-a-autoridades-de-baja-california-sur-acusado-del-feminicidio-de-paola-banuelos\/#respond\"]}]},{\"@type\":\"WebPage\",\"@id\":\"https:\/\/www.sonoraenequipo.com.mx\/entrega-fgjes-a-sergio-daniel-n-a-autoridades-de-baja-california-sur-acusado-del-feminicidio-de-paola-banuelos\/\",\"url\":\"https:\/\/www.sonoraenequipo.com.mx\/entrega-fgjes-a-sergio-daniel-n-a-autoridades-de-baja-california-sur-acusado-del-feminicidio-de-paola-banuelos\/\",\"name\":\"Sonora en Equipo. Entrega FGJES a Sergio Daniel \u201cN\u201d a autoridades de Baja California acusado del feminicidio de Paola Ba\u00f1uelos Polic\u00edaca\",\"isPartOf\":{\"@id\":\"https:\/\/www.sonoraenequipo.com.mx\/#website\"},\"primaryImageOfPage\":{\"@id\":\"https:\/\/www.sonoraenequipo.com.mx\/entrega-fgjes-a-sergio-daniel-n-a-autoridades-de-baja-california-sur-acusado-del-feminicidio-de-paola-banuelos\/#primaryimage\"},\"image\":{\"@id\":\"https:\/\/www.sonoraenequipo.com.mx\/entrega-fgjes-a-sergio-daniel-n-a-autoridades-de-baja-california-sur-acusado-del-feminicidio-de-paola-banuelos\/#primaryimage\"},\"thumbnailUrl\":\"https:\/\/www.sonoraenequipo.com.mx\/storage\/2024\/07\/feminicida-bcs.jpg\",\"datePublished\":\"2024-07-13T18:35:22+00:00\",\"dateModified\":\"2024-07-13T19:47:11+00:00\",\"description\":\"HERMOSILLO, SONORA, MX. \u2014 Autoridades de la Fiscal\u00eda General de Justicia del Estado de Sonora (FGJES) y la Agencia Ministerial de Investigaci\u00f3n Criminal En Sonora en Equipo publicamos toda la informaci\u00f3n de Sonora, M\u00e9xico y el Mundo de manera oportuna y busca que la libertad de expresi\u00f3n sea real. Visita nuestro medio informativo publicado desde Hermosillo, Sonora. %\",\"breadcrumb\":{\"@id\":\"https:\/\/www.sonoraenequipo.com.mx\/entrega-fgjes-a-sergio-daniel-n-a-autoridades-de-baja-california-sur-acusado-del-feminicidio-de-paola-banuelos\/#breadcrumb\"},\"inLanguage\":\"es\",\"potentialAction\":[{\"@type\":\"ReadAction\",\"target\":[\"https:\/\/www.sonoraenequipo.com.mx\/entrega-fgjes-a-sergio-daniel-n-a-autoridades-de-baja-california-sur-acusado-del-feminicidio-de-paola-banuelos\/\"]}]},{\"@type\":\"ImageObject\",\"inLanguage\":\"es\",\"@id\":\"https:\/\/www.sonoraenequipo.com.mx\/entrega-fgjes-a-sergio-daniel-n-a-autoridades-de-baja-california-sur-acusado-del-feminicidio-de-paola-banuelos\/#primaryimage\",\"url\":\"https:\/\/www.sonoraenequipo.com.mx\/storage\/2024\/07\/feminicida-bcs.jpg\",\"contentUrl\":\"https:\/\/www.sonoraenequipo.com.mx\/storage\/2024\/07\/feminicida-bcs.jpg\",\"width\":500,\"height\":315},{\"@type\":\"BreadcrumbList\",\"@id\":\"https:\/\/www.sonoraenequipo.com.mx\/entrega-fgjes-a-sergio-daniel-n-a-autoridades-de-baja-california-sur-acusado-del-feminicidio-de-paola-banuelos\/#breadcrumb\",\"itemListElement\":[{\"@type\":\"ListItem\",\"position\":1,\"name\":\"Portada\",\"item\":\"https:\/\/www.sonoraenequipo.com.mx\/\"},{\"@type\":\"ListItem\",\"position\":2,\"name\":\"Entrega FGJES a Sergio Daniel \u201cN\u201d a autoridades de Baja California acusado del feminicidio de Paola Ba\u00f1uelos\"}]},{\"@type\":\"WebSite\",\"@id\":\"https:\/\/www.sonoraenequipo.com.mx\/#website\",\"url\":\"https:\/\/www.sonoraenequipo.com.mx\/\",\"name\":\"Sonora en Equipo.\",\"description\":\"Diario en l\u00ednea con Noticias desde Hermosillo, Sonora\",\"publisher\":{\"@id\":\"https:\/\/www.sonoraenequipo.com.mx\/#organization\"},\"potentialAction\":[{\"@type\":\"SearchAction\",\"target\":{\"@type\":\"EntryPoint\",\"urlTemplate\":\"https:\/\/www.sonoraenequipo.com.mx\/?s={search_term_string}\"},\"query-input\":{\"@type\":\"PropertyValueSpecification\",\"valueRequired\":true,\"valueName\":\"search_term_string\"}}],\"inLanguage\":\"es\"},{\"@type\":\"Organization\",\"@id\":\"https:\/\/www.sonoraenequipo.com.mx\/#organization\",\"name\":\"Sonoraenequipo.com.mx\",\"url\":\"https:\/\/www.sonoraenequipo.com.mx\/\",\"logo\":{\"@type\":\"ImageObject\",\"inLanguage\":\"es\",\"@id\":\"https:\/\/www.sonoraenequipo.com.mx\/#\/schema\/logo\/image\/\",\"url\":\"https:\/\/www.sonoraenequipo.com.mx\/storage\/2019\/01\/sonoraenequipo_opt.png\",\"contentUrl\":\"https:\/\/www.sonoraenequipo.com.mx\/storage\/2019\/01\/sonoraenequipo_opt.png\",\"width\":375,\"height\":125,\"caption\":\"Sonoraenequipo.com.mx\"},\"image\":{\"@id\":\"https:\/\/www.sonoraenequipo.com.mx\/#\/schema\/logo\/image\/\"},\"sameAs\":[\"https:\/\/www.facebook.com\/SonoraEE\/\",\"https:\/\/x.com\/sonoraenequipo\",\"https:\/\/www.youtube.com\/channel\/UC338nW-lPEYmJQs4ZABQ1SQ\"]},{\"@type\":\"Person\",\"@id\":\"https:\/\/www.sonoraenequipo.com.mx\/#\/schema\/person\/50102df0fb23a8fa9e8effad8fa81386\",\"name\":\"enequipo\",\"image\":{\"@type\":\"ImageObject\",\"inLanguage\":\"es\",\"@id\":\"https:\/\/www.sonoraenequipo.com.mx\/#\/schema\/person\/image\/\",\"url\":\"https:\/\/secure.gravatar.com\/avatar\/049821681b589dabc0bc20695993ccebb09f5b5d4d790cd9251b97faac7c652b?s=96&d=blank&r=g\",\"contentUrl\":\"https:\/\/secure.gravatar.com\/avatar\/049821681b589dabc0bc20695993ccebb09f5b5d4d790cd9251b97faac7c652b?s=96&d=blank&r=g\",\"caption\":\"enequipo\"},\"sameAs\":[\"https:\/\/www.facebook.com\/SonoraEE\"]}]}<\/script>\n ","yoast_head_json":{"title":"Sonora en Equipo. Entrega FGJES a Sergio Daniel \u201cN\u201d a autoridades de Baja California acusado del feminicidio de Paola Ba\u00f1uelos Polic\u00edaca","description":"HERMOSILLO, SONORA, MX. \u2014 Autoridades de la Fiscal\u00eda General de Justicia del Estado de Sonora (FGJES) y la Agencia Ministerial de Investigaci\u00f3n Criminal En Sonora en Equipo publicamos toda la informaci\u00f3n de Sonora, M\u00e9xico y el Mundo de manera oportuna y busca que la libertad de expresi\u00f3n sea real. Visita nuestro medio informativo publicado desde Hermosillo, Sonora. %","robots":{"index":"index","follow":"follow","max-snippet":"max-snippet:-1","max-image-preview":"max-image-preview:large","max-video-preview":"max-video-preview:-1"},"canonical":"https:\/\/www.sonoraenequipo.com.mx\/entrega-fgjes-a-sergio-daniel-n-a-autoridades-de-baja-california-sur-acusado-del-feminicidio-de-paola-banuelos\/","og_locale":"es_ES","og_type":"article","og_title":"Sonora en Equipo. Entrega FGJES a Sergio Daniel \u201cN\u201d a autoridades de Baja California acusado del feminicidio de Paola Ba\u00f1uelos Polic\u00edaca","og_description":"HERMOSILLO, SONORA, MX. \u2014 Autoridades de la Fiscal\u00eda General de Justicia del Estado de Sonora (FGJES) y la Agencia Ministerial de Investigaci\u00f3n Criminal En Sonora en Equipo publicamos toda la informaci\u00f3n de Sonora, M\u00e9xico y el Mundo de manera oportuna y busca que la libertad de expresi\u00f3n sea real. Visita nuestro medio informativo publicado desde Hermosillo, Sonora. %","og_url":"https:\/\/www.sonoraenequipo.com.mx\/entrega-fgjes-a-sergio-daniel-n-a-autoridades-de-baja-california-sur-acusado-del-feminicidio-de-paola-banuelos\/","og_site_name":"Sonora en Equipo.","article_publisher":"https:\/\/www.facebook.com\/SonoraEE\/","article_author":"https:\/\/www.facebook.com\/SonoraEE","article_published_time":"2024-07-13T18:35:22+00:00","article_modified_time":"2024-07-13T19:47:11+00:00","og_image":[{"width":500,"height":315,"url":"https:\/\/www.sonoraenequipo.com.mx\/storage\/2024\/07\/feminicida-bcs.jpg","type":"image\/jpeg"}],"author":"enequipo","twitter_card":"summary_large_image","twitter_creator":"@sonoraenequipo","twitter_site":"@sonoraenequipo","twitter_misc":{"Escrito por":"enequipo","Tiempo de lectura":"1 minuto"},"schema":{"@context":"https:\/\/schema.org","@graph":[{"@type":"Article","@id":"https:\/\/www.sonoraenequipo.com.mx\/entrega-fgjes-a-sergio-daniel-n-a-autoridades-de-baja-california-sur-acusado-del-feminicidio-de-paola-banuelos\/#article","isPartOf":{"@id":"https:\/\/www.sonoraenequipo.com.mx\/entrega-fgjes-a-sergio-daniel-n-a-autoridades-de-baja-california-sur-acusado-del-feminicidio-de-paola-banuelos\/"},"author":{"name":"enequipo","@id":"https:\/\/www.sonoraenequipo.com.mx\/#\/schema\/person\/50102df0fb23a8fa9e8effad8fa81386"},"headline":"Entrega FGJES a Sergio Daniel \u201cN\u201d a autoridades de Baja California acusado del feminicidio de Paola Ba\u00f1uelos","datePublished":"2024-07-13T18:35:22+00:00","dateModified":"2024-07-13T19:47:11+00:00","mainEntityOfPage":{"@id":"https:\/\/www.sonoraenequipo.com.mx\/entrega-fgjes-a-sergio-daniel-n-a-autoridades-de-baja-california-sur-acusado-del-feminicidio-de-paola-banuelos\/"},"wordCount":294,"commentCount":0,"publisher":{"@id":"https:\/\/www.sonoraenequipo.com.mx\/#organization"},"image":{"@id":"https:\/\/www.sonoraenequipo.com.mx\/entrega-fgjes-a-sergio-daniel-n-a-autoridades-de-baja-california-sur-acusado-del-feminicidio-de-paola-banuelos\/#primaryimage"},"thumbnailUrl":"https:\/\/www.sonoraenequipo.com.mx\/storage\/2024\/07\/feminicida-bcs.jpg","keywords":["paola"],"articleSection":["Polic\u00edaca"],"inLanguage":"es","potentialAction":[{"@type":"CommentAction","name":"Comment","target":["https:\/\/www.sonoraenequipo.com.mx\/entrega-fgjes-a-sergio-daniel-n-a-autoridades-de-baja-california-sur-acusado-del-feminicidio-de-paola-banuelos\/#respond"]}]},{"@type":"WebPage","@id":"https:\/\/www.sonoraenequipo.com.mx\/entrega-fgjes-a-sergio-daniel-n-a-autoridades-de-baja-california-sur-acusado-del-feminicidio-de-paola-banuelos\/","url":"https:\/\/www.sonoraenequipo.com.mx\/entrega-fgjes-a-sergio-daniel-n-a-autoridades-de-baja-california-sur-acusado-del-feminicidio-de-paola-banuelos\/","name":"Sonora en Equipo. Entrega FGJES a Sergio Daniel \u201cN\u201d a autoridades de Baja California acusado del feminicidio de Paola Ba\u00f1uelos Polic\u00edaca","isPartOf":{"@id":"https:\/\/www.sonoraenequipo.com.mx\/#website"},"primaryImageOfPage":{"@id":"https:\/\/www.sonoraenequipo.com.mx\/entrega-fgjes-a-sergio-daniel-n-a-autoridades-de-baja-california-sur-acusado-del-feminicidio-de-paola-banuelos\/#primaryimage"},"image":{"@id":"https:\/\/www.sonoraenequipo.com.mx\/entrega-fgjes-a-sergio-daniel-n-a-autoridades-de-baja-california-sur-acusado-del-feminicidio-de-paola-banuelos\/#primaryimage"},"thumbnailUrl":"https:\/\/www.sonoraenequipo.com.mx\/storage\/2024\/07\/feminicida-bcs.jpg","datePublished":"2024-07-13T18:35:22+00:00","dateModified":"2024-07-13T19:47:11+00:00","description":"HERMOSILLO, SONORA, MX. \u2014 Autoridades de la Fiscal\u00eda General de Justicia del Estado de Sonora (FGJES) y la Agencia Ministerial de Investigaci\u00f3n Criminal En Sonora en Equipo publicamos toda la informaci\u00f3n de Sonora, M\u00e9xico y el Mundo de manera oportuna y busca que la libertad de expresi\u00f3n sea real. Visita nuestro medio informativo publicado desde Hermosillo, Sonora. %","breadcrumb":{"@id":"https:\/\/www.sonoraenequipo.com.mx\/entrega-fgjes-a-sergio-daniel-n-a-autoridades-de-baja-california-sur-acusado-del-feminicidio-de-paola-banuelos\/#breadcrumb"},"inLanguage":"es","potentialAction":[{"@type":"ReadAction","target":["https:\/\/www.sonoraenequipo.com.mx\/entrega-fgjes-a-sergio-daniel-n-a-autoridades-de-baja-california-sur-acusado-del-feminicidio-de-paola-banuelos\/"]}]},{"@type":"ImageObject","inLanguage":"es","@id":"https:\/\/www.sonoraenequipo.com.mx\/entrega-fgjes-a-sergio-daniel-n-a-autoridades-de-baja-california-sur-acusado-del-feminicidio-de-paola-banuelos\/#primaryimage","url":"https:\/\/www.sonoraenequipo.com.mx\/storage\/2024\/07\/feminicida-bcs.jpg","contentUrl":"https:\/\/www.sonoraenequipo.com.mx\/storage\/2024\/07\/feminicida-bcs.jpg","width":500,"height":315},{"@type":"BreadcrumbList","@id":"https:\/\/www.sonoraenequipo.com.mx\/entrega-fgjes-a-sergio-daniel-n-a-autoridades-de-baja-california-sur-acusado-del-feminicidio-de-paola-banuelos\/#breadcrumb","itemListElement":[{"@type":"ListItem","position":1,"name":"Portada","item":"https:\/\/www.sonoraenequipo.com.mx\/"},{"@type":"ListItem","position":2,"name":"Entrega FGJES a Sergio Daniel \u201cN\u201d a autoridades de Baja California acusado del feminicidio de Paola Ba\u00f1uelos"}]},{"@type":"WebSite","@id":"https:\/\/www.sonoraenequipo.com.mx\/#website","url":"https:\/\/www.sonoraenequipo.com.mx\/","name":"Sonora en Equipo.","description":"Diario en l\u00ednea con Noticias desde Hermosillo, Sonora","publisher":{"@id":"https:\/\/www.sonoraenequipo.com.mx\/#organization"},"potentialAction":[{"@type":"SearchAction","target":{"@type":"EntryPoint","urlTemplate":"https:\/\/www.sonoraenequipo.com.mx\/?s={search_term_string}"},"query-input":{"@type":"PropertyValueSpecification","valueRequired":true,"valueName":"search_term_string"}}],"inLanguage":"es"},{"@type":"Organization","@id":"https:\/\/www.sonoraenequipo.com.mx\/#organization","name":"Sonoraenequipo.com.mx","url":"https:\/\/www.sonoraenequipo.com.mx\/","logo":{"@type":"ImageObject","inLanguage":"es","@id":"https:\/\/www.sonoraenequipo.com.mx\/#\/schema\/logo\/image\/","url":"https:\/\/www.sonoraenequipo.com.mx\/storage\/2019\/01\/sonoraenequipo_opt.png","contentUrl":"https:\/\/www.sonoraenequipo.com.mx\/storage\/2019\/01\/sonoraenequipo_opt.png","width":375,"height":125,"caption":"Sonoraenequipo.com.mx"},"image":{"@id":"https:\/\/www.sonoraenequipo.com.mx\/#\/schema\/logo\/image\/"},"sameAs":["https:\/\/www.facebook.com\/SonoraEE\/","https:\/\/x.com\/sonoraenequipo","https:\/\/www.youtube.com\/channel\/UC338nW-lPEYmJQs4ZABQ1SQ"]},{"@type":"Person","@id":"https:\/\/www.sonoraenequipo.com.mx\/#\/schema\/person\/50102df0fb23a8fa9e8effad8fa81386","name":"enequipo","image":{"@type":"ImageObject","inLanguage":"es","@id":"https:\/\/www.sonoraenequipo.com.mx\/#\/schema\/person\/image\/","url":"https:\/\/secure.gravatar.com\/avatar\/049821681b589dabc0bc20695993ccebb09f5b5d4d790cd9251b97faac7c652b?s=96&d=blank&r=g","contentUrl":"https:\/\/secure.gravatar.com\/avatar\/049821681b589dabc0bc20695993ccebb09f5b5d4d790cd9251b97faac7c652b?s=96&d=blank&r=g","caption":"enequipo"},"sameAs":["https:\/\/www.facebook.com\/SonoraEE"]}]}},"jetpack_featured_media_url":"https:\/\/www.sonoraenequipo.com.mx\/storage\/2024\/07\/feminicida-bcs.jpg","_links":{"self":[{"href":"https:\/\/www.sonoraenequipo.com.mx\/api\/wp\/v2\/posts\/194429","targetHints":{"allow":["GET"]}}],"collection":[{"href":"https:\/\/www.sonoraenequipo.com.mx\/api\/wp\/v2\/posts"}],"about":[{"href":"https:\/\/www.sonoraenequipo.com.mx\/api\/wp\/v2\/types\/post"}],"author":[{"embeddable":true,"href":"https:\/\/www.sonoraenequipo.com.mx\/api\/wp\/v2\/users\/1"}],"replies":[{"embeddable":true,"href":"https:\/\/www.sonoraenequipo.com.mx\/api\/wp\/v2\/comments?post=194429"}],"version-history":[{"count":2,"href":"https:\/\/www.sonoraenequipo.com.mx\/api\/wp\/v2\/posts\/194429\/revisions"}],"predecessor-version":[{"id":194434,"href":"https:\/\/www.sonoraenequipo.com.mx\/api\/wp\/v2\/posts\/194429\/revisions\/194434"}],"wp:featuredmedia":[{"embeddable":true,"href":"https:\/\/www.sonoraenequipo.com.mx\/api\/wp\/v2\/media\/194430"}],"wp:attachment":[{"href":"https:\/\/www.sonoraenequipo.com.mx\/api\/wp\/v2\/media?parent=194429"}],"wp:term":[{"taxonomy":"category","embeddable":true,"href":"https:\/\/www.sonoraenequipo.com.mx\/api\/wp\/v2\/categories?post=194429"},{"taxonomy":"post_tag","embeddable":true,"href":"https:\/\/www.sonoraenequipo.com.mx\/api\/wp\/v2\/tags?post=194429"}],"curies":[{"name":"wp","href":"https:\/\/api.w.org\/{rel}","templated":true}]}}