{"id":194456,"date":"2024-07-13T09:56:00","date_gmt":"2024-07-13T16:56:00","guid":{"rendered":"https:\/\/www.sonoraenequipo.com.mx\/?p=194456"},"modified":"2024-07-13T17:38:45","modified_gmt":"2024-07-14T00:38:45","slug":"corea-del-norte-amenaza-con-aumentar-capacidad-nuclear-en-reaccion-a-directrices-de-eu-y-corea-del-sur","status":"publish","type":"post","link":"https:\/\/www.sonoraenequipo.com.mx\/corea-del-norte-amenaza-con-aumentar-capacidad-nuclear-en-reaccion-a-directrices-de-eu-y-corea-del-sur\/","title":{"rendered":"Corea del Norte amenaza con aumentar capacidad nuclear en reacci\u00f3n a directrices de EU y Corea del Sur"},"content":{"rendered":"<p><strong>SE\u00daL, CORA DEL SUR.<\/strong> \u2014 Corea del Norte amenaz\u00f3 el s\u00e1bado 13 de julio de 2024 con aumentar su capacidad de combate nuclear y hacer que Estados Unidos y Corea del Sur paguen \u201cun precio inimaginablemente duro\u201d, al tiempo que arremeti\u00f3 contra las nuevas directrices de defensa de sus rivales que, seg\u00fan dijo, revelan la intenci\u00f3n de invadir Corea del Norte.<\/p>\n<p>&nbsp;<\/p>\n<p> <\/p>\n<p>El jueves, el presidente estadounidense Joe Biden y su hom\u00f3logo surcoreano Yoon Suk Yeol autorizaron la firma de unas directrices conjuntas de disuasi\u00f3n nuclear como parte de los esfuerzos por mejorar sus capacidades para hacer frente al creciente arsenal nuclear de Corea del Norte.<\/p>\n<p>&nbsp;<\/p>\n<p>&nbsp;<\/p>\n<p>Las directrices se adoptaron un a\u00f1o despu\u00e9s de que ambos pa\u00edses establecieran un \u00f3rgano de consulta para reforzar el intercambio de informaci\u00f3n sobre operaciones nucleares y debatir c\u00f3mo integrar las armas nucleares estadounidenses y las armas convencionales surcoreanas en contingencias.<\/p>\n<p>&nbsp;<\/p>\n<p>&nbsp;<\/p>\n<p>En un comunicado difundido por los medios de comunicaci\u00f3n estatales, el Ministerio de Defensa norcoreano afirm\u00f3 que las directrices de Estados Unidos y Corea del Sur traicionaban \u201csu siniestra intenci\u00f3n de intensificar sus preparativos para una guerra nuclear contra\u201d Corea del Norte.<\/p>\n<p>&nbsp;<\/p>\n<p>&nbsp;<\/p>\n<p>&nbsp;<\/p>\n<p>El comunicado se\u00f1alaba que la escalada de amenazas nucleares de sus enemigos requiere urgentemente que Corea del Norte mejore a\u00fan m\u00e1s su preparaci\u00f3n de disuasi\u00f3n nuclear y a\u00f1ada \u201celementos importantes no especificados a la composici\u00f3n de la disuasi\u00f3n\u201d. A\u00f1adi\u00f3 que Estados Unidos y Corea del Sur \u201cpagar\u00e1n un precio inimaginablemente duro\u201d si no ponen fin a sus actos de provocaci\u00f3n.<\/p>\n<p>&nbsp;<\/p>\n<p>&nbsp;<\/p>\n<p>&nbsp;<\/p>\n<p>Los detalles de las directrices de Estados Unidos y Corea del Sur no estaban disponibles, pero los expertos se\u00f1alaron que son en gran parte acerca de c\u00f3mo los dos pa\u00edses integrar\u00edan las armas nucleares de Estados Unidos y las armas convencionales de Corea del Sur para responder a diversas contingencias potenciales causadas por los ataques y provocaciones de Corea del Norte. Seg\u00fan los expertos, se prev\u00e9 que Estados Unidos y Corea del Sur elaboren planes conceptuales y operativos detallados basados en las directrices y los revisen mediante ejercicios militares bilaterales.<\/p>\n<p>&nbsp;<\/p>\n<p>&nbsp;<\/p>\n<p>Las directrices son las primeras de este tipo entre los aliados. Estados Unidos ha prometido en repetidas ocasiones utilizar todas sus capacidades militares para proteger a Corea del Sur si es atacada por Corea del Norte, pero muchos expertos surcoreanos creen que los estadounidenses carecen de planes sobre c\u00f3mo aplicar\u00eda su disuasi\u00f3n ampliada a su aliado. Corea del Sur no tiene armas nucleares.<\/p>\n<p>&nbsp;<\/p>\n<p>&nbsp;<\/p>\n<p>&nbsp;<\/p>\n<p>Corea del Norte ha argumentado que se vio obligada a buscar armas nucleares para hacer frente a las amenazas nucleares de Estados Unidos. Las autoridades estadounidenses y surcoreanas han afirmado categ\u00f3ricamente que no tienen intenci\u00f3n de atacar a Corea del Norte.<\/p>\n<p>&nbsp;<\/p>\n<p>&nbsp;<\/p>\n<p>&nbsp;<\/p>\n<p>La preocupaci\u00f3n por el programa nuclear norcoreano ha aumentado en los \u00faltimos a\u00f1os, ya que Corea del Norte ha realizado una serie de provocadoras pruebas de misiles y ha amenazado abiertamente con utilizar armas nucleares de forma preventiva en posibles conflictos con sus adversarios.<\/p>\n<p>&nbsp;<\/p>\n<p>&nbsp;<\/p>\n<p>PUBLICADO EL 13 DE JULIO DE 2024 Con informaci\u00f3n de AP\/Redes sociales)<\/p>\n","protected":false},"excerpt":{"rendered":"<p>SE\u00daL, CORA DEL SUR. \u2014 Corea del Norte amenaz\u00f3 el s\u00e1bado 13 de julio de&#8230;<\/p>\n","protected":false},"author":1,"featured_media":194457,"comment_status":"open","ping_status":"open","sticky":false,"template":"","format":"standard","meta":{"_monsterinsights_skip_tracking":false,"_monsterinsights_sitenote_active":false,"_monsterinsights_sitenote_note":"","_monsterinsights_sitenote_category":0,"footnotes":""},"categories":[3],"tags":[],"class_list":["post"],"yoast_head":" \n<title>Sonora en Equipo. Corea del Norte amenaza con aumentar capacidad nuclear en reacci\u00f3n a directrices de EU y Corea del Sur MUNDO<\/title>\n<meta name=\"description\" content=\"SE\u00daL, CORA DEL SUR. \u2014 Corea del Norte amenaz\u00f3 el s\u00e1bado 13 de julio de 2024 con aumentar su capacidad de combate nuclear y hacer que Estados Unidos y En Sonora en Equipo publicamos toda la informaci\u00f3n de Sonora, M\u00e9xico y el Mundo de manera oportuna y busca que la libertad de expresi\u00f3n sea real. Visita nuestro medio informativo publicado desde Hermosillo, Sonora. %\" \/>\n<meta name=\"robots\" content=\"index, follow, max-snippet:-1, max-image-preview:large, max-video-preview:-1\" \/>\n<link rel=\"canonical\" href=\"https:\/\/www.sonoraenequipo.com.mx\/corea-del-norte-amenaza-con-aumentar-capacidad-nuclear-en-reaccion-a-directrices-de-eu-y-corea-del-sur\/\" \/>\n<meta property=\"og:locale\" content=\"es_ES\" \/>\n<meta property=\"og:type\" content=\"article\" \/>\n<meta property=\"og:title\" content=\"Sonora en Equipo. Corea del Norte amenaza con aumentar capacidad nuclear en reacci\u00f3n a directrices de EU y Corea del Sur MUNDO\" \/>\n<meta property=\"og:description\" content=\"SE\u00daL, CORA DEL SUR. \u2014 Corea del Norte amenaz\u00f3 el s\u00e1bado 13 de julio de 2024 con aumentar su capacidad de combate nuclear y hacer que Estados Unidos y En Sonora en Equipo publicamos toda la informaci\u00f3n de Sonora, M\u00e9xico y el Mundo de manera oportuna y busca que la libertad de expresi\u00f3n sea real. Visita nuestro medio informativo publicado desde Hermosillo, Sonora. %\" \/>\n<meta property=\"og:url\" content=\"https:\/\/www.sonoraenequipo.com.mx\/corea-del-norte-amenaza-con-aumentar-capacidad-nuclear-en-reaccion-a-directrices-de-eu-y-corea-del-sur\/\" \/>\n<meta property=\"og:site_name\" content=\"Sonora en Equipo.\" \/>\n<meta property=\"article:publisher\" content=\"https:\/\/www.facebook.com\/SonoraEE\/\" \/>\n<meta property=\"article:author\" content=\"https:\/\/www.facebook.com\/SonoraEE\" \/>\n<meta property=\"article:published_time\" content=\"2024-07-13T16:56:00+00:00\" \/>\n<meta property=\"article:modified_time\" content=\"2024-07-14T00:38:45+00:00\" \/>\n<meta property=\"og:image\" content=\"https:\/\/www.sonoraenequipo.com.mx\/storage\/2024\/07\/Corea-del-Norte-amenaza-con-aumentar-capacidad-nuclear.jpg\" \/>\n\t<meta property=\"og:image:width\" content=\"768\" \/>\n\t<meta property=\"og:image:height\" content=\"576\" \/>\n\t<meta property=\"og:image:type\" content=\"image\/jpeg\" \/>\n<meta name=\"author\" content=\"enequipo\" \/>\n<meta name=\"twitter:card\" content=\"summary_large_image\" \/>\n<meta name=\"twitter:creator\" content=\"@sonoraenequipo\" \/>\n<meta name=\"twitter:site\" content=\"@sonoraenequipo\" \/>\n<meta name=\"twitter:label1\" content=\"Escrito por\" \/>\n\t<meta name=\"twitter:data1\" content=\"enequipo\" \/>\n\t<meta name=\"twitter:label2\" content=\"Tiempo de lectura\" \/>\n\t<meta name=\"twitter:data2\" content=\"3 minutos\" \/>\n<script type=\"application\/ld+json\" class=\"yoast-schema-graph\">{\"@context\":\"https:\/\/schema.org\",\"@graph\":[{\"@type\":\"Article\",\"@id\":\"https:\/\/www.sonoraenequipo.com.mx\/corea-del-norte-amenaza-con-aumentar-capacidad-nuclear-en-reaccion-a-directrices-de-eu-y-corea-del-sur\/#article\",\"isPartOf\":{\"@id\":\"https:\/\/www.sonoraenequipo.com.mx\/corea-del-norte-amenaza-con-aumentar-capacidad-nuclear-en-reaccion-a-directrices-de-eu-y-corea-del-sur\/\"},\"author\":{\"name\":\"enequipo\",\"@id\":\"https:\/\/www.sonoraenequipo.com.mx\/#\/schema\/person\/50102df0fb23a8fa9e8effad8fa81386\"},\"headline\":\"Corea del Norte amenaza con aumentar capacidad nuclear en reacci\u00f3n a directrices de EU y Corea del Sur\",\"datePublished\":\"2024-07-13T16:56:00+00:00\",\"dateModified\":\"2024-07-14T00:38:45+00:00\",\"mainEntityOfPage\":{\"@id\":\"https:\/\/www.sonoraenequipo.com.mx\/corea-del-norte-amenaza-con-aumentar-capacidad-nuclear-en-reaccion-a-directrices-de-eu-y-corea-del-sur\/\"},\"wordCount\":570,\"commentCount\":0,\"publisher\":{\"@id\":\"https:\/\/www.sonoraenequipo.com.mx\/#organization\"},\"image\":{\"@id\":\"https:\/\/www.sonoraenequipo.com.mx\/corea-del-norte-amenaza-con-aumentar-capacidad-nuclear-en-reaccion-a-directrices-de-eu-y-corea-del-sur\/#primaryimage\"},\"thumbnailUrl\":\"https:\/\/www.sonoraenequipo.com.mx\/storage\/2024\/07\/Corea-del-Norte-amenaza-con-aumentar-capacidad-nuclear.jpg\",\"articleSection\":[\"MUNDO\"],\"inLanguage\":\"es\",\"potentialAction\":[{\"@type\":\"CommentAction\",\"name\":\"Comment\",\"target\":[\"https:\/\/www.sonoraenequipo.com.mx\/corea-del-norte-amenaza-con-aumentar-capacidad-nuclear-en-reaccion-a-directrices-de-eu-y-corea-del-sur\/#respond\"]}]},{\"@type\":\"WebPage\",\"@id\":\"https:\/\/www.sonoraenequipo.com.mx\/corea-del-norte-amenaza-con-aumentar-capacidad-nuclear-en-reaccion-a-directrices-de-eu-y-corea-del-sur\/\",\"url\":\"https:\/\/www.sonoraenequipo.com.mx\/corea-del-norte-amenaza-con-aumentar-capacidad-nuclear-en-reaccion-a-directrices-de-eu-y-corea-del-sur\/\",\"name\":\"Sonora en Equipo. Corea del Norte amenaza con aumentar capacidad nuclear en reacci\u00f3n a directrices de EU y Corea del Sur MUNDO\",\"isPartOf\":{\"@id\":\"https:\/\/www.sonoraenequipo.com.mx\/#website\"},\"primaryImageOfPage\":{\"@id\":\"https:\/\/www.sonoraenequipo.com.mx\/corea-del-norte-amenaza-con-aumentar-capacidad-nuclear-en-reaccion-a-directrices-de-eu-y-corea-del-sur\/#primaryimage\"},\"image\":{\"@id\":\"https:\/\/www.sonoraenequipo.com.mx\/corea-del-norte-amenaza-con-aumentar-capacidad-nuclear-en-reaccion-a-directrices-de-eu-y-corea-del-sur\/#primaryimage\"},\"thumbnailUrl\":\"https:\/\/www.sonoraenequipo.com.mx\/storage\/2024\/07\/Corea-del-Norte-amenaza-con-aumentar-capacidad-nuclear.jpg\",\"datePublished\":\"2024-07-13T16:56:00+00:00\",\"dateModified\":\"2024-07-14T00:38:45+00:00\",\"description\":\"SE\u00daL, CORA DEL SUR. \u2014 Corea del Norte amenaz\u00f3 el s\u00e1bado 13 de julio de 2024 con aumentar su capacidad de combate nuclear y hacer que Estados Unidos y En Sonora en Equipo publicamos toda la informaci\u00f3n de Sonora, M\u00e9xico y el Mundo de manera oportuna y busca que la libertad de expresi\u00f3n sea real. Visita nuestro medio informativo publicado desde Hermosillo, Sonora. %\",\"breadcrumb\":{\"@id\":\"https:\/\/www.sonoraenequipo.com.mx\/corea-del-norte-amenaza-con-aumentar-capacidad-nuclear-en-reaccion-a-directrices-de-eu-y-corea-del-sur\/#breadcrumb\"},\"inLanguage\":\"es\",\"potentialAction\":[{\"@type\":\"ReadAction\",\"target\":[\"https:\/\/www.sonoraenequipo.com.mx\/corea-del-norte-amenaza-con-aumentar-capacidad-nuclear-en-reaccion-a-directrices-de-eu-y-corea-del-sur\/\"]}]},{\"@type\":\"ImageObject\",\"inLanguage\":\"es\",\"@id\":\"https:\/\/www.sonoraenequipo.com.mx\/corea-del-norte-amenaza-con-aumentar-capacidad-nuclear-en-reaccion-a-directrices-de-eu-y-corea-del-sur\/#primaryimage\",\"url\":\"https:\/\/www.sonoraenequipo.com.mx\/storage\/2024\/07\/Corea-del-Norte-amenaza-con-aumentar-capacidad-nuclear.jpg\",\"contentUrl\":\"https:\/\/www.sonoraenequipo.com.mx\/storage\/2024\/07\/Corea-del-Norte-amenaza-con-aumentar-capacidad-nuclear.jpg\",\"width\":768,\"height\":576},{\"@type\":\"BreadcrumbList\",\"@id\":\"https:\/\/www.sonoraenequipo.com.mx\/corea-del-norte-amenaza-con-aumentar-capacidad-nuclear-en-reaccion-a-directrices-de-eu-y-corea-del-sur\/#breadcrumb\",\"itemListElement\":[{\"@type\":\"ListItem\",\"position\":1,\"name\":\"Portada\",\"item\":\"https:\/\/www.sonoraenequipo.com.mx\/\"},{\"@type\":\"ListItem\",\"position\":2,\"name\":\"Corea del Norte amenaza con aumentar capacidad nuclear en reacci\u00f3n a directrices de EU y Corea del Sur\"}]},{\"@type\":\"WebSite\",\"@id\":\"https:\/\/www.sonoraenequipo.com.mx\/#website\",\"url\":\"https:\/\/www.sonoraenequipo.com.mx\/\",\"name\":\"Sonora en Equipo.\",\"description\":\"Diario en l\u00ednea con Noticias desde Hermosillo, Sonora\",\"publisher\":{\"@id\":\"https:\/\/www.sonoraenequipo.com.mx\/#organization\"},\"potentialAction\":[{\"@type\":\"SearchAction\",\"target\":{\"@type\":\"EntryPoint\",\"urlTemplate\":\"https:\/\/www.sonoraenequipo.com.mx\/?s={search_term_string}\"},\"query-input\":{\"@type\":\"PropertyValueSpecification\",\"valueRequired\":true,\"valueName\":\"search_term_string\"}}],\"inLanguage\":\"es\"},{\"@type\":\"Organization\",\"@id\":\"https:\/\/www.sonoraenequipo.com.mx\/#organization\",\"name\":\"Sonoraenequipo.com.mx\",\"url\":\"https:\/\/www.sonoraenequipo.com.mx\/\",\"logo\":{\"@type\":\"ImageObject\",\"inLanguage\":\"es\",\"@id\":\"https:\/\/www.sonoraenequipo.com.mx\/#\/schema\/logo\/image\/\",\"url\":\"https:\/\/www.sonoraenequipo.com.mx\/storage\/2019\/01\/sonoraenequipo_opt.png\",\"contentUrl\":\"https:\/\/www.sonoraenequipo.com.mx\/storage\/2019\/01\/sonoraenequipo_opt.png\",\"width\":375,\"height\":125,\"caption\":\"Sonoraenequipo.com.mx\"},\"image\":{\"@id\":\"https:\/\/www.sonoraenequipo.com.mx\/#\/schema\/logo\/image\/\"},\"sameAs\":[\"https:\/\/www.facebook.com\/SonoraEE\/\",\"https:\/\/x.com\/sonoraenequipo\",\"https:\/\/www.youtube.com\/channel\/UC338nW-lPEYmJQs4ZABQ1SQ\"]},{\"@type\":\"Person\",\"@id\":\"https:\/\/www.sonoraenequipo.com.mx\/#\/schema\/person\/50102df0fb23a8fa9e8effad8fa81386\",\"name\":\"enequipo\",\"image\":{\"@type\":\"ImageObject\",\"inLanguage\":\"es\",\"@id\":\"https:\/\/www.sonoraenequipo.com.mx\/#\/schema\/person\/image\/\",\"url\":\"https:\/\/secure.gravatar.com\/avatar\/049821681b589dabc0bc20695993ccebb09f5b5d4d790cd9251b97faac7c652b?s=96&d=blank&r=g\",\"contentUrl\":\"https:\/\/secure.gravatar.com\/avatar\/049821681b589dabc0bc20695993ccebb09f5b5d4d790cd9251b97faac7c652b?s=96&d=blank&r=g\",\"caption\":\"enequipo\"},\"sameAs\":[\"https:\/\/www.facebook.com\/SonoraEE\"]}]}<\/script>\n ","yoast_head_json":{"title":"Sonora en Equipo. Corea del Norte amenaza con aumentar capacidad nuclear en reacci\u00f3n a directrices de EU y Corea del Sur MUNDO","description":"SE\u00daL, CORA DEL SUR. \u2014 Corea del Norte amenaz\u00f3 el s\u00e1bado 13 de julio de 2024 con aumentar su capacidad de combate nuclear y hacer que Estados Unidos y En Sonora en Equipo publicamos toda la informaci\u00f3n de Sonora, M\u00e9xico y el Mundo de manera oportuna y busca que la libertad de expresi\u00f3n sea real. Visita nuestro medio informativo publicado desde Hermosillo, Sonora. %","robots":{"index":"index","follow":"follow","max-snippet":"max-snippet:-1","max-image-preview":"max-image-preview:large","max-video-preview":"max-video-preview:-1"},"canonical":"https:\/\/www.sonoraenequipo.com.mx\/corea-del-norte-amenaza-con-aumentar-capacidad-nuclear-en-reaccion-a-directrices-de-eu-y-corea-del-sur\/","og_locale":"es_ES","og_type":"article","og_title":"Sonora en Equipo. Corea del Norte amenaza con aumentar capacidad nuclear en reacci\u00f3n a directrices de EU y Corea del Sur MUNDO","og_description":"SE\u00daL, CORA DEL SUR. \u2014 Corea del Norte amenaz\u00f3 el s\u00e1bado 13 de julio de 2024 con aumentar su capacidad de combate nuclear y hacer que Estados Unidos y En Sonora en Equipo publicamos toda la informaci\u00f3n de Sonora, M\u00e9xico y el Mundo de manera oportuna y busca que la libertad de expresi\u00f3n sea real. Visita nuestro medio informativo publicado desde Hermosillo, Sonora. %","og_url":"https:\/\/www.sonoraenequipo.com.mx\/corea-del-norte-amenaza-con-aumentar-capacidad-nuclear-en-reaccion-a-directrices-de-eu-y-corea-del-sur\/","og_site_name":"Sonora en Equipo.","article_publisher":"https:\/\/www.facebook.com\/SonoraEE\/","article_author":"https:\/\/www.facebook.com\/SonoraEE","article_published_time":"2024-07-13T16:56:00+00:00","article_modified_time":"2024-07-14T00:38:45+00:00","og_image":[{"width":768,"height":576,"url":"https:\/\/www.sonoraenequipo.com.mx\/storage\/2024\/07\/Corea-del-Norte-amenaza-con-aumentar-capacidad-nuclear.jpg","type":"image\/jpeg"}],"author":"enequipo","twitter_card":"summary_large_image","twitter_creator":"@sonoraenequipo","twitter_site":"@sonoraenequipo","twitter_misc":{"Escrito por":"enequipo","Tiempo de lectura":"3 minutos"},"schema":{"@context":"https:\/\/schema.org","@graph":[{"@type":"Article","@id":"https:\/\/www.sonoraenequipo.com.mx\/corea-del-norte-amenaza-con-aumentar-capacidad-nuclear-en-reaccion-a-directrices-de-eu-y-corea-del-sur\/#article","isPartOf":{"@id":"https:\/\/www.sonoraenequipo.com.mx\/corea-del-norte-amenaza-con-aumentar-capacidad-nuclear-en-reaccion-a-directrices-de-eu-y-corea-del-sur\/"},"author":{"name":"enequipo","@id":"https:\/\/www.sonoraenequipo.com.mx\/#\/schema\/person\/50102df0fb23a8fa9e8effad8fa81386"},"headline":"Corea del Norte amenaza con aumentar capacidad nuclear en reacci\u00f3n a directrices de EU y Corea del Sur","datePublished":"2024-07-13T16:56:00+00:00","dateModified":"2024-07-14T00:38:45+00:00","mainEntityOfPage":{"@id":"https:\/\/www.sonoraenequipo.com.mx\/corea-del-norte-amenaza-con-aumentar-capacidad-nuclear-en-reaccion-a-directrices-de-eu-y-corea-del-sur\/"},"wordCount":570,"commentCount":0,"publisher":{"@id":"https:\/\/www.sonoraenequipo.com.mx\/#organization"},"image":{"@id":"https:\/\/www.sonoraenequipo.com.mx\/corea-del-norte-amenaza-con-aumentar-capacidad-nuclear-en-reaccion-a-directrices-de-eu-y-corea-del-sur\/#primaryimage"},"thumbnailUrl":"https:\/\/www.sonoraenequipo.com.mx\/storage\/2024\/07\/Corea-del-Norte-amenaza-con-aumentar-capacidad-nuclear.jpg","articleSection":["MUNDO"],"inLanguage":"es","potentialAction":[{"@type":"CommentAction","name":"Comment","target":["https:\/\/www.sonoraenequipo.com.mx\/corea-del-norte-amenaza-con-aumentar-capacidad-nuclear-en-reaccion-a-directrices-de-eu-y-corea-del-sur\/#respond"]}]},{"@type":"WebPage","@id":"https:\/\/www.sonoraenequipo.com.mx\/corea-del-norte-amenaza-con-aumentar-capacidad-nuclear-en-reaccion-a-directrices-de-eu-y-corea-del-sur\/","url":"https:\/\/www.sonoraenequipo.com.mx\/corea-del-norte-amenaza-con-aumentar-capacidad-nuclear-en-reaccion-a-directrices-de-eu-y-corea-del-sur\/","name":"Sonora en Equipo. Corea del Norte amenaza con aumentar capacidad nuclear en reacci\u00f3n a directrices de EU y Corea del Sur MUNDO","isPartOf":{"@id":"https:\/\/www.sonoraenequipo.com.mx\/#website"},"primaryImageOfPage":{"@id":"https:\/\/www.sonoraenequipo.com.mx\/corea-del-norte-amenaza-con-aumentar-capacidad-nuclear-en-reaccion-a-directrices-de-eu-y-corea-del-sur\/#primaryimage"},"image":{"@id":"https:\/\/www.sonoraenequipo.com.mx\/corea-del-norte-amenaza-con-aumentar-capacidad-nuclear-en-reaccion-a-directrices-de-eu-y-corea-del-sur\/#primaryimage"},"thumbnailUrl":"https:\/\/www.sonoraenequipo.com.mx\/storage\/2024\/07\/Corea-del-Norte-amenaza-con-aumentar-capacidad-nuclear.jpg","datePublished":"2024-07-13T16:56:00+00:00","dateModified":"2024-07-14T00:38:45+00:00","description":"SE\u00daL, CORA DEL SUR. \u2014 Corea del Norte amenaz\u00f3 el s\u00e1bado 13 de julio de 2024 con aumentar su capacidad de combate nuclear y hacer que Estados Unidos y En Sonora en Equipo publicamos toda la informaci\u00f3n de Sonora, M\u00e9xico y el Mundo de manera oportuna y busca que la libertad de expresi\u00f3n sea real. Visita nuestro medio informativo publicado desde Hermosillo, Sonora. %","breadcrumb":{"@id":"https:\/\/www.sonoraenequipo.com.mx\/corea-del-norte-amenaza-con-aumentar-capacidad-nuclear-en-reaccion-a-directrices-de-eu-y-corea-del-sur\/#breadcrumb"},"inLanguage":"es","potentialAction":[{"@type":"ReadAction","target":["https:\/\/www.sonoraenequipo.com.mx\/corea-del-norte-amenaza-con-aumentar-capacidad-nuclear-en-reaccion-a-directrices-de-eu-y-corea-del-sur\/"]}]},{"@type":"ImageObject","inLanguage":"es","@id":"https:\/\/www.sonoraenequipo.com.mx\/corea-del-norte-amenaza-con-aumentar-capacidad-nuclear-en-reaccion-a-directrices-de-eu-y-corea-del-sur\/#primaryimage","url":"https:\/\/www.sonoraenequipo.com.mx\/storage\/2024\/07\/Corea-del-Norte-amenaza-con-aumentar-capacidad-nuclear.jpg","contentUrl":"https:\/\/www.sonoraenequipo.com.mx\/storage\/2024\/07\/Corea-del-Norte-amenaza-con-aumentar-capacidad-nuclear.jpg","width":768,"height":576},{"@type":"BreadcrumbList","@id":"https:\/\/www.sonoraenequipo.com.mx\/corea-del-norte-amenaza-con-aumentar-capacidad-nuclear-en-reaccion-a-directrices-de-eu-y-corea-del-sur\/#breadcrumb","itemListElement":[{"@type":"ListItem","position":1,"name":"Portada","item":"https:\/\/www.sonoraenequipo.com.mx\/"},{"@type":"ListItem","position":2,"name":"Corea del Norte amenaza con aumentar capacidad nuclear en reacci\u00f3n a directrices de EU y Corea del Sur"}]},{"@type":"WebSite","@id":"https:\/\/www.sonoraenequipo.com.mx\/#website","url":"https:\/\/www.sonoraenequipo.com.mx\/","name":"Sonora en Equipo.","description":"Diario en l\u00ednea con Noticias desde Hermosillo, Sonora","publisher":{"@id":"https:\/\/www.sonoraenequipo.com.mx\/#organization"},"potentialAction":[{"@type":"SearchAction","target":{"@type":"EntryPoint","urlTemplate":"https:\/\/www.sonoraenequipo.com.mx\/?s={search_term_string}"},"query-input":{"@type":"PropertyValueSpecification","valueRequired":true,"valueName":"search_term_string"}}],"inLanguage":"es"},{"@type":"Organization","@id":"https:\/\/www.sonoraenequipo.com.mx\/#organization","name":"Sonoraenequipo.com.mx","url":"https:\/\/www.sonoraenequipo.com.mx\/","logo":{"@type":"ImageObject","inLanguage":"es","@id":"https:\/\/www.sonoraenequipo.com.mx\/#\/schema\/logo\/image\/","url":"https:\/\/www.sonoraenequipo.com.mx\/storage\/2019\/01\/sonoraenequipo_opt.png","contentUrl":"https:\/\/www.sonoraenequipo.com.mx\/storage\/2019\/01\/sonoraenequipo_opt.png","width":375,"height":125,"caption":"Sonoraenequipo.com.mx"},"image":{"@id":"https:\/\/www.sonoraenequipo.com.mx\/#\/schema\/logo\/image\/"},"sameAs":["https:\/\/www.facebook.com\/SonoraEE\/","https:\/\/x.com\/sonoraenequipo","https:\/\/www.youtube.com\/channel\/UC338nW-lPEYmJQs4ZABQ1SQ"]},{"@type":"Person","@id":"https:\/\/www.sonoraenequipo.com.mx\/#\/schema\/person\/50102df0fb23a8fa9e8effad8fa81386","name":"enequipo","image":{"@type":"ImageObject","inLanguage":"es","@id":"https:\/\/www.sonoraenequipo.com.mx\/#\/schema\/person\/image\/","url":"https:\/\/secure.gravatar.com\/avatar\/049821681b589dabc0bc20695993ccebb09f5b5d4d790cd9251b97faac7c652b?s=96&d=blank&r=g","contentUrl":"https:\/\/secure.gravatar.com\/avatar\/049821681b589dabc0bc20695993ccebb09f5b5d4d790cd9251b97faac7c652b?s=96&d=blank&r=g","caption":"enequipo"},"sameAs":["https:\/\/www.facebook.com\/SonoraEE"]}]}},"jetpack_featured_media_url":"https:\/\/www.sonoraenequipo.com.mx\/storage\/2024\/07\/Corea-del-Norte-amenaza-con-aumentar-capacidad-nuclear.jpg","_links":{"self":[{"href":"https:\/\/www.sonoraenequipo.com.mx\/api\/wp\/v2\/posts\/194456","targetHints":{"allow":["GET"]}}],"collection":[{"href":"https:\/\/www.sonoraenequipo.com.mx\/api\/wp\/v2\/posts"}],"about":[{"href":"https:\/\/www.sonoraenequipo.com.mx\/api\/wp\/v2\/types\/post"}],"author":[{"embeddable":true,"href":"https:\/\/www.sonoraenequipo.com.mx\/api\/wp\/v2\/users\/1"}],"replies":[{"embeddable":true,"href":"https:\/\/www.sonoraenequipo.com.mx\/api\/wp\/v2\/comments?post=194456"}],"version-history":[{"count":1,"href":"https:\/\/www.sonoraenequipo.com.mx\/api\/wp\/v2\/posts\/194456\/revisions"}],"predecessor-version":[{"id":194458,"href":"https:\/\/www.sonoraenequipo.com.mx\/api\/wp\/v2\/posts\/194456\/revisions\/194458"}],"wp:featuredmedia":[{"embeddable":true,"href":"https:\/\/www.sonoraenequipo.com.mx\/api\/wp\/v2\/media\/194457"}],"wp:attachment":[{"href":"https:\/\/www.sonoraenequipo.com.mx\/api\/wp\/v2\/media?parent=194456"}],"wp:term":[{"taxonomy":"category","embeddable":true,"href":"https:\/\/www.sonoraenequipo.com.mx\/api\/wp\/v2\/categories?post=194456"},{"taxonomy":"post_tag","embeddable":true,"href":"https:\/\/www.sonoraenequipo.com.mx\/api\/wp\/v2\/tags?post=194456"}],"curies":[{"name":"wp","href":"https:\/\/api.w.org\/{rel}","templated":true}]}}