{"id":194565,"date":"2024-07-15T12:57:23","date_gmt":"2024-07-15T19:57:23","guid":{"rendered":"https:\/\/www.sonoraenequipo.com.mx\/?p=194565"},"modified":"2024-07-15T12:57:23","modified_gmt":"2024-07-15T19:57:23","slug":"fortalece-gobernador-durazo-proceso-de-transparencia-de-bienes-y-concesiones","status":"publish","type":"post","link":"https:\/\/www.sonoraenequipo.com.mx\/fortalece-gobernador-durazo-proceso-de-transparencia-de-bienes-y-concesiones\/","title":{"rendered":"Fortalece Gobernador Durazo proceso de transparencia de bienes y concesiones"},"content":{"rendered":"<p><strong>HERMOSILLO, SONORA, MX.<\/strong> \u2014 El gobernador Alfonso Durazo Monta\u00f1o encabez\u00f3 la instalaci\u00f3n del Consejo T\u00e9cnico Consultivo de la Comisi\u00f3n Estatal de Bienes y Concesiones, un organismo integrado por distintas dependencias, que tiene como objetivo brindar mayor certeza y transparencia a los procesos de licitaciones y temas relacionados con propiedades destinadas para infraestructura en la entidad.<\/p>\n<p>&nbsp;<\/p>\n<p>&nbsp;<\/p>\n<p>&nbsp;<\/p>\n<p>Este consejo funcionar\u00e1 como un \u00f3rgano de direcci\u00f3n, asesor\u00eda, y apoyo de la Comisi\u00f3n Estatal, y tendr\u00e1 entre sus atribuciones el estudio, an\u00e1lisis, y propuestas de soluci\u00f3n a los asuntos en materia de bienes y concesiones, y al ser presisidido por el gobernador Durazo Monta\u00f1o podr\u00e1 incluir a los titulares de las dependencias que estime conveniente.<\/p>\n<p>&nbsp;<\/p>\n<p>&nbsp;<\/p>\n<p>&nbsp;<\/p>\n<p>De igual forma podr\u00e1 otorgar y revocar las concesiones para el uso, aprovechamiento o explotaci\u00f3n de los bienes inmuebles del dominio p\u00fablico, as\u00ed como determinar la caducidad o nulidad de la mismas. Adem\u00e1s tendr\u00e1 la facultad de autorizar la adquisici\u00f3n, controlar, enajenar, isnpeccionar y vigilar los bienes del dominio del estado, as\u00ed como celebrar contratos.<\/p>\n<p>&nbsp;<\/p>\n<p>&nbsp;<\/p>\n<p>&nbsp;<\/p>\n<p>Con base en el art\u00edculo 10 de la Ley de Bienes y Concesiones, el Consejo T\u00e9cnico Consultivo est\u00e1 integrado por Oficial\u00eda Mayor, y las Secretar\u00edas de Gobierno, Hacienda, Sidur, Contralor\u00eda General del Estado, y Consejer\u00eda Jur\u00eddica como miembros permanentes.<\/p>\n<p>&nbsp;<\/p>\n<p>&nbsp;<\/p>\n<p>&nbsp;<\/p>\n<p>En el marco de esta reuni\u00f3n se abordaron proyectos de infraestructura concesionada, como la construcci\u00f3n y operaci\u00f3n de un libramiento en Navojoa, as\u00ed como los propios en San Luis R\u00edo Colorado y Santa Ana, el predio Punta de Lastre para el funcionamiento en el Puerto de Guaymas, y los proyectos de hospitales de Isssteson e Issste a desarrollarse en Hermosillo.<\/p>\n<p><strong>Fecha de publicaci\u00f3n lunes 15 de julio de 2024<\/strong><\/p>\n","protected":false},"excerpt":{"rendered":"<p>HERMOSILLO, SONORA, MX. \u2014 El gobernador Alfonso Durazo Monta\u00f1o encabez\u00f3 la instalaci\u00f3n del Consejo T\u00e9cnico&#8230;<\/p>\n","protected":false},"author":1,"featured_media":193584,"comment_status":"open","ping_status":"open","sticky":false,"template":"","format":"standard","meta":{"_monsterinsights_skip_tracking":false,"_monsterinsights_sitenote_active":false,"_monsterinsights_sitenote_note":"","_monsterinsights_sitenote_category":0,"footnotes":""},"categories":[22],"tags":[9987,6931,15,9988],"class_list":["post"],"yoast_head":" \n<title>Sonora en Equipo. Fortalece Gobernador Durazo proceso de transparencia de bienes y concesiones Sonora<\/title>\n<meta name=\"description\" content=\"HERMOSILLO, SONORA, MX. \u2014 El gobernador Alfonso Durazo Monta\u00f1o encabez\u00f3 la instalaci\u00f3n del Consejo T\u00e9cnico Consultivo de la Comisi\u00f3n Estatal de Bienes y En Sonora en Equipo publicamos toda la informaci\u00f3n de Sonora, M\u00e9xico y el Mundo de manera oportuna y busca que la libertad de expresi\u00f3n sea real. Visita nuestro medio informativo publicado desde Hermosillo, Sonora. %\" \/>\n<meta name=\"robots\" content=\"index, follow, max-snippet:-1, max-image-preview:large, max-video-preview:-1\" \/>\n<link rel=\"canonical\" href=\"https:\/\/www.sonoraenequipo.com.mx\/fortalece-gobernador-durazo-proceso-de-transparencia-de-bienes-y-concesiones\/\" \/>\n<meta property=\"og:locale\" content=\"es_ES\" \/>\n<meta property=\"og:type\" content=\"article\" \/>\n<meta property=\"og:title\" content=\"Sonora en Equipo. Fortalece Gobernador Durazo proceso de transparencia de bienes y concesiones Sonora\" \/>\n<meta property=\"og:description\" content=\"HERMOSILLO, SONORA, MX. \u2014 El gobernador Alfonso Durazo Monta\u00f1o encabez\u00f3 la instalaci\u00f3n del Consejo T\u00e9cnico Consultivo de la Comisi\u00f3n Estatal de Bienes y En Sonora en Equipo publicamos toda la informaci\u00f3n de Sonora, M\u00e9xico y el Mundo de manera oportuna y busca que la libertad de expresi\u00f3n sea real. Visita nuestro medio informativo publicado desde Hermosillo, Sonora. %\" \/>\n<meta property=\"og:url\" content=\"https:\/\/www.sonoraenequipo.com.mx\/fortalece-gobernador-durazo-proceso-de-transparencia-de-bienes-y-concesiones\/\" \/>\n<meta property=\"og:site_name\" content=\"Sonora en Equipo.\" \/>\n<meta property=\"article:publisher\" content=\"https:\/\/www.facebook.com\/SonoraEE\/\" \/>\n<meta property=\"article:author\" content=\"https:\/\/www.facebook.com\/SonoraEE\" \/>\n<meta property=\"article:published_time\" content=\"2024-07-15T19:57:23+00:00\" \/>\n<meta property=\"og:image\" content=\"https:\/\/www.sonoraenequipo.com.mx\/storage\/2024\/07\/adm-rp.jpg\" \/>\n\t<meta property=\"og:image:width\" content=\"800\" \/>\n\t<meta property=\"og:image:height\" content=\"533\" \/>\n\t<meta property=\"og:image:type\" content=\"image\/jpeg\" \/>\n<meta name=\"author\" content=\"enequipo\" \/>\n<meta name=\"twitter:card\" content=\"summary_large_image\" \/>\n<meta name=\"twitter:creator\" content=\"@sonoraenequipo\" \/>\n<meta name=\"twitter:site\" content=\"@sonoraenequipo\" \/>\n<meta name=\"twitter:label1\" content=\"Escrito por\" \/>\n\t<meta name=\"twitter:data1\" content=\"enequipo\" \/>\n\t<meta name=\"twitter:label2\" content=\"Tiempo de lectura\" \/>\n\t<meta name=\"twitter:data2\" content=\"2 minutos\" \/>\n<script type=\"application\/ld+json\" class=\"yoast-schema-graph\">{\"@context\":\"https:\/\/schema.org\",\"@graph\":[{\"@type\":\"Article\",\"@id\":\"https:\/\/www.sonoraenequipo.com.mx\/fortalece-gobernador-durazo-proceso-de-transparencia-de-bienes-y-concesiones\/#article\",\"isPartOf\":{\"@id\":\"https:\/\/www.sonoraenequipo.com.mx\/fortalece-gobernador-durazo-proceso-de-transparencia-de-bienes-y-concesiones\/\"},\"author\":{\"name\":\"enequipo\",\"@id\":\"https:\/\/www.sonoraenequipo.com.mx\/#\/schema\/person\/50102df0fb23a8fa9e8effad8fa81386\"},\"headline\":\"Fortalece Gobernador Durazo proceso de transparencia de bienes y concesiones\",\"datePublished\":\"2024-07-15T19:57:23+00:00\",\"mainEntityOfPage\":{\"@id\":\"https:\/\/www.sonoraenequipo.com.mx\/fortalece-gobernador-durazo-proceso-de-transparencia-de-bienes-y-concesiones\/\"},\"wordCount\":318,\"commentCount\":0,\"publisher\":{\"@id\":\"https:\/\/www.sonoraenequipo.com.mx\/#organization\"},\"image\":{\"@id\":\"https:\/\/www.sonoraenequipo.com.mx\/fortalece-gobernador-durazo-proceso-de-transparencia-de-bienes-y-concesiones\/#primaryimage\"},\"thumbnailUrl\":\"https:\/\/www.sonoraenequipo.com.mx\/storage\/2024\/07\/adm-rp.jpg\",\"keywords\":[\"bienes\",\"concesiones\",\"Sonora\",\"tranparencia\"],\"articleSection\":[\"Sonora\"],\"inLanguage\":\"es\",\"potentialAction\":[{\"@type\":\"CommentAction\",\"name\":\"Comment\",\"target\":[\"https:\/\/www.sonoraenequipo.com.mx\/fortalece-gobernador-durazo-proceso-de-transparencia-de-bienes-y-concesiones\/#respond\"]}]},{\"@type\":\"WebPage\",\"@id\":\"https:\/\/www.sonoraenequipo.com.mx\/fortalece-gobernador-durazo-proceso-de-transparencia-de-bienes-y-concesiones\/\",\"url\":\"https:\/\/www.sonoraenequipo.com.mx\/fortalece-gobernador-durazo-proceso-de-transparencia-de-bienes-y-concesiones\/\",\"name\":\"Sonora en Equipo. Fortalece Gobernador Durazo proceso de transparencia de bienes y concesiones Sonora\",\"isPartOf\":{\"@id\":\"https:\/\/www.sonoraenequipo.com.mx\/#website\"},\"primaryImageOfPage\":{\"@id\":\"https:\/\/www.sonoraenequipo.com.mx\/fortalece-gobernador-durazo-proceso-de-transparencia-de-bienes-y-concesiones\/#primaryimage\"},\"image\":{\"@id\":\"https:\/\/www.sonoraenequipo.com.mx\/fortalece-gobernador-durazo-proceso-de-transparencia-de-bienes-y-concesiones\/#primaryimage\"},\"thumbnailUrl\":\"https:\/\/www.sonoraenequipo.com.mx\/storage\/2024\/07\/adm-rp.jpg\",\"datePublished\":\"2024-07-15T19:57:23+00:00\",\"description\":\"HERMOSILLO, SONORA, MX. \u2014 El gobernador Alfonso Durazo Monta\u00f1o encabez\u00f3 la instalaci\u00f3n del Consejo T\u00e9cnico Consultivo de la Comisi\u00f3n Estatal de Bienes y En Sonora en Equipo publicamos toda la informaci\u00f3n de Sonora, M\u00e9xico y el Mundo de manera oportuna y busca que la libertad de expresi\u00f3n sea real. Visita nuestro medio informativo publicado desde Hermosillo, Sonora. %\",\"breadcrumb\":{\"@id\":\"https:\/\/www.sonoraenequipo.com.mx\/fortalece-gobernador-durazo-proceso-de-transparencia-de-bienes-y-concesiones\/#breadcrumb\"},\"inLanguage\":\"es\",\"potentialAction\":[{\"@type\":\"ReadAction\",\"target\":[\"https:\/\/www.sonoraenequipo.com.mx\/fortalece-gobernador-durazo-proceso-de-transparencia-de-bienes-y-concesiones\/\"]}]},{\"@type\":\"ImageObject\",\"inLanguage\":\"es\",\"@id\":\"https:\/\/www.sonoraenequipo.com.mx\/fortalece-gobernador-durazo-proceso-de-transparencia-de-bienes-y-concesiones\/#primaryimage\",\"url\":\"https:\/\/www.sonoraenequipo.com.mx\/storage\/2024\/07\/adm-rp.jpg\",\"contentUrl\":\"https:\/\/www.sonoraenequipo.com.mx\/storage\/2024\/07\/adm-rp.jpg\",\"width\":800,\"height\":533},{\"@type\":\"BreadcrumbList\",\"@id\":\"https:\/\/www.sonoraenequipo.com.mx\/fortalece-gobernador-durazo-proceso-de-transparencia-de-bienes-y-concesiones\/#breadcrumb\",\"itemListElement\":[{\"@type\":\"ListItem\",\"position\":1,\"name\":\"Portada\",\"item\":\"https:\/\/www.sonoraenequipo.com.mx\/\"},{\"@type\":\"ListItem\",\"position\":2,\"name\":\"Fortalece Gobernador Durazo proceso de transparencia de bienes y concesiones\"}]},{\"@type\":\"WebSite\",\"@id\":\"https:\/\/www.sonoraenequipo.com.mx\/#website\",\"url\":\"https:\/\/www.sonoraenequipo.com.mx\/\",\"name\":\"Sonora en Equipo.\",\"description\":\"Diario en l\u00ednea con Noticias desde Hermosillo, Sonora\",\"publisher\":{\"@id\":\"https:\/\/www.sonoraenequipo.com.mx\/#organization\"},\"potentialAction\":[{\"@type\":\"SearchAction\",\"target\":{\"@type\":\"EntryPoint\",\"urlTemplate\":\"https:\/\/www.sonoraenequipo.com.mx\/?s={search_term_string}\"},\"query-input\":{\"@type\":\"PropertyValueSpecification\",\"valueRequired\":true,\"valueName\":\"search_term_string\"}}],\"inLanguage\":\"es\"},{\"@type\":\"Organization\",\"@id\":\"https:\/\/www.sonoraenequipo.com.mx\/#organization\",\"name\":\"Sonoraenequipo.com.mx\",\"url\":\"https:\/\/www.sonoraenequipo.com.mx\/\",\"logo\":{\"@type\":\"ImageObject\",\"inLanguage\":\"es\",\"@id\":\"https:\/\/www.sonoraenequipo.com.mx\/#\/schema\/logo\/image\/\",\"url\":\"https:\/\/www.sonoraenequipo.com.mx\/storage\/2019\/01\/sonoraenequipo_opt.png\",\"contentUrl\":\"https:\/\/www.sonoraenequipo.com.mx\/storage\/2019\/01\/sonoraenequipo_opt.png\",\"width\":375,\"height\":125,\"caption\":\"Sonoraenequipo.com.mx\"},\"image\":{\"@id\":\"https:\/\/www.sonoraenequipo.com.mx\/#\/schema\/logo\/image\/\"},\"sameAs\":[\"https:\/\/www.facebook.com\/SonoraEE\/\",\"https:\/\/x.com\/sonoraenequipo\",\"https:\/\/www.youtube.com\/channel\/UC338nW-lPEYmJQs4ZABQ1SQ\"]},{\"@type\":\"Person\",\"@id\":\"https:\/\/www.sonoraenequipo.com.mx\/#\/schema\/person\/50102df0fb23a8fa9e8effad8fa81386\",\"name\":\"enequipo\",\"image\":{\"@type\":\"ImageObject\",\"inLanguage\":\"es\",\"@id\":\"https:\/\/www.sonoraenequipo.com.mx\/#\/schema\/person\/image\/\",\"url\":\"https:\/\/secure.gravatar.com\/avatar\/049821681b589dabc0bc20695993ccebb09f5b5d4d790cd9251b97faac7c652b?s=96&d=blank&r=g\",\"contentUrl\":\"https:\/\/secure.gravatar.com\/avatar\/049821681b589dabc0bc20695993ccebb09f5b5d4d790cd9251b97faac7c652b?s=96&d=blank&r=g\",\"caption\":\"enequipo\"},\"sameAs\":[\"https:\/\/www.facebook.com\/SonoraEE\"]}]}<\/script>\n ","yoast_head_json":{"title":"Sonora en Equipo. Fortalece Gobernador Durazo proceso de transparencia de bienes y concesiones Sonora","description":"HERMOSILLO, SONORA, MX. \u2014 El gobernador Alfonso Durazo Monta\u00f1o encabez\u00f3 la instalaci\u00f3n del Consejo T\u00e9cnico Consultivo de la Comisi\u00f3n Estatal de Bienes y En Sonora en Equipo publicamos toda la informaci\u00f3n de Sonora, M\u00e9xico y el Mundo de manera oportuna y busca que la libertad de expresi\u00f3n sea real. Visita nuestro medio informativo publicado desde Hermosillo, Sonora. %","robots":{"index":"index","follow":"follow","max-snippet":"max-snippet:-1","max-image-preview":"max-image-preview:large","max-video-preview":"max-video-preview:-1"},"canonical":"https:\/\/www.sonoraenequipo.com.mx\/fortalece-gobernador-durazo-proceso-de-transparencia-de-bienes-y-concesiones\/","og_locale":"es_ES","og_type":"article","og_title":"Sonora en Equipo. Fortalece Gobernador Durazo proceso de transparencia de bienes y concesiones Sonora","og_description":"HERMOSILLO, SONORA, MX. \u2014 El gobernador Alfonso Durazo Monta\u00f1o encabez\u00f3 la instalaci\u00f3n del Consejo T\u00e9cnico Consultivo de la Comisi\u00f3n Estatal de Bienes y En Sonora en Equipo publicamos toda la informaci\u00f3n de Sonora, M\u00e9xico y el Mundo de manera oportuna y busca que la libertad de expresi\u00f3n sea real. Visita nuestro medio informativo publicado desde Hermosillo, Sonora. %","og_url":"https:\/\/www.sonoraenequipo.com.mx\/fortalece-gobernador-durazo-proceso-de-transparencia-de-bienes-y-concesiones\/","og_site_name":"Sonora en Equipo.","article_publisher":"https:\/\/www.facebook.com\/SonoraEE\/","article_author":"https:\/\/www.facebook.com\/SonoraEE","article_published_time":"2024-07-15T19:57:23+00:00","og_image":[{"width":800,"height":533,"url":"https:\/\/www.sonoraenequipo.com.mx\/storage\/2024\/07\/adm-rp.jpg","type":"image\/jpeg"}],"author":"enequipo","twitter_card":"summary_large_image","twitter_creator":"@sonoraenequipo","twitter_site":"@sonoraenequipo","twitter_misc":{"Escrito por":"enequipo","Tiempo de lectura":"2 minutos"},"schema":{"@context":"https:\/\/schema.org","@graph":[{"@type":"Article","@id":"https:\/\/www.sonoraenequipo.com.mx\/fortalece-gobernador-durazo-proceso-de-transparencia-de-bienes-y-concesiones\/#article","isPartOf":{"@id":"https:\/\/www.sonoraenequipo.com.mx\/fortalece-gobernador-durazo-proceso-de-transparencia-de-bienes-y-concesiones\/"},"author":{"name":"enequipo","@id":"https:\/\/www.sonoraenequipo.com.mx\/#\/schema\/person\/50102df0fb23a8fa9e8effad8fa81386"},"headline":"Fortalece Gobernador Durazo proceso de transparencia de bienes y concesiones","datePublished":"2024-07-15T19:57:23+00:00","mainEntityOfPage":{"@id":"https:\/\/www.sonoraenequipo.com.mx\/fortalece-gobernador-durazo-proceso-de-transparencia-de-bienes-y-concesiones\/"},"wordCount":318,"commentCount":0,"publisher":{"@id":"https:\/\/www.sonoraenequipo.com.mx\/#organization"},"image":{"@id":"https:\/\/www.sonoraenequipo.com.mx\/fortalece-gobernador-durazo-proceso-de-transparencia-de-bienes-y-concesiones\/#primaryimage"},"thumbnailUrl":"https:\/\/www.sonoraenequipo.com.mx\/storage\/2024\/07\/adm-rp.jpg","keywords":["bienes","concesiones","Sonora","tranparencia"],"articleSection":["Sonora"],"inLanguage":"es","potentialAction":[{"@type":"CommentAction","name":"Comment","target":["https:\/\/www.sonoraenequipo.com.mx\/fortalece-gobernador-durazo-proceso-de-transparencia-de-bienes-y-concesiones\/#respond"]}]},{"@type":"WebPage","@id":"https:\/\/www.sonoraenequipo.com.mx\/fortalece-gobernador-durazo-proceso-de-transparencia-de-bienes-y-concesiones\/","url":"https:\/\/www.sonoraenequipo.com.mx\/fortalece-gobernador-durazo-proceso-de-transparencia-de-bienes-y-concesiones\/","name":"Sonora en Equipo. Fortalece Gobernador Durazo proceso de transparencia de bienes y concesiones Sonora","isPartOf":{"@id":"https:\/\/www.sonoraenequipo.com.mx\/#website"},"primaryImageOfPage":{"@id":"https:\/\/www.sonoraenequipo.com.mx\/fortalece-gobernador-durazo-proceso-de-transparencia-de-bienes-y-concesiones\/#primaryimage"},"image":{"@id":"https:\/\/www.sonoraenequipo.com.mx\/fortalece-gobernador-durazo-proceso-de-transparencia-de-bienes-y-concesiones\/#primaryimage"},"thumbnailUrl":"https:\/\/www.sonoraenequipo.com.mx\/storage\/2024\/07\/adm-rp.jpg","datePublished":"2024-07-15T19:57:23+00:00","description":"HERMOSILLO, SONORA, MX. \u2014 El gobernador Alfonso Durazo Monta\u00f1o encabez\u00f3 la instalaci\u00f3n del Consejo T\u00e9cnico Consultivo de la Comisi\u00f3n Estatal de Bienes y En Sonora en Equipo publicamos toda la informaci\u00f3n de Sonora, M\u00e9xico y el Mundo de manera oportuna y busca que la libertad de expresi\u00f3n sea real. Visita nuestro medio informativo publicado desde Hermosillo, Sonora. %","breadcrumb":{"@id":"https:\/\/www.sonoraenequipo.com.mx\/fortalece-gobernador-durazo-proceso-de-transparencia-de-bienes-y-concesiones\/#breadcrumb"},"inLanguage":"es","potentialAction":[{"@type":"ReadAction","target":["https:\/\/www.sonoraenequipo.com.mx\/fortalece-gobernador-durazo-proceso-de-transparencia-de-bienes-y-concesiones\/"]}]},{"@type":"ImageObject","inLanguage":"es","@id":"https:\/\/www.sonoraenequipo.com.mx\/fortalece-gobernador-durazo-proceso-de-transparencia-de-bienes-y-concesiones\/#primaryimage","url":"https:\/\/www.sonoraenequipo.com.mx\/storage\/2024\/07\/adm-rp.jpg","contentUrl":"https:\/\/www.sonoraenequipo.com.mx\/storage\/2024\/07\/adm-rp.jpg","width":800,"height":533},{"@type":"BreadcrumbList","@id":"https:\/\/www.sonoraenequipo.com.mx\/fortalece-gobernador-durazo-proceso-de-transparencia-de-bienes-y-concesiones\/#breadcrumb","itemListElement":[{"@type":"ListItem","position":1,"name":"Portada","item":"https:\/\/www.sonoraenequipo.com.mx\/"},{"@type":"ListItem","position":2,"name":"Fortalece Gobernador Durazo proceso de transparencia de bienes y concesiones"}]},{"@type":"WebSite","@id":"https:\/\/www.sonoraenequipo.com.mx\/#website","url":"https:\/\/www.sonoraenequipo.com.mx\/","name":"Sonora en Equipo.","description":"Diario en l\u00ednea con Noticias desde Hermosillo, Sonora","publisher":{"@id":"https:\/\/www.sonoraenequipo.com.mx\/#organization"},"potentialAction":[{"@type":"SearchAction","target":{"@type":"EntryPoint","urlTemplate":"https:\/\/www.sonoraenequipo.com.mx\/?s={search_term_string}"},"query-input":{"@type":"PropertyValueSpecification","valueRequired":true,"valueName":"search_term_string"}}],"inLanguage":"es"},{"@type":"Organization","@id":"https:\/\/www.sonoraenequipo.com.mx\/#organization","name":"Sonoraenequipo.com.mx","url":"https:\/\/www.sonoraenequipo.com.mx\/","logo":{"@type":"ImageObject","inLanguage":"es","@id":"https:\/\/www.sonoraenequipo.com.mx\/#\/schema\/logo\/image\/","url":"https:\/\/www.sonoraenequipo.com.mx\/storage\/2019\/01\/sonoraenequipo_opt.png","contentUrl":"https:\/\/www.sonoraenequipo.com.mx\/storage\/2019\/01\/sonoraenequipo_opt.png","width":375,"height":125,"caption":"Sonoraenequipo.com.mx"},"image":{"@id":"https:\/\/www.sonoraenequipo.com.mx\/#\/schema\/logo\/image\/"},"sameAs":["https:\/\/www.facebook.com\/SonoraEE\/","https:\/\/x.com\/sonoraenequipo","https:\/\/www.youtube.com\/channel\/UC338nW-lPEYmJQs4ZABQ1SQ"]},{"@type":"Person","@id":"https:\/\/www.sonoraenequipo.com.mx\/#\/schema\/person\/50102df0fb23a8fa9e8effad8fa81386","name":"enequipo","image":{"@type":"ImageObject","inLanguage":"es","@id":"https:\/\/www.sonoraenequipo.com.mx\/#\/schema\/person\/image\/","url":"https:\/\/secure.gravatar.com\/avatar\/049821681b589dabc0bc20695993ccebb09f5b5d4d790cd9251b97faac7c652b?s=96&d=blank&r=g","contentUrl":"https:\/\/secure.gravatar.com\/avatar\/049821681b589dabc0bc20695993ccebb09f5b5d4d790cd9251b97faac7c652b?s=96&d=blank&r=g","caption":"enequipo"},"sameAs":["https:\/\/www.facebook.com\/SonoraEE"]}]}},"jetpack_featured_media_url":"https:\/\/www.sonoraenequipo.com.mx\/storage\/2024\/07\/adm-rp.jpg","_links":{"self":[{"href":"https:\/\/www.sonoraenequipo.com.mx\/api\/wp\/v2\/posts\/194565","targetHints":{"allow":["GET"]}}],"collection":[{"href":"https:\/\/www.sonoraenequipo.com.mx\/api\/wp\/v2\/posts"}],"about":[{"href":"https:\/\/www.sonoraenequipo.com.mx\/api\/wp\/v2\/types\/post"}],"author":[{"embeddable":true,"href":"https:\/\/www.sonoraenequipo.com.mx\/api\/wp\/v2\/users\/1"}],"replies":[{"embeddable":true,"href":"https:\/\/www.sonoraenequipo.com.mx\/api\/wp\/v2\/comments?post=194565"}],"version-history":[{"count":1,"href":"https:\/\/www.sonoraenequipo.com.mx\/api\/wp\/v2\/posts\/194565\/revisions"}],"predecessor-version":[{"id":194569,"href":"https:\/\/www.sonoraenequipo.com.mx\/api\/wp\/v2\/posts\/194565\/revisions\/194569"}],"wp:featuredmedia":[{"embeddable":true,"href":"https:\/\/www.sonoraenequipo.com.mx\/api\/wp\/v2\/media\/193584"}],"wp:attachment":[{"href":"https:\/\/www.sonoraenequipo.com.mx\/api\/wp\/v2\/media?parent=194565"}],"wp:term":[{"taxonomy":"category","embeddable":true,"href":"https:\/\/www.sonoraenequipo.com.mx\/api\/wp\/v2\/categories?post=194565"},{"taxonomy":"post_tag","embeddable":true,"href":"https:\/\/www.sonoraenequipo.com.mx\/api\/wp\/v2\/tags?post=194565"}],"curies":[{"name":"wp","href":"https:\/\/api.w.org\/{rel}","templated":true}]}}