{"id":194577,"date":"2024-07-15T10:12:41","date_gmt":"2024-07-15T17:12:41","guid":{"rendered":"https:\/\/www.sonoraenequipo.com.mx\/?p=194577"},"modified":"2024-07-15T13:22:37","modified_gmt":"2024-07-15T20:22:37","slug":"presidente-invita-al-pueblo-de-mexico-a-disfrutar-del-tren-maya-presentan-informe-sobre-tramo-1","status":"publish","type":"post","link":"https:\/\/www.sonoraenequipo.com.mx\/presidente-invita-al-pueblo-de-mexico-a-disfrutar-del-tren-maya-presentan-informe-sobre-tramo-1\/","title":{"rendered":"Presidente invita al pueblo de M\u00e9xico a disfrutar del Tren Maya; presentan informe sobre tramo 1"},"content":{"rendered":"<p><strong>CIUDAD DE M\u00c9XICO. MX. \u2014<\/strong> El presidente Andr\u00e9s Manuel L\u00f3pez Obrador invit\u00f3 al pueblo de M\u00e9xico a disfrutar del Tren Maya y su ruta por Tabasco, Chiapas, Campeche, Yucat\u00e1n y Quintana Roo, estados del sureste que ofrecen una amplia oferta tur\u00edstica y arqueol\u00f3gica de la gran naci\u00f3n maya.<\/p>\n<p>&nbsp;<\/p>\n<p>&nbsp;<\/p>\n<p><em><strong>\u201cQueremos hacer la promoci\u00f3n, invitar en primer lugar a los mexicanos, a nuestros paisanos mexicanos del pa\u00eds, los que est\u00e1n en el extranjero, en Estados Unidos, invitarlos porque es algo \u00fanico, maravilloso que no lo van a disfrutar, no lo van a ver en ninguna parte del mundo, as\u00ed como se los estoy exponiendo. Estamos hablando de una de las regiones m\u00e1s bellas del mundo\u201d<\/strong><\/em>, afirm\u00f3.<\/p>\n<p>&nbsp;<\/p>\n<p>&nbsp;<\/p>\n<p>Al reanudar los reportes semanales del Tren Maya, el mandatario detall\u00f3 que esta obra de movilidad permite a turistas nacionales y extranjeros internarse en la Pen\u00ednsula de Yucat\u00e1n y conocer lugares como la ciudad amurallada de Campeche, la Laguna de los Siete Colores, en Bacalar, Quintana Roo y la selva tropical que, despu\u00e9s del Amazonas en Brasil, es la m\u00e1s importante de Am\u00e9rica.<\/p>\n<p>&nbsp;<\/p>\n<p>&nbsp;<\/p>\n<p>En el informe del tramo 1 del Tren Maya, que va de Palenque, Chiapas a Esc\u00e1rcega, Campeche, el director general del Instituto Nacional de Antropolog\u00eda e Historia (INAH), Diego Prieto Hern\u00e1ndez, explic\u00f3 que la dependencia conserva zonas arqueol\u00f3gicas abiertas al p\u00fablico que acceder\u00e1 a amplios recorridos, se\u00f1al\u00e9ticas, senderos interpretativos y museos de sitio, as\u00ed como Centros de Atenci\u00f3n a Visitantes (Catvis).<\/p>\n<p>&nbsp;<\/p>\n<p>&nbsp;<\/p>\n<p>En este trazo, el INAH promueve a trav\u00e9s del Programa de Mejoramiento de Zonas Arqueol\u00f3gicas (Promeza) la llegada de visitantes a Palenque, en Chiapas; Moral-Reforma, en Tabasco y El Tigre, en Campeche.<\/p>\n<p>&nbsp;<\/p>\n<p>&nbsp;<\/p>\n<p><em><strong>\u201cInvitamos a todas, a todos los mexicanos y visitantes de nuestro pa\u00eds a que puedan acceder a estas zonas arqueol\u00f3gicas a trav\u00e9s del Tren Maya\u201d<\/strong><\/em>, remarc\u00f3 el funcionario.<\/p>\n<p>&nbsp;<\/p>\n<p>&nbsp;<\/p>\n<p>El director general del Tren Maya S.A. de C.V., \u00d3scar David Lozano \u00c1guila, agreg\u00f3 que las cascadas de Agua Azul, las cascadas de Misol-Ha y el parque urbano Salto Grande tambi\u00e9n son sitios que las y los pasajeros podr\u00e1n apreciar si usan este nuevo medio de transporte para el que se construy\u00f3 el puente Boca del Cerro, la obra de infraestructura m\u00e1s importante del tramo 1 que cruza el r\u00edo m\u00e1s grande de M\u00e9xico: el Usumacinta.<\/p>\n<p>&nbsp;<\/p>\n<p>&nbsp;<\/p>\n<p><strong><em>\u201cTodas estas maravillas nos est\u00e1n esperando y estoy seguro que lo van a disfrutar tanto como lo estamos disfrutando nosotros en la operaci\u00f3n de este sistema ferroviario moderno y complejo, que es para todas y todos los mexicanos. Como dice nuestro lema: \u2018Todas y todos somos Tren Maya\u2019\u201d,<\/em> <\/strong>expres\u00f3.<\/p>\n<p>&nbsp;<\/p>\n<p>&nbsp;<\/p>\n<p>La Gran Gu\u00eda del Tren Maya pone a disposici\u00f3n del p\u00fablico informaci\u00f3n detallada sobre sitios naturales, zonas arqueol\u00f3gicas, paisajes y playas.<\/p>\n<p>&nbsp;<\/p>\n<p>&nbsp;<\/p>\n<p>A trav\u00e9s de la Direcci\u00f3n General de Ingenieros, la Secretar\u00eda de la Defensa Nacional (Sedena) construye el Hotel Tren Maya en Palenque, una opci\u00f3n de alojamiento a precios justos que contempla 160 habitaciones dobles y sencillas, restaurante, alberca, \u00e1rea de spa y temazcal al aire libre. El avance de la obra es del 40.10 por ciento y ser\u00e1 inaugurado el pr\u00f3ximo 21 de septiembre, anunci\u00f3 el jefe del Centro Coordinador de Operaciones del Tren Maya, Blas Andr\u00e9s N\u00fa\u00f1ez Jord\u00e1n.<\/p>\n<p>&nbsp;<\/p>\n<p>&nbsp;<\/p>\n<p>Est\u00e1 ubicado a s\u00f3lo nueve kil\u00f3metros de la estaci\u00f3n del Tren Maya y del Aeropuerto Internacional de Palenque. La Sedena tambi\u00e9n construye el ecoparque La Ceiba en una superficie de 9.68 hect\u00e1reas; como su nombre lo indica, el elemento central ser\u00e1 esta especie de \u00e1rboles considerados sagrados en la cultura maya. Tendr\u00e1 ciclo pista, trota pista, andadores y estacionamiento para veh\u00edculos y bicicletas.<\/p>\n<p>&nbsp;<\/p>\n<p>&nbsp;<\/p>\n<p>En el tramo 1, desde el 1 de enero de 2024 a la fecha, se han transportado 43 mil 65 personas, de las cuales, 2 mil 337 fueron ni\u00f1as y ni\u00f1os y 40 mil 728 adultos, quienes adquirieron 35 mil 370 boletos en la taquilla y 7 mil 695 en l\u00ednea, abund\u00f3 el director Lozano \u00c1guila.<\/p>\n<p>&nbsp;<\/p>\n<p>&nbsp;<\/p>\n<p>En los dos servicios de transporte que brinda el tramo 1 diariamente de Canc\u00fan a Palenque y de Palenque a Canc\u00fan, los boletos corresponden a 17 mil 214 pasajeros nacionales, 15 mil 988 locales, mil 808 internacionales y 8 mil 55 pasajes especiales con descuento.<\/p>\n<p>&nbsp;<\/p>\n<p>&nbsp;<\/p>\n<p>El presidente y director ejecutivo de Mota-Engil Latinoam\u00e9rica, Jo\u00e3o Pedro Parreira, expuso que el tramo 1 incluye en su infraestructura f\u00e9rrea viaductos urbanos en Tenosique, Candelaria y Esc\u00e1rcega como soluciones orientadas a la poblaci\u00f3n, 529 pasos inferiores, 58 pasos superiores, 12 puentes y seis estaciones, entre las que destaca la de Palenque con un dise\u00f1o inspirado en la m\u00e1scara de Pakal.<\/p>\n<p>&nbsp;<\/p>\n<p>&nbsp;<\/p>\n<p>El Tren Maya es el proyecto ecol\u00f3gico, tur\u00edstico y arqueol\u00f3gico m\u00e1s importante del mundo. En sus mil 554 kil\u00f3metros divididos en siete tramos en 36 municipios de Campeche, Chiapas, Quintana Roo, Tabasco y Yucat\u00e1n tiene tres objetivos esenciales: potencializar el desarrollo del sureste del pa\u00eds, promover la conectividad eficiente con infraestructura ferroviaria moderna e impulsar el sector tur\u00edstico de la regi\u00f3n a fin de atraer inversiones que generen empleos.<\/p>\n<p>&nbsp;<\/p>\n<p>&nbsp;<\/p>\n<p>Asistieron al reporte semanal los gobernadores de Chiapas, Rutilio Escand\u00f3n Cadenas y el gobernador de Tamaulipas, Carlos Manuel Merino Campos.<\/p>\n<p>&nbsp;<\/p>\n<p>&nbsp;<\/p>\n<p>&nbsp;<\/p>\n<p>PUBLICADO EL 15 DE JULIO DE 2024 Con informaci\u00f3n de Conferencia matutina presidencial)<\/p>\n","protected":false},"excerpt":{"rendered":"<p>CIUDAD DE M\u00c9XICO. MX. \u2014 El presidente Andr\u00e9s Manuel L\u00f3pez Obrador invit\u00f3 al pueblo de&#8230;<\/p>\n","protected":false},"author":1,"featured_media":194578,"comment_status":"open","ping_status":"open","sticky":false,"template":"","format":"standard","meta":{"_monsterinsights_skip_tracking":false,"_monsterinsights_sitenote_active":false,"_monsterinsights_sitenote_note":"","_monsterinsights_sitenote_category":0,"footnotes":""},"categories":[5],"tags":[],"class_list":["post"],"yoast_head":" \n<title>Sonora en Equipo. Presidente invita al pueblo de M\u00e9xico a disfrutar del Tren Maya; presentan informe sobre tramo 1 Rep\u00fablica<\/title>\n<meta name=\"description\" content=\"CIUDAD DE M\u00c9XICO. MX. \u2014 El presidente Andr\u00e9s Manuel L\u00f3pez Obrador invit\u00f3 al pueblo de M\u00e9xico a disfrutar del Tren Maya y su ruta por Tabasco, Chiapas, En Sonora en Equipo publicamos toda la informaci\u00f3n de Sonora, M\u00e9xico y el Mundo de manera oportuna y busca que la libertad de expresi\u00f3n sea real. Visita nuestro medio informativo publicado desde Hermosillo, Sonora. %\" \/>\n<meta name=\"robots\" content=\"index, follow, max-snippet:-1, max-image-preview:large, max-video-preview:-1\" \/>\n<link rel=\"canonical\" href=\"https:\/\/www.sonoraenequipo.com.mx\/presidente-invita-al-pueblo-de-mexico-a-disfrutar-del-tren-maya-presentan-informe-sobre-tramo-1\/\" \/>\n<meta property=\"og:locale\" content=\"es_ES\" \/>\n<meta property=\"og:type\" content=\"article\" \/>\n<meta property=\"og:title\" content=\"Sonora en Equipo. Presidente invita al pueblo de M\u00e9xico a disfrutar del Tren Maya; presentan informe sobre tramo 1 Rep\u00fablica\" \/>\n<meta property=\"og:description\" content=\"CIUDAD DE M\u00c9XICO. MX. \u2014 El presidente Andr\u00e9s Manuel L\u00f3pez Obrador invit\u00f3 al pueblo de M\u00e9xico a disfrutar del Tren Maya y su ruta por Tabasco, Chiapas, En Sonora en Equipo publicamos toda la informaci\u00f3n de Sonora, M\u00e9xico y el Mundo de manera oportuna y busca que la libertad de expresi\u00f3n sea real. Visita nuestro medio informativo publicado desde Hermosillo, Sonora. %\" \/>\n<meta property=\"og:url\" content=\"https:\/\/www.sonoraenequipo.com.mx\/presidente-invita-al-pueblo-de-mexico-a-disfrutar-del-tren-maya-presentan-informe-sobre-tramo-1\/\" \/>\n<meta property=\"og:site_name\" content=\"Sonora en Equipo.\" \/>\n<meta property=\"article:publisher\" content=\"https:\/\/www.facebook.com\/SonoraEE\/\" \/>\n<meta property=\"article:author\" content=\"https:\/\/www.facebook.com\/SonoraEE\" \/>\n<meta property=\"article:published_time\" content=\"2024-07-15T17:12:41+00:00\" \/>\n<meta property=\"article:modified_time\" content=\"2024-07-15T20:22:37+00:00\" \/>\n<meta property=\"og:image\" content=\"https:\/\/www.sonoraenequipo.com.mx\/storage\/2024\/07\/2024-07-15-Conferencia-de-prensa-matutina-Palacio-Nacional-Foto-02-min.jpg\" \/>\n\t<meta property=\"og:image:width\" content=\"1500\" \/>\n\t<meta property=\"og:image:height\" content=\"1000\" \/>\n\t<meta property=\"og:image:type\" content=\"image\/jpeg\" \/>\n<meta name=\"author\" content=\"enequipo\" \/>\n<meta name=\"twitter:card\" content=\"summary_large_image\" \/>\n<meta name=\"twitter:creator\" content=\"@sonoraenequipo\" \/>\n<meta name=\"twitter:site\" content=\"@sonoraenequipo\" \/>\n<meta name=\"twitter:label1\" content=\"Escrito por\" \/>\n\t<meta name=\"twitter:data1\" content=\"enequipo\" \/>\n\t<meta name=\"twitter:label2\" content=\"Tiempo de lectura\" \/>\n\t<meta name=\"twitter:data2\" content=\"5 minutos\" \/>\n<script type=\"application\/ld+json\" class=\"yoast-schema-graph\">{\"@context\":\"https:\/\/schema.org\",\"@graph\":[{\"@type\":\"Article\",\"@id\":\"https:\/\/www.sonoraenequipo.com.mx\/presidente-invita-al-pueblo-de-mexico-a-disfrutar-del-tren-maya-presentan-informe-sobre-tramo-1\/#article\",\"isPartOf\":{\"@id\":\"https:\/\/www.sonoraenequipo.com.mx\/presidente-invita-al-pueblo-de-mexico-a-disfrutar-del-tren-maya-presentan-informe-sobre-tramo-1\/\"},\"author\":{\"name\":\"enequipo\",\"@id\":\"https:\/\/www.sonoraenequipo.com.mx\/#\/schema\/person\/50102df0fb23a8fa9e8effad8fa81386\"},\"headline\":\"Presidente invita al pueblo de M\u00e9xico a disfrutar del Tren Maya; presentan informe sobre tramo 1\",\"datePublished\":\"2024-07-15T17:12:41+00:00\",\"dateModified\":\"2024-07-15T20:22:37+00:00\",\"mainEntityOfPage\":{\"@id\":\"https:\/\/www.sonoraenequipo.com.mx\/presidente-invita-al-pueblo-de-mexico-a-disfrutar-del-tren-maya-presentan-informe-sobre-tramo-1\/\"},\"wordCount\":945,\"commentCount\":0,\"publisher\":{\"@id\":\"https:\/\/www.sonoraenequipo.com.mx\/#organization\"},\"image\":{\"@id\":\"https:\/\/www.sonoraenequipo.com.mx\/presidente-invita-al-pueblo-de-mexico-a-disfrutar-del-tren-maya-presentan-informe-sobre-tramo-1\/#primaryimage\"},\"thumbnailUrl\":\"https:\/\/www.sonoraenequipo.com.mx\/storage\/2024\/07\/2024-07-15-Conferencia-de-prensa-matutina-Palacio-Nacional-Foto-02-min.jpg\",\"articleSection\":[\"Rep\u00fablica\"],\"inLanguage\":\"es\",\"potentialAction\":[{\"@type\":\"CommentAction\",\"name\":\"Comment\",\"target\":[\"https:\/\/www.sonoraenequipo.com.mx\/presidente-invita-al-pueblo-de-mexico-a-disfrutar-del-tren-maya-presentan-informe-sobre-tramo-1\/#respond\"]}]},{\"@type\":\"WebPage\",\"@id\":\"https:\/\/www.sonoraenequipo.com.mx\/presidente-invita-al-pueblo-de-mexico-a-disfrutar-del-tren-maya-presentan-informe-sobre-tramo-1\/\",\"url\":\"https:\/\/www.sonoraenequipo.com.mx\/presidente-invita-al-pueblo-de-mexico-a-disfrutar-del-tren-maya-presentan-informe-sobre-tramo-1\/\",\"name\":\"Sonora en Equipo. Presidente invita al pueblo de M\u00e9xico a disfrutar del Tren Maya; presentan informe sobre tramo 1 Rep\u00fablica\",\"isPartOf\":{\"@id\":\"https:\/\/www.sonoraenequipo.com.mx\/#website\"},\"primaryImageOfPage\":{\"@id\":\"https:\/\/www.sonoraenequipo.com.mx\/presidente-invita-al-pueblo-de-mexico-a-disfrutar-del-tren-maya-presentan-informe-sobre-tramo-1\/#primaryimage\"},\"image\":{\"@id\":\"https:\/\/www.sonoraenequipo.com.mx\/presidente-invita-al-pueblo-de-mexico-a-disfrutar-del-tren-maya-presentan-informe-sobre-tramo-1\/#primaryimage\"},\"thumbnailUrl\":\"https:\/\/www.sonoraenequipo.com.mx\/storage\/2024\/07\/2024-07-15-Conferencia-de-prensa-matutina-Palacio-Nacional-Foto-02-min.jpg\",\"datePublished\":\"2024-07-15T17:12:41+00:00\",\"dateModified\":\"2024-07-15T20:22:37+00:00\",\"description\":\"CIUDAD DE M\u00c9XICO. MX. \u2014 El presidente Andr\u00e9s Manuel L\u00f3pez Obrador invit\u00f3 al pueblo de M\u00e9xico a disfrutar del Tren Maya y su ruta por Tabasco, Chiapas, En Sonora en Equipo publicamos toda la informaci\u00f3n de Sonora, M\u00e9xico y el Mundo de manera oportuna y busca que la libertad de expresi\u00f3n sea real. Visita nuestro medio informativo publicado desde Hermosillo, Sonora. %\",\"breadcrumb\":{\"@id\":\"https:\/\/www.sonoraenequipo.com.mx\/presidente-invita-al-pueblo-de-mexico-a-disfrutar-del-tren-maya-presentan-informe-sobre-tramo-1\/#breadcrumb\"},\"inLanguage\":\"es\",\"potentialAction\":[{\"@type\":\"ReadAction\",\"target\":[\"https:\/\/www.sonoraenequipo.com.mx\/presidente-invita-al-pueblo-de-mexico-a-disfrutar-del-tren-maya-presentan-informe-sobre-tramo-1\/\"]}]},{\"@type\":\"ImageObject\",\"inLanguage\":\"es\",\"@id\":\"https:\/\/www.sonoraenequipo.com.mx\/presidente-invita-al-pueblo-de-mexico-a-disfrutar-del-tren-maya-presentan-informe-sobre-tramo-1\/#primaryimage\",\"url\":\"https:\/\/www.sonoraenequipo.com.mx\/storage\/2024\/07\/2024-07-15-Conferencia-de-prensa-matutina-Palacio-Nacional-Foto-02-min.jpg\",\"contentUrl\":\"https:\/\/www.sonoraenequipo.com.mx\/storage\/2024\/07\/2024-07-15-Conferencia-de-prensa-matutina-Palacio-Nacional-Foto-02-min.jpg\",\"width\":1500,\"height\":1000},{\"@type\":\"BreadcrumbList\",\"@id\":\"https:\/\/www.sonoraenequipo.com.mx\/presidente-invita-al-pueblo-de-mexico-a-disfrutar-del-tren-maya-presentan-informe-sobre-tramo-1\/#breadcrumb\",\"itemListElement\":[{\"@type\":\"ListItem\",\"position\":1,\"name\":\"Portada\",\"item\":\"https:\/\/www.sonoraenequipo.com.mx\/\"},{\"@type\":\"ListItem\",\"position\":2,\"name\":\"Presidente invita al pueblo de M\u00e9xico a disfrutar del Tren Maya; presentan informe sobre tramo 1\"}]},{\"@type\":\"WebSite\",\"@id\":\"https:\/\/www.sonoraenequipo.com.mx\/#website\",\"url\":\"https:\/\/www.sonoraenequipo.com.mx\/\",\"name\":\"Sonora en Equipo.\",\"description\":\"Diario en l\u00ednea con Noticias desde Hermosillo, Sonora\",\"publisher\":{\"@id\":\"https:\/\/www.sonoraenequipo.com.mx\/#organization\"},\"potentialAction\":[{\"@type\":\"SearchAction\",\"target\":{\"@type\":\"EntryPoint\",\"urlTemplate\":\"https:\/\/www.sonoraenequipo.com.mx\/?s={search_term_string}\"},\"query-input\":{\"@type\":\"PropertyValueSpecification\",\"valueRequired\":true,\"valueName\":\"search_term_string\"}}],\"inLanguage\":\"es\"},{\"@type\":\"Organization\",\"@id\":\"https:\/\/www.sonoraenequipo.com.mx\/#organization\",\"name\":\"Sonoraenequipo.com.mx\",\"url\":\"https:\/\/www.sonoraenequipo.com.mx\/\",\"logo\":{\"@type\":\"ImageObject\",\"inLanguage\":\"es\",\"@id\":\"https:\/\/www.sonoraenequipo.com.mx\/#\/schema\/logo\/image\/\",\"url\":\"https:\/\/www.sonoraenequipo.com.mx\/storage\/2019\/01\/sonoraenequipo_opt.png\",\"contentUrl\":\"https:\/\/www.sonoraenequipo.com.mx\/storage\/2019\/01\/sonoraenequipo_opt.png\",\"width\":375,\"height\":125,\"caption\":\"Sonoraenequipo.com.mx\"},\"image\":{\"@id\":\"https:\/\/www.sonoraenequipo.com.mx\/#\/schema\/logo\/image\/\"},\"sameAs\":[\"https:\/\/www.facebook.com\/SonoraEE\/\",\"https:\/\/x.com\/sonoraenequipo\",\"https:\/\/www.youtube.com\/channel\/UC338nW-lPEYmJQs4ZABQ1SQ\"]},{\"@type\":\"Person\",\"@id\":\"https:\/\/www.sonoraenequipo.com.mx\/#\/schema\/person\/50102df0fb23a8fa9e8effad8fa81386\",\"name\":\"enequipo\",\"image\":{\"@type\":\"ImageObject\",\"inLanguage\":\"es\",\"@id\":\"https:\/\/www.sonoraenequipo.com.mx\/#\/schema\/person\/image\/\",\"url\":\"https:\/\/secure.gravatar.com\/avatar\/049821681b589dabc0bc20695993ccebb09f5b5d4d790cd9251b97faac7c652b?s=96&d=blank&r=g\",\"contentUrl\":\"https:\/\/secure.gravatar.com\/avatar\/049821681b589dabc0bc20695993ccebb09f5b5d4d790cd9251b97faac7c652b?s=96&d=blank&r=g\",\"caption\":\"enequipo\"},\"sameAs\":[\"https:\/\/www.facebook.com\/SonoraEE\"]}]}<\/script>\n ","yoast_head_json":{"title":"Sonora en Equipo. Presidente invita al pueblo de M\u00e9xico a disfrutar del Tren Maya; presentan informe sobre tramo 1 Rep\u00fablica","description":"CIUDAD DE M\u00c9XICO. MX. \u2014 El presidente Andr\u00e9s Manuel L\u00f3pez Obrador invit\u00f3 al pueblo de M\u00e9xico a disfrutar del Tren Maya y su ruta por Tabasco, Chiapas, En Sonora en Equipo publicamos toda la informaci\u00f3n de Sonora, M\u00e9xico y el Mundo de manera oportuna y busca que la libertad de expresi\u00f3n sea real. Visita nuestro medio informativo publicado desde Hermosillo, Sonora. %","robots":{"index":"index","follow":"follow","max-snippet":"max-snippet:-1","max-image-preview":"max-image-preview:large","max-video-preview":"max-video-preview:-1"},"canonical":"https:\/\/www.sonoraenequipo.com.mx\/presidente-invita-al-pueblo-de-mexico-a-disfrutar-del-tren-maya-presentan-informe-sobre-tramo-1\/","og_locale":"es_ES","og_type":"article","og_title":"Sonora en Equipo. Presidente invita al pueblo de M\u00e9xico a disfrutar del Tren Maya; presentan informe sobre tramo 1 Rep\u00fablica","og_description":"CIUDAD DE M\u00c9XICO. MX. \u2014 El presidente Andr\u00e9s Manuel L\u00f3pez Obrador invit\u00f3 al pueblo de M\u00e9xico a disfrutar del Tren Maya y su ruta por Tabasco, Chiapas, En Sonora en Equipo publicamos toda la informaci\u00f3n de Sonora, M\u00e9xico y el Mundo de manera oportuna y busca que la libertad de expresi\u00f3n sea real. Visita nuestro medio informativo publicado desde Hermosillo, Sonora. %","og_url":"https:\/\/www.sonoraenequipo.com.mx\/presidente-invita-al-pueblo-de-mexico-a-disfrutar-del-tren-maya-presentan-informe-sobre-tramo-1\/","og_site_name":"Sonora en Equipo.","article_publisher":"https:\/\/www.facebook.com\/SonoraEE\/","article_author":"https:\/\/www.facebook.com\/SonoraEE","article_published_time":"2024-07-15T17:12:41+00:00","article_modified_time":"2024-07-15T20:22:37+00:00","og_image":[{"width":1500,"height":1000,"url":"https:\/\/www.sonoraenequipo.com.mx\/storage\/2024\/07\/2024-07-15-Conferencia-de-prensa-matutina-Palacio-Nacional-Foto-02-min.jpg","type":"image\/jpeg"}],"author":"enequipo","twitter_card":"summary_large_image","twitter_creator":"@sonoraenequipo","twitter_site":"@sonoraenequipo","twitter_misc":{"Escrito por":"enequipo","Tiempo de lectura":"5 minutos"},"schema":{"@context":"https:\/\/schema.org","@graph":[{"@type":"Article","@id":"https:\/\/www.sonoraenequipo.com.mx\/presidente-invita-al-pueblo-de-mexico-a-disfrutar-del-tren-maya-presentan-informe-sobre-tramo-1\/#article","isPartOf":{"@id":"https:\/\/www.sonoraenequipo.com.mx\/presidente-invita-al-pueblo-de-mexico-a-disfrutar-del-tren-maya-presentan-informe-sobre-tramo-1\/"},"author":{"name":"enequipo","@id":"https:\/\/www.sonoraenequipo.com.mx\/#\/schema\/person\/50102df0fb23a8fa9e8effad8fa81386"},"headline":"Presidente invita al pueblo de M\u00e9xico a disfrutar del Tren Maya; presentan informe sobre tramo 1","datePublished":"2024-07-15T17:12:41+00:00","dateModified":"2024-07-15T20:22:37+00:00","mainEntityOfPage":{"@id":"https:\/\/www.sonoraenequipo.com.mx\/presidente-invita-al-pueblo-de-mexico-a-disfrutar-del-tren-maya-presentan-informe-sobre-tramo-1\/"},"wordCount":945,"commentCount":0,"publisher":{"@id":"https:\/\/www.sonoraenequipo.com.mx\/#organization"},"image":{"@id":"https:\/\/www.sonoraenequipo.com.mx\/presidente-invita-al-pueblo-de-mexico-a-disfrutar-del-tren-maya-presentan-informe-sobre-tramo-1\/#primaryimage"},"thumbnailUrl":"https:\/\/www.sonoraenequipo.com.mx\/storage\/2024\/07\/2024-07-15-Conferencia-de-prensa-matutina-Palacio-Nacional-Foto-02-min.jpg","articleSection":["Rep\u00fablica"],"inLanguage":"es","potentialAction":[{"@type":"CommentAction","name":"Comment","target":["https:\/\/www.sonoraenequipo.com.mx\/presidente-invita-al-pueblo-de-mexico-a-disfrutar-del-tren-maya-presentan-informe-sobre-tramo-1\/#respond"]}]},{"@type":"WebPage","@id":"https:\/\/www.sonoraenequipo.com.mx\/presidente-invita-al-pueblo-de-mexico-a-disfrutar-del-tren-maya-presentan-informe-sobre-tramo-1\/","url":"https:\/\/www.sonoraenequipo.com.mx\/presidente-invita-al-pueblo-de-mexico-a-disfrutar-del-tren-maya-presentan-informe-sobre-tramo-1\/","name":"Sonora en Equipo. Presidente invita al pueblo de M\u00e9xico a disfrutar del Tren Maya; presentan informe sobre tramo 1 Rep\u00fablica","isPartOf":{"@id":"https:\/\/www.sonoraenequipo.com.mx\/#website"},"primaryImageOfPage":{"@id":"https:\/\/www.sonoraenequipo.com.mx\/presidente-invita-al-pueblo-de-mexico-a-disfrutar-del-tren-maya-presentan-informe-sobre-tramo-1\/#primaryimage"},"image":{"@id":"https:\/\/www.sonoraenequipo.com.mx\/presidente-invita-al-pueblo-de-mexico-a-disfrutar-del-tren-maya-presentan-informe-sobre-tramo-1\/#primaryimage"},"thumbnailUrl":"https:\/\/www.sonoraenequipo.com.mx\/storage\/2024\/07\/2024-07-15-Conferencia-de-prensa-matutina-Palacio-Nacional-Foto-02-min.jpg","datePublished":"2024-07-15T17:12:41+00:00","dateModified":"2024-07-15T20:22:37+00:00","description":"CIUDAD DE M\u00c9XICO. MX. \u2014 El presidente Andr\u00e9s Manuel L\u00f3pez Obrador invit\u00f3 al pueblo de M\u00e9xico a disfrutar del Tren Maya y su ruta por Tabasco, Chiapas, En Sonora en Equipo publicamos toda la informaci\u00f3n de Sonora, M\u00e9xico y el Mundo de manera oportuna y busca que la libertad de expresi\u00f3n sea real. Visita nuestro medio informativo publicado desde Hermosillo, Sonora. %","breadcrumb":{"@id":"https:\/\/www.sonoraenequipo.com.mx\/presidente-invita-al-pueblo-de-mexico-a-disfrutar-del-tren-maya-presentan-informe-sobre-tramo-1\/#breadcrumb"},"inLanguage":"es","potentialAction":[{"@type":"ReadAction","target":["https:\/\/www.sonoraenequipo.com.mx\/presidente-invita-al-pueblo-de-mexico-a-disfrutar-del-tren-maya-presentan-informe-sobre-tramo-1\/"]}]},{"@type":"ImageObject","inLanguage":"es","@id":"https:\/\/www.sonoraenequipo.com.mx\/presidente-invita-al-pueblo-de-mexico-a-disfrutar-del-tren-maya-presentan-informe-sobre-tramo-1\/#primaryimage","url":"https:\/\/www.sonoraenequipo.com.mx\/storage\/2024\/07\/2024-07-15-Conferencia-de-prensa-matutina-Palacio-Nacional-Foto-02-min.jpg","contentUrl":"https:\/\/www.sonoraenequipo.com.mx\/storage\/2024\/07\/2024-07-15-Conferencia-de-prensa-matutina-Palacio-Nacional-Foto-02-min.jpg","width":1500,"height":1000},{"@type":"BreadcrumbList","@id":"https:\/\/www.sonoraenequipo.com.mx\/presidente-invita-al-pueblo-de-mexico-a-disfrutar-del-tren-maya-presentan-informe-sobre-tramo-1\/#breadcrumb","itemListElement":[{"@type":"ListItem","position":1,"name":"Portada","item":"https:\/\/www.sonoraenequipo.com.mx\/"},{"@type":"ListItem","position":2,"name":"Presidente invita al pueblo de M\u00e9xico a disfrutar del Tren Maya; presentan informe sobre tramo 1"}]},{"@type":"WebSite","@id":"https:\/\/www.sonoraenequipo.com.mx\/#website","url":"https:\/\/www.sonoraenequipo.com.mx\/","name":"Sonora en Equipo.","description":"Diario en l\u00ednea con Noticias desde Hermosillo, Sonora","publisher":{"@id":"https:\/\/www.sonoraenequipo.com.mx\/#organization"},"potentialAction":[{"@type":"SearchAction","target":{"@type":"EntryPoint","urlTemplate":"https:\/\/www.sonoraenequipo.com.mx\/?s={search_term_string}"},"query-input":{"@type":"PropertyValueSpecification","valueRequired":true,"valueName":"search_term_string"}}],"inLanguage":"es"},{"@type":"Organization","@id":"https:\/\/www.sonoraenequipo.com.mx\/#organization","name":"Sonoraenequipo.com.mx","url":"https:\/\/www.sonoraenequipo.com.mx\/","logo":{"@type":"ImageObject","inLanguage":"es","@id":"https:\/\/www.sonoraenequipo.com.mx\/#\/schema\/logo\/image\/","url":"https:\/\/www.sonoraenequipo.com.mx\/storage\/2019\/01\/sonoraenequipo_opt.png","contentUrl":"https:\/\/www.sonoraenequipo.com.mx\/storage\/2019\/01\/sonoraenequipo_opt.png","width":375,"height":125,"caption":"Sonoraenequipo.com.mx"},"image":{"@id":"https:\/\/www.sonoraenequipo.com.mx\/#\/schema\/logo\/image\/"},"sameAs":["https:\/\/www.facebook.com\/SonoraEE\/","https:\/\/x.com\/sonoraenequipo","https:\/\/www.youtube.com\/channel\/UC338nW-lPEYmJQs4ZABQ1SQ"]},{"@type":"Person","@id":"https:\/\/www.sonoraenequipo.com.mx\/#\/schema\/person\/50102df0fb23a8fa9e8effad8fa81386","name":"enequipo","image":{"@type":"ImageObject","inLanguage":"es","@id":"https:\/\/www.sonoraenequipo.com.mx\/#\/schema\/person\/image\/","url":"https:\/\/secure.gravatar.com\/avatar\/049821681b589dabc0bc20695993ccebb09f5b5d4d790cd9251b97faac7c652b?s=96&d=blank&r=g","contentUrl":"https:\/\/secure.gravatar.com\/avatar\/049821681b589dabc0bc20695993ccebb09f5b5d4d790cd9251b97faac7c652b?s=96&d=blank&r=g","caption":"enequipo"},"sameAs":["https:\/\/www.facebook.com\/SonoraEE"]}]}},"jetpack_featured_media_url":"https:\/\/www.sonoraenequipo.com.mx\/storage\/2024\/07\/2024-07-15-Conferencia-de-prensa-matutina-Palacio-Nacional-Foto-02-min.jpg","_links":{"self":[{"href":"https:\/\/www.sonoraenequipo.com.mx\/api\/wp\/v2\/posts\/194577","targetHints":{"allow":["GET"]}}],"collection":[{"href":"https:\/\/www.sonoraenequipo.com.mx\/api\/wp\/v2\/posts"}],"about":[{"href":"https:\/\/www.sonoraenequipo.com.mx\/api\/wp\/v2\/types\/post"}],"author":[{"embeddable":true,"href":"https:\/\/www.sonoraenequipo.com.mx\/api\/wp\/v2\/users\/1"}],"replies":[{"embeddable":true,"href":"https:\/\/www.sonoraenequipo.com.mx\/api\/wp\/v2\/comments?post=194577"}],"version-history":[{"count":1,"href":"https:\/\/www.sonoraenequipo.com.mx\/api\/wp\/v2\/posts\/194577\/revisions"}],"predecessor-version":[{"id":194580,"href":"https:\/\/www.sonoraenequipo.com.mx\/api\/wp\/v2\/posts\/194577\/revisions\/194580"}],"wp:featuredmedia":[{"embeddable":true,"href":"https:\/\/www.sonoraenequipo.com.mx\/api\/wp\/v2\/media\/194578"}],"wp:attachment":[{"href":"https:\/\/www.sonoraenequipo.com.mx\/api\/wp\/v2\/media?parent=194577"}],"wp:term":[{"taxonomy":"category","embeddable":true,"href":"https:\/\/www.sonoraenequipo.com.mx\/api\/wp\/v2\/categories?post=194577"},{"taxonomy":"post_tag","embeddable":true,"href":"https:\/\/www.sonoraenequipo.com.mx\/api\/wp\/v2\/tags?post=194577"}],"curies":[{"name":"wp","href":"https:\/\/api.w.org\/{rel}","templated":true}]}}