{"id":194586,"date":"2024-07-15T13:41:06","date_gmt":"2024-07-15T20:41:06","guid":{"rendered":"https:\/\/www.sonoraenequipo.com.mx\/?p=194586"},"modified":"2024-07-15T13:41:06","modified_gmt":"2024-07-15T20:41:06","slug":"biden-llama-a-bajarle-la-temperatura-a-la-politica-pues-lo-mejor-es-permanecer-unidos","status":"publish","type":"post","link":"https:\/\/www.sonoraenequipo.com.mx\/biden-llama-a-bajarle-la-temperatura-a-la-politica-pues-lo-mejor-es-permanecer-unidos\/","title":{"rendered":"Biden: llama a bajarle la temperatura a la pol\u00edtica pues lo mejor es permanecer unidos"},"content":{"rendered":"<p><strong>WASHINGTON.<\/strong><strong> \u0336 \u0336\u00a0 <\/strong>El presidente de Estados Unidos, Joe Biden, dijo el domingo que las diferencias en el pa\u00eds se resuelven en las urnas y reiter\u00f3 que no hay espacio para la violencia pol\u00edtica, durante su discurso desde la Oficina Oval despu\u00e9s del intento de asesinato contra el expresidente Donald Trump.<\/p>\n<p>&nbsp;<\/p>\n<p>Sentado en el recinto, que us\u00f3 por tercera vez desde que asumi\u00f3 la presidencia en 2021, Biden expres\u00f3 la necesidad de que los estadounidenses divididos se unan despu\u00e9s del atentado contra su rival republicano Trump.<\/p>\n<p>&nbsp;<\/p>\n<p>\u00abMis queridos compatriotas estadounidenses, quiero hablarles esta noche sobre la necesidad de que bajemos la temperatura en nuestra pol\u00edtica y recordemos que, aunque todos estemos en desacuerdo, no somos enemigos. Somos vecinos. Somos amigos, compa\u00f1eros de trabajo, ciudadanos. Y lo m\u00e1s importante, somos compatriotas estadounidenses. Debemos permanecer unidos\u00bb, dijo Biden al comenzar su discurso para la naci\u00f3n.<\/p>\n<p>&nbsp;<\/p>\n<p>Trump fue herido el s\u00e1bado en un acto de campa\u00f1a en Butler, estado de Pensilvania. Trump sali\u00f3 sangrando de su oreja derecha y agentes del Servicio Secreto lo escoltaron hasta su veh\u00edculo mientras hac\u00eda gestos con el pu\u00f1o. El tirador, Matthew Crooks, un joven de 20 a\u00f1os, fue abatido y luego se supo del fallecimiento de un participante al evento y de dos personas heridas.<\/p>\n<p>&nbsp;<\/p>\n<p>\u00abEl tiroteo de ayer (&#8230;) nos llama a todos a dar un paso atr\u00e1s, hacer un balance de d\u00f3nde estamos y c\u00f3mo seguir adelante a partir de ahora\u00bb, agreg\u00f3 el mandatario.<\/p>\n<p>&nbsp;<\/p>\n<p>Biden dijo que \u00abafortunadamente Trump no est\u00e1 gravemente herido\u00bb y que no se conocen los motivos del atacante. Tambi\u00e9n expres\u00f3 que \u00abno hay lugar en EEUU para este tipo de violencia, sin excepciones\u00bb y asegur\u00f3 que \u00ablo que est\u00e1 en juego en las elecciones es alto\u00bb.<\/p>\n<p>&nbsp;<\/p>\n<p>Desde la Oficina Oval, Biden dijo que nada es m\u00e1s importante que que permanecer unidos\u00bb y afirm\u00f3 que los estadounidenses \u00abresolvemos las diferencias en las urnas\u00bb.<\/p>\n<p>&nbsp;<\/p>\n<p>Biden afirm\u00f3 que continuar\u00e1 hablando con firmeza sobre la democracia, defendiendo la Constituci\u00f3n, el estado de derecho, pidiendo que se tomen medidas en las urnas.<\/p>\n<p>&nbsp;<\/p>\n<p>\u00abNo a la violencia en nuestras calles. As\u00ed es como deber\u00eda funcionar la democracia. Debatimos y discrepamos, comparamos y contrastamos el car\u00e1cter de los candidatos, los antecedentes, los temas, la agenda, la visi\u00f3n para Estados Unidos. Pero en Estados Unidos resolvemos nuestras diferencias en las urnas\u00bb, reiter\u00f3.<\/p>\n<p>&nbsp;<\/p>\n<p>M\u00e1s temprano el domingo, Biden pidi\u00f3 paciencia al p\u00fablico para que \u201cel FBI haga su trabajo y sus agencias asociadas hagan su trabajo\u201d, al tiempo que dijo haber ordenado \u201cuna investigaci\u00f3n sea exhaustiva y r\u00e1pida\u201d en las que los investigadores contar\u00e1n con \u00ablos recursos necesarios\u201d, prometi\u00f3.<\/p>\n<p>&nbsp;<\/p>\n<p>La violencia con armas de fuego es una realidad en Estados Unidos. Sin embargo, la violencia pol\u00edtica es mucho m\u00e1s rara. Cuatro presidentes estadounidenses han sido asesinados y varios han escapado a los intentos de asesinato. Varios candidatos presidenciales han recibido disparos, algunos de ellos mortales.<\/p>\n<p>&nbsp;<\/p>\n<p>Biden insisti\u00f3 en que los estadounidenses \u00abno podemos permitir que esta violencia se normalice. La ret\u00f3rica pol\u00edtica en este pa\u00eds se ha vuelto muy acalorada. \u00abEs hora de calmarse\u00bb, dijo. \u00abTodos tenemos la responsabilidad de hacer esto\u00bb.<\/p>\n<p>&nbsp;<\/p>\n<p>Biden y su equipo de campa\u00f1a est\u00e1n tratando de trazar un rumbo electoral tras el tiroteo de Trump. La campa\u00f1a suspendi\u00f3 los ataques verbales contra el expresidente para centrarse en el futuro. A pocas horas del tiroteo del s\u00e1bado, la campa\u00f1a de Biden estaba retirando los anuncios de televisi\u00f3n y suspendiendo otras comunicaciones pol\u00edticas.<\/p>\n<p>&nbsp;<\/p>\n<p>\u00abEsta noche pido a todos los estadounidenses que vuelvan a comprometerse\u00bb, dijo Biden. \u00abEl odio no debe tener un puerto seguro (&#8230;) seguir\u00e9 defendiendo nuestra democracia y el Estado de Derecho\u00bb.<\/p>\n<p>&nbsp;<\/p>\n<p><strong><em>Trump llega a Milwaukee para asistir a convenci\u00f3n<\/em><\/strong><\/p>\n<p>Un d\u00eda despu\u00e9s del atentado, el domingo alrededor de las 6 de la tarde aterriz\u00f3 Trump para asistir en Milwaukee a la convenci\u00f3n de su partido, donde los republicanos lo har\u00e1n formalmente su candidato presidencial a finales de esta semana.<\/p>\n<p>&nbsp;<\/p>\n<p>Mientras tanto, Biden orden\u00f3 una revisi\u00f3n exhaustiva de c\u00f3mo un hombre de 20 a\u00f1os que portaba un rifle AR-15 consigui\u00f3 el s\u00e1bado acercarse lo suficiente como para disparar desde un tejado a Trump, que como ex presidente cuenta con la protecci\u00f3n vitalicia del Servicio Secreto.<\/p>\n<p><strong>Fecha de publicaci\u00f3n lunes 15 de julio de 2024\/ VOA<\/strong><\/p>\n<p>&nbsp;<\/p>\n","protected":false},"excerpt":{"rendered":"<p>WASHINGTON. \u0336 \u0336\u00a0 El presidente de Estados Unidos, Joe Biden, dijo el domingo que las&#8230;<\/p>\n","protected":false},"author":1,"featured_media":193425,"comment_status":"open","ping_status":"open","sticky":false,"template":"","format":"standard","meta":{"_monsterinsights_skip_tracking":false,"_monsterinsights_sitenote_active":false,"_monsterinsights_sitenote_note":"","_monsterinsights_sitenote_category":0,"footnotes":""},"categories":[3],"tags":[3376,1898],"class_list":["post"],"yoast_head":" \n<title>Sonora en Equipo. Biden: llama a bajarle la temperatura a la pol\u00edtica pues lo mejor es permanecer unidos MUNDO<\/title>\n<meta name=\"description\" content=\"WASHINGTON. \u0336 \u0336\u00a0 El presidente de Estados Unidos, Joe Biden, dijo el domingo que las diferencias en el pa\u00eds se resuelven en las urnas y reiter\u00f3 que no hay En Sonora en Equipo publicamos toda la informaci\u00f3n de Sonora, M\u00e9xico y el Mundo de manera oportuna y busca que la libertad de expresi\u00f3n sea real. Visita nuestro medio informativo publicado desde Hermosillo, Sonora. %\" \/>\n<meta name=\"robots\" content=\"index, follow, max-snippet:-1, max-image-preview:large, max-video-preview:-1\" \/>\n<link rel=\"canonical\" href=\"https:\/\/www.sonoraenequipo.com.mx\/biden-llama-a-bajarle-la-temperatura-a-la-politica-pues-lo-mejor-es-permanecer-unidos\/\" \/>\n<meta property=\"og:locale\" content=\"es_ES\" \/>\n<meta property=\"og:type\" content=\"article\" \/>\n<meta property=\"og:title\" content=\"Sonora en Equipo. Biden: llama a bajarle la temperatura a la pol\u00edtica pues lo mejor es permanecer unidos MUNDO\" \/>\n<meta property=\"og:description\" content=\"WASHINGTON. \u0336 \u0336\u00a0 El presidente de Estados Unidos, Joe Biden, dijo el domingo que las diferencias en el pa\u00eds se resuelven en las urnas y reiter\u00f3 que no hay En Sonora en Equipo publicamos toda la informaci\u00f3n de Sonora, M\u00e9xico y el Mundo de manera oportuna y busca que la libertad de expresi\u00f3n sea real. Visita nuestro medio informativo publicado desde Hermosillo, Sonora. %\" \/>\n<meta property=\"og:url\" content=\"https:\/\/www.sonoraenequipo.com.mx\/biden-llama-a-bajarle-la-temperatura-a-la-politica-pues-lo-mejor-es-permanecer-unidos\/\" \/>\n<meta property=\"og:site_name\" content=\"Sonora en Equipo.\" \/>\n<meta property=\"article:publisher\" content=\"https:\/\/www.facebook.com\/SonoraEE\/\" \/>\n<meta property=\"article:author\" content=\"https:\/\/www.facebook.com\/SonoraEE\" \/>\n<meta property=\"article:published_time\" content=\"2024-07-15T20:41:06+00:00\" \/>\n<meta property=\"og:image\" content=\"https:\/\/www.sonoraenequipo.com.mx\/storage\/2024\/06\/biden-y-tromp-min-min.jpg\" \/>\n\t<meta property=\"og:image:width\" content=\"900\" \/>\n\t<meta property=\"og:image:height\" content=\"506\" \/>\n\t<meta property=\"og:image:type\" content=\"image\/jpeg\" \/>\n<meta name=\"author\" content=\"enequipo\" \/>\n<meta name=\"twitter:card\" content=\"summary_large_image\" \/>\n<meta name=\"twitter:creator\" content=\"@sonoraenequipo\" \/>\n<meta name=\"twitter:site\" content=\"@sonoraenequipo\" \/>\n<meta name=\"twitter:label1\" content=\"Escrito por\" \/>\n\t<meta name=\"twitter:data1\" content=\"enequipo\" \/>\n\t<meta name=\"twitter:label2\" content=\"Tiempo de lectura\" \/>\n\t<meta name=\"twitter:data2\" content=\"4 minutos\" \/>\n<script type=\"application\/ld+json\" class=\"yoast-schema-graph\">{\"@context\":\"https:\/\/schema.org\",\"@graph\":[{\"@type\":\"Article\",\"@id\":\"https:\/\/www.sonoraenequipo.com.mx\/biden-llama-a-bajarle-la-temperatura-a-la-politica-pues-lo-mejor-es-permanecer-unidos\/#article\",\"isPartOf\":{\"@id\":\"https:\/\/www.sonoraenequipo.com.mx\/biden-llama-a-bajarle-la-temperatura-a-la-politica-pues-lo-mejor-es-permanecer-unidos\/\"},\"author\":{\"name\":\"enequipo\",\"@id\":\"https:\/\/www.sonoraenequipo.com.mx\/#\/schema\/person\/50102df0fb23a8fa9e8effad8fa81386\"},\"headline\":\"Biden: llama a bajarle la temperatura a la pol\u00edtica pues lo mejor es permanecer unidos\",\"datePublished\":\"2024-07-15T20:41:06+00:00\",\"mainEntityOfPage\":{\"@id\":\"https:\/\/www.sonoraenequipo.com.mx\/biden-llama-a-bajarle-la-temperatura-a-la-politica-pues-lo-mejor-es-permanecer-unidos\/\"},\"wordCount\":773,\"commentCount\":0,\"publisher\":{\"@id\":\"https:\/\/www.sonoraenequipo.com.mx\/#organization\"},\"image\":{\"@id\":\"https:\/\/www.sonoraenequipo.com.mx\/biden-llama-a-bajarle-la-temperatura-a-la-politica-pues-lo-mejor-es-permanecer-unidos\/#primaryimage\"},\"thumbnailUrl\":\"https:\/\/www.sonoraenequipo.com.mx\/storage\/2024\/06\/biden-y-tromp-min-min.jpg\",\"keywords\":[\"biden\",\"Trump\"],\"articleSection\":[\"MUNDO\"],\"inLanguage\":\"es\",\"potentialAction\":[{\"@type\":\"CommentAction\",\"name\":\"Comment\",\"target\":[\"https:\/\/www.sonoraenequipo.com.mx\/biden-llama-a-bajarle-la-temperatura-a-la-politica-pues-lo-mejor-es-permanecer-unidos\/#respond\"]}]},{\"@type\":\"WebPage\",\"@id\":\"https:\/\/www.sonoraenequipo.com.mx\/biden-llama-a-bajarle-la-temperatura-a-la-politica-pues-lo-mejor-es-permanecer-unidos\/\",\"url\":\"https:\/\/www.sonoraenequipo.com.mx\/biden-llama-a-bajarle-la-temperatura-a-la-politica-pues-lo-mejor-es-permanecer-unidos\/\",\"name\":\"Sonora en Equipo. Biden: llama a bajarle la temperatura a la pol\u00edtica pues lo mejor es permanecer unidos MUNDO\",\"isPartOf\":{\"@id\":\"https:\/\/www.sonoraenequipo.com.mx\/#website\"},\"primaryImageOfPage\":{\"@id\":\"https:\/\/www.sonoraenequipo.com.mx\/biden-llama-a-bajarle-la-temperatura-a-la-politica-pues-lo-mejor-es-permanecer-unidos\/#primaryimage\"},\"image\":{\"@id\":\"https:\/\/www.sonoraenequipo.com.mx\/biden-llama-a-bajarle-la-temperatura-a-la-politica-pues-lo-mejor-es-permanecer-unidos\/#primaryimage\"},\"thumbnailUrl\":\"https:\/\/www.sonoraenequipo.com.mx\/storage\/2024\/06\/biden-y-tromp-min-min.jpg\",\"datePublished\":\"2024-07-15T20:41:06+00:00\",\"description\":\"WASHINGTON. \u0336 \u0336\u00a0 El presidente de Estados Unidos, Joe Biden, dijo el domingo que las diferencias en el pa\u00eds se resuelven en las urnas y reiter\u00f3 que no hay En Sonora en Equipo publicamos toda la informaci\u00f3n de Sonora, M\u00e9xico y el Mundo de manera oportuna y busca que la libertad de expresi\u00f3n sea real. Visita nuestro medio informativo publicado desde Hermosillo, Sonora. %\",\"breadcrumb\":{\"@id\":\"https:\/\/www.sonoraenequipo.com.mx\/biden-llama-a-bajarle-la-temperatura-a-la-politica-pues-lo-mejor-es-permanecer-unidos\/#breadcrumb\"},\"inLanguage\":\"es\",\"potentialAction\":[{\"@type\":\"ReadAction\",\"target\":[\"https:\/\/www.sonoraenequipo.com.mx\/biden-llama-a-bajarle-la-temperatura-a-la-politica-pues-lo-mejor-es-permanecer-unidos\/\"]}]},{\"@type\":\"ImageObject\",\"inLanguage\":\"es\",\"@id\":\"https:\/\/www.sonoraenequipo.com.mx\/biden-llama-a-bajarle-la-temperatura-a-la-politica-pues-lo-mejor-es-permanecer-unidos\/#primaryimage\",\"url\":\"https:\/\/www.sonoraenequipo.com.mx\/storage\/2024\/06\/biden-y-tromp-min-min.jpg\",\"contentUrl\":\"https:\/\/www.sonoraenequipo.com.mx\/storage\/2024\/06\/biden-y-tromp-min-min.jpg\",\"width\":900,\"height\":506},{\"@type\":\"BreadcrumbList\",\"@id\":\"https:\/\/www.sonoraenequipo.com.mx\/biden-llama-a-bajarle-la-temperatura-a-la-politica-pues-lo-mejor-es-permanecer-unidos\/#breadcrumb\",\"itemListElement\":[{\"@type\":\"ListItem\",\"position\":1,\"name\":\"Portada\",\"item\":\"https:\/\/www.sonoraenequipo.com.mx\/\"},{\"@type\":\"ListItem\",\"position\":2,\"name\":\"Biden: llama a bajarle la temperatura a la pol\u00edtica pues lo mejor es permanecer unidos\"}]},{\"@type\":\"WebSite\",\"@id\":\"https:\/\/www.sonoraenequipo.com.mx\/#website\",\"url\":\"https:\/\/www.sonoraenequipo.com.mx\/\",\"name\":\"Sonora en Equipo.\",\"description\":\"Diario en l\u00ednea con Noticias desde Hermosillo, Sonora\",\"publisher\":{\"@id\":\"https:\/\/www.sonoraenequipo.com.mx\/#organization\"},\"potentialAction\":[{\"@type\":\"SearchAction\",\"target\":{\"@type\":\"EntryPoint\",\"urlTemplate\":\"https:\/\/www.sonoraenequipo.com.mx\/?s={search_term_string}\"},\"query-input\":{\"@type\":\"PropertyValueSpecification\",\"valueRequired\":true,\"valueName\":\"search_term_string\"}}],\"inLanguage\":\"es\"},{\"@type\":\"Organization\",\"@id\":\"https:\/\/www.sonoraenequipo.com.mx\/#organization\",\"name\":\"Sonoraenequipo.com.mx\",\"url\":\"https:\/\/www.sonoraenequipo.com.mx\/\",\"logo\":{\"@type\":\"ImageObject\",\"inLanguage\":\"es\",\"@id\":\"https:\/\/www.sonoraenequipo.com.mx\/#\/schema\/logo\/image\/\",\"url\":\"https:\/\/www.sonoraenequipo.com.mx\/storage\/2019\/01\/sonoraenequipo_opt.png\",\"contentUrl\":\"https:\/\/www.sonoraenequipo.com.mx\/storage\/2019\/01\/sonoraenequipo_opt.png\",\"width\":375,\"height\":125,\"caption\":\"Sonoraenequipo.com.mx\"},\"image\":{\"@id\":\"https:\/\/www.sonoraenequipo.com.mx\/#\/schema\/logo\/image\/\"},\"sameAs\":[\"https:\/\/www.facebook.com\/SonoraEE\/\",\"https:\/\/x.com\/sonoraenequipo\",\"https:\/\/www.youtube.com\/channel\/UC338nW-lPEYmJQs4ZABQ1SQ\"]},{\"@type\":\"Person\",\"@id\":\"https:\/\/www.sonoraenequipo.com.mx\/#\/schema\/person\/50102df0fb23a8fa9e8effad8fa81386\",\"name\":\"enequipo\",\"image\":{\"@type\":\"ImageObject\",\"inLanguage\":\"es\",\"@id\":\"https:\/\/www.sonoraenequipo.com.mx\/#\/schema\/person\/image\/\",\"url\":\"https:\/\/secure.gravatar.com\/avatar\/049821681b589dabc0bc20695993ccebb09f5b5d4d790cd9251b97faac7c652b?s=96&d=blank&r=g\",\"contentUrl\":\"https:\/\/secure.gravatar.com\/avatar\/049821681b589dabc0bc20695993ccebb09f5b5d4d790cd9251b97faac7c652b?s=96&d=blank&r=g\",\"caption\":\"enequipo\"},\"sameAs\":[\"https:\/\/www.facebook.com\/SonoraEE\"]}]}<\/script>\n ","yoast_head_json":{"title":"Sonora en Equipo. Biden: llama a bajarle la temperatura a la pol\u00edtica pues lo mejor es permanecer unidos MUNDO","description":"WASHINGTON. \u0336 \u0336\u00a0 El presidente de Estados Unidos, Joe Biden, dijo el domingo que las diferencias en el pa\u00eds se resuelven en las urnas y reiter\u00f3 que no hay En Sonora en Equipo publicamos toda la informaci\u00f3n de Sonora, M\u00e9xico y el Mundo de manera oportuna y busca que la libertad de expresi\u00f3n sea real. Visita nuestro medio informativo publicado desde Hermosillo, Sonora. %","robots":{"index":"index","follow":"follow","max-snippet":"max-snippet:-1","max-image-preview":"max-image-preview:large","max-video-preview":"max-video-preview:-1"},"canonical":"https:\/\/www.sonoraenequipo.com.mx\/biden-llama-a-bajarle-la-temperatura-a-la-politica-pues-lo-mejor-es-permanecer-unidos\/","og_locale":"es_ES","og_type":"article","og_title":"Sonora en Equipo. Biden: llama a bajarle la temperatura a la pol\u00edtica pues lo mejor es permanecer unidos MUNDO","og_description":"WASHINGTON. \u0336 \u0336\u00a0 El presidente de Estados Unidos, Joe Biden, dijo el domingo que las diferencias en el pa\u00eds se resuelven en las urnas y reiter\u00f3 que no hay En Sonora en Equipo publicamos toda la informaci\u00f3n de Sonora, M\u00e9xico y el Mundo de manera oportuna y busca que la libertad de expresi\u00f3n sea real. Visita nuestro medio informativo publicado desde Hermosillo, Sonora. %","og_url":"https:\/\/www.sonoraenequipo.com.mx\/biden-llama-a-bajarle-la-temperatura-a-la-politica-pues-lo-mejor-es-permanecer-unidos\/","og_site_name":"Sonora en Equipo.","article_publisher":"https:\/\/www.facebook.com\/SonoraEE\/","article_author":"https:\/\/www.facebook.com\/SonoraEE","article_published_time":"2024-07-15T20:41:06+00:00","og_image":[{"width":900,"height":506,"url":"https:\/\/www.sonoraenequipo.com.mx\/storage\/2024\/06\/biden-y-tromp-min-min.jpg","type":"image\/jpeg"}],"author":"enequipo","twitter_card":"summary_large_image","twitter_creator":"@sonoraenequipo","twitter_site":"@sonoraenequipo","twitter_misc":{"Escrito por":"enequipo","Tiempo de lectura":"4 minutos"},"schema":{"@context":"https:\/\/schema.org","@graph":[{"@type":"Article","@id":"https:\/\/www.sonoraenequipo.com.mx\/biden-llama-a-bajarle-la-temperatura-a-la-politica-pues-lo-mejor-es-permanecer-unidos\/#article","isPartOf":{"@id":"https:\/\/www.sonoraenequipo.com.mx\/biden-llama-a-bajarle-la-temperatura-a-la-politica-pues-lo-mejor-es-permanecer-unidos\/"},"author":{"name":"enequipo","@id":"https:\/\/www.sonoraenequipo.com.mx\/#\/schema\/person\/50102df0fb23a8fa9e8effad8fa81386"},"headline":"Biden: llama a bajarle la temperatura a la pol\u00edtica pues lo mejor es permanecer unidos","datePublished":"2024-07-15T20:41:06+00:00","mainEntityOfPage":{"@id":"https:\/\/www.sonoraenequipo.com.mx\/biden-llama-a-bajarle-la-temperatura-a-la-politica-pues-lo-mejor-es-permanecer-unidos\/"},"wordCount":773,"commentCount":0,"publisher":{"@id":"https:\/\/www.sonoraenequipo.com.mx\/#organization"},"image":{"@id":"https:\/\/www.sonoraenequipo.com.mx\/biden-llama-a-bajarle-la-temperatura-a-la-politica-pues-lo-mejor-es-permanecer-unidos\/#primaryimage"},"thumbnailUrl":"https:\/\/www.sonoraenequipo.com.mx\/storage\/2024\/06\/biden-y-tromp-min-min.jpg","keywords":["biden","Trump"],"articleSection":["MUNDO"],"inLanguage":"es","potentialAction":[{"@type":"CommentAction","name":"Comment","target":["https:\/\/www.sonoraenequipo.com.mx\/biden-llama-a-bajarle-la-temperatura-a-la-politica-pues-lo-mejor-es-permanecer-unidos\/#respond"]}]},{"@type":"WebPage","@id":"https:\/\/www.sonoraenequipo.com.mx\/biden-llama-a-bajarle-la-temperatura-a-la-politica-pues-lo-mejor-es-permanecer-unidos\/","url":"https:\/\/www.sonoraenequipo.com.mx\/biden-llama-a-bajarle-la-temperatura-a-la-politica-pues-lo-mejor-es-permanecer-unidos\/","name":"Sonora en Equipo. Biden: llama a bajarle la temperatura a la pol\u00edtica pues lo mejor es permanecer unidos MUNDO","isPartOf":{"@id":"https:\/\/www.sonoraenequipo.com.mx\/#website"},"primaryImageOfPage":{"@id":"https:\/\/www.sonoraenequipo.com.mx\/biden-llama-a-bajarle-la-temperatura-a-la-politica-pues-lo-mejor-es-permanecer-unidos\/#primaryimage"},"image":{"@id":"https:\/\/www.sonoraenequipo.com.mx\/biden-llama-a-bajarle-la-temperatura-a-la-politica-pues-lo-mejor-es-permanecer-unidos\/#primaryimage"},"thumbnailUrl":"https:\/\/www.sonoraenequipo.com.mx\/storage\/2024\/06\/biden-y-tromp-min-min.jpg","datePublished":"2024-07-15T20:41:06+00:00","description":"WASHINGTON. \u0336 \u0336\u00a0 El presidente de Estados Unidos, Joe Biden, dijo el domingo que las diferencias en el pa\u00eds se resuelven en las urnas y reiter\u00f3 que no hay En Sonora en Equipo publicamos toda la informaci\u00f3n de Sonora, M\u00e9xico y el Mundo de manera oportuna y busca que la libertad de expresi\u00f3n sea real. Visita nuestro medio informativo publicado desde Hermosillo, Sonora. %","breadcrumb":{"@id":"https:\/\/www.sonoraenequipo.com.mx\/biden-llama-a-bajarle-la-temperatura-a-la-politica-pues-lo-mejor-es-permanecer-unidos\/#breadcrumb"},"inLanguage":"es","potentialAction":[{"@type":"ReadAction","target":["https:\/\/www.sonoraenequipo.com.mx\/biden-llama-a-bajarle-la-temperatura-a-la-politica-pues-lo-mejor-es-permanecer-unidos\/"]}]},{"@type":"ImageObject","inLanguage":"es","@id":"https:\/\/www.sonoraenequipo.com.mx\/biden-llama-a-bajarle-la-temperatura-a-la-politica-pues-lo-mejor-es-permanecer-unidos\/#primaryimage","url":"https:\/\/www.sonoraenequipo.com.mx\/storage\/2024\/06\/biden-y-tromp-min-min.jpg","contentUrl":"https:\/\/www.sonoraenequipo.com.mx\/storage\/2024\/06\/biden-y-tromp-min-min.jpg","width":900,"height":506},{"@type":"BreadcrumbList","@id":"https:\/\/www.sonoraenequipo.com.mx\/biden-llama-a-bajarle-la-temperatura-a-la-politica-pues-lo-mejor-es-permanecer-unidos\/#breadcrumb","itemListElement":[{"@type":"ListItem","position":1,"name":"Portada","item":"https:\/\/www.sonoraenequipo.com.mx\/"},{"@type":"ListItem","position":2,"name":"Biden: llama a bajarle la temperatura a la pol\u00edtica pues lo mejor es permanecer unidos"}]},{"@type":"WebSite","@id":"https:\/\/www.sonoraenequipo.com.mx\/#website","url":"https:\/\/www.sonoraenequipo.com.mx\/","name":"Sonora en Equipo.","description":"Diario en l\u00ednea con Noticias desde Hermosillo, Sonora","publisher":{"@id":"https:\/\/www.sonoraenequipo.com.mx\/#organization"},"potentialAction":[{"@type":"SearchAction","target":{"@type":"EntryPoint","urlTemplate":"https:\/\/www.sonoraenequipo.com.mx\/?s={search_term_string}"},"query-input":{"@type":"PropertyValueSpecification","valueRequired":true,"valueName":"search_term_string"}}],"inLanguage":"es"},{"@type":"Organization","@id":"https:\/\/www.sonoraenequipo.com.mx\/#organization","name":"Sonoraenequipo.com.mx","url":"https:\/\/www.sonoraenequipo.com.mx\/","logo":{"@type":"ImageObject","inLanguage":"es","@id":"https:\/\/www.sonoraenequipo.com.mx\/#\/schema\/logo\/image\/","url":"https:\/\/www.sonoraenequipo.com.mx\/storage\/2019\/01\/sonoraenequipo_opt.png","contentUrl":"https:\/\/www.sonoraenequipo.com.mx\/storage\/2019\/01\/sonoraenequipo_opt.png","width":375,"height":125,"caption":"Sonoraenequipo.com.mx"},"image":{"@id":"https:\/\/www.sonoraenequipo.com.mx\/#\/schema\/logo\/image\/"},"sameAs":["https:\/\/www.facebook.com\/SonoraEE\/","https:\/\/x.com\/sonoraenequipo","https:\/\/www.youtube.com\/channel\/UC338nW-lPEYmJQs4ZABQ1SQ"]},{"@type":"Person","@id":"https:\/\/www.sonoraenequipo.com.mx\/#\/schema\/person\/50102df0fb23a8fa9e8effad8fa81386","name":"enequipo","image":{"@type":"ImageObject","inLanguage":"es","@id":"https:\/\/www.sonoraenequipo.com.mx\/#\/schema\/person\/image\/","url":"https:\/\/secure.gravatar.com\/avatar\/049821681b589dabc0bc20695993ccebb09f5b5d4d790cd9251b97faac7c652b?s=96&d=blank&r=g","contentUrl":"https:\/\/secure.gravatar.com\/avatar\/049821681b589dabc0bc20695993ccebb09f5b5d4d790cd9251b97faac7c652b?s=96&d=blank&r=g","caption":"enequipo"},"sameAs":["https:\/\/www.facebook.com\/SonoraEE"]}]}},"jetpack_featured_media_url":"https:\/\/www.sonoraenequipo.com.mx\/storage\/2024\/06\/biden-y-tromp-min-min.jpg","_links":{"self":[{"href":"https:\/\/www.sonoraenequipo.com.mx\/api\/wp\/v2\/posts\/194586","targetHints":{"allow":["GET"]}}],"collection":[{"href":"https:\/\/www.sonoraenequipo.com.mx\/api\/wp\/v2\/posts"}],"about":[{"href":"https:\/\/www.sonoraenequipo.com.mx\/api\/wp\/v2\/types\/post"}],"author":[{"embeddable":true,"href":"https:\/\/www.sonoraenequipo.com.mx\/api\/wp\/v2\/users\/1"}],"replies":[{"embeddable":true,"href":"https:\/\/www.sonoraenequipo.com.mx\/api\/wp\/v2\/comments?post=194586"}],"version-history":[{"count":1,"href":"https:\/\/www.sonoraenequipo.com.mx\/api\/wp\/v2\/posts\/194586\/revisions"}],"predecessor-version":[{"id":194587,"href":"https:\/\/www.sonoraenequipo.com.mx\/api\/wp\/v2\/posts\/194586\/revisions\/194587"}],"wp:featuredmedia":[{"embeddable":true,"href":"https:\/\/www.sonoraenequipo.com.mx\/api\/wp\/v2\/media\/193425"}],"wp:attachment":[{"href":"https:\/\/www.sonoraenequipo.com.mx\/api\/wp\/v2\/media?parent=194586"}],"wp:term":[{"taxonomy":"category","embeddable":true,"href":"https:\/\/www.sonoraenequipo.com.mx\/api\/wp\/v2\/categories?post=194586"},{"taxonomy":"post_tag","embeddable":true,"href":"https:\/\/www.sonoraenequipo.com.mx\/api\/wp\/v2\/tags?post=194586"}],"curies":[{"name":"wp","href":"https:\/\/api.w.org\/{rel}","templated":true}]}}