{"id":194597,"date":"2024-07-15T15:38:09","date_gmt":"2024-07-15T22:38:09","guid":{"rendered":"https:\/\/www.sonoraenequipo.com.mx\/?p=194597"},"modified":"2024-07-15T15:38:09","modified_gmt":"2024-07-15T22:38:09","slug":"jueza-desestima-caso-contra-trump-por-negligencia-en-uso-de-documentos-clasificados","status":"publish","type":"post","link":"https:\/\/www.sonoraenequipo.com.mx\/jueza-desestima-caso-contra-trump-por-negligencia-en-uso-de-documentos-clasificados\/","title":{"rendered":"Jueza desestima \u00a0caso contra Trump por negligencia en uso de documentos clasificados"},"content":{"rendered":"<p>La jueza Aileen Cannon, que lidera caso contra el expresidente de Estados Unidos Donald Trump por negligencia en el uso de documentos confidenciales, ha desestimado este lunes la acusaci\u00f3n en contra del magnate alegando que el nombramiento del fiscal especial Jack Smith fue inconstitucional.<\/p>\n<p><strong>Fecha de publicaci\u00f3n lunes 15 de julio de 2024 \/ Con informaci\u00f3n de Europa press<\/strong><\/p>\n","protected":false},"excerpt":{"rendered":"<p>La jueza Aileen Cannon, que lidera caso contra el expresidente de Estados Unidos Donald Trump&#8230;<\/p>\n","protected":false},"author":1,"featured_media":193497,"comment_status":"open","ping_status":"open","sticky":false,"template":"","format":"standard","meta":{"_monsterinsights_skip_tracking":false,"_monsterinsights_sitenote_active":false,"_monsterinsights_sitenote_note":"","_monsterinsights_sitenote_category":0,"footnotes":""},"categories":[3],"tags":[463,4759,1898],"class_list":["post"],"yoast_head":" \n<title>Sonora en Equipo. Jueza desestima \u00a0caso contra Trump por negligencia en uso de documentos clasificados MUNDO<\/title>\n<meta name=\"description\" content=\"La jueza Aileen Cannon, que lidera caso contra el expresidente de Estados Unidos Donald Trump por negligencia en el uso de documentos confidenciales, ha En Sonora en Equipo publicamos toda la informaci\u00f3n de Sonora, M\u00e9xico y el Mundo de manera oportuna y busca que la libertad de expresi\u00f3n sea real. Visita nuestro medio informativo publicado desde Hermosillo, Sonora. %\" \/>\n<meta name=\"robots\" content=\"index, follow, max-snippet:-1, max-image-preview:large, max-video-preview:-1\" \/>\n<link rel=\"canonical\" href=\"https:\/\/www.sonoraenequipo.com.mx\/jueza-desestima-caso-contra-trump-por-negligencia-en-uso-de-documentos-clasificados\/\" \/>\n<meta property=\"og:locale\" content=\"es_ES\" \/>\n<meta property=\"og:type\" content=\"article\" \/>\n<meta property=\"og:title\" content=\"Sonora en Equipo. Jueza desestima \u00a0caso contra Trump por negligencia en uso de documentos clasificados MUNDO\" \/>\n<meta property=\"og:description\" content=\"La jueza Aileen Cannon, que lidera caso contra el expresidente de Estados Unidos Donald Trump por negligencia en el uso de documentos confidenciales, ha En Sonora en Equipo publicamos toda la informaci\u00f3n de Sonora, M\u00e9xico y el Mundo de manera oportuna y busca que la libertad de expresi\u00f3n sea real. Visita nuestro medio informativo publicado desde Hermosillo, Sonora. %\" \/>\n<meta property=\"og:url\" content=\"https:\/\/www.sonoraenequipo.com.mx\/jueza-desestima-caso-contra-trump-por-negligencia-en-uso-de-documentos-clasificados\/\" \/>\n<meta property=\"og:site_name\" content=\"Sonora en Equipo.\" \/>\n<meta property=\"article:publisher\" content=\"https:\/\/www.facebook.com\/SonoraEE\/\" \/>\n<meta property=\"article:author\" content=\"https:\/\/www.facebook.com\/SonoraEE\" \/>\n<meta property=\"article:published_time\" content=\"2024-07-15T22:38:09+00:00\" \/>\n<meta property=\"og:image\" content=\"https:\/\/www.sonoraenequipo.com.mx\/storage\/2024\/07\/donald-Trump-min.jpg\" \/>\n\t<meta property=\"og:image:width\" content=\"1920\" \/>\n\t<meta property=\"og:image:height\" content=\"1283\" \/>\n\t<meta property=\"og:image:type\" content=\"image\/jpeg\" \/>\n<meta name=\"author\" content=\"enequipo\" \/>\n<meta name=\"twitter:card\" content=\"summary_large_image\" \/>\n<meta name=\"twitter:creator\" content=\"@sonoraenequipo\" \/>\n<meta name=\"twitter:site\" content=\"@sonoraenequipo\" \/>\n<meta name=\"twitter:label1\" content=\"Escrito por\" \/>\n\t<meta name=\"twitter:data1\" content=\"enequipo\" \/>\n<script type=\"application\/ld+json\" class=\"yoast-schema-graph\">{\"@context\":\"https:\/\/schema.org\",\"@graph\":[{\"@type\":\"Article\",\"@id\":\"https:\/\/www.sonoraenequipo.com.mx\/jueza-desestima-caso-contra-trump-por-negligencia-en-uso-de-documentos-clasificados\/#article\",\"isPartOf\":{\"@id\":\"https:\/\/www.sonoraenequipo.com.mx\/jueza-desestima-caso-contra-trump-por-negligencia-en-uso-de-documentos-clasificados\/\"},\"author\":{\"name\":\"enequipo\",\"@id\":\"https:\/\/www.sonoraenequipo.com.mx\/#\/schema\/person\/50102df0fb23a8fa9e8effad8fa81386\"},\"headline\":\"Jueza desestima \u00a0caso contra Trump por negligencia en uso de documentos clasificados\",\"datePublished\":\"2024-07-15T22:38:09+00:00\",\"mainEntityOfPage\":{\"@id\":\"https:\/\/www.sonoraenequipo.com.mx\/jueza-desestima-caso-contra-trump-por-negligencia-en-uso-de-documentos-clasificados\/\"},\"wordCount\":71,\"commentCount\":0,\"publisher\":{\"@id\":\"https:\/\/www.sonoraenequipo.com.mx\/#organization\"},\"image\":{\"@id\":\"https:\/\/www.sonoraenequipo.com.mx\/jueza-desestima-caso-contra-trump-por-negligencia-en-uso-de-documentos-clasificados\/#primaryimage\"},\"thumbnailUrl\":\"https:\/\/www.sonoraenequipo.com.mx\/storage\/2024\/07\/donald-Trump-min.jpg\",\"keywords\":[\"atentado\",\"juicio\",\"Trump\"],\"articleSection\":[\"MUNDO\"],\"inLanguage\":\"es\",\"potentialAction\":[{\"@type\":\"CommentAction\",\"name\":\"Comment\",\"target\":[\"https:\/\/www.sonoraenequipo.com.mx\/jueza-desestima-caso-contra-trump-por-negligencia-en-uso-de-documentos-clasificados\/#respond\"]}]},{\"@type\":\"WebPage\",\"@id\":\"https:\/\/www.sonoraenequipo.com.mx\/jueza-desestima-caso-contra-trump-por-negligencia-en-uso-de-documentos-clasificados\/\",\"url\":\"https:\/\/www.sonoraenequipo.com.mx\/jueza-desestima-caso-contra-trump-por-negligencia-en-uso-de-documentos-clasificados\/\",\"name\":\"Sonora en Equipo. Jueza desestima \u00a0caso contra Trump por negligencia en uso de documentos clasificados MUNDO\",\"isPartOf\":{\"@id\":\"https:\/\/www.sonoraenequipo.com.mx\/#website\"},\"primaryImageOfPage\":{\"@id\":\"https:\/\/www.sonoraenequipo.com.mx\/jueza-desestima-caso-contra-trump-por-negligencia-en-uso-de-documentos-clasificados\/#primaryimage\"},\"image\":{\"@id\":\"https:\/\/www.sonoraenequipo.com.mx\/jueza-desestima-caso-contra-trump-por-negligencia-en-uso-de-documentos-clasificados\/#primaryimage\"},\"thumbnailUrl\":\"https:\/\/www.sonoraenequipo.com.mx\/storage\/2024\/07\/donald-Trump-min.jpg\",\"datePublished\":\"2024-07-15T22:38:09+00:00\",\"description\":\"La jueza Aileen Cannon, que lidera caso contra el expresidente de Estados Unidos Donald Trump por negligencia en el uso de documentos confidenciales, ha En Sonora en Equipo publicamos toda la informaci\u00f3n de Sonora, M\u00e9xico y el Mundo de manera oportuna y busca que la libertad de expresi\u00f3n sea real. Visita nuestro medio informativo publicado desde Hermosillo, Sonora. %\",\"breadcrumb\":{\"@id\":\"https:\/\/www.sonoraenequipo.com.mx\/jueza-desestima-caso-contra-trump-por-negligencia-en-uso-de-documentos-clasificados\/#breadcrumb\"},\"inLanguage\":\"es\",\"potentialAction\":[{\"@type\":\"ReadAction\",\"target\":[\"https:\/\/www.sonoraenequipo.com.mx\/jueza-desestima-caso-contra-trump-por-negligencia-en-uso-de-documentos-clasificados\/\"]}]},{\"@type\":\"ImageObject\",\"inLanguage\":\"es\",\"@id\":\"https:\/\/www.sonoraenequipo.com.mx\/jueza-desestima-caso-contra-trump-por-negligencia-en-uso-de-documentos-clasificados\/#primaryimage\",\"url\":\"https:\/\/www.sonoraenequipo.com.mx\/storage\/2024\/07\/donald-Trump-min.jpg\",\"contentUrl\":\"https:\/\/www.sonoraenequipo.com.mx\/storage\/2024\/07\/donald-Trump-min.jpg\",\"width\":1920,\"height\":1283},{\"@type\":\"BreadcrumbList\",\"@id\":\"https:\/\/www.sonoraenequipo.com.mx\/jueza-desestima-caso-contra-trump-por-negligencia-en-uso-de-documentos-clasificados\/#breadcrumb\",\"itemListElement\":[{\"@type\":\"ListItem\",\"position\":1,\"name\":\"Portada\",\"item\":\"https:\/\/www.sonoraenequipo.com.mx\/\"},{\"@type\":\"ListItem\",\"position\":2,\"name\":\"Jueza desestima \u00a0caso contra Trump por negligencia en uso de documentos clasificados\"}]},{\"@type\":\"WebSite\",\"@id\":\"https:\/\/www.sonoraenequipo.com.mx\/#website\",\"url\":\"https:\/\/www.sonoraenequipo.com.mx\/\",\"name\":\"Sonora en Equipo.\",\"description\":\"Diario en l\u00ednea con Noticias desde Hermosillo, Sonora\",\"publisher\":{\"@id\":\"https:\/\/www.sonoraenequipo.com.mx\/#organization\"},\"potentialAction\":[{\"@type\":\"SearchAction\",\"target\":{\"@type\":\"EntryPoint\",\"urlTemplate\":\"https:\/\/www.sonoraenequipo.com.mx\/?s={search_term_string}\"},\"query-input\":{\"@type\":\"PropertyValueSpecification\",\"valueRequired\":true,\"valueName\":\"search_term_string\"}}],\"inLanguage\":\"es\"},{\"@type\":\"Organization\",\"@id\":\"https:\/\/www.sonoraenequipo.com.mx\/#organization\",\"name\":\"Sonoraenequipo.com.mx\",\"url\":\"https:\/\/www.sonoraenequipo.com.mx\/\",\"logo\":{\"@type\":\"ImageObject\",\"inLanguage\":\"es\",\"@id\":\"https:\/\/www.sonoraenequipo.com.mx\/#\/schema\/logo\/image\/\",\"url\":\"https:\/\/www.sonoraenequipo.com.mx\/storage\/2019\/01\/sonoraenequipo_opt.png\",\"contentUrl\":\"https:\/\/www.sonoraenequipo.com.mx\/storage\/2019\/01\/sonoraenequipo_opt.png\",\"width\":375,\"height\":125,\"caption\":\"Sonoraenequipo.com.mx\"},\"image\":{\"@id\":\"https:\/\/www.sonoraenequipo.com.mx\/#\/schema\/logo\/image\/\"},\"sameAs\":[\"https:\/\/www.facebook.com\/SonoraEE\/\",\"https:\/\/x.com\/sonoraenequipo\",\"https:\/\/www.youtube.com\/channel\/UC338nW-lPEYmJQs4ZABQ1SQ\"]},{\"@type\":\"Person\",\"@id\":\"https:\/\/www.sonoraenequipo.com.mx\/#\/schema\/person\/50102df0fb23a8fa9e8effad8fa81386\",\"name\":\"enequipo\",\"image\":{\"@type\":\"ImageObject\",\"inLanguage\":\"es\",\"@id\":\"https:\/\/www.sonoraenequipo.com.mx\/#\/schema\/person\/image\/\",\"url\":\"https:\/\/secure.gravatar.com\/avatar\/049821681b589dabc0bc20695993ccebb09f5b5d4d790cd9251b97faac7c652b?s=96&d=blank&r=g\",\"contentUrl\":\"https:\/\/secure.gravatar.com\/avatar\/049821681b589dabc0bc20695993ccebb09f5b5d4d790cd9251b97faac7c652b?s=96&d=blank&r=g\",\"caption\":\"enequipo\"},\"sameAs\":[\"https:\/\/www.facebook.com\/SonoraEE\"]}]}<\/script>\n ","yoast_head_json":{"title":"Sonora en Equipo. Jueza desestima \u00a0caso contra Trump por negligencia en uso de documentos clasificados MUNDO","description":"La jueza Aileen Cannon, que lidera caso contra el expresidente de Estados Unidos Donald Trump por negligencia en el uso de documentos confidenciales, ha En Sonora en Equipo publicamos toda la informaci\u00f3n de Sonora, M\u00e9xico y el Mundo de manera oportuna y busca que la libertad de expresi\u00f3n sea real. Visita nuestro medio informativo publicado desde Hermosillo, Sonora. %","robots":{"index":"index","follow":"follow","max-snippet":"max-snippet:-1","max-image-preview":"max-image-preview:large","max-video-preview":"max-video-preview:-1"},"canonical":"https:\/\/www.sonoraenequipo.com.mx\/jueza-desestima-caso-contra-trump-por-negligencia-en-uso-de-documentos-clasificados\/","og_locale":"es_ES","og_type":"article","og_title":"Sonora en Equipo. Jueza desestima \u00a0caso contra Trump por negligencia en uso de documentos clasificados MUNDO","og_description":"La jueza Aileen Cannon, que lidera caso contra el expresidente de Estados Unidos Donald Trump por negligencia en el uso de documentos confidenciales, ha En Sonora en Equipo publicamos toda la informaci\u00f3n de Sonora, M\u00e9xico y el Mundo de manera oportuna y busca que la libertad de expresi\u00f3n sea real. Visita nuestro medio informativo publicado desde Hermosillo, Sonora. %","og_url":"https:\/\/www.sonoraenequipo.com.mx\/jueza-desestima-caso-contra-trump-por-negligencia-en-uso-de-documentos-clasificados\/","og_site_name":"Sonora en Equipo.","article_publisher":"https:\/\/www.facebook.com\/SonoraEE\/","article_author":"https:\/\/www.facebook.com\/SonoraEE","article_published_time":"2024-07-15T22:38:09+00:00","og_image":[{"width":1920,"height":1283,"url":"https:\/\/www.sonoraenequipo.com.mx\/storage\/2024\/07\/donald-Trump-min.jpg","type":"image\/jpeg"}],"author":"enequipo","twitter_card":"summary_large_image","twitter_creator":"@sonoraenequipo","twitter_site":"@sonoraenequipo","twitter_misc":{"Escrito por":"enequipo"},"schema":{"@context":"https:\/\/schema.org","@graph":[{"@type":"Article","@id":"https:\/\/www.sonoraenequipo.com.mx\/jueza-desestima-caso-contra-trump-por-negligencia-en-uso-de-documentos-clasificados\/#article","isPartOf":{"@id":"https:\/\/www.sonoraenequipo.com.mx\/jueza-desestima-caso-contra-trump-por-negligencia-en-uso-de-documentos-clasificados\/"},"author":{"name":"enequipo","@id":"https:\/\/www.sonoraenequipo.com.mx\/#\/schema\/person\/50102df0fb23a8fa9e8effad8fa81386"},"headline":"Jueza desestima \u00a0caso contra Trump por negligencia en uso de documentos clasificados","datePublished":"2024-07-15T22:38:09+00:00","mainEntityOfPage":{"@id":"https:\/\/www.sonoraenequipo.com.mx\/jueza-desestima-caso-contra-trump-por-negligencia-en-uso-de-documentos-clasificados\/"},"wordCount":71,"commentCount":0,"publisher":{"@id":"https:\/\/www.sonoraenequipo.com.mx\/#organization"},"image":{"@id":"https:\/\/www.sonoraenequipo.com.mx\/jueza-desestima-caso-contra-trump-por-negligencia-en-uso-de-documentos-clasificados\/#primaryimage"},"thumbnailUrl":"https:\/\/www.sonoraenequipo.com.mx\/storage\/2024\/07\/donald-Trump-min.jpg","keywords":["atentado","juicio","Trump"],"articleSection":["MUNDO"],"inLanguage":"es","potentialAction":[{"@type":"CommentAction","name":"Comment","target":["https:\/\/www.sonoraenequipo.com.mx\/jueza-desestima-caso-contra-trump-por-negligencia-en-uso-de-documentos-clasificados\/#respond"]}]},{"@type":"WebPage","@id":"https:\/\/www.sonoraenequipo.com.mx\/jueza-desestima-caso-contra-trump-por-negligencia-en-uso-de-documentos-clasificados\/","url":"https:\/\/www.sonoraenequipo.com.mx\/jueza-desestima-caso-contra-trump-por-negligencia-en-uso-de-documentos-clasificados\/","name":"Sonora en Equipo. Jueza desestima \u00a0caso contra Trump por negligencia en uso de documentos clasificados MUNDO","isPartOf":{"@id":"https:\/\/www.sonoraenequipo.com.mx\/#website"},"primaryImageOfPage":{"@id":"https:\/\/www.sonoraenequipo.com.mx\/jueza-desestima-caso-contra-trump-por-negligencia-en-uso-de-documentos-clasificados\/#primaryimage"},"image":{"@id":"https:\/\/www.sonoraenequipo.com.mx\/jueza-desestima-caso-contra-trump-por-negligencia-en-uso-de-documentos-clasificados\/#primaryimage"},"thumbnailUrl":"https:\/\/www.sonoraenequipo.com.mx\/storage\/2024\/07\/donald-Trump-min.jpg","datePublished":"2024-07-15T22:38:09+00:00","description":"La jueza Aileen Cannon, que lidera caso contra el expresidente de Estados Unidos Donald Trump por negligencia en el uso de documentos confidenciales, ha En Sonora en Equipo publicamos toda la informaci\u00f3n de Sonora, M\u00e9xico y el Mundo de manera oportuna y busca que la libertad de expresi\u00f3n sea real. Visita nuestro medio informativo publicado desde Hermosillo, Sonora. %","breadcrumb":{"@id":"https:\/\/www.sonoraenequipo.com.mx\/jueza-desestima-caso-contra-trump-por-negligencia-en-uso-de-documentos-clasificados\/#breadcrumb"},"inLanguage":"es","potentialAction":[{"@type":"ReadAction","target":["https:\/\/www.sonoraenequipo.com.mx\/jueza-desestima-caso-contra-trump-por-negligencia-en-uso-de-documentos-clasificados\/"]}]},{"@type":"ImageObject","inLanguage":"es","@id":"https:\/\/www.sonoraenequipo.com.mx\/jueza-desestima-caso-contra-trump-por-negligencia-en-uso-de-documentos-clasificados\/#primaryimage","url":"https:\/\/www.sonoraenequipo.com.mx\/storage\/2024\/07\/donald-Trump-min.jpg","contentUrl":"https:\/\/www.sonoraenequipo.com.mx\/storage\/2024\/07\/donald-Trump-min.jpg","width":1920,"height":1283},{"@type":"BreadcrumbList","@id":"https:\/\/www.sonoraenequipo.com.mx\/jueza-desestima-caso-contra-trump-por-negligencia-en-uso-de-documentos-clasificados\/#breadcrumb","itemListElement":[{"@type":"ListItem","position":1,"name":"Portada","item":"https:\/\/www.sonoraenequipo.com.mx\/"},{"@type":"ListItem","position":2,"name":"Jueza desestima \u00a0caso contra Trump por negligencia en uso de documentos clasificados"}]},{"@type":"WebSite","@id":"https:\/\/www.sonoraenequipo.com.mx\/#website","url":"https:\/\/www.sonoraenequipo.com.mx\/","name":"Sonora en Equipo.","description":"Diario en l\u00ednea con Noticias desde Hermosillo, Sonora","publisher":{"@id":"https:\/\/www.sonoraenequipo.com.mx\/#organization"},"potentialAction":[{"@type":"SearchAction","target":{"@type":"EntryPoint","urlTemplate":"https:\/\/www.sonoraenequipo.com.mx\/?s={search_term_string}"},"query-input":{"@type":"PropertyValueSpecification","valueRequired":true,"valueName":"search_term_string"}}],"inLanguage":"es"},{"@type":"Organization","@id":"https:\/\/www.sonoraenequipo.com.mx\/#organization","name":"Sonoraenequipo.com.mx","url":"https:\/\/www.sonoraenequipo.com.mx\/","logo":{"@type":"ImageObject","inLanguage":"es","@id":"https:\/\/www.sonoraenequipo.com.mx\/#\/schema\/logo\/image\/","url":"https:\/\/www.sonoraenequipo.com.mx\/storage\/2019\/01\/sonoraenequipo_opt.png","contentUrl":"https:\/\/www.sonoraenequipo.com.mx\/storage\/2019\/01\/sonoraenequipo_opt.png","width":375,"height":125,"caption":"Sonoraenequipo.com.mx"},"image":{"@id":"https:\/\/www.sonoraenequipo.com.mx\/#\/schema\/logo\/image\/"},"sameAs":["https:\/\/www.facebook.com\/SonoraEE\/","https:\/\/x.com\/sonoraenequipo","https:\/\/www.youtube.com\/channel\/UC338nW-lPEYmJQs4ZABQ1SQ"]},{"@type":"Person","@id":"https:\/\/www.sonoraenequipo.com.mx\/#\/schema\/person\/50102df0fb23a8fa9e8effad8fa81386","name":"enequipo","image":{"@type":"ImageObject","inLanguage":"es","@id":"https:\/\/www.sonoraenequipo.com.mx\/#\/schema\/person\/image\/","url":"https:\/\/secure.gravatar.com\/avatar\/049821681b589dabc0bc20695993ccebb09f5b5d4d790cd9251b97faac7c652b?s=96&d=blank&r=g","contentUrl":"https:\/\/secure.gravatar.com\/avatar\/049821681b589dabc0bc20695993ccebb09f5b5d4d790cd9251b97faac7c652b?s=96&d=blank&r=g","caption":"enequipo"},"sameAs":["https:\/\/www.facebook.com\/SonoraEE"]}]}},"jetpack_featured_media_url":"https:\/\/www.sonoraenequipo.com.mx\/storage\/2024\/07\/donald-Trump-min.jpg","_links":{"self":[{"href":"https:\/\/www.sonoraenequipo.com.mx\/api\/wp\/v2\/posts\/194597","targetHints":{"allow":["GET"]}}],"collection":[{"href":"https:\/\/www.sonoraenequipo.com.mx\/api\/wp\/v2\/posts"}],"about":[{"href":"https:\/\/www.sonoraenequipo.com.mx\/api\/wp\/v2\/types\/post"}],"author":[{"embeddable":true,"href":"https:\/\/www.sonoraenequipo.com.mx\/api\/wp\/v2\/users\/1"}],"replies":[{"embeddable":true,"href":"https:\/\/www.sonoraenequipo.com.mx\/api\/wp\/v2\/comments?post=194597"}],"version-history":[{"count":1,"href":"https:\/\/www.sonoraenequipo.com.mx\/api\/wp\/v2\/posts\/194597\/revisions"}],"predecessor-version":[{"id":194598,"href":"https:\/\/www.sonoraenequipo.com.mx\/api\/wp\/v2\/posts\/194597\/revisions\/194598"}],"wp:featuredmedia":[{"embeddable":true,"href":"https:\/\/www.sonoraenequipo.com.mx\/api\/wp\/v2\/media\/193497"}],"wp:attachment":[{"href":"https:\/\/www.sonoraenequipo.com.mx\/api\/wp\/v2\/media?parent=194597"}],"wp:term":[{"taxonomy":"category","embeddable":true,"href":"https:\/\/www.sonoraenequipo.com.mx\/api\/wp\/v2\/categories?post=194597"},{"taxonomy":"post_tag","embeddable":true,"href":"https:\/\/www.sonoraenequipo.com.mx\/api\/wp\/v2\/tags?post=194597"}],"curies":[{"name":"wp","href":"https:\/\/api.w.org\/{rel}","templated":true}]}}