{"id":194599,"date":"2024-07-15T15:49:41","date_gmt":"2024-07-15T22:49:41","guid":{"rendered":"https:\/\/www.sonoraenequipo.com.mx\/?p=194599"},"modified":"2024-07-15T15:49:41","modified_gmt":"2024-07-15T22:49:41","slug":"ayuntamiento-de-hermosillo-mantendra-tramite-de-pre-cartillas-en-las-vacaciones-de-verano","status":"publish","type":"post","link":"https:\/\/www.sonoraenequipo.com.mx\/ayuntamiento-de-hermosillo-mantendra-tramite-de-pre-cartillas-en-las-vacaciones-de-verano\/","title":{"rendered":"Ayuntamiento de Hermosillo mantendr\u00e1 tr\u00e1mite de pre cartillas en las vacaciones de verano"},"content":{"rendered":"<p><strong>HERMOSILLO, SONORA, MX.<\/strong> \u2014 El Secretario del Ayuntamiento de Hermosillo, Florencio D\u00edaz Armenta inform\u00f3 que el personal del \u00e1rea de Servicios de Gobierno permanecer\u00e1 activa durante el periodo vacacional de verano a fin de atender a los j\u00f3venes clase 2006 y remisos que se presenten a tramitar su Cartilla Militar Nacional.<\/p>\n<p>&nbsp;<\/p>\n<p>\u201cAclarando, muy importante, que nosotros no vamos a cerrar en vacaciones, vamos a estar abiertos precisamente para poder atender a quienes por alguna raz\u00f3n cuando est\u00e1n en la escuela no pueden ir con nosotros\u201d, explic\u00f3.<\/p>\n<p>&nbsp;<\/p>\n<p>Record\u00f3 que las oficinas de Servicios de Gobierno se localizan en el n\u00famero 48 de la calle Nicol\u00e1s Bravo, entre Doctor Hoeffer y Doctor Paliza, de la colonia Centenario, donde se atender\u00e1 de las 8:30 a las 14:30 horas.<\/p>\n<p>&nbsp;<\/p>\n<p>El funcionario municipal revel\u00f3 que las personas que as\u00ed lo prefieran cuentan con la posibilidad de realizar el servicio militar en instalaciones de la ciudad de Tijuana durante 3 meses y despu\u00e9s de ese tiempo recibir\u00e1n su documento.<\/p>\n<p>&nbsp;<\/p>\n<p>Precis\u00f3 que se trata de una concentraci\u00f3n en instalaciones militares donde se les proveer\u00e1 traslado al lugar, alimentaci\u00f3n, atenci\u00f3n m\u00e9dica, vestuario y entrenamiento militar, as\u00ed como la cartilla luego de finalizar el programa en 3 meses.<\/p>\n<p>&nbsp;<\/p>\n<p>En este caso, a\u00f1adi\u00f3, quienes tengan inter\u00e9s en esta opci\u00f3n no requieren acudir al Gobierno Municipal sino presentarse directamente en las instalaciones del 73 Batall\u00f3n de la Cuarta Zona Militar en la colonia Loma Linda.<\/p>\n<p>&nbsp;<\/p>\n<p>Requisitos para la Pre Cartilla\u00a0 (documentos en original)<\/p>\n<ul>\n<li>Acudir \u00fanicamente el interesado<\/li>\n<li>No haber hecho el tr\u00e1mite con anterioridad<\/li>\n<li>Acta de nacimiento<\/li>\n<li>Comprobante de domicilio de antig\u00fcedad no mayor a 3 meses<\/li>\n<li>Constancia o certificado del \u00faltimo grado escolar cursado, todos en original<\/li>\n<li>CURP impresa en formato nuevo<\/li>\n<li>En el caso de remisos que residan pero no hayan nacido en Hermosillo se les pedir\u00e1 una carta de no inscripci\u00f3n emitida en su municipio de origen.<\/li>\n<li>4 fotograf\u00edas a color o blanco y negro tama\u00f1o credencial con las siguientes caracter\u00edsticas: 35 por 45 mil\u00edmetros en di\u00e1metro de cara; papel mate, no instant\u00e1neas; fondo blanco; sin retoques; sin sombras; peinado formal con ojos y frente despejados, sin barba, lentes ni aretes.<\/li>\n<\/ul>\n<p><strong>Fecha de publicaci\u00f3n lunes 15 de julio de 2024<\/strong><\/p>\n","protected":false},"excerpt":{"rendered":"<p>HERMOSILLO, SONORA, MX. \u2014 El Secretario del Ayuntamiento de Hermosillo, Florencio D\u00edaz Armenta inform\u00f3 que&#8230;<\/p>\n","protected":false},"author":1,"featured_media":183169,"comment_status":"open","ping_status":"open","sticky":false,"template":"","format":"standard","meta":{"_monsterinsights_skip_tracking":false,"_monsterinsights_sitenote_active":false,"_monsterinsights_sitenote_note":"","_monsterinsights_sitenote_category":0,"footnotes":""},"categories":[4],"tags":[5081],"class_list":["post"],"yoast_head":" \n<title>Sonora en Equipo. Ayuntamiento de Hermosillo mantendr\u00e1 tr\u00e1mite de pre cartillas en las vacaciones de verano Municipios<\/title>\n<meta name=\"description\" content=\"HERMOSILLO, SONORA, MX. \u2014 El Secretario del Ayuntamiento de Hermosillo, Florencio D\u00edaz Armenta inform\u00f3 que el personal del \u00e1rea de Servicios de Gobierno En Sonora en Equipo publicamos toda la informaci\u00f3n de Sonora, M\u00e9xico y el Mundo de manera oportuna y busca que la libertad de expresi\u00f3n sea real. Visita nuestro medio informativo publicado desde Hermosillo, Sonora. %\" \/>\n<meta name=\"robots\" content=\"index, follow, max-snippet:-1, max-image-preview:large, max-video-preview:-1\" \/>\n<link rel=\"canonical\" href=\"https:\/\/www.sonoraenequipo.com.mx\/ayuntamiento-de-hermosillo-mantendra-tramite-de-pre-cartillas-en-las-vacaciones-de-verano\/\" \/>\n<meta property=\"og:locale\" content=\"es_ES\" \/>\n<meta property=\"og:type\" content=\"article\" \/>\n<meta property=\"og:title\" content=\"Sonora en Equipo. Ayuntamiento de Hermosillo mantendr\u00e1 tr\u00e1mite de pre cartillas en las vacaciones de verano Municipios\" \/>\n<meta property=\"og:description\" content=\"HERMOSILLO, SONORA, MX. \u2014 El Secretario del Ayuntamiento de Hermosillo, Florencio D\u00edaz Armenta inform\u00f3 que el personal del \u00e1rea de Servicios de Gobierno En Sonora en Equipo publicamos toda la informaci\u00f3n de Sonora, M\u00e9xico y el Mundo de manera oportuna y busca que la libertad de expresi\u00f3n sea real. Visita nuestro medio informativo publicado desde Hermosillo, Sonora. %\" \/>\n<meta property=\"og:url\" content=\"https:\/\/www.sonoraenequipo.com.mx\/ayuntamiento-de-hermosillo-mantendra-tramite-de-pre-cartillas-en-las-vacaciones-de-verano\/\" \/>\n<meta property=\"og:site_name\" content=\"Sonora en Equipo.\" \/>\n<meta property=\"article:publisher\" content=\"https:\/\/www.facebook.com\/SonoraEE\/\" \/>\n<meta property=\"article:author\" content=\"https:\/\/www.facebook.com\/SonoraEE\" \/>\n<meta property=\"article:published_time\" content=\"2024-07-15T22:49:41+00:00\" \/>\n<meta property=\"og:image\" content=\"https:\/\/www.sonoraenequipo.com.mx\/storage\/2024\/02\/Convoca-Ayuntamiento-a-jovenes-a-tramitar-precartilla-militar...-min.jpg\" \/>\n\t<meta property=\"og:image:width\" content=\"900\" \/>\n\t<meta property=\"og:image:height\" content=\"459\" \/>\n\t<meta property=\"og:image:type\" content=\"image\/jpeg\" \/>\n<meta name=\"author\" content=\"enequipo\" \/>\n<meta name=\"twitter:card\" content=\"summary_large_image\" \/>\n<meta name=\"twitter:creator\" content=\"@sonoraenequipo\" \/>\n<meta name=\"twitter:site\" content=\"@sonoraenequipo\" \/>\n<meta name=\"twitter:label1\" content=\"Escrito por\" \/>\n\t<meta name=\"twitter:data1\" content=\"enequipo\" \/>\n\t<meta name=\"twitter:label2\" content=\"Tiempo de lectura\" \/>\n\t<meta name=\"twitter:data2\" content=\"2 minutos\" \/>\n<script type=\"application\/ld+json\" class=\"yoast-schema-graph\">{\"@context\":\"https:\/\/schema.org\",\"@graph\":[{\"@type\":\"Article\",\"@id\":\"https:\/\/www.sonoraenequipo.com.mx\/ayuntamiento-de-hermosillo-mantendra-tramite-de-pre-cartillas-en-las-vacaciones-de-verano\/#article\",\"isPartOf\":{\"@id\":\"https:\/\/www.sonoraenequipo.com.mx\/ayuntamiento-de-hermosillo-mantendra-tramite-de-pre-cartillas-en-las-vacaciones-de-verano\/\"},\"author\":{\"name\":\"enequipo\",\"@id\":\"https:\/\/www.sonoraenequipo.com.mx\/#\/schema\/person\/50102df0fb23a8fa9e8effad8fa81386\"},\"headline\":\"Ayuntamiento de Hermosillo mantendr\u00e1 tr\u00e1mite de pre cartillas en las vacaciones de verano\",\"datePublished\":\"2024-07-15T22:49:41+00:00\",\"mainEntityOfPage\":{\"@id\":\"https:\/\/www.sonoraenequipo.com.mx\/ayuntamiento-de-hermosillo-mantendra-tramite-de-pre-cartillas-en-las-vacaciones-de-verano\/\"},\"wordCount\":394,\"commentCount\":0,\"publisher\":{\"@id\":\"https:\/\/www.sonoraenequipo.com.mx\/#organization\"},\"image\":{\"@id\":\"https:\/\/www.sonoraenequipo.com.mx\/ayuntamiento-de-hermosillo-mantendra-tramite-de-pre-cartillas-en-las-vacaciones-de-verano\/#primaryimage\"},\"thumbnailUrl\":\"https:\/\/www.sonoraenequipo.com.mx\/storage\/2024\/02\/Convoca-Ayuntamiento-a-jovenes-a-tramitar-precartilla-militar...-min.jpg\",\"keywords\":[\"cartilla hermosillo\"],\"articleSection\":[\"Municipios\"],\"inLanguage\":\"es\",\"potentialAction\":[{\"@type\":\"CommentAction\",\"name\":\"Comment\",\"target\":[\"https:\/\/www.sonoraenequipo.com.mx\/ayuntamiento-de-hermosillo-mantendra-tramite-de-pre-cartillas-en-las-vacaciones-de-verano\/#respond\"]}]},{\"@type\":\"WebPage\",\"@id\":\"https:\/\/www.sonoraenequipo.com.mx\/ayuntamiento-de-hermosillo-mantendra-tramite-de-pre-cartillas-en-las-vacaciones-de-verano\/\",\"url\":\"https:\/\/www.sonoraenequipo.com.mx\/ayuntamiento-de-hermosillo-mantendra-tramite-de-pre-cartillas-en-las-vacaciones-de-verano\/\",\"name\":\"Sonora en Equipo. Ayuntamiento de Hermosillo mantendr\u00e1 tr\u00e1mite de pre cartillas en las vacaciones de verano Municipios\",\"isPartOf\":{\"@id\":\"https:\/\/www.sonoraenequipo.com.mx\/#website\"},\"primaryImageOfPage\":{\"@id\":\"https:\/\/www.sonoraenequipo.com.mx\/ayuntamiento-de-hermosillo-mantendra-tramite-de-pre-cartillas-en-las-vacaciones-de-verano\/#primaryimage\"},\"image\":{\"@id\":\"https:\/\/www.sonoraenequipo.com.mx\/ayuntamiento-de-hermosillo-mantendra-tramite-de-pre-cartillas-en-las-vacaciones-de-verano\/#primaryimage\"},\"thumbnailUrl\":\"https:\/\/www.sonoraenequipo.com.mx\/storage\/2024\/02\/Convoca-Ayuntamiento-a-jovenes-a-tramitar-precartilla-militar...-min.jpg\",\"datePublished\":\"2024-07-15T22:49:41+00:00\",\"description\":\"HERMOSILLO, SONORA, MX. \u2014 El Secretario del Ayuntamiento de Hermosillo, Florencio D\u00edaz Armenta inform\u00f3 que el personal del \u00e1rea de Servicios de Gobierno En Sonora en Equipo publicamos toda la informaci\u00f3n de Sonora, M\u00e9xico y el Mundo de manera oportuna y busca que la libertad de expresi\u00f3n sea real. Visita nuestro medio informativo publicado desde Hermosillo, Sonora. %\",\"breadcrumb\":{\"@id\":\"https:\/\/www.sonoraenequipo.com.mx\/ayuntamiento-de-hermosillo-mantendra-tramite-de-pre-cartillas-en-las-vacaciones-de-verano\/#breadcrumb\"},\"inLanguage\":\"es\",\"potentialAction\":[{\"@type\":\"ReadAction\",\"target\":[\"https:\/\/www.sonoraenequipo.com.mx\/ayuntamiento-de-hermosillo-mantendra-tramite-de-pre-cartillas-en-las-vacaciones-de-verano\/\"]}]},{\"@type\":\"ImageObject\",\"inLanguage\":\"es\",\"@id\":\"https:\/\/www.sonoraenequipo.com.mx\/ayuntamiento-de-hermosillo-mantendra-tramite-de-pre-cartillas-en-las-vacaciones-de-verano\/#primaryimage\",\"url\":\"https:\/\/www.sonoraenequipo.com.mx\/storage\/2024\/02\/Convoca-Ayuntamiento-a-jovenes-a-tramitar-precartilla-militar...-min.jpg\",\"contentUrl\":\"https:\/\/www.sonoraenequipo.com.mx\/storage\/2024\/02\/Convoca-Ayuntamiento-a-jovenes-a-tramitar-precartilla-militar...-min.jpg\",\"width\":900,\"height\":459},{\"@type\":\"BreadcrumbList\",\"@id\":\"https:\/\/www.sonoraenequipo.com.mx\/ayuntamiento-de-hermosillo-mantendra-tramite-de-pre-cartillas-en-las-vacaciones-de-verano\/#breadcrumb\",\"itemListElement\":[{\"@type\":\"ListItem\",\"position\":1,\"name\":\"Portada\",\"item\":\"https:\/\/www.sonoraenequipo.com.mx\/\"},{\"@type\":\"ListItem\",\"position\":2,\"name\":\"Ayuntamiento de Hermosillo mantendr\u00e1 tr\u00e1mite de pre cartillas en las vacaciones de verano\"}]},{\"@type\":\"WebSite\",\"@id\":\"https:\/\/www.sonoraenequipo.com.mx\/#website\",\"url\":\"https:\/\/www.sonoraenequipo.com.mx\/\",\"name\":\"Sonora en Equipo.\",\"description\":\"Diario en l\u00ednea con Noticias desde Hermosillo, Sonora\",\"publisher\":{\"@id\":\"https:\/\/www.sonoraenequipo.com.mx\/#organization\"},\"potentialAction\":[{\"@type\":\"SearchAction\",\"target\":{\"@type\":\"EntryPoint\",\"urlTemplate\":\"https:\/\/www.sonoraenequipo.com.mx\/?s={search_term_string}\"},\"query-input\":{\"@type\":\"PropertyValueSpecification\",\"valueRequired\":true,\"valueName\":\"search_term_string\"}}],\"inLanguage\":\"es\"},{\"@type\":\"Organization\",\"@id\":\"https:\/\/www.sonoraenequipo.com.mx\/#organization\",\"name\":\"Sonoraenequipo.com.mx\",\"url\":\"https:\/\/www.sonoraenequipo.com.mx\/\",\"logo\":{\"@type\":\"ImageObject\",\"inLanguage\":\"es\",\"@id\":\"https:\/\/www.sonoraenequipo.com.mx\/#\/schema\/logo\/image\/\",\"url\":\"https:\/\/www.sonoraenequipo.com.mx\/storage\/2019\/01\/sonoraenequipo_opt.png\",\"contentUrl\":\"https:\/\/www.sonoraenequipo.com.mx\/storage\/2019\/01\/sonoraenequipo_opt.png\",\"width\":375,\"height\":125,\"caption\":\"Sonoraenequipo.com.mx\"},\"image\":{\"@id\":\"https:\/\/www.sonoraenequipo.com.mx\/#\/schema\/logo\/image\/\"},\"sameAs\":[\"https:\/\/www.facebook.com\/SonoraEE\/\",\"https:\/\/x.com\/sonoraenequipo\",\"https:\/\/www.youtube.com\/channel\/UC338nW-lPEYmJQs4ZABQ1SQ\"]},{\"@type\":\"Person\",\"@id\":\"https:\/\/www.sonoraenequipo.com.mx\/#\/schema\/person\/50102df0fb23a8fa9e8effad8fa81386\",\"name\":\"enequipo\",\"image\":{\"@type\":\"ImageObject\",\"inLanguage\":\"es\",\"@id\":\"https:\/\/www.sonoraenequipo.com.mx\/#\/schema\/person\/image\/\",\"url\":\"https:\/\/secure.gravatar.com\/avatar\/049821681b589dabc0bc20695993ccebb09f5b5d4d790cd9251b97faac7c652b?s=96&d=blank&r=g\",\"contentUrl\":\"https:\/\/secure.gravatar.com\/avatar\/049821681b589dabc0bc20695993ccebb09f5b5d4d790cd9251b97faac7c652b?s=96&d=blank&r=g\",\"caption\":\"enequipo\"},\"sameAs\":[\"https:\/\/www.facebook.com\/SonoraEE\"]}]}<\/script>\n ","yoast_head_json":{"title":"Sonora en Equipo. Ayuntamiento de Hermosillo mantendr\u00e1 tr\u00e1mite de pre cartillas en las vacaciones de verano Municipios","description":"HERMOSILLO, SONORA, MX. \u2014 El Secretario del Ayuntamiento de Hermosillo, Florencio D\u00edaz Armenta inform\u00f3 que el personal del \u00e1rea de Servicios de Gobierno En Sonora en Equipo publicamos toda la informaci\u00f3n de Sonora, M\u00e9xico y el Mundo de manera oportuna y busca que la libertad de expresi\u00f3n sea real. Visita nuestro medio informativo publicado desde Hermosillo, Sonora. %","robots":{"index":"index","follow":"follow","max-snippet":"max-snippet:-1","max-image-preview":"max-image-preview:large","max-video-preview":"max-video-preview:-1"},"canonical":"https:\/\/www.sonoraenequipo.com.mx\/ayuntamiento-de-hermosillo-mantendra-tramite-de-pre-cartillas-en-las-vacaciones-de-verano\/","og_locale":"es_ES","og_type":"article","og_title":"Sonora en Equipo. Ayuntamiento de Hermosillo mantendr\u00e1 tr\u00e1mite de pre cartillas en las vacaciones de verano Municipios","og_description":"HERMOSILLO, SONORA, MX. \u2014 El Secretario del Ayuntamiento de Hermosillo, Florencio D\u00edaz Armenta inform\u00f3 que el personal del \u00e1rea de Servicios de Gobierno En Sonora en Equipo publicamos toda la informaci\u00f3n de Sonora, M\u00e9xico y el Mundo de manera oportuna y busca que la libertad de expresi\u00f3n sea real. Visita nuestro medio informativo publicado desde Hermosillo, Sonora. %","og_url":"https:\/\/www.sonoraenequipo.com.mx\/ayuntamiento-de-hermosillo-mantendra-tramite-de-pre-cartillas-en-las-vacaciones-de-verano\/","og_site_name":"Sonora en Equipo.","article_publisher":"https:\/\/www.facebook.com\/SonoraEE\/","article_author":"https:\/\/www.facebook.com\/SonoraEE","article_published_time":"2024-07-15T22:49:41+00:00","og_image":[{"width":900,"height":459,"url":"https:\/\/www.sonoraenequipo.com.mx\/storage\/2024\/02\/Convoca-Ayuntamiento-a-jovenes-a-tramitar-precartilla-militar...-min.jpg","type":"image\/jpeg"}],"author":"enequipo","twitter_card":"summary_large_image","twitter_creator":"@sonoraenequipo","twitter_site":"@sonoraenequipo","twitter_misc":{"Escrito por":"enequipo","Tiempo de lectura":"2 minutos"},"schema":{"@context":"https:\/\/schema.org","@graph":[{"@type":"Article","@id":"https:\/\/www.sonoraenequipo.com.mx\/ayuntamiento-de-hermosillo-mantendra-tramite-de-pre-cartillas-en-las-vacaciones-de-verano\/#article","isPartOf":{"@id":"https:\/\/www.sonoraenequipo.com.mx\/ayuntamiento-de-hermosillo-mantendra-tramite-de-pre-cartillas-en-las-vacaciones-de-verano\/"},"author":{"name":"enequipo","@id":"https:\/\/www.sonoraenequipo.com.mx\/#\/schema\/person\/50102df0fb23a8fa9e8effad8fa81386"},"headline":"Ayuntamiento de Hermosillo mantendr\u00e1 tr\u00e1mite de pre cartillas en las vacaciones de verano","datePublished":"2024-07-15T22:49:41+00:00","mainEntityOfPage":{"@id":"https:\/\/www.sonoraenequipo.com.mx\/ayuntamiento-de-hermosillo-mantendra-tramite-de-pre-cartillas-en-las-vacaciones-de-verano\/"},"wordCount":394,"commentCount":0,"publisher":{"@id":"https:\/\/www.sonoraenequipo.com.mx\/#organization"},"image":{"@id":"https:\/\/www.sonoraenequipo.com.mx\/ayuntamiento-de-hermosillo-mantendra-tramite-de-pre-cartillas-en-las-vacaciones-de-verano\/#primaryimage"},"thumbnailUrl":"https:\/\/www.sonoraenequipo.com.mx\/storage\/2024\/02\/Convoca-Ayuntamiento-a-jovenes-a-tramitar-precartilla-militar...-min.jpg","keywords":["cartilla hermosillo"],"articleSection":["Municipios"],"inLanguage":"es","potentialAction":[{"@type":"CommentAction","name":"Comment","target":["https:\/\/www.sonoraenequipo.com.mx\/ayuntamiento-de-hermosillo-mantendra-tramite-de-pre-cartillas-en-las-vacaciones-de-verano\/#respond"]}]},{"@type":"WebPage","@id":"https:\/\/www.sonoraenequipo.com.mx\/ayuntamiento-de-hermosillo-mantendra-tramite-de-pre-cartillas-en-las-vacaciones-de-verano\/","url":"https:\/\/www.sonoraenequipo.com.mx\/ayuntamiento-de-hermosillo-mantendra-tramite-de-pre-cartillas-en-las-vacaciones-de-verano\/","name":"Sonora en Equipo. Ayuntamiento de Hermosillo mantendr\u00e1 tr\u00e1mite de pre cartillas en las vacaciones de verano Municipios","isPartOf":{"@id":"https:\/\/www.sonoraenequipo.com.mx\/#website"},"primaryImageOfPage":{"@id":"https:\/\/www.sonoraenequipo.com.mx\/ayuntamiento-de-hermosillo-mantendra-tramite-de-pre-cartillas-en-las-vacaciones-de-verano\/#primaryimage"},"image":{"@id":"https:\/\/www.sonoraenequipo.com.mx\/ayuntamiento-de-hermosillo-mantendra-tramite-de-pre-cartillas-en-las-vacaciones-de-verano\/#primaryimage"},"thumbnailUrl":"https:\/\/www.sonoraenequipo.com.mx\/storage\/2024\/02\/Convoca-Ayuntamiento-a-jovenes-a-tramitar-precartilla-militar...-min.jpg","datePublished":"2024-07-15T22:49:41+00:00","description":"HERMOSILLO, SONORA, MX. \u2014 El Secretario del Ayuntamiento de Hermosillo, Florencio D\u00edaz Armenta inform\u00f3 que el personal del \u00e1rea de Servicios de Gobierno En Sonora en Equipo publicamos toda la informaci\u00f3n de Sonora, M\u00e9xico y el Mundo de manera oportuna y busca que la libertad de expresi\u00f3n sea real. Visita nuestro medio informativo publicado desde Hermosillo, Sonora. %","breadcrumb":{"@id":"https:\/\/www.sonoraenequipo.com.mx\/ayuntamiento-de-hermosillo-mantendra-tramite-de-pre-cartillas-en-las-vacaciones-de-verano\/#breadcrumb"},"inLanguage":"es","potentialAction":[{"@type":"ReadAction","target":["https:\/\/www.sonoraenequipo.com.mx\/ayuntamiento-de-hermosillo-mantendra-tramite-de-pre-cartillas-en-las-vacaciones-de-verano\/"]}]},{"@type":"ImageObject","inLanguage":"es","@id":"https:\/\/www.sonoraenequipo.com.mx\/ayuntamiento-de-hermosillo-mantendra-tramite-de-pre-cartillas-en-las-vacaciones-de-verano\/#primaryimage","url":"https:\/\/www.sonoraenequipo.com.mx\/storage\/2024\/02\/Convoca-Ayuntamiento-a-jovenes-a-tramitar-precartilla-militar...-min.jpg","contentUrl":"https:\/\/www.sonoraenequipo.com.mx\/storage\/2024\/02\/Convoca-Ayuntamiento-a-jovenes-a-tramitar-precartilla-militar...-min.jpg","width":900,"height":459},{"@type":"BreadcrumbList","@id":"https:\/\/www.sonoraenequipo.com.mx\/ayuntamiento-de-hermosillo-mantendra-tramite-de-pre-cartillas-en-las-vacaciones-de-verano\/#breadcrumb","itemListElement":[{"@type":"ListItem","position":1,"name":"Portada","item":"https:\/\/www.sonoraenequipo.com.mx\/"},{"@type":"ListItem","position":2,"name":"Ayuntamiento de Hermosillo mantendr\u00e1 tr\u00e1mite de pre cartillas en las vacaciones de verano"}]},{"@type":"WebSite","@id":"https:\/\/www.sonoraenequipo.com.mx\/#website","url":"https:\/\/www.sonoraenequipo.com.mx\/","name":"Sonora en Equipo.","description":"Diario en l\u00ednea con Noticias desde Hermosillo, Sonora","publisher":{"@id":"https:\/\/www.sonoraenequipo.com.mx\/#organization"},"potentialAction":[{"@type":"SearchAction","target":{"@type":"EntryPoint","urlTemplate":"https:\/\/www.sonoraenequipo.com.mx\/?s={search_term_string}"},"query-input":{"@type":"PropertyValueSpecification","valueRequired":true,"valueName":"search_term_string"}}],"inLanguage":"es"},{"@type":"Organization","@id":"https:\/\/www.sonoraenequipo.com.mx\/#organization","name":"Sonoraenequipo.com.mx","url":"https:\/\/www.sonoraenequipo.com.mx\/","logo":{"@type":"ImageObject","inLanguage":"es","@id":"https:\/\/www.sonoraenequipo.com.mx\/#\/schema\/logo\/image\/","url":"https:\/\/www.sonoraenequipo.com.mx\/storage\/2019\/01\/sonoraenequipo_opt.png","contentUrl":"https:\/\/www.sonoraenequipo.com.mx\/storage\/2019\/01\/sonoraenequipo_opt.png","width":375,"height":125,"caption":"Sonoraenequipo.com.mx"},"image":{"@id":"https:\/\/www.sonoraenequipo.com.mx\/#\/schema\/logo\/image\/"},"sameAs":["https:\/\/www.facebook.com\/SonoraEE\/","https:\/\/x.com\/sonoraenequipo","https:\/\/www.youtube.com\/channel\/UC338nW-lPEYmJQs4ZABQ1SQ"]},{"@type":"Person","@id":"https:\/\/www.sonoraenequipo.com.mx\/#\/schema\/person\/50102df0fb23a8fa9e8effad8fa81386","name":"enequipo","image":{"@type":"ImageObject","inLanguage":"es","@id":"https:\/\/www.sonoraenequipo.com.mx\/#\/schema\/person\/image\/","url":"https:\/\/secure.gravatar.com\/avatar\/049821681b589dabc0bc20695993ccebb09f5b5d4d790cd9251b97faac7c652b?s=96&d=blank&r=g","contentUrl":"https:\/\/secure.gravatar.com\/avatar\/049821681b589dabc0bc20695993ccebb09f5b5d4d790cd9251b97faac7c652b?s=96&d=blank&r=g","caption":"enequipo"},"sameAs":["https:\/\/www.facebook.com\/SonoraEE"]}]}},"jetpack_featured_media_url":"https:\/\/www.sonoraenequipo.com.mx\/storage\/2024\/02\/Convoca-Ayuntamiento-a-jovenes-a-tramitar-precartilla-militar...-min.jpg","_links":{"self":[{"href":"https:\/\/www.sonoraenequipo.com.mx\/api\/wp\/v2\/posts\/194599","targetHints":{"allow":["GET"]}}],"collection":[{"href":"https:\/\/www.sonoraenequipo.com.mx\/api\/wp\/v2\/posts"}],"about":[{"href":"https:\/\/www.sonoraenequipo.com.mx\/api\/wp\/v2\/types\/post"}],"author":[{"embeddable":true,"href":"https:\/\/www.sonoraenequipo.com.mx\/api\/wp\/v2\/users\/1"}],"replies":[{"embeddable":true,"href":"https:\/\/www.sonoraenequipo.com.mx\/api\/wp\/v2\/comments?post=194599"}],"version-history":[{"count":1,"href":"https:\/\/www.sonoraenequipo.com.mx\/api\/wp\/v2\/posts\/194599\/revisions"}],"predecessor-version":[{"id":194600,"href":"https:\/\/www.sonoraenequipo.com.mx\/api\/wp\/v2\/posts\/194599\/revisions\/194600"}],"wp:featuredmedia":[{"embeddable":true,"href":"https:\/\/www.sonoraenequipo.com.mx\/api\/wp\/v2\/media\/183169"}],"wp:attachment":[{"href":"https:\/\/www.sonoraenequipo.com.mx\/api\/wp\/v2\/media?parent=194599"}],"wp:term":[{"taxonomy":"category","embeddable":true,"href":"https:\/\/www.sonoraenequipo.com.mx\/api\/wp\/v2\/categories?post=194599"},{"taxonomy":"post_tag","embeddable":true,"href":"https:\/\/www.sonoraenequipo.com.mx\/api\/wp\/v2\/tags?post=194599"}],"curies":[{"name":"wp","href":"https:\/\/api.w.org\/{rel}","templated":true}]}}