{"id":194601,"date":"2024-07-15T16:05:20","date_gmt":"2024-07-15T23:05:20","guid":{"rendered":"https:\/\/www.sonoraenequipo.com.mx\/?p=194601"},"modified":"2024-07-15T16:05:20","modified_gmt":"2024-07-15T23:05:20","slug":"vinculan-a-octogenario-a-proceso-por-abuso-sexual-en-navojoa","status":"publish","type":"post","link":"https:\/\/www.sonoraenequipo.com.mx\/vinculan-a-octogenario-a-proceso-por-abuso-sexual-en-navojoa\/","title":{"rendered":"Vinculan a octogenario a proceso por abuso sexual en Navojoa"},"content":{"rendered":"<p><strong>NAVOJOA, SONORA, MX. \u0336 \u0336\u00a0 <\/strong>\u00a0Ram\u00f3n \u201cN\u201d, de 87 a\u00f1os, qued\u00f3 vinculado a proceso por la probable comisi\u00f3n del delito de abuso sexual agravado en agravio una ni\u00f1a de 9 a\u00f1os suscitado el pasado 15 de abril en Navojoa, que fue investigado por la Fiscal\u00eda General de Justicia del Estado de Sonora (FGJES) con perspectiva de g\u00e9nero.<\/p>\n<p>&nbsp;<\/p>\n<p>En la respectiva carpeta de investigaci\u00f3n se determin\u00f3 que el pasado 15 de abril, el imputado presuntamente aprovech\u00f3 la confianza que ten\u00eda con la v\u00edctima, debido a sus lazos consangu\u00edneos, para cometer tocamientos a la menor en un domicilio ubicado en la colonia Tierra Blanca.<\/p>\n<p>&nbsp;<\/p>\n<p>Como consecuencia de lo anterior, se recibi\u00f3 la denuncia correspondiente, lo cual llev\u00f3 a cabo diversos actos de investigaci\u00f3n que fueron presentados ante un juez, quien otorg\u00f3 una orden de aprehensi\u00f3n, la cual fue ejecutada por elementos de la Agencia Ministerial de Investigaci\u00f3n Criminal (AMIC).<\/p>\n<p>&nbsp;<\/p>\n<p>La v\u00edctima recibi\u00f3 acompa\u00f1amiento psicol\u00f3gico por parte del personal del Centro de Atenci\u00f3n a V\u00edctimas del Delito (CAVID), mientras que Ram\u00f3n \u00abN\u00bb fue ingresado en el Centro de Reinserci\u00f3n Social (CERESO) a la espera de las audiencias del juicio.<\/p>\n<p>&nbsp;<\/p>\n<p>La Fiscal\u00eda General de Justicia del Estado de Sonora (FGJES) reafirma su compromiso con la sociedad en general de investigar y garantizar que aquellos que pongan en riesgo la seguridad de ni\u00f1as, ni\u00f1os y adolescentes enfrenten las consecuencias legales correspondientes con plena rigurosidad.<\/p>\n<p><strong>Fecha de publicaci\u00f3n lunes 15 de julio de 2024<\/strong><\/p>\n","protected":false},"excerpt":{"rendered":"<p>NAVOJOA, SONORA, MX. \u0336 \u0336\u00a0 \u00a0Ram\u00f3n \u201cN\u201d, de 87 a\u00f1os, qued\u00f3 vinculado a proceso por&#8230;<\/p>\n","protected":false},"author":1,"featured_media":194602,"comment_status":"open","ping_status":"open","sticky":false,"template":"","format":"standard","meta":{"_monsterinsights_skip_tracking":false,"_monsterinsights_sitenote_active":false,"_monsterinsights_sitenote_note":"","_monsterinsights_sitenote_category":0,"footnotes":""},"categories":[3144],"tags":[9989],"class_list":["post"],"yoast_head":" \n<title>Sonora en Equipo. Vinculan a octogenario a proceso por abuso sexual en Navojoa Polic\u00edaca<\/title>\n<meta name=\"description\" content=\"NAVOJOA, SONORA, MX. \u0336 \u0336\u00a0 \u00a0Ram\u00f3n \u201cN\u201d, de 87 a\u00f1os, qued\u00f3 vinculado a proceso por la probable comisi\u00f3n del delito de abuso sexual agravado en agravio una En Sonora en Equipo publicamos toda la informaci\u00f3n de Sonora, M\u00e9xico y el Mundo de manera oportuna y busca que la libertad de expresi\u00f3n sea real. Visita nuestro medio informativo publicado desde Hermosillo, Sonora. %\" \/>\n<meta name=\"robots\" content=\"index, follow, max-snippet:-1, max-image-preview:large, max-video-preview:-1\" \/>\n<link rel=\"canonical\" href=\"https:\/\/www.sonoraenequipo.com.mx\/vinculan-a-octogenario-a-proceso-por-abuso-sexual-en-navojoa\/\" \/>\n<meta property=\"og:locale\" content=\"es_ES\" \/>\n<meta property=\"og:type\" content=\"article\" \/>\n<meta property=\"og:title\" content=\"Sonora en Equipo. Vinculan a octogenario a proceso por abuso sexual en Navojoa Polic\u00edaca\" \/>\n<meta property=\"og:description\" content=\"NAVOJOA, SONORA, MX. \u0336 \u0336\u00a0 \u00a0Ram\u00f3n \u201cN\u201d, de 87 a\u00f1os, qued\u00f3 vinculado a proceso por la probable comisi\u00f3n del delito de abuso sexual agravado en agravio una En Sonora en Equipo publicamos toda la informaci\u00f3n de Sonora, M\u00e9xico y el Mundo de manera oportuna y busca que la libertad de expresi\u00f3n sea real. Visita nuestro medio informativo publicado desde Hermosillo, Sonora. %\" \/>\n<meta property=\"og:url\" content=\"https:\/\/www.sonoraenequipo.com.mx\/vinculan-a-octogenario-a-proceso-por-abuso-sexual-en-navojoa\/\" \/>\n<meta property=\"og:site_name\" content=\"Sonora en Equipo.\" \/>\n<meta property=\"article:publisher\" content=\"https:\/\/www.facebook.com\/SonoraEE\/\" \/>\n<meta property=\"article:author\" content=\"https:\/\/www.facebook.com\/SonoraEE\" \/>\n<meta property=\"article:published_time\" content=\"2024-07-15T23:05:20+00:00\" \/>\n<meta property=\"og:image\" content=\"https:\/\/www.sonoraenequipo.com.mx\/storage\/2024\/07\/octogenario-violador.jpg\" \/>\n\t<meta property=\"og:image:width\" content=\"600\" \/>\n\t<meta property=\"og:image:height\" content=\"400\" \/>\n\t<meta property=\"og:image:type\" content=\"image\/jpeg\" \/>\n<meta name=\"author\" content=\"enequipo\" \/>\n<meta name=\"twitter:card\" content=\"summary_large_image\" \/>\n<meta name=\"twitter:creator\" content=\"@sonoraenequipo\" \/>\n<meta name=\"twitter:site\" content=\"@sonoraenequipo\" \/>\n<meta name=\"twitter:label1\" content=\"Escrito por\" \/>\n\t<meta name=\"twitter:data1\" content=\"enequipo\" \/>\n\t<meta name=\"twitter:label2\" content=\"Tiempo de lectura\" \/>\n\t<meta name=\"twitter:data2\" content=\"1 minuto\" \/>\n<script type=\"application\/ld+json\" class=\"yoast-schema-graph\">{\"@context\":\"https:\/\/schema.org\",\"@graph\":[{\"@type\":\"Article\",\"@id\":\"https:\/\/www.sonoraenequipo.com.mx\/vinculan-a-octogenario-a-proceso-por-abuso-sexual-en-navojoa\/#article\",\"isPartOf\":{\"@id\":\"https:\/\/www.sonoraenequipo.com.mx\/vinculan-a-octogenario-a-proceso-por-abuso-sexual-en-navojoa\/\"},\"author\":{\"name\":\"enequipo\",\"@id\":\"https:\/\/www.sonoraenequipo.com.mx\/#\/schema\/person\/50102df0fb23a8fa9e8effad8fa81386\"},\"headline\":\"Vinculan a octogenario a proceso por abuso sexual en Navojoa\",\"datePublished\":\"2024-07-15T23:05:20+00:00\",\"mainEntityOfPage\":{\"@id\":\"https:\/\/www.sonoraenequipo.com.mx\/vinculan-a-octogenario-a-proceso-por-abuso-sexual-en-navojoa\/\"},\"wordCount\":269,\"commentCount\":0,\"publisher\":{\"@id\":\"https:\/\/www.sonoraenequipo.com.mx\/#organization\"},\"image\":{\"@id\":\"https:\/\/www.sonoraenequipo.com.mx\/vinculan-a-octogenario-a-proceso-por-abuso-sexual-en-navojoa\/#primaryimage\"},\"thumbnailUrl\":\"https:\/\/www.sonoraenequipo.com.mx\/storage\/2024\/07\/octogenario-violador.jpg\",\"keywords\":[\"octogenario violador\"],\"articleSection\":[\"Polic\u00edaca\"],\"inLanguage\":\"es\",\"potentialAction\":[{\"@type\":\"CommentAction\",\"name\":\"Comment\",\"target\":[\"https:\/\/www.sonoraenequipo.com.mx\/vinculan-a-octogenario-a-proceso-por-abuso-sexual-en-navojoa\/#respond\"]}]},{\"@type\":\"WebPage\",\"@id\":\"https:\/\/www.sonoraenequipo.com.mx\/vinculan-a-octogenario-a-proceso-por-abuso-sexual-en-navojoa\/\",\"url\":\"https:\/\/www.sonoraenequipo.com.mx\/vinculan-a-octogenario-a-proceso-por-abuso-sexual-en-navojoa\/\",\"name\":\"Sonora en Equipo. Vinculan a octogenario a proceso por abuso sexual en Navojoa Polic\u00edaca\",\"isPartOf\":{\"@id\":\"https:\/\/www.sonoraenequipo.com.mx\/#website\"},\"primaryImageOfPage\":{\"@id\":\"https:\/\/www.sonoraenequipo.com.mx\/vinculan-a-octogenario-a-proceso-por-abuso-sexual-en-navojoa\/#primaryimage\"},\"image\":{\"@id\":\"https:\/\/www.sonoraenequipo.com.mx\/vinculan-a-octogenario-a-proceso-por-abuso-sexual-en-navojoa\/#primaryimage\"},\"thumbnailUrl\":\"https:\/\/www.sonoraenequipo.com.mx\/storage\/2024\/07\/octogenario-violador.jpg\",\"datePublished\":\"2024-07-15T23:05:20+00:00\",\"description\":\"NAVOJOA, SONORA, MX. \u0336 \u0336\u00a0 \u00a0Ram\u00f3n \u201cN\u201d, de 87 a\u00f1os, qued\u00f3 vinculado a proceso por la probable comisi\u00f3n del delito de abuso sexual agravado en agravio una En Sonora en Equipo publicamos toda la informaci\u00f3n de Sonora, M\u00e9xico y el Mundo de manera oportuna y busca que la libertad de expresi\u00f3n sea real. Visita nuestro medio informativo publicado desde Hermosillo, Sonora. %\",\"breadcrumb\":{\"@id\":\"https:\/\/www.sonoraenequipo.com.mx\/vinculan-a-octogenario-a-proceso-por-abuso-sexual-en-navojoa\/#breadcrumb\"},\"inLanguage\":\"es\",\"potentialAction\":[{\"@type\":\"ReadAction\",\"target\":[\"https:\/\/www.sonoraenequipo.com.mx\/vinculan-a-octogenario-a-proceso-por-abuso-sexual-en-navojoa\/\"]}]},{\"@type\":\"ImageObject\",\"inLanguage\":\"es\",\"@id\":\"https:\/\/www.sonoraenequipo.com.mx\/vinculan-a-octogenario-a-proceso-por-abuso-sexual-en-navojoa\/#primaryimage\",\"url\":\"https:\/\/www.sonoraenequipo.com.mx\/storage\/2024\/07\/octogenario-violador.jpg\",\"contentUrl\":\"https:\/\/www.sonoraenequipo.com.mx\/storage\/2024\/07\/octogenario-violador.jpg\",\"width\":600,\"height\":400},{\"@type\":\"BreadcrumbList\",\"@id\":\"https:\/\/www.sonoraenequipo.com.mx\/vinculan-a-octogenario-a-proceso-por-abuso-sexual-en-navojoa\/#breadcrumb\",\"itemListElement\":[{\"@type\":\"ListItem\",\"position\":1,\"name\":\"Portada\",\"item\":\"https:\/\/www.sonoraenequipo.com.mx\/\"},{\"@type\":\"ListItem\",\"position\":2,\"name\":\"Vinculan a octogenario a proceso por abuso sexual en Navojoa\"}]},{\"@type\":\"WebSite\",\"@id\":\"https:\/\/www.sonoraenequipo.com.mx\/#website\",\"url\":\"https:\/\/www.sonoraenequipo.com.mx\/\",\"name\":\"Sonora en Equipo.\",\"description\":\"Diario en l\u00ednea con Noticias desde Hermosillo, Sonora\",\"publisher\":{\"@id\":\"https:\/\/www.sonoraenequipo.com.mx\/#organization\"},\"potentialAction\":[{\"@type\":\"SearchAction\",\"target\":{\"@type\":\"EntryPoint\",\"urlTemplate\":\"https:\/\/www.sonoraenequipo.com.mx\/?s={search_term_string}\"},\"query-input\":{\"@type\":\"PropertyValueSpecification\",\"valueRequired\":true,\"valueName\":\"search_term_string\"}}],\"inLanguage\":\"es\"},{\"@type\":\"Organization\",\"@id\":\"https:\/\/www.sonoraenequipo.com.mx\/#organization\",\"name\":\"Sonoraenequipo.com.mx\",\"url\":\"https:\/\/www.sonoraenequipo.com.mx\/\",\"logo\":{\"@type\":\"ImageObject\",\"inLanguage\":\"es\",\"@id\":\"https:\/\/www.sonoraenequipo.com.mx\/#\/schema\/logo\/image\/\",\"url\":\"https:\/\/www.sonoraenequipo.com.mx\/storage\/2019\/01\/sonoraenequipo_opt.png\",\"contentUrl\":\"https:\/\/www.sonoraenequipo.com.mx\/storage\/2019\/01\/sonoraenequipo_opt.png\",\"width\":375,\"height\":125,\"caption\":\"Sonoraenequipo.com.mx\"},\"image\":{\"@id\":\"https:\/\/www.sonoraenequipo.com.mx\/#\/schema\/logo\/image\/\"},\"sameAs\":[\"https:\/\/www.facebook.com\/SonoraEE\/\",\"https:\/\/x.com\/sonoraenequipo\",\"https:\/\/www.youtube.com\/channel\/UC338nW-lPEYmJQs4ZABQ1SQ\"]},{\"@type\":\"Person\",\"@id\":\"https:\/\/www.sonoraenequipo.com.mx\/#\/schema\/person\/50102df0fb23a8fa9e8effad8fa81386\",\"name\":\"enequipo\",\"image\":{\"@type\":\"ImageObject\",\"inLanguage\":\"es\",\"@id\":\"https:\/\/www.sonoraenequipo.com.mx\/#\/schema\/person\/image\/\",\"url\":\"https:\/\/secure.gravatar.com\/avatar\/049821681b589dabc0bc20695993ccebb09f5b5d4d790cd9251b97faac7c652b?s=96&d=blank&r=g\",\"contentUrl\":\"https:\/\/secure.gravatar.com\/avatar\/049821681b589dabc0bc20695993ccebb09f5b5d4d790cd9251b97faac7c652b?s=96&d=blank&r=g\",\"caption\":\"enequipo\"},\"sameAs\":[\"https:\/\/www.facebook.com\/SonoraEE\"]}]}<\/script>\n ","yoast_head_json":{"title":"Sonora en Equipo. Vinculan a octogenario a proceso por abuso sexual en Navojoa Polic\u00edaca","description":"NAVOJOA, SONORA, MX. \u0336 \u0336\u00a0 \u00a0Ram\u00f3n \u201cN\u201d, de 87 a\u00f1os, qued\u00f3 vinculado a proceso por la probable comisi\u00f3n del delito de abuso sexual agravado en agravio una En Sonora en Equipo publicamos toda la informaci\u00f3n de Sonora, M\u00e9xico y el Mundo de manera oportuna y busca que la libertad de expresi\u00f3n sea real. Visita nuestro medio informativo publicado desde Hermosillo, Sonora. %","robots":{"index":"index","follow":"follow","max-snippet":"max-snippet:-1","max-image-preview":"max-image-preview:large","max-video-preview":"max-video-preview:-1"},"canonical":"https:\/\/www.sonoraenequipo.com.mx\/vinculan-a-octogenario-a-proceso-por-abuso-sexual-en-navojoa\/","og_locale":"es_ES","og_type":"article","og_title":"Sonora en Equipo. Vinculan a octogenario a proceso por abuso sexual en Navojoa Polic\u00edaca","og_description":"NAVOJOA, SONORA, MX. \u0336 \u0336\u00a0 \u00a0Ram\u00f3n \u201cN\u201d, de 87 a\u00f1os, qued\u00f3 vinculado a proceso por la probable comisi\u00f3n del delito de abuso sexual agravado en agravio una En Sonora en Equipo publicamos toda la informaci\u00f3n de Sonora, M\u00e9xico y el Mundo de manera oportuna y busca que la libertad de expresi\u00f3n sea real. Visita nuestro medio informativo publicado desde Hermosillo, Sonora. %","og_url":"https:\/\/www.sonoraenequipo.com.mx\/vinculan-a-octogenario-a-proceso-por-abuso-sexual-en-navojoa\/","og_site_name":"Sonora en Equipo.","article_publisher":"https:\/\/www.facebook.com\/SonoraEE\/","article_author":"https:\/\/www.facebook.com\/SonoraEE","article_published_time":"2024-07-15T23:05:20+00:00","og_image":[{"width":600,"height":400,"url":"https:\/\/www.sonoraenequipo.com.mx\/storage\/2024\/07\/octogenario-violador.jpg","type":"image\/jpeg"}],"author":"enequipo","twitter_card":"summary_large_image","twitter_creator":"@sonoraenequipo","twitter_site":"@sonoraenequipo","twitter_misc":{"Escrito por":"enequipo","Tiempo de lectura":"1 minuto"},"schema":{"@context":"https:\/\/schema.org","@graph":[{"@type":"Article","@id":"https:\/\/www.sonoraenequipo.com.mx\/vinculan-a-octogenario-a-proceso-por-abuso-sexual-en-navojoa\/#article","isPartOf":{"@id":"https:\/\/www.sonoraenequipo.com.mx\/vinculan-a-octogenario-a-proceso-por-abuso-sexual-en-navojoa\/"},"author":{"name":"enequipo","@id":"https:\/\/www.sonoraenequipo.com.mx\/#\/schema\/person\/50102df0fb23a8fa9e8effad8fa81386"},"headline":"Vinculan a octogenario a proceso por abuso sexual en Navojoa","datePublished":"2024-07-15T23:05:20+00:00","mainEntityOfPage":{"@id":"https:\/\/www.sonoraenequipo.com.mx\/vinculan-a-octogenario-a-proceso-por-abuso-sexual-en-navojoa\/"},"wordCount":269,"commentCount":0,"publisher":{"@id":"https:\/\/www.sonoraenequipo.com.mx\/#organization"},"image":{"@id":"https:\/\/www.sonoraenequipo.com.mx\/vinculan-a-octogenario-a-proceso-por-abuso-sexual-en-navojoa\/#primaryimage"},"thumbnailUrl":"https:\/\/www.sonoraenequipo.com.mx\/storage\/2024\/07\/octogenario-violador.jpg","keywords":["octogenario violador"],"articleSection":["Polic\u00edaca"],"inLanguage":"es","potentialAction":[{"@type":"CommentAction","name":"Comment","target":["https:\/\/www.sonoraenequipo.com.mx\/vinculan-a-octogenario-a-proceso-por-abuso-sexual-en-navojoa\/#respond"]}]},{"@type":"WebPage","@id":"https:\/\/www.sonoraenequipo.com.mx\/vinculan-a-octogenario-a-proceso-por-abuso-sexual-en-navojoa\/","url":"https:\/\/www.sonoraenequipo.com.mx\/vinculan-a-octogenario-a-proceso-por-abuso-sexual-en-navojoa\/","name":"Sonora en Equipo. Vinculan a octogenario a proceso por abuso sexual en Navojoa Polic\u00edaca","isPartOf":{"@id":"https:\/\/www.sonoraenequipo.com.mx\/#website"},"primaryImageOfPage":{"@id":"https:\/\/www.sonoraenequipo.com.mx\/vinculan-a-octogenario-a-proceso-por-abuso-sexual-en-navojoa\/#primaryimage"},"image":{"@id":"https:\/\/www.sonoraenequipo.com.mx\/vinculan-a-octogenario-a-proceso-por-abuso-sexual-en-navojoa\/#primaryimage"},"thumbnailUrl":"https:\/\/www.sonoraenequipo.com.mx\/storage\/2024\/07\/octogenario-violador.jpg","datePublished":"2024-07-15T23:05:20+00:00","description":"NAVOJOA, SONORA, MX. \u0336 \u0336\u00a0 \u00a0Ram\u00f3n \u201cN\u201d, de 87 a\u00f1os, qued\u00f3 vinculado a proceso por la probable comisi\u00f3n del delito de abuso sexual agravado en agravio una En Sonora en Equipo publicamos toda la informaci\u00f3n de Sonora, M\u00e9xico y el Mundo de manera oportuna y busca que la libertad de expresi\u00f3n sea real. Visita nuestro medio informativo publicado desde Hermosillo, Sonora. %","breadcrumb":{"@id":"https:\/\/www.sonoraenequipo.com.mx\/vinculan-a-octogenario-a-proceso-por-abuso-sexual-en-navojoa\/#breadcrumb"},"inLanguage":"es","potentialAction":[{"@type":"ReadAction","target":["https:\/\/www.sonoraenequipo.com.mx\/vinculan-a-octogenario-a-proceso-por-abuso-sexual-en-navojoa\/"]}]},{"@type":"ImageObject","inLanguage":"es","@id":"https:\/\/www.sonoraenequipo.com.mx\/vinculan-a-octogenario-a-proceso-por-abuso-sexual-en-navojoa\/#primaryimage","url":"https:\/\/www.sonoraenequipo.com.mx\/storage\/2024\/07\/octogenario-violador.jpg","contentUrl":"https:\/\/www.sonoraenequipo.com.mx\/storage\/2024\/07\/octogenario-violador.jpg","width":600,"height":400},{"@type":"BreadcrumbList","@id":"https:\/\/www.sonoraenequipo.com.mx\/vinculan-a-octogenario-a-proceso-por-abuso-sexual-en-navojoa\/#breadcrumb","itemListElement":[{"@type":"ListItem","position":1,"name":"Portada","item":"https:\/\/www.sonoraenequipo.com.mx\/"},{"@type":"ListItem","position":2,"name":"Vinculan a octogenario a proceso por abuso sexual en Navojoa"}]},{"@type":"WebSite","@id":"https:\/\/www.sonoraenequipo.com.mx\/#website","url":"https:\/\/www.sonoraenequipo.com.mx\/","name":"Sonora en Equipo.","description":"Diario en l\u00ednea con Noticias desde Hermosillo, Sonora","publisher":{"@id":"https:\/\/www.sonoraenequipo.com.mx\/#organization"},"potentialAction":[{"@type":"SearchAction","target":{"@type":"EntryPoint","urlTemplate":"https:\/\/www.sonoraenequipo.com.mx\/?s={search_term_string}"},"query-input":{"@type":"PropertyValueSpecification","valueRequired":true,"valueName":"search_term_string"}}],"inLanguage":"es"},{"@type":"Organization","@id":"https:\/\/www.sonoraenequipo.com.mx\/#organization","name":"Sonoraenequipo.com.mx","url":"https:\/\/www.sonoraenequipo.com.mx\/","logo":{"@type":"ImageObject","inLanguage":"es","@id":"https:\/\/www.sonoraenequipo.com.mx\/#\/schema\/logo\/image\/","url":"https:\/\/www.sonoraenequipo.com.mx\/storage\/2019\/01\/sonoraenequipo_opt.png","contentUrl":"https:\/\/www.sonoraenequipo.com.mx\/storage\/2019\/01\/sonoraenequipo_opt.png","width":375,"height":125,"caption":"Sonoraenequipo.com.mx"},"image":{"@id":"https:\/\/www.sonoraenequipo.com.mx\/#\/schema\/logo\/image\/"},"sameAs":["https:\/\/www.facebook.com\/SonoraEE\/","https:\/\/x.com\/sonoraenequipo","https:\/\/www.youtube.com\/channel\/UC338nW-lPEYmJQs4ZABQ1SQ"]},{"@type":"Person","@id":"https:\/\/www.sonoraenequipo.com.mx\/#\/schema\/person\/50102df0fb23a8fa9e8effad8fa81386","name":"enequipo","image":{"@type":"ImageObject","inLanguage":"es","@id":"https:\/\/www.sonoraenequipo.com.mx\/#\/schema\/person\/image\/","url":"https:\/\/secure.gravatar.com\/avatar\/049821681b589dabc0bc20695993ccebb09f5b5d4d790cd9251b97faac7c652b?s=96&d=blank&r=g","contentUrl":"https:\/\/secure.gravatar.com\/avatar\/049821681b589dabc0bc20695993ccebb09f5b5d4d790cd9251b97faac7c652b?s=96&d=blank&r=g","caption":"enequipo"},"sameAs":["https:\/\/www.facebook.com\/SonoraEE"]}]}},"jetpack_featured_media_url":"https:\/\/www.sonoraenequipo.com.mx\/storage\/2024\/07\/octogenario-violador.jpg","_links":{"self":[{"href":"https:\/\/www.sonoraenequipo.com.mx\/api\/wp\/v2\/posts\/194601","targetHints":{"allow":["GET"]}}],"collection":[{"href":"https:\/\/www.sonoraenequipo.com.mx\/api\/wp\/v2\/posts"}],"about":[{"href":"https:\/\/www.sonoraenequipo.com.mx\/api\/wp\/v2\/types\/post"}],"author":[{"embeddable":true,"href":"https:\/\/www.sonoraenequipo.com.mx\/api\/wp\/v2\/users\/1"}],"replies":[{"embeddable":true,"href":"https:\/\/www.sonoraenequipo.com.mx\/api\/wp\/v2\/comments?post=194601"}],"version-history":[{"count":1,"href":"https:\/\/www.sonoraenequipo.com.mx\/api\/wp\/v2\/posts\/194601\/revisions"}],"predecessor-version":[{"id":194603,"href":"https:\/\/www.sonoraenequipo.com.mx\/api\/wp\/v2\/posts\/194601\/revisions\/194603"}],"wp:featuredmedia":[{"embeddable":true,"href":"https:\/\/www.sonoraenequipo.com.mx\/api\/wp\/v2\/media\/194602"}],"wp:attachment":[{"href":"https:\/\/www.sonoraenequipo.com.mx\/api\/wp\/v2\/media?parent=194601"}],"wp:term":[{"taxonomy":"category","embeddable":true,"href":"https:\/\/www.sonoraenequipo.com.mx\/api\/wp\/v2\/categories?post=194601"},{"taxonomy":"post_tag","embeddable":true,"href":"https:\/\/www.sonoraenequipo.com.mx\/api\/wp\/v2\/tags?post=194601"}],"curies":[{"name":"wp","href":"https:\/\/api.w.org\/{rel}","templated":true}]}}