{"id":194631,"date":"2024-07-15T19:54:35","date_gmt":"2024-07-16T02:54:35","guid":{"rendered":"https:\/\/www.sonoraenequipo.com.mx\/?p=194631"},"modified":"2024-07-15T23:04:06","modified_gmt":"2024-07-16T06:04:06","slug":"supervisa-imtes-unidades-de-transporte-para-verificar-que-se-respete-el-cobro-de-tarifa-especia","status":"publish","type":"post","link":"https:\/\/www.sonoraenequipo.com.mx\/supervisa-imtes-unidades-de-transporte-para-verificar-que-se-respete-el-cobro-de-tarifa-especia\/","title":{"rendered":"Supervisa Imtes unidades de transporte para verificar que se respete el cobro de tarifa especia"},"content":{"rendered":"<p><strong>HERMOSILLO, SONORA. MX. \u2014\u00a0<\/strong> En atenci\u00f3n a denuncias ciudadanas relacionadas con la l\u00ednea 15 Urbi Villa, de Ciudad Obreg\u00f3n, inspectores del Instituto de Movilidad y Transporte para el Estado de Sonora (Imtes) supervisaron unidades para verificar que operadores respeten el cobro de la tarifa especial a personas de la tercera edad.<\/p>\n<p>&nbsp;<\/p>\n<p>&nbsp;<\/p>\n<p> <\/p>\n<p>Durante el recorrido, no se detect\u00f3 que los choferes cobraran tarifa completa a este grupo de la poblaci\u00f3n, por lo que no se aplicaron sanciones, inform\u00f3 Irineo Valenzuela F\u00e9lix, director regional del Imtes, en el municipio de Cajeme.<\/p>\n<p>&nbsp;<\/p>\n<p>&nbsp;<\/p>\n<p>Los operadores tienen la obligaci\u00f3n de dar un trato respetuoso a las personas usuarias del servicio p\u00fablico de transporte y aceptar el pago de la tarifa especial, de cinco pesos, a personas con discapacidad y de la tercera edad, durante todo el a\u00f1o.<\/p>\n<p>&nbsp;<\/p>\n<p>&nbsp;<\/p>\n<p>\u201cPara el Gobierno de Sonora, que encabeza nuestro gobernador Alfonso Durazo, es importante que los operadores respeten el cobro de la tarifa especial, ya que es de gran apoyo para las personas de la tercera edad, con discapacidad y estudiantes\u201d, enfatiz\u00f3.<\/p>\n<p>&nbsp;<\/p>\n<p>&nbsp;<\/p>\n<p>El funcionario estatal agreg\u00f3 que la supervisi\u00f3n de unidades al transporte p\u00fablico, de personal, de pasaje, carga, agr\u00edcola y dem\u00e1s, son permanentes, por lo que continuar\u00e1n con las inspecciones en los diferentes sistemas.<\/p>\n<p>&nbsp;<\/p>\n<p>&nbsp;<\/p>\n<p><em><strong>\u201cEn el caso de los estudiantes y por ser vacaciones, el cobro para ellos es la tarifa completa de nueve pesos; la tarifa especial se reactivar\u00e1 de acuerdo al calendario escolar, una vez que regresen a clases\u201d,<\/strong><\/em> concluy\u00f3.<\/p>\n<p>&nbsp;<\/p>\n<p>&nbsp;<\/p>\n<p>&nbsp;<\/p>\n<p>PUBLICADO EL 15 DE JULIO DE 2024 Con informaci\u00f3n de GOBSON 0124\/000)<\/p>\n","protected":false},"excerpt":{"rendered":"<p>HERMOSILLO, SONORA. MX. \u2014\u00a0 En atenci\u00f3n a denuncias ciudadanas relacionadas con la l\u00ednea 15 Urbi&#8230;<\/p>\n","protected":false},"author":1,"featured_media":194626,"comment_status":"open","ping_status":"open","sticky":false,"template":"","format":"standard","meta":{"_monsterinsights_skip_tracking":false,"_monsterinsights_sitenote_active":false,"_monsterinsights_sitenote_note":"","_monsterinsights_sitenote_category":0,"footnotes":""},"categories":[22],"tags":[],"class_list":["post"],"yoast_head":" \n<title>Sonora en Equipo. Supervisa Imtes unidades de transporte para verificar que se respete el cobro de tarifa especia Sonora<\/title>\n<meta name=\"description\" content=\"HERMOSILLO, SONORA. MX. \u2014\u00a0 En atenci\u00f3n a denuncias ciudadanas relacionadas con la l\u00ednea 15 Urbi Villa, de Ciudad Obreg\u00f3n, inspectores del Instituto de En Sonora en Equipo publicamos toda la informaci\u00f3n de Sonora, M\u00e9xico y el Mundo de manera oportuna y busca que la libertad de expresi\u00f3n sea real. Visita nuestro medio informativo publicado desde Hermosillo, Sonora. %\" \/>\n<meta name=\"robots\" content=\"index, follow, max-snippet:-1, max-image-preview:large, max-video-preview:-1\" \/>\n<link rel=\"canonical\" href=\"https:\/\/www.sonoraenequipo.com.mx\/supervisa-imtes-unidades-de-transporte-para-verificar-que-se-respete-el-cobro-de-tarifa-especia\/\" \/>\n<meta property=\"og:locale\" content=\"es_ES\" \/>\n<meta property=\"og:type\" content=\"article\" \/>\n<meta property=\"og:title\" content=\"Sonora en Equipo. Supervisa Imtes unidades de transporte para verificar que se respete el cobro de tarifa especia Sonora\" \/>\n<meta property=\"og:description\" content=\"HERMOSILLO, SONORA. MX. \u2014\u00a0 En atenci\u00f3n a denuncias ciudadanas relacionadas con la l\u00ednea 15 Urbi Villa, de Ciudad Obreg\u00f3n, inspectores del Instituto de En Sonora en Equipo publicamos toda la informaci\u00f3n de Sonora, M\u00e9xico y el Mundo de manera oportuna y busca que la libertad de expresi\u00f3n sea real. Visita nuestro medio informativo publicado desde Hermosillo, Sonora. %\" \/>\n<meta property=\"og:url\" content=\"https:\/\/www.sonoraenequipo.com.mx\/supervisa-imtes-unidades-de-transporte-para-verificar-que-se-respete-el-cobro-de-tarifa-especia\/\" \/>\n<meta property=\"og:site_name\" content=\"Sonora en Equipo.\" \/>\n<meta property=\"article:publisher\" content=\"https:\/\/www.facebook.com\/SonoraEE\/\" \/>\n<meta property=\"article:author\" content=\"https:\/\/www.facebook.com\/SonoraEE\" \/>\n<meta property=\"article:published_time\" content=\"2024-07-16T02:54:35+00:00\" \/>\n<meta property=\"article:modified_time\" content=\"2024-07-16T06:04:06+00:00\" \/>\n<meta property=\"og:image\" content=\"https:\/\/www.sonoraenequipo.com.mx\/storage\/2024\/07\/transporte-publico-min-1.jpg\" \/>\n\t<meta property=\"og:image:width\" content=\"900\" \/>\n\t<meta property=\"og:image:height\" content=\"642\" \/>\n\t<meta property=\"og:image:type\" content=\"image\/jpeg\" \/>\n<meta name=\"author\" content=\"enequipo\" \/>\n<meta name=\"twitter:card\" content=\"summary_large_image\" \/>\n<meta name=\"twitter:creator\" content=\"@sonoraenequipo\" \/>\n<meta name=\"twitter:site\" content=\"@sonoraenequipo\" \/>\n<meta name=\"twitter:label1\" content=\"Escrito por\" \/>\n\t<meta name=\"twitter:data1\" content=\"enequipo\" \/>\n\t<meta name=\"twitter:label2\" content=\"Tiempo de lectura\" \/>\n\t<meta name=\"twitter:data2\" content=\"1 minuto\" \/>\n<script type=\"application\/ld+json\" class=\"yoast-schema-graph\">{\"@context\":\"https:\/\/schema.org\",\"@graph\":[{\"@type\":\"Article\",\"@id\":\"https:\/\/www.sonoraenequipo.com.mx\/supervisa-imtes-unidades-de-transporte-para-verificar-que-se-respete-el-cobro-de-tarifa-especia\/#article\",\"isPartOf\":{\"@id\":\"https:\/\/www.sonoraenequipo.com.mx\/supervisa-imtes-unidades-de-transporte-para-verificar-que-se-respete-el-cobro-de-tarifa-especia\/\"},\"author\":{\"name\":\"enequipo\",\"@id\":\"https:\/\/www.sonoraenequipo.com.mx\/#\/schema\/person\/50102df0fb23a8fa9e8effad8fa81386\"},\"headline\":\"Supervisa Imtes unidades de transporte para verificar que se respete el cobro de tarifa especia\",\"datePublished\":\"2024-07-16T02:54:35+00:00\",\"dateModified\":\"2024-07-16T06:04:06+00:00\",\"mainEntityOfPage\":{\"@id\":\"https:\/\/www.sonoraenequipo.com.mx\/supervisa-imtes-unidades-de-transporte-para-verificar-que-se-respete-el-cobro-de-tarifa-especia\/\"},\"wordCount\":293,\"commentCount\":0,\"publisher\":{\"@id\":\"https:\/\/www.sonoraenequipo.com.mx\/#organization\"},\"image\":{\"@id\":\"https:\/\/www.sonoraenequipo.com.mx\/supervisa-imtes-unidades-de-transporte-para-verificar-que-se-respete-el-cobro-de-tarifa-especia\/#primaryimage\"},\"thumbnailUrl\":\"https:\/\/www.sonoraenequipo.com.mx\/storage\/2024\/07\/transporte-publico-min-1.jpg\",\"articleSection\":[\"Sonora\"],\"inLanguage\":\"es\",\"potentialAction\":[{\"@type\":\"CommentAction\",\"name\":\"Comment\",\"target\":[\"https:\/\/www.sonoraenequipo.com.mx\/supervisa-imtes-unidades-de-transporte-para-verificar-que-se-respete-el-cobro-de-tarifa-especia\/#respond\"]}]},{\"@type\":\"WebPage\",\"@id\":\"https:\/\/www.sonoraenequipo.com.mx\/supervisa-imtes-unidades-de-transporte-para-verificar-que-se-respete-el-cobro-de-tarifa-especia\/\",\"url\":\"https:\/\/www.sonoraenequipo.com.mx\/supervisa-imtes-unidades-de-transporte-para-verificar-que-se-respete-el-cobro-de-tarifa-especia\/\",\"name\":\"Sonora en Equipo. Supervisa Imtes unidades de transporte para verificar que se respete el cobro de tarifa especia Sonora\",\"isPartOf\":{\"@id\":\"https:\/\/www.sonoraenequipo.com.mx\/#website\"},\"primaryImageOfPage\":{\"@id\":\"https:\/\/www.sonoraenequipo.com.mx\/supervisa-imtes-unidades-de-transporte-para-verificar-que-se-respete-el-cobro-de-tarifa-especia\/#primaryimage\"},\"image\":{\"@id\":\"https:\/\/www.sonoraenequipo.com.mx\/supervisa-imtes-unidades-de-transporte-para-verificar-que-se-respete-el-cobro-de-tarifa-especia\/#primaryimage\"},\"thumbnailUrl\":\"https:\/\/www.sonoraenequipo.com.mx\/storage\/2024\/07\/transporte-publico-min-1.jpg\",\"datePublished\":\"2024-07-16T02:54:35+00:00\",\"dateModified\":\"2024-07-16T06:04:06+00:00\",\"description\":\"HERMOSILLO, SONORA. MX. \u2014\u00a0 En atenci\u00f3n a denuncias ciudadanas relacionadas con la l\u00ednea 15 Urbi Villa, de Ciudad Obreg\u00f3n, inspectores del Instituto de En Sonora en Equipo publicamos toda la informaci\u00f3n de Sonora, M\u00e9xico y el Mundo de manera oportuna y busca que la libertad de expresi\u00f3n sea real. Visita nuestro medio informativo publicado desde Hermosillo, Sonora. %\",\"breadcrumb\":{\"@id\":\"https:\/\/www.sonoraenequipo.com.mx\/supervisa-imtes-unidades-de-transporte-para-verificar-que-se-respete-el-cobro-de-tarifa-especia\/#breadcrumb\"},\"inLanguage\":\"es\",\"potentialAction\":[{\"@type\":\"ReadAction\",\"target\":[\"https:\/\/www.sonoraenequipo.com.mx\/supervisa-imtes-unidades-de-transporte-para-verificar-que-se-respete-el-cobro-de-tarifa-especia\/\"]}]},{\"@type\":\"ImageObject\",\"inLanguage\":\"es\",\"@id\":\"https:\/\/www.sonoraenequipo.com.mx\/supervisa-imtes-unidades-de-transporte-para-verificar-que-se-respete-el-cobro-de-tarifa-especia\/#primaryimage\",\"url\":\"https:\/\/www.sonoraenequipo.com.mx\/storage\/2024\/07\/transporte-publico-min-1.jpg\",\"contentUrl\":\"https:\/\/www.sonoraenequipo.com.mx\/storage\/2024\/07\/transporte-publico-min-1.jpg\",\"width\":900,\"height\":642},{\"@type\":\"BreadcrumbList\",\"@id\":\"https:\/\/www.sonoraenequipo.com.mx\/supervisa-imtes-unidades-de-transporte-para-verificar-que-se-respete-el-cobro-de-tarifa-especia\/#breadcrumb\",\"itemListElement\":[{\"@type\":\"ListItem\",\"position\":1,\"name\":\"Portada\",\"item\":\"https:\/\/www.sonoraenequipo.com.mx\/\"},{\"@type\":\"ListItem\",\"position\":2,\"name\":\"Supervisa Imtes unidades de transporte para verificar que se respete el cobro de tarifa especia\"}]},{\"@type\":\"WebSite\",\"@id\":\"https:\/\/www.sonoraenequipo.com.mx\/#website\",\"url\":\"https:\/\/www.sonoraenequipo.com.mx\/\",\"name\":\"Sonora en Equipo.\",\"description\":\"Diario en l\u00ednea con Noticias desde Hermosillo, Sonora\",\"publisher\":{\"@id\":\"https:\/\/www.sonoraenequipo.com.mx\/#organization\"},\"potentialAction\":[{\"@type\":\"SearchAction\",\"target\":{\"@type\":\"EntryPoint\",\"urlTemplate\":\"https:\/\/www.sonoraenequipo.com.mx\/?s={search_term_string}\"},\"query-input\":{\"@type\":\"PropertyValueSpecification\",\"valueRequired\":true,\"valueName\":\"search_term_string\"}}],\"inLanguage\":\"es\"},{\"@type\":\"Organization\",\"@id\":\"https:\/\/www.sonoraenequipo.com.mx\/#organization\",\"name\":\"Sonoraenequipo.com.mx\",\"url\":\"https:\/\/www.sonoraenequipo.com.mx\/\",\"logo\":{\"@type\":\"ImageObject\",\"inLanguage\":\"es\",\"@id\":\"https:\/\/www.sonoraenequipo.com.mx\/#\/schema\/logo\/image\/\",\"url\":\"https:\/\/www.sonoraenequipo.com.mx\/storage\/2019\/01\/sonoraenequipo_opt.png\",\"contentUrl\":\"https:\/\/www.sonoraenequipo.com.mx\/storage\/2019\/01\/sonoraenequipo_opt.png\",\"width\":375,\"height\":125,\"caption\":\"Sonoraenequipo.com.mx\"},\"image\":{\"@id\":\"https:\/\/www.sonoraenequipo.com.mx\/#\/schema\/logo\/image\/\"},\"sameAs\":[\"https:\/\/www.facebook.com\/SonoraEE\/\",\"https:\/\/x.com\/sonoraenequipo\",\"https:\/\/www.youtube.com\/channel\/UC338nW-lPEYmJQs4ZABQ1SQ\"]},{\"@type\":\"Person\",\"@id\":\"https:\/\/www.sonoraenequipo.com.mx\/#\/schema\/person\/50102df0fb23a8fa9e8effad8fa81386\",\"name\":\"enequipo\",\"image\":{\"@type\":\"ImageObject\",\"inLanguage\":\"es\",\"@id\":\"https:\/\/www.sonoraenequipo.com.mx\/#\/schema\/person\/image\/\",\"url\":\"https:\/\/secure.gravatar.com\/avatar\/049821681b589dabc0bc20695993ccebb09f5b5d4d790cd9251b97faac7c652b?s=96&d=blank&r=g\",\"contentUrl\":\"https:\/\/secure.gravatar.com\/avatar\/049821681b589dabc0bc20695993ccebb09f5b5d4d790cd9251b97faac7c652b?s=96&d=blank&r=g\",\"caption\":\"enequipo\"},\"sameAs\":[\"https:\/\/www.facebook.com\/SonoraEE\"]}]}<\/script>\n ","yoast_head_json":{"title":"Sonora en Equipo. Supervisa Imtes unidades de transporte para verificar que se respete el cobro de tarifa especia Sonora","description":"HERMOSILLO, SONORA. MX. \u2014\u00a0 En atenci\u00f3n a denuncias ciudadanas relacionadas con la l\u00ednea 15 Urbi Villa, de Ciudad Obreg\u00f3n, inspectores del Instituto de En Sonora en Equipo publicamos toda la informaci\u00f3n de Sonora, M\u00e9xico y el Mundo de manera oportuna y busca que la libertad de expresi\u00f3n sea real. Visita nuestro medio informativo publicado desde Hermosillo, Sonora. %","robots":{"index":"index","follow":"follow","max-snippet":"max-snippet:-1","max-image-preview":"max-image-preview:large","max-video-preview":"max-video-preview:-1"},"canonical":"https:\/\/www.sonoraenequipo.com.mx\/supervisa-imtes-unidades-de-transporte-para-verificar-que-se-respete-el-cobro-de-tarifa-especia\/","og_locale":"es_ES","og_type":"article","og_title":"Sonora en Equipo. Supervisa Imtes unidades de transporte para verificar que se respete el cobro de tarifa especia Sonora","og_description":"HERMOSILLO, SONORA. MX. \u2014\u00a0 En atenci\u00f3n a denuncias ciudadanas relacionadas con la l\u00ednea 15 Urbi Villa, de Ciudad Obreg\u00f3n, inspectores del Instituto de En Sonora en Equipo publicamos toda la informaci\u00f3n de Sonora, M\u00e9xico y el Mundo de manera oportuna y busca que la libertad de expresi\u00f3n sea real. Visita nuestro medio informativo publicado desde Hermosillo, Sonora. %","og_url":"https:\/\/www.sonoraenequipo.com.mx\/supervisa-imtes-unidades-de-transporte-para-verificar-que-se-respete-el-cobro-de-tarifa-especia\/","og_site_name":"Sonora en Equipo.","article_publisher":"https:\/\/www.facebook.com\/SonoraEE\/","article_author":"https:\/\/www.facebook.com\/SonoraEE","article_published_time":"2024-07-16T02:54:35+00:00","article_modified_time":"2024-07-16T06:04:06+00:00","og_image":[{"width":900,"height":642,"url":"https:\/\/www.sonoraenequipo.com.mx\/storage\/2024\/07\/transporte-publico-min-1.jpg","type":"image\/jpeg"}],"author":"enequipo","twitter_card":"summary_large_image","twitter_creator":"@sonoraenequipo","twitter_site":"@sonoraenequipo","twitter_misc":{"Escrito por":"enequipo","Tiempo de lectura":"1 minuto"},"schema":{"@context":"https:\/\/schema.org","@graph":[{"@type":"Article","@id":"https:\/\/www.sonoraenequipo.com.mx\/supervisa-imtes-unidades-de-transporte-para-verificar-que-se-respete-el-cobro-de-tarifa-especia\/#article","isPartOf":{"@id":"https:\/\/www.sonoraenequipo.com.mx\/supervisa-imtes-unidades-de-transporte-para-verificar-que-se-respete-el-cobro-de-tarifa-especia\/"},"author":{"name":"enequipo","@id":"https:\/\/www.sonoraenequipo.com.mx\/#\/schema\/person\/50102df0fb23a8fa9e8effad8fa81386"},"headline":"Supervisa Imtes unidades de transporte para verificar que se respete el cobro de tarifa especia","datePublished":"2024-07-16T02:54:35+00:00","dateModified":"2024-07-16T06:04:06+00:00","mainEntityOfPage":{"@id":"https:\/\/www.sonoraenequipo.com.mx\/supervisa-imtes-unidades-de-transporte-para-verificar-que-se-respete-el-cobro-de-tarifa-especia\/"},"wordCount":293,"commentCount":0,"publisher":{"@id":"https:\/\/www.sonoraenequipo.com.mx\/#organization"},"image":{"@id":"https:\/\/www.sonoraenequipo.com.mx\/supervisa-imtes-unidades-de-transporte-para-verificar-que-se-respete-el-cobro-de-tarifa-especia\/#primaryimage"},"thumbnailUrl":"https:\/\/www.sonoraenequipo.com.mx\/storage\/2024\/07\/transporte-publico-min-1.jpg","articleSection":["Sonora"],"inLanguage":"es","potentialAction":[{"@type":"CommentAction","name":"Comment","target":["https:\/\/www.sonoraenequipo.com.mx\/supervisa-imtes-unidades-de-transporte-para-verificar-que-se-respete-el-cobro-de-tarifa-especia\/#respond"]}]},{"@type":"WebPage","@id":"https:\/\/www.sonoraenequipo.com.mx\/supervisa-imtes-unidades-de-transporte-para-verificar-que-se-respete-el-cobro-de-tarifa-especia\/","url":"https:\/\/www.sonoraenequipo.com.mx\/supervisa-imtes-unidades-de-transporte-para-verificar-que-se-respete-el-cobro-de-tarifa-especia\/","name":"Sonora en Equipo. Supervisa Imtes unidades de transporte para verificar que se respete el cobro de tarifa especia Sonora","isPartOf":{"@id":"https:\/\/www.sonoraenequipo.com.mx\/#website"},"primaryImageOfPage":{"@id":"https:\/\/www.sonoraenequipo.com.mx\/supervisa-imtes-unidades-de-transporte-para-verificar-que-se-respete-el-cobro-de-tarifa-especia\/#primaryimage"},"image":{"@id":"https:\/\/www.sonoraenequipo.com.mx\/supervisa-imtes-unidades-de-transporte-para-verificar-que-se-respete-el-cobro-de-tarifa-especia\/#primaryimage"},"thumbnailUrl":"https:\/\/www.sonoraenequipo.com.mx\/storage\/2024\/07\/transporte-publico-min-1.jpg","datePublished":"2024-07-16T02:54:35+00:00","dateModified":"2024-07-16T06:04:06+00:00","description":"HERMOSILLO, SONORA. MX. \u2014\u00a0 En atenci\u00f3n a denuncias ciudadanas relacionadas con la l\u00ednea 15 Urbi Villa, de Ciudad Obreg\u00f3n, inspectores del Instituto de En Sonora en Equipo publicamos toda la informaci\u00f3n de Sonora, M\u00e9xico y el Mundo de manera oportuna y busca que la libertad de expresi\u00f3n sea real. Visita nuestro medio informativo publicado desde Hermosillo, Sonora. %","breadcrumb":{"@id":"https:\/\/www.sonoraenequipo.com.mx\/supervisa-imtes-unidades-de-transporte-para-verificar-que-se-respete-el-cobro-de-tarifa-especia\/#breadcrumb"},"inLanguage":"es","potentialAction":[{"@type":"ReadAction","target":["https:\/\/www.sonoraenequipo.com.mx\/supervisa-imtes-unidades-de-transporte-para-verificar-que-se-respete-el-cobro-de-tarifa-especia\/"]}]},{"@type":"ImageObject","inLanguage":"es","@id":"https:\/\/www.sonoraenequipo.com.mx\/supervisa-imtes-unidades-de-transporte-para-verificar-que-se-respete-el-cobro-de-tarifa-especia\/#primaryimage","url":"https:\/\/www.sonoraenequipo.com.mx\/storage\/2024\/07\/transporte-publico-min-1.jpg","contentUrl":"https:\/\/www.sonoraenequipo.com.mx\/storage\/2024\/07\/transporte-publico-min-1.jpg","width":900,"height":642},{"@type":"BreadcrumbList","@id":"https:\/\/www.sonoraenequipo.com.mx\/supervisa-imtes-unidades-de-transporte-para-verificar-que-se-respete-el-cobro-de-tarifa-especia\/#breadcrumb","itemListElement":[{"@type":"ListItem","position":1,"name":"Portada","item":"https:\/\/www.sonoraenequipo.com.mx\/"},{"@type":"ListItem","position":2,"name":"Supervisa Imtes unidades de transporte para verificar que se respete el cobro de tarifa especia"}]},{"@type":"WebSite","@id":"https:\/\/www.sonoraenequipo.com.mx\/#website","url":"https:\/\/www.sonoraenequipo.com.mx\/","name":"Sonora en Equipo.","description":"Diario en l\u00ednea con Noticias desde Hermosillo, Sonora","publisher":{"@id":"https:\/\/www.sonoraenequipo.com.mx\/#organization"},"potentialAction":[{"@type":"SearchAction","target":{"@type":"EntryPoint","urlTemplate":"https:\/\/www.sonoraenequipo.com.mx\/?s={search_term_string}"},"query-input":{"@type":"PropertyValueSpecification","valueRequired":true,"valueName":"search_term_string"}}],"inLanguage":"es"},{"@type":"Organization","@id":"https:\/\/www.sonoraenequipo.com.mx\/#organization","name":"Sonoraenequipo.com.mx","url":"https:\/\/www.sonoraenequipo.com.mx\/","logo":{"@type":"ImageObject","inLanguage":"es","@id":"https:\/\/www.sonoraenequipo.com.mx\/#\/schema\/logo\/image\/","url":"https:\/\/www.sonoraenequipo.com.mx\/storage\/2019\/01\/sonoraenequipo_opt.png","contentUrl":"https:\/\/www.sonoraenequipo.com.mx\/storage\/2019\/01\/sonoraenequipo_opt.png","width":375,"height":125,"caption":"Sonoraenequipo.com.mx"},"image":{"@id":"https:\/\/www.sonoraenequipo.com.mx\/#\/schema\/logo\/image\/"},"sameAs":["https:\/\/www.facebook.com\/SonoraEE\/","https:\/\/x.com\/sonoraenequipo","https:\/\/www.youtube.com\/channel\/UC338nW-lPEYmJQs4ZABQ1SQ"]},{"@type":"Person","@id":"https:\/\/www.sonoraenequipo.com.mx\/#\/schema\/person\/50102df0fb23a8fa9e8effad8fa81386","name":"enequipo","image":{"@type":"ImageObject","inLanguage":"es","@id":"https:\/\/www.sonoraenequipo.com.mx\/#\/schema\/person\/image\/","url":"https:\/\/secure.gravatar.com\/avatar\/049821681b589dabc0bc20695993ccebb09f5b5d4d790cd9251b97faac7c652b?s=96&d=blank&r=g","contentUrl":"https:\/\/secure.gravatar.com\/avatar\/049821681b589dabc0bc20695993ccebb09f5b5d4d790cd9251b97faac7c652b?s=96&d=blank&r=g","caption":"enequipo"},"sameAs":["https:\/\/www.facebook.com\/SonoraEE"]}]}},"jetpack_featured_media_url":"https:\/\/www.sonoraenequipo.com.mx\/storage\/2024\/07\/transporte-publico-min-1.jpg","_links":{"self":[{"href":"https:\/\/www.sonoraenequipo.com.mx\/api\/wp\/v2\/posts\/194631","targetHints":{"allow":["GET"]}}],"collection":[{"href":"https:\/\/www.sonoraenequipo.com.mx\/api\/wp\/v2\/posts"}],"about":[{"href":"https:\/\/www.sonoraenequipo.com.mx\/api\/wp\/v2\/types\/post"}],"author":[{"embeddable":true,"href":"https:\/\/www.sonoraenequipo.com.mx\/api\/wp\/v2\/users\/1"}],"replies":[{"embeddable":true,"href":"https:\/\/www.sonoraenequipo.com.mx\/api\/wp\/v2\/comments?post=194631"}],"version-history":[{"count":1,"href":"https:\/\/www.sonoraenequipo.com.mx\/api\/wp\/v2\/posts\/194631\/revisions"}],"predecessor-version":[{"id":194632,"href":"https:\/\/www.sonoraenequipo.com.mx\/api\/wp\/v2\/posts\/194631\/revisions\/194632"}],"wp:featuredmedia":[{"embeddable":true,"href":"https:\/\/www.sonoraenequipo.com.mx\/api\/wp\/v2\/media\/194626"}],"wp:attachment":[{"href":"https:\/\/www.sonoraenequipo.com.mx\/api\/wp\/v2\/media?parent=194631"}],"wp:term":[{"taxonomy":"category","embeddable":true,"href":"https:\/\/www.sonoraenequipo.com.mx\/api\/wp\/v2\/categories?post=194631"},{"taxonomy":"post_tag","embeddable":true,"href":"https:\/\/www.sonoraenequipo.com.mx\/api\/wp\/v2\/tags?post=194631"}],"curies":[{"name":"wp","href":"https:\/\/api.w.org\/{rel}","templated":true}]}}