{"id":194637,"date":"2024-07-15T20:17:59","date_gmt":"2024-07-16T03:17:59","guid":{"rendered":"https:\/\/www.sonoraenequipo.com.mx\/?p=194637"},"modified":"2024-07-15T23:39:58","modified_gmt":"2024-07-16T06:39:58","slug":"jin-de-bts-se-convierte-en-el-primer-idol-en-portar-la-antorcha-olimpica-de-paris-2024","status":"publish","type":"post","link":"https:\/\/www.sonoraenequipo.com.mx\/jin-de-bts-se-convierte-en-el-primer-idol-en-portar-la-antorcha-olimpica-de-paris-2024\/","title":{"rendered":"Jin de BTS se convierte en el primer idol en portar la antorcha ol\u00edmpica de Par\u00eds 2024"},"content":{"rendered":"<p><strong>PAR\u00cdS, FRANCIA.<\/strong> \u2014 Las redes sociales se llenaron de im\u00e1genes y mensajes de orgullo por parte de los fans de BTSPublicado hace 15 segundosel 15 julio, 2024Por Redacci\u00f3nJin de BTS se convierte en el primer idol en portar la antorcha ol\u00edmpica de Par\u00eds 2024Foto: X \/ @Olympics<\/p>\n<p>&nbsp;<\/p>\n<p>&nbsp;<\/p>\n<p> <br \/>\nKim Seokjin, mundialmente conocido como Jin de la famosa boy band surcoreana BTS, hizo historia al convertirse en el primer idol coreano en llevar la antorcha de la paz rumbo a los Juegos Ol\u00edmpicos de Par\u00eds 2024.<\/p>\n<p>&nbsp;<\/p>\n<p>&nbsp;<\/p>\n<p>El recorrido de Jin con la antorcha comenz\u00f3 en el Grand Palais y concluy\u00f3 en la Place de l\u2019H\u00f4tel de Ville, recorriendo emblem\u00e1ticos puntos hist\u00f3ricos de Par\u00eds.<\/p>\n<p>&nbsp;<\/p>\n<p>&nbsp;<\/p>\n<p>&nbsp;<\/p>\n<p>Las redes sociales se llenaron de im\u00e1genes y mensajes de orgullo por parte de los fans de BTS, conocidos como ARMY, quienes celebraron este hito en la carrera de su \u00eddolo.<\/p>\n<p>&nbsp;<\/p>\n<p>&nbsp;<\/p>\n<p>El recorrido de la antorcha continuar\u00e1 en los d\u00edas previos a la ceremonia de apertura de los Juegos Ol\u00edmpicos de Par\u00eds 2024, ofreciendo a los espectadores la oportunidad de participar en una celebraci\u00f3n que une deporte, cultura y diversidad en la ic\u00f3nica ciudad de Par\u00eds.<\/p>\n<p>&nbsp;<\/p>\n<p>&nbsp;<\/p>\n<p>Figuras como el campe\u00f3n mundial de BMX Matthias Dandois y la judoca francesa Clarisse Agbegnenou tambi\u00e9n formaron parte del recorrido, y llevaron la llama ol\u00edmpica, as\u00ed como Eva David, atleta de baloncesto en silla de ruedas, quien tambi\u00e9n particip\u00f3.<\/p>\n<p>&nbsp;<\/p>\n<p>&nbsp;<\/p>\n<p>Entre los participantes, tambi\u00e9n estuvieron Francky Mbotto, un corredor de media distancia de la Rep\u00fablica Centroafricana, y la cantante belga Mentissa.<\/p>\n<p>&nbsp;<\/p>\n<p>PUBLICADO EL 15 DE JULIO DE 2024 Con informaci\u00f3n de AFP)<\/p>\n","protected":false},"excerpt":{"rendered":"<p>PAR\u00cdS, FRANCIA. \u2014 Las redes sociales se llenaron de im\u00e1genes y mensajes de orgullo por&#8230;<\/p>\n","protected":false},"author":1,"featured_media":194639,"comment_status":"open","ping_status":"open","sticky":false,"template":"","format":"standard","meta":{"_monsterinsights_skip_tracking":false,"_monsterinsights_sitenote_active":false,"_monsterinsights_sitenote_note":"","_monsterinsights_sitenote_category":0,"footnotes":""},"categories":[3],"tags":[],"class_list":["post"],"yoast_head":" \n<title>Sonora en Equipo. Jin de BTS se convierte en el primer idol en portar la antorcha ol\u00edmpica de Par\u00eds 2024 MUNDO<\/title>\n<meta name=\"description\" content=\"PAR\u00cdS, FRANCIA. \u2014 Las redes sociales se llenaron de im\u00e1genes y mensajes de orgullo por parte de los fans de BTSPublicado hace 15 segundosel 15 julio, En Sonora en Equipo publicamos toda la informaci\u00f3n de Sonora, M\u00e9xico y el Mundo de manera oportuna y busca que la libertad de expresi\u00f3n sea real. Visita nuestro medio informativo publicado desde Hermosillo, Sonora. %\" \/>\n<meta name=\"robots\" content=\"index, follow, max-snippet:-1, max-image-preview:large, max-video-preview:-1\" \/>\n<link rel=\"canonical\" href=\"https:\/\/www.sonoraenequipo.com.mx\/jin-de-bts-se-convierte-en-el-primer-idol-en-portar-la-antorcha-olimpica-de-paris-2024\/\" \/>\n<meta property=\"og:locale\" content=\"es_ES\" \/>\n<meta property=\"og:type\" content=\"article\" \/>\n<meta property=\"og:title\" content=\"Sonora en Equipo. Jin de BTS se convierte en el primer idol en portar la antorcha ol\u00edmpica de Par\u00eds 2024 MUNDO\" \/>\n<meta property=\"og:description\" content=\"PAR\u00cdS, FRANCIA. \u2014 Las redes sociales se llenaron de im\u00e1genes y mensajes de orgullo por parte de los fans de BTSPublicado hace 15 segundosel 15 julio, En Sonora en Equipo publicamos toda la informaci\u00f3n de Sonora, M\u00e9xico y el Mundo de manera oportuna y busca que la libertad de expresi\u00f3n sea real. Visita nuestro medio informativo publicado desde Hermosillo, Sonora. %\" \/>\n<meta property=\"og:url\" content=\"https:\/\/www.sonoraenequipo.com.mx\/jin-de-bts-se-convierte-en-el-primer-idol-en-portar-la-antorcha-olimpica-de-paris-2024\/\" \/>\n<meta property=\"og:site_name\" content=\"Sonora en Equipo.\" \/>\n<meta property=\"article:publisher\" content=\"https:\/\/www.facebook.com\/SonoraEE\/\" \/>\n<meta property=\"article:author\" content=\"https:\/\/www.facebook.com\/SonoraEE\" \/>\n<meta property=\"article:published_time\" content=\"2024-07-16T03:17:59+00:00\" \/>\n<meta property=\"article:modified_time\" content=\"2024-07-16T06:39:58+00:00\" \/>\n<meta property=\"og:image\" content=\"https:\/\/www.sonoraenequipo.com.mx\/storage\/2024\/07\/Jin-de-BTS-fue-el-primer-idolo-coreano-en-portar-la-antorcha-Olimpica-en-Paris.jpg-min.jpeg\" \/>\n\t<meta property=\"og:image:width\" content=\"1233\" \/>\n\t<meta property=\"og:image:height\" content=\"821\" \/>\n\t<meta property=\"og:image:type\" content=\"image\/jpeg\" \/>\n<meta name=\"author\" content=\"enequipo\" \/>\n<meta name=\"twitter:card\" content=\"summary_large_image\" \/>\n<meta name=\"twitter:creator\" content=\"@sonoraenequipo\" \/>\n<meta name=\"twitter:site\" content=\"@sonoraenequipo\" \/>\n<meta name=\"twitter:label1\" content=\"Escrito por\" \/>\n\t<meta name=\"twitter:data1\" content=\"enequipo\" \/>\n\t<meta name=\"twitter:label2\" content=\"Tiempo de lectura\" \/>\n\t<meta name=\"twitter:data2\" content=\"1 minuto\" \/>\n<script type=\"application\/ld+json\" class=\"yoast-schema-graph\">{\"@context\":\"https:\/\/schema.org\",\"@graph\":[{\"@type\":\"Article\",\"@id\":\"https:\/\/www.sonoraenequipo.com.mx\/jin-de-bts-se-convierte-en-el-primer-idol-en-portar-la-antorcha-olimpica-de-paris-2024\/#article\",\"isPartOf\":{\"@id\":\"https:\/\/www.sonoraenequipo.com.mx\/jin-de-bts-se-convierte-en-el-primer-idol-en-portar-la-antorcha-olimpica-de-paris-2024\/\"},\"author\":{\"name\":\"enequipo\",\"@id\":\"https:\/\/www.sonoraenequipo.com.mx\/#\/schema\/person\/50102df0fb23a8fa9e8effad8fa81386\"},\"headline\":\"Jin de BTS se convierte en el primer idol en portar la antorcha ol\u00edmpica de Par\u00eds 2024\",\"datePublished\":\"2024-07-16T03:17:59+00:00\",\"dateModified\":\"2024-07-16T06:39:58+00:00\",\"mainEntityOfPage\":{\"@id\":\"https:\/\/www.sonoraenequipo.com.mx\/jin-de-bts-se-convierte-en-el-primer-idol-en-portar-la-antorcha-olimpica-de-paris-2024\/\"},\"wordCount\":308,\"commentCount\":0,\"publisher\":{\"@id\":\"https:\/\/www.sonoraenequipo.com.mx\/#organization\"},\"image\":{\"@id\":\"https:\/\/www.sonoraenequipo.com.mx\/jin-de-bts-se-convierte-en-el-primer-idol-en-portar-la-antorcha-olimpica-de-paris-2024\/#primaryimage\"},\"thumbnailUrl\":\"https:\/\/www.sonoraenequipo.com.mx\/storage\/2024\/07\/Jin-de-BTS-fue-el-primer-idolo-coreano-en-portar-la-antorcha-Olimpica-en-Paris.jpg-min.jpeg\",\"articleSection\":[\"MUNDO\"],\"inLanguage\":\"es\",\"potentialAction\":[{\"@type\":\"CommentAction\",\"name\":\"Comment\",\"target\":[\"https:\/\/www.sonoraenequipo.com.mx\/jin-de-bts-se-convierte-en-el-primer-idol-en-portar-la-antorcha-olimpica-de-paris-2024\/#respond\"]}]},{\"@type\":\"WebPage\",\"@id\":\"https:\/\/www.sonoraenequipo.com.mx\/jin-de-bts-se-convierte-en-el-primer-idol-en-portar-la-antorcha-olimpica-de-paris-2024\/\",\"url\":\"https:\/\/www.sonoraenequipo.com.mx\/jin-de-bts-se-convierte-en-el-primer-idol-en-portar-la-antorcha-olimpica-de-paris-2024\/\",\"name\":\"Sonora en Equipo. Jin de BTS se convierte en el primer idol en portar la antorcha ol\u00edmpica de Par\u00eds 2024 MUNDO\",\"isPartOf\":{\"@id\":\"https:\/\/www.sonoraenequipo.com.mx\/#website\"},\"primaryImageOfPage\":{\"@id\":\"https:\/\/www.sonoraenequipo.com.mx\/jin-de-bts-se-convierte-en-el-primer-idol-en-portar-la-antorcha-olimpica-de-paris-2024\/#primaryimage\"},\"image\":{\"@id\":\"https:\/\/www.sonoraenequipo.com.mx\/jin-de-bts-se-convierte-en-el-primer-idol-en-portar-la-antorcha-olimpica-de-paris-2024\/#primaryimage\"},\"thumbnailUrl\":\"https:\/\/www.sonoraenequipo.com.mx\/storage\/2024\/07\/Jin-de-BTS-fue-el-primer-idolo-coreano-en-portar-la-antorcha-Olimpica-en-Paris.jpg-min.jpeg\",\"datePublished\":\"2024-07-16T03:17:59+00:00\",\"dateModified\":\"2024-07-16T06:39:58+00:00\",\"description\":\"PAR\u00cdS, FRANCIA. \u2014 Las redes sociales se llenaron de im\u00e1genes y mensajes de orgullo por parte de los fans de BTSPublicado hace 15 segundosel 15 julio, En Sonora en Equipo publicamos toda la informaci\u00f3n de Sonora, M\u00e9xico y el Mundo de manera oportuna y busca que la libertad de expresi\u00f3n sea real. Visita nuestro medio informativo publicado desde Hermosillo, Sonora. %\",\"breadcrumb\":{\"@id\":\"https:\/\/www.sonoraenequipo.com.mx\/jin-de-bts-se-convierte-en-el-primer-idol-en-portar-la-antorcha-olimpica-de-paris-2024\/#breadcrumb\"},\"inLanguage\":\"es\",\"potentialAction\":[{\"@type\":\"ReadAction\",\"target\":[\"https:\/\/www.sonoraenequipo.com.mx\/jin-de-bts-se-convierte-en-el-primer-idol-en-portar-la-antorcha-olimpica-de-paris-2024\/\"]}]},{\"@type\":\"ImageObject\",\"inLanguage\":\"es\",\"@id\":\"https:\/\/www.sonoraenequipo.com.mx\/jin-de-bts-se-convierte-en-el-primer-idol-en-portar-la-antorcha-olimpica-de-paris-2024\/#primaryimage\",\"url\":\"https:\/\/www.sonoraenequipo.com.mx\/storage\/2024\/07\/Jin-de-BTS-fue-el-primer-idolo-coreano-en-portar-la-antorcha-Olimpica-en-Paris.jpg-min.jpeg\",\"contentUrl\":\"https:\/\/www.sonoraenequipo.com.mx\/storage\/2024\/07\/Jin-de-BTS-fue-el-primer-idolo-coreano-en-portar-la-antorcha-Olimpica-en-Paris.jpg-min.jpeg\",\"width\":1233,\"height\":821},{\"@type\":\"BreadcrumbList\",\"@id\":\"https:\/\/www.sonoraenequipo.com.mx\/jin-de-bts-se-convierte-en-el-primer-idol-en-portar-la-antorcha-olimpica-de-paris-2024\/#breadcrumb\",\"itemListElement\":[{\"@type\":\"ListItem\",\"position\":1,\"name\":\"Portada\",\"item\":\"https:\/\/www.sonoraenequipo.com.mx\/\"},{\"@type\":\"ListItem\",\"position\":2,\"name\":\"Jin de BTS se convierte en el primer idol en portar la antorcha ol\u00edmpica de Par\u00eds 2024\"}]},{\"@type\":\"WebSite\",\"@id\":\"https:\/\/www.sonoraenequipo.com.mx\/#website\",\"url\":\"https:\/\/www.sonoraenequipo.com.mx\/\",\"name\":\"Sonora en Equipo.\",\"description\":\"Diario en l\u00ednea con Noticias desde Hermosillo, Sonora\",\"publisher\":{\"@id\":\"https:\/\/www.sonoraenequipo.com.mx\/#organization\"},\"potentialAction\":[{\"@type\":\"SearchAction\",\"target\":{\"@type\":\"EntryPoint\",\"urlTemplate\":\"https:\/\/www.sonoraenequipo.com.mx\/?s={search_term_string}\"},\"query-input\":{\"@type\":\"PropertyValueSpecification\",\"valueRequired\":true,\"valueName\":\"search_term_string\"}}],\"inLanguage\":\"es\"},{\"@type\":\"Organization\",\"@id\":\"https:\/\/www.sonoraenequipo.com.mx\/#organization\",\"name\":\"Sonoraenequipo.com.mx\",\"url\":\"https:\/\/www.sonoraenequipo.com.mx\/\",\"logo\":{\"@type\":\"ImageObject\",\"inLanguage\":\"es\",\"@id\":\"https:\/\/www.sonoraenequipo.com.mx\/#\/schema\/logo\/image\/\",\"url\":\"https:\/\/www.sonoraenequipo.com.mx\/storage\/2019\/01\/sonoraenequipo_opt.png\",\"contentUrl\":\"https:\/\/www.sonoraenequipo.com.mx\/storage\/2019\/01\/sonoraenequipo_opt.png\",\"width\":375,\"height\":125,\"caption\":\"Sonoraenequipo.com.mx\"},\"image\":{\"@id\":\"https:\/\/www.sonoraenequipo.com.mx\/#\/schema\/logo\/image\/\"},\"sameAs\":[\"https:\/\/www.facebook.com\/SonoraEE\/\",\"https:\/\/x.com\/sonoraenequipo\",\"https:\/\/www.youtube.com\/channel\/UC338nW-lPEYmJQs4ZABQ1SQ\"]},{\"@type\":\"Person\",\"@id\":\"https:\/\/www.sonoraenequipo.com.mx\/#\/schema\/person\/50102df0fb23a8fa9e8effad8fa81386\",\"name\":\"enequipo\",\"image\":{\"@type\":\"ImageObject\",\"inLanguage\":\"es\",\"@id\":\"https:\/\/www.sonoraenequipo.com.mx\/#\/schema\/person\/image\/\",\"url\":\"https:\/\/secure.gravatar.com\/avatar\/049821681b589dabc0bc20695993ccebb09f5b5d4d790cd9251b97faac7c652b?s=96&d=blank&r=g\",\"contentUrl\":\"https:\/\/secure.gravatar.com\/avatar\/049821681b589dabc0bc20695993ccebb09f5b5d4d790cd9251b97faac7c652b?s=96&d=blank&r=g\",\"caption\":\"enequipo\"},\"sameAs\":[\"https:\/\/www.facebook.com\/SonoraEE\"]}]}<\/script>\n ","yoast_head_json":{"title":"Sonora en Equipo. Jin de BTS se convierte en el primer idol en portar la antorcha ol\u00edmpica de Par\u00eds 2024 MUNDO","description":"PAR\u00cdS, FRANCIA. \u2014 Las redes sociales se llenaron de im\u00e1genes y mensajes de orgullo por parte de los fans de BTSPublicado hace 15 segundosel 15 julio, En Sonora en Equipo publicamos toda la informaci\u00f3n de Sonora, M\u00e9xico y el Mundo de manera oportuna y busca que la libertad de expresi\u00f3n sea real. Visita nuestro medio informativo publicado desde Hermosillo, Sonora. %","robots":{"index":"index","follow":"follow","max-snippet":"max-snippet:-1","max-image-preview":"max-image-preview:large","max-video-preview":"max-video-preview:-1"},"canonical":"https:\/\/www.sonoraenequipo.com.mx\/jin-de-bts-se-convierte-en-el-primer-idol-en-portar-la-antorcha-olimpica-de-paris-2024\/","og_locale":"es_ES","og_type":"article","og_title":"Sonora en Equipo. Jin de BTS se convierte en el primer idol en portar la antorcha ol\u00edmpica de Par\u00eds 2024 MUNDO","og_description":"PAR\u00cdS, FRANCIA. \u2014 Las redes sociales se llenaron de im\u00e1genes y mensajes de orgullo por parte de los fans de BTSPublicado hace 15 segundosel 15 julio, En Sonora en Equipo publicamos toda la informaci\u00f3n de Sonora, M\u00e9xico y el Mundo de manera oportuna y busca que la libertad de expresi\u00f3n sea real. Visita nuestro medio informativo publicado desde Hermosillo, Sonora. %","og_url":"https:\/\/www.sonoraenequipo.com.mx\/jin-de-bts-se-convierte-en-el-primer-idol-en-portar-la-antorcha-olimpica-de-paris-2024\/","og_site_name":"Sonora en Equipo.","article_publisher":"https:\/\/www.facebook.com\/SonoraEE\/","article_author":"https:\/\/www.facebook.com\/SonoraEE","article_published_time":"2024-07-16T03:17:59+00:00","article_modified_time":"2024-07-16T06:39:58+00:00","og_image":[{"width":1233,"height":821,"url":"https:\/\/www.sonoraenequipo.com.mx\/storage\/2024\/07\/Jin-de-BTS-fue-el-primer-idolo-coreano-en-portar-la-antorcha-Olimpica-en-Paris.jpg-min.jpeg","type":"image\/jpeg"}],"author":"enequipo","twitter_card":"summary_large_image","twitter_creator":"@sonoraenequipo","twitter_site":"@sonoraenequipo","twitter_misc":{"Escrito por":"enequipo","Tiempo de lectura":"1 minuto"},"schema":{"@context":"https:\/\/schema.org","@graph":[{"@type":"Article","@id":"https:\/\/www.sonoraenequipo.com.mx\/jin-de-bts-se-convierte-en-el-primer-idol-en-portar-la-antorcha-olimpica-de-paris-2024\/#article","isPartOf":{"@id":"https:\/\/www.sonoraenequipo.com.mx\/jin-de-bts-se-convierte-en-el-primer-idol-en-portar-la-antorcha-olimpica-de-paris-2024\/"},"author":{"name":"enequipo","@id":"https:\/\/www.sonoraenequipo.com.mx\/#\/schema\/person\/50102df0fb23a8fa9e8effad8fa81386"},"headline":"Jin de BTS se convierte en el primer idol en portar la antorcha ol\u00edmpica de Par\u00eds 2024","datePublished":"2024-07-16T03:17:59+00:00","dateModified":"2024-07-16T06:39:58+00:00","mainEntityOfPage":{"@id":"https:\/\/www.sonoraenequipo.com.mx\/jin-de-bts-se-convierte-en-el-primer-idol-en-portar-la-antorcha-olimpica-de-paris-2024\/"},"wordCount":308,"commentCount":0,"publisher":{"@id":"https:\/\/www.sonoraenequipo.com.mx\/#organization"},"image":{"@id":"https:\/\/www.sonoraenequipo.com.mx\/jin-de-bts-se-convierte-en-el-primer-idol-en-portar-la-antorcha-olimpica-de-paris-2024\/#primaryimage"},"thumbnailUrl":"https:\/\/www.sonoraenequipo.com.mx\/storage\/2024\/07\/Jin-de-BTS-fue-el-primer-idolo-coreano-en-portar-la-antorcha-Olimpica-en-Paris.jpg-min.jpeg","articleSection":["MUNDO"],"inLanguage":"es","potentialAction":[{"@type":"CommentAction","name":"Comment","target":["https:\/\/www.sonoraenequipo.com.mx\/jin-de-bts-se-convierte-en-el-primer-idol-en-portar-la-antorcha-olimpica-de-paris-2024\/#respond"]}]},{"@type":"WebPage","@id":"https:\/\/www.sonoraenequipo.com.mx\/jin-de-bts-se-convierte-en-el-primer-idol-en-portar-la-antorcha-olimpica-de-paris-2024\/","url":"https:\/\/www.sonoraenequipo.com.mx\/jin-de-bts-se-convierte-en-el-primer-idol-en-portar-la-antorcha-olimpica-de-paris-2024\/","name":"Sonora en Equipo. Jin de BTS se convierte en el primer idol en portar la antorcha ol\u00edmpica de Par\u00eds 2024 MUNDO","isPartOf":{"@id":"https:\/\/www.sonoraenequipo.com.mx\/#website"},"primaryImageOfPage":{"@id":"https:\/\/www.sonoraenequipo.com.mx\/jin-de-bts-se-convierte-en-el-primer-idol-en-portar-la-antorcha-olimpica-de-paris-2024\/#primaryimage"},"image":{"@id":"https:\/\/www.sonoraenequipo.com.mx\/jin-de-bts-se-convierte-en-el-primer-idol-en-portar-la-antorcha-olimpica-de-paris-2024\/#primaryimage"},"thumbnailUrl":"https:\/\/www.sonoraenequipo.com.mx\/storage\/2024\/07\/Jin-de-BTS-fue-el-primer-idolo-coreano-en-portar-la-antorcha-Olimpica-en-Paris.jpg-min.jpeg","datePublished":"2024-07-16T03:17:59+00:00","dateModified":"2024-07-16T06:39:58+00:00","description":"PAR\u00cdS, FRANCIA. \u2014 Las redes sociales se llenaron de im\u00e1genes y mensajes de orgullo por parte de los fans de BTSPublicado hace 15 segundosel 15 julio, En Sonora en Equipo publicamos toda la informaci\u00f3n de Sonora, M\u00e9xico y el Mundo de manera oportuna y busca que la libertad de expresi\u00f3n sea real. Visita nuestro medio informativo publicado desde Hermosillo, Sonora. %","breadcrumb":{"@id":"https:\/\/www.sonoraenequipo.com.mx\/jin-de-bts-se-convierte-en-el-primer-idol-en-portar-la-antorcha-olimpica-de-paris-2024\/#breadcrumb"},"inLanguage":"es","potentialAction":[{"@type":"ReadAction","target":["https:\/\/www.sonoraenequipo.com.mx\/jin-de-bts-se-convierte-en-el-primer-idol-en-portar-la-antorcha-olimpica-de-paris-2024\/"]}]},{"@type":"ImageObject","inLanguage":"es","@id":"https:\/\/www.sonoraenequipo.com.mx\/jin-de-bts-se-convierte-en-el-primer-idol-en-portar-la-antorcha-olimpica-de-paris-2024\/#primaryimage","url":"https:\/\/www.sonoraenequipo.com.mx\/storage\/2024\/07\/Jin-de-BTS-fue-el-primer-idolo-coreano-en-portar-la-antorcha-Olimpica-en-Paris.jpg-min.jpeg","contentUrl":"https:\/\/www.sonoraenequipo.com.mx\/storage\/2024\/07\/Jin-de-BTS-fue-el-primer-idolo-coreano-en-portar-la-antorcha-Olimpica-en-Paris.jpg-min.jpeg","width":1233,"height":821},{"@type":"BreadcrumbList","@id":"https:\/\/www.sonoraenequipo.com.mx\/jin-de-bts-se-convierte-en-el-primer-idol-en-portar-la-antorcha-olimpica-de-paris-2024\/#breadcrumb","itemListElement":[{"@type":"ListItem","position":1,"name":"Portada","item":"https:\/\/www.sonoraenequipo.com.mx\/"},{"@type":"ListItem","position":2,"name":"Jin de BTS se convierte en el primer idol en portar la antorcha ol\u00edmpica de Par\u00eds 2024"}]},{"@type":"WebSite","@id":"https:\/\/www.sonoraenequipo.com.mx\/#website","url":"https:\/\/www.sonoraenequipo.com.mx\/","name":"Sonora en Equipo.","description":"Diario en l\u00ednea con Noticias desde Hermosillo, Sonora","publisher":{"@id":"https:\/\/www.sonoraenequipo.com.mx\/#organization"},"potentialAction":[{"@type":"SearchAction","target":{"@type":"EntryPoint","urlTemplate":"https:\/\/www.sonoraenequipo.com.mx\/?s={search_term_string}"},"query-input":{"@type":"PropertyValueSpecification","valueRequired":true,"valueName":"search_term_string"}}],"inLanguage":"es"},{"@type":"Organization","@id":"https:\/\/www.sonoraenequipo.com.mx\/#organization","name":"Sonoraenequipo.com.mx","url":"https:\/\/www.sonoraenequipo.com.mx\/","logo":{"@type":"ImageObject","inLanguage":"es","@id":"https:\/\/www.sonoraenequipo.com.mx\/#\/schema\/logo\/image\/","url":"https:\/\/www.sonoraenequipo.com.mx\/storage\/2019\/01\/sonoraenequipo_opt.png","contentUrl":"https:\/\/www.sonoraenequipo.com.mx\/storage\/2019\/01\/sonoraenequipo_opt.png","width":375,"height":125,"caption":"Sonoraenequipo.com.mx"},"image":{"@id":"https:\/\/www.sonoraenequipo.com.mx\/#\/schema\/logo\/image\/"},"sameAs":["https:\/\/www.facebook.com\/SonoraEE\/","https:\/\/x.com\/sonoraenequipo","https:\/\/www.youtube.com\/channel\/UC338nW-lPEYmJQs4ZABQ1SQ"]},{"@type":"Person","@id":"https:\/\/www.sonoraenequipo.com.mx\/#\/schema\/person\/50102df0fb23a8fa9e8effad8fa81386","name":"enequipo","image":{"@type":"ImageObject","inLanguage":"es","@id":"https:\/\/www.sonoraenequipo.com.mx\/#\/schema\/person\/image\/","url":"https:\/\/secure.gravatar.com\/avatar\/049821681b589dabc0bc20695993ccebb09f5b5d4d790cd9251b97faac7c652b?s=96&d=blank&r=g","contentUrl":"https:\/\/secure.gravatar.com\/avatar\/049821681b589dabc0bc20695993ccebb09f5b5d4d790cd9251b97faac7c652b?s=96&d=blank&r=g","caption":"enequipo"},"sameAs":["https:\/\/www.facebook.com\/SonoraEE"]}]}},"jetpack_featured_media_url":"https:\/\/www.sonoraenequipo.com.mx\/storage\/2024\/07\/Jin-de-BTS-fue-el-primer-idolo-coreano-en-portar-la-antorcha-Olimpica-en-Paris.jpg-min.jpeg","_links":{"self":[{"href":"https:\/\/www.sonoraenequipo.com.mx\/api\/wp\/v2\/posts\/194637","targetHints":{"allow":["GET"]}}],"collection":[{"href":"https:\/\/www.sonoraenequipo.com.mx\/api\/wp\/v2\/posts"}],"about":[{"href":"https:\/\/www.sonoraenequipo.com.mx\/api\/wp\/v2\/types\/post"}],"author":[{"embeddable":true,"href":"https:\/\/www.sonoraenequipo.com.mx\/api\/wp\/v2\/users\/1"}],"replies":[{"embeddable":true,"href":"https:\/\/www.sonoraenequipo.com.mx\/api\/wp\/v2\/comments?post=194637"}],"version-history":[{"count":1,"href":"https:\/\/www.sonoraenequipo.com.mx\/api\/wp\/v2\/posts\/194637\/revisions"}],"predecessor-version":[{"id":194640,"href":"https:\/\/www.sonoraenequipo.com.mx\/api\/wp\/v2\/posts\/194637\/revisions\/194640"}],"wp:featuredmedia":[{"embeddable":true,"href":"https:\/\/www.sonoraenequipo.com.mx\/api\/wp\/v2\/media\/194639"}],"wp:attachment":[{"href":"https:\/\/www.sonoraenequipo.com.mx\/api\/wp\/v2\/media?parent=194637"}],"wp:term":[{"taxonomy":"category","embeddable":true,"href":"https:\/\/www.sonoraenequipo.com.mx\/api\/wp\/v2\/categories?post=194637"},{"taxonomy":"post_tag","embeddable":true,"href":"https:\/\/www.sonoraenequipo.com.mx\/api\/wp\/v2\/tags?post=194637"}],"curies":[{"name":"wp","href":"https:\/\/api.w.org\/{rel}","templated":true}]}}