{"id":194669,"date":"2024-07-16T08:50:38","date_gmt":"2024-07-16T15:50:38","guid":{"rendered":"https:\/\/www.sonoraenequipo.com.mx\/?p=194669"},"modified":"2024-07-16T16:55:33","modified_gmt":"2024-07-16T23:55:33","slug":"en-peru-se-cae-un-camion-al-abismo-al-menos-21-personas-muertas","status":"publish","type":"post","link":"https:\/\/www.sonoraenequipo.com.mx\/en-peru-se-cae-un-camion-al-abismo-al-menos-21-personas-muertas\/","title":{"rendered":"En Per\u00fa se cae un cami\u00f3n al abismo: al menos 21 personas muertas"},"content":{"rendered":"<p><strong>PER\u00da.<\/strong> \u2014 Al menos 21 personas murieron y otras 20 resultaron heridas por la ca\u00edda de un autob\u00fas con pasajeros a un abismo, en el sur de Per\u00fa, seg\u00fan inform\u00f3 este martes 16 de julio la polic\u00eda local.<\/p>\n<p>&nbsp;<\/p>\n<p> <\/p>\n<p>El veh\u00edculo, que llevaba a m\u00e1s de 40 personas, estaba circulando en la V\u00eda Los Libertadores y se dirig\u00eda de Lima, hacia la regi\u00f3n andina de Ayacucho, cuando rod\u00f3 hacia un precipicio de unos 200 metros. <strong><em>\u00abLa informaci\u00f3n que tenemos es que habr\u00eda 21 fallecidos\u00bb<\/em> <\/strong>en el accidente, dijo a la radio RPP el coronel Jhonny Valderrama, jefe de la Divisi\u00f3n de Protecci\u00f3n de Carreteras.<\/p>\n<p>&nbsp;<\/p>\n<p>&nbsp;<\/p>\n<p>El oficial a\u00f1adi\u00f3 que veinte pasajeros m\u00e1s sufrieron lesiones y fueron <em><strong>\u00abtrasladados a hospitales de la zona\u00bb<\/strong><\/em>. El cami\u00f3n qued\u00f3 destrozado y brigadas de la polic\u00eda y bomberos trabajan ya en la recuperaci\u00f3n de los cuerpos.<\/p>\n<p>&nbsp;<\/p>\n<p>&nbsp;<\/p>\n<p>El accidente se produjo en la madrugada, y de momento las autoridades no han revelado las probables causas del siniestro.<\/p>\n<p>&nbsp;<\/p>\n<p>&nbsp;<\/p>\n<p>Cabe mencionar que esta es una problem\u00e1tica com\u00fan en Per\u00fa: entre 2021 y 2023 hubo un promedio anual de tres mil decesos en las v\u00edas peruanas, seg\u00fan el Observatorio Nacional de Seguridad Vial del Ministerio de Transportes (ONSV), que relaciona la alta accidentalidad con tres causas principales: imprudencia al volante, exceso de velocidad y embriaguez.<\/p>\n<p>&nbsp;<\/p>\n<p>&nbsp;<\/p>\n<p>A\u00fan no se determina si alguna de estas causas principales est\u00e1 relacionada con el tr\u00e1gico accidente del autob\u00fas.<\/p>\n<p>&nbsp;<\/p>\n<p>&nbsp;<\/p>\n<p>PUBLICADO EL 16 DE JULIO DE 2024 Con informaci\u00f3n de Per\u00fa informa)<\/p>\n","protected":false},"excerpt":{"rendered":"<p>PER\u00da. \u2014 Al menos 21 personas murieron y otras 20 resultaron heridas por la ca\u00edda&#8230;<\/p>\n","protected":false},"author":1,"featured_media":194683,"comment_status":"open","ping_status":"open","sticky":false,"template":"","format":"standard","meta":{"_monsterinsights_skip_tracking":false,"_monsterinsights_sitenote_active":false,"_monsterinsights_sitenote_note":"","_monsterinsights_sitenote_category":0,"footnotes":""},"categories":[3],"tags":[],"class_list":["post"],"yoast_head":" \n<title>Sonora en Equipo. En Per\u00fa se cae un cami\u00f3n al abismo: al menos 21 personas muertas MUNDO<\/title>\n<meta name=\"description\" content=\"PER\u00da. \u2014 Al menos 21 personas murieron y otras 20 resultaron heridas por la ca\u00edda de un autob\u00fas con pasajeros a un abismo, en el sur de Per\u00fa, seg\u00fan inform\u00f3 En Sonora en Equipo publicamos toda la informaci\u00f3n de Sonora, M\u00e9xico y el Mundo de manera oportuna y busca que la libertad de expresi\u00f3n sea real. Visita nuestro medio informativo publicado desde Hermosillo, Sonora. %\" \/>\n<meta name=\"robots\" content=\"index, follow, max-snippet:-1, max-image-preview:large, max-video-preview:-1\" \/>\n<link rel=\"canonical\" href=\"https:\/\/www.sonoraenequipo.com.mx\/en-peru-se-cae-un-camion-al-abismo-al-menos-21-personas-muertas\/\" \/>\n<meta property=\"og:locale\" content=\"es_ES\" \/>\n<meta property=\"og:type\" content=\"article\" \/>\n<meta property=\"og:title\" content=\"Sonora en Equipo. En Per\u00fa se cae un cami\u00f3n al abismo: al menos 21 personas muertas MUNDO\" \/>\n<meta property=\"og:description\" content=\"PER\u00da. \u2014 Al menos 21 personas murieron y otras 20 resultaron heridas por la ca\u00edda de un autob\u00fas con pasajeros a un abismo, en el sur de Per\u00fa, seg\u00fan inform\u00f3 En Sonora en Equipo publicamos toda la informaci\u00f3n de Sonora, M\u00e9xico y el Mundo de manera oportuna y busca que la libertad de expresi\u00f3n sea real. Visita nuestro medio informativo publicado desde Hermosillo, Sonora. %\" \/>\n<meta property=\"og:url\" content=\"https:\/\/www.sonoraenequipo.com.mx\/en-peru-se-cae-un-camion-al-abismo-al-menos-21-personas-muertas\/\" \/>\n<meta property=\"og:site_name\" content=\"Sonora en Equipo.\" \/>\n<meta property=\"article:publisher\" content=\"https:\/\/www.facebook.com\/SonoraEE\/\" \/>\n<meta property=\"article:author\" content=\"https:\/\/www.facebook.com\/SonoraEE\" \/>\n<meta property=\"article:published_time\" content=\"2024-07-16T15:50:38+00:00\" \/>\n<meta property=\"article:modified_time\" content=\"2024-07-16T23:55:33+00:00\" \/>\n<meta property=\"og:image\" content=\"https:\/\/www.sonoraenequipo.com.mx\/storage\/2024\/07\/cae-camion-al-avismo-min.jpg\" \/>\n\t<meta property=\"og:image:width\" content=\"900\" \/>\n\t<meta property=\"og:image:height\" content=\"510\" \/>\n\t<meta property=\"og:image:type\" content=\"image\/jpeg\" \/>\n<meta name=\"author\" content=\"enequipo\" \/>\n<meta name=\"twitter:card\" content=\"summary_large_image\" \/>\n<meta name=\"twitter:creator\" content=\"@sonoraenequipo\" \/>\n<meta name=\"twitter:site\" content=\"@sonoraenequipo\" \/>\n<meta name=\"twitter:label1\" content=\"Escrito por\" \/>\n\t<meta name=\"twitter:data1\" content=\"enequipo\" \/>\n\t<meta name=\"twitter:label2\" content=\"Tiempo de lectura\" \/>\n\t<meta name=\"twitter:data2\" content=\"1 minuto\" \/>\n<script type=\"application\/ld+json\" class=\"yoast-schema-graph\">{\"@context\":\"https:\/\/schema.org\",\"@graph\":[{\"@type\":\"Article\",\"@id\":\"https:\/\/www.sonoraenequipo.com.mx\/en-peru-se-cae-un-camion-al-abismo-al-menos-21-personas-muertas\/#article\",\"isPartOf\":{\"@id\":\"https:\/\/www.sonoraenequipo.com.mx\/en-peru-se-cae-un-camion-al-abismo-al-menos-21-personas-muertas\/\"},\"author\":{\"name\":\"enequipo\",\"@id\":\"https:\/\/www.sonoraenequipo.com.mx\/#\/schema\/person\/50102df0fb23a8fa9e8effad8fa81386\"},\"headline\":\"En Per\u00fa se cae un cami\u00f3n al abismo: al menos 21 personas muertas\",\"datePublished\":\"2024-07-16T15:50:38+00:00\",\"dateModified\":\"2024-07-16T23:55:33+00:00\",\"mainEntityOfPage\":{\"@id\":\"https:\/\/www.sonoraenequipo.com.mx\/en-peru-se-cae-un-camion-al-abismo-al-menos-21-personas-muertas\/\"},\"wordCount\":283,\"commentCount\":0,\"publisher\":{\"@id\":\"https:\/\/www.sonoraenequipo.com.mx\/#organization\"},\"image\":{\"@id\":\"https:\/\/www.sonoraenequipo.com.mx\/en-peru-se-cae-un-camion-al-abismo-al-menos-21-personas-muertas\/#primaryimage\"},\"thumbnailUrl\":\"https:\/\/www.sonoraenequipo.com.mx\/storage\/2024\/07\/cae-camion-al-avismo-min.jpg\",\"articleSection\":[\"MUNDO\"],\"inLanguage\":\"es\",\"potentialAction\":[{\"@type\":\"CommentAction\",\"name\":\"Comment\",\"target\":[\"https:\/\/www.sonoraenequipo.com.mx\/en-peru-se-cae-un-camion-al-abismo-al-menos-21-personas-muertas\/#respond\"]}]},{\"@type\":\"WebPage\",\"@id\":\"https:\/\/www.sonoraenequipo.com.mx\/en-peru-se-cae-un-camion-al-abismo-al-menos-21-personas-muertas\/\",\"url\":\"https:\/\/www.sonoraenequipo.com.mx\/en-peru-se-cae-un-camion-al-abismo-al-menos-21-personas-muertas\/\",\"name\":\"Sonora en Equipo. En Per\u00fa se cae un cami\u00f3n al abismo: al menos 21 personas muertas MUNDO\",\"isPartOf\":{\"@id\":\"https:\/\/www.sonoraenequipo.com.mx\/#website\"},\"primaryImageOfPage\":{\"@id\":\"https:\/\/www.sonoraenequipo.com.mx\/en-peru-se-cae-un-camion-al-abismo-al-menos-21-personas-muertas\/#primaryimage\"},\"image\":{\"@id\":\"https:\/\/www.sonoraenequipo.com.mx\/en-peru-se-cae-un-camion-al-abismo-al-menos-21-personas-muertas\/#primaryimage\"},\"thumbnailUrl\":\"https:\/\/www.sonoraenequipo.com.mx\/storage\/2024\/07\/cae-camion-al-avismo-min.jpg\",\"datePublished\":\"2024-07-16T15:50:38+00:00\",\"dateModified\":\"2024-07-16T23:55:33+00:00\",\"description\":\"PER\u00da. \u2014 Al menos 21 personas murieron y otras 20 resultaron heridas por la ca\u00edda de un autob\u00fas con pasajeros a un abismo, en el sur de Per\u00fa, seg\u00fan inform\u00f3 En Sonora en Equipo publicamos toda la informaci\u00f3n de Sonora, M\u00e9xico y el Mundo de manera oportuna y busca que la libertad de expresi\u00f3n sea real. Visita nuestro medio informativo publicado desde Hermosillo, Sonora. %\",\"breadcrumb\":{\"@id\":\"https:\/\/www.sonoraenequipo.com.mx\/en-peru-se-cae-un-camion-al-abismo-al-menos-21-personas-muertas\/#breadcrumb\"},\"inLanguage\":\"es\",\"potentialAction\":[{\"@type\":\"ReadAction\",\"target\":[\"https:\/\/www.sonoraenequipo.com.mx\/en-peru-se-cae-un-camion-al-abismo-al-menos-21-personas-muertas\/\"]}]},{\"@type\":\"ImageObject\",\"inLanguage\":\"es\",\"@id\":\"https:\/\/www.sonoraenequipo.com.mx\/en-peru-se-cae-un-camion-al-abismo-al-menos-21-personas-muertas\/#primaryimage\",\"url\":\"https:\/\/www.sonoraenequipo.com.mx\/storage\/2024\/07\/cae-camion-al-avismo-min.jpg\",\"contentUrl\":\"https:\/\/www.sonoraenequipo.com.mx\/storage\/2024\/07\/cae-camion-al-avismo-min.jpg\",\"width\":900,\"height\":510},{\"@type\":\"BreadcrumbList\",\"@id\":\"https:\/\/www.sonoraenequipo.com.mx\/en-peru-se-cae-un-camion-al-abismo-al-menos-21-personas-muertas\/#breadcrumb\",\"itemListElement\":[{\"@type\":\"ListItem\",\"position\":1,\"name\":\"Portada\",\"item\":\"https:\/\/www.sonoraenequipo.com.mx\/\"},{\"@type\":\"ListItem\",\"position\":2,\"name\":\"En Per\u00fa se cae un cami\u00f3n al abismo: al menos 21 personas muertas\"}]},{\"@type\":\"WebSite\",\"@id\":\"https:\/\/www.sonoraenequipo.com.mx\/#website\",\"url\":\"https:\/\/www.sonoraenequipo.com.mx\/\",\"name\":\"Sonora en Equipo.\",\"description\":\"Diario en l\u00ednea con Noticias desde Hermosillo, Sonora\",\"publisher\":{\"@id\":\"https:\/\/www.sonoraenequipo.com.mx\/#organization\"},\"potentialAction\":[{\"@type\":\"SearchAction\",\"target\":{\"@type\":\"EntryPoint\",\"urlTemplate\":\"https:\/\/www.sonoraenequipo.com.mx\/?s={search_term_string}\"},\"query-input\":{\"@type\":\"PropertyValueSpecification\",\"valueRequired\":true,\"valueName\":\"search_term_string\"}}],\"inLanguage\":\"es\"},{\"@type\":\"Organization\",\"@id\":\"https:\/\/www.sonoraenequipo.com.mx\/#organization\",\"name\":\"Sonoraenequipo.com.mx\",\"url\":\"https:\/\/www.sonoraenequipo.com.mx\/\",\"logo\":{\"@type\":\"ImageObject\",\"inLanguage\":\"es\",\"@id\":\"https:\/\/www.sonoraenequipo.com.mx\/#\/schema\/logo\/image\/\",\"url\":\"https:\/\/www.sonoraenequipo.com.mx\/storage\/2019\/01\/sonoraenequipo_opt.png\",\"contentUrl\":\"https:\/\/www.sonoraenequipo.com.mx\/storage\/2019\/01\/sonoraenequipo_opt.png\",\"width\":375,\"height\":125,\"caption\":\"Sonoraenequipo.com.mx\"},\"image\":{\"@id\":\"https:\/\/www.sonoraenequipo.com.mx\/#\/schema\/logo\/image\/\"},\"sameAs\":[\"https:\/\/www.facebook.com\/SonoraEE\/\",\"https:\/\/x.com\/sonoraenequipo\",\"https:\/\/www.youtube.com\/channel\/UC338nW-lPEYmJQs4ZABQ1SQ\"]},{\"@type\":\"Person\",\"@id\":\"https:\/\/www.sonoraenequipo.com.mx\/#\/schema\/person\/50102df0fb23a8fa9e8effad8fa81386\",\"name\":\"enequipo\",\"image\":{\"@type\":\"ImageObject\",\"inLanguage\":\"es\",\"@id\":\"https:\/\/www.sonoraenequipo.com.mx\/#\/schema\/person\/image\/\",\"url\":\"https:\/\/secure.gravatar.com\/avatar\/049821681b589dabc0bc20695993ccebb09f5b5d4d790cd9251b97faac7c652b?s=96&d=blank&r=g\",\"contentUrl\":\"https:\/\/secure.gravatar.com\/avatar\/049821681b589dabc0bc20695993ccebb09f5b5d4d790cd9251b97faac7c652b?s=96&d=blank&r=g\",\"caption\":\"enequipo\"},\"sameAs\":[\"https:\/\/www.facebook.com\/SonoraEE\"]}]}<\/script>\n ","yoast_head_json":{"title":"Sonora en Equipo. En Per\u00fa se cae un cami\u00f3n al abismo: al menos 21 personas muertas MUNDO","description":"PER\u00da. \u2014 Al menos 21 personas murieron y otras 20 resultaron heridas por la ca\u00edda de un autob\u00fas con pasajeros a un abismo, en el sur de Per\u00fa, seg\u00fan inform\u00f3 En Sonora en Equipo publicamos toda la informaci\u00f3n de Sonora, M\u00e9xico y el Mundo de manera oportuna y busca que la libertad de expresi\u00f3n sea real. Visita nuestro medio informativo publicado desde Hermosillo, Sonora. %","robots":{"index":"index","follow":"follow","max-snippet":"max-snippet:-1","max-image-preview":"max-image-preview:large","max-video-preview":"max-video-preview:-1"},"canonical":"https:\/\/www.sonoraenequipo.com.mx\/en-peru-se-cae-un-camion-al-abismo-al-menos-21-personas-muertas\/","og_locale":"es_ES","og_type":"article","og_title":"Sonora en Equipo. En Per\u00fa se cae un cami\u00f3n al abismo: al menos 21 personas muertas MUNDO","og_description":"PER\u00da. \u2014 Al menos 21 personas murieron y otras 20 resultaron heridas por la ca\u00edda de un autob\u00fas con pasajeros a un abismo, en el sur de Per\u00fa, seg\u00fan inform\u00f3 En Sonora en Equipo publicamos toda la informaci\u00f3n de Sonora, M\u00e9xico y el Mundo de manera oportuna y busca que la libertad de expresi\u00f3n sea real. Visita nuestro medio informativo publicado desde Hermosillo, Sonora. %","og_url":"https:\/\/www.sonoraenequipo.com.mx\/en-peru-se-cae-un-camion-al-abismo-al-menos-21-personas-muertas\/","og_site_name":"Sonora en Equipo.","article_publisher":"https:\/\/www.facebook.com\/SonoraEE\/","article_author":"https:\/\/www.facebook.com\/SonoraEE","article_published_time":"2024-07-16T15:50:38+00:00","article_modified_time":"2024-07-16T23:55:33+00:00","og_image":[{"width":900,"height":510,"url":"https:\/\/www.sonoraenequipo.com.mx\/storage\/2024\/07\/cae-camion-al-avismo-min.jpg","type":"image\/jpeg"}],"author":"enequipo","twitter_card":"summary_large_image","twitter_creator":"@sonoraenequipo","twitter_site":"@sonoraenequipo","twitter_misc":{"Escrito por":"enequipo","Tiempo de lectura":"1 minuto"},"schema":{"@context":"https:\/\/schema.org","@graph":[{"@type":"Article","@id":"https:\/\/www.sonoraenequipo.com.mx\/en-peru-se-cae-un-camion-al-abismo-al-menos-21-personas-muertas\/#article","isPartOf":{"@id":"https:\/\/www.sonoraenequipo.com.mx\/en-peru-se-cae-un-camion-al-abismo-al-menos-21-personas-muertas\/"},"author":{"name":"enequipo","@id":"https:\/\/www.sonoraenequipo.com.mx\/#\/schema\/person\/50102df0fb23a8fa9e8effad8fa81386"},"headline":"En Per\u00fa se cae un cami\u00f3n al abismo: al menos 21 personas muertas","datePublished":"2024-07-16T15:50:38+00:00","dateModified":"2024-07-16T23:55:33+00:00","mainEntityOfPage":{"@id":"https:\/\/www.sonoraenequipo.com.mx\/en-peru-se-cae-un-camion-al-abismo-al-menos-21-personas-muertas\/"},"wordCount":283,"commentCount":0,"publisher":{"@id":"https:\/\/www.sonoraenequipo.com.mx\/#organization"},"image":{"@id":"https:\/\/www.sonoraenequipo.com.mx\/en-peru-se-cae-un-camion-al-abismo-al-menos-21-personas-muertas\/#primaryimage"},"thumbnailUrl":"https:\/\/www.sonoraenequipo.com.mx\/storage\/2024\/07\/cae-camion-al-avismo-min.jpg","articleSection":["MUNDO"],"inLanguage":"es","potentialAction":[{"@type":"CommentAction","name":"Comment","target":["https:\/\/www.sonoraenequipo.com.mx\/en-peru-se-cae-un-camion-al-abismo-al-menos-21-personas-muertas\/#respond"]}]},{"@type":"WebPage","@id":"https:\/\/www.sonoraenequipo.com.mx\/en-peru-se-cae-un-camion-al-abismo-al-menos-21-personas-muertas\/","url":"https:\/\/www.sonoraenequipo.com.mx\/en-peru-se-cae-un-camion-al-abismo-al-menos-21-personas-muertas\/","name":"Sonora en Equipo. En Per\u00fa se cae un cami\u00f3n al abismo: al menos 21 personas muertas MUNDO","isPartOf":{"@id":"https:\/\/www.sonoraenequipo.com.mx\/#website"},"primaryImageOfPage":{"@id":"https:\/\/www.sonoraenequipo.com.mx\/en-peru-se-cae-un-camion-al-abismo-al-menos-21-personas-muertas\/#primaryimage"},"image":{"@id":"https:\/\/www.sonoraenequipo.com.mx\/en-peru-se-cae-un-camion-al-abismo-al-menos-21-personas-muertas\/#primaryimage"},"thumbnailUrl":"https:\/\/www.sonoraenequipo.com.mx\/storage\/2024\/07\/cae-camion-al-avismo-min.jpg","datePublished":"2024-07-16T15:50:38+00:00","dateModified":"2024-07-16T23:55:33+00:00","description":"PER\u00da. \u2014 Al menos 21 personas murieron y otras 20 resultaron heridas por la ca\u00edda de un autob\u00fas con pasajeros a un abismo, en el sur de Per\u00fa, seg\u00fan inform\u00f3 En Sonora en Equipo publicamos toda la informaci\u00f3n de Sonora, M\u00e9xico y el Mundo de manera oportuna y busca que la libertad de expresi\u00f3n sea real. Visita nuestro medio informativo publicado desde Hermosillo, Sonora. %","breadcrumb":{"@id":"https:\/\/www.sonoraenequipo.com.mx\/en-peru-se-cae-un-camion-al-abismo-al-menos-21-personas-muertas\/#breadcrumb"},"inLanguage":"es","potentialAction":[{"@type":"ReadAction","target":["https:\/\/www.sonoraenequipo.com.mx\/en-peru-se-cae-un-camion-al-abismo-al-menos-21-personas-muertas\/"]}]},{"@type":"ImageObject","inLanguage":"es","@id":"https:\/\/www.sonoraenequipo.com.mx\/en-peru-se-cae-un-camion-al-abismo-al-menos-21-personas-muertas\/#primaryimage","url":"https:\/\/www.sonoraenequipo.com.mx\/storage\/2024\/07\/cae-camion-al-avismo-min.jpg","contentUrl":"https:\/\/www.sonoraenequipo.com.mx\/storage\/2024\/07\/cae-camion-al-avismo-min.jpg","width":900,"height":510},{"@type":"BreadcrumbList","@id":"https:\/\/www.sonoraenequipo.com.mx\/en-peru-se-cae-un-camion-al-abismo-al-menos-21-personas-muertas\/#breadcrumb","itemListElement":[{"@type":"ListItem","position":1,"name":"Portada","item":"https:\/\/www.sonoraenequipo.com.mx\/"},{"@type":"ListItem","position":2,"name":"En Per\u00fa se cae un cami\u00f3n al abismo: al menos 21 personas muertas"}]},{"@type":"WebSite","@id":"https:\/\/www.sonoraenequipo.com.mx\/#website","url":"https:\/\/www.sonoraenequipo.com.mx\/","name":"Sonora en Equipo.","description":"Diario en l\u00ednea con Noticias desde Hermosillo, Sonora","publisher":{"@id":"https:\/\/www.sonoraenequipo.com.mx\/#organization"},"potentialAction":[{"@type":"SearchAction","target":{"@type":"EntryPoint","urlTemplate":"https:\/\/www.sonoraenequipo.com.mx\/?s={search_term_string}"},"query-input":{"@type":"PropertyValueSpecification","valueRequired":true,"valueName":"search_term_string"}}],"inLanguage":"es"},{"@type":"Organization","@id":"https:\/\/www.sonoraenequipo.com.mx\/#organization","name":"Sonoraenequipo.com.mx","url":"https:\/\/www.sonoraenequipo.com.mx\/","logo":{"@type":"ImageObject","inLanguage":"es","@id":"https:\/\/www.sonoraenequipo.com.mx\/#\/schema\/logo\/image\/","url":"https:\/\/www.sonoraenequipo.com.mx\/storage\/2019\/01\/sonoraenequipo_opt.png","contentUrl":"https:\/\/www.sonoraenequipo.com.mx\/storage\/2019\/01\/sonoraenequipo_opt.png","width":375,"height":125,"caption":"Sonoraenequipo.com.mx"},"image":{"@id":"https:\/\/www.sonoraenequipo.com.mx\/#\/schema\/logo\/image\/"},"sameAs":["https:\/\/www.facebook.com\/SonoraEE\/","https:\/\/x.com\/sonoraenequipo","https:\/\/www.youtube.com\/channel\/UC338nW-lPEYmJQs4ZABQ1SQ"]},{"@type":"Person","@id":"https:\/\/www.sonoraenequipo.com.mx\/#\/schema\/person\/50102df0fb23a8fa9e8effad8fa81386","name":"enequipo","image":{"@type":"ImageObject","inLanguage":"es","@id":"https:\/\/www.sonoraenequipo.com.mx\/#\/schema\/person\/image\/","url":"https:\/\/secure.gravatar.com\/avatar\/049821681b589dabc0bc20695993ccebb09f5b5d4d790cd9251b97faac7c652b?s=96&d=blank&r=g","contentUrl":"https:\/\/secure.gravatar.com\/avatar\/049821681b589dabc0bc20695993ccebb09f5b5d4d790cd9251b97faac7c652b?s=96&d=blank&r=g","caption":"enequipo"},"sameAs":["https:\/\/www.facebook.com\/SonoraEE"]}]}},"jetpack_featured_media_url":"https:\/\/www.sonoraenequipo.com.mx\/storage\/2024\/07\/cae-camion-al-avismo-min.jpg","_links":{"self":[{"href":"https:\/\/www.sonoraenequipo.com.mx\/api\/wp\/v2\/posts\/194669","targetHints":{"allow":["GET"]}}],"collection":[{"href":"https:\/\/www.sonoraenequipo.com.mx\/api\/wp\/v2\/posts"}],"about":[{"href":"https:\/\/www.sonoraenequipo.com.mx\/api\/wp\/v2\/types\/post"}],"author":[{"embeddable":true,"href":"https:\/\/www.sonoraenequipo.com.mx\/api\/wp\/v2\/users\/1"}],"replies":[{"embeddable":true,"href":"https:\/\/www.sonoraenequipo.com.mx\/api\/wp\/v2\/comments?post=194669"}],"version-history":[{"count":1,"href":"https:\/\/www.sonoraenequipo.com.mx\/api\/wp\/v2\/posts\/194669\/revisions"}],"predecessor-version":[{"id":194685,"href":"https:\/\/www.sonoraenequipo.com.mx\/api\/wp\/v2\/posts\/194669\/revisions\/194685"}],"wp:featuredmedia":[{"embeddable":true,"href":"https:\/\/www.sonoraenequipo.com.mx\/api\/wp\/v2\/media\/194683"}],"wp:attachment":[{"href":"https:\/\/www.sonoraenequipo.com.mx\/api\/wp\/v2\/media?parent=194669"}],"wp:term":[{"taxonomy":"category","embeddable":true,"href":"https:\/\/www.sonoraenequipo.com.mx\/api\/wp\/v2\/categories?post=194669"},{"taxonomy":"post_tag","embeddable":true,"href":"https:\/\/www.sonoraenequipo.com.mx\/api\/wp\/v2\/tags?post=194669"}],"curies":[{"name":"wp","href":"https:\/\/api.w.org\/{rel}","templated":true}]}}